{"id":12453,"date":"2021-09-13T14:21:50","date_gmt":"2021-09-13T21:21:50","guid":{"rendered":"https:\/\/fuentesfidedignas.com.mx\/?p=12453"},"modified":"2021-09-13T14:21:51","modified_gmt":"2021-09-13T21:21:51","slug":"casos-de-dengue-en-sinaloa-se-incrementan-en-los-meses-de-octubre-y-noviembre-investigador","status":"publish","type":"post","link":"https:\/\/fuentesfidedignas.com.mx\/index.php\/2021\/09\/13\/casos-de-dengue-en-sinaloa-se-incrementan-en-los-meses-de-octubre-y-noviembre-investigador\/","title":{"rendered":"Casos de dengue en Sinaloa se incrementan en los meses de octubre y noviembre: investigador"},"content":{"rendered":"\n<p><strong><em>A pesar de que se cuenta con programas integrados para el control y eventual erradicaci\u00f3n del mosquito transmisor, Sinaloa es una entidad fuertemente golpeada por el virus del dengue <\/em><\/strong><\/p>\n\n\n\n<p>Culiac\u00e1n, Sin.- Seg\u00fan datos oficiales de la Secretar\u00eda de Salud en Sinaloa, hasta la semana epidemiol\u00f3gica n\u00famero 34 que abarca del 22 al 28 de agosto del 2021, se han registrado alrededor de 48 casos confirmados de dengue y m\u00e1s de 300 casos probables, pero es en los meses de octubre y noviembre cuando se presenta la mayor incidencia, comparti\u00f3 el doctor Israel Torres Avenda\u00f1o.<\/p>\n\n\n\n<p>El investigador y profesor de la Facultad de Biolog\u00eda de la Universidad Aut\u00f3noma de Sinaloa (UAS), perteneciente al Cuerpo Acad\u00e9mico Vida Silvestre y Biolog\u00eda Molecular que encabeza el doctor Edith Hilario Torres Montoya, enfatiz\u00f3 que a\u00fan no se cuenta con medicamentos espec\u00edficos para tratar esta enfermedad y las vacunas se encuentran todav\u00eda en fase de desarrollo, por lo que la forma de prevenir es controlando las poblaciones del mosquito transmisor.<\/p>\n\n\n\n<p>\u201cEn Sinaloa se presenta un patr\u00f3n muy marcado en cuanto al periodo con mayores casos de dengue que es a principios de octubre y mediados de noviembre cuando las lluvias van de salida y se tiene una transici\u00f3n de temperaturas y otros factores abi\u00f3ticos; la recomendaci\u00f3n para evitar enfermarse de dengue es evitando embalses de agua, m\u00e9todos integrados como el control biol\u00f3gico y qu\u00edmico, as\u00ed como evitar contacto mosquito persona con el uso de ropa adecuada, camisas manga larga, pantalones y uso de repelentes\u201d, se\u00f1al\u00f3.<\/p>\n\n\n\n<p>Torres Avenda\u00f1o indic\u00f3 que a pesar de que se cuenta con programas integrados para el control y eventual erradicaci\u00f3n del mosquito transmisor, Sinaloa es una entidad fuertemente golpeada por el virus del dengue, presentando un patr\u00f3n hist\u00f3ricamente en distintas \u00e1reas end\u00e9micas dentro y fuera de M\u00e9xico.<\/p>\n\n\n\n<p>En esa lucha por bajar la incidencia de casos, el Laboratorio de Vida Silvestre al cual pertenece conjuntamente con un grupo de investigadores, se ha dado a la tarea de trabajar algunas l\u00edneas de investigaci\u00f3n relacionadas al estudio sobre la diversidad de mosquitos con importancia m\u00e9dica, ecol\u00f3gica y veterinaria, el control biol\u00f3gico de mosquitos con organismos entom\u00f3fagos, as\u00ed como aspectos de mecanismos de transmisi\u00f3n horizontal y vertical del virus del dengue en la especie Aedes Aegypti.<\/p>\n","protected":false},"excerpt":{"rendered":"<p>A pesar de que se cuenta con programas integrados para el control y eventual erradicaci\u00f3n del mosquito transmisor, Sinaloa es una entidad fuertemente golpeada por el virus del dengue Culiac\u00e1n, Sin.- Seg\u00fan datos oficiales de la Secretar\u00eda de Salud en Sinaloa, hasta la semana epidemiol\u00f3gica n\u00famero 34 que abarca del 22 al 28 de agosto [&hellip;]<\/p>\n","protected":false},"author":4,"featured_media":12454,"comment_status":"open","ping_status":"open","sticky":false,"template":"","format":"standard","meta":{"tdm_status":"","tdm_grid_status":"","footnotes":""},"categories":[38],"tags":[1011,1857,274,229,228,81,234],"class_list":{"0":"post-12453","1":"post","2":"type-post","3":"status-publish","4":"format-standard","5":"has-post-thumbnail","7":"category-noticias-locales","8":"tag-dengue","9":"tag-mosco-del-dengue","10":"tag-secretaria-de-salud","11":"tag-secretaria-de-salud-de-sinaloa","12":"tag-ssa","13":"tag-uas","14":"tag-universidad-autonoma-de-sinaloa"},"yoast_head":"<!-- This site is optimized with the Yoast SEO plugin v27.5 - https:\/\/yoast.com\/product\/yoast-seo-wordpress\/ -->\n<title>Casos de dengue en Sinaloa se incrementan en los meses de octubre y noviembre: investigador - Fuentes Fidedignas<\/title>\n<meta name=\"robots\" content=\"index, follow, max-snippet:-1, max-image-preview:large, max-video-preview:-1\" \/>\n<link rel=\"canonical\" href=\"https:\/\/fuentesfidedignas.com.mx\/index.php\/2021\/09\/13\/casos-de-dengue-en-sinaloa-se-incrementan-en-los-meses-de-octubre-y-noviembre-investigador\/\" \/>\n<meta property=\"og:locale\" content=\"es_MX\" \/>\n<meta property=\"og:type\" content=\"article\" \/>\n<meta property=\"og:title\" content=\"Casos de dengue en Sinaloa se incrementan en los meses de octubre y noviembre: investigador - Fuentes Fidedignas\" \/>\n<meta property=\"og:description\" content=\"A pesar de que se cuenta con programas integrados para el control y eventual erradicaci\u00f3n del mosquito transmisor, Sinaloa es una entidad fuertemente golpeada por el virus del dengue Culiac\u00e1n, Sin.- Seg\u00fan datos oficiales de la Secretar\u00eda de Salud en Sinaloa, hasta la semana epidemiol\u00f3gica n\u00famero 34 que abarca del 22 al 28 de agosto [&hellip;]\" \/>\n<meta property=\"og:url\" content=\"https:\/\/fuentesfidedignas.com.mx\/index.php\/2021\/09\/13\/casos-de-dengue-en-sinaloa-se-incrementan-en-los-meses-de-octubre-y-noviembre-investigador\/\" \/>\n<meta property=\"og:site_name\" content=\"Fuentes Fidedignas\" \/>\n<meta property=\"article:publisher\" content=\"https:\/\/www.facebook.com\/Fuentes-Fidedignas-368234489921644\" \/>\n<meta property=\"article:published_time\" content=\"2021-09-13T21:21:50+00:00\" \/>\n<meta property=\"article:modified_time\" content=\"2021-09-13T21:21:51+00:00\" \/>\n<meta property=\"og:image\" content=\"https:\/\/fuentesfidedignas.com.mx\/wp-content\/uploads\/2021\/09\/MOSCO_DENGUE.jpg\" \/>\n\t<meta property=\"og:image:width\" content=\"1200\" \/>\n\t<meta property=\"og:image:height\" content=\"794\" \/>\n\t<meta property=\"og:image:type\" content=\"image\/jpeg\" \/>\n<meta name=\"author\" content=\"Redacci\u00f3n\" \/>\n<meta name=\"twitter:card\" content=\"summary_large_image\" \/>\n<meta name=\"twitter:creator\" content=\"@fidedignas\" \/>\n<meta name=\"twitter:site\" content=\"@fidedignas\" \/>\n<meta name=\"twitter:label1\" content=\"Escrito por\" \/>\n\t<meta name=\"twitter:data1\" content=\"Redacci\u00f3n\" \/>\n\t<meta name=\"twitter:label2\" content=\"Tiempo de lectura\" \/>\n\t<meta name=\"twitter:data2\" content=\"2 minutos\" \/>\n<script type=\"application\/ld+json\" class=\"yoast-schema-graph\">{\"@context\":\"https:\\\/\\\/schema.org\",\"@graph\":[{\"@type\":\"Article\",\"@id\":\"https:\\\/\\\/fuentesfidedignas.com.mx\\\/index.php\\\/2021\\\/09\\\/13\\\/casos-de-dengue-en-sinaloa-se-incrementan-en-los-meses-de-octubre-y-noviembre-investigador\\\/#article\",\"isPartOf\":{\"@id\":\"https:\\\/\\\/fuentesfidedignas.com.mx\\\/index.php\\\/2021\\\/09\\\/13\\\/casos-de-dengue-en-sinaloa-se-incrementan-en-los-meses-de-octubre-y-noviembre-investigador\\\/\"},\"author\":{\"name\":\"Redacci\u00f3n\",\"@id\":\"https:\\\/\\\/fuentesfidedignas.com.mx\\\/#\\\/schema\\\/person\\\/331be9283d37198e2acd5750279085b0\"},\"headline\":\"Casos de dengue en Sinaloa se incrementan en los meses de octubre y noviembre: investigador\",\"datePublished\":\"2021-09-13T21:21:50+00:00\",\"dateModified\":\"2021-09-13T21:21:51+00:00\",\"mainEntityOfPage\":{\"@id\":\"https:\\\/\\\/fuentesfidedignas.com.mx\\\/index.php\\\/2021\\\/09\\\/13\\\/casos-de-dengue-en-sinaloa-se-incrementan-en-los-meses-de-octubre-y-noviembre-investigador\\\/\"},\"wordCount\":417,\"commentCount\":0,\"publisher\":{\"@id\":\"https:\\\/\\\/fuentesfidedignas.com.mx\\\/#organization\"},\"image\":{\"@id\":\"https:\\\/\\\/fuentesfidedignas.com.mx\\\/index.php\\\/2021\\\/09\\\/13\\\/casos-de-dengue-en-sinaloa-se-incrementan-en-los-meses-de-octubre-y-noviembre-investigador\\\/#primaryimage\"},\"thumbnailUrl\":\"https:\\\/\\\/fuentesfidedignas.com.mx\\\/wp-content\\\/uploads\\\/2021\\\/09\\\/MOSCO_DENGUE.jpg\",\"keywords\":[\"Dengue\",\"Mosco del dengue\",\"Secretar\u00eda de Salud\",\"Secretar\u00eda de Salud de Sinaloa\",\"SSA\",\"UAS\",\"Universidad Aut\u00f3noma de Sinaloa\"],\"articleSection\":[\"NOTICIAS LOCALES\"],\"inLanguage\":\"es\",\"potentialAction\":[{\"@type\":\"CommentAction\",\"name\":\"Comment\",\"target\":[\"https:\\\/\\\/fuentesfidedignas.com.mx\\\/index.php\\\/2021\\\/09\\\/13\\\/casos-de-dengue-en-sinaloa-se-incrementan-en-los-meses-de-octubre-y-noviembre-investigador\\\/#respond\"]}]},{\"@type\":\"WebPage\",\"@id\":\"https:\\\/\\\/fuentesfidedignas.com.mx\\\/index.php\\\/2021\\\/09\\\/13\\\/casos-de-dengue-en-sinaloa-se-incrementan-en-los-meses-de-octubre-y-noviembre-investigador\\\/\",\"url\":\"https:\\\/\\\/fuentesfidedignas.com.mx\\\/index.php\\\/2021\\\/09\\\/13\\\/casos-de-dengue-en-sinaloa-se-incrementan-en-los-meses-de-octubre-y-noviembre-investigador\\\/\",\"name\":\"Casos de dengue en Sinaloa se incrementan en los meses de octubre y noviembre: investigador - Fuentes Fidedignas\",\"isPartOf\":{\"@id\":\"https:\\\/\\\/fuentesfidedignas.com.mx\\\/#website\"},\"primaryImageOfPage\":{\"@id\":\"https:\\\/\\\/fuentesfidedignas.com.mx\\\/index.php\\\/2021\\\/09\\\/13\\\/casos-de-dengue-en-sinaloa-se-incrementan-en-los-meses-de-octubre-y-noviembre-investigador\\\/#primaryimage\"},\"image\":{\"@id\":\"https:\\\/\\\/fuentesfidedignas.com.mx\\\/index.php\\\/2021\\\/09\\\/13\\\/casos-de-dengue-en-sinaloa-se-incrementan-en-los-meses-de-octubre-y-noviembre-investigador\\\/#primaryimage\"},\"thumbnailUrl\":\"https:\\\/\\\/fuentesfidedignas.com.mx\\\/wp-content\\\/uploads\\\/2021\\\/09\\\/MOSCO_DENGUE.jpg\",\"datePublished\":\"2021-09-13T21:21:50+00:00\",\"dateModified\":\"2021-09-13T21:21:51+00:00\",\"breadcrumb\":{\"@id\":\"https:\\\/\\\/fuentesfidedignas.com.mx\\\/index.php\\\/2021\\\/09\\\/13\\\/casos-de-dengue-en-sinaloa-se-incrementan-en-los-meses-de-octubre-y-noviembre-investigador\\\/#breadcrumb\"},\"inLanguage\":\"es\",\"potentialAction\":[{\"@type\":\"ReadAction\",\"target\":[\"https:\\\/\\\/fuentesfidedignas.com.mx\\\/index.php\\\/2021\\\/09\\\/13\\\/casos-de-dengue-en-sinaloa-se-incrementan-en-los-meses-de-octubre-y-noviembre-investigador\\\/\"]}]},{\"@type\":\"ImageObject\",\"inLanguage\":\"es\",\"@id\":\"https:\\\/\\\/fuentesfidedignas.com.mx\\\/index.php\\\/2021\\\/09\\\/13\\\/casos-de-dengue-en-sinaloa-se-incrementan-en-los-meses-de-octubre-y-noviembre-investigador\\\/#primaryimage\",\"url\":\"https:\\\/\\\/fuentesfidedignas.com.mx\\\/wp-content\\\/uploads\\\/2021\\\/09\\\/MOSCO_DENGUE.jpg\",\"contentUrl\":\"https:\\\/\\\/fuentesfidedignas.com.mx\\\/wp-content\\\/uploads\\\/2021\\\/09\\\/MOSCO_DENGUE.jpg\",\"width\":1200,\"height\":794},{\"@type\":\"BreadcrumbList\",\"@id\":\"https:\\\/\\\/fuentesfidedignas.com.mx\\\/index.php\\\/2021\\\/09\\\/13\\\/casos-de-dengue-en-sinaloa-se-incrementan-en-los-meses-de-octubre-y-noviembre-investigador\\\/#breadcrumb\",\"itemListElement\":[{\"@type\":\"ListItem\",\"position\":1,\"name\":\"Inicio\",\"item\":\"https:\\\/\\\/fuentesfidedignas.com.mx\\\/\"},{\"@type\":\"ListItem\",\"position\":2,\"name\":\"Casos de dengue en Sinaloa se incrementan en los meses de octubre y noviembre: investigador\"}]},{\"@type\":\"WebSite\",\"@id\":\"https:\\\/\\\/fuentesfidedignas.com.mx\\\/#website\",\"url\":\"https:\\\/\\\/fuentesfidedignas.com.mx\\\/\",\"name\":\"Fuentes Fidedignas\",\"description\":\"Otro sitio realizado con WordPress\",\"publisher\":{\"@id\":\"https:\\\/\\\/fuentesfidedignas.com.mx\\\/#organization\"},\"potentialAction\":[{\"@type\":\"SearchAction\",\"target\":{\"@type\":\"EntryPoint\",\"urlTemplate\":\"https:\\\/\\\/fuentesfidedignas.com.mx\\\/?s={search_term_string}\"},\"query-input\":{\"@type\":\"PropertyValueSpecification\",\"valueRequired\":true,\"valueName\":\"search_term_string\"}}],\"inLanguage\":\"es\"},{\"@type\":\"Organization\",\"@id\":\"https:\\\/\\\/fuentesfidedignas.com.mx\\\/#organization\",\"name\":\"Fuentes Fidedignas\",\"url\":\"https:\\\/\\\/fuentesfidedignas.com.mx\\\/\",\"logo\":{\"@type\":\"ImageObject\",\"inLanguage\":\"es\",\"@id\":\"https:\\\/\\\/fuentesfidedignas.com.mx\\\/#\\\/schema\\\/logo\\\/image\\\/\",\"url\":\"https:\\\/\\\/fuentesfidedignas.com.mx\\\/wp-content\\\/uploads\\\/2021\\\/04\\\/logo-retina.png\",\"contentUrl\":\"https:\\\/\\\/fuentesfidedignas.com.mx\\\/wp-content\\\/uploads\\\/2021\\\/04\\\/logo-retina.png\",\"width\":280,\"height\":51,\"caption\":\"Fuentes Fidedignas\"},\"image\":{\"@id\":\"https:\\\/\\\/fuentesfidedignas.com.mx\\\/#\\\/schema\\\/logo\\\/image\\\/\"},\"sameAs\":[\"https:\\\/\\\/www.facebook.com\\\/Fuentes-Fidedignas-368234489921644\",\"https:\\\/\\\/x.com\\\/fidedignas\"]},{\"@type\":\"Person\",\"@id\":\"https:\\\/\\\/fuentesfidedignas.com.mx\\\/#\\\/schema\\\/person\\\/331be9283d37198e2acd5750279085b0\",\"name\":\"Redacci\u00f3n\",\"image\":{\"@type\":\"ImageObject\",\"inLanguage\":\"es\",\"@id\":\"https:\\\/\\\/secure.gravatar.com\\\/avatar\\\/f6d8782c11d12b2d4ad3fbb6931aeab5309937a4d6cd2fc9cfaa28a6396a5aec?s=96&d=mm&r=g\",\"url\":\"https:\\\/\\\/secure.gravatar.com\\\/avatar\\\/f6d8782c11d12b2d4ad3fbb6931aeab5309937a4d6cd2fc9cfaa28a6396a5aec?s=96&d=mm&r=g\",\"contentUrl\":\"https:\\\/\\\/secure.gravatar.com\\\/avatar\\\/f6d8782c11d12b2d4ad3fbb6931aeab5309937a4d6cd2fc9cfaa28a6396a5aec?s=96&d=mm&r=g\",\"caption\":\"Redacci\u00f3n\"},\"url\":\"https:\\\/\\\/fuentesfidedignas.com.mx\\\/index.php\\\/author\\\/redaccion\\\/\"}]}<\/script>\n<!-- \/ Yoast SEO plugin. -->","yoast_head_json":{"title":"Casos de dengue en Sinaloa se incrementan en los meses de octubre y noviembre: investigador - Fuentes Fidedignas","robots":{"index":"index","follow":"follow","max-snippet":"max-snippet:-1","max-image-preview":"max-image-preview:large","max-video-preview":"max-video-preview:-1"},"canonical":"https:\/\/fuentesfidedignas.com.mx\/index.php\/2021\/09\/13\/casos-de-dengue-en-sinaloa-se-incrementan-en-los-meses-de-octubre-y-noviembre-investigador\/","og_locale":"es_MX","og_type":"article","og_title":"Casos de dengue en Sinaloa se incrementan en los meses de octubre y noviembre: investigador - Fuentes Fidedignas","og_description":"A pesar de que se cuenta con programas integrados para el control y eventual erradicaci\u00f3n del mosquito transmisor, Sinaloa es una entidad fuertemente golpeada por el virus del dengue Culiac\u00e1n, Sin.- Seg\u00fan datos oficiales de la Secretar\u00eda de Salud en Sinaloa, hasta la semana epidemiol\u00f3gica n\u00famero 34 que abarca del 22 al 28 de agosto [&hellip;]","og_url":"https:\/\/fuentesfidedignas.com.mx\/index.php\/2021\/09\/13\/casos-de-dengue-en-sinaloa-se-incrementan-en-los-meses-de-octubre-y-noviembre-investigador\/","og_site_name":"Fuentes Fidedignas","article_publisher":"https:\/\/www.facebook.com\/Fuentes-Fidedignas-368234489921644","article_published_time":"2021-09-13T21:21:50+00:00","article_modified_time":"2021-09-13T21:21:51+00:00","og_image":[{"width":1200,"height":794,"url":"https:\/\/fuentesfidedignas.com.mx\/wp-content\/uploads\/2021\/09\/MOSCO_DENGUE.jpg","type":"image\/jpeg"}],"author":"Redacci\u00f3n","twitter_card":"summary_large_image","twitter_creator":"@fidedignas","twitter_site":"@fidedignas","twitter_misc":{"Escrito por":"Redacci\u00f3n","Tiempo de lectura":"2 minutos"},"schema":{"@context":"https:\/\/schema.org","@graph":[{"@type":"Article","@id":"https:\/\/fuentesfidedignas.com.mx\/index.php\/2021\/09\/13\/casos-de-dengue-en-sinaloa-se-incrementan-en-los-meses-de-octubre-y-noviembre-investigador\/#article","isPartOf":{"@id":"https:\/\/fuentesfidedignas.com.mx\/index.php\/2021\/09\/13\/casos-de-dengue-en-sinaloa-se-incrementan-en-los-meses-de-octubre-y-noviembre-investigador\/"},"author":{"name":"Redacci\u00f3n","@id":"https:\/\/fuentesfidedignas.com.mx\/#\/schema\/person\/331be9283d37198e2acd5750279085b0"},"headline":"Casos de dengue en Sinaloa se incrementan en los meses de octubre y noviembre: investigador","datePublished":"2021-09-13T21:21:50+00:00","dateModified":"2021-09-13T21:21:51+00:00","mainEntityOfPage":{"@id":"https:\/\/fuentesfidedignas.com.mx\/index.php\/2021\/09\/13\/casos-de-dengue-en-sinaloa-se-incrementan-en-los-meses-de-octubre-y-noviembre-investigador\/"},"wordCount":417,"commentCount":0,"publisher":{"@id":"https:\/\/fuentesfidedignas.com.mx\/#organization"},"image":{"@id":"https:\/\/fuentesfidedignas.com.mx\/index.php\/2021\/09\/13\/casos-de-dengue-en-sinaloa-se-incrementan-en-los-meses-de-octubre-y-noviembre-investigador\/#primaryimage"},"thumbnailUrl":"https:\/\/fuentesfidedignas.com.mx\/wp-content\/uploads\/2021\/09\/MOSCO_DENGUE.jpg","keywords":["Dengue","Mosco del dengue","Secretar\u00eda de Salud","Secretar\u00eda de Salud de Sinaloa","SSA","UAS","Universidad Aut\u00f3noma de Sinaloa"],"articleSection":["NOTICIAS LOCALES"],"inLanguage":"es","potentialAction":[{"@type":"CommentAction","name":"Comment","target":["https:\/\/fuentesfidedignas.com.mx\/index.php\/2021\/09\/13\/casos-de-dengue-en-sinaloa-se-incrementan-en-los-meses-de-octubre-y-noviembre-investigador\/#respond"]}]},{"@type":"WebPage","@id":"https:\/\/fuentesfidedignas.com.mx\/index.php\/2021\/09\/13\/casos-de-dengue-en-sinaloa-se-incrementan-en-los-meses-de-octubre-y-noviembre-investigador\/","url":"https:\/\/fuentesfidedignas.com.mx\/index.php\/2021\/09\/13\/casos-de-dengue-en-sinaloa-se-incrementan-en-los-meses-de-octubre-y-noviembre-investigador\/","name":"Casos de dengue en Sinaloa se incrementan en los meses de octubre y noviembre: investigador - Fuentes Fidedignas","isPartOf":{"@id":"https:\/\/fuentesfidedignas.com.mx\/#website"},"primaryImageOfPage":{"@id":"https:\/\/fuentesfidedignas.com.mx\/index.php\/2021\/09\/13\/casos-de-dengue-en-sinaloa-se-incrementan-en-los-meses-de-octubre-y-noviembre-investigador\/#primaryimage"},"image":{"@id":"https:\/\/fuentesfidedignas.com.mx\/index.php\/2021\/09\/13\/casos-de-dengue-en-sinaloa-se-incrementan-en-los-meses-de-octubre-y-noviembre-investigador\/#primaryimage"},"thumbnailUrl":"https:\/\/fuentesfidedignas.com.mx\/wp-content\/uploads\/2021\/09\/MOSCO_DENGUE.jpg","datePublished":"2021-09-13T21:21:50+00:00","dateModified":"2021-09-13T21:21:51+00:00","breadcrumb":{"@id":"https:\/\/fuentesfidedignas.com.mx\/index.php\/2021\/09\/13\/casos-de-dengue-en-sinaloa-se-incrementan-en-los-meses-de-octubre-y-noviembre-investigador\/#breadcrumb"},"inLanguage":"es","potentialAction":[{"@type":"ReadAction","target":["https:\/\/fuentesfidedignas.com.mx\/index.php\/2021\/09\/13\/casos-de-dengue-en-sinaloa-se-incrementan-en-los-meses-de-octubre-y-noviembre-investigador\/"]}]},{"@type":"ImageObject","inLanguage":"es","@id":"https:\/\/fuentesfidedignas.com.mx\/index.php\/2021\/09\/13\/casos-de-dengue-en-sinaloa-se-incrementan-en-los-meses-de-octubre-y-noviembre-investigador\/#primaryimage","url":"https:\/\/fuentesfidedignas.com.mx\/wp-content\/uploads\/2021\/09\/MOSCO_DENGUE.jpg","contentUrl":"https:\/\/fuentesfidedignas.com.mx\/wp-content\/uploads\/2021\/09\/MOSCO_DENGUE.jpg","width":1200,"height":794},{"@type":"BreadcrumbList","@id":"https:\/\/fuentesfidedignas.com.mx\/index.php\/2021\/09\/13\/casos-de-dengue-en-sinaloa-se-incrementan-en-los-meses-de-octubre-y-noviembre-investigador\/#breadcrumb","itemListElement":[{"@type":"ListItem","position":1,"name":"Inicio","item":"https:\/\/fuentesfidedignas.com.mx\/"},{"@type":"ListItem","position":2,"name":"Casos de dengue en Sinaloa se incrementan en los meses de octubre y noviembre: investigador"}]},{"@type":"WebSite","@id":"https:\/\/fuentesfidedignas.com.mx\/#website","url":"https:\/\/fuentesfidedignas.com.mx\/","name":"Fuentes Fidedignas","description":"Otro sitio realizado con WordPress","publisher":{"@id":"https:\/\/fuentesfidedignas.com.mx\/#organization"},"potentialAction":[{"@type":"SearchAction","target":{"@type":"EntryPoint","urlTemplate":"https:\/\/fuentesfidedignas.com.mx\/?s={search_term_string}"},"query-input":{"@type":"PropertyValueSpecification","valueRequired":true,"valueName":"search_term_string"}}],"inLanguage":"es"},{"@type":"Organization","@id":"https:\/\/fuentesfidedignas.com.mx\/#organization","name":"Fuentes Fidedignas","url":"https:\/\/fuentesfidedignas.com.mx\/","logo":{"@type":"ImageObject","inLanguage":"es","@id":"https:\/\/fuentesfidedignas.com.mx\/#\/schema\/logo\/image\/","url":"https:\/\/fuentesfidedignas.com.mx\/wp-content\/uploads\/2021\/04\/logo-retina.png","contentUrl":"https:\/\/fuentesfidedignas.com.mx\/wp-content\/uploads\/2021\/04\/logo-retina.png","width":280,"height":51,"caption":"Fuentes Fidedignas"},"image":{"@id":"https:\/\/fuentesfidedignas.com.mx\/#\/schema\/logo\/image\/"},"sameAs":["https:\/\/www.facebook.com\/Fuentes-Fidedignas-368234489921644","https:\/\/x.com\/fidedignas"]},{"@type":"Person","@id":"https:\/\/fuentesfidedignas.com.mx\/#\/schema\/person\/331be9283d37198e2acd5750279085b0","name":"Redacci\u00f3n","image":{"@type":"ImageObject","inLanguage":"es","@id":"https:\/\/secure.gravatar.com\/avatar\/f6d8782c11d12b2d4ad3fbb6931aeab5309937a4d6cd2fc9cfaa28a6396a5aec?s=96&d=mm&r=g","url":"https:\/\/secure.gravatar.com\/avatar\/f6d8782c11d12b2d4ad3fbb6931aeab5309937a4d6cd2fc9cfaa28a6396a5aec?s=96&d=mm&r=g","contentUrl":"https:\/\/secure.gravatar.com\/avatar\/f6d8782c11d12b2d4ad3fbb6931aeab5309937a4d6cd2fc9cfaa28a6396a5aec?s=96&d=mm&r=g","caption":"Redacci\u00f3n"},"url":"https:\/\/fuentesfidedignas.com.mx\/index.php\/author\/redaccion\/"}]}},"_links":{"self":[{"href":"https:\/\/fuentesfidedignas.com.mx\/index.php\/wp-json\/wp\/v2\/posts\/12453","targetHints":{"allow":["GET"]}}],"collection":[{"href":"https:\/\/fuentesfidedignas.com.mx\/index.php\/wp-json\/wp\/v2\/posts"}],"about":[{"href":"https:\/\/fuentesfidedignas.com.mx\/index.php\/wp-json\/wp\/v2\/types\/post"}],"author":[{"embeddable":true,"href":"https:\/\/fuentesfidedignas.com.mx\/index.php\/wp-json\/wp\/v2\/users\/4"}],"replies":[{"embeddable":true,"href":"https:\/\/fuentesfidedignas.com.mx\/index.php\/wp-json\/wp\/v2\/comments?post=12453"}],"version-history":[{"count":1,"href":"https:\/\/fuentesfidedignas.com.mx\/index.php\/wp-json\/wp\/v2\/posts\/12453\/revisions"}],"predecessor-version":[{"id":12455,"href":"https:\/\/fuentesfidedignas.com.mx\/index.php\/wp-json\/wp\/v2\/posts\/12453\/revisions\/12455"}],"wp:featuredmedia":[{"embeddable":true,"href":"https:\/\/fuentesfidedignas.com.mx\/index.php\/wp-json\/wp\/v2\/media\/12454"}],"wp:attachment":[{"href":"https:\/\/fuentesfidedignas.com.mx\/index.php\/wp-json\/wp\/v2\/media?parent=12453"}],"wp:term":[{"taxonomy":"category","embeddable":true,"href":"https:\/\/fuentesfidedignas.com.mx\/index.php\/wp-json\/wp\/v2\/categories?post=12453"},{"taxonomy":"post_tag","embeddable":true,"href":"https:\/\/fuentesfidedignas.com.mx\/index.php\/wp-json\/wp\/v2\/tags?post=12453"}],"curies":[{"name":"wp","href":"https:\/\/api.w.org\/{rel}","templated":true}]}}