{"id":1245,"date":"2021-05-06T12:17:12","date_gmt":"2021-05-06T19:17:12","guid":{"rendered":"https:\/\/fuentesfidedignas.com.mx\/?p=1245"},"modified":"2021-05-06T12:17:14","modified_gmt":"2021-05-06T19:17:14","slug":"se-compromete-sergio-torres-ante-constructores-y-empresarios-a-extinguir-precasin","status":"publish","type":"post","link":"https:\/\/fuentesfidedignas.com.mx\/index.php\/2021\/05\/06\/se-compromete-sergio-torres-ante-constructores-y-empresarios-a-extinguir-precasin\/","title":{"rendered":"Se compromete Sergio Torres ante constructores y empresarios  a extinguir PRECASIN"},"content":{"rendered":"\n<p><strong><em>La industria de la construcci\u00f3n representa el 9 por ciento del PIB estatal, muy cercano al 12 por ciento que aportan las actividades primarias<\/em><\/strong><\/p>\n\n\n\n<p>Ahome, Sin.- Ante miembros de la CMIC Ahome, Sergio Torres, anunci\u00f3 que durante el gobierno estatal que encabezar\u00e1 a partir de noviembre pr\u00f3ximo, desaparecer\u00e1 la Precasin (preesforzados, concretos y agregados de Sinaloa) por ser competencia desleal a los constructores, y resulta il\u00f3gico que el gobierno sea competidor y no apoyador de los empresarios sinaloenses.<\/p>\n\n\n\n<p><br>El candidato de Movimiento Ciudadano al gobierno de Sinalaloa, se\u00f1al\u00f3 que la industria de la construcci\u00f3n representa el 9 por ciento del PIB estatal, muy cercano al 12 por ciento que aportan las actividades primarias, de ah\u00ed su gran importancia para la econom\u00eda del estado y el bienestar de las familias sinaloenses.<br><\/p>\n\n\n\n<p>Dijo a los constructores, encabezados por su presidente, Fernando Valenzuela Garc\u00eda, que en su gobierno encontrar\u00e1n a un facilitador de sus tareas, que trabajar\u00e1 de la mano con las c\u00e1maras que agrupan a ciudadanos emprendedores, y que ni el gobierno, ni \u00e9l, ni su familia ni amigos, ser\u00e1n competencia para los constructores organizados, \u201chabr\u00e1 piso parejo para todos, y se dar\u00e1 prioridad a las empresas locales en la adjudicaci\u00f3n de la obra p\u00fablica\u201d.<br><\/p>\n\n\n\n<p>Lament\u00f3 el candidato que el gobierno federal de morena haya reducido la inversi\u00f3n p\u00fablica de un 6 a un 2.8 por ciento del PIB, y puso a disposici\u00f3n de los agremiados su hoja de servicio, en especial la tarea que realiz\u00f3 como presidente municipal de Culiac\u00e1n, donde la obra p\u00fablica se otorg\u00f3 de manera transparente y sin privilegio alguno.<br><\/p>\n\n\n\n<p>Habl\u00f3 tambi\u00e9n Sergio Torres de la necesidad de actualizar la Ley de Obras P\u00fablicas, para incluir los conceptos de sustentabilidad y modernizaci\u00f3n, para que toda obra garantice el cuidado del medio ambiente para responder a las necesidades de las generaciones actuales y del futuro.<br><\/p>\n\n\n\n<p>Como ciudadanos, dijo a constructores, s\u00e9 que les preocupa la inseguridad que vive Ahome, por el alza de homicidios, robo a casa habitaci\u00f3n, a comercios y de veh\u00edculos, la extorci\u00f3n e incluso el incremento de la violencia familiar, tambi\u00e9n dijo, nuestro paso por el ayuntamiento de Culiac\u00e1n arroj\u00f3 buenos resultados, bajamos los \u00edndices de delitos y lo pueden ustedes constatar.<br><\/p>\n\n\n\n<p>Finalmente expres\u00f3 que sabe que la tarea que hay por delante es compleja, pero que cuenta con la experiencia y capacidad para hacerle frente, \u201cno me tiemblan las corvas para entrarle a los asuntos dif\u00edciles.\u201d.<\/p>\n","protected":false},"excerpt":{"rendered":"<p>La industria de la construcci\u00f3n representa el 9 por ciento del PIB estatal, muy cercano al 12 por ciento que aportan las actividades primarias Ahome, Sin.- Ante miembros de la CMIC Ahome, Sergio Torres, anunci\u00f3 que durante el gobierno estatal que encabezar\u00e1 a partir de noviembre pr\u00f3ximo, desaparecer\u00e1 la Precasin (preesforzados, concretos y agregados de [&hellip;]<\/p>\n","protected":false},"author":4,"featured_media":1246,"comment_status":"open","ping_status":"open","sticky":false,"template":"","format":"standard","meta":{"tdm_status":"","tdm_grid_status":"","footnotes":""},"categories":[38],"tags":[276,186,43,224],"class_list":{"0":"post-1245","1":"post","2":"type-post","3":"status-publish","4":"format-standard","5":"has-post-thumbnail","7":"category-noticias-locales","8":"tag-elecciones-2021","9":"tag-noticiaslocales","10":"tag-politica","11":"tag-sergio-torres-felix"},"yoast_head":"<!-- This site is optimized with the Yoast SEO plugin v27.5 - https:\/\/yoast.com\/product\/yoast-seo-wordpress\/ -->\n<title>Se compromete Sergio Torres ante constructores y empresarios a extinguir PRECASIN - Fuentes Fidedignas<\/title>\n<meta name=\"robots\" content=\"index, follow, max-snippet:-1, max-image-preview:large, max-video-preview:-1\" \/>\n<link rel=\"canonical\" href=\"https:\/\/fuentesfidedignas.com.mx\/index.php\/2021\/05\/06\/se-compromete-sergio-torres-ante-constructores-y-empresarios-a-extinguir-precasin\/\" \/>\n<meta property=\"og:locale\" content=\"es_MX\" \/>\n<meta property=\"og:type\" content=\"article\" \/>\n<meta property=\"og:title\" content=\"Se compromete Sergio Torres ante constructores y empresarios a extinguir PRECASIN - Fuentes Fidedignas\" \/>\n<meta property=\"og:description\" content=\"La industria de la construcci\u00f3n representa el 9 por ciento del PIB estatal, muy cercano al 12 por ciento que aportan las actividades primarias Ahome, Sin.- Ante miembros de la CMIC Ahome, Sergio Torres, anunci\u00f3 que durante el gobierno estatal que encabezar\u00e1 a partir de noviembre pr\u00f3ximo, desaparecer\u00e1 la Precasin (preesforzados, concretos y agregados de [&hellip;]\" \/>\n<meta property=\"og:url\" content=\"https:\/\/fuentesfidedignas.com.mx\/index.php\/2021\/05\/06\/se-compromete-sergio-torres-ante-constructores-y-empresarios-a-extinguir-precasin\/\" \/>\n<meta property=\"og:site_name\" content=\"Fuentes Fidedignas\" \/>\n<meta property=\"article:publisher\" content=\"https:\/\/www.facebook.com\/Fuentes-Fidedignas-368234489921644\" \/>\n<meta property=\"article:published_time\" content=\"2021-05-06T19:17:12+00:00\" \/>\n<meta property=\"article:modified_time\" content=\"2021-05-06T19:17:14+00:00\" \/>\n<meta property=\"og:image\" content=\"https:\/\/fuentesfidedignas.com.mx\/wp-content\/uploads\/2021\/05\/torres0605.jpg\" \/>\n\t<meta property=\"og:image:width\" content=\"1280\" \/>\n\t<meta property=\"og:image:height\" content=\"853\" \/>\n\t<meta property=\"og:image:type\" content=\"image\/jpeg\" \/>\n<meta name=\"author\" content=\"Redacci\u00f3n\" \/>\n<meta name=\"twitter:card\" content=\"summary_large_image\" \/>\n<meta name=\"twitter:creator\" content=\"@fidedignas\" \/>\n<meta name=\"twitter:site\" content=\"@fidedignas\" \/>\n<meta name=\"twitter:label1\" content=\"Escrito por\" \/>\n\t<meta name=\"twitter:data1\" content=\"Redacci\u00f3n\" \/>\n\t<meta name=\"twitter:label2\" content=\"Tiempo de lectura\" \/>\n\t<meta name=\"twitter:data2\" content=\"2 minutos\" \/>\n<script type=\"application\/ld+json\" class=\"yoast-schema-graph\">{\"@context\":\"https:\\\/\\\/schema.org\",\"@graph\":[{\"@type\":\"Article\",\"@id\":\"https:\\\/\\\/fuentesfidedignas.com.mx\\\/index.php\\\/2021\\\/05\\\/06\\\/se-compromete-sergio-torres-ante-constructores-y-empresarios-a-extinguir-precasin\\\/#article\",\"isPartOf\":{\"@id\":\"https:\\\/\\\/fuentesfidedignas.com.mx\\\/index.php\\\/2021\\\/05\\\/06\\\/se-compromete-sergio-torres-ante-constructores-y-empresarios-a-extinguir-precasin\\\/\"},\"author\":{\"name\":\"Redacci\u00f3n\",\"@id\":\"https:\\\/\\\/fuentesfidedignas.com.mx\\\/#\\\/schema\\\/person\\\/331be9283d37198e2acd5750279085b0\"},\"headline\":\"Se compromete Sergio Torres ante constructores y empresarios a extinguir PRECASIN\",\"datePublished\":\"2021-05-06T19:17:12+00:00\",\"dateModified\":\"2021-05-06T19:17:14+00:00\",\"mainEntityOfPage\":{\"@id\":\"https:\\\/\\\/fuentesfidedignas.com.mx\\\/index.php\\\/2021\\\/05\\\/06\\\/se-compromete-sergio-torres-ante-constructores-y-empresarios-a-extinguir-precasin\\\/\"},\"wordCount\":433,\"commentCount\":0,\"publisher\":{\"@id\":\"https:\\\/\\\/fuentesfidedignas.com.mx\\\/#organization\"},\"image\":{\"@id\":\"https:\\\/\\\/fuentesfidedignas.com.mx\\\/index.php\\\/2021\\\/05\\\/06\\\/se-compromete-sergio-torres-ante-constructores-y-empresarios-a-extinguir-precasin\\\/#primaryimage\"},\"thumbnailUrl\":\"https:\\\/\\\/fuentesfidedignas.com.mx\\\/wp-content\\\/uploads\\\/2021\\\/05\\\/torres0605.jpg\",\"keywords\":[\"Elecciones 2021\",\"NoticiasLocales\",\"pol\u00edtica\",\"Sergio Torres F\u00e9lix\"],\"articleSection\":[\"NOTICIAS LOCALES\"],\"inLanguage\":\"es\",\"potentialAction\":[{\"@type\":\"CommentAction\",\"name\":\"Comment\",\"target\":[\"https:\\\/\\\/fuentesfidedignas.com.mx\\\/index.php\\\/2021\\\/05\\\/06\\\/se-compromete-sergio-torres-ante-constructores-y-empresarios-a-extinguir-precasin\\\/#respond\"]}]},{\"@type\":\"WebPage\",\"@id\":\"https:\\\/\\\/fuentesfidedignas.com.mx\\\/index.php\\\/2021\\\/05\\\/06\\\/se-compromete-sergio-torres-ante-constructores-y-empresarios-a-extinguir-precasin\\\/\",\"url\":\"https:\\\/\\\/fuentesfidedignas.com.mx\\\/index.php\\\/2021\\\/05\\\/06\\\/se-compromete-sergio-torres-ante-constructores-y-empresarios-a-extinguir-precasin\\\/\",\"name\":\"Se compromete Sergio Torres ante constructores y empresarios a extinguir PRECASIN - Fuentes Fidedignas\",\"isPartOf\":{\"@id\":\"https:\\\/\\\/fuentesfidedignas.com.mx\\\/#website\"},\"primaryImageOfPage\":{\"@id\":\"https:\\\/\\\/fuentesfidedignas.com.mx\\\/index.php\\\/2021\\\/05\\\/06\\\/se-compromete-sergio-torres-ante-constructores-y-empresarios-a-extinguir-precasin\\\/#primaryimage\"},\"image\":{\"@id\":\"https:\\\/\\\/fuentesfidedignas.com.mx\\\/index.php\\\/2021\\\/05\\\/06\\\/se-compromete-sergio-torres-ante-constructores-y-empresarios-a-extinguir-precasin\\\/#primaryimage\"},\"thumbnailUrl\":\"https:\\\/\\\/fuentesfidedignas.com.mx\\\/wp-content\\\/uploads\\\/2021\\\/05\\\/torres0605.jpg\",\"datePublished\":\"2021-05-06T19:17:12+00:00\",\"dateModified\":\"2021-05-06T19:17:14+00:00\",\"breadcrumb\":{\"@id\":\"https:\\\/\\\/fuentesfidedignas.com.mx\\\/index.php\\\/2021\\\/05\\\/06\\\/se-compromete-sergio-torres-ante-constructores-y-empresarios-a-extinguir-precasin\\\/#breadcrumb\"},\"inLanguage\":\"es\",\"potentialAction\":[{\"@type\":\"ReadAction\",\"target\":[\"https:\\\/\\\/fuentesfidedignas.com.mx\\\/index.php\\\/2021\\\/05\\\/06\\\/se-compromete-sergio-torres-ante-constructores-y-empresarios-a-extinguir-precasin\\\/\"]}]},{\"@type\":\"ImageObject\",\"inLanguage\":\"es\",\"@id\":\"https:\\\/\\\/fuentesfidedignas.com.mx\\\/index.php\\\/2021\\\/05\\\/06\\\/se-compromete-sergio-torres-ante-constructores-y-empresarios-a-extinguir-precasin\\\/#primaryimage\",\"url\":\"https:\\\/\\\/fuentesfidedignas.com.mx\\\/wp-content\\\/uploads\\\/2021\\\/05\\\/torres0605.jpg\",\"contentUrl\":\"https:\\\/\\\/fuentesfidedignas.com.mx\\\/wp-content\\\/uploads\\\/2021\\\/05\\\/torres0605.jpg\",\"width\":1280,\"height\":853},{\"@type\":\"BreadcrumbList\",\"@id\":\"https:\\\/\\\/fuentesfidedignas.com.mx\\\/index.php\\\/2021\\\/05\\\/06\\\/se-compromete-sergio-torres-ante-constructores-y-empresarios-a-extinguir-precasin\\\/#breadcrumb\",\"itemListElement\":[{\"@type\":\"ListItem\",\"position\":1,\"name\":\"Inicio\",\"item\":\"https:\\\/\\\/fuentesfidedignas.com.mx\\\/\"},{\"@type\":\"ListItem\",\"position\":2,\"name\":\"Se compromete Sergio Torres ante constructores y empresarios a extinguir PRECASIN\"}]},{\"@type\":\"WebSite\",\"@id\":\"https:\\\/\\\/fuentesfidedignas.com.mx\\\/#website\",\"url\":\"https:\\\/\\\/fuentesfidedignas.com.mx\\\/\",\"name\":\"Fuentes Fidedignas\",\"description\":\"Otro sitio realizado con WordPress\",\"publisher\":{\"@id\":\"https:\\\/\\\/fuentesfidedignas.com.mx\\\/#organization\"},\"potentialAction\":[{\"@type\":\"SearchAction\",\"target\":{\"@type\":\"EntryPoint\",\"urlTemplate\":\"https:\\\/\\\/fuentesfidedignas.com.mx\\\/?s={search_term_string}\"},\"query-input\":{\"@type\":\"PropertyValueSpecification\",\"valueRequired\":true,\"valueName\":\"search_term_string\"}}],\"inLanguage\":\"es\"},{\"@type\":\"Organization\",\"@id\":\"https:\\\/\\\/fuentesfidedignas.com.mx\\\/#organization\",\"name\":\"Fuentes Fidedignas\",\"url\":\"https:\\\/\\\/fuentesfidedignas.com.mx\\\/\",\"logo\":{\"@type\":\"ImageObject\",\"inLanguage\":\"es\",\"@id\":\"https:\\\/\\\/fuentesfidedignas.com.mx\\\/#\\\/schema\\\/logo\\\/image\\\/\",\"url\":\"https:\\\/\\\/fuentesfidedignas.com.mx\\\/wp-content\\\/uploads\\\/2021\\\/04\\\/logo-retina.png\",\"contentUrl\":\"https:\\\/\\\/fuentesfidedignas.com.mx\\\/wp-content\\\/uploads\\\/2021\\\/04\\\/logo-retina.png\",\"width\":280,\"height\":51,\"caption\":\"Fuentes Fidedignas\"},\"image\":{\"@id\":\"https:\\\/\\\/fuentesfidedignas.com.mx\\\/#\\\/schema\\\/logo\\\/image\\\/\"},\"sameAs\":[\"https:\\\/\\\/www.facebook.com\\\/Fuentes-Fidedignas-368234489921644\",\"https:\\\/\\\/x.com\\\/fidedignas\"]},{\"@type\":\"Person\",\"@id\":\"https:\\\/\\\/fuentesfidedignas.com.mx\\\/#\\\/schema\\\/person\\\/331be9283d37198e2acd5750279085b0\",\"name\":\"Redacci\u00f3n\",\"image\":{\"@type\":\"ImageObject\",\"inLanguage\":\"es\",\"@id\":\"https:\\\/\\\/secure.gravatar.com\\\/avatar\\\/f6d8782c11d12b2d4ad3fbb6931aeab5309937a4d6cd2fc9cfaa28a6396a5aec?s=96&d=mm&r=g\",\"url\":\"https:\\\/\\\/secure.gravatar.com\\\/avatar\\\/f6d8782c11d12b2d4ad3fbb6931aeab5309937a4d6cd2fc9cfaa28a6396a5aec?s=96&d=mm&r=g\",\"contentUrl\":\"https:\\\/\\\/secure.gravatar.com\\\/avatar\\\/f6d8782c11d12b2d4ad3fbb6931aeab5309937a4d6cd2fc9cfaa28a6396a5aec?s=96&d=mm&r=g\",\"caption\":\"Redacci\u00f3n\"},\"url\":\"https:\\\/\\\/fuentesfidedignas.com.mx\\\/index.php\\\/author\\\/redaccion\\\/\"}]}<\/script>\n<!-- \/ Yoast SEO plugin. -->","yoast_head_json":{"title":"Se compromete Sergio Torres ante constructores y empresarios a extinguir PRECASIN - Fuentes Fidedignas","robots":{"index":"index","follow":"follow","max-snippet":"max-snippet:-1","max-image-preview":"max-image-preview:large","max-video-preview":"max-video-preview:-1"},"canonical":"https:\/\/fuentesfidedignas.com.mx\/index.php\/2021\/05\/06\/se-compromete-sergio-torres-ante-constructores-y-empresarios-a-extinguir-precasin\/","og_locale":"es_MX","og_type":"article","og_title":"Se compromete Sergio Torres ante constructores y empresarios a extinguir PRECASIN - Fuentes Fidedignas","og_description":"La industria de la construcci\u00f3n representa el 9 por ciento del PIB estatal, muy cercano al 12 por ciento que aportan las actividades primarias Ahome, Sin.- Ante miembros de la CMIC Ahome, Sergio Torres, anunci\u00f3 que durante el gobierno estatal que encabezar\u00e1 a partir de noviembre pr\u00f3ximo, desaparecer\u00e1 la Precasin (preesforzados, concretos y agregados de [&hellip;]","og_url":"https:\/\/fuentesfidedignas.com.mx\/index.php\/2021\/05\/06\/se-compromete-sergio-torres-ante-constructores-y-empresarios-a-extinguir-precasin\/","og_site_name":"Fuentes Fidedignas","article_publisher":"https:\/\/www.facebook.com\/Fuentes-Fidedignas-368234489921644","article_published_time":"2021-05-06T19:17:12+00:00","article_modified_time":"2021-05-06T19:17:14+00:00","og_image":[{"width":1280,"height":853,"url":"https:\/\/fuentesfidedignas.com.mx\/wp-content\/uploads\/2021\/05\/torres0605.jpg","type":"image\/jpeg"}],"author":"Redacci\u00f3n","twitter_card":"summary_large_image","twitter_creator":"@fidedignas","twitter_site":"@fidedignas","twitter_misc":{"Escrito por":"Redacci\u00f3n","Tiempo de lectura":"2 minutos"},"schema":{"@context":"https:\/\/schema.org","@graph":[{"@type":"Article","@id":"https:\/\/fuentesfidedignas.com.mx\/index.php\/2021\/05\/06\/se-compromete-sergio-torres-ante-constructores-y-empresarios-a-extinguir-precasin\/#article","isPartOf":{"@id":"https:\/\/fuentesfidedignas.com.mx\/index.php\/2021\/05\/06\/se-compromete-sergio-torres-ante-constructores-y-empresarios-a-extinguir-precasin\/"},"author":{"name":"Redacci\u00f3n","@id":"https:\/\/fuentesfidedignas.com.mx\/#\/schema\/person\/331be9283d37198e2acd5750279085b0"},"headline":"Se compromete Sergio Torres ante constructores y empresarios a extinguir PRECASIN","datePublished":"2021-05-06T19:17:12+00:00","dateModified":"2021-05-06T19:17:14+00:00","mainEntityOfPage":{"@id":"https:\/\/fuentesfidedignas.com.mx\/index.php\/2021\/05\/06\/se-compromete-sergio-torres-ante-constructores-y-empresarios-a-extinguir-precasin\/"},"wordCount":433,"commentCount":0,"publisher":{"@id":"https:\/\/fuentesfidedignas.com.mx\/#organization"},"image":{"@id":"https:\/\/fuentesfidedignas.com.mx\/index.php\/2021\/05\/06\/se-compromete-sergio-torres-ante-constructores-y-empresarios-a-extinguir-precasin\/#primaryimage"},"thumbnailUrl":"https:\/\/fuentesfidedignas.com.mx\/wp-content\/uploads\/2021\/05\/torres0605.jpg","keywords":["Elecciones 2021","NoticiasLocales","pol\u00edtica","Sergio Torres F\u00e9lix"],"articleSection":["NOTICIAS LOCALES"],"inLanguage":"es","potentialAction":[{"@type":"CommentAction","name":"Comment","target":["https:\/\/fuentesfidedignas.com.mx\/index.php\/2021\/05\/06\/se-compromete-sergio-torres-ante-constructores-y-empresarios-a-extinguir-precasin\/#respond"]}]},{"@type":"WebPage","@id":"https:\/\/fuentesfidedignas.com.mx\/index.php\/2021\/05\/06\/se-compromete-sergio-torres-ante-constructores-y-empresarios-a-extinguir-precasin\/","url":"https:\/\/fuentesfidedignas.com.mx\/index.php\/2021\/05\/06\/se-compromete-sergio-torres-ante-constructores-y-empresarios-a-extinguir-precasin\/","name":"Se compromete Sergio Torres ante constructores y empresarios a extinguir PRECASIN - Fuentes Fidedignas","isPartOf":{"@id":"https:\/\/fuentesfidedignas.com.mx\/#website"},"primaryImageOfPage":{"@id":"https:\/\/fuentesfidedignas.com.mx\/index.php\/2021\/05\/06\/se-compromete-sergio-torres-ante-constructores-y-empresarios-a-extinguir-precasin\/#primaryimage"},"image":{"@id":"https:\/\/fuentesfidedignas.com.mx\/index.php\/2021\/05\/06\/se-compromete-sergio-torres-ante-constructores-y-empresarios-a-extinguir-precasin\/#primaryimage"},"thumbnailUrl":"https:\/\/fuentesfidedignas.com.mx\/wp-content\/uploads\/2021\/05\/torres0605.jpg","datePublished":"2021-05-06T19:17:12+00:00","dateModified":"2021-05-06T19:17:14+00:00","breadcrumb":{"@id":"https:\/\/fuentesfidedignas.com.mx\/index.php\/2021\/05\/06\/se-compromete-sergio-torres-ante-constructores-y-empresarios-a-extinguir-precasin\/#breadcrumb"},"inLanguage":"es","potentialAction":[{"@type":"ReadAction","target":["https:\/\/fuentesfidedignas.com.mx\/index.php\/2021\/05\/06\/se-compromete-sergio-torres-ante-constructores-y-empresarios-a-extinguir-precasin\/"]}]},{"@type":"ImageObject","inLanguage":"es","@id":"https:\/\/fuentesfidedignas.com.mx\/index.php\/2021\/05\/06\/se-compromete-sergio-torres-ante-constructores-y-empresarios-a-extinguir-precasin\/#primaryimage","url":"https:\/\/fuentesfidedignas.com.mx\/wp-content\/uploads\/2021\/05\/torres0605.jpg","contentUrl":"https:\/\/fuentesfidedignas.com.mx\/wp-content\/uploads\/2021\/05\/torres0605.jpg","width":1280,"height":853},{"@type":"BreadcrumbList","@id":"https:\/\/fuentesfidedignas.com.mx\/index.php\/2021\/05\/06\/se-compromete-sergio-torres-ante-constructores-y-empresarios-a-extinguir-precasin\/#breadcrumb","itemListElement":[{"@type":"ListItem","position":1,"name":"Inicio","item":"https:\/\/fuentesfidedignas.com.mx\/"},{"@type":"ListItem","position":2,"name":"Se compromete Sergio Torres ante constructores y empresarios a extinguir PRECASIN"}]},{"@type":"WebSite","@id":"https:\/\/fuentesfidedignas.com.mx\/#website","url":"https:\/\/fuentesfidedignas.com.mx\/","name":"Fuentes Fidedignas","description":"Otro sitio realizado con WordPress","publisher":{"@id":"https:\/\/fuentesfidedignas.com.mx\/#organization"},"potentialAction":[{"@type":"SearchAction","target":{"@type":"EntryPoint","urlTemplate":"https:\/\/fuentesfidedignas.com.mx\/?s={search_term_string}"},"query-input":{"@type":"PropertyValueSpecification","valueRequired":true,"valueName":"search_term_string"}}],"inLanguage":"es"},{"@type":"Organization","@id":"https:\/\/fuentesfidedignas.com.mx\/#organization","name":"Fuentes Fidedignas","url":"https:\/\/fuentesfidedignas.com.mx\/","logo":{"@type":"ImageObject","inLanguage":"es","@id":"https:\/\/fuentesfidedignas.com.mx\/#\/schema\/logo\/image\/","url":"https:\/\/fuentesfidedignas.com.mx\/wp-content\/uploads\/2021\/04\/logo-retina.png","contentUrl":"https:\/\/fuentesfidedignas.com.mx\/wp-content\/uploads\/2021\/04\/logo-retina.png","width":280,"height":51,"caption":"Fuentes Fidedignas"},"image":{"@id":"https:\/\/fuentesfidedignas.com.mx\/#\/schema\/logo\/image\/"},"sameAs":["https:\/\/www.facebook.com\/Fuentes-Fidedignas-368234489921644","https:\/\/x.com\/fidedignas"]},{"@type":"Person","@id":"https:\/\/fuentesfidedignas.com.mx\/#\/schema\/person\/331be9283d37198e2acd5750279085b0","name":"Redacci\u00f3n","image":{"@type":"ImageObject","inLanguage":"es","@id":"https:\/\/secure.gravatar.com\/avatar\/f6d8782c11d12b2d4ad3fbb6931aeab5309937a4d6cd2fc9cfaa28a6396a5aec?s=96&d=mm&r=g","url":"https:\/\/secure.gravatar.com\/avatar\/f6d8782c11d12b2d4ad3fbb6931aeab5309937a4d6cd2fc9cfaa28a6396a5aec?s=96&d=mm&r=g","contentUrl":"https:\/\/secure.gravatar.com\/avatar\/f6d8782c11d12b2d4ad3fbb6931aeab5309937a4d6cd2fc9cfaa28a6396a5aec?s=96&d=mm&r=g","caption":"Redacci\u00f3n"},"url":"https:\/\/fuentesfidedignas.com.mx\/index.php\/author\/redaccion\/"}]}},"_links":{"self":[{"href":"https:\/\/fuentesfidedignas.com.mx\/index.php\/wp-json\/wp\/v2\/posts\/1245","targetHints":{"allow":["GET"]}}],"collection":[{"href":"https:\/\/fuentesfidedignas.com.mx\/index.php\/wp-json\/wp\/v2\/posts"}],"about":[{"href":"https:\/\/fuentesfidedignas.com.mx\/index.php\/wp-json\/wp\/v2\/types\/post"}],"author":[{"embeddable":true,"href":"https:\/\/fuentesfidedignas.com.mx\/index.php\/wp-json\/wp\/v2\/users\/4"}],"replies":[{"embeddable":true,"href":"https:\/\/fuentesfidedignas.com.mx\/index.php\/wp-json\/wp\/v2\/comments?post=1245"}],"version-history":[{"count":1,"href":"https:\/\/fuentesfidedignas.com.mx\/index.php\/wp-json\/wp\/v2\/posts\/1245\/revisions"}],"predecessor-version":[{"id":1247,"href":"https:\/\/fuentesfidedignas.com.mx\/index.php\/wp-json\/wp\/v2\/posts\/1245\/revisions\/1247"}],"wp:featuredmedia":[{"embeddable":true,"href":"https:\/\/fuentesfidedignas.com.mx\/index.php\/wp-json\/wp\/v2\/media\/1246"}],"wp:attachment":[{"href":"https:\/\/fuentesfidedignas.com.mx\/index.php\/wp-json\/wp\/v2\/media?parent=1245"}],"wp:term":[{"taxonomy":"category","embeddable":true,"href":"https:\/\/fuentesfidedignas.com.mx\/index.php\/wp-json\/wp\/v2\/categories?post=1245"},{"taxonomy":"post_tag","embeddable":true,"href":"https:\/\/fuentesfidedignas.com.mx\/index.php\/wp-json\/wp\/v2\/tags?post=1245"}],"curies":[{"name":"wp","href":"https:\/\/api.w.org\/{rel}","templated":true}]}}