{"id":124400,"date":"2025-12-28T13:15:02","date_gmt":"2025-12-28T20:15:02","guid":{"rendered":"https:\/\/fuentesfidedignas.com.mx\/?p=124400"},"modified":"2025-12-28T13:15:11","modified_gmt":"2025-12-28T20:15:11","slug":"hombre-en-surinam-asesina-a-punaladas-a-9-personas-incluidos-5-ninos","status":"publish","type":"post","link":"https:\/\/fuentesfidedignas.com.mx\/index.php\/2025\/12\/28\/hombre-en-surinam-asesina-a-punaladas-a-9-personas-incluidos-5-ninos\/","title":{"rendered":"Hombre en Surinam asesina a pu\u00f1aladas a 9 personas incluidos 5 ni\u00f1os"},"content":{"rendered":"\n<p><strong><em>Medios locales revelaron que, antes del ataque, el sospechoso sostuvo una discusi\u00f3n telef\u00f3nica con su esposa.<\/em><\/strong><\/p>\n\n\n\n<p>\u201cEn un momento en el que familia y amigos deber\u00edan apoyarse mutuamente, nos encontramos con la cruda realidad de que el mundo tiene otra cara\u201d. Con un mensaje solemne y de unidad nacional \u2014en un inicio de tono presidencial al estilo Macron\u2014 la presidenta de Surinam, Jenny Simons, reaccion\u00f3 al ataque mortal en Paramaribo que conmocion\u00f3 al pa\u00eds y dej\u00f3 nueve personas asesinadas, entre ellas cinco ni\u00f1os.<\/p>\n\n\n\n<p>La madrugada de este domingo, la polic\u00eda de Surinam arrest\u00f3 al presunto responsable al este de la capital, Paramaribo, tras un ataque con arma blanca que ocurri\u00f3 en un domicilio ubicado en la Hadji Iding Soemitaweg, una zona residencial del distrito de Commewijne. El hecho es ya considerado uno de los cr\u00edmenes m\u00e1s violentos en la historia reciente de Surinam.<\/p>\n\n\n\n<p><strong>Un ataque m\u00faltiple que estremeci\u00f3 a Paramaribo<\/strong><br>De acuerdo con el comunicado oficial, un hombre asesin\u00f3 a cuatro adultos y cinco ni\u00f1os con un objeto punzante dentro de una vivienda. Adem\u00e1s, un adulto y un menor resultaron gravemente heridos y fueron trasladados de urgencia al Hospital Acad\u00e9mico de Paramaribo, donde permanecen bajo atenci\u00f3n m\u00e9dica especializada.<\/p>\n\n\n\n<p>Medios locales revelaron que, antes del ataque, el sospechoso sostuvo una discusi\u00f3n telef\u00f3nica con su esposa. Posteriormente, presuntamente apu\u00f1al\u00f3 en 44 ocasiones a su hija de 11 a\u00f1os en la cocina de su hogar, antes de atacar al resto de las v\u00edctimas.<\/p>\n\n\n\n<p><strong>Vecinos hablan de posibles trastornos mentales<\/strong><br>Habitantes de la comunidad de Commewijne, al este de Paramaribo, declararon a la prensa local que el agresor presentaba antecedentes de trastornos mentales, aunque esta informaci\u00f3n no ha sido confirmada oficialmente por las autoridades.<\/p>\n\n\n\n<p>La polic\u00eda de Surinam se\u00f1al\u00f3 que en las pr\u00f3ximas horas dar\u00e1 a conocer m\u00e1s informaci\u00f3n sobre las \u201cverdaderas circunstancias\u201d del ataque, as\u00ed como los resultados preliminares de las investigaciones psicol\u00f3gicas y forenses.<\/p>\n\n\n\n<p><strong>Reacci\u00f3n del gobierno de Surinam<\/strong><br>Desde sus redes sociales, la presidenta Jenny Simons expres\u00f3 su consternaci\u00f3n ante el crimen:<\/p>\n\n\n\n<p>\u201cUn padre que quita la vida a sus propios hijos y tambi\u00e9n mata a sus vecinos en el proceso. Deseo a todos los dolientes mucha fuerza, valent\u00eda y consuelo en este momento inimaginablemente dif\u00edcil\u201d.<\/p>\n\n\n\n<p>El mensaje presidencial marc\u00f3 el tono de una jornada de luto nacional, mientras crece el debate sobre la salud mental, la violencia dom\u00e9stica y la prevenci\u00f3n de tragedias familiares en el pa\u00eds sudamericano.<\/p>\n\n\n\n<p><strong>Investigaci\u00f3n en curso y conmoci\u00f3n social<\/strong><br>Las autoridades mantienen asegurada la zona del ataque en Paramaribo, mientras peritos contin\u00faan recabando pruebas. El detenido permanece bajo custodia policial y ser\u00e1 presentado ante un juez en las pr\u00f3ximas horas.<\/p>\n\n\n\n<p>El caso ha generado un fuerte impacto no solo en Surinam, sino tambi\u00e9n en la regi\u00f3n, al reabrir el debate sobre la atenci\u00f3n oportuna de trastornos mentales, la violencia intrafamiliar y los mecanismos de alerta temprana.<\/p>\n\n\n\n<p>La naci\u00f3n permanece a la espera de respuestas, mientras el pa\u00eds enfrenta el duelo por una tragedia que dej\u00f3 una herida profunda en el coraz\u00f3n de Paramaribo y del continente sudamericano.<\/p>\n","protected":false},"excerpt":{"rendered":"<p>Medios locales revelaron que, antes del ataque, el sospechoso sostuvo una discusi\u00f3n telef\u00f3nica con su esposa. \u201cEn un momento en el que familia y amigos deber\u00edan apoyarse mutuamente, nos encontramos con la cruda realidad de que el mundo tiene otra cara\u201d. Con un mensaje solemne y de unidad nacional \u2014en un inicio de tono presidencial [&hellip;]<\/p>\n","protected":false},"author":7,"featured_media":124401,"comment_status":"open","ping_status":"open","sticky":false,"template":"","format":"standard","meta":{"tdm_status":"","tdm_grid_status":"","footnotes":""},"categories":[39],"tags":[],"class_list":{"0":"post-124400","1":"post","2":"type-post","3":"status-publish","4":"format-standard","5":"has-post-thumbnail","7":"category-noticias-nacionales"},"yoast_head":"<!-- This site is optimized with the Yoast SEO plugin v27.5 - https:\/\/yoast.com\/product\/yoast-seo-wordpress\/ -->\n<title>Hombre en Surinam asesina a pu\u00f1aladas a 9 personas incluidos 5 ni\u00f1os - Fuentes Fidedignas<\/title>\n<meta name=\"robots\" content=\"index, follow, max-snippet:-1, max-image-preview:large, max-video-preview:-1\" \/>\n<link rel=\"canonical\" href=\"https:\/\/fuentesfidedignas.com.mx\/index.php\/2025\/12\/28\/hombre-en-surinam-asesina-a-punaladas-a-9-personas-incluidos-5-ninos\/\" \/>\n<meta property=\"og:locale\" content=\"es_MX\" \/>\n<meta property=\"og:type\" content=\"article\" \/>\n<meta property=\"og:title\" content=\"Hombre en Surinam asesina a pu\u00f1aladas a 9 personas incluidos 5 ni\u00f1os - Fuentes Fidedignas\" \/>\n<meta property=\"og:description\" content=\"Medios locales revelaron que, antes del ataque, el sospechoso sostuvo una discusi\u00f3n telef\u00f3nica con su esposa. \u201cEn un momento en el que familia y amigos deber\u00edan apoyarse mutuamente, nos encontramos con la cruda realidad de que el mundo tiene otra cara\u201d. Con un mensaje solemne y de unidad nacional \u2014en un inicio de tono presidencial [&hellip;]\" \/>\n<meta property=\"og:url\" content=\"https:\/\/fuentesfidedignas.com.mx\/index.php\/2025\/12\/28\/hombre-en-surinam-asesina-a-punaladas-a-9-personas-incluidos-5-ninos\/\" \/>\n<meta property=\"og:site_name\" content=\"Fuentes Fidedignas\" \/>\n<meta property=\"article:publisher\" content=\"https:\/\/www.facebook.com\/Fuentes-Fidedignas-368234489921644\" \/>\n<meta property=\"article:published_time\" content=\"2025-12-28T20:15:02+00:00\" \/>\n<meta property=\"article:modified_time\" content=\"2025-12-28T20:15:11+00:00\" \/>\n<meta property=\"og:image\" content=\"https:\/\/fuentesfidedignas.com.mx\/wp-content\/uploads\/2025\/12\/traagedia_surinam.jpg\" \/>\n\t<meta property=\"og:image:width\" content=\"500\" \/>\n\t<meta property=\"og:image:height\" content=\"332\" \/>\n\t<meta property=\"og:image:type\" content=\"image\/jpeg\" \/>\n<meta name=\"author\" content=\"Exc\u00e9lsior\" \/>\n<meta name=\"twitter:card\" content=\"summary_large_image\" \/>\n<meta name=\"twitter:creator\" content=\"@fidedignas\" \/>\n<meta name=\"twitter:site\" content=\"@fidedignas\" \/>\n<meta name=\"twitter:label1\" content=\"Escrito por\" \/>\n\t<meta name=\"twitter:data1\" content=\"Exc\u00e9lsior\" \/>\n\t<meta name=\"twitter:label2\" content=\"Tiempo de lectura\" \/>\n\t<meta name=\"twitter:data2\" content=\"3 minutos\" \/>\n<script type=\"application\/ld+json\" class=\"yoast-schema-graph\">{\"@context\":\"https:\\\/\\\/schema.org\",\"@graph\":[{\"@type\":\"Article\",\"@id\":\"https:\\\/\\\/fuentesfidedignas.com.mx\\\/index.php\\\/2025\\\/12\\\/28\\\/hombre-en-surinam-asesina-a-punaladas-a-9-personas-incluidos-5-ninos\\\/#article\",\"isPartOf\":{\"@id\":\"https:\\\/\\\/fuentesfidedignas.com.mx\\\/index.php\\\/2025\\\/12\\\/28\\\/hombre-en-surinam-asesina-a-punaladas-a-9-personas-incluidos-5-ninos\\\/\"},\"author\":{\"name\":\"Exc\u00e9lsior\",\"@id\":\"https:\\\/\\\/fuentesfidedignas.com.mx\\\/#\\\/schema\\\/person\\\/ec4edd1fbf5efa3e44fce34fe2787780\"},\"headline\":\"Hombre en Surinam asesina a pu\u00f1aladas a 9 personas incluidos 5 ni\u00f1os\",\"datePublished\":\"2025-12-28T20:15:02+00:00\",\"dateModified\":\"2025-12-28T20:15:11+00:00\",\"mainEntityOfPage\":{\"@id\":\"https:\\\/\\\/fuentesfidedignas.com.mx\\\/index.php\\\/2025\\\/12\\\/28\\\/hombre-en-surinam-asesina-a-punaladas-a-9-personas-incluidos-5-ninos\\\/\"},\"wordCount\":556,\"commentCount\":0,\"publisher\":{\"@id\":\"https:\\\/\\\/fuentesfidedignas.com.mx\\\/#organization\"},\"image\":{\"@id\":\"https:\\\/\\\/fuentesfidedignas.com.mx\\\/index.php\\\/2025\\\/12\\\/28\\\/hombre-en-surinam-asesina-a-punaladas-a-9-personas-incluidos-5-ninos\\\/#primaryimage\"},\"thumbnailUrl\":\"https:\\\/\\\/fuentesfidedignas.com.mx\\\/wp-content\\\/uploads\\\/2025\\\/12\\\/traagedia_surinam.jpg\",\"articleSection\":[\"NOTICIAS NACIONALES\"],\"inLanguage\":\"es\",\"potentialAction\":[{\"@type\":\"CommentAction\",\"name\":\"Comment\",\"target\":[\"https:\\\/\\\/fuentesfidedignas.com.mx\\\/index.php\\\/2025\\\/12\\\/28\\\/hombre-en-surinam-asesina-a-punaladas-a-9-personas-incluidos-5-ninos\\\/#respond\"]}]},{\"@type\":\"WebPage\",\"@id\":\"https:\\\/\\\/fuentesfidedignas.com.mx\\\/index.php\\\/2025\\\/12\\\/28\\\/hombre-en-surinam-asesina-a-punaladas-a-9-personas-incluidos-5-ninos\\\/\",\"url\":\"https:\\\/\\\/fuentesfidedignas.com.mx\\\/index.php\\\/2025\\\/12\\\/28\\\/hombre-en-surinam-asesina-a-punaladas-a-9-personas-incluidos-5-ninos\\\/\",\"name\":\"Hombre en Surinam asesina a pu\u00f1aladas a 9 personas incluidos 5 ni\u00f1os - Fuentes Fidedignas\",\"isPartOf\":{\"@id\":\"https:\\\/\\\/fuentesfidedignas.com.mx\\\/#website\"},\"primaryImageOfPage\":{\"@id\":\"https:\\\/\\\/fuentesfidedignas.com.mx\\\/index.php\\\/2025\\\/12\\\/28\\\/hombre-en-surinam-asesina-a-punaladas-a-9-personas-incluidos-5-ninos\\\/#primaryimage\"},\"image\":{\"@id\":\"https:\\\/\\\/fuentesfidedignas.com.mx\\\/index.php\\\/2025\\\/12\\\/28\\\/hombre-en-surinam-asesina-a-punaladas-a-9-personas-incluidos-5-ninos\\\/#primaryimage\"},\"thumbnailUrl\":\"https:\\\/\\\/fuentesfidedignas.com.mx\\\/wp-content\\\/uploads\\\/2025\\\/12\\\/traagedia_surinam.jpg\",\"datePublished\":\"2025-12-28T20:15:02+00:00\",\"dateModified\":\"2025-12-28T20:15:11+00:00\",\"breadcrumb\":{\"@id\":\"https:\\\/\\\/fuentesfidedignas.com.mx\\\/index.php\\\/2025\\\/12\\\/28\\\/hombre-en-surinam-asesina-a-punaladas-a-9-personas-incluidos-5-ninos\\\/#breadcrumb\"},\"inLanguage\":\"es\",\"potentialAction\":[{\"@type\":\"ReadAction\",\"target\":[\"https:\\\/\\\/fuentesfidedignas.com.mx\\\/index.php\\\/2025\\\/12\\\/28\\\/hombre-en-surinam-asesina-a-punaladas-a-9-personas-incluidos-5-ninos\\\/\"]}]},{\"@type\":\"ImageObject\",\"inLanguage\":\"es\",\"@id\":\"https:\\\/\\\/fuentesfidedignas.com.mx\\\/index.php\\\/2025\\\/12\\\/28\\\/hombre-en-surinam-asesina-a-punaladas-a-9-personas-incluidos-5-ninos\\\/#primaryimage\",\"url\":\"https:\\\/\\\/fuentesfidedignas.com.mx\\\/wp-content\\\/uploads\\\/2025\\\/12\\\/traagedia_surinam.jpg\",\"contentUrl\":\"https:\\\/\\\/fuentesfidedignas.com.mx\\\/wp-content\\\/uploads\\\/2025\\\/12\\\/traagedia_surinam.jpg\",\"width\":500,\"height\":332},{\"@type\":\"BreadcrumbList\",\"@id\":\"https:\\\/\\\/fuentesfidedignas.com.mx\\\/index.php\\\/2025\\\/12\\\/28\\\/hombre-en-surinam-asesina-a-punaladas-a-9-personas-incluidos-5-ninos\\\/#breadcrumb\",\"itemListElement\":[{\"@type\":\"ListItem\",\"position\":1,\"name\":\"Inicio\",\"item\":\"https:\\\/\\\/fuentesfidedignas.com.mx\\\/\"},{\"@type\":\"ListItem\",\"position\":2,\"name\":\"Hombre en Surinam asesina a pu\u00f1aladas a 9 personas incluidos 5 ni\u00f1os\"}]},{\"@type\":\"WebSite\",\"@id\":\"https:\\\/\\\/fuentesfidedignas.com.mx\\\/#website\",\"url\":\"https:\\\/\\\/fuentesfidedignas.com.mx\\\/\",\"name\":\"Fuentes Fidedignas\",\"description\":\"Otro sitio realizado con WordPress\",\"publisher\":{\"@id\":\"https:\\\/\\\/fuentesfidedignas.com.mx\\\/#organization\"},\"potentialAction\":[{\"@type\":\"SearchAction\",\"target\":{\"@type\":\"EntryPoint\",\"urlTemplate\":\"https:\\\/\\\/fuentesfidedignas.com.mx\\\/?s={search_term_string}\"},\"query-input\":{\"@type\":\"PropertyValueSpecification\",\"valueRequired\":true,\"valueName\":\"search_term_string\"}}],\"inLanguage\":\"es\"},{\"@type\":\"Organization\",\"@id\":\"https:\\\/\\\/fuentesfidedignas.com.mx\\\/#organization\",\"name\":\"Fuentes Fidedignas\",\"url\":\"https:\\\/\\\/fuentesfidedignas.com.mx\\\/\",\"logo\":{\"@type\":\"ImageObject\",\"inLanguage\":\"es\",\"@id\":\"https:\\\/\\\/fuentesfidedignas.com.mx\\\/#\\\/schema\\\/logo\\\/image\\\/\",\"url\":\"https:\\\/\\\/fuentesfidedignas.com.mx\\\/wp-content\\\/uploads\\\/2021\\\/04\\\/logo-retina.png\",\"contentUrl\":\"https:\\\/\\\/fuentesfidedignas.com.mx\\\/wp-content\\\/uploads\\\/2021\\\/04\\\/logo-retina.png\",\"width\":280,\"height\":51,\"caption\":\"Fuentes Fidedignas\"},\"image\":{\"@id\":\"https:\\\/\\\/fuentesfidedignas.com.mx\\\/#\\\/schema\\\/logo\\\/image\\\/\"},\"sameAs\":[\"https:\\\/\\\/www.facebook.com\\\/Fuentes-Fidedignas-368234489921644\",\"https:\\\/\\\/x.com\\\/fidedignas\"]},{\"@type\":\"Person\",\"@id\":\"https:\\\/\\\/fuentesfidedignas.com.mx\\\/#\\\/schema\\\/person\\\/ec4edd1fbf5efa3e44fce34fe2787780\",\"name\":\"Exc\u00e9lsior\",\"image\":{\"@type\":\"ImageObject\",\"inLanguage\":\"es\",\"@id\":\"https:\\\/\\\/secure.gravatar.com\\\/avatar\\\/4b7ee9206b48be08447852b3f0814dbc7c0f3b51541b164f1464a2725614020b?s=96&d=mm&r=g\",\"url\":\"https:\\\/\\\/secure.gravatar.com\\\/avatar\\\/4b7ee9206b48be08447852b3f0814dbc7c0f3b51541b164f1464a2725614020b?s=96&d=mm&r=g\",\"contentUrl\":\"https:\\\/\\\/secure.gravatar.com\\\/avatar\\\/4b7ee9206b48be08447852b3f0814dbc7c0f3b51541b164f1464a2725614020b?s=96&d=mm&r=g\",\"caption\":\"Exc\u00e9lsior\"},\"url\":\"https:\\\/\\\/fuentesfidedignas.com.mx\\\/index.php\\\/author\\\/excelsior\\\/\"}]}<\/script>\n<!-- \/ Yoast SEO plugin. -->","yoast_head_json":{"title":"Hombre en Surinam asesina a pu\u00f1aladas a 9 personas incluidos 5 ni\u00f1os - Fuentes Fidedignas","robots":{"index":"index","follow":"follow","max-snippet":"max-snippet:-1","max-image-preview":"max-image-preview:large","max-video-preview":"max-video-preview:-1"},"canonical":"https:\/\/fuentesfidedignas.com.mx\/index.php\/2025\/12\/28\/hombre-en-surinam-asesina-a-punaladas-a-9-personas-incluidos-5-ninos\/","og_locale":"es_MX","og_type":"article","og_title":"Hombre en Surinam asesina a pu\u00f1aladas a 9 personas incluidos 5 ni\u00f1os - Fuentes Fidedignas","og_description":"Medios locales revelaron que, antes del ataque, el sospechoso sostuvo una discusi\u00f3n telef\u00f3nica con su esposa. \u201cEn un momento en el que familia y amigos deber\u00edan apoyarse mutuamente, nos encontramos con la cruda realidad de que el mundo tiene otra cara\u201d. Con un mensaje solemne y de unidad nacional \u2014en un inicio de tono presidencial [&hellip;]","og_url":"https:\/\/fuentesfidedignas.com.mx\/index.php\/2025\/12\/28\/hombre-en-surinam-asesina-a-punaladas-a-9-personas-incluidos-5-ninos\/","og_site_name":"Fuentes Fidedignas","article_publisher":"https:\/\/www.facebook.com\/Fuentes-Fidedignas-368234489921644","article_published_time":"2025-12-28T20:15:02+00:00","article_modified_time":"2025-12-28T20:15:11+00:00","og_image":[{"width":500,"height":332,"url":"https:\/\/fuentesfidedignas.com.mx\/wp-content\/uploads\/2025\/12\/traagedia_surinam.jpg","type":"image\/jpeg"}],"author":"Exc\u00e9lsior","twitter_card":"summary_large_image","twitter_creator":"@fidedignas","twitter_site":"@fidedignas","twitter_misc":{"Escrito por":"Exc\u00e9lsior","Tiempo de lectura":"3 minutos"},"schema":{"@context":"https:\/\/schema.org","@graph":[{"@type":"Article","@id":"https:\/\/fuentesfidedignas.com.mx\/index.php\/2025\/12\/28\/hombre-en-surinam-asesina-a-punaladas-a-9-personas-incluidos-5-ninos\/#article","isPartOf":{"@id":"https:\/\/fuentesfidedignas.com.mx\/index.php\/2025\/12\/28\/hombre-en-surinam-asesina-a-punaladas-a-9-personas-incluidos-5-ninos\/"},"author":{"name":"Exc\u00e9lsior","@id":"https:\/\/fuentesfidedignas.com.mx\/#\/schema\/person\/ec4edd1fbf5efa3e44fce34fe2787780"},"headline":"Hombre en Surinam asesina a pu\u00f1aladas a 9 personas incluidos 5 ni\u00f1os","datePublished":"2025-12-28T20:15:02+00:00","dateModified":"2025-12-28T20:15:11+00:00","mainEntityOfPage":{"@id":"https:\/\/fuentesfidedignas.com.mx\/index.php\/2025\/12\/28\/hombre-en-surinam-asesina-a-punaladas-a-9-personas-incluidos-5-ninos\/"},"wordCount":556,"commentCount":0,"publisher":{"@id":"https:\/\/fuentesfidedignas.com.mx\/#organization"},"image":{"@id":"https:\/\/fuentesfidedignas.com.mx\/index.php\/2025\/12\/28\/hombre-en-surinam-asesina-a-punaladas-a-9-personas-incluidos-5-ninos\/#primaryimage"},"thumbnailUrl":"https:\/\/fuentesfidedignas.com.mx\/wp-content\/uploads\/2025\/12\/traagedia_surinam.jpg","articleSection":["NOTICIAS NACIONALES"],"inLanguage":"es","potentialAction":[{"@type":"CommentAction","name":"Comment","target":["https:\/\/fuentesfidedignas.com.mx\/index.php\/2025\/12\/28\/hombre-en-surinam-asesina-a-punaladas-a-9-personas-incluidos-5-ninos\/#respond"]}]},{"@type":"WebPage","@id":"https:\/\/fuentesfidedignas.com.mx\/index.php\/2025\/12\/28\/hombre-en-surinam-asesina-a-punaladas-a-9-personas-incluidos-5-ninos\/","url":"https:\/\/fuentesfidedignas.com.mx\/index.php\/2025\/12\/28\/hombre-en-surinam-asesina-a-punaladas-a-9-personas-incluidos-5-ninos\/","name":"Hombre en Surinam asesina a pu\u00f1aladas a 9 personas incluidos 5 ni\u00f1os - Fuentes Fidedignas","isPartOf":{"@id":"https:\/\/fuentesfidedignas.com.mx\/#website"},"primaryImageOfPage":{"@id":"https:\/\/fuentesfidedignas.com.mx\/index.php\/2025\/12\/28\/hombre-en-surinam-asesina-a-punaladas-a-9-personas-incluidos-5-ninos\/#primaryimage"},"image":{"@id":"https:\/\/fuentesfidedignas.com.mx\/index.php\/2025\/12\/28\/hombre-en-surinam-asesina-a-punaladas-a-9-personas-incluidos-5-ninos\/#primaryimage"},"thumbnailUrl":"https:\/\/fuentesfidedignas.com.mx\/wp-content\/uploads\/2025\/12\/traagedia_surinam.jpg","datePublished":"2025-12-28T20:15:02+00:00","dateModified":"2025-12-28T20:15:11+00:00","breadcrumb":{"@id":"https:\/\/fuentesfidedignas.com.mx\/index.php\/2025\/12\/28\/hombre-en-surinam-asesina-a-punaladas-a-9-personas-incluidos-5-ninos\/#breadcrumb"},"inLanguage":"es","potentialAction":[{"@type":"ReadAction","target":["https:\/\/fuentesfidedignas.com.mx\/index.php\/2025\/12\/28\/hombre-en-surinam-asesina-a-punaladas-a-9-personas-incluidos-5-ninos\/"]}]},{"@type":"ImageObject","inLanguage":"es","@id":"https:\/\/fuentesfidedignas.com.mx\/index.php\/2025\/12\/28\/hombre-en-surinam-asesina-a-punaladas-a-9-personas-incluidos-5-ninos\/#primaryimage","url":"https:\/\/fuentesfidedignas.com.mx\/wp-content\/uploads\/2025\/12\/traagedia_surinam.jpg","contentUrl":"https:\/\/fuentesfidedignas.com.mx\/wp-content\/uploads\/2025\/12\/traagedia_surinam.jpg","width":500,"height":332},{"@type":"BreadcrumbList","@id":"https:\/\/fuentesfidedignas.com.mx\/index.php\/2025\/12\/28\/hombre-en-surinam-asesina-a-punaladas-a-9-personas-incluidos-5-ninos\/#breadcrumb","itemListElement":[{"@type":"ListItem","position":1,"name":"Inicio","item":"https:\/\/fuentesfidedignas.com.mx\/"},{"@type":"ListItem","position":2,"name":"Hombre en Surinam asesina a pu\u00f1aladas a 9 personas incluidos 5 ni\u00f1os"}]},{"@type":"WebSite","@id":"https:\/\/fuentesfidedignas.com.mx\/#website","url":"https:\/\/fuentesfidedignas.com.mx\/","name":"Fuentes Fidedignas","description":"Otro sitio realizado con WordPress","publisher":{"@id":"https:\/\/fuentesfidedignas.com.mx\/#organization"},"potentialAction":[{"@type":"SearchAction","target":{"@type":"EntryPoint","urlTemplate":"https:\/\/fuentesfidedignas.com.mx\/?s={search_term_string}"},"query-input":{"@type":"PropertyValueSpecification","valueRequired":true,"valueName":"search_term_string"}}],"inLanguage":"es"},{"@type":"Organization","@id":"https:\/\/fuentesfidedignas.com.mx\/#organization","name":"Fuentes Fidedignas","url":"https:\/\/fuentesfidedignas.com.mx\/","logo":{"@type":"ImageObject","inLanguage":"es","@id":"https:\/\/fuentesfidedignas.com.mx\/#\/schema\/logo\/image\/","url":"https:\/\/fuentesfidedignas.com.mx\/wp-content\/uploads\/2021\/04\/logo-retina.png","contentUrl":"https:\/\/fuentesfidedignas.com.mx\/wp-content\/uploads\/2021\/04\/logo-retina.png","width":280,"height":51,"caption":"Fuentes Fidedignas"},"image":{"@id":"https:\/\/fuentesfidedignas.com.mx\/#\/schema\/logo\/image\/"},"sameAs":["https:\/\/www.facebook.com\/Fuentes-Fidedignas-368234489921644","https:\/\/x.com\/fidedignas"]},{"@type":"Person","@id":"https:\/\/fuentesfidedignas.com.mx\/#\/schema\/person\/ec4edd1fbf5efa3e44fce34fe2787780","name":"Exc\u00e9lsior","image":{"@type":"ImageObject","inLanguage":"es","@id":"https:\/\/secure.gravatar.com\/avatar\/4b7ee9206b48be08447852b3f0814dbc7c0f3b51541b164f1464a2725614020b?s=96&d=mm&r=g","url":"https:\/\/secure.gravatar.com\/avatar\/4b7ee9206b48be08447852b3f0814dbc7c0f3b51541b164f1464a2725614020b?s=96&d=mm&r=g","contentUrl":"https:\/\/secure.gravatar.com\/avatar\/4b7ee9206b48be08447852b3f0814dbc7c0f3b51541b164f1464a2725614020b?s=96&d=mm&r=g","caption":"Exc\u00e9lsior"},"url":"https:\/\/fuentesfidedignas.com.mx\/index.php\/author\/excelsior\/"}]}},"_links":{"self":[{"href":"https:\/\/fuentesfidedignas.com.mx\/index.php\/wp-json\/wp\/v2\/posts\/124400","targetHints":{"allow":["GET"]}}],"collection":[{"href":"https:\/\/fuentesfidedignas.com.mx\/index.php\/wp-json\/wp\/v2\/posts"}],"about":[{"href":"https:\/\/fuentesfidedignas.com.mx\/index.php\/wp-json\/wp\/v2\/types\/post"}],"author":[{"embeddable":true,"href":"https:\/\/fuentesfidedignas.com.mx\/index.php\/wp-json\/wp\/v2\/users\/7"}],"replies":[{"embeddable":true,"href":"https:\/\/fuentesfidedignas.com.mx\/index.php\/wp-json\/wp\/v2\/comments?post=124400"}],"version-history":[{"count":2,"href":"https:\/\/fuentesfidedignas.com.mx\/index.php\/wp-json\/wp\/v2\/posts\/124400\/revisions"}],"predecessor-version":[{"id":124403,"href":"https:\/\/fuentesfidedignas.com.mx\/index.php\/wp-json\/wp\/v2\/posts\/124400\/revisions\/124403"}],"wp:featuredmedia":[{"embeddable":true,"href":"https:\/\/fuentesfidedignas.com.mx\/index.php\/wp-json\/wp\/v2\/media\/124401"}],"wp:attachment":[{"href":"https:\/\/fuentesfidedignas.com.mx\/index.php\/wp-json\/wp\/v2\/media?parent=124400"}],"wp:term":[{"taxonomy":"category","embeddable":true,"href":"https:\/\/fuentesfidedignas.com.mx\/index.php\/wp-json\/wp\/v2\/categories?post=124400"},{"taxonomy":"post_tag","embeddable":true,"href":"https:\/\/fuentesfidedignas.com.mx\/index.php\/wp-json\/wp\/v2\/tags?post=124400"}],"curies":[{"name":"wp","href":"https:\/\/api.w.org\/{rel}","templated":true}]}}