{"id":124385,"date":"2025-12-28T09:52:58","date_gmt":"2025-12-28T16:52:58","guid":{"rendered":"https:\/\/fuentesfidedignas.com.mx\/?p=124385"},"modified":"2025-12-28T09:53:04","modified_gmt":"2025-12-28T16:53:04","slug":"entre-la-penumbra-y-la-palabra-una-charla-con-horacio-de-jesus-malcampo","status":"publish","type":"post","link":"https:\/\/fuentesfidedignas.com.mx\/index.php\/2025\/12\/28\/entre-la-penumbra-y-la-palabra-una-charla-con-horacio-de-jesus-malcampo\/","title":{"rendered":"Entre la penumbra y la palabra: una charla con Horacio de Jes\u00fas Malcampo"},"content":{"rendered":"\n<p>En esta ocasi\u00f3n, en LogoC\u00f3mic, tengo el gusto de compartir una charla que va m\u00e1s all\u00e1 de la entrevista tradicional. Desde Radio Artesana 106.5 FM, abrimos un espacio para la reflexi\u00f3n, la literatura y el horror psicol\u00f3gico de la mano de Horacio de Jes\u00fas Malcampo Moreno, maestro, escritor, home\u00f3pata y nutri\u00f3logo, con quien ya hab\u00edamos coincidido antes, pero ahora desde una perspectiva distinta: la de su obra literaria.<\/p>\n\n\n\n<p>En este di\u00e1logo hablamos de Conversaciones en la penumbra, un libro profundamente \u00edntimo que nace del duelo, del di\u00e1logo interno y de la necesidad de nombrar aquello que suele permanecer en silencio. Horacio nos comparte c\u00f3mo la experiencia personal puede convertirse en materia creativa y c\u00f3mo el horror, m\u00e1s que provocar miedo, puede funcionar como una herramienta para explorar la condici\u00f3n humana, la p\u00e9rdida, la libertad y la memoria.<\/p>\n\n\n\n<p>Durante la entrevista tambi\u00e9n reflexionamos sobre el estado actual del horror literario en M\u00e9xico, la falta de difusi\u00f3n para autores independientes, la transformaci\u00f3n de los h\u00e1bitos de lectura y la importancia de construir comunidades lectoras en plataformas digitales. Es una conversaci\u00f3n honesta sobre escribir, leer y resistir desde la cultura en un contexto donde el arte no siempre es prioridad.<\/p>\n\n\n\n<p>Adem\u00e1s, Horacio nos adelanta proyectos futuros: la creaci\u00f3n de una comunidad digital de cuentos cortos de horror y un podcast dedicado al g\u00e9nero, primicias que se anuncian por primera vez en LogoC\u00f3mic.<\/p>\n\n\n\n<p>Te invito a ver esta entrevista completa, a escuchar con calma y, sobre todo, a dejarte acompa\u00f1ar por las palabras. Porque cuando un libro o una conversaci\u00f3n se queda contigo m\u00e1s all\u00e1 del video, ah\u00ed es donde la cultura cumple su verdadero prop\u00f3sito.<\/p>\n\n\n<p><iframe loading=\"lazy\" title=\"Entre la penumbra y la palabra: una charla con Horacio de Jes\u00fas Malcampo\" src=\"https:\/\/www.youtube.com\/embed\/Tv28v_iIiAY\" width=\"1027\" height=\"578\" frameborder=\"0\" allowfullscreen=\"allowfullscreen\"><\/iframe><\/p>","protected":false},"excerpt":{"rendered":"<p>En esta ocasi\u00f3n, en LogoC\u00f3mic, tengo el gusto de compartir una charla que va m\u00e1s all\u00e1 de la entrevista tradicional. Desde Radio Artesana 106.5 FM, abrimos un espacio para la reflexi\u00f3n, la literatura y el horror psicol\u00f3gico de la mano de Horacio de Jes\u00fas Malcampo Moreno, maestro, escritor, home\u00f3pata y nutri\u00f3logo, con quien ya hab\u00edamos [&hellip;]<\/p>\n","protected":false},"author":139,"featured_media":124386,"comment_status":"open","ping_status":"open","sticky":false,"template":"","format":"standard","meta":{"tdm_status":"","tdm_grid_status":"","footnotes":""},"categories":[307],"tags":[],"class_list":{"0":"post-124385","1":"post","2":"type-post","3":"status-publish","4":"format-standard","5":"has-post-thumbnail","7":"category-ruleteando"},"yoast_head":"<!-- This site is optimized with the Yoast SEO plugin v27.5 - https:\/\/yoast.com\/product\/yoast-seo-wordpress\/ -->\n<title>Entre la penumbra y la palabra: una charla con Horacio de Jes\u00fas Malcampo - Fuentes Fidedignas<\/title>\n<meta name=\"robots\" content=\"index, follow, max-snippet:-1, max-image-preview:large, max-video-preview:-1\" \/>\n<link rel=\"canonical\" href=\"https:\/\/fuentesfidedignas.com.mx\/index.php\/2025\/12\/28\/entre-la-penumbra-y-la-palabra-una-charla-con-horacio-de-jesus-malcampo\/\" \/>\n<meta property=\"og:locale\" content=\"es_MX\" \/>\n<meta property=\"og:type\" content=\"article\" \/>\n<meta property=\"og:title\" content=\"Entre la penumbra y la palabra: una charla con Horacio de Jes\u00fas Malcampo - Fuentes Fidedignas\" \/>\n<meta property=\"og:description\" content=\"En esta ocasi\u00f3n, en LogoC\u00f3mic, tengo el gusto de compartir una charla que va m\u00e1s all\u00e1 de la entrevista tradicional. Desde Radio Artesana 106.5 FM, abrimos un espacio para la reflexi\u00f3n, la literatura y el horror psicol\u00f3gico de la mano de Horacio de Jes\u00fas Malcampo Moreno, maestro, escritor, home\u00f3pata y nutri\u00f3logo, con quien ya hab\u00edamos [&hellip;]\" \/>\n<meta property=\"og:url\" content=\"https:\/\/fuentesfidedignas.com.mx\/index.php\/2025\/12\/28\/entre-la-penumbra-y-la-palabra-una-charla-con-horacio-de-jesus-malcampo\/\" \/>\n<meta property=\"og:site_name\" content=\"Fuentes Fidedignas\" \/>\n<meta property=\"article:publisher\" content=\"https:\/\/www.facebook.com\/Fuentes-Fidedignas-368234489921644\" \/>\n<meta property=\"article:published_time\" content=\"2025-12-28T16:52:58+00:00\" \/>\n<meta property=\"article:modified_time\" content=\"2025-12-28T16:53:04+00:00\" \/>\n<meta property=\"og:image\" content=\"https:\/\/fuentesfidedignas.com.mx\/wp-content\/uploads\/2025\/12\/logo_2812.jpg\" \/>\n\t<meta property=\"og:image:width\" content=\"500\" \/>\n\t<meta property=\"og:image:height\" content=\"279\" \/>\n\t<meta property=\"og:image:type\" content=\"image\/jpeg\" \/>\n<meta name=\"author\" content=\"Luis \u00c1ngel Rivera Ayala\" \/>\n<meta name=\"twitter:card\" content=\"summary_large_image\" \/>\n<meta name=\"twitter:creator\" content=\"@fidedignas\" \/>\n<meta name=\"twitter:site\" content=\"@fidedignas\" \/>\n<meta name=\"twitter:label1\" content=\"Escrito por\" \/>\n\t<meta name=\"twitter:data1\" content=\"Luis \u00c1ngel Rivera Ayala\" \/>\n\t<meta name=\"twitter:label2\" content=\"Tiempo de lectura\" \/>\n\t<meta name=\"twitter:data2\" content=\"2 minutos\" \/>\n<script type=\"application\/ld+json\" class=\"yoast-schema-graph\">{\"@context\":\"https:\\\/\\\/schema.org\",\"@graph\":[{\"@type\":\"Article\",\"@id\":\"https:\\\/\\\/fuentesfidedignas.com.mx\\\/index.php\\\/2025\\\/12\\\/28\\\/entre-la-penumbra-y-la-palabra-una-charla-con-horacio-de-jesus-malcampo\\\/#article\",\"isPartOf\":{\"@id\":\"https:\\\/\\\/fuentesfidedignas.com.mx\\\/index.php\\\/2025\\\/12\\\/28\\\/entre-la-penumbra-y-la-palabra-una-charla-con-horacio-de-jesus-malcampo\\\/\"},\"author\":{\"name\":\"Luis \u00c1ngel Rivera Ayala\",\"@id\":\"https:\\\/\\\/fuentesfidedignas.com.mx\\\/#\\\/schema\\\/person\\\/a4e2898d4dca7bbeb0a2f77bb90f4817\"},\"headline\":\"Entre la penumbra y la palabra: una charla con Horacio de Jes\u00fas Malcampo\",\"datePublished\":\"2025-12-28T16:52:58+00:00\",\"dateModified\":\"2025-12-28T16:53:04+00:00\",\"mainEntityOfPage\":{\"@id\":\"https:\\\/\\\/fuentesfidedignas.com.mx\\\/index.php\\\/2025\\\/12\\\/28\\\/entre-la-penumbra-y-la-palabra-una-charla-con-horacio-de-jesus-malcampo\\\/\"},\"wordCount\":315,\"commentCount\":0,\"publisher\":{\"@id\":\"https:\\\/\\\/fuentesfidedignas.com.mx\\\/#organization\"},\"image\":{\"@id\":\"https:\\\/\\\/fuentesfidedignas.com.mx\\\/index.php\\\/2025\\\/12\\\/28\\\/entre-la-penumbra-y-la-palabra-una-charla-con-horacio-de-jesus-malcampo\\\/#primaryimage\"},\"thumbnailUrl\":\"https:\\\/\\\/fuentesfidedignas.com.mx\\\/wp-content\\\/uploads\\\/2025\\\/12\\\/logo_2812.jpg\",\"articleSection\":[\"RULETEANDO\"],\"inLanguage\":\"es\",\"potentialAction\":[{\"@type\":\"CommentAction\",\"name\":\"Comment\",\"target\":[\"https:\\\/\\\/fuentesfidedignas.com.mx\\\/index.php\\\/2025\\\/12\\\/28\\\/entre-la-penumbra-y-la-palabra-una-charla-con-horacio-de-jesus-malcampo\\\/#respond\"]}]},{\"@type\":\"WebPage\",\"@id\":\"https:\\\/\\\/fuentesfidedignas.com.mx\\\/index.php\\\/2025\\\/12\\\/28\\\/entre-la-penumbra-y-la-palabra-una-charla-con-horacio-de-jesus-malcampo\\\/\",\"url\":\"https:\\\/\\\/fuentesfidedignas.com.mx\\\/index.php\\\/2025\\\/12\\\/28\\\/entre-la-penumbra-y-la-palabra-una-charla-con-horacio-de-jesus-malcampo\\\/\",\"name\":\"Entre la penumbra y la palabra: una charla con Horacio de Jes\u00fas Malcampo - Fuentes Fidedignas\",\"isPartOf\":{\"@id\":\"https:\\\/\\\/fuentesfidedignas.com.mx\\\/#website\"},\"primaryImageOfPage\":{\"@id\":\"https:\\\/\\\/fuentesfidedignas.com.mx\\\/index.php\\\/2025\\\/12\\\/28\\\/entre-la-penumbra-y-la-palabra-una-charla-con-horacio-de-jesus-malcampo\\\/#primaryimage\"},\"image\":{\"@id\":\"https:\\\/\\\/fuentesfidedignas.com.mx\\\/index.php\\\/2025\\\/12\\\/28\\\/entre-la-penumbra-y-la-palabra-una-charla-con-horacio-de-jesus-malcampo\\\/#primaryimage\"},\"thumbnailUrl\":\"https:\\\/\\\/fuentesfidedignas.com.mx\\\/wp-content\\\/uploads\\\/2025\\\/12\\\/logo_2812.jpg\",\"datePublished\":\"2025-12-28T16:52:58+00:00\",\"dateModified\":\"2025-12-28T16:53:04+00:00\",\"breadcrumb\":{\"@id\":\"https:\\\/\\\/fuentesfidedignas.com.mx\\\/index.php\\\/2025\\\/12\\\/28\\\/entre-la-penumbra-y-la-palabra-una-charla-con-horacio-de-jesus-malcampo\\\/#breadcrumb\"},\"inLanguage\":\"es\",\"potentialAction\":[{\"@type\":\"ReadAction\",\"target\":[\"https:\\\/\\\/fuentesfidedignas.com.mx\\\/index.php\\\/2025\\\/12\\\/28\\\/entre-la-penumbra-y-la-palabra-una-charla-con-horacio-de-jesus-malcampo\\\/\"]}]},{\"@type\":\"ImageObject\",\"inLanguage\":\"es\",\"@id\":\"https:\\\/\\\/fuentesfidedignas.com.mx\\\/index.php\\\/2025\\\/12\\\/28\\\/entre-la-penumbra-y-la-palabra-una-charla-con-horacio-de-jesus-malcampo\\\/#primaryimage\",\"url\":\"https:\\\/\\\/fuentesfidedignas.com.mx\\\/wp-content\\\/uploads\\\/2025\\\/12\\\/logo_2812.jpg\",\"contentUrl\":\"https:\\\/\\\/fuentesfidedignas.com.mx\\\/wp-content\\\/uploads\\\/2025\\\/12\\\/logo_2812.jpg\",\"width\":500,\"height\":279},{\"@type\":\"BreadcrumbList\",\"@id\":\"https:\\\/\\\/fuentesfidedignas.com.mx\\\/index.php\\\/2025\\\/12\\\/28\\\/entre-la-penumbra-y-la-palabra-una-charla-con-horacio-de-jesus-malcampo\\\/#breadcrumb\",\"itemListElement\":[{\"@type\":\"ListItem\",\"position\":1,\"name\":\"Inicio\",\"item\":\"https:\\\/\\\/fuentesfidedignas.com.mx\\\/\"},{\"@type\":\"ListItem\",\"position\":2,\"name\":\"Entre la penumbra y la palabra: una charla con Horacio de Jes\u00fas Malcampo\"}]},{\"@type\":\"WebSite\",\"@id\":\"https:\\\/\\\/fuentesfidedignas.com.mx\\\/#website\",\"url\":\"https:\\\/\\\/fuentesfidedignas.com.mx\\\/\",\"name\":\"Fuentes Fidedignas\",\"description\":\"Otro sitio realizado con WordPress\",\"publisher\":{\"@id\":\"https:\\\/\\\/fuentesfidedignas.com.mx\\\/#organization\"},\"potentialAction\":[{\"@type\":\"SearchAction\",\"target\":{\"@type\":\"EntryPoint\",\"urlTemplate\":\"https:\\\/\\\/fuentesfidedignas.com.mx\\\/?s={search_term_string}\"},\"query-input\":{\"@type\":\"PropertyValueSpecification\",\"valueRequired\":true,\"valueName\":\"search_term_string\"}}],\"inLanguage\":\"es\"},{\"@type\":\"Organization\",\"@id\":\"https:\\\/\\\/fuentesfidedignas.com.mx\\\/#organization\",\"name\":\"Fuentes Fidedignas\",\"url\":\"https:\\\/\\\/fuentesfidedignas.com.mx\\\/\",\"logo\":{\"@type\":\"ImageObject\",\"inLanguage\":\"es\",\"@id\":\"https:\\\/\\\/fuentesfidedignas.com.mx\\\/#\\\/schema\\\/logo\\\/image\\\/\",\"url\":\"https:\\\/\\\/fuentesfidedignas.com.mx\\\/wp-content\\\/uploads\\\/2021\\\/04\\\/logo-retina.png\",\"contentUrl\":\"https:\\\/\\\/fuentesfidedignas.com.mx\\\/wp-content\\\/uploads\\\/2021\\\/04\\\/logo-retina.png\",\"width\":280,\"height\":51,\"caption\":\"Fuentes Fidedignas\"},\"image\":{\"@id\":\"https:\\\/\\\/fuentesfidedignas.com.mx\\\/#\\\/schema\\\/logo\\\/image\\\/\"},\"sameAs\":[\"https:\\\/\\\/www.facebook.com\\\/Fuentes-Fidedignas-368234489921644\",\"https:\\\/\\\/x.com\\\/fidedignas\"]},{\"@type\":\"Person\",\"@id\":\"https:\\\/\\\/fuentesfidedignas.com.mx\\\/#\\\/schema\\\/person\\\/a4e2898d4dca7bbeb0a2f77bb90f4817\",\"name\":\"Luis \u00c1ngel Rivera Ayala\",\"image\":{\"@type\":\"ImageObject\",\"inLanguage\":\"es\",\"@id\":\"https:\\\/\\\/fuentesfidedignas.com.mx\\\/wp-content\\\/uploads\\\/2025\\\/02\\\/Luis_Angel-2025-removebg-preview-150x150.png\",\"url\":\"https:\\\/\\\/fuentesfidedignas.com.mx\\\/wp-content\\\/uploads\\\/2025\\\/02\\\/Luis_Angel-2025-removebg-preview-150x150.png\",\"contentUrl\":\"https:\\\/\\\/fuentesfidedignas.com.mx\\\/wp-content\\\/uploads\\\/2025\\\/02\\\/Luis_Angel-2025-removebg-preview-150x150.png\",\"caption\":\"Luis \u00c1ngel Rivera Ayala\"},\"url\":\"https:\\\/\\\/fuentesfidedignas.com.mx\\\/index.php\\\/author\\\/luisar\\\/\"}]}<\/script>\n<!-- \/ Yoast SEO plugin. -->","yoast_head_json":{"title":"Entre la penumbra y la palabra: una charla con Horacio de Jes\u00fas Malcampo - Fuentes Fidedignas","robots":{"index":"index","follow":"follow","max-snippet":"max-snippet:-1","max-image-preview":"max-image-preview:large","max-video-preview":"max-video-preview:-1"},"canonical":"https:\/\/fuentesfidedignas.com.mx\/index.php\/2025\/12\/28\/entre-la-penumbra-y-la-palabra-una-charla-con-horacio-de-jesus-malcampo\/","og_locale":"es_MX","og_type":"article","og_title":"Entre la penumbra y la palabra: una charla con Horacio de Jes\u00fas Malcampo - Fuentes Fidedignas","og_description":"En esta ocasi\u00f3n, en LogoC\u00f3mic, tengo el gusto de compartir una charla que va m\u00e1s all\u00e1 de la entrevista tradicional. Desde Radio Artesana 106.5 FM, abrimos un espacio para la reflexi\u00f3n, la literatura y el horror psicol\u00f3gico de la mano de Horacio de Jes\u00fas Malcampo Moreno, maestro, escritor, home\u00f3pata y nutri\u00f3logo, con quien ya hab\u00edamos [&hellip;]","og_url":"https:\/\/fuentesfidedignas.com.mx\/index.php\/2025\/12\/28\/entre-la-penumbra-y-la-palabra-una-charla-con-horacio-de-jesus-malcampo\/","og_site_name":"Fuentes Fidedignas","article_publisher":"https:\/\/www.facebook.com\/Fuentes-Fidedignas-368234489921644","article_published_time":"2025-12-28T16:52:58+00:00","article_modified_time":"2025-12-28T16:53:04+00:00","og_image":[{"width":500,"height":279,"url":"https:\/\/fuentesfidedignas.com.mx\/wp-content\/uploads\/2025\/12\/logo_2812.jpg","type":"image\/jpeg"}],"author":"Luis \u00c1ngel Rivera Ayala","twitter_card":"summary_large_image","twitter_creator":"@fidedignas","twitter_site":"@fidedignas","twitter_misc":{"Escrito por":"Luis \u00c1ngel Rivera Ayala","Tiempo de lectura":"2 minutos"},"schema":{"@context":"https:\/\/schema.org","@graph":[{"@type":"Article","@id":"https:\/\/fuentesfidedignas.com.mx\/index.php\/2025\/12\/28\/entre-la-penumbra-y-la-palabra-una-charla-con-horacio-de-jesus-malcampo\/#article","isPartOf":{"@id":"https:\/\/fuentesfidedignas.com.mx\/index.php\/2025\/12\/28\/entre-la-penumbra-y-la-palabra-una-charla-con-horacio-de-jesus-malcampo\/"},"author":{"name":"Luis \u00c1ngel Rivera Ayala","@id":"https:\/\/fuentesfidedignas.com.mx\/#\/schema\/person\/a4e2898d4dca7bbeb0a2f77bb90f4817"},"headline":"Entre la penumbra y la palabra: una charla con Horacio de Jes\u00fas Malcampo","datePublished":"2025-12-28T16:52:58+00:00","dateModified":"2025-12-28T16:53:04+00:00","mainEntityOfPage":{"@id":"https:\/\/fuentesfidedignas.com.mx\/index.php\/2025\/12\/28\/entre-la-penumbra-y-la-palabra-una-charla-con-horacio-de-jesus-malcampo\/"},"wordCount":315,"commentCount":0,"publisher":{"@id":"https:\/\/fuentesfidedignas.com.mx\/#organization"},"image":{"@id":"https:\/\/fuentesfidedignas.com.mx\/index.php\/2025\/12\/28\/entre-la-penumbra-y-la-palabra-una-charla-con-horacio-de-jesus-malcampo\/#primaryimage"},"thumbnailUrl":"https:\/\/fuentesfidedignas.com.mx\/wp-content\/uploads\/2025\/12\/logo_2812.jpg","articleSection":["RULETEANDO"],"inLanguage":"es","potentialAction":[{"@type":"CommentAction","name":"Comment","target":["https:\/\/fuentesfidedignas.com.mx\/index.php\/2025\/12\/28\/entre-la-penumbra-y-la-palabra-una-charla-con-horacio-de-jesus-malcampo\/#respond"]}]},{"@type":"WebPage","@id":"https:\/\/fuentesfidedignas.com.mx\/index.php\/2025\/12\/28\/entre-la-penumbra-y-la-palabra-una-charla-con-horacio-de-jesus-malcampo\/","url":"https:\/\/fuentesfidedignas.com.mx\/index.php\/2025\/12\/28\/entre-la-penumbra-y-la-palabra-una-charla-con-horacio-de-jesus-malcampo\/","name":"Entre la penumbra y la palabra: una charla con Horacio de Jes\u00fas Malcampo - Fuentes Fidedignas","isPartOf":{"@id":"https:\/\/fuentesfidedignas.com.mx\/#website"},"primaryImageOfPage":{"@id":"https:\/\/fuentesfidedignas.com.mx\/index.php\/2025\/12\/28\/entre-la-penumbra-y-la-palabra-una-charla-con-horacio-de-jesus-malcampo\/#primaryimage"},"image":{"@id":"https:\/\/fuentesfidedignas.com.mx\/index.php\/2025\/12\/28\/entre-la-penumbra-y-la-palabra-una-charla-con-horacio-de-jesus-malcampo\/#primaryimage"},"thumbnailUrl":"https:\/\/fuentesfidedignas.com.mx\/wp-content\/uploads\/2025\/12\/logo_2812.jpg","datePublished":"2025-12-28T16:52:58+00:00","dateModified":"2025-12-28T16:53:04+00:00","breadcrumb":{"@id":"https:\/\/fuentesfidedignas.com.mx\/index.php\/2025\/12\/28\/entre-la-penumbra-y-la-palabra-una-charla-con-horacio-de-jesus-malcampo\/#breadcrumb"},"inLanguage":"es","potentialAction":[{"@type":"ReadAction","target":["https:\/\/fuentesfidedignas.com.mx\/index.php\/2025\/12\/28\/entre-la-penumbra-y-la-palabra-una-charla-con-horacio-de-jesus-malcampo\/"]}]},{"@type":"ImageObject","inLanguage":"es","@id":"https:\/\/fuentesfidedignas.com.mx\/index.php\/2025\/12\/28\/entre-la-penumbra-y-la-palabra-una-charla-con-horacio-de-jesus-malcampo\/#primaryimage","url":"https:\/\/fuentesfidedignas.com.mx\/wp-content\/uploads\/2025\/12\/logo_2812.jpg","contentUrl":"https:\/\/fuentesfidedignas.com.mx\/wp-content\/uploads\/2025\/12\/logo_2812.jpg","width":500,"height":279},{"@type":"BreadcrumbList","@id":"https:\/\/fuentesfidedignas.com.mx\/index.php\/2025\/12\/28\/entre-la-penumbra-y-la-palabra-una-charla-con-horacio-de-jesus-malcampo\/#breadcrumb","itemListElement":[{"@type":"ListItem","position":1,"name":"Inicio","item":"https:\/\/fuentesfidedignas.com.mx\/"},{"@type":"ListItem","position":2,"name":"Entre la penumbra y la palabra: una charla con Horacio de Jes\u00fas Malcampo"}]},{"@type":"WebSite","@id":"https:\/\/fuentesfidedignas.com.mx\/#website","url":"https:\/\/fuentesfidedignas.com.mx\/","name":"Fuentes Fidedignas","description":"Otro sitio realizado con WordPress","publisher":{"@id":"https:\/\/fuentesfidedignas.com.mx\/#organization"},"potentialAction":[{"@type":"SearchAction","target":{"@type":"EntryPoint","urlTemplate":"https:\/\/fuentesfidedignas.com.mx\/?s={search_term_string}"},"query-input":{"@type":"PropertyValueSpecification","valueRequired":true,"valueName":"search_term_string"}}],"inLanguage":"es"},{"@type":"Organization","@id":"https:\/\/fuentesfidedignas.com.mx\/#organization","name":"Fuentes Fidedignas","url":"https:\/\/fuentesfidedignas.com.mx\/","logo":{"@type":"ImageObject","inLanguage":"es","@id":"https:\/\/fuentesfidedignas.com.mx\/#\/schema\/logo\/image\/","url":"https:\/\/fuentesfidedignas.com.mx\/wp-content\/uploads\/2021\/04\/logo-retina.png","contentUrl":"https:\/\/fuentesfidedignas.com.mx\/wp-content\/uploads\/2021\/04\/logo-retina.png","width":280,"height":51,"caption":"Fuentes Fidedignas"},"image":{"@id":"https:\/\/fuentesfidedignas.com.mx\/#\/schema\/logo\/image\/"},"sameAs":["https:\/\/www.facebook.com\/Fuentes-Fidedignas-368234489921644","https:\/\/x.com\/fidedignas"]},{"@type":"Person","@id":"https:\/\/fuentesfidedignas.com.mx\/#\/schema\/person\/a4e2898d4dca7bbeb0a2f77bb90f4817","name":"Luis \u00c1ngel Rivera Ayala","image":{"@type":"ImageObject","inLanguage":"es","@id":"https:\/\/fuentesfidedignas.com.mx\/wp-content\/uploads\/2025\/02\/Luis_Angel-2025-removebg-preview-150x150.png","url":"https:\/\/fuentesfidedignas.com.mx\/wp-content\/uploads\/2025\/02\/Luis_Angel-2025-removebg-preview-150x150.png","contentUrl":"https:\/\/fuentesfidedignas.com.mx\/wp-content\/uploads\/2025\/02\/Luis_Angel-2025-removebg-preview-150x150.png","caption":"Luis \u00c1ngel Rivera Ayala"},"url":"https:\/\/fuentesfidedignas.com.mx\/index.php\/author\/luisar\/"}]}},"_links":{"self":[{"href":"https:\/\/fuentesfidedignas.com.mx\/index.php\/wp-json\/wp\/v2\/posts\/124385","targetHints":{"allow":["GET"]}}],"collection":[{"href":"https:\/\/fuentesfidedignas.com.mx\/index.php\/wp-json\/wp\/v2\/posts"}],"about":[{"href":"https:\/\/fuentesfidedignas.com.mx\/index.php\/wp-json\/wp\/v2\/types\/post"}],"author":[{"embeddable":true,"href":"https:\/\/fuentesfidedignas.com.mx\/index.php\/wp-json\/wp\/v2\/users\/139"}],"replies":[{"embeddable":true,"href":"https:\/\/fuentesfidedignas.com.mx\/index.php\/wp-json\/wp\/v2\/comments?post=124385"}],"version-history":[{"count":1,"href":"https:\/\/fuentesfidedignas.com.mx\/index.php\/wp-json\/wp\/v2\/posts\/124385\/revisions"}],"predecessor-version":[{"id":124387,"href":"https:\/\/fuentesfidedignas.com.mx\/index.php\/wp-json\/wp\/v2\/posts\/124385\/revisions\/124387"}],"wp:featuredmedia":[{"embeddable":true,"href":"https:\/\/fuentesfidedignas.com.mx\/index.php\/wp-json\/wp\/v2\/media\/124386"}],"wp:attachment":[{"href":"https:\/\/fuentesfidedignas.com.mx\/index.php\/wp-json\/wp\/v2\/media?parent=124385"}],"wp:term":[{"taxonomy":"category","embeddable":true,"href":"https:\/\/fuentesfidedignas.com.mx\/index.php\/wp-json\/wp\/v2\/categories?post=124385"},{"taxonomy":"post_tag","embeddable":true,"href":"https:\/\/fuentesfidedignas.com.mx\/index.php\/wp-json\/wp\/v2\/tags?post=124385"}],"curies":[{"name":"wp","href":"https:\/\/api.w.org\/{rel}","templated":true}]}}