{"id":124335,"date":"2025-12-26T16:16:59","date_gmt":"2025-12-26T23:16:59","guid":{"rendered":"https:\/\/fuentesfidedignas.com.mx\/?p=124335"},"modified":"2025-12-26T16:17:18","modified_gmt":"2025-12-26T23:17:18","slug":"proponen-prohibir-celulares-y-dispositivos-moviles-en-escuelas-de-educacion-basica","status":"publish","type":"post","link":"https:\/\/fuentesfidedignas.com.mx\/index.php\/2025\/12\/26\/proponen-prohibir-celulares-y-dispositivos-moviles-en-escuelas-de-educacion-basica\/","title":{"rendered":"Proponen prohibir celulares y dispositivos m\u00f3viles en escuelas de educaci\u00f3n b\u00e1sica"},"content":{"rendered":"\n<p><strong><em>De acuerdo con la propuesta, profesores y directivos podr\u00edan retener los celulares y dispositivos de los estudiantes durante las clases<\/em><\/strong><\/p>\n\n\n\n<p>El senador Alberto Anaya Guti\u00e9rrez propuso reformar la Ley General de Educaci\u00f3n para prohibir el uso de tel\u00e9fonos celulares y otros dispositivos m\u00f3viles personales durante la jornada escolar en los niveles de educaci\u00f3n b\u00e1sica.<\/p>\n\n\n\n<p>La iniciativa plantea modificar el art\u00edculo 84 de la ley para impedir el uso de celulares, tabletas electr\u00f3nicas, relojes inteligentes y cualquier otro dispositivo m\u00f3vil en las escuelas, salvo en casos de emergencia o por necesidades educativas especiales.<\/p>\n\n\n\n<p>De acuerdo con la propuesta, el personal docente y directivo estar\u00eda facultado para retener los dispositivos de los estudiantes durante el horario escolar, con el fin de garantizar el cumplimiento de la medida, y devolverlos al t\u00e9rmino de la jornada.<\/p>\n\n\n\n<p>Al presentar la iniciativa en tribuna, Anaya Guti\u00e9rrez explic\u00f3 que la propuesta responde a un fen\u00f3meno creciente en las aulas mexicanas: el uso indiscriminado de dispositivos m\u00f3viles y su impacto en la atenci\u00f3n, la convivencia escolar y el sentido formativo del espacio educativo.<\/p>\n\n\n\n<p>En un comunicado, el legislador sostuvo que el objetivo es recuperar a la escuela como un entorno de atenci\u00f3n plena, reflexi\u00f3n y desarrollo humano integral, al favorecer la concentraci\u00f3n, la lectura, el pensamiento cr\u00edtico y la interacci\u00f3n directa entre alumnos y docentes.<\/p>\n\n\n\n<p>Asimismo, se\u00f1al\u00f3 que el establecer l\u00edmites claros al uso de la tecnolog\u00eda busca proteger el derecho de la ni\u00f1ez a una educaci\u00f3n de calidad en un entorno sano y equilibrado, adem\u00e1s de reducir riesgos asociados, como el ciberacoso, la exposici\u00f3n a contenidos inapropiados y la dependencia a la conectividad constante.<\/p>\n\n\n\n<p>El senador aclar\u00f3 que la iniciativa no pretende frenar el progreso tecnol\u00f3gico, sino asegurar que la tecnolog\u00eda sea un apoyo complementario en el proceso educativo y no un sustituto de la interacci\u00f3n humana en el aula.<\/p>\n\n\n\n<p>La propuesta fue turnada a las Comisiones Unidas de Educaci\u00f3n y de Estudios Legislativos para su an\u00e1lisis y eventual dictaminaci\u00f3n.<\/p>\n","protected":false},"excerpt":{"rendered":"<p>De acuerdo con la propuesta, profesores y directivos podr\u00edan retener los celulares y dispositivos de los estudiantes durante las clases El senador Alberto Anaya Guti\u00e9rrez propuso reformar la Ley General de Educaci\u00f3n para prohibir el uso de tel\u00e9fonos celulares y otros dispositivos m\u00f3viles personales durante la jornada escolar en los niveles de educaci\u00f3n b\u00e1sica. La [&hellip;]<\/p>\n","protected":false},"author":22,"featured_media":124336,"comment_status":"open","ping_status":"open","sticky":false,"template":"","format":"standard","meta":{"tdm_status":"","tdm_grid_status":"","footnotes":""},"categories":[39],"tags":[],"class_list":{"0":"post-124335","1":"post","2":"type-post","3":"status-publish","4":"format-standard","5":"has-post-thumbnail","7":"category-noticias-nacionales"},"yoast_head":"<!-- This site is optimized with the Yoast SEO plugin v27.5 - https:\/\/yoast.com\/product\/yoast-seo-wordpress\/ -->\n<title>Proponen prohibir celulares y dispositivos m\u00f3viles en escuelas de educaci\u00f3n b\u00e1sica - Fuentes Fidedignas<\/title>\n<meta name=\"robots\" content=\"index, follow, max-snippet:-1, max-image-preview:large, max-video-preview:-1\" \/>\n<link rel=\"canonical\" href=\"https:\/\/fuentesfidedignas.com.mx\/index.php\/2025\/12\/26\/proponen-prohibir-celulares-y-dispositivos-moviles-en-escuelas-de-educacion-basica\/\" \/>\n<meta property=\"og:locale\" content=\"es_MX\" \/>\n<meta property=\"og:type\" content=\"article\" \/>\n<meta property=\"og:title\" content=\"Proponen prohibir celulares y dispositivos m\u00f3viles en escuelas de educaci\u00f3n b\u00e1sica - Fuentes Fidedignas\" \/>\n<meta property=\"og:description\" content=\"De acuerdo con la propuesta, profesores y directivos podr\u00edan retener los celulares y dispositivos de los estudiantes durante las clases El senador Alberto Anaya Guti\u00e9rrez propuso reformar la Ley General de Educaci\u00f3n para prohibir el uso de tel\u00e9fonos celulares y otros dispositivos m\u00f3viles personales durante la jornada escolar en los niveles de educaci\u00f3n b\u00e1sica. La [&hellip;]\" \/>\n<meta property=\"og:url\" content=\"https:\/\/fuentesfidedignas.com.mx\/index.php\/2025\/12\/26\/proponen-prohibir-celulares-y-dispositivos-moviles-en-escuelas-de-educacion-basica\/\" \/>\n<meta property=\"og:site_name\" content=\"Fuentes Fidedignas\" \/>\n<meta property=\"article:publisher\" content=\"https:\/\/www.facebook.com\/Fuentes-Fidedignas-368234489921644\" \/>\n<meta property=\"article:published_time\" content=\"2025-12-26T23:16:59+00:00\" \/>\n<meta property=\"article:modified_time\" content=\"2025-12-26T23:17:18+00:00\" \/>\n<meta property=\"og:image\" content=\"https:\/\/fuentesfidedignas.com.mx\/wp-content\/uploads\/2025\/12\/celular-en-escuela.jpeg\" \/>\n\t<meta property=\"og:image:width\" content=\"500\" \/>\n\t<meta property=\"og:image:height\" content=\"281\" \/>\n\t<meta property=\"og:image:type\" content=\"image\/jpeg\" \/>\n<meta name=\"author\" content=\"EFE\" \/>\n<meta name=\"twitter:card\" content=\"summary_large_image\" \/>\n<meta name=\"twitter:creator\" content=\"@fidedignas\" \/>\n<meta name=\"twitter:site\" content=\"@fidedignas\" \/>\n<meta name=\"twitter:label1\" content=\"Escrito por\" \/>\n\t<meta name=\"twitter:data1\" content=\"EFE\" \/>\n\t<meta name=\"twitter:label2\" content=\"Tiempo de lectura\" \/>\n\t<meta name=\"twitter:data2\" content=\"2 minutos\" \/>\n<script type=\"application\/ld+json\" class=\"yoast-schema-graph\">{\"@context\":\"https:\\\/\\\/schema.org\",\"@graph\":[{\"@type\":\"Article\",\"@id\":\"https:\\\/\\\/fuentesfidedignas.com.mx\\\/index.php\\\/2025\\\/12\\\/26\\\/proponen-prohibir-celulares-y-dispositivos-moviles-en-escuelas-de-educacion-basica\\\/#article\",\"isPartOf\":{\"@id\":\"https:\\\/\\\/fuentesfidedignas.com.mx\\\/index.php\\\/2025\\\/12\\\/26\\\/proponen-prohibir-celulares-y-dispositivos-moviles-en-escuelas-de-educacion-basica\\\/\"},\"author\":{\"name\":\"EFE\",\"@id\":\"https:\\\/\\\/fuentesfidedignas.com.mx\\\/#\\\/schema\\\/person\\\/0d44615087b5a626d5d3f13afe31ac41\"},\"headline\":\"Proponen prohibir celulares y dispositivos m\u00f3viles en escuelas de educaci\u00f3n b\u00e1sica\",\"datePublished\":\"2025-12-26T23:16:59+00:00\",\"dateModified\":\"2025-12-26T23:17:18+00:00\",\"mainEntityOfPage\":{\"@id\":\"https:\\\/\\\/fuentesfidedignas.com.mx\\\/index.php\\\/2025\\\/12\\\/26\\\/proponen-prohibir-celulares-y-dispositivos-moviles-en-escuelas-de-educacion-basica\\\/\"},\"wordCount\":370,\"commentCount\":0,\"publisher\":{\"@id\":\"https:\\\/\\\/fuentesfidedignas.com.mx\\\/#organization\"},\"image\":{\"@id\":\"https:\\\/\\\/fuentesfidedignas.com.mx\\\/index.php\\\/2025\\\/12\\\/26\\\/proponen-prohibir-celulares-y-dispositivos-moviles-en-escuelas-de-educacion-basica\\\/#primaryimage\"},\"thumbnailUrl\":\"https:\\\/\\\/fuentesfidedignas.com.mx\\\/wp-content\\\/uploads\\\/2025\\\/12\\\/celular-en-escuela.jpeg\",\"articleSection\":[\"NOTICIAS NACIONALES\"],\"inLanguage\":\"es\",\"potentialAction\":[{\"@type\":\"CommentAction\",\"name\":\"Comment\",\"target\":[\"https:\\\/\\\/fuentesfidedignas.com.mx\\\/index.php\\\/2025\\\/12\\\/26\\\/proponen-prohibir-celulares-y-dispositivos-moviles-en-escuelas-de-educacion-basica\\\/#respond\"]}]},{\"@type\":\"WebPage\",\"@id\":\"https:\\\/\\\/fuentesfidedignas.com.mx\\\/index.php\\\/2025\\\/12\\\/26\\\/proponen-prohibir-celulares-y-dispositivos-moviles-en-escuelas-de-educacion-basica\\\/\",\"url\":\"https:\\\/\\\/fuentesfidedignas.com.mx\\\/index.php\\\/2025\\\/12\\\/26\\\/proponen-prohibir-celulares-y-dispositivos-moviles-en-escuelas-de-educacion-basica\\\/\",\"name\":\"Proponen prohibir celulares y dispositivos m\u00f3viles en escuelas de educaci\u00f3n b\u00e1sica - Fuentes Fidedignas\",\"isPartOf\":{\"@id\":\"https:\\\/\\\/fuentesfidedignas.com.mx\\\/#website\"},\"primaryImageOfPage\":{\"@id\":\"https:\\\/\\\/fuentesfidedignas.com.mx\\\/index.php\\\/2025\\\/12\\\/26\\\/proponen-prohibir-celulares-y-dispositivos-moviles-en-escuelas-de-educacion-basica\\\/#primaryimage\"},\"image\":{\"@id\":\"https:\\\/\\\/fuentesfidedignas.com.mx\\\/index.php\\\/2025\\\/12\\\/26\\\/proponen-prohibir-celulares-y-dispositivos-moviles-en-escuelas-de-educacion-basica\\\/#primaryimage\"},\"thumbnailUrl\":\"https:\\\/\\\/fuentesfidedignas.com.mx\\\/wp-content\\\/uploads\\\/2025\\\/12\\\/celular-en-escuela.jpeg\",\"datePublished\":\"2025-12-26T23:16:59+00:00\",\"dateModified\":\"2025-12-26T23:17:18+00:00\",\"breadcrumb\":{\"@id\":\"https:\\\/\\\/fuentesfidedignas.com.mx\\\/index.php\\\/2025\\\/12\\\/26\\\/proponen-prohibir-celulares-y-dispositivos-moviles-en-escuelas-de-educacion-basica\\\/#breadcrumb\"},\"inLanguage\":\"es\",\"potentialAction\":[{\"@type\":\"ReadAction\",\"target\":[\"https:\\\/\\\/fuentesfidedignas.com.mx\\\/index.php\\\/2025\\\/12\\\/26\\\/proponen-prohibir-celulares-y-dispositivos-moviles-en-escuelas-de-educacion-basica\\\/\"]}]},{\"@type\":\"ImageObject\",\"inLanguage\":\"es\",\"@id\":\"https:\\\/\\\/fuentesfidedignas.com.mx\\\/index.php\\\/2025\\\/12\\\/26\\\/proponen-prohibir-celulares-y-dispositivos-moviles-en-escuelas-de-educacion-basica\\\/#primaryimage\",\"url\":\"https:\\\/\\\/fuentesfidedignas.com.mx\\\/wp-content\\\/uploads\\\/2025\\\/12\\\/celular-en-escuela.jpeg\",\"contentUrl\":\"https:\\\/\\\/fuentesfidedignas.com.mx\\\/wp-content\\\/uploads\\\/2025\\\/12\\\/celular-en-escuela.jpeg\",\"width\":500,\"height\":281},{\"@type\":\"BreadcrumbList\",\"@id\":\"https:\\\/\\\/fuentesfidedignas.com.mx\\\/index.php\\\/2025\\\/12\\\/26\\\/proponen-prohibir-celulares-y-dispositivos-moviles-en-escuelas-de-educacion-basica\\\/#breadcrumb\",\"itemListElement\":[{\"@type\":\"ListItem\",\"position\":1,\"name\":\"Inicio\",\"item\":\"https:\\\/\\\/fuentesfidedignas.com.mx\\\/\"},{\"@type\":\"ListItem\",\"position\":2,\"name\":\"Proponen prohibir celulares y dispositivos m\u00f3viles en escuelas de educaci\u00f3n b\u00e1sica\"}]},{\"@type\":\"WebSite\",\"@id\":\"https:\\\/\\\/fuentesfidedignas.com.mx\\\/#website\",\"url\":\"https:\\\/\\\/fuentesfidedignas.com.mx\\\/\",\"name\":\"Fuentes Fidedignas\",\"description\":\"Otro sitio realizado con WordPress\",\"publisher\":{\"@id\":\"https:\\\/\\\/fuentesfidedignas.com.mx\\\/#organization\"},\"potentialAction\":[{\"@type\":\"SearchAction\",\"target\":{\"@type\":\"EntryPoint\",\"urlTemplate\":\"https:\\\/\\\/fuentesfidedignas.com.mx\\\/?s={search_term_string}\"},\"query-input\":{\"@type\":\"PropertyValueSpecification\",\"valueRequired\":true,\"valueName\":\"search_term_string\"}}],\"inLanguage\":\"es\"},{\"@type\":\"Organization\",\"@id\":\"https:\\\/\\\/fuentesfidedignas.com.mx\\\/#organization\",\"name\":\"Fuentes Fidedignas\",\"url\":\"https:\\\/\\\/fuentesfidedignas.com.mx\\\/\",\"logo\":{\"@type\":\"ImageObject\",\"inLanguage\":\"es\",\"@id\":\"https:\\\/\\\/fuentesfidedignas.com.mx\\\/#\\\/schema\\\/logo\\\/image\\\/\",\"url\":\"https:\\\/\\\/fuentesfidedignas.com.mx\\\/wp-content\\\/uploads\\\/2021\\\/04\\\/logo-retina.png\",\"contentUrl\":\"https:\\\/\\\/fuentesfidedignas.com.mx\\\/wp-content\\\/uploads\\\/2021\\\/04\\\/logo-retina.png\",\"width\":280,\"height\":51,\"caption\":\"Fuentes Fidedignas\"},\"image\":{\"@id\":\"https:\\\/\\\/fuentesfidedignas.com.mx\\\/#\\\/schema\\\/logo\\\/image\\\/\"},\"sameAs\":[\"https:\\\/\\\/www.facebook.com\\\/Fuentes-Fidedignas-368234489921644\",\"https:\\\/\\\/x.com\\\/fidedignas\"]},{\"@type\":\"Person\",\"@id\":\"https:\\\/\\\/fuentesfidedignas.com.mx\\\/#\\\/schema\\\/person\\\/0d44615087b5a626d5d3f13afe31ac41\",\"name\":\"EFE\",\"image\":{\"@type\":\"ImageObject\",\"inLanguage\":\"es\",\"@id\":\"https:\\\/\\\/secure.gravatar.com\\\/avatar\\\/7048c2d9b569d9bed55bb53ad23821e6e047aa66338fb6ea9868627bbb9f54e8?s=96&d=mm&r=g\",\"url\":\"https:\\\/\\\/secure.gravatar.com\\\/avatar\\\/7048c2d9b569d9bed55bb53ad23821e6e047aa66338fb6ea9868627bbb9f54e8?s=96&d=mm&r=g\",\"contentUrl\":\"https:\\\/\\\/secure.gravatar.com\\\/avatar\\\/7048c2d9b569d9bed55bb53ad23821e6e047aa66338fb6ea9868627bbb9f54e8?s=96&d=mm&r=g\",\"caption\":\"EFE\"},\"url\":\"https:\\\/\\\/fuentesfidedignas.com.mx\\\/index.php\\\/author\\\/efe\\\/\"}]}<\/script>\n<!-- \/ Yoast SEO plugin. -->","yoast_head_json":{"title":"Proponen prohibir celulares y dispositivos m\u00f3viles en escuelas de educaci\u00f3n b\u00e1sica - Fuentes Fidedignas","robots":{"index":"index","follow":"follow","max-snippet":"max-snippet:-1","max-image-preview":"max-image-preview:large","max-video-preview":"max-video-preview:-1"},"canonical":"https:\/\/fuentesfidedignas.com.mx\/index.php\/2025\/12\/26\/proponen-prohibir-celulares-y-dispositivos-moviles-en-escuelas-de-educacion-basica\/","og_locale":"es_MX","og_type":"article","og_title":"Proponen prohibir celulares y dispositivos m\u00f3viles en escuelas de educaci\u00f3n b\u00e1sica - Fuentes Fidedignas","og_description":"De acuerdo con la propuesta, profesores y directivos podr\u00edan retener los celulares y dispositivos de los estudiantes durante las clases El senador Alberto Anaya Guti\u00e9rrez propuso reformar la Ley General de Educaci\u00f3n para prohibir el uso de tel\u00e9fonos celulares y otros dispositivos m\u00f3viles personales durante la jornada escolar en los niveles de educaci\u00f3n b\u00e1sica. La [&hellip;]","og_url":"https:\/\/fuentesfidedignas.com.mx\/index.php\/2025\/12\/26\/proponen-prohibir-celulares-y-dispositivos-moviles-en-escuelas-de-educacion-basica\/","og_site_name":"Fuentes Fidedignas","article_publisher":"https:\/\/www.facebook.com\/Fuentes-Fidedignas-368234489921644","article_published_time":"2025-12-26T23:16:59+00:00","article_modified_time":"2025-12-26T23:17:18+00:00","og_image":[{"width":500,"height":281,"url":"https:\/\/fuentesfidedignas.com.mx\/wp-content\/uploads\/2025\/12\/celular-en-escuela.jpeg","type":"image\/jpeg"}],"author":"EFE","twitter_card":"summary_large_image","twitter_creator":"@fidedignas","twitter_site":"@fidedignas","twitter_misc":{"Escrito por":"EFE","Tiempo de lectura":"2 minutos"},"schema":{"@context":"https:\/\/schema.org","@graph":[{"@type":"Article","@id":"https:\/\/fuentesfidedignas.com.mx\/index.php\/2025\/12\/26\/proponen-prohibir-celulares-y-dispositivos-moviles-en-escuelas-de-educacion-basica\/#article","isPartOf":{"@id":"https:\/\/fuentesfidedignas.com.mx\/index.php\/2025\/12\/26\/proponen-prohibir-celulares-y-dispositivos-moviles-en-escuelas-de-educacion-basica\/"},"author":{"name":"EFE","@id":"https:\/\/fuentesfidedignas.com.mx\/#\/schema\/person\/0d44615087b5a626d5d3f13afe31ac41"},"headline":"Proponen prohibir celulares y dispositivos m\u00f3viles en escuelas de educaci\u00f3n b\u00e1sica","datePublished":"2025-12-26T23:16:59+00:00","dateModified":"2025-12-26T23:17:18+00:00","mainEntityOfPage":{"@id":"https:\/\/fuentesfidedignas.com.mx\/index.php\/2025\/12\/26\/proponen-prohibir-celulares-y-dispositivos-moviles-en-escuelas-de-educacion-basica\/"},"wordCount":370,"commentCount":0,"publisher":{"@id":"https:\/\/fuentesfidedignas.com.mx\/#organization"},"image":{"@id":"https:\/\/fuentesfidedignas.com.mx\/index.php\/2025\/12\/26\/proponen-prohibir-celulares-y-dispositivos-moviles-en-escuelas-de-educacion-basica\/#primaryimage"},"thumbnailUrl":"https:\/\/fuentesfidedignas.com.mx\/wp-content\/uploads\/2025\/12\/celular-en-escuela.jpeg","articleSection":["NOTICIAS NACIONALES"],"inLanguage":"es","potentialAction":[{"@type":"CommentAction","name":"Comment","target":["https:\/\/fuentesfidedignas.com.mx\/index.php\/2025\/12\/26\/proponen-prohibir-celulares-y-dispositivos-moviles-en-escuelas-de-educacion-basica\/#respond"]}]},{"@type":"WebPage","@id":"https:\/\/fuentesfidedignas.com.mx\/index.php\/2025\/12\/26\/proponen-prohibir-celulares-y-dispositivos-moviles-en-escuelas-de-educacion-basica\/","url":"https:\/\/fuentesfidedignas.com.mx\/index.php\/2025\/12\/26\/proponen-prohibir-celulares-y-dispositivos-moviles-en-escuelas-de-educacion-basica\/","name":"Proponen prohibir celulares y dispositivos m\u00f3viles en escuelas de educaci\u00f3n b\u00e1sica - Fuentes Fidedignas","isPartOf":{"@id":"https:\/\/fuentesfidedignas.com.mx\/#website"},"primaryImageOfPage":{"@id":"https:\/\/fuentesfidedignas.com.mx\/index.php\/2025\/12\/26\/proponen-prohibir-celulares-y-dispositivos-moviles-en-escuelas-de-educacion-basica\/#primaryimage"},"image":{"@id":"https:\/\/fuentesfidedignas.com.mx\/index.php\/2025\/12\/26\/proponen-prohibir-celulares-y-dispositivos-moviles-en-escuelas-de-educacion-basica\/#primaryimage"},"thumbnailUrl":"https:\/\/fuentesfidedignas.com.mx\/wp-content\/uploads\/2025\/12\/celular-en-escuela.jpeg","datePublished":"2025-12-26T23:16:59+00:00","dateModified":"2025-12-26T23:17:18+00:00","breadcrumb":{"@id":"https:\/\/fuentesfidedignas.com.mx\/index.php\/2025\/12\/26\/proponen-prohibir-celulares-y-dispositivos-moviles-en-escuelas-de-educacion-basica\/#breadcrumb"},"inLanguage":"es","potentialAction":[{"@type":"ReadAction","target":["https:\/\/fuentesfidedignas.com.mx\/index.php\/2025\/12\/26\/proponen-prohibir-celulares-y-dispositivos-moviles-en-escuelas-de-educacion-basica\/"]}]},{"@type":"ImageObject","inLanguage":"es","@id":"https:\/\/fuentesfidedignas.com.mx\/index.php\/2025\/12\/26\/proponen-prohibir-celulares-y-dispositivos-moviles-en-escuelas-de-educacion-basica\/#primaryimage","url":"https:\/\/fuentesfidedignas.com.mx\/wp-content\/uploads\/2025\/12\/celular-en-escuela.jpeg","contentUrl":"https:\/\/fuentesfidedignas.com.mx\/wp-content\/uploads\/2025\/12\/celular-en-escuela.jpeg","width":500,"height":281},{"@type":"BreadcrumbList","@id":"https:\/\/fuentesfidedignas.com.mx\/index.php\/2025\/12\/26\/proponen-prohibir-celulares-y-dispositivos-moviles-en-escuelas-de-educacion-basica\/#breadcrumb","itemListElement":[{"@type":"ListItem","position":1,"name":"Inicio","item":"https:\/\/fuentesfidedignas.com.mx\/"},{"@type":"ListItem","position":2,"name":"Proponen prohibir celulares y dispositivos m\u00f3viles en escuelas de educaci\u00f3n b\u00e1sica"}]},{"@type":"WebSite","@id":"https:\/\/fuentesfidedignas.com.mx\/#website","url":"https:\/\/fuentesfidedignas.com.mx\/","name":"Fuentes Fidedignas","description":"Otro sitio realizado con WordPress","publisher":{"@id":"https:\/\/fuentesfidedignas.com.mx\/#organization"},"potentialAction":[{"@type":"SearchAction","target":{"@type":"EntryPoint","urlTemplate":"https:\/\/fuentesfidedignas.com.mx\/?s={search_term_string}"},"query-input":{"@type":"PropertyValueSpecification","valueRequired":true,"valueName":"search_term_string"}}],"inLanguage":"es"},{"@type":"Organization","@id":"https:\/\/fuentesfidedignas.com.mx\/#organization","name":"Fuentes Fidedignas","url":"https:\/\/fuentesfidedignas.com.mx\/","logo":{"@type":"ImageObject","inLanguage":"es","@id":"https:\/\/fuentesfidedignas.com.mx\/#\/schema\/logo\/image\/","url":"https:\/\/fuentesfidedignas.com.mx\/wp-content\/uploads\/2021\/04\/logo-retina.png","contentUrl":"https:\/\/fuentesfidedignas.com.mx\/wp-content\/uploads\/2021\/04\/logo-retina.png","width":280,"height":51,"caption":"Fuentes Fidedignas"},"image":{"@id":"https:\/\/fuentesfidedignas.com.mx\/#\/schema\/logo\/image\/"},"sameAs":["https:\/\/www.facebook.com\/Fuentes-Fidedignas-368234489921644","https:\/\/x.com\/fidedignas"]},{"@type":"Person","@id":"https:\/\/fuentesfidedignas.com.mx\/#\/schema\/person\/0d44615087b5a626d5d3f13afe31ac41","name":"EFE","image":{"@type":"ImageObject","inLanguage":"es","@id":"https:\/\/secure.gravatar.com\/avatar\/7048c2d9b569d9bed55bb53ad23821e6e047aa66338fb6ea9868627bbb9f54e8?s=96&d=mm&r=g","url":"https:\/\/secure.gravatar.com\/avatar\/7048c2d9b569d9bed55bb53ad23821e6e047aa66338fb6ea9868627bbb9f54e8?s=96&d=mm&r=g","contentUrl":"https:\/\/secure.gravatar.com\/avatar\/7048c2d9b569d9bed55bb53ad23821e6e047aa66338fb6ea9868627bbb9f54e8?s=96&d=mm&r=g","caption":"EFE"},"url":"https:\/\/fuentesfidedignas.com.mx\/index.php\/author\/efe\/"}]}},"_links":{"self":[{"href":"https:\/\/fuentesfidedignas.com.mx\/index.php\/wp-json\/wp\/v2\/posts\/124335","targetHints":{"allow":["GET"]}}],"collection":[{"href":"https:\/\/fuentesfidedignas.com.mx\/index.php\/wp-json\/wp\/v2\/posts"}],"about":[{"href":"https:\/\/fuentesfidedignas.com.mx\/index.php\/wp-json\/wp\/v2\/types\/post"}],"author":[{"embeddable":true,"href":"https:\/\/fuentesfidedignas.com.mx\/index.php\/wp-json\/wp\/v2\/users\/22"}],"replies":[{"embeddable":true,"href":"https:\/\/fuentesfidedignas.com.mx\/index.php\/wp-json\/wp\/v2\/comments?post=124335"}],"version-history":[{"count":1,"href":"https:\/\/fuentesfidedignas.com.mx\/index.php\/wp-json\/wp\/v2\/posts\/124335\/revisions"}],"predecessor-version":[{"id":124337,"href":"https:\/\/fuentesfidedignas.com.mx\/index.php\/wp-json\/wp\/v2\/posts\/124335\/revisions\/124337"}],"wp:featuredmedia":[{"embeddable":true,"href":"https:\/\/fuentesfidedignas.com.mx\/index.php\/wp-json\/wp\/v2\/media\/124336"}],"wp:attachment":[{"href":"https:\/\/fuentesfidedignas.com.mx\/index.php\/wp-json\/wp\/v2\/media?parent=124335"}],"wp:term":[{"taxonomy":"category","embeddable":true,"href":"https:\/\/fuentesfidedignas.com.mx\/index.php\/wp-json\/wp\/v2\/categories?post=124335"},{"taxonomy":"post_tag","embeddable":true,"href":"https:\/\/fuentesfidedignas.com.mx\/index.php\/wp-json\/wp\/v2\/tags?post=124335"}],"curies":[{"name":"wp","href":"https:\/\/api.w.org\/{rel}","templated":true}]}}