{"id":12417,"date":"2021-09-13T12:18:25","date_gmt":"2021-09-13T19:18:25","guid":{"rendered":"https:\/\/fuentesfidedignas.com.mx\/?p=12417"},"modified":"2021-09-13T12:18:26","modified_gmt":"2021-09-13T19:18:26","slug":"durante-el-gobierno-de-amlo-la-competitividad-de-mexico-cae-del-puesto-32-al-37","status":"publish","type":"post","link":"https:\/\/fuentesfidedignas.com.mx\/index.php\/2021\/09\/13\/durante-el-gobierno-de-amlo-la-competitividad-de-mexico-cae-del-puesto-32-al-37\/","title":{"rendered":"Durante el gobierno de AMLO, la competitividad de M\u00e9xico cae del puesto 32 al 37"},"content":{"rendered":"\n<p><strong><em>En 3 a\u00f1os, M\u00e9xico ha ca\u00eddo 5 puestos en competitividad mundial, donde rubros como<\/em><\/strong> <strong><em>innovaci\u00f3n, medio ambiente, sociedad, sistema pol\u00edtico y relaciones internacionales presentan un retroceso, de acuerdo con el \u00cdndice de Competitividad Internacional 2021 (ICI).<\/em><\/strong><\/p>\n\n\n\n<p>Ciudad de M\u00e9xico.- a competitividad econ\u00f3mica abre o cierra la puerta para atraer talento, inversiones y capital humano, en 2019, M\u00e9xico se posicion\u00f3 en el lugar 32, cayendo al n\u00famero 35 durante 2020 y ubic\u00e1ndose en el 37 en 2021, esto indica una ca\u00edda de cinco posiciones desde el inicio del sexenio del presidente Andr\u00e9s Manuel L\u00f3pez Obrador, de acuerdo con el \u00cdndice de Competitividad Internacional 2021 (ICI).<\/p>\n\n\n\n<p>En el estudio se analizaron 85 indicadores, categorizados en 10 sub\u00edndices. En 2021, el pa\u00eds m\u00e1s competitivo fue Noruega, mientras que Nigeria se ubic\u00f3 en la posici\u00f3n 43, seg\u00fan el Instituto Mexicano para la Competitividad (IMCO).<\/p>\n\n\n\n<p>Actualmente los 10 pa\u00edses m\u00e1s competitivos son: Noruega, Dinamarca, Suiza, Suecia, Irlanda, Pa\u00edses Bajos, Finlandia, Austria, Australia y Corea del Sur, en contraparte, las econom\u00edas menos competitivas fueron: Colombia, Per\u00fa, Turqu\u00eda, M\u00e9xico, Brasil, Sud\u00e1frica, Argentina, India, Guatemala y Nigeria.<\/p>\n\n\n\n<p>Entre los 10 sub\u00edndices evaluados por el IMCO se encuentra la innovaci\u00f3n, el derecho, medio ambiente, sociedad, sistema pol\u00edtico, gobierno, mercado de factores, econom\u00eda, precursores y relaciones internacionales.<\/p>\n\n\n\n<p>M\u00e9xico retrocedi\u00f3 en cinco de los 10 sub\u00edndices, donde destaca el medio ambiente; con el retroceso de un lugar a causa de un menor porcentaje de electricidad producida por fuentes de energ\u00eda no contaminantes; sociedad retrocedi\u00f3 dos lugares al igual que el sistema pol\u00edtico; relaciones internacionales retrocedi\u00f3 10 lugares por la ca\u00edda en inversi\u00f3n extranjera directa neta y peor desempe\u00f1o en el \u00edndice de libertad comercial, por \u00faltimo, la innovaci\u00f3n retrocedi\u00f3 otro lugar m\u00e1s.<\/p>\n\n\n\n<p>Asimismo, M\u00e9xico mantuvo el mismo nivel en tres sub\u00edndices y mejor\u00f3 en dos: el mercado de factores se encuentra en la posici\u00f3n 20 avanzando una posici\u00f3n gracias a mejoras en la flexibilidad de las leyes laborales, as\u00ed como el sub\u00edndice de econom\u00eda, donde avanz\u00f3 cuatro posiciones como consecuencia del aumento observado en las reservas internacionales y reducci\u00f3n de la deuda externa.<\/p>\n\n\n\n<p>\u201cDesafortunadamente, en 2019 M\u00e9xico fue de los pocos pa\u00edses que su tasa de crecimiento fue m\u00ednima y negativa, al siguiente periodo que fue en pandemia esto nos afect\u00f3 a todos. Si bien el dato de crecimiento es m\u00e1s alarmante en el \u00faltimo a\u00f1o, la verdad es que el efecto se reparti\u00f3 y nos dio un avance en comparaci\u00f3n con nuestra cifra anterior\u201c, explic\u00f3 Ivania Mauari del IMCO en conferencia de prensa.<\/p>\n\n\n\n<p>En cuanto a la inversi\u00f3n por PEA de los pa\u00edses m\u00e1s competitivos, se encuentra en promedio en 29,167 d\u00f3lares y el PIB per c\u00e1pita en 60,488 d\u00f3lares, en comparaci\u00f3n con la inversi\u00f3n por PEA de 3,014 d\u00f3lares de los pa\u00edses menos competitivos y 7,107 d\u00f3lares en promedio del PIB per c\u00e1pita.<\/p>\n\n\n\n<p>Un elemento clave analizado fue el coeficiente de Gini (la medida de desigualdad) en donde M\u00e9xico y las otras nueve naciones menos competitivas se posicionan en el 46, en comparaci\u00f3n con el coeficiente 30 de los 10 pa\u00edses m\u00e1s competitivos, donde el crecimiento econ\u00f3mico es igualitario.<\/p>\n\n\n\n<p>\u201cLos pa\u00edses menos competitivos tienen una fracci\u00f3n del PIB per c\u00e1pita de 7,107 d\u00f3lares mientras que en promedio son casi 30,000 d\u00f3lares. La inversi\u00f3n es esa variable que promueve el crecimiento y desarrollo de las econom\u00edas. El coeficiente de gini me parece impresionante los 10 pa\u00edses menos competitivos tambi\u00e9n son los m\u00e1s desiguales tambi\u00e9n est\u00e1 relacionada con las variables que vemos en el \u00edndice\u201c, puntualiz\u00f3 Valeria Moy, Directora General del IMCO.<\/p>\n","protected":false},"excerpt":{"rendered":"<p>En 3 a\u00f1os, M\u00e9xico ha ca\u00eddo 5 puestos en competitividad mundial, donde rubros como innovaci\u00f3n, medio ambiente, sociedad, sistema pol\u00edtico y relaciones internacionales presentan un retroceso, de acuerdo con el \u00cdndice de Competitividad Internacional 2021 (ICI). Ciudad de M\u00e9xico.- a competitividad econ\u00f3mica abre o cierra la puerta para atraer talento, inversiones y capital humano, en [&hellip;]<\/p>\n","protected":false},"author":5,"featured_media":12418,"comment_status":"open","ping_status":"open","sticky":false,"template":"","format":"standard","meta":{"tdm_status":"","tdm_grid_status":"","footnotes":""},"categories":[39],"tags":[485,714],"class_list":{"0":"post-12417","1":"post","2":"type-post","3":"status-publish","4":"format-standard","5":"has-post-thumbnail","7":"category-noticias-nacionales","8":"tag-economia","9":"tag-secretaria-de-economia"},"yoast_head":"<!-- This site is optimized with the Yoast SEO plugin v27.4 - https:\/\/yoast.com\/product\/yoast-seo-wordpress\/ -->\n<title>Durante el gobierno de AMLO, la competitividad de M\u00e9xico cae del puesto 32 al 37 - Fuentes Fidedignas<\/title>\n<meta name=\"robots\" content=\"index, follow, max-snippet:-1, max-image-preview:large, max-video-preview:-1\" \/>\n<link rel=\"canonical\" href=\"https:\/\/fuentesfidedignas.com.mx\/index.php\/2021\/09\/13\/durante-el-gobierno-de-amlo-la-competitividad-de-mexico-cae-del-puesto-32-al-37\/\" \/>\n<meta property=\"og:locale\" content=\"es_MX\" \/>\n<meta property=\"og:type\" content=\"article\" \/>\n<meta property=\"og:title\" content=\"Durante el gobierno de AMLO, la competitividad de M\u00e9xico cae del puesto 32 al 37 - Fuentes Fidedignas\" \/>\n<meta property=\"og:description\" content=\"En 3 a\u00f1os, M\u00e9xico ha ca\u00eddo 5 puestos en competitividad mundial, donde rubros como innovaci\u00f3n, medio ambiente, sociedad, sistema pol\u00edtico y relaciones internacionales presentan un retroceso, de acuerdo con el \u00cdndice de Competitividad Internacional 2021 (ICI). Ciudad de M\u00e9xico.- a competitividad econ\u00f3mica abre o cierra la puerta para atraer talento, inversiones y capital humano, en [&hellip;]\" \/>\n<meta property=\"og:url\" content=\"https:\/\/fuentesfidedignas.com.mx\/index.php\/2021\/09\/13\/durante-el-gobierno-de-amlo-la-competitividad-de-mexico-cae-del-puesto-32-al-37\/\" \/>\n<meta property=\"og:site_name\" content=\"Fuentes Fidedignas\" \/>\n<meta property=\"article:publisher\" content=\"https:\/\/www.facebook.com\/Fuentes-Fidedignas-368234489921644\" \/>\n<meta property=\"article:published_time\" content=\"2021-09-13T19:18:25+00:00\" \/>\n<meta property=\"article:modified_time\" content=\"2021-09-13T19:18:26+00:00\" \/>\n<meta property=\"og:image\" content=\"https:\/\/fuentesfidedignas.com.mx\/wp-content\/uploads\/2021\/09\/COMPETETIVIDAD_MEX.jpg\" \/>\n\t<meta property=\"og:image:width\" content=\"512\" \/>\n\t<meta property=\"og:image:height\" content=\"331\" \/>\n\t<meta property=\"og:image:type\" content=\"image\/jpeg\" \/>\n<meta name=\"author\" content=\"Forbes\" \/>\n<meta name=\"twitter:card\" content=\"summary_large_image\" \/>\n<meta name=\"twitter:creator\" content=\"@fidedignas\" \/>\n<meta name=\"twitter:site\" content=\"@fidedignas\" \/>\n<meta name=\"twitter:label1\" content=\"Escrito por\" \/>\n\t<meta name=\"twitter:data1\" content=\"Forbes\" \/>\n\t<meta name=\"twitter:label2\" content=\"Tiempo de lectura\" \/>\n\t<meta name=\"twitter:data2\" content=\"3 minutos\" \/>\n<script type=\"application\/ld+json\" class=\"yoast-schema-graph\">{\"@context\":\"https:\\\/\\\/schema.org\",\"@graph\":[{\"@type\":\"Article\",\"@id\":\"https:\\\/\\\/fuentesfidedignas.com.mx\\\/index.php\\\/2021\\\/09\\\/13\\\/durante-el-gobierno-de-amlo-la-competitividad-de-mexico-cae-del-puesto-32-al-37\\\/#article\",\"isPartOf\":{\"@id\":\"https:\\\/\\\/fuentesfidedignas.com.mx\\\/index.php\\\/2021\\\/09\\\/13\\\/durante-el-gobierno-de-amlo-la-competitividad-de-mexico-cae-del-puesto-32-al-37\\\/\"},\"author\":{\"name\":\"Forbes\",\"@id\":\"https:\\\/\\\/fuentesfidedignas.com.mx\\\/#\\\/schema\\\/person\\\/5623d53fe2e579d825b1679734abcc44\"},\"headline\":\"Durante el gobierno de AMLO, la competitividad de M\u00e9xico cae del puesto 32 al 37\",\"datePublished\":\"2021-09-13T19:18:25+00:00\",\"dateModified\":\"2021-09-13T19:18:26+00:00\",\"mainEntityOfPage\":{\"@id\":\"https:\\\/\\\/fuentesfidedignas.com.mx\\\/index.php\\\/2021\\\/09\\\/13\\\/durante-el-gobierno-de-amlo-la-competitividad-de-mexico-cae-del-puesto-32-al-37\\\/\"},\"wordCount\":645,\"commentCount\":0,\"publisher\":{\"@id\":\"https:\\\/\\\/fuentesfidedignas.com.mx\\\/#organization\"},\"image\":{\"@id\":\"https:\\\/\\\/fuentesfidedignas.com.mx\\\/index.php\\\/2021\\\/09\\\/13\\\/durante-el-gobierno-de-amlo-la-competitividad-de-mexico-cae-del-puesto-32-al-37\\\/#primaryimage\"},\"thumbnailUrl\":\"https:\\\/\\\/fuentesfidedignas.com.mx\\\/wp-content\\\/uploads\\\/2021\\\/09\\\/COMPETETIVIDAD_MEX.jpg\",\"keywords\":[\"Econom\u00eda\",\"Secretar\u00eda de Econom\u00eda\"],\"articleSection\":[\"NOTICIAS NACIONALES\"],\"inLanguage\":\"es\",\"potentialAction\":[{\"@type\":\"CommentAction\",\"name\":\"Comment\",\"target\":[\"https:\\\/\\\/fuentesfidedignas.com.mx\\\/index.php\\\/2021\\\/09\\\/13\\\/durante-el-gobierno-de-amlo-la-competitividad-de-mexico-cae-del-puesto-32-al-37\\\/#respond\"]}]},{\"@type\":\"WebPage\",\"@id\":\"https:\\\/\\\/fuentesfidedignas.com.mx\\\/index.php\\\/2021\\\/09\\\/13\\\/durante-el-gobierno-de-amlo-la-competitividad-de-mexico-cae-del-puesto-32-al-37\\\/\",\"url\":\"https:\\\/\\\/fuentesfidedignas.com.mx\\\/index.php\\\/2021\\\/09\\\/13\\\/durante-el-gobierno-de-amlo-la-competitividad-de-mexico-cae-del-puesto-32-al-37\\\/\",\"name\":\"Durante el gobierno de AMLO, la competitividad de M\u00e9xico cae del puesto 32 al 37 - Fuentes Fidedignas\",\"isPartOf\":{\"@id\":\"https:\\\/\\\/fuentesfidedignas.com.mx\\\/#website\"},\"primaryImageOfPage\":{\"@id\":\"https:\\\/\\\/fuentesfidedignas.com.mx\\\/index.php\\\/2021\\\/09\\\/13\\\/durante-el-gobierno-de-amlo-la-competitividad-de-mexico-cae-del-puesto-32-al-37\\\/#primaryimage\"},\"image\":{\"@id\":\"https:\\\/\\\/fuentesfidedignas.com.mx\\\/index.php\\\/2021\\\/09\\\/13\\\/durante-el-gobierno-de-amlo-la-competitividad-de-mexico-cae-del-puesto-32-al-37\\\/#primaryimage\"},\"thumbnailUrl\":\"https:\\\/\\\/fuentesfidedignas.com.mx\\\/wp-content\\\/uploads\\\/2021\\\/09\\\/COMPETETIVIDAD_MEX.jpg\",\"datePublished\":\"2021-09-13T19:18:25+00:00\",\"dateModified\":\"2021-09-13T19:18:26+00:00\",\"breadcrumb\":{\"@id\":\"https:\\\/\\\/fuentesfidedignas.com.mx\\\/index.php\\\/2021\\\/09\\\/13\\\/durante-el-gobierno-de-amlo-la-competitividad-de-mexico-cae-del-puesto-32-al-37\\\/#breadcrumb\"},\"inLanguage\":\"es\",\"potentialAction\":[{\"@type\":\"ReadAction\",\"target\":[\"https:\\\/\\\/fuentesfidedignas.com.mx\\\/index.php\\\/2021\\\/09\\\/13\\\/durante-el-gobierno-de-amlo-la-competitividad-de-mexico-cae-del-puesto-32-al-37\\\/\"]}]},{\"@type\":\"ImageObject\",\"inLanguage\":\"es\",\"@id\":\"https:\\\/\\\/fuentesfidedignas.com.mx\\\/index.php\\\/2021\\\/09\\\/13\\\/durante-el-gobierno-de-amlo-la-competitividad-de-mexico-cae-del-puesto-32-al-37\\\/#primaryimage\",\"url\":\"https:\\\/\\\/fuentesfidedignas.com.mx\\\/wp-content\\\/uploads\\\/2021\\\/09\\\/COMPETETIVIDAD_MEX.jpg\",\"contentUrl\":\"https:\\\/\\\/fuentesfidedignas.com.mx\\\/wp-content\\\/uploads\\\/2021\\\/09\\\/COMPETETIVIDAD_MEX.jpg\",\"width\":512,\"height\":331},{\"@type\":\"BreadcrumbList\",\"@id\":\"https:\\\/\\\/fuentesfidedignas.com.mx\\\/index.php\\\/2021\\\/09\\\/13\\\/durante-el-gobierno-de-amlo-la-competitividad-de-mexico-cae-del-puesto-32-al-37\\\/#breadcrumb\",\"itemListElement\":[{\"@type\":\"ListItem\",\"position\":1,\"name\":\"Inicio\",\"item\":\"https:\\\/\\\/fuentesfidedignas.com.mx\\\/\"},{\"@type\":\"ListItem\",\"position\":2,\"name\":\"Durante el gobierno de AMLO, la competitividad de M\u00e9xico cae del puesto 32 al 37\"}]},{\"@type\":\"WebSite\",\"@id\":\"https:\\\/\\\/fuentesfidedignas.com.mx\\\/#website\",\"url\":\"https:\\\/\\\/fuentesfidedignas.com.mx\\\/\",\"name\":\"Fuentes Fidedignas\",\"description\":\"Otro sitio realizado con WordPress\",\"publisher\":{\"@id\":\"https:\\\/\\\/fuentesfidedignas.com.mx\\\/#organization\"},\"potentialAction\":[{\"@type\":\"SearchAction\",\"target\":{\"@type\":\"EntryPoint\",\"urlTemplate\":\"https:\\\/\\\/fuentesfidedignas.com.mx\\\/?s={search_term_string}\"},\"query-input\":{\"@type\":\"PropertyValueSpecification\",\"valueRequired\":true,\"valueName\":\"search_term_string\"}}],\"inLanguage\":\"es\"},{\"@type\":\"Organization\",\"@id\":\"https:\\\/\\\/fuentesfidedignas.com.mx\\\/#organization\",\"name\":\"Fuentes Fidedignas\",\"url\":\"https:\\\/\\\/fuentesfidedignas.com.mx\\\/\",\"logo\":{\"@type\":\"ImageObject\",\"inLanguage\":\"es\",\"@id\":\"https:\\\/\\\/fuentesfidedignas.com.mx\\\/#\\\/schema\\\/logo\\\/image\\\/\",\"url\":\"https:\\\/\\\/fuentesfidedignas.com.mx\\\/wp-content\\\/uploads\\\/2021\\\/04\\\/logo-retina.png\",\"contentUrl\":\"https:\\\/\\\/fuentesfidedignas.com.mx\\\/wp-content\\\/uploads\\\/2021\\\/04\\\/logo-retina.png\",\"width\":280,\"height\":51,\"caption\":\"Fuentes Fidedignas\"},\"image\":{\"@id\":\"https:\\\/\\\/fuentesfidedignas.com.mx\\\/#\\\/schema\\\/logo\\\/image\\\/\"},\"sameAs\":[\"https:\\\/\\\/www.facebook.com\\\/Fuentes-Fidedignas-368234489921644\",\"https:\\\/\\\/x.com\\\/fidedignas\"]},{\"@type\":\"Person\",\"@id\":\"https:\\\/\\\/fuentesfidedignas.com.mx\\\/#\\\/schema\\\/person\\\/5623d53fe2e579d825b1679734abcc44\",\"name\":\"Forbes\",\"image\":{\"@type\":\"ImageObject\",\"inLanguage\":\"es\",\"@id\":\"https:\\\/\\\/secure.gravatar.com\\\/avatar\\\/87ce3dd4e41e60c22a79c758614f01a6bc2469255fc936ec7b15efb9bb5cb66f?s=96&d=mm&r=g\",\"url\":\"https:\\\/\\\/secure.gravatar.com\\\/avatar\\\/87ce3dd4e41e60c22a79c758614f01a6bc2469255fc936ec7b15efb9bb5cb66f?s=96&d=mm&r=g\",\"contentUrl\":\"https:\\\/\\\/secure.gravatar.com\\\/avatar\\\/87ce3dd4e41e60c22a79c758614f01a6bc2469255fc936ec7b15efb9bb5cb66f?s=96&d=mm&r=g\",\"caption\":\"Forbes\"},\"url\":\"https:\\\/\\\/fuentesfidedignas.com.mx\\\/index.php\\\/author\\\/forbes\\\/\"}]}<\/script>\n<!-- \/ Yoast SEO plugin. -->","yoast_head_json":{"title":"Durante el gobierno de AMLO, la competitividad de M\u00e9xico cae del puesto 32 al 37 - Fuentes Fidedignas","robots":{"index":"index","follow":"follow","max-snippet":"max-snippet:-1","max-image-preview":"max-image-preview:large","max-video-preview":"max-video-preview:-1"},"canonical":"https:\/\/fuentesfidedignas.com.mx\/index.php\/2021\/09\/13\/durante-el-gobierno-de-amlo-la-competitividad-de-mexico-cae-del-puesto-32-al-37\/","og_locale":"es_MX","og_type":"article","og_title":"Durante el gobierno de AMLO, la competitividad de M\u00e9xico cae del puesto 32 al 37 - Fuentes Fidedignas","og_description":"En 3 a\u00f1os, M\u00e9xico ha ca\u00eddo 5 puestos en competitividad mundial, donde rubros como innovaci\u00f3n, medio ambiente, sociedad, sistema pol\u00edtico y relaciones internacionales presentan un retroceso, de acuerdo con el \u00cdndice de Competitividad Internacional 2021 (ICI). Ciudad de M\u00e9xico.- a competitividad econ\u00f3mica abre o cierra la puerta para atraer talento, inversiones y capital humano, en [&hellip;]","og_url":"https:\/\/fuentesfidedignas.com.mx\/index.php\/2021\/09\/13\/durante-el-gobierno-de-amlo-la-competitividad-de-mexico-cae-del-puesto-32-al-37\/","og_site_name":"Fuentes Fidedignas","article_publisher":"https:\/\/www.facebook.com\/Fuentes-Fidedignas-368234489921644","article_published_time":"2021-09-13T19:18:25+00:00","article_modified_time":"2021-09-13T19:18:26+00:00","og_image":[{"width":512,"height":331,"url":"https:\/\/fuentesfidedignas.com.mx\/wp-content\/uploads\/2021\/09\/COMPETETIVIDAD_MEX.jpg","type":"image\/jpeg"}],"author":"Forbes","twitter_card":"summary_large_image","twitter_creator":"@fidedignas","twitter_site":"@fidedignas","twitter_misc":{"Escrito por":"Forbes","Tiempo de lectura":"3 minutos"},"schema":{"@context":"https:\/\/schema.org","@graph":[{"@type":"Article","@id":"https:\/\/fuentesfidedignas.com.mx\/index.php\/2021\/09\/13\/durante-el-gobierno-de-amlo-la-competitividad-de-mexico-cae-del-puesto-32-al-37\/#article","isPartOf":{"@id":"https:\/\/fuentesfidedignas.com.mx\/index.php\/2021\/09\/13\/durante-el-gobierno-de-amlo-la-competitividad-de-mexico-cae-del-puesto-32-al-37\/"},"author":{"name":"Forbes","@id":"https:\/\/fuentesfidedignas.com.mx\/#\/schema\/person\/5623d53fe2e579d825b1679734abcc44"},"headline":"Durante el gobierno de AMLO, la competitividad de M\u00e9xico cae del puesto 32 al 37","datePublished":"2021-09-13T19:18:25+00:00","dateModified":"2021-09-13T19:18:26+00:00","mainEntityOfPage":{"@id":"https:\/\/fuentesfidedignas.com.mx\/index.php\/2021\/09\/13\/durante-el-gobierno-de-amlo-la-competitividad-de-mexico-cae-del-puesto-32-al-37\/"},"wordCount":645,"commentCount":0,"publisher":{"@id":"https:\/\/fuentesfidedignas.com.mx\/#organization"},"image":{"@id":"https:\/\/fuentesfidedignas.com.mx\/index.php\/2021\/09\/13\/durante-el-gobierno-de-amlo-la-competitividad-de-mexico-cae-del-puesto-32-al-37\/#primaryimage"},"thumbnailUrl":"https:\/\/fuentesfidedignas.com.mx\/wp-content\/uploads\/2021\/09\/COMPETETIVIDAD_MEX.jpg","keywords":["Econom\u00eda","Secretar\u00eda de Econom\u00eda"],"articleSection":["NOTICIAS NACIONALES"],"inLanguage":"es","potentialAction":[{"@type":"CommentAction","name":"Comment","target":["https:\/\/fuentesfidedignas.com.mx\/index.php\/2021\/09\/13\/durante-el-gobierno-de-amlo-la-competitividad-de-mexico-cae-del-puesto-32-al-37\/#respond"]}]},{"@type":"WebPage","@id":"https:\/\/fuentesfidedignas.com.mx\/index.php\/2021\/09\/13\/durante-el-gobierno-de-amlo-la-competitividad-de-mexico-cae-del-puesto-32-al-37\/","url":"https:\/\/fuentesfidedignas.com.mx\/index.php\/2021\/09\/13\/durante-el-gobierno-de-amlo-la-competitividad-de-mexico-cae-del-puesto-32-al-37\/","name":"Durante el gobierno de AMLO, la competitividad de M\u00e9xico cae del puesto 32 al 37 - Fuentes Fidedignas","isPartOf":{"@id":"https:\/\/fuentesfidedignas.com.mx\/#website"},"primaryImageOfPage":{"@id":"https:\/\/fuentesfidedignas.com.mx\/index.php\/2021\/09\/13\/durante-el-gobierno-de-amlo-la-competitividad-de-mexico-cae-del-puesto-32-al-37\/#primaryimage"},"image":{"@id":"https:\/\/fuentesfidedignas.com.mx\/index.php\/2021\/09\/13\/durante-el-gobierno-de-amlo-la-competitividad-de-mexico-cae-del-puesto-32-al-37\/#primaryimage"},"thumbnailUrl":"https:\/\/fuentesfidedignas.com.mx\/wp-content\/uploads\/2021\/09\/COMPETETIVIDAD_MEX.jpg","datePublished":"2021-09-13T19:18:25+00:00","dateModified":"2021-09-13T19:18:26+00:00","breadcrumb":{"@id":"https:\/\/fuentesfidedignas.com.mx\/index.php\/2021\/09\/13\/durante-el-gobierno-de-amlo-la-competitividad-de-mexico-cae-del-puesto-32-al-37\/#breadcrumb"},"inLanguage":"es","potentialAction":[{"@type":"ReadAction","target":["https:\/\/fuentesfidedignas.com.mx\/index.php\/2021\/09\/13\/durante-el-gobierno-de-amlo-la-competitividad-de-mexico-cae-del-puesto-32-al-37\/"]}]},{"@type":"ImageObject","inLanguage":"es","@id":"https:\/\/fuentesfidedignas.com.mx\/index.php\/2021\/09\/13\/durante-el-gobierno-de-amlo-la-competitividad-de-mexico-cae-del-puesto-32-al-37\/#primaryimage","url":"https:\/\/fuentesfidedignas.com.mx\/wp-content\/uploads\/2021\/09\/COMPETETIVIDAD_MEX.jpg","contentUrl":"https:\/\/fuentesfidedignas.com.mx\/wp-content\/uploads\/2021\/09\/COMPETETIVIDAD_MEX.jpg","width":512,"height":331},{"@type":"BreadcrumbList","@id":"https:\/\/fuentesfidedignas.com.mx\/index.php\/2021\/09\/13\/durante-el-gobierno-de-amlo-la-competitividad-de-mexico-cae-del-puesto-32-al-37\/#breadcrumb","itemListElement":[{"@type":"ListItem","position":1,"name":"Inicio","item":"https:\/\/fuentesfidedignas.com.mx\/"},{"@type":"ListItem","position":2,"name":"Durante el gobierno de AMLO, la competitividad de M\u00e9xico cae del puesto 32 al 37"}]},{"@type":"WebSite","@id":"https:\/\/fuentesfidedignas.com.mx\/#website","url":"https:\/\/fuentesfidedignas.com.mx\/","name":"Fuentes Fidedignas","description":"Otro sitio realizado con WordPress","publisher":{"@id":"https:\/\/fuentesfidedignas.com.mx\/#organization"},"potentialAction":[{"@type":"SearchAction","target":{"@type":"EntryPoint","urlTemplate":"https:\/\/fuentesfidedignas.com.mx\/?s={search_term_string}"},"query-input":{"@type":"PropertyValueSpecification","valueRequired":true,"valueName":"search_term_string"}}],"inLanguage":"es"},{"@type":"Organization","@id":"https:\/\/fuentesfidedignas.com.mx\/#organization","name":"Fuentes Fidedignas","url":"https:\/\/fuentesfidedignas.com.mx\/","logo":{"@type":"ImageObject","inLanguage":"es","@id":"https:\/\/fuentesfidedignas.com.mx\/#\/schema\/logo\/image\/","url":"https:\/\/fuentesfidedignas.com.mx\/wp-content\/uploads\/2021\/04\/logo-retina.png","contentUrl":"https:\/\/fuentesfidedignas.com.mx\/wp-content\/uploads\/2021\/04\/logo-retina.png","width":280,"height":51,"caption":"Fuentes Fidedignas"},"image":{"@id":"https:\/\/fuentesfidedignas.com.mx\/#\/schema\/logo\/image\/"},"sameAs":["https:\/\/www.facebook.com\/Fuentes-Fidedignas-368234489921644","https:\/\/x.com\/fidedignas"]},{"@type":"Person","@id":"https:\/\/fuentesfidedignas.com.mx\/#\/schema\/person\/5623d53fe2e579d825b1679734abcc44","name":"Forbes","image":{"@type":"ImageObject","inLanguage":"es","@id":"https:\/\/secure.gravatar.com\/avatar\/87ce3dd4e41e60c22a79c758614f01a6bc2469255fc936ec7b15efb9bb5cb66f?s=96&d=mm&r=g","url":"https:\/\/secure.gravatar.com\/avatar\/87ce3dd4e41e60c22a79c758614f01a6bc2469255fc936ec7b15efb9bb5cb66f?s=96&d=mm&r=g","contentUrl":"https:\/\/secure.gravatar.com\/avatar\/87ce3dd4e41e60c22a79c758614f01a6bc2469255fc936ec7b15efb9bb5cb66f?s=96&d=mm&r=g","caption":"Forbes"},"url":"https:\/\/fuentesfidedignas.com.mx\/index.php\/author\/forbes\/"}]}},"_links":{"self":[{"href":"https:\/\/fuentesfidedignas.com.mx\/index.php\/wp-json\/wp\/v2\/posts\/12417","targetHints":{"allow":["GET"]}}],"collection":[{"href":"https:\/\/fuentesfidedignas.com.mx\/index.php\/wp-json\/wp\/v2\/posts"}],"about":[{"href":"https:\/\/fuentesfidedignas.com.mx\/index.php\/wp-json\/wp\/v2\/types\/post"}],"author":[{"embeddable":true,"href":"https:\/\/fuentesfidedignas.com.mx\/index.php\/wp-json\/wp\/v2\/users\/5"}],"replies":[{"embeddable":true,"href":"https:\/\/fuentesfidedignas.com.mx\/index.php\/wp-json\/wp\/v2\/comments?post=12417"}],"version-history":[{"count":1,"href":"https:\/\/fuentesfidedignas.com.mx\/index.php\/wp-json\/wp\/v2\/posts\/12417\/revisions"}],"predecessor-version":[{"id":12419,"href":"https:\/\/fuentesfidedignas.com.mx\/index.php\/wp-json\/wp\/v2\/posts\/12417\/revisions\/12419"}],"wp:featuredmedia":[{"embeddable":true,"href":"https:\/\/fuentesfidedignas.com.mx\/index.php\/wp-json\/wp\/v2\/media\/12418"}],"wp:attachment":[{"href":"https:\/\/fuentesfidedignas.com.mx\/index.php\/wp-json\/wp\/v2\/media?parent=12417"}],"wp:term":[{"taxonomy":"category","embeddable":true,"href":"https:\/\/fuentesfidedignas.com.mx\/index.php\/wp-json\/wp\/v2\/categories?post=12417"},{"taxonomy":"post_tag","embeddable":true,"href":"https:\/\/fuentesfidedignas.com.mx\/index.php\/wp-json\/wp\/v2\/tags?post=12417"}],"curies":[{"name":"wp","href":"https:\/\/api.w.org\/{rel}","templated":true}]}}