{"id":124100,"date":"2025-12-23T05:34:07","date_gmt":"2025-12-23T12:34:07","guid":{"rendered":"https:\/\/fuentesfidedignas.com.mx\/?p=124100"},"modified":"2025-12-23T09:00:54","modified_gmt":"2025-12-23T16:00:54","slug":"con-lleno-total-familias-celebran-la-llegada-de-los-nuevos-capibaras-al-zoo-culiacan","status":"publish","type":"post","link":"https:\/\/fuentesfidedignas.com.mx\/index.php\/2025\/12\/23\/con-lleno-total-familias-celebran-la-llegada-de-los-nuevos-capibaras-al-zoo-culiacan\/","title":{"rendered":"Con lleno total, familias celebran la llegada de los nuevos capibaras al Zoo Culiac\u00e1n"},"content":{"rendered":"\n<p><\/p>\n\n\n\n<p><em>La presentaci\u00f3n gratuita de dos capibaras beb\u00e9s fue todo un \u00e9xito y registr\u00f3 una gran afluencia de familias, ni\u00f1as y ni\u00f1os, quienes disfrutaron de una tarde llena de alegr\u00eda, cultura y diversi\u00f3n<\/em><\/p>\n\n\n\n<p>Culiac\u00e1n, Sinaloa; a 20 de diciembre de 2025.\u2014 Con un lleno total y una notable afluencia de cientos de familias, el Ayuntamiento de Culiac\u00e1n y el Zool\u00f3gico de Culiac\u00e1n llevaron a cabo con gran \u00e9xito la presentaci\u00f3n oficial de los nuevos integrantes de este espacio: dos capibaras beb\u00e9s de seis meses de edad, evento que tuvo una excelente aceptaci\u00f3n por parte de la ciudadan\u00eda.<\/p>\n\n\n\n<p>Desde temprana hora, miles acudieron al Zool\u00f3gico de Culiac\u00e1n para ser parte de esta actividad totalmente gratuita, generando largas filas y un ambiente de entusiasmo que reflej\u00f3 el inter\u00e9s y cari\u00f1o de las familias por estos nuevos habitantes.<\/p>\n\n\n\n<figure class=\"wp-block-image size-large\"><img decoding=\"async\" width=\"1024\" height=\"682\" src=\"https:\/\/fuentesfidedignas.com.mx\/wp-content\/uploads\/2025\/12\/d7bc3328-7986-4575-9698-d97df340099a-1024x682.jpg\" class=\"wp-image-124098\" srcset=\"https:\/\/fuentesfidedignas.com.mx\/wp-content\/uploads\/2025\/12\/d7bc3328-7986-4575-9698-d97df340099a-1024x682.jpg 1024w, https:\/\/fuentesfidedignas.com.mx\/wp-content\/uploads\/2025\/12\/d7bc3328-7986-4575-9698-d97df340099a-300x200.jpg 300w, https:\/\/fuentesfidedignas.com.mx\/wp-content\/uploads\/2025\/12\/d7bc3328-7986-4575-9698-d97df340099a-768x512.jpg 768w, https:\/\/fuentesfidedignas.com.mx\/wp-content\/uploads\/2025\/12\/d7bc3328-7986-4575-9698-d97df340099a-1536x1023.jpg 1536w, https:\/\/fuentesfidedignas.com.mx\/wp-content\/uploads\/2025\/12\/d7bc3328-7986-4575-9698-d97df340099a.jpg 1600w\" sizes=\"(max-width: 1024px) 100vw, 1024px\" \/><\/figure>\n\n\n\n<p>Durante la presentaci\u00f3n oficial, ni\u00f1as y ni\u00f1os disfrutaron de cuentos, historias y din\u00e1micas mientras esperaban la salida de los capibaras. El director del Instituto Municipal de Cultura, Adolfo Plata Guzm\u00e1n, y el din\u00e1mico Germ\u00e1n Zambada, \u201cel Primo Germ\u00e1n\u201d, mantuvieron animado al p\u00fablico con juegos y ocurrencias que provocaron risas y aplausos.<\/p>\n\n\n\n<p>El evento se complement\u00f3 con danza y m\u00fasica, ofreciendo un espect\u00e1culo cultural que llen\u00f3 de emoci\u00f3n a los asistentes. Asimismo, los personajes de capibaras Berto y Toto, con su caracter\u00edstico acento argentino, acapararon la atenci\u00f3n de los m\u00e1s peque\u00f1os, quienes convivieron, bailaron y se tomaron fotograf\u00edas.<\/p>\n\n\n\n<p>El ambiente festivo continu\u00f3 con la instalaci\u00f3n de un bazar de emprendedores locales, donde se ofrecieron diversos productos y gastronom\u00eda. Peluches, botargas y art\u00edculos alusivos a los capibaras fueron de los m\u00e1s solicitados, convirti\u00e9ndose en los favoritos de las ni\u00f1as y ni\u00f1os.<\/p>\n\n\n\n<p>En entrevista, el director del Zool\u00f3gico de Culiac\u00e1n, Jos\u00e9 Mar\u00eda Casanova Rodr\u00edguez, resalt\u00f3 la gran respuesta del p\u00fablico y el aforo registrado durante el evento.<\/p>\n\n\n\n<p>\u201cMuy contento y muy agradecido con el presidente municipal Juan de Dios G\u00e1mez Mend\u00edvil por esta oportunidad de traer estas sonrisas al Zool\u00f3gico de Culiac\u00e1n, estas bendiciones para todos los ni\u00f1os y ni\u00f1as. La llegada de esta familia de capibaras, macho y hembra, corresponde a una nueva integraci\u00f3n de una capibara que ya ten\u00edamos. Tuvimos un lleno total; hab\u00eda filas en el escenario, sin embargo ten\u00eda que haber un control\u201d, se\u00f1al\u00f3.<\/p>\n\n\n\n<p>Casanova Rodr\u00edguez destac\u00f3 que la entrada fue completamente gratuita y record\u00f3 que este domingo las familias podr\u00e1n acudir nuevamente al parque para conocer a los capibaras sin costo alguno. Adem\u00e1s, inform\u00f3 que durante la temporada decembrina el zool\u00f3gico continuar\u00e1 operando de manera normal, acepci\u00f3n del d\u00eda 24 y 31 de diciembre, con un horario de 10 de la ma\u00f1ana a 5 de la tarde.<\/p>\n\n\n\n<p>Para garantizar la seguridad ante la alta afluencia, se cont\u00f3 con la presencia de personal de la Coordinaci\u00f3n Municipal de Protecci\u00f3n Civil, la Direcci\u00f3n de Salud Municipal y la Secretar\u00eda de Seguridad P\u00fablica y Tr\u00e1nsito Municipal.<\/p>\n\n\n\n<p>Con gran aforo, ambiente familiar y excelente aceptaci\u00f3n, la llegada de los nuevos capibaras se consolid\u00f3 como un evento exitoso que llen\u00f3 de sonrisas y convivencia el Zool\u00f3gico de Culiac\u00e1n.<\/p>\n","protected":false},"excerpt":{"rendered":"<p>La presentaci\u00f3n gratuita de dos capibaras beb\u00e9s fue todo un \u00e9xito y registr\u00f3 una gran afluencia de familias, ni\u00f1as y ni\u00f1os, quienes disfrutaron de una tarde llena de alegr\u00eda, cultura y diversi\u00f3n Culiac\u00e1n, Sinaloa; a 20 de diciembre de 2025.\u2014 Con un lleno total y una notable afluencia de cientos de familias, el Ayuntamiento de [&hellip;]<\/p>\n","protected":false},"author":4,"featured_media":124099,"comment_status":"closed","ping_status":"open","sticky":false,"template":"","format":"standard","meta":{"tdm_status":"","tdm_grid_status":"","footnotes":""},"categories":[32,36],"tags":[],"class_list":{"0":"post-124100","1":"post","2":"type-post","3":"status-publish","4":"format-standard","5":"has-post-thumbnail","7":"category-derechos-animales","8":"category-semanales"},"yoast_head":"<!-- This site is optimized with the Yoast SEO plugin v27.5 - https:\/\/yoast.com\/product\/yoast-seo-wordpress\/ -->\n<title>Con lleno total, familias celebran la llegada de los nuevos capibaras al Zoo Culiac\u00e1n - Fuentes Fidedignas<\/title>\n<meta name=\"robots\" content=\"index, follow, max-snippet:-1, max-image-preview:large, max-video-preview:-1\" \/>\n<link rel=\"canonical\" href=\"https:\/\/fuentesfidedignas.com.mx\/index.php\/2025\/12\/23\/con-lleno-total-familias-celebran-la-llegada-de-los-nuevos-capibaras-al-zoo-culiacan\/\" \/>\n<meta property=\"og:locale\" content=\"es_MX\" \/>\n<meta property=\"og:type\" content=\"article\" \/>\n<meta property=\"og:title\" content=\"Con lleno total, familias celebran la llegada de los nuevos capibaras al Zoo Culiac\u00e1n - Fuentes Fidedignas\" \/>\n<meta property=\"og:description\" content=\"La presentaci\u00f3n gratuita de dos capibaras beb\u00e9s fue todo un \u00e9xito y registr\u00f3 una gran afluencia de familias, ni\u00f1as y ni\u00f1os, quienes disfrutaron de una tarde llena de alegr\u00eda, cultura y diversi\u00f3n Culiac\u00e1n, Sinaloa; a 20 de diciembre de 2025.\u2014 Con un lleno total y una notable afluencia de cientos de familias, el Ayuntamiento de [&hellip;]\" \/>\n<meta property=\"og:url\" content=\"https:\/\/fuentesfidedignas.com.mx\/index.php\/2025\/12\/23\/con-lleno-total-familias-celebran-la-llegada-de-los-nuevos-capibaras-al-zoo-culiacan\/\" \/>\n<meta property=\"og:site_name\" content=\"Fuentes Fidedignas\" \/>\n<meta property=\"article:publisher\" content=\"https:\/\/www.facebook.com\/Fuentes-Fidedignas-368234489921644\" \/>\n<meta property=\"article:published_time\" content=\"2025-12-23T12:34:07+00:00\" \/>\n<meta property=\"article:modified_time\" content=\"2025-12-23T16:00:54+00:00\" \/>\n<meta property=\"og:image\" content=\"https:\/\/fuentesfidedignas.com.mx\/wp-content\/uploads\/2025\/12\/94e4151e-69dd-4fd6-9713-f6e32b5877fa.jpg\" \/>\n\t<meta property=\"og:image:width\" content=\"1280\" \/>\n\t<meta property=\"og:image:height\" content=\"960\" \/>\n\t<meta property=\"og:image:type\" content=\"image\/jpeg\" \/>\n<meta name=\"author\" content=\"Redacci\u00f3n\" \/>\n<meta name=\"twitter:card\" content=\"summary_large_image\" \/>\n<meta name=\"twitter:creator\" content=\"@fidedignas\" \/>\n<meta name=\"twitter:site\" content=\"@fidedignas\" \/>\n<meta name=\"twitter:label1\" content=\"Escrito por\" \/>\n\t<meta name=\"twitter:data1\" content=\"Redacci\u00f3n\" \/>\n\t<meta name=\"twitter:label2\" content=\"Tiempo de lectura\" \/>\n\t<meta name=\"twitter:data2\" content=\"3 minutos\" \/>\n<script type=\"application\/ld+json\" class=\"yoast-schema-graph\">{\"@context\":\"https:\\\/\\\/schema.org\",\"@graph\":[{\"@type\":\"Article\",\"@id\":\"https:\\\/\\\/fuentesfidedignas.com.mx\\\/index.php\\\/2025\\\/12\\\/23\\\/con-lleno-total-familias-celebran-la-llegada-de-los-nuevos-capibaras-al-zoo-culiacan\\\/#article\",\"isPartOf\":{\"@id\":\"https:\\\/\\\/fuentesfidedignas.com.mx\\\/index.php\\\/2025\\\/12\\\/23\\\/con-lleno-total-familias-celebran-la-llegada-de-los-nuevos-capibaras-al-zoo-culiacan\\\/\"},\"author\":{\"name\":\"Redacci\u00f3n\",\"@id\":\"https:\\\/\\\/fuentesfidedignas.com.mx\\\/#\\\/schema\\\/person\\\/331be9283d37198e2acd5750279085b0\"},\"headline\":\"Con lleno total, familias celebran la llegada de los nuevos capibaras al Zoo Culiac\u00e1n\",\"datePublished\":\"2025-12-23T12:34:07+00:00\",\"dateModified\":\"2025-12-23T16:00:54+00:00\",\"mainEntityOfPage\":{\"@id\":\"https:\\\/\\\/fuentesfidedignas.com.mx\\\/index.php\\\/2025\\\/12\\\/23\\\/con-lleno-total-familias-celebran-la-llegada-de-los-nuevos-capibaras-al-zoo-culiacan\\\/\"},\"wordCount\":582,\"publisher\":{\"@id\":\"https:\\\/\\\/fuentesfidedignas.com.mx\\\/#organization\"},\"image\":{\"@id\":\"https:\\\/\\\/fuentesfidedignas.com.mx\\\/index.php\\\/2025\\\/12\\\/23\\\/con-lleno-total-familias-celebran-la-llegada-de-los-nuevos-capibaras-al-zoo-culiacan\\\/#primaryimage\"},\"thumbnailUrl\":\"https:\\\/\\\/fuentesfidedignas.com.mx\\\/wp-content\\\/uploads\\\/2025\\\/12\\\/94e4151e-69dd-4fd6-9713-f6e32b5877fa.jpg\",\"articleSection\":[\"DERECHOS ANIMALES\",\"SEMANALES\"],\"inLanguage\":\"es\"},{\"@type\":\"WebPage\",\"@id\":\"https:\\\/\\\/fuentesfidedignas.com.mx\\\/index.php\\\/2025\\\/12\\\/23\\\/con-lleno-total-familias-celebran-la-llegada-de-los-nuevos-capibaras-al-zoo-culiacan\\\/\",\"url\":\"https:\\\/\\\/fuentesfidedignas.com.mx\\\/index.php\\\/2025\\\/12\\\/23\\\/con-lleno-total-familias-celebran-la-llegada-de-los-nuevos-capibaras-al-zoo-culiacan\\\/\",\"name\":\"Con lleno total, familias celebran la llegada de los nuevos capibaras al Zoo Culiac\u00e1n - Fuentes Fidedignas\",\"isPartOf\":{\"@id\":\"https:\\\/\\\/fuentesfidedignas.com.mx\\\/#website\"},\"primaryImageOfPage\":{\"@id\":\"https:\\\/\\\/fuentesfidedignas.com.mx\\\/index.php\\\/2025\\\/12\\\/23\\\/con-lleno-total-familias-celebran-la-llegada-de-los-nuevos-capibaras-al-zoo-culiacan\\\/#primaryimage\"},\"image\":{\"@id\":\"https:\\\/\\\/fuentesfidedignas.com.mx\\\/index.php\\\/2025\\\/12\\\/23\\\/con-lleno-total-familias-celebran-la-llegada-de-los-nuevos-capibaras-al-zoo-culiacan\\\/#primaryimage\"},\"thumbnailUrl\":\"https:\\\/\\\/fuentesfidedignas.com.mx\\\/wp-content\\\/uploads\\\/2025\\\/12\\\/94e4151e-69dd-4fd6-9713-f6e32b5877fa.jpg\",\"datePublished\":\"2025-12-23T12:34:07+00:00\",\"dateModified\":\"2025-12-23T16:00:54+00:00\",\"breadcrumb\":{\"@id\":\"https:\\\/\\\/fuentesfidedignas.com.mx\\\/index.php\\\/2025\\\/12\\\/23\\\/con-lleno-total-familias-celebran-la-llegada-de-los-nuevos-capibaras-al-zoo-culiacan\\\/#breadcrumb\"},\"inLanguage\":\"es\",\"potentialAction\":[{\"@type\":\"ReadAction\",\"target\":[\"https:\\\/\\\/fuentesfidedignas.com.mx\\\/index.php\\\/2025\\\/12\\\/23\\\/con-lleno-total-familias-celebran-la-llegada-de-los-nuevos-capibaras-al-zoo-culiacan\\\/\"]}]},{\"@type\":\"ImageObject\",\"inLanguage\":\"es\",\"@id\":\"https:\\\/\\\/fuentesfidedignas.com.mx\\\/index.php\\\/2025\\\/12\\\/23\\\/con-lleno-total-familias-celebran-la-llegada-de-los-nuevos-capibaras-al-zoo-culiacan\\\/#primaryimage\",\"url\":\"https:\\\/\\\/fuentesfidedignas.com.mx\\\/wp-content\\\/uploads\\\/2025\\\/12\\\/94e4151e-69dd-4fd6-9713-f6e32b5877fa.jpg\",\"contentUrl\":\"https:\\\/\\\/fuentesfidedignas.com.mx\\\/wp-content\\\/uploads\\\/2025\\\/12\\\/94e4151e-69dd-4fd6-9713-f6e32b5877fa.jpg\",\"width\":1280,\"height\":960},{\"@type\":\"BreadcrumbList\",\"@id\":\"https:\\\/\\\/fuentesfidedignas.com.mx\\\/index.php\\\/2025\\\/12\\\/23\\\/con-lleno-total-familias-celebran-la-llegada-de-los-nuevos-capibaras-al-zoo-culiacan\\\/#breadcrumb\",\"itemListElement\":[{\"@type\":\"ListItem\",\"position\":1,\"name\":\"Inicio\",\"item\":\"https:\\\/\\\/fuentesfidedignas.com.mx\\\/\"},{\"@type\":\"ListItem\",\"position\":2,\"name\":\"Con lleno total, familias celebran la llegada de los nuevos capibaras al Zoo Culiac\u00e1n\"}]},{\"@type\":\"WebSite\",\"@id\":\"https:\\\/\\\/fuentesfidedignas.com.mx\\\/#website\",\"url\":\"https:\\\/\\\/fuentesfidedignas.com.mx\\\/\",\"name\":\"Fuentes Fidedignas\",\"description\":\"Otro sitio realizado con WordPress\",\"publisher\":{\"@id\":\"https:\\\/\\\/fuentesfidedignas.com.mx\\\/#organization\"},\"potentialAction\":[{\"@type\":\"SearchAction\",\"target\":{\"@type\":\"EntryPoint\",\"urlTemplate\":\"https:\\\/\\\/fuentesfidedignas.com.mx\\\/?s={search_term_string}\"},\"query-input\":{\"@type\":\"PropertyValueSpecification\",\"valueRequired\":true,\"valueName\":\"search_term_string\"}}],\"inLanguage\":\"es\"},{\"@type\":\"Organization\",\"@id\":\"https:\\\/\\\/fuentesfidedignas.com.mx\\\/#organization\",\"name\":\"Fuentes Fidedignas\",\"url\":\"https:\\\/\\\/fuentesfidedignas.com.mx\\\/\",\"logo\":{\"@type\":\"ImageObject\",\"inLanguage\":\"es\",\"@id\":\"https:\\\/\\\/fuentesfidedignas.com.mx\\\/#\\\/schema\\\/logo\\\/image\\\/\",\"url\":\"https:\\\/\\\/fuentesfidedignas.com.mx\\\/wp-content\\\/uploads\\\/2021\\\/04\\\/logo-retina.png\",\"contentUrl\":\"https:\\\/\\\/fuentesfidedignas.com.mx\\\/wp-content\\\/uploads\\\/2021\\\/04\\\/logo-retina.png\",\"width\":280,\"height\":51,\"caption\":\"Fuentes Fidedignas\"},\"image\":{\"@id\":\"https:\\\/\\\/fuentesfidedignas.com.mx\\\/#\\\/schema\\\/logo\\\/image\\\/\"},\"sameAs\":[\"https:\\\/\\\/www.facebook.com\\\/Fuentes-Fidedignas-368234489921644\",\"https:\\\/\\\/x.com\\\/fidedignas\"]},{\"@type\":\"Person\",\"@id\":\"https:\\\/\\\/fuentesfidedignas.com.mx\\\/#\\\/schema\\\/person\\\/331be9283d37198e2acd5750279085b0\",\"name\":\"Redacci\u00f3n\",\"image\":{\"@type\":\"ImageObject\",\"inLanguage\":\"es\",\"@id\":\"https:\\\/\\\/secure.gravatar.com\\\/avatar\\\/f6d8782c11d12b2d4ad3fbb6931aeab5309937a4d6cd2fc9cfaa28a6396a5aec?s=96&d=mm&r=g\",\"url\":\"https:\\\/\\\/secure.gravatar.com\\\/avatar\\\/f6d8782c11d12b2d4ad3fbb6931aeab5309937a4d6cd2fc9cfaa28a6396a5aec?s=96&d=mm&r=g\",\"contentUrl\":\"https:\\\/\\\/secure.gravatar.com\\\/avatar\\\/f6d8782c11d12b2d4ad3fbb6931aeab5309937a4d6cd2fc9cfaa28a6396a5aec?s=96&d=mm&r=g\",\"caption\":\"Redacci\u00f3n\"},\"url\":\"https:\\\/\\\/fuentesfidedignas.com.mx\\\/index.php\\\/author\\\/redaccion\\\/\"}]}<\/script>\n<!-- \/ Yoast SEO plugin. -->","yoast_head_json":{"title":"Con lleno total, familias celebran la llegada de los nuevos capibaras al Zoo Culiac\u00e1n - Fuentes Fidedignas","robots":{"index":"index","follow":"follow","max-snippet":"max-snippet:-1","max-image-preview":"max-image-preview:large","max-video-preview":"max-video-preview:-1"},"canonical":"https:\/\/fuentesfidedignas.com.mx\/index.php\/2025\/12\/23\/con-lleno-total-familias-celebran-la-llegada-de-los-nuevos-capibaras-al-zoo-culiacan\/","og_locale":"es_MX","og_type":"article","og_title":"Con lleno total, familias celebran la llegada de los nuevos capibaras al Zoo Culiac\u00e1n - Fuentes Fidedignas","og_description":"La presentaci\u00f3n gratuita de dos capibaras beb\u00e9s fue todo un \u00e9xito y registr\u00f3 una gran afluencia de familias, ni\u00f1as y ni\u00f1os, quienes disfrutaron de una tarde llena de alegr\u00eda, cultura y diversi\u00f3n Culiac\u00e1n, Sinaloa; a 20 de diciembre de 2025.\u2014 Con un lleno total y una notable afluencia de cientos de familias, el Ayuntamiento de [&hellip;]","og_url":"https:\/\/fuentesfidedignas.com.mx\/index.php\/2025\/12\/23\/con-lleno-total-familias-celebran-la-llegada-de-los-nuevos-capibaras-al-zoo-culiacan\/","og_site_name":"Fuentes Fidedignas","article_publisher":"https:\/\/www.facebook.com\/Fuentes-Fidedignas-368234489921644","article_published_time":"2025-12-23T12:34:07+00:00","article_modified_time":"2025-12-23T16:00:54+00:00","og_image":[{"width":1280,"height":960,"url":"https:\/\/fuentesfidedignas.com.mx\/wp-content\/uploads\/2025\/12\/94e4151e-69dd-4fd6-9713-f6e32b5877fa.jpg","type":"image\/jpeg"}],"author":"Redacci\u00f3n","twitter_card":"summary_large_image","twitter_creator":"@fidedignas","twitter_site":"@fidedignas","twitter_misc":{"Escrito por":"Redacci\u00f3n","Tiempo de lectura":"3 minutos"},"schema":{"@context":"https:\/\/schema.org","@graph":[{"@type":"Article","@id":"https:\/\/fuentesfidedignas.com.mx\/index.php\/2025\/12\/23\/con-lleno-total-familias-celebran-la-llegada-de-los-nuevos-capibaras-al-zoo-culiacan\/#article","isPartOf":{"@id":"https:\/\/fuentesfidedignas.com.mx\/index.php\/2025\/12\/23\/con-lleno-total-familias-celebran-la-llegada-de-los-nuevos-capibaras-al-zoo-culiacan\/"},"author":{"name":"Redacci\u00f3n","@id":"https:\/\/fuentesfidedignas.com.mx\/#\/schema\/person\/331be9283d37198e2acd5750279085b0"},"headline":"Con lleno total, familias celebran la llegada de los nuevos capibaras al Zoo Culiac\u00e1n","datePublished":"2025-12-23T12:34:07+00:00","dateModified":"2025-12-23T16:00:54+00:00","mainEntityOfPage":{"@id":"https:\/\/fuentesfidedignas.com.mx\/index.php\/2025\/12\/23\/con-lleno-total-familias-celebran-la-llegada-de-los-nuevos-capibaras-al-zoo-culiacan\/"},"wordCount":582,"publisher":{"@id":"https:\/\/fuentesfidedignas.com.mx\/#organization"},"image":{"@id":"https:\/\/fuentesfidedignas.com.mx\/index.php\/2025\/12\/23\/con-lleno-total-familias-celebran-la-llegada-de-los-nuevos-capibaras-al-zoo-culiacan\/#primaryimage"},"thumbnailUrl":"https:\/\/fuentesfidedignas.com.mx\/wp-content\/uploads\/2025\/12\/94e4151e-69dd-4fd6-9713-f6e32b5877fa.jpg","articleSection":["DERECHOS ANIMALES","SEMANALES"],"inLanguage":"es"},{"@type":"WebPage","@id":"https:\/\/fuentesfidedignas.com.mx\/index.php\/2025\/12\/23\/con-lleno-total-familias-celebran-la-llegada-de-los-nuevos-capibaras-al-zoo-culiacan\/","url":"https:\/\/fuentesfidedignas.com.mx\/index.php\/2025\/12\/23\/con-lleno-total-familias-celebran-la-llegada-de-los-nuevos-capibaras-al-zoo-culiacan\/","name":"Con lleno total, familias celebran la llegada de los nuevos capibaras al Zoo Culiac\u00e1n - Fuentes Fidedignas","isPartOf":{"@id":"https:\/\/fuentesfidedignas.com.mx\/#website"},"primaryImageOfPage":{"@id":"https:\/\/fuentesfidedignas.com.mx\/index.php\/2025\/12\/23\/con-lleno-total-familias-celebran-la-llegada-de-los-nuevos-capibaras-al-zoo-culiacan\/#primaryimage"},"image":{"@id":"https:\/\/fuentesfidedignas.com.mx\/index.php\/2025\/12\/23\/con-lleno-total-familias-celebran-la-llegada-de-los-nuevos-capibaras-al-zoo-culiacan\/#primaryimage"},"thumbnailUrl":"https:\/\/fuentesfidedignas.com.mx\/wp-content\/uploads\/2025\/12\/94e4151e-69dd-4fd6-9713-f6e32b5877fa.jpg","datePublished":"2025-12-23T12:34:07+00:00","dateModified":"2025-12-23T16:00:54+00:00","breadcrumb":{"@id":"https:\/\/fuentesfidedignas.com.mx\/index.php\/2025\/12\/23\/con-lleno-total-familias-celebran-la-llegada-de-los-nuevos-capibaras-al-zoo-culiacan\/#breadcrumb"},"inLanguage":"es","potentialAction":[{"@type":"ReadAction","target":["https:\/\/fuentesfidedignas.com.mx\/index.php\/2025\/12\/23\/con-lleno-total-familias-celebran-la-llegada-de-los-nuevos-capibaras-al-zoo-culiacan\/"]}]},{"@type":"ImageObject","inLanguage":"es","@id":"https:\/\/fuentesfidedignas.com.mx\/index.php\/2025\/12\/23\/con-lleno-total-familias-celebran-la-llegada-de-los-nuevos-capibaras-al-zoo-culiacan\/#primaryimage","url":"https:\/\/fuentesfidedignas.com.mx\/wp-content\/uploads\/2025\/12\/94e4151e-69dd-4fd6-9713-f6e32b5877fa.jpg","contentUrl":"https:\/\/fuentesfidedignas.com.mx\/wp-content\/uploads\/2025\/12\/94e4151e-69dd-4fd6-9713-f6e32b5877fa.jpg","width":1280,"height":960},{"@type":"BreadcrumbList","@id":"https:\/\/fuentesfidedignas.com.mx\/index.php\/2025\/12\/23\/con-lleno-total-familias-celebran-la-llegada-de-los-nuevos-capibaras-al-zoo-culiacan\/#breadcrumb","itemListElement":[{"@type":"ListItem","position":1,"name":"Inicio","item":"https:\/\/fuentesfidedignas.com.mx\/"},{"@type":"ListItem","position":2,"name":"Con lleno total, familias celebran la llegada de los nuevos capibaras al Zoo Culiac\u00e1n"}]},{"@type":"WebSite","@id":"https:\/\/fuentesfidedignas.com.mx\/#website","url":"https:\/\/fuentesfidedignas.com.mx\/","name":"Fuentes Fidedignas","description":"Otro sitio realizado con WordPress","publisher":{"@id":"https:\/\/fuentesfidedignas.com.mx\/#organization"},"potentialAction":[{"@type":"SearchAction","target":{"@type":"EntryPoint","urlTemplate":"https:\/\/fuentesfidedignas.com.mx\/?s={search_term_string}"},"query-input":{"@type":"PropertyValueSpecification","valueRequired":true,"valueName":"search_term_string"}}],"inLanguage":"es"},{"@type":"Organization","@id":"https:\/\/fuentesfidedignas.com.mx\/#organization","name":"Fuentes Fidedignas","url":"https:\/\/fuentesfidedignas.com.mx\/","logo":{"@type":"ImageObject","inLanguage":"es","@id":"https:\/\/fuentesfidedignas.com.mx\/#\/schema\/logo\/image\/","url":"https:\/\/fuentesfidedignas.com.mx\/wp-content\/uploads\/2021\/04\/logo-retina.png","contentUrl":"https:\/\/fuentesfidedignas.com.mx\/wp-content\/uploads\/2021\/04\/logo-retina.png","width":280,"height":51,"caption":"Fuentes Fidedignas"},"image":{"@id":"https:\/\/fuentesfidedignas.com.mx\/#\/schema\/logo\/image\/"},"sameAs":["https:\/\/www.facebook.com\/Fuentes-Fidedignas-368234489921644","https:\/\/x.com\/fidedignas"]},{"@type":"Person","@id":"https:\/\/fuentesfidedignas.com.mx\/#\/schema\/person\/331be9283d37198e2acd5750279085b0","name":"Redacci\u00f3n","image":{"@type":"ImageObject","inLanguage":"es","@id":"https:\/\/secure.gravatar.com\/avatar\/f6d8782c11d12b2d4ad3fbb6931aeab5309937a4d6cd2fc9cfaa28a6396a5aec?s=96&d=mm&r=g","url":"https:\/\/secure.gravatar.com\/avatar\/f6d8782c11d12b2d4ad3fbb6931aeab5309937a4d6cd2fc9cfaa28a6396a5aec?s=96&d=mm&r=g","contentUrl":"https:\/\/secure.gravatar.com\/avatar\/f6d8782c11d12b2d4ad3fbb6931aeab5309937a4d6cd2fc9cfaa28a6396a5aec?s=96&d=mm&r=g","caption":"Redacci\u00f3n"},"url":"https:\/\/fuentesfidedignas.com.mx\/index.php\/author\/redaccion\/"}]}},"_links":{"self":[{"href":"https:\/\/fuentesfidedignas.com.mx\/index.php\/wp-json\/wp\/v2\/posts\/124100","targetHints":{"allow":["GET"]}}],"collection":[{"href":"https:\/\/fuentesfidedignas.com.mx\/index.php\/wp-json\/wp\/v2\/posts"}],"about":[{"href":"https:\/\/fuentesfidedignas.com.mx\/index.php\/wp-json\/wp\/v2\/types\/post"}],"author":[{"embeddable":true,"href":"https:\/\/fuentesfidedignas.com.mx\/index.php\/wp-json\/wp\/v2\/users\/4"}],"replies":[{"embeddable":true,"href":"https:\/\/fuentesfidedignas.com.mx\/index.php\/wp-json\/wp\/v2\/comments?post=124100"}],"version-history":[{"count":1,"href":"https:\/\/fuentesfidedignas.com.mx\/index.php\/wp-json\/wp\/v2\/posts\/124100\/revisions"}],"predecessor-version":[{"id":124101,"href":"https:\/\/fuentesfidedignas.com.mx\/index.php\/wp-json\/wp\/v2\/posts\/124100\/revisions\/124101"}],"wp:featuredmedia":[{"embeddable":true,"href":"https:\/\/fuentesfidedignas.com.mx\/index.php\/wp-json\/wp\/v2\/media\/124099"}],"wp:attachment":[{"href":"https:\/\/fuentesfidedignas.com.mx\/index.php\/wp-json\/wp\/v2\/media?parent=124100"}],"wp:term":[{"taxonomy":"category","embeddable":true,"href":"https:\/\/fuentesfidedignas.com.mx\/index.php\/wp-json\/wp\/v2\/categories?post=124100"},{"taxonomy":"post_tag","embeddable":true,"href":"https:\/\/fuentesfidedignas.com.mx\/index.php\/wp-json\/wp\/v2\/tags?post=124100"}],"curies":[{"name":"wp","href":"https:\/\/api.w.org\/{rel}","templated":true}]}}