{"id":124079,"date":"2025-12-20T08:45:20","date_gmt":"2025-12-20T15:45:20","guid":{"rendered":"https:\/\/fuentesfidedignas.com.mx\/?p=124079"},"modified":"2025-12-20T08:45:20","modified_gmt":"2025-12-20T15:45:20","slug":"grinch-peruano-desafia-la-inseguridad-y-festeja-la-navidad-en-su-motonoel","status":"publish","type":"post","link":"https:\/\/fuentesfidedignas.com.mx\/index.php\/2025\/12\/20\/grinch-peruano-desafia-la-inseguridad-y-festeja-la-navidad-en-su-motonoel\/","title":{"rendered":"Grinch peruano desaf\u00eda la inseguridad y festeja la Navidad en su \u2018motonoel\u2019"},"content":{"rendered":"\n<p><\/p>\n\n\n\n<p><strong><em>\u201cQuise plasmar ese gusto m\u00edo y este es el resultado: una mototaxi para la gente\u201d.<\/em><\/strong><\/p>\n\n\n\n<p>Vestido de verde, con botas negras y una sonrisa que contrasta con el clima de inseguridad, Jeferson Castro no sale a las calles para robar la Navidad. Al contrario: la reparte. En su mototaxi \u2014adaptada como un trineo rodante con luces festivas, un reno de pl\u00e1stico y adornos brillantes\u2014, este conductor lime\u00f1o se ha convertido en una postal urbana que devuelve la esperanza en medio de una capital marcada por el estado de emergencia.<\/p>\n\n\n\n<h3 class=\"wp-block-heading\">\u201cMotonoel\u201d, la mototaxi que se volvi\u00f3 s\u00edmbolo navide\u00f1o<\/h3>\n\n\n\n<p class=\"paragraph\"><strong>Castro bautiz\u00f3 su veh\u00edculo como \u201cMotonoel\u201d<\/strong>, una fusi\u00f3n entre ingenio popular y esp\u00edritu navide\u00f1o que ha ganado notoriedad en su barrio y en distintos puntos de Lima. Desde el techo del mototaxi, saluda a peatones y pasajeros, posa para fotograf\u00edas y provoca risas entre ni\u00f1os y adultos que, por un instante, dejan atr\u00e1s el temor cotidiano.<\/p>\n\n\n\n<h3 class=\"wp-block-heading\">Una herramienta de trabajo convertida en mensaje social<\/h3>\n\n\n\n<h3 class=\"wp-block-heading c-highlight\">\u201cEs mi herramienta de trabajo\u201d, explica mientras hace una parada. \u201cQuise plasmar ese gusto m\u00edo y este es el resultado: una mototaxi para la gente\u201d. Cada ma\u00f1ana, antes de despedirse de su peque\u00f1o hijo, se coloca el traje del Grinch en una ciudad donde el calor comienza a intensificarse, decidido a que el miedo no opaque la Pascua.<\/h3>\n\n\n\n<h3 class=\"wp-block-heading\">Navidad en contraste con la realidad de Lima<\/h3>\n\n\n\n<p class=\"paragraph\">La escena es tan colorida como contrastante. Las luces navide\u00f1as recorren calles con carencias visibles, y la alegr\u00eda improvisada circula en medio de una realidad compleja.&nbsp;<strong>Lima permanece bajo estado de emergencia desde octubre<\/strong>, una medida decretada por el Gobierno para enfrentar el incremento de cr\u00edmenes y extorsiones que afectan, de manera particular, al sector transporte.<\/p>\n","protected":false},"excerpt":{"rendered":"<p>\u201cQuise plasmar ese gusto m\u00edo y este es el resultado: una mototaxi para la gente\u201d. Vestido de verde, con botas negras y una sonrisa que contrasta con el clima de inseguridad, Jeferson Castro no sale a las calles para robar la Navidad. Al contrario: la reparte. En su mototaxi \u2014adaptada como un trineo rodante con [&hellip;]<\/p>\n","protected":false},"author":7,"featured_media":124078,"comment_status":"closed","ping_status":"open","sticky":false,"template":"","format":"standard","meta":{"tdm_status":"","tdm_grid_status":"","footnotes":""},"categories":[40],"tags":[],"class_list":{"0":"post-124079","1":"post","2":"type-post","3":"status-publish","4":"format-standard","5":"has-post-thumbnail","7":"category-las-asombrosas"},"yoast_head":"<!-- This site is optimized with the Yoast SEO plugin v27.4 - https:\/\/yoast.com\/product\/yoast-seo-wordpress\/ -->\n<title>Grinch peruano desaf\u00eda la inseguridad y festeja la Navidad en su \u2018motonoel\u2019 - Fuentes Fidedignas<\/title>\n<meta name=\"robots\" content=\"index, follow, max-snippet:-1, max-image-preview:large, max-video-preview:-1\" \/>\n<link rel=\"canonical\" href=\"https:\/\/fuentesfidedignas.com.mx\/index.php\/2025\/12\/20\/grinch-peruano-desafia-la-inseguridad-y-festeja-la-navidad-en-su-motonoel\/\" \/>\n<meta property=\"og:locale\" content=\"es_MX\" \/>\n<meta property=\"og:type\" content=\"article\" \/>\n<meta property=\"og:title\" content=\"Grinch peruano desaf\u00eda la inseguridad y festeja la Navidad en su \u2018motonoel\u2019 - Fuentes Fidedignas\" \/>\n<meta property=\"og:description\" content=\"\u201cQuise plasmar ese gusto m\u00edo y este es el resultado: una mototaxi para la gente\u201d. Vestido de verde, con botas negras y una sonrisa que contrasta con el clima de inseguridad, Jeferson Castro no sale a las calles para robar la Navidad. Al contrario: la reparte. En su mototaxi \u2014adaptada como un trineo rodante con [&hellip;]\" \/>\n<meta property=\"og:url\" content=\"https:\/\/fuentesfidedignas.com.mx\/index.php\/2025\/12\/20\/grinch-peruano-desafia-la-inseguridad-y-festeja-la-navidad-en-su-motonoel\/\" \/>\n<meta property=\"og:site_name\" content=\"Fuentes Fidedignas\" \/>\n<meta property=\"article:publisher\" content=\"https:\/\/www.facebook.com\/Fuentes-Fidedignas-368234489921644\" \/>\n<meta property=\"article:published_time\" content=\"2025-12-20T15:45:20+00:00\" \/>\n<meta property=\"og:image\" content=\"https:\/\/fuentesfidedignas.com.mx\/wp-content\/uploads\/2025\/12\/img_8847.jpg\" \/>\n\t<meta property=\"og:image:width\" content=\"375\" \/>\n\t<meta property=\"og:image:height\" content=\"249\" \/>\n\t<meta property=\"og:image:type\" content=\"image\/jpeg\" \/>\n<meta name=\"author\" content=\"Exc\u00e9lsior\" \/>\n<meta name=\"twitter:card\" content=\"summary_large_image\" \/>\n<meta name=\"twitter:creator\" content=\"@fidedignas\" \/>\n<meta name=\"twitter:site\" content=\"@fidedignas\" \/>\n<meta name=\"twitter:label1\" content=\"Escrito por\" \/>\n\t<meta name=\"twitter:data1\" content=\"Exc\u00e9lsior\" \/>\n\t<meta name=\"twitter:label2\" content=\"Tiempo de lectura\" \/>\n\t<meta name=\"twitter:data2\" content=\"2 minutos\" \/>\n<script type=\"application\/ld+json\" class=\"yoast-schema-graph\">{\"@context\":\"https:\\\/\\\/schema.org\",\"@graph\":[{\"@type\":\"Article\",\"@id\":\"https:\\\/\\\/fuentesfidedignas.com.mx\\\/index.php\\\/2025\\\/12\\\/20\\\/grinch-peruano-desafia-la-inseguridad-y-festeja-la-navidad-en-su-motonoel\\\/#article\",\"isPartOf\":{\"@id\":\"https:\\\/\\\/fuentesfidedignas.com.mx\\\/index.php\\\/2025\\\/12\\\/20\\\/grinch-peruano-desafia-la-inseguridad-y-festeja-la-navidad-en-su-motonoel\\\/\"},\"author\":{\"name\":\"Exc\u00e9lsior\",\"@id\":\"https:\\\/\\\/fuentesfidedignas.com.mx\\\/#\\\/schema\\\/person\\\/ec4edd1fbf5efa3e44fce34fe2787780\"},\"headline\":\"Grinch peruano desaf\u00eda la inseguridad y festeja la Navidad en su \u2018motonoel\u2019\",\"datePublished\":\"2025-12-20T15:45:20+00:00\",\"mainEntityOfPage\":{\"@id\":\"https:\\\/\\\/fuentesfidedignas.com.mx\\\/index.php\\\/2025\\\/12\\\/20\\\/grinch-peruano-desafia-la-inseguridad-y-festeja-la-navidad-en-su-motonoel\\\/\"},\"wordCount\":315,\"publisher\":{\"@id\":\"https:\\\/\\\/fuentesfidedignas.com.mx\\\/#organization\"},\"image\":{\"@id\":\"https:\\\/\\\/fuentesfidedignas.com.mx\\\/index.php\\\/2025\\\/12\\\/20\\\/grinch-peruano-desafia-la-inseguridad-y-festeja-la-navidad-en-su-motonoel\\\/#primaryimage\"},\"thumbnailUrl\":\"https:\\\/\\\/fuentesfidedignas.com.mx\\\/wp-content\\\/uploads\\\/2025\\\/12\\\/img_8847.jpg\",\"articleSection\":[\"LAS ASOMBROSAS\"],\"inLanguage\":\"es\"},{\"@type\":\"WebPage\",\"@id\":\"https:\\\/\\\/fuentesfidedignas.com.mx\\\/index.php\\\/2025\\\/12\\\/20\\\/grinch-peruano-desafia-la-inseguridad-y-festeja-la-navidad-en-su-motonoel\\\/\",\"url\":\"https:\\\/\\\/fuentesfidedignas.com.mx\\\/index.php\\\/2025\\\/12\\\/20\\\/grinch-peruano-desafia-la-inseguridad-y-festeja-la-navidad-en-su-motonoel\\\/\",\"name\":\"Grinch peruano desaf\u00eda la inseguridad y festeja la Navidad en su \u2018motonoel\u2019 - Fuentes Fidedignas\",\"isPartOf\":{\"@id\":\"https:\\\/\\\/fuentesfidedignas.com.mx\\\/#website\"},\"primaryImageOfPage\":{\"@id\":\"https:\\\/\\\/fuentesfidedignas.com.mx\\\/index.php\\\/2025\\\/12\\\/20\\\/grinch-peruano-desafia-la-inseguridad-y-festeja-la-navidad-en-su-motonoel\\\/#primaryimage\"},\"image\":{\"@id\":\"https:\\\/\\\/fuentesfidedignas.com.mx\\\/index.php\\\/2025\\\/12\\\/20\\\/grinch-peruano-desafia-la-inseguridad-y-festeja-la-navidad-en-su-motonoel\\\/#primaryimage\"},\"thumbnailUrl\":\"https:\\\/\\\/fuentesfidedignas.com.mx\\\/wp-content\\\/uploads\\\/2025\\\/12\\\/img_8847.jpg\",\"datePublished\":\"2025-12-20T15:45:20+00:00\",\"breadcrumb\":{\"@id\":\"https:\\\/\\\/fuentesfidedignas.com.mx\\\/index.php\\\/2025\\\/12\\\/20\\\/grinch-peruano-desafia-la-inseguridad-y-festeja-la-navidad-en-su-motonoel\\\/#breadcrumb\"},\"inLanguage\":\"es\",\"potentialAction\":[{\"@type\":\"ReadAction\",\"target\":[\"https:\\\/\\\/fuentesfidedignas.com.mx\\\/index.php\\\/2025\\\/12\\\/20\\\/grinch-peruano-desafia-la-inseguridad-y-festeja-la-navidad-en-su-motonoel\\\/\"]}]},{\"@type\":\"ImageObject\",\"inLanguage\":\"es\",\"@id\":\"https:\\\/\\\/fuentesfidedignas.com.mx\\\/index.php\\\/2025\\\/12\\\/20\\\/grinch-peruano-desafia-la-inseguridad-y-festeja-la-navidad-en-su-motonoel\\\/#primaryimage\",\"url\":\"https:\\\/\\\/fuentesfidedignas.com.mx\\\/wp-content\\\/uploads\\\/2025\\\/12\\\/img_8847.jpg\",\"contentUrl\":\"https:\\\/\\\/fuentesfidedignas.com.mx\\\/wp-content\\\/uploads\\\/2025\\\/12\\\/img_8847.jpg\",\"width\":375,\"height\":249},{\"@type\":\"BreadcrumbList\",\"@id\":\"https:\\\/\\\/fuentesfidedignas.com.mx\\\/index.php\\\/2025\\\/12\\\/20\\\/grinch-peruano-desafia-la-inseguridad-y-festeja-la-navidad-en-su-motonoel\\\/#breadcrumb\",\"itemListElement\":[{\"@type\":\"ListItem\",\"position\":1,\"name\":\"Inicio\",\"item\":\"https:\\\/\\\/fuentesfidedignas.com.mx\\\/\"},{\"@type\":\"ListItem\",\"position\":2,\"name\":\"Grinch peruano desaf\u00eda la inseguridad y festeja la Navidad en su \u2018motonoel\u2019\"}]},{\"@type\":\"WebSite\",\"@id\":\"https:\\\/\\\/fuentesfidedignas.com.mx\\\/#website\",\"url\":\"https:\\\/\\\/fuentesfidedignas.com.mx\\\/\",\"name\":\"Fuentes Fidedignas\",\"description\":\"Otro sitio realizado con WordPress\",\"publisher\":{\"@id\":\"https:\\\/\\\/fuentesfidedignas.com.mx\\\/#organization\"},\"potentialAction\":[{\"@type\":\"SearchAction\",\"target\":{\"@type\":\"EntryPoint\",\"urlTemplate\":\"https:\\\/\\\/fuentesfidedignas.com.mx\\\/?s={search_term_string}\"},\"query-input\":{\"@type\":\"PropertyValueSpecification\",\"valueRequired\":true,\"valueName\":\"search_term_string\"}}],\"inLanguage\":\"es\"},{\"@type\":\"Organization\",\"@id\":\"https:\\\/\\\/fuentesfidedignas.com.mx\\\/#organization\",\"name\":\"Fuentes Fidedignas\",\"url\":\"https:\\\/\\\/fuentesfidedignas.com.mx\\\/\",\"logo\":{\"@type\":\"ImageObject\",\"inLanguage\":\"es\",\"@id\":\"https:\\\/\\\/fuentesfidedignas.com.mx\\\/#\\\/schema\\\/logo\\\/image\\\/\",\"url\":\"https:\\\/\\\/fuentesfidedignas.com.mx\\\/wp-content\\\/uploads\\\/2021\\\/04\\\/logo-retina.png\",\"contentUrl\":\"https:\\\/\\\/fuentesfidedignas.com.mx\\\/wp-content\\\/uploads\\\/2021\\\/04\\\/logo-retina.png\",\"width\":280,\"height\":51,\"caption\":\"Fuentes Fidedignas\"},\"image\":{\"@id\":\"https:\\\/\\\/fuentesfidedignas.com.mx\\\/#\\\/schema\\\/logo\\\/image\\\/\"},\"sameAs\":[\"https:\\\/\\\/www.facebook.com\\\/Fuentes-Fidedignas-368234489921644\",\"https:\\\/\\\/x.com\\\/fidedignas\"]},{\"@type\":\"Person\",\"@id\":\"https:\\\/\\\/fuentesfidedignas.com.mx\\\/#\\\/schema\\\/person\\\/ec4edd1fbf5efa3e44fce34fe2787780\",\"name\":\"Exc\u00e9lsior\",\"image\":{\"@type\":\"ImageObject\",\"inLanguage\":\"es\",\"@id\":\"https:\\\/\\\/secure.gravatar.com\\\/avatar\\\/4b7ee9206b48be08447852b3f0814dbc7c0f3b51541b164f1464a2725614020b?s=96&d=mm&r=g\",\"url\":\"https:\\\/\\\/secure.gravatar.com\\\/avatar\\\/4b7ee9206b48be08447852b3f0814dbc7c0f3b51541b164f1464a2725614020b?s=96&d=mm&r=g\",\"contentUrl\":\"https:\\\/\\\/secure.gravatar.com\\\/avatar\\\/4b7ee9206b48be08447852b3f0814dbc7c0f3b51541b164f1464a2725614020b?s=96&d=mm&r=g\",\"caption\":\"Exc\u00e9lsior\"},\"url\":\"https:\\\/\\\/fuentesfidedignas.com.mx\\\/index.php\\\/author\\\/excelsior\\\/\"}]}<\/script>\n<!-- \/ Yoast SEO plugin. -->","yoast_head_json":{"title":"Grinch peruano desaf\u00eda la inseguridad y festeja la Navidad en su \u2018motonoel\u2019 - Fuentes Fidedignas","robots":{"index":"index","follow":"follow","max-snippet":"max-snippet:-1","max-image-preview":"max-image-preview:large","max-video-preview":"max-video-preview:-1"},"canonical":"https:\/\/fuentesfidedignas.com.mx\/index.php\/2025\/12\/20\/grinch-peruano-desafia-la-inseguridad-y-festeja-la-navidad-en-su-motonoel\/","og_locale":"es_MX","og_type":"article","og_title":"Grinch peruano desaf\u00eda la inseguridad y festeja la Navidad en su \u2018motonoel\u2019 - Fuentes Fidedignas","og_description":"\u201cQuise plasmar ese gusto m\u00edo y este es el resultado: una mototaxi para la gente\u201d. Vestido de verde, con botas negras y una sonrisa que contrasta con el clima de inseguridad, Jeferson Castro no sale a las calles para robar la Navidad. Al contrario: la reparte. En su mototaxi \u2014adaptada como un trineo rodante con [&hellip;]","og_url":"https:\/\/fuentesfidedignas.com.mx\/index.php\/2025\/12\/20\/grinch-peruano-desafia-la-inseguridad-y-festeja-la-navidad-en-su-motonoel\/","og_site_name":"Fuentes Fidedignas","article_publisher":"https:\/\/www.facebook.com\/Fuentes-Fidedignas-368234489921644","article_published_time":"2025-12-20T15:45:20+00:00","og_image":[{"width":375,"height":249,"url":"https:\/\/fuentesfidedignas.com.mx\/wp-content\/uploads\/2025\/12\/img_8847.jpg","type":"image\/jpeg"}],"author":"Exc\u00e9lsior","twitter_card":"summary_large_image","twitter_creator":"@fidedignas","twitter_site":"@fidedignas","twitter_misc":{"Escrito por":"Exc\u00e9lsior","Tiempo de lectura":"2 minutos"},"schema":{"@context":"https:\/\/schema.org","@graph":[{"@type":"Article","@id":"https:\/\/fuentesfidedignas.com.mx\/index.php\/2025\/12\/20\/grinch-peruano-desafia-la-inseguridad-y-festeja-la-navidad-en-su-motonoel\/#article","isPartOf":{"@id":"https:\/\/fuentesfidedignas.com.mx\/index.php\/2025\/12\/20\/grinch-peruano-desafia-la-inseguridad-y-festeja-la-navidad-en-su-motonoel\/"},"author":{"name":"Exc\u00e9lsior","@id":"https:\/\/fuentesfidedignas.com.mx\/#\/schema\/person\/ec4edd1fbf5efa3e44fce34fe2787780"},"headline":"Grinch peruano desaf\u00eda la inseguridad y festeja la Navidad en su \u2018motonoel\u2019","datePublished":"2025-12-20T15:45:20+00:00","mainEntityOfPage":{"@id":"https:\/\/fuentesfidedignas.com.mx\/index.php\/2025\/12\/20\/grinch-peruano-desafia-la-inseguridad-y-festeja-la-navidad-en-su-motonoel\/"},"wordCount":315,"publisher":{"@id":"https:\/\/fuentesfidedignas.com.mx\/#organization"},"image":{"@id":"https:\/\/fuentesfidedignas.com.mx\/index.php\/2025\/12\/20\/grinch-peruano-desafia-la-inseguridad-y-festeja-la-navidad-en-su-motonoel\/#primaryimage"},"thumbnailUrl":"https:\/\/fuentesfidedignas.com.mx\/wp-content\/uploads\/2025\/12\/img_8847.jpg","articleSection":["LAS ASOMBROSAS"],"inLanguage":"es"},{"@type":"WebPage","@id":"https:\/\/fuentesfidedignas.com.mx\/index.php\/2025\/12\/20\/grinch-peruano-desafia-la-inseguridad-y-festeja-la-navidad-en-su-motonoel\/","url":"https:\/\/fuentesfidedignas.com.mx\/index.php\/2025\/12\/20\/grinch-peruano-desafia-la-inseguridad-y-festeja-la-navidad-en-su-motonoel\/","name":"Grinch peruano desaf\u00eda la inseguridad y festeja la Navidad en su \u2018motonoel\u2019 - Fuentes Fidedignas","isPartOf":{"@id":"https:\/\/fuentesfidedignas.com.mx\/#website"},"primaryImageOfPage":{"@id":"https:\/\/fuentesfidedignas.com.mx\/index.php\/2025\/12\/20\/grinch-peruano-desafia-la-inseguridad-y-festeja-la-navidad-en-su-motonoel\/#primaryimage"},"image":{"@id":"https:\/\/fuentesfidedignas.com.mx\/index.php\/2025\/12\/20\/grinch-peruano-desafia-la-inseguridad-y-festeja-la-navidad-en-su-motonoel\/#primaryimage"},"thumbnailUrl":"https:\/\/fuentesfidedignas.com.mx\/wp-content\/uploads\/2025\/12\/img_8847.jpg","datePublished":"2025-12-20T15:45:20+00:00","breadcrumb":{"@id":"https:\/\/fuentesfidedignas.com.mx\/index.php\/2025\/12\/20\/grinch-peruano-desafia-la-inseguridad-y-festeja-la-navidad-en-su-motonoel\/#breadcrumb"},"inLanguage":"es","potentialAction":[{"@type":"ReadAction","target":["https:\/\/fuentesfidedignas.com.mx\/index.php\/2025\/12\/20\/grinch-peruano-desafia-la-inseguridad-y-festeja-la-navidad-en-su-motonoel\/"]}]},{"@type":"ImageObject","inLanguage":"es","@id":"https:\/\/fuentesfidedignas.com.mx\/index.php\/2025\/12\/20\/grinch-peruano-desafia-la-inseguridad-y-festeja-la-navidad-en-su-motonoel\/#primaryimage","url":"https:\/\/fuentesfidedignas.com.mx\/wp-content\/uploads\/2025\/12\/img_8847.jpg","contentUrl":"https:\/\/fuentesfidedignas.com.mx\/wp-content\/uploads\/2025\/12\/img_8847.jpg","width":375,"height":249},{"@type":"BreadcrumbList","@id":"https:\/\/fuentesfidedignas.com.mx\/index.php\/2025\/12\/20\/grinch-peruano-desafia-la-inseguridad-y-festeja-la-navidad-en-su-motonoel\/#breadcrumb","itemListElement":[{"@type":"ListItem","position":1,"name":"Inicio","item":"https:\/\/fuentesfidedignas.com.mx\/"},{"@type":"ListItem","position":2,"name":"Grinch peruano desaf\u00eda la inseguridad y festeja la Navidad en su \u2018motonoel\u2019"}]},{"@type":"WebSite","@id":"https:\/\/fuentesfidedignas.com.mx\/#website","url":"https:\/\/fuentesfidedignas.com.mx\/","name":"Fuentes Fidedignas","description":"Otro sitio realizado con WordPress","publisher":{"@id":"https:\/\/fuentesfidedignas.com.mx\/#organization"},"potentialAction":[{"@type":"SearchAction","target":{"@type":"EntryPoint","urlTemplate":"https:\/\/fuentesfidedignas.com.mx\/?s={search_term_string}"},"query-input":{"@type":"PropertyValueSpecification","valueRequired":true,"valueName":"search_term_string"}}],"inLanguage":"es"},{"@type":"Organization","@id":"https:\/\/fuentesfidedignas.com.mx\/#organization","name":"Fuentes Fidedignas","url":"https:\/\/fuentesfidedignas.com.mx\/","logo":{"@type":"ImageObject","inLanguage":"es","@id":"https:\/\/fuentesfidedignas.com.mx\/#\/schema\/logo\/image\/","url":"https:\/\/fuentesfidedignas.com.mx\/wp-content\/uploads\/2021\/04\/logo-retina.png","contentUrl":"https:\/\/fuentesfidedignas.com.mx\/wp-content\/uploads\/2021\/04\/logo-retina.png","width":280,"height":51,"caption":"Fuentes Fidedignas"},"image":{"@id":"https:\/\/fuentesfidedignas.com.mx\/#\/schema\/logo\/image\/"},"sameAs":["https:\/\/www.facebook.com\/Fuentes-Fidedignas-368234489921644","https:\/\/x.com\/fidedignas"]},{"@type":"Person","@id":"https:\/\/fuentesfidedignas.com.mx\/#\/schema\/person\/ec4edd1fbf5efa3e44fce34fe2787780","name":"Exc\u00e9lsior","image":{"@type":"ImageObject","inLanguage":"es","@id":"https:\/\/secure.gravatar.com\/avatar\/4b7ee9206b48be08447852b3f0814dbc7c0f3b51541b164f1464a2725614020b?s=96&d=mm&r=g","url":"https:\/\/secure.gravatar.com\/avatar\/4b7ee9206b48be08447852b3f0814dbc7c0f3b51541b164f1464a2725614020b?s=96&d=mm&r=g","contentUrl":"https:\/\/secure.gravatar.com\/avatar\/4b7ee9206b48be08447852b3f0814dbc7c0f3b51541b164f1464a2725614020b?s=96&d=mm&r=g","caption":"Exc\u00e9lsior"},"url":"https:\/\/fuentesfidedignas.com.mx\/index.php\/author\/excelsior\/"}]}},"_links":{"self":[{"href":"https:\/\/fuentesfidedignas.com.mx\/index.php\/wp-json\/wp\/v2\/posts\/124079","targetHints":{"allow":["GET"]}}],"collection":[{"href":"https:\/\/fuentesfidedignas.com.mx\/index.php\/wp-json\/wp\/v2\/posts"}],"about":[{"href":"https:\/\/fuentesfidedignas.com.mx\/index.php\/wp-json\/wp\/v2\/types\/post"}],"author":[{"embeddable":true,"href":"https:\/\/fuentesfidedignas.com.mx\/index.php\/wp-json\/wp\/v2\/users\/7"}],"replies":[{"embeddable":true,"href":"https:\/\/fuentesfidedignas.com.mx\/index.php\/wp-json\/wp\/v2\/comments?post=124079"}],"version-history":[{"count":1,"href":"https:\/\/fuentesfidedignas.com.mx\/index.php\/wp-json\/wp\/v2\/posts\/124079\/revisions"}],"predecessor-version":[{"id":124080,"href":"https:\/\/fuentesfidedignas.com.mx\/index.php\/wp-json\/wp\/v2\/posts\/124079\/revisions\/124080"}],"wp:featuredmedia":[{"embeddable":true,"href":"https:\/\/fuentesfidedignas.com.mx\/index.php\/wp-json\/wp\/v2\/media\/124078"}],"wp:attachment":[{"href":"https:\/\/fuentesfidedignas.com.mx\/index.php\/wp-json\/wp\/v2\/media?parent=124079"}],"wp:term":[{"taxonomy":"category","embeddable":true,"href":"https:\/\/fuentesfidedignas.com.mx\/index.php\/wp-json\/wp\/v2\/categories?post=124079"},{"taxonomy":"post_tag","embeddable":true,"href":"https:\/\/fuentesfidedignas.com.mx\/index.php\/wp-json\/wp\/v2\/tags?post=124079"}],"curies":[{"name":"wp","href":"https:\/\/api.w.org\/{rel}","templated":true}]}}