{"id":123948,"date":"2025-12-18T06:38:45","date_gmt":"2025-12-18T13:38:45","guid":{"rendered":"https:\/\/fuentesfidedignas.com.mx\/?p=123948"},"modified":"2025-12-18T06:39:04","modified_gmt":"2025-12-18T13:39:04","slug":"arrecia-la-tormenta-sobre-miss-universo-giran-nueva-orden-de-aprehension-contra-rocha-cantu","status":"publish","type":"post","link":"https:\/\/fuentesfidedignas.com.mx\/index.php\/2025\/12\/18\/arrecia-la-tormenta-sobre-miss-universo-giran-nueva-orden-de-aprehension-contra-rocha-cantu\/","title":{"rendered":"Arrecia la tormenta sobre Miss Universo; giran nueva orden de aprehensi\u00f3n contra Rocha Cant\u00fa"},"content":{"rendered":"\n<p><strong><em>Juez subraya que hay riesgo de fuga por la capacidad econ\u00f3mica del empresario<\/em><\/strong><\/p>\n\n\n\n<p>El Juez de Distrito Especializado en el Sistema Penal Acusatorio del Centro de Justicia Penal Federal en Quer\u00e9taro, quien act\u00faa con car\u00e1cter de Juez de control, libr\u00f3 una nueva orden de aprehensi\u00f3n contra el empresario Ra\u00fal Rocha Cant\u00fa alias \u201cRa\u00fal Rocha\u201d (copropietario de Miss Universo) en la causa penal 495\/2025, por el hecho que la ley se\u00f1ala como il\u00edcito de delincuencia organizada, con la finalidad de cometer tr\u00e1fico de armas de fuego e Hidrocarburos.<\/p>\n\n\n\n<p>Subraya que est\u00e1 el riesgo de sustracci\u00f3n debido a que en cualquier momento puede abandonar el pa\u00eds por la capacidad econ\u00f3mica con la que cuenta dejando impune su actuar il\u00edcito e irse a refugiar a otra naci\u00f3n.<\/p>\n\n\n\n<p>La orden de aprehensi\u00f3n girada el 15 de diciembre a la cual EL UNIVERSAL tuvo acceso se\u00f1ala que la detenci\u00f3n resulta el \u00fanico medio para conducir a proceso al imputado.<\/p>\n\n\n\n<p>\u201cEllo en raz\u00f3n de la imposibilidad que tuvo la Fiscal\u00eda, para hacer comparecer al nombrado en domicilios que previamente se hab\u00edan obtenido para su localizaci\u00f3n, es muy factible y constante su egreso del territorio nacional por estar viajando de un pa\u00eds a otro.<\/p>\n\n\n\n<p>\u201cDerivado de los informes policiales se advierte que no cuenta con un domicilio dentro del territorio nacional en donde pueda ser localizado. Raz\u00f3n por la cual hasta este momento no tiene establecido un arraigo domiciliario en donde pueda ser localizado y notificado por las autoridades\u201d, destaca el documento.<\/p>\n\n\n\n<p>Abunda que Rocha Cant\u00fa es accionista en diversas empresas, teniendo incluso un n\u00famero importante de activos, diversos domicilios en varios estados de la Rep\u00fablica Mexicana de los que no se tiene certeza de su ubicaci\u00f3n, cuenta adem\u00e1s con un importante n\u00famero de flujo migratorio, esto traducido al poder adquisitivo que tiene.<\/p>\n\n\n\n<p>El 15 de noviembre de este a\u00f1o se gir\u00f3 una primera orden de aprehensi\u00f3n contra Rocha Cant\u00fa por los delitos de delincuencia organizada, tr\u00e1fico de armas y de hidrocarburos; sin embargo, el 19 de noviembre fue cancelada por el criterio de oportunidad. Este 15 de diciembre, pudo conocer EL UNIVERSAL, se le gir\u00f3 esta una nueva orden de aprehensi\u00f3n.<\/p>\n","protected":false},"excerpt":{"rendered":"<p>Juez subraya que hay riesgo de fuga por la capacidad econ\u00f3mica del empresario El Juez de Distrito Especializado en el Sistema Penal Acusatorio del Centro de Justicia Penal Federal en Quer\u00e9taro, quien act\u00faa con car\u00e1cter de Juez de control, libr\u00f3 una nueva orden de aprehensi\u00f3n contra el empresario Ra\u00fal Rocha Cant\u00fa alias \u201cRa\u00fal Rocha\u201d (copropietario [&hellip;]<\/p>\n","protected":false},"author":39,"featured_media":122454,"comment_status":"open","ping_status":"open","sticky":false,"template":"","format":"standard","meta":{"tdm_status":"","tdm_grid_status":"","footnotes":""},"categories":[39],"tags":[],"class_list":{"0":"post-123948","1":"post","2":"type-post","3":"status-publish","4":"format-standard","5":"has-post-thumbnail","7":"category-noticias-nacionales"},"yoast_head":"<!-- This site is optimized with the Yoast SEO plugin v27.5 - https:\/\/yoast.com\/product\/yoast-seo-wordpress\/ -->\n<title>Arrecia la tormenta sobre Miss Universo; giran nueva orden de aprehensi\u00f3n contra Rocha Cant\u00fa - Fuentes Fidedignas<\/title>\n<meta name=\"robots\" content=\"index, follow, max-snippet:-1, max-image-preview:large, max-video-preview:-1\" \/>\n<link rel=\"canonical\" href=\"https:\/\/fuentesfidedignas.com.mx\/index.php\/2025\/12\/18\/arrecia-la-tormenta-sobre-miss-universo-giran-nueva-orden-de-aprehension-contra-rocha-cantu\/\" \/>\n<meta property=\"og:locale\" content=\"es_MX\" \/>\n<meta property=\"og:type\" content=\"article\" \/>\n<meta property=\"og:title\" content=\"Arrecia la tormenta sobre Miss Universo; giran nueva orden de aprehensi\u00f3n contra Rocha Cant\u00fa - Fuentes Fidedignas\" \/>\n<meta property=\"og:description\" content=\"Juez subraya que hay riesgo de fuga por la capacidad econ\u00f3mica del empresario El Juez de Distrito Especializado en el Sistema Penal Acusatorio del Centro de Justicia Penal Federal en Quer\u00e9taro, quien act\u00faa con car\u00e1cter de Juez de control, libr\u00f3 una nueva orden de aprehensi\u00f3n contra el empresario Ra\u00fal Rocha Cant\u00fa alias \u201cRa\u00fal Rocha\u201d (copropietario [&hellip;]\" \/>\n<meta property=\"og:url\" content=\"https:\/\/fuentesfidedignas.com.mx\/index.php\/2025\/12\/18\/arrecia-la-tormenta-sobre-miss-universo-giran-nueva-orden-de-aprehension-contra-rocha-cantu\/\" \/>\n<meta property=\"og:site_name\" content=\"Fuentes Fidedignas\" \/>\n<meta property=\"article:publisher\" content=\"https:\/\/www.facebook.com\/Fuentes-Fidedignas-368234489921644\" \/>\n<meta property=\"article:published_time\" content=\"2025-12-18T13:38:45+00:00\" \/>\n<meta property=\"article:modified_time\" content=\"2025-12-18T13:39:04+00:00\" \/>\n<meta property=\"og:image\" content=\"https:\/\/fuentesfidedignas.com.mx\/wp-content\/uploads\/2025\/11\/raul-rocha-miss-universo.jpg\" \/>\n\t<meta property=\"og:image:width\" content=\"500\" \/>\n\t<meta property=\"og:image:height\" content=\"301\" \/>\n\t<meta property=\"og:image:type\" content=\"image\/jpeg\" \/>\n<meta name=\"author\" content=\"El Universal\" \/>\n<meta name=\"twitter:card\" content=\"summary_large_image\" \/>\n<meta name=\"twitter:creator\" content=\"@fidedignas\" \/>\n<meta name=\"twitter:site\" content=\"@fidedignas\" \/>\n<meta name=\"twitter:label1\" content=\"Escrito por\" \/>\n\t<meta name=\"twitter:data1\" content=\"El Universal\" \/>\n\t<meta name=\"twitter:label2\" content=\"Tiempo de lectura\" \/>\n\t<meta name=\"twitter:data2\" content=\"2 minutos\" \/>\n<script type=\"application\/ld+json\" class=\"yoast-schema-graph\">{\"@context\":\"https:\\\/\\\/schema.org\",\"@graph\":[{\"@type\":\"Article\",\"@id\":\"https:\\\/\\\/fuentesfidedignas.com.mx\\\/index.php\\\/2025\\\/12\\\/18\\\/arrecia-la-tormenta-sobre-miss-universo-giran-nueva-orden-de-aprehension-contra-rocha-cantu\\\/#article\",\"isPartOf\":{\"@id\":\"https:\\\/\\\/fuentesfidedignas.com.mx\\\/index.php\\\/2025\\\/12\\\/18\\\/arrecia-la-tormenta-sobre-miss-universo-giran-nueva-orden-de-aprehension-contra-rocha-cantu\\\/\"},\"author\":{\"name\":\"El Universal\",\"@id\":\"https:\\\/\\\/fuentesfidedignas.com.mx\\\/#\\\/schema\\\/person\\\/fee3882e65fd0510d292c43a346d35d7\"},\"headline\":\"Arrecia la tormenta sobre Miss Universo; giran nueva orden de aprehensi\u00f3n contra Rocha Cant\u00fa\",\"datePublished\":\"2025-12-18T13:38:45+00:00\",\"dateModified\":\"2025-12-18T13:39:04+00:00\",\"mainEntityOfPage\":{\"@id\":\"https:\\\/\\\/fuentesfidedignas.com.mx\\\/index.php\\\/2025\\\/12\\\/18\\\/arrecia-la-tormenta-sobre-miss-universo-giran-nueva-orden-de-aprehension-contra-rocha-cantu\\\/\"},\"wordCount\":398,\"commentCount\":0,\"publisher\":{\"@id\":\"https:\\\/\\\/fuentesfidedignas.com.mx\\\/#organization\"},\"image\":{\"@id\":\"https:\\\/\\\/fuentesfidedignas.com.mx\\\/index.php\\\/2025\\\/12\\\/18\\\/arrecia-la-tormenta-sobre-miss-universo-giran-nueva-orden-de-aprehension-contra-rocha-cantu\\\/#primaryimage\"},\"thumbnailUrl\":\"https:\\\/\\\/fuentesfidedignas.com.mx\\\/wp-content\\\/uploads\\\/2025\\\/11\\\/raul-rocha-miss-universo.jpg\",\"articleSection\":[\"NOTICIAS NACIONALES\"],\"inLanguage\":\"es\",\"potentialAction\":[{\"@type\":\"CommentAction\",\"name\":\"Comment\",\"target\":[\"https:\\\/\\\/fuentesfidedignas.com.mx\\\/index.php\\\/2025\\\/12\\\/18\\\/arrecia-la-tormenta-sobre-miss-universo-giran-nueva-orden-de-aprehension-contra-rocha-cantu\\\/#respond\"]}]},{\"@type\":\"WebPage\",\"@id\":\"https:\\\/\\\/fuentesfidedignas.com.mx\\\/index.php\\\/2025\\\/12\\\/18\\\/arrecia-la-tormenta-sobre-miss-universo-giran-nueva-orden-de-aprehension-contra-rocha-cantu\\\/\",\"url\":\"https:\\\/\\\/fuentesfidedignas.com.mx\\\/index.php\\\/2025\\\/12\\\/18\\\/arrecia-la-tormenta-sobre-miss-universo-giran-nueva-orden-de-aprehension-contra-rocha-cantu\\\/\",\"name\":\"Arrecia la tormenta sobre Miss Universo; giran nueva orden de aprehensi\u00f3n contra Rocha Cant\u00fa - Fuentes Fidedignas\",\"isPartOf\":{\"@id\":\"https:\\\/\\\/fuentesfidedignas.com.mx\\\/#website\"},\"primaryImageOfPage\":{\"@id\":\"https:\\\/\\\/fuentesfidedignas.com.mx\\\/index.php\\\/2025\\\/12\\\/18\\\/arrecia-la-tormenta-sobre-miss-universo-giran-nueva-orden-de-aprehension-contra-rocha-cantu\\\/#primaryimage\"},\"image\":{\"@id\":\"https:\\\/\\\/fuentesfidedignas.com.mx\\\/index.php\\\/2025\\\/12\\\/18\\\/arrecia-la-tormenta-sobre-miss-universo-giran-nueva-orden-de-aprehension-contra-rocha-cantu\\\/#primaryimage\"},\"thumbnailUrl\":\"https:\\\/\\\/fuentesfidedignas.com.mx\\\/wp-content\\\/uploads\\\/2025\\\/11\\\/raul-rocha-miss-universo.jpg\",\"datePublished\":\"2025-12-18T13:38:45+00:00\",\"dateModified\":\"2025-12-18T13:39:04+00:00\",\"breadcrumb\":{\"@id\":\"https:\\\/\\\/fuentesfidedignas.com.mx\\\/index.php\\\/2025\\\/12\\\/18\\\/arrecia-la-tormenta-sobre-miss-universo-giran-nueva-orden-de-aprehension-contra-rocha-cantu\\\/#breadcrumb\"},\"inLanguage\":\"es\",\"potentialAction\":[{\"@type\":\"ReadAction\",\"target\":[\"https:\\\/\\\/fuentesfidedignas.com.mx\\\/index.php\\\/2025\\\/12\\\/18\\\/arrecia-la-tormenta-sobre-miss-universo-giran-nueva-orden-de-aprehension-contra-rocha-cantu\\\/\"]}]},{\"@type\":\"ImageObject\",\"inLanguage\":\"es\",\"@id\":\"https:\\\/\\\/fuentesfidedignas.com.mx\\\/index.php\\\/2025\\\/12\\\/18\\\/arrecia-la-tormenta-sobre-miss-universo-giran-nueva-orden-de-aprehension-contra-rocha-cantu\\\/#primaryimage\",\"url\":\"https:\\\/\\\/fuentesfidedignas.com.mx\\\/wp-content\\\/uploads\\\/2025\\\/11\\\/raul-rocha-miss-universo.jpg\",\"contentUrl\":\"https:\\\/\\\/fuentesfidedignas.com.mx\\\/wp-content\\\/uploads\\\/2025\\\/11\\\/raul-rocha-miss-universo.jpg\",\"width\":500,\"height\":301},{\"@type\":\"BreadcrumbList\",\"@id\":\"https:\\\/\\\/fuentesfidedignas.com.mx\\\/index.php\\\/2025\\\/12\\\/18\\\/arrecia-la-tormenta-sobre-miss-universo-giran-nueva-orden-de-aprehension-contra-rocha-cantu\\\/#breadcrumb\",\"itemListElement\":[{\"@type\":\"ListItem\",\"position\":1,\"name\":\"Inicio\",\"item\":\"https:\\\/\\\/fuentesfidedignas.com.mx\\\/\"},{\"@type\":\"ListItem\",\"position\":2,\"name\":\"Arrecia la tormenta sobre Miss Universo; giran nueva orden de aprehensi\u00f3n contra Rocha Cant\u00fa\"}]},{\"@type\":\"WebSite\",\"@id\":\"https:\\\/\\\/fuentesfidedignas.com.mx\\\/#website\",\"url\":\"https:\\\/\\\/fuentesfidedignas.com.mx\\\/\",\"name\":\"Fuentes Fidedignas\",\"description\":\"Otro sitio realizado con WordPress\",\"publisher\":{\"@id\":\"https:\\\/\\\/fuentesfidedignas.com.mx\\\/#organization\"},\"potentialAction\":[{\"@type\":\"SearchAction\",\"target\":{\"@type\":\"EntryPoint\",\"urlTemplate\":\"https:\\\/\\\/fuentesfidedignas.com.mx\\\/?s={search_term_string}\"},\"query-input\":{\"@type\":\"PropertyValueSpecification\",\"valueRequired\":true,\"valueName\":\"search_term_string\"}}],\"inLanguage\":\"es\"},{\"@type\":\"Organization\",\"@id\":\"https:\\\/\\\/fuentesfidedignas.com.mx\\\/#organization\",\"name\":\"Fuentes Fidedignas\",\"url\":\"https:\\\/\\\/fuentesfidedignas.com.mx\\\/\",\"logo\":{\"@type\":\"ImageObject\",\"inLanguage\":\"es\",\"@id\":\"https:\\\/\\\/fuentesfidedignas.com.mx\\\/#\\\/schema\\\/logo\\\/image\\\/\",\"url\":\"https:\\\/\\\/fuentesfidedignas.com.mx\\\/wp-content\\\/uploads\\\/2021\\\/04\\\/logo-retina.png\",\"contentUrl\":\"https:\\\/\\\/fuentesfidedignas.com.mx\\\/wp-content\\\/uploads\\\/2021\\\/04\\\/logo-retina.png\",\"width\":280,\"height\":51,\"caption\":\"Fuentes Fidedignas\"},\"image\":{\"@id\":\"https:\\\/\\\/fuentesfidedignas.com.mx\\\/#\\\/schema\\\/logo\\\/image\\\/\"},\"sameAs\":[\"https:\\\/\\\/www.facebook.com\\\/Fuentes-Fidedignas-368234489921644\",\"https:\\\/\\\/x.com\\\/fidedignas\"]},{\"@type\":\"Person\",\"@id\":\"https:\\\/\\\/fuentesfidedignas.com.mx\\\/#\\\/schema\\\/person\\\/fee3882e65fd0510d292c43a346d35d7\",\"name\":\"El Universal\",\"image\":{\"@type\":\"ImageObject\",\"inLanguage\":\"es\",\"@id\":\"https:\\\/\\\/secure.gravatar.com\\\/avatar\\\/1ebc94d82b6c3c081781f73e5b76a0d0c1ac7bf8e57426f18802246eeaa2747c?s=96&d=mm&r=g\",\"url\":\"https:\\\/\\\/secure.gravatar.com\\\/avatar\\\/1ebc94d82b6c3c081781f73e5b76a0d0c1ac7bf8e57426f18802246eeaa2747c?s=96&d=mm&r=g\",\"contentUrl\":\"https:\\\/\\\/secure.gravatar.com\\\/avatar\\\/1ebc94d82b6c3c081781f73e5b76a0d0c1ac7bf8e57426f18802246eeaa2747c?s=96&d=mm&r=g\",\"caption\":\"El Universal\"},\"url\":\"https:\\\/\\\/fuentesfidedignas.com.mx\\\/index.php\\\/author\\\/el-universal\\\/\"}]}<\/script>\n<!-- \/ Yoast SEO plugin. -->","yoast_head_json":{"title":"Arrecia la tormenta sobre Miss Universo; giran nueva orden de aprehensi\u00f3n contra Rocha Cant\u00fa - Fuentes Fidedignas","robots":{"index":"index","follow":"follow","max-snippet":"max-snippet:-1","max-image-preview":"max-image-preview:large","max-video-preview":"max-video-preview:-1"},"canonical":"https:\/\/fuentesfidedignas.com.mx\/index.php\/2025\/12\/18\/arrecia-la-tormenta-sobre-miss-universo-giran-nueva-orden-de-aprehension-contra-rocha-cantu\/","og_locale":"es_MX","og_type":"article","og_title":"Arrecia la tormenta sobre Miss Universo; giran nueva orden de aprehensi\u00f3n contra Rocha Cant\u00fa - Fuentes Fidedignas","og_description":"Juez subraya que hay riesgo de fuga por la capacidad econ\u00f3mica del empresario El Juez de Distrito Especializado en el Sistema Penal Acusatorio del Centro de Justicia Penal Federal en Quer\u00e9taro, quien act\u00faa con car\u00e1cter de Juez de control, libr\u00f3 una nueva orden de aprehensi\u00f3n contra el empresario Ra\u00fal Rocha Cant\u00fa alias \u201cRa\u00fal Rocha\u201d (copropietario [&hellip;]","og_url":"https:\/\/fuentesfidedignas.com.mx\/index.php\/2025\/12\/18\/arrecia-la-tormenta-sobre-miss-universo-giran-nueva-orden-de-aprehension-contra-rocha-cantu\/","og_site_name":"Fuentes Fidedignas","article_publisher":"https:\/\/www.facebook.com\/Fuentes-Fidedignas-368234489921644","article_published_time":"2025-12-18T13:38:45+00:00","article_modified_time":"2025-12-18T13:39:04+00:00","og_image":[{"width":500,"height":301,"url":"https:\/\/fuentesfidedignas.com.mx\/wp-content\/uploads\/2025\/11\/raul-rocha-miss-universo.jpg","type":"image\/jpeg"}],"author":"El Universal","twitter_card":"summary_large_image","twitter_creator":"@fidedignas","twitter_site":"@fidedignas","twitter_misc":{"Escrito por":"El Universal","Tiempo de lectura":"2 minutos"},"schema":{"@context":"https:\/\/schema.org","@graph":[{"@type":"Article","@id":"https:\/\/fuentesfidedignas.com.mx\/index.php\/2025\/12\/18\/arrecia-la-tormenta-sobre-miss-universo-giran-nueva-orden-de-aprehension-contra-rocha-cantu\/#article","isPartOf":{"@id":"https:\/\/fuentesfidedignas.com.mx\/index.php\/2025\/12\/18\/arrecia-la-tormenta-sobre-miss-universo-giran-nueva-orden-de-aprehension-contra-rocha-cantu\/"},"author":{"name":"El Universal","@id":"https:\/\/fuentesfidedignas.com.mx\/#\/schema\/person\/fee3882e65fd0510d292c43a346d35d7"},"headline":"Arrecia la tormenta sobre Miss Universo; giran nueva orden de aprehensi\u00f3n contra Rocha Cant\u00fa","datePublished":"2025-12-18T13:38:45+00:00","dateModified":"2025-12-18T13:39:04+00:00","mainEntityOfPage":{"@id":"https:\/\/fuentesfidedignas.com.mx\/index.php\/2025\/12\/18\/arrecia-la-tormenta-sobre-miss-universo-giran-nueva-orden-de-aprehension-contra-rocha-cantu\/"},"wordCount":398,"commentCount":0,"publisher":{"@id":"https:\/\/fuentesfidedignas.com.mx\/#organization"},"image":{"@id":"https:\/\/fuentesfidedignas.com.mx\/index.php\/2025\/12\/18\/arrecia-la-tormenta-sobre-miss-universo-giran-nueva-orden-de-aprehension-contra-rocha-cantu\/#primaryimage"},"thumbnailUrl":"https:\/\/fuentesfidedignas.com.mx\/wp-content\/uploads\/2025\/11\/raul-rocha-miss-universo.jpg","articleSection":["NOTICIAS NACIONALES"],"inLanguage":"es","potentialAction":[{"@type":"CommentAction","name":"Comment","target":["https:\/\/fuentesfidedignas.com.mx\/index.php\/2025\/12\/18\/arrecia-la-tormenta-sobre-miss-universo-giran-nueva-orden-de-aprehension-contra-rocha-cantu\/#respond"]}]},{"@type":"WebPage","@id":"https:\/\/fuentesfidedignas.com.mx\/index.php\/2025\/12\/18\/arrecia-la-tormenta-sobre-miss-universo-giran-nueva-orden-de-aprehension-contra-rocha-cantu\/","url":"https:\/\/fuentesfidedignas.com.mx\/index.php\/2025\/12\/18\/arrecia-la-tormenta-sobre-miss-universo-giran-nueva-orden-de-aprehension-contra-rocha-cantu\/","name":"Arrecia la tormenta sobre Miss Universo; giran nueva orden de aprehensi\u00f3n contra Rocha Cant\u00fa - Fuentes Fidedignas","isPartOf":{"@id":"https:\/\/fuentesfidedignas.com.mx\/#website"},"primaryImageOfPage":{"@id":"https:\/\/fuentesfidedignas.com.mx\/index.php\/2025\/12\/18\/arrecia-la-tormenta-sobre-miss-universo-giran-nueva-orden-de-aprehension-contra-rocha-cantu\/#primaryimage"},"image":{"@id":"https:\/\/fuentesfidedignas.com.mx\/index.php\/2025\/12\/18\/arrecia-la-tormenta-sobre-miss-universo-giran-nueva-orden-de-aprehension-contra-rocha-cantu\/#primaryimage"},"thumbnailUrl":"https:\/\/fuentesfidedignas.com.mx\/wp-content\/uploads\/2025\/11\/raul-rocha-miss-universo.jpg","datePublished":"2025-12-18T13:38:45+00:00","dateModified":"2025-12-18T13:39:04+00:00","breadcrumb":{"@id":"https:\/\/fuentesfidedignas.com.mx\/index.php\/2025\/12\/18\/arrecia-la-tormenta-sobre-miss-universo-giran-nueva-orden-de-aprehension-contra-rocha-cantu\/#breadcrumb"},"inLanguage":"es","potentialAction":[{"@type":"ReadAction","target":["https:\/\/fuentesfidedignas.com.mx\/index.php\/2025\/12\/18\/arrecia-la-tormenta-sobre-miss-universo-giran-nueva-orden-de-aprehension-contra-rocha-cantu\/"]}]},{"@type":"ImageObject","inLanguage":"es","@id":"https:\/\/fuentesfidedignas.com.mx\/index.php\/2025\/12\/18\/arrecia-la-tormenta-sobre-miss-universo-giran-nueva-orden-de-aprehension-contra-rocha-cantu\/#primaryimage","url":"https:\/\/fuentesfidedignas.com.mx\/wp-content\/uploads\/2025\/11\/raul-rocha-miss-universo.jpg","contentUrl":"https:\/\/fuentesfidedignas.com.mx\/wp-content\/uploads\/2025\/11\/raul-rocha-miss-universo.jpg","width":500,"height":301},{"@type":"BreadcrumbList","@id":"https:\/\/fuentesfidedignas.com.mx\/index.php\/2025\/12\/18\/arrecia-la-tormenta-sobre-miss-universo-giran-nueva-orden-de-aprehension-contra-rocha-cantu\/#breadcrumb","itemListElement":[{"@type":"ListItem","position":1,"name":"Inicio","item":"https:\/\/fuentesfidedignas.com.mx\/"},{"@type":"ListItem","position":2,"name":"Arrecia la tormenta sobre Miss Universo; giran nueva orden de aprehensi\u00f3n contra Rocha Cant\u00fa"}]},{"@type":"WebSite","@id":"https:\/\/fuentesfidedignas.com.mx\/#website","url":"https:\/\/fuentesfidedignas.com.mx\/","name":"Fuentes Fidedignas","description":"Otro sitio realizado con WordPress","publisher":{"@id":"https:\/\/fuentesfidedignas.com.mx\/#organization"},"potentialAction":[{"@type":"SearchAction","target":{"@type":"EntryPoint","urlTemplate":"https:\/\/fuentesfidedignas.com.mx\/?s={search_term_string}"},"query-input":{"@type":"PropertyValueSpecification","valueRequired":true,"valueName":"search_term_string"}}],"inLanguage":"es"},{"@type":"Organization","@id":"https:\/\/fuentesfidedignas.com.mx\/#organization","name":"Fuentes Fidedignas","url":"https:\/\/fuentesfidedignas.com.mx\/","logo":{"@type":"ImageObject","inLanguage":"es","@id":"https:\/\/fuentesfidedignas.com.mx\/#\/schema\/logo\/image\/","url":"https:\/\/fuentesfidedignas.com.mx\/wp-content\/uploads\/2021\/04\/logo-retina.png","contentUrl":"https:\/\/fuentesfidedignas.com.mx\/wp-content\/uploads\/2021\/04\/logo-retina.png","width":280,"height":51,"caption":"Fuentes Fidedignas"},"image":{"@id":"https:\/\/fuentesfidedignas.com.mx\/#\/schema\/logo\/image\/"},"sameAs":["https:\/\/www.facebook.com\/Fuentes-Fidedignas-368234489921644","https:\/\/x.com\/fidedignas"]},{"@type":"Person","@id":"https:\/\/fuentesfidedignas.com.mx\/#\/schema\/person\/fee3882e65fd0510d292c43a346d35d7","name":"El Universal","image":{"@type":"ImageObject","inLanguage":"es","@id":"https:\/\/secure.gravatar.com\/avatar\/1ebc94d82b6c3c081781f73e5b76a0d0c1ac7bf8e57426f18802246eeaa2747c?s=96&d=mm&r=g","url":"https:\/\/secure.gravatar.com\/avatar\/1ebc94d82b6c3c081781f73e5b76a0d0c1ac7bf8e57426f18802246eeaa2747c?s=96&d=mm&r=g","contentUrl":"https:\/\/secure.gravatar.com\/avatar\/1ebc94d82b6c3c081781f73e5b76a0d0c1ac7bf8e57426f18802246eeaa2747c?s=96&d=mm&r=g","caption":"El Universal"},"url":"https:\/\/fuentesfidedignas.com.mx\/index.php\/author\/el-universal\/"}]}},"_links":{"self":[{"href":"https:\/\/fuentesfidedignas.com.mx\/index.php\/wp-json\/wp\/v2\/posts\/123948","targetHints":{"allow":["GET"]}}],"collection":[{"href":"https:\/\/fuentesfidedignas.com.mx\/index.php\/wp-json\/wp\/v2\/posts"}],"about":[{"href":"https:\/\/fuentesfidedignas.com.mx\/index.php\/wp-json\/wp\/v2\/types\/post"}],"author":[{"embeddable":true,"href":"https:\/\/fuentesfidedignas.com.mx\/index.php\/wp-json\/wp\/v2\/users\/39"}],"replies":[{"embeddable":true,"href":"https:\/\/fuentesfidedignas.com.mx\/index.php\/wp-json\/wp\/v2\/comments?post=123948"}],"version-history":[{"count":1,"href":"https:\/\/fuentesfidedignas.com.mx\/index.php\/wp-json\/wp\/v2\/posts\/123948\/revisions"}],"predecessor-version":[{"id":123952,"href":"https:\/\/fuentesfidedignas.com.mx\/index.php\/wp-json\/wp\/v2\/posts\/123948\/revisions\/123952"}],"wp:featuredmedia":[{"embeddable":true,"href":"https:\/\/fuentesfidedignas.com.mx\/index.php\/wp-json\/wp\/v2\/media\/122454"}],"wp:attachment":[{"href":"https:\/\/fuentesfidedignas.com.mx\/index.php\/wp-json\/wp\/v2\/media?parent=123948"}],"wp:term":[{"taxonomy":"category","embeddable":true,"href":"https:\/\/fuentesfidedignas.com.mx\/index.php\/wp-json\/wp\/v2\/categories?post=123948"},{"taxonomy":"post_tag","embeddable":true,"href":"https:\/\/fuentesfidedignas.com.mx\/index.php\/wp-json\/wp\/v2\/tags?post=123948"}],"curies":[{"name":"wp","href":"https:\/\/api.w.org\/{rel}","templated":true}]}}