{"id":123915,"date":"2025-12-17T08:44:00","date_gmt":"2025-12-17T15:44:00","guid":{"rendered":"https:\/\/fuentesfidedignas.com.mx\/?p=123915"},"modified":"2025-12-17T09:17:55","modified_gmt":"2025-12-17T16:17:55","slug":"genaro-garcia-luna-apelara-sentencia-de-38-anos-de-prision-en-estados-unidos","status":"publish","type":"post","link":"https:\/\/fuentesfidedignas.com.mx\/index.php\/2025\/12\/17\/genaro-garcia-luna-apelara-sentencia-de-38-anos-de-prision-en-estados-unidos\/","title":{"rendered":"Genaro Garc\u00eda Luna apelar\u00e1 sentencia de 38 a\u00f1os de prisi\u00f3n en Estados Unidos"},"content":{"rendered":"\n<p><strong><em>La fiscal\u00eda sostuvo que Garc\u00eda Luna utiliz\u00f3 su posici\u00f3n estrat\u00e9gica dentro del aparato de seguridad mexicano para brindar protecci\u00f3n institucional al narcotr\u00e1fico, lo que permiti\u00f3 el trasiego de toneladas de droga hacia Estados Unidos.<\/em><\/strong><\/p>\n\n\n\n<p>Nueva York.\u2014 Genaro Garc\u00eda Luna.- exsecretario de Seguridad P\u00fablica federal durante el sexenio del expresidente Felipe Calder\u00f3n, presentar\u00e1 esta semana la apelaci\u00f3n a la sentencia de 38 a\u00f1os de prisi\u00f3n y a la multa de dos millones de d\u00f3lares que le fue impuesta por una corte federal de Estados Unidos, tras ser hallado culpable de colaborar con el C\u00e1rtel de Sinaloa.<\/p>\n\n\n\n<p>De acuerdo con informaci\u00f3n de tribunales estadounidenses, la defensa del exfuncionario mexicano tiene como fecha l\u00edmite el jueves 18 de diciembre para interponer formalmente el recurso legal ante la corte correspondiente.<\/p>\n\n\n\n<p><strong>Una condena hist\u00f3rica<\/strong><\/p>\n\n\n\n<p>El llamado \u201cs\u00faper polic\u00eda\u201d fue condenado el 16 de octubre de 2024 por el juez Brian Cogan, el mismo que sentenci\u00f3 a Joaqu\u00edn \u201cEl Chapo\u201d Guzm\u00e1n, tras determinar que durante al menos una d\u00e9cada protegi\u00f3 y facilit\u00f3 las operaciones del C\u00e1rtel de Sinaloa a cambio de sobornos millonarios.<\/p>\n\n\n\n<p>Adem\u00e1s de la pena de prisi\u00f3n, Garc\u00eda Luna recibi\u00f3 una multa de dos millones de d\u00f3lares, como parte de una de las condenas m\u00e1s severas impuestas a un exalto funcionario mexicano en territorio estadounidense.<\/p>\n\n\n\n<p><strong>Los cargos en su contra<\/strong><br>Durante el juicio, el jurado lo declar\u00f3 culpable de cinco delitos graves:<\/p>\n\n\n\n<ul class=\"wp-block-list\">\n<li>Participaci\u00f3n en una empresa delictiva<\/li>\n\n\n\n<li>Conspiraci\u00f3n para poseer y distribuir coca\u00edna<\/li>\n\n\n\n<li>Conspiraci\u00f3n para importar coca\u00edna a Estados Unidos<\/li>\n\n\n\n<li>Conspiraci\u00f3n para la distribuci\u00f3n internacional de coca\u00edna<\/li>\n\n\n\n<li>Falsedad en declaraciones<\/li>\n<\/ul>\n\n\n\n<p>La fiscal\u00eda sostuvo que Garc\u00eda Luna utiliz\u00f3 su posici\u00f3n estrat\u00e9gica dentro del aparato de seguridad mexicano para brindar protecci\u00f3n institucional al narcotr\u00e1fico, lo que permiti\u00f3 el trasiego de toneladas de droga hacia Estados Unidos.<\/p>\n\n\n\n<p><strong>La postura de la defensa<\/strong><br>Tras la audiencia de sentencia, el abogado C\u00e9sar de Castro, l\u00edder del equipo legal del exfuncionario, subray\u00f3 que la defensa logr\u00f3 evitar la cadena perpetua, por lo que desde entonces anticip\u00f3 que impugnar\u00edan el fallo.<\/p>\n\n\n\n<p>La apelaci\u00f3n buscar\u00e1 revisar tanto la severidad de la condena como los argumentos jur\u00eddicos que sustentaron la sentencia dictada por la corte federal de Nueva York.<\/p>\n\n\n\n<p><strong>Trayectoria en el poder<\/strong><br>Garc\u00eda Luna fue una de las figuras m\u00e1s influyentes en el aparato de seguridad de M\u00e9xico durante dos sexenios consecutivos:<\/p>\n\n\n\n<ul class=\"wp-block-list\">\n<li>Inici\u00f3 su carrera en el Centro de Investigaci\u00f3n y Seguridad Nacional (Cisen).<br>Dirigi\u00f3 la Agencia Federal de Investigaci\u00f3n (AFI) entre 2001 y 2005, durante el gobierno de Vicente Fox.<\/li>\n\n\n\n<li>Posteriormente, con Felipe Calder\u00f3n, fue nombrado secretario de Seguridad P\u00fablica federal, cargo que ocup\u00f3 de 2006 a 2012, periodo marcado por el inicio de la llamada guerra contra el narcotr\u00e1fico.<\/li>\n<\/ul>\n\n\n\n<p><strong>Se\u00f1alamientos del juez<\/strong><\/p>\n\n\n\n<p>Durante la lectura de la sentencia, el juez Brian Cogan fue contundente al dirigirse al exfuncionario:<\/p>\n\n\n\n<p>\u201cUsted tiene una doble vida. Usted viste muy elegante. Usted puede decir que respeta la ley y seguro lo cree, pero su conducta es la misma que la de \u2018El Chapo\u2019\u201d.<\/p>\n\n\n\n<p>El juez afirm\u00f3 que, lejos de combatir al crimen organizado, Garc\u00eda Luna facilit\u00f3 sus operaciones, traicionando la confianza del Estado mexicano y de la sociedad.<\/p>\n\n\n\n<p><strong>Testimonios clave<\/strong><br>El caso contra Garc\u00eda Luna se sustent\u00f3 en testimonios de exl\u00edderes y operadores del narcotr\u00e1fico, entre ellos:<\/p>\n\n\n\n<ul class=\"wp-block-list\">\n<li>Sergio Villarreal Barrag\u00e1n, \u201cEl Grande\u201d<\/li>\n\n\n\n<li>Jes\u00fas \u201cEl Rey\u201d Zambada<\/li>\n\n\n\n<li>\u00d3scar \u201cEl Lobo\u201d Nava Valencia<\/li>\n<\/ul>\n\n\n\n<p>Adem\u00e1s, se presentaron acusaciones y expedientes aportados por el Gobierno federal mexicano, que reforzaron la narrativa de una relaci\u00f3n sistem\u00e1tica entre el exsecretario y organizaciones criminales como el C\u00e1rtel de Sinaloa y el C\u00e1rtel de los Beltr\u00e1n Leyva.<\/p>\n\n\n\n<p><strong>Un caso con impacto pol\u00edtico<\/strong><br>La apelaci\u00f3n de Garc\u00eda Luna mantiene vigente uno de los casos judiciales m\u00e1s emblem\u00e1ticos y sensibles en la relaci\u00f3n entre M\u00e9xico y Estados Unidos, al evidenciar los v\u00ednculos entre altas esferas del poder y el narcotr\u00e1fico, as\u00ed como las contradicciones de la estrategia de seguridad aplicada durante la primera etapa de la guerra contra las drogas.<\/p>\n\n\n\n<p>El desenlace del proceso de apelaci\u00f3n podr\u00eda tardar meses, mientras el exfuncionario permanece recluido en una prisi\u00f3n federal estadounidense.<\/p>\n","protected":false},"excerpt":{"rendered":"<p>La fiscal\u00eda sostuvo que Garc\u00eda Luna utiliz\u00f3 su posici\u00f3n estrat\u00e9gica dentro del aparato de seguridad mexicano para brindar protecci\u00f3n institucional al narcotr\u00e1fico, lo que permiti\u00f3 el trasiego de toneladas de droga hacia Estados Unidos. Nueva York.\u2014 Genaro Garc\u00eda Luna.- exsecretario de Seguridad P\u00fablica federal durante el sexenio del expresidente Felipe Calder\u00f3n, presentar\u00e1 esta semana la [&hellip;]<\/p>\n","protected":false},"author":40,"featured_media":5334,"comment_status":"open","ping_status":"open","sticky":false,"template":"","format":"standard","meta":{"tdm_status":"","tdm_grid_status":"","footnotes":""},"categories":[39],"tags":[],"class_list":{"0":"post-123915","1":"post","2":"type-post","3":"status-publish","4":"format-standard","5":"has-post-thumbnail","7":"category-noticias-nacionales"},"yoast_head":"<!-- This site is optimized with the Yoast SEO plugin v27.5 - https:\/\/yoast.com\/product\/yoast-seo-wordpress\/ -->\n<title>Genaro Garc\u00eda Luna apelar\u00e1 sentencia de 38 a\u00f1os de prisi\u00f3n en Estados Unidos - Fuentes Fidedignas<\/title>\n<meta name=\"robots\" content=\"index, follow, max-snippet:-1, max-image-preview:large, max-video-preview:-1\" \/>\n<link rel=\"canonical\" href=\"https:\/\/fuentesfidedignas.com.mx\/index.php\/2025\/12\/17\/genaro-garcia-luna-apelara-sentencia-de-38-anos-de-prision-en-estados-unidos\/\" \/>\n<meta property=\"og:locale\" content=\"es_MX\" \/>\n<meta property=\"og:type\" content=\"article\" \/>\n<meta property=\"og:title\" content=\"Genaro Garc\u00eda Luna apelar\u00e1 sentencia de 38 a\u00f1os de prisi\u00f3n en Estados Unidos - Fuentes Fidedignas\" \/>\n<meta property=\"og:description\" content=\"La fiscal\u00eda sostuvo que Garc\u00eda Luna utiliz\u00f3 su posici\u00f3n estrat\u00e9gica dentro del aparato de seguridad mexicano para brindar protecci\u00f3n institucional al narcotr\u00e1fico, lo que permiti\u00f3 el trasiego de toneladas de droga hacia Estados Unidos. Nueva York.\u2014 Genaro Garc\u00eda Luna.- exsecretario de Seguridad P\u00fablica federal durante el sexenio del expresidente Felipe Calder\u00f3n, presentar\u00e1 esta semana la [&hellip;]\" \/>\n<meta property=\"og:url\" content=\"https:\/\/fuentesfidedignas.com.mx\/index.php\/2025\/12\/17\/genaro-garcia-luna-apelara-sentencia-de-38-anos-de-prision-en-estados-unidos\/\" \/>\n<meta property=\"og:site_name\" content=\"Fuentes Fidedignas\" \/>\n<meta property=\"article:publisher\" content=\"https:\/\/www.facebook.com\/Fuentes-Fidedignas-368234489921644\" \/>\n<meta property=\"article:published_time\" content=\"2025-12-17T15:44:00+00:00\" \/>\n<meta property=\"article:modified_time\" content=\"2025-12-17T16:17:55+00:00\" \/>\n<meta property=\"og:image\" content=\"https:\/\/fuentesfidedignas.com.mx\/wp-content\/uploads\/2021\/06\/genaro-garcia-luna-audiencia-nueva-york_1.jpg\" \/>\n\t<meta property=\"og:image:width\" content=\"980\" \/>\n\t<meta property=\"og:image:height\" content=\"551\" \/>\n\t<meta property=\"og:image:type\" content=\"image\/jpeg\" \/>\n<meta name=\"author\" content=\"El Imparcial\" \/>\n<meta name=\"twitter:card\" content=\"summary_large_image\" \/>\n<meta name=\"twitter:creator\" content=\"@fidedignas\" \/>\n<meta name=\"twitter:site\" content=\"@fidedignas\" \/>\n<meta name=\"twitter:label1\" content=\"Escrito por\" \/>\n\t<meta name=\"twitter:data1\" content=\"El Imparcial\" \/>\n\t<meta name=\"twitter:label2\" content=\"Tiempo de lectura\" \/>\n\t<meta name=\"twitter:data2\" content=\"4 minutos\" \/>\n<script type=\"application\/ld+json\" class=\"yoast-schema-graph\">{\"@context\":\"https:\\\/\\\/schema.org\",\"@graph\":[{\"@type\":\"Article\",\"@id\":\"https:\\\/\\\/fuentesfidedignas.com.mx\\\/index.php\\\/2025\\\/12\\\/17\\\/genaro-garcia-luna-apelara-sentencia-de-38-anos-de-prision-en-estados-unidos\\\/#article\",\"isPartOf\":{\"@id\":\"https:\\\/\\\/fuentesfidedignas.com.mx\\\/index.php\\\/2025\\\/12\\\/17\\\/genaro-garcia-luna-apelara-sentencia-de-38-anos-de-prision-en-estados-unidos\\\/\"},\"author\":{\"name\":\"El Imparcial\",\"@id\":\"https:\\\/\\\/fuentesfidedignas.com.mx\\\/#\\\/schema\\\/person\\\/ff4db17f8fd9c584e0cfc2a0c436b8a1\"},\"headline\":\"Genaro Garc\u00eda Luna apelar\u00e1 sentencia de 38 a\u00f1os de prisi\u00f3n en Estados Unidos\",\"datePublished\":\"2025-12-17T15:44:00+00:00\",\"dateModified\":\"2025-12-17T16:17:55+00:00\",\"mainEntityOfPage\":{\"@id\":\"https:\\\/\\\/fuentesfidedignas.com.mx\\\/index.php\\\/2025\\\/12\\\/17\\\/genaro-garcia-luna-apelara-sentencia-de-38-anos-de-prision-en-estados-unidos\\\/\"},\"wordCount\":753,\"commentCount\":0,\"publisher\":{\"@id\":\"https:\\\/\\\/fuentesfidedignas.com.mx\\\/#organization\"},\"image\":{\"@id\":\"https:\\\/\\\/fuentesfidedignas.com.mx\\\/index.php\\\/2025\\\/12\\\/17\\\/genaro-garcia-luna-apelara-sentencia-de-38-anos-de-prision-en-estados-unidos\\\/#primaryimage\"},\"thumbnailUrl\":\"https:\\\/\\\/fuentesfidedignas.com.mx\\\/wp-content\\\/uploads\\\/2021\\\/06\\\/genaro-garcia-luna-audiencia-nueva-york_1.jpg\",\"articleSection\":[\"NOTICIAS NACIONALES\"],\"inLanguage\":\"es\",\"potentialAction\":[{\"@type\":\"CommentAction\",\"name\":\"Comment\",\"target\":[\"https:\\\/\\\/fuentesfidedignas.com.mx\\\/index.php\\\/2025\\\/12\\\/17\\\/genaro-garcia-luna-apelara-sentencia-de-38-anos-de-prision-en-estados-unidos\\\/#respond\"]}]},{\"@type\":\"WebPage\",\"@id\":\"https:\\\/\\\/fuentesfidedignas.com.mx\\\/index.php\\\/2025\\\/12\\\/17\\\/genaro-garcia-luna-apelara-sentencia-de-38-anos-de-prision-en-estados-unidos\\\/\",\"url\":\"https:\\\/\\\/fuentesfidedignas.com.mx\\\/index.php\\\/2025\\\/12\\\/17\\\/genaro-garcia-luna-apelara-sentencia-de-38-anos-de-prision-en-estados-unidos\\\/\",\"name\":\"Genaro Garc\u00eda Luna apelar\u00e1 sentencia de 38 a\u00f1os de prisi\u00f3n en Estados Unidos - Fuentes Fidedignas\",\"isPartOf\":{\"@id\":\"https:\\\/\\\/fuentesfidedignas.com.mx\\\/#website\"},\"primaryImageOfPage\":{\"@id\":\"https:\\\/\\\/fuentesfidedignas.com.mx\\\/index.php\\\/2025\\\/12\\\/17\\\/genaro-garcia-luna-apelara-sentencia-de-38-anos-de-prision-en-estados-unidos\\\/#primaryimage\"},\"image\":{\"@id\":\"https:\\\/\\\/fuentesfidedignas.com.mx\\\/index.php\\\/2025\\\/12\\\/17\\\/genaro-garcia-luna-apelara-sentencia-de-38-anos-de-prision-en-estados-unidos\\\/#primaryimage\"},\"thumbnailUrl\":\"https:\\\/\\\/fuentesfidedignas.com.mx\\\/wp-content\\\/uploads\\\/2021\\\/06\\\/genaro-garcia-luna-audiencia-nueva-york_1.jpg\",\"datePublished\":\"2025-12-17T15:44:00+00:00\",\"dateModified\":\"2025-12-17T16:17:55+00:00\",\"breadcrumb\":{\"@id\":\"https:\\\/\\\/fuentesfidedignas.com.mx\\\/index.php\\\/2025\\\/12\\\/17\\\/genaro-garcia-luna-apelara-sentencia-de-38-anos-de-prision-en-estados-unidos\\\/#breadcrumb\"},\"inLanguage\":\"es\",\"potentialAction\":[{\"@type\":\"ReadAction\",\"target\":[\"https:\\\/\\\/fuentesfidedignas.com.mx\\\/index.php\\\/2025\\\/12\\\/17\\\/genaro-garcia-luna-apelara-sentencia-de-38-anos-de-prision-en-estados-unidos\\\/\"]}]},{\"@type\":\"ImageObject\",\"inLanguage\":\"es\",\"@id\":\"https:\\\/\\\/fuentesfidedignas.com.mx\\\/index.php\\\/2025\\\/12\\\/17\\\/genaro-garcia-luna-apelara-sentencia-de-38-anos-de-prision-en-estados-unidos\\\/#primaryimage\",\"url\":\"https:\\\/\\\/fuentesfidedignas.com.mx\\\/wp-content\\\/uploads\\\/2021\\\/06\\\/genaro-garcia-luna-audiencia-nueva-york_1.jpg\",\"contentUrl\":\"https:\\\/\\\/fuentesfidedignas.com.mx\\\/wp-content\\\/uploads\\\/2021\\\/06\\\/genaro-garcia-luna-audiencia-nueva-york_1.jpg\",\"width\":980,\"height\":551},{\"@type\":\"BreadcrumbList\",\"@id\":\"https:\\\/\\\/fuentesfidedignas.com.mx\\\/index.php\\\/2025\\\/12\\\/17\\\/genaro-garcia-luna-apelara-sentencia-de-38-anos-de-prision-en-estados-unidos\\\/#breadcrumb\",\"itemListElement\":[{\"@type\":\"ListItem\",\"position\":1,\"name\":\"Inicio\",\"item\":\"https:\\\/\\\/fuentesfidedignas.com.mx\\\/\"},{\"@type\":\"ListItem\",\"position\":2,\"name\":\"Genaro Garc\u00eda Luna apelar\u00e1 sentencia de 38 a\u00f1os de prisi\u00f3n en Estados Unidos\"}]},{\"@type\":\"WebSite\",\"@id\":\"https:\\\/\\\/fuentesfidedignas.com.mx\\\/#website\",\"url\":\"https:\\\/\\\/fuentesfidedignas.com.mx\\\/\",\"name\":\"Fuentes Fidedignas\",\"description\":\"Otro sitio realizado con WordPress\",\"publisher\":{\"@id\":\"https:\\\/\\\/fuentesfidedignas.com.mx\\\/#organization\"},\"potentialAction\":[{\"@type\":\"SearchAction\",\"target\":{\"@type\":\"EntryPoint\",\"urlTemplate\":\"https:\\\/\\\/fuentesfidedignas.com.mx\\\/?s={search_term_string}\"},\"query-input\":{\"@type\":\"PropertyValueSpecification\",\"valueRequired\":true,\"valueName\":\"search_term_string\"}}],\"inLanguage\":\"es\"},{\"@type\":\"Organization\",\"@id\":\"https:\\\/\\\/fuentesfidedignas.com.mx\\\/#organization\",\"name\":\"Fuentes Fidedignas\",\"url\":\"https:\\\/\\\/fuentesfidedignas.com.mx\\\/\",\"logo\":{\"@type\":\"ImageObject\",\"inLanguage\":\"es\",\"@id\":\"https:\\\/\\\/fuentesfidedignas.com.mx\\\/#\\\/schema\\\/logo\\\/image\\\/\",\"url\":\"https:\\\/\\\/fuentesfidedignas.com.mx\\\/wp-content\\\/uploads\\\/2021\\\/04\\\/logo-retina.png\",\"contentUrl\":\"https:\\\/\\\/fuentesfidedignas.com.mx\\\/wp-content\\\/uploads\\\/2021\\\/04\\\/logo-retina.png\",\"width\":280,\"height\":51,\"caption\":\"Fuentes Fidedignas\"},\"image\":{\"@id\":\"https:\\\/\\\/fuentesfidedignas.com.mx\\\/#\\\/schema\\\/logo\\\/image\\\/\"},\"sameAs\":[\"https:\\\/\\\/www.facebook.com\\\/Fuentes-Fidedignas-368234489921644\",\"https:\\\/\\\/x.com\\\/fidedignas\"]},{\"@type\":\"Person\",\"@id\":\"https:\\\/\\\/fuentesfidedignas.com.mx\\\/#\\\/schema\\\/person\\\/ff4db17f8fd9c584e0cfc2a0c436b8a1\",\"name\":\"El Imparcial\",\"image\":{\"@type\":\"ImageObject\",\"inLanguage\":\"es\",\"@id\":\"https:\\\/\\\/secure.gravatar.com\\\/avatar\\\/accd6807585a75316c237ee783498317be6f66ab34c47c940966f26a3f613161?s=96&d=mm&r=g\",\"url\":\"https:\\\/\\\/secure.gravatar.com\\\/avatar\\\/accd6807585a75316c237ee783498317be6f66ab34c47c940966f26a3f613161?s=96&d=mm&r=g\",\"contentUrl\":\"https:\\\/\\\/secure.gravatar.com\\\/avatar\\\/accd6807585a75316c237ee783498317be6f66ab34c47c940966f26a3f613161?s=96&d=mm&r=g\",\"caption\":\"El Imparcial\"},\"url\":\"https:\\\/\\\/fuentesfidedignas.com.mx\\\/index.php\\\/author\\\/imparcial\\\/\"}]}<\/script>\n<!-- \/ Yoast SEO plugin. -->","yoast_head_json":{"title":"Genaro Garc\u00eda Luna apelar\u00e1 sentencia de 38 a\u00f1os de prisi\u00f3n en Estados Unidos - Fuentes Fidedignas","robots":{"index":"index","follow":"follow","max-snippet":"max-snippet:-1","max-image-preview":"max-image-preview:large","max-video-preview":"max-video-preview:-1"},"canonical":"https:\/\/fuentesfidedignas.com.mx\/index.php\/2025\/12\/17\/genaro-garcia-luna-apelara-sentencia-de-38-anos-de-prision-en-estados-unidos\/","og_locale":"es_MX","og_type":"article","og_title":"Genaro Garc\u00eda Luna apelar\u00e1 sentencia de 38 a\u00f1os de prisi\u00f3n en Estados Unidos - Fuentes Fidedignas","og_description":"La fiscal\u00eda sostuvo que Garc\u00eda Luna utiliz\u00f3 su posici\u00f3n estrat\u00e9gica dentro del aparato de seguridad mexicano para brindar protecci\u00f3n institucional al narcotr\u00e1fico, lo que permiti\u00f3 el trasiego de toneladas de droga hacia Estados Unidos. Nueva York.\u2014 Genaro Garc\u00eda Luna.- exsecretario de Seguridad P\u00fablica federal durante el sexenio del expresidente Felipe Calder\u00f3n, presentar\u00e1 esta semana la [&hellip;]","og_url":"https:\/\/fuentesfidedignas.com.mx\/index.php\/2025\/12\/17\/genaro-garcia-luna-apelara-sentencia-de-38-anos-de-prision-en-estados-unidos\/","og_site_name":"Fuentes Fidedignas","article_publisher":"https:\/\/www.facebook.com\/Fuentes-Fidedignas-368234489921644","article_published_time":"2025-12-17T15:44:00+00:00","article_modified_time":"2025-12-17T16:17:55+00:00","og_image":[{"width":980,"height":551,"url":"https:\/\/fuentesfidedignas.com.mx\/wp-content\/uploads\/2021\/06\/genaro-garcia-luna-audiencia-nueva-york_1.jpg","type":"image\/jpeg"}],"author":"El Imparcial","twitter_card":"summary_large_image","twitter_creator":"@fidedignas","twitter_site":"@fidedignas","twitter_misc":{"Escrito por":"El Imparcial","Tiempo de lectura":"4 minutos"},"schema":{"@context":"https:\/\/schema.org","@graph":[{"@type":"Article","@id":"https:\/\/fuentesfidedignas.com.mx\/index.php\/2025\/12\/17\/genaro-garcia-luna-apelara-sentencia-de-38-anos-de-prision-en-estados-unidos\/#article","isPartOf":{"@id":"https:\/\/fuentesfidedignas.com.mx\/index.php\/2025\/12\/17\/genaro-garcia-luna-apelara-sentencia-de-38-anos-de-prision-en-estados-unidos\/"},"author":{"name":"El Imparcial","@id":"https:\/\/fuentesfidedignas.com.mx\/#\/schema\/person\/ff4db17f8fd9c584e0cfc2a0c436b8a1"},"headline":"Genaro Garc\u00eda Luna apelar\u00e1 sentencia de 38 a\u00f1os de prisi\u00f3n en Estados Unidos","datePublished":"2025-12-17T15:44:00+00:00","dateModified":"2025-12-17T16:17:55+00:00","mainEntityOfPage":{"@id":"https:\/\/fuentesfidedignas.com.mx\/index.php\/2025\/12\/17\/genaro-garcia-luna-apelara-sentencia-de-38-anos-de-prision-en-estados-unidos\/"},"wordCount":753,"commentCount":0,"publisher":{"@id":"https:\/\/fuentesfidedignas.com.mx\/#organization"},"image":{"@id":"https:\/\/fuentesfidedignas.com.mx\/index.php\/2025\/12\/17\/genaro-garcia-luna-apelara-sentencia-de-38-anos-de-prision-en-estados-unidos\/#primaryimage"},"thumbnailUrl":"https:\/\/fuentesfidedignas.com.mx\/wp-content\/uploads\/2021\/06\/genaro-garcia-luna-audiencia-nueva-york_1.jpg","articleSection":["NOTICIAS NACIONALES"],"inLanguage":"es","potentialAction":[{"@type":"CommentAction","name":"Comment","target":["https:\/\/fuentesfidedignas.com.mx\/index.php\/2025\/12\/17\/genaro-garcia-luna-apelara-sentencia-de-38-anos-de-prision-en-estados-unidos\/#respond"]}]},{"@type":"WebPage","@id":"https:\/\/fuentesfidedignas.com.mx\/index.php\/2025\/12\/17\/genaro-garcia-luna-apelara-sentencia-de-38-anos-de-prision-en-estados-unidos\/","url":"https:\/\/fuentesfidedignas.com.mx\/index.php\/2025\/12\/17\/genaro-garcia-luna-apelara-sentencia-de-38-anos-de-prision-en-estados-unidos\/","name":"Genaro Garc\u00eda Luna apelar\u00e1 sentencia de 38 a\u00f1os de prisi\u00f3n en Estados Unidos - Fuentes Fidedignas","isPartOf":{"@id":"https:\/\/fuentesfidedignas.com.mx\/#website"},"primaryImageOfPage":{"@id":"https:\/\/fuentesfidedignas.com.mx\/index.php\/2025\/12\/17\/genaro-garcia-luna-apelara-sentencia-de-38-anos-de-prision-en-estados-unidos\/#primaryimage"},"image":{"@id":"https:\/\/fuentesfidedignas.com.mx\/index.php\/2025\/12\/17\/genaro-garcia-luna-apelara-sentencia-de-38-anos-de-prision-en-estados-unidos\/#primaryimage"},"thumbnailUrl":"https:\/\/fuentesfidedignas.com.mx\/wp-content\/uploads\/2021\/06\/genaro-garcia-luna-audiencia-nueva-york_1.jpg","datePublished":"2025-12-17T15:44:00+00:00","dateModified":"2025-12-17T16:17:55+00:00","breadcrumb":{"@id":"https:\/\/fuentesfidedignas.com.mx\/index.php\/2025\/12\/17\/genaro-garcia-luna-apelara-sentencia-de-38-anos-de-prision-en-estados-unidos\/#breadcrumb"},"inLanguage":"es","potentialAction":[{"@type":"ReadAction","target":["https:\/\/fuentesfidedignas.com.mx\/index.php\/2025\/12\/17\/genaro-garcia-luna-apelara-sentencia-de-38-anos-de-prision-en-estados-unidos\/"]}]},{"@type":"ImageObject","inLanguage":"es","@id":"https:\/\/fuentesfidedignas.com.mx\/index.php\/2025\/12\/17\/genaro-garcia-luna-apelara-sentencia-de-38-anos-de-prision-en-estados-unidos\/#primaryimage","url":"https:\/\/fuentesfidedignas.com.mx\/wp-content\/uploads\/2021\/06\/genaro-garcia-luna-audiencia-nueva-york_1.jpg","contentUrl":"https:\/\/fuentesfidedignas.com.mx\/wp-content\/uploads\/2021\/06\/genaro-garcia-luna-audiencia-nueva-york_1.jpg","width":980,"height":551},{"@type":"BreadcrumbList","@id":"https:\/\/fuentesfidedignas.com.mx\/index.php\/2025\/12\/17\/genaro-garcia-luna-apelara-sentencia-de-38-anos-de-prision-en-estados-unidos\/#breadcrumb","itemListElement":[{"@type":"ListItem","position":1,"name":"Inicio","item":"https:\/\/fuentesfidedignas.com.mx\/"},{"@type":"ListItem","position":2,"name":"Genaro Garc\u00eda Luna apelar\u00e1 sentencia de 38 a\u00f1os de prisi\u00f3n en Estados Unidos"}]},{"@type":"WebSite","@id":"https:\/\/fuentesfidedignas.com.mx\/#website","url":"https:\/\/fuentesfidedignas.com.mx\/","name":"Fuentes Fidedignas","description":"Otro sitio realizado con WordPress","publisher":{"@id":"https:\/\/fuentesfidedignas.com.mx\/#organization"},"potentialAction":[{"@type":"SearchAction","target":{"@type":"EntryPoint","urlTemplate":"https:\/\/fuentesfidedignas.com.mx\/?s={search_term_string}"},"query-input":{"@type":"PropertyValueSpecification","valueRequired":true,"valueName":"search_term_string"}}],"inLanguage":"es"},{"@type":"Organization","@id":"https:\/\/fuentesfidedignas.com.mx\/#organization","name":"Fuentes Fidedignas","url":"https:\/\/fuentesfidedignas.com.mx\/","logo":{"@type":"ImageObject","inLanguage":"es","@id":"https:\/\/fuentesfidedignas.com.mx\/#\/schema\/logo\/image\/","url":"https:\/\/fuentesfidedignas.com.mx\/wp-content\/uploads\/2021\/04\/logo-retina.png","contentUrl":"https:\/\/fuentesfidedignas.com.mx\/wp-content\/uploads\/2021\/04\/logo-retina.png","width":280,"height":51,"caption":"Fuentes Fidedignas"},"image":{"@id":"https:\/\/fuentesfidedignas.com.mx\/#\/schema\/logo\/image\/"},"sameAs":["https:\/\/www.facebook.com\/Fuentes-Fidedignas-368234489921644","https:\/\/x.com\/fidedignas"]},{"@type":"Person","@id":"https:\/\/fuentesfidedignas.com.mx\/#\/schema\/person\/ff4db17f8fd9c584e0cfc2a0c436b8a1","name":"El Imparcial","image":{"@type":"ImageObject","inLanguage":"es","@id":"https:\/\/secure.gravatar.com\/avatar\/accd6807585a75316c237ee783498317be6f66ab34c47c940966f26a3f613161?s=96&d=mm&r=g","url":"https:\/\/secure.gravatar.com\/avatar\/accd6807585a75316c237ee783498317be6f66ab34c47c940966f26a3f613161?s=96&d=mm&r=g","contentUrl":"https:\/\/secure.gravatar.com\/avatar\/accd6807585a75316c237ee783498317be6f66ab34c47c940966f26a3f613161?s=96&d=mm&r=g","caption":"El Imparcial"},"url":"https:\/\/fuentesfidedignas.com.mx\/index.php\/author\/imparcial\/"}]}},"_links":{"self":[{"href":"https:\/\/fuentesfidedignas.com.mx\/index.php\/wp-json\/wp\/v2\/posts\/123915","targetHints":{"allow":["GET"]}}],"collection":[{"href":"https:\/\/fuentesfidedignas.com.mx\/index.php\/wp-json\/wp\/v2\/posts"}],"about":[{"href":"https:\/\/fuentesfidedignas.com.mx\/index.php\/wp-json\/wp\/v2\/types\/post"}],"author":[{"embeddable":true,"href":"https:\/\/fuentesfidedignas.com.mx\/index.php\/wp-json\/wp\/v2\/users\/40"}],"replies":[{"embeddable":true,"href":"https:\/\/fuentesfidedignas.com.mx\/index.php\/wp-json\/wp\/v2\/comments?post=123915"}],"version-history":[{"count":1,"href":"https:\/\/fuentesfidedignas.com.mx\/index.php\/wp-json\/wp\/v2\/posts\/123915\/revisions"}],"predecessor-version":[{"id":123916,"href":"https:\/\/fuentesfidedignas.com.mx\/index.php\/wp-json\/wp\/v2\/posts\/123915\/revisions\/123916"}],"wp:featuredmedia":[{"embeddable":true,"href":"https:\/\/fuentesfidedignas.com.mx\/index.php\/wp-json\/wp\/v2\/media\/5334"}],"wp:attachment":[{"href":"https:\/\/fuentesfidedignas.com.mx\/index.php\/wp-json\/wp\/v2\/media?parent=123915"}],"wp:term":[{"taxonomy":"category","embeddable":true,"href":"https:\/\/fuentesfidedignas.com.mx\/index.php\/wp-json\/wp\/v2\/categories?post=123915"},{"taxonomy":"post_tag","embeddable":true,"href":"https:\/\/fuentesfidedignas.com.mx\/index.php\/wp-json\/wp\/v2\/tags?post=123915"}],"curies":[{"name":"wp","href":"https:\/\/api.w.org\/{rel}","templated":true}]}}