{"id":123860,"date":"2025-12-16T10:02:18","date_gmt":"2025-12-16T17:02:18","guid":{"rendered":"https:\/\/fuentesfidedignas.com.mx\/?p=123860"},"modified":"2025-12-16T10:02:40","modified_gmt":"2025-12-16T17:02:40","slug":"influenza-h3n2-subclado-k-no-representa-ningun-problema-para-el-pais-ssa","status":"publish","type":"post","link":"https:\/\/fuentesfidedignas.com.mx\/index.php\/2025\/12\/16\/influenza-h3n2-subclado-k-no-representa-ningun-problema-para-el-pais-ssa\/","title":{"rendered":"Influenza H3N2 subclado K no representa ning\u00fan problema para el pa\u00eds: Ssa"},"content":{"rendered":"\n<p><strong><em>El secretario de Salud aprovech\u00f3 para hacer un llamado a la poblaci\u00f3n a vacunarse; \u201ctenemos suficiente vacuna y abasto para el tratamiento&#8221;, apunt\u00f3.<\/em><\/strong><\/p>\n\n\n\n<p>Desde Palacio Nacional, el titular de la Secretar\u00eda de Salud (Ssa), David Kershenobich, se refiri\u00f3 a la influenza H3N2 subclado K, la cual aclar\u00f3 no representa ning\u00fan problema para el pa\u00eds y mucho menos un riesgo de pandemia.<\/p>\n\n\n\n<p>Las declaraciones del secretario se desprenden tras darse a conocer un caso de este tipo de enfermedad viral en el pa\u00eds. Ante el hecho, detall\u00f3 que la llamada \u201cs\u00fapergripa\u201d circula en Europa y Estados Unidos, y que se previene con la vacuna contra la influenza, disponible en el territorio nacional.<\/p>\n\n\n\n<p>&#8220;En M\u00e9xico hemos registrado un solo caso de esta variante, pero queremos dejar se\u00f1alado que se previene con la vacuna contra influenza que tenemos disponible en M\u00e9xico. No es una variante especial\u201d, explic\u00f3.<\/p>\n\n\n\n<p>Sobre el caso, el titular de Salud federal indic\u00f3 que \u00e9ste sucedi\u00f3 aproximadamente hace un mes y se encuentra estable. De acuerdo a la informaci\u00f3n dada a conocer en el Sal\u00f3n Tesorer\u00eda, se trat\u00f3 de una mujer de 80 a\u00f1os.<\/p>\n\n\n\n<p>&#8220;No tenemos ning\u00fan evento con esta variante ni ambulatorio, ni hospitalizado\u201d, David Kershenobich.<\/p>\n\n\n\n<p><strong>\u00bfC\u00f3mo prevenir el contagio?<\/strong><br>El encargado de la salud en el pa\u00eds, reiter\u00f3 que si bien la influenza H3N2 subclado K no representa en este momento ning\u00fan problema para el pa\u00eds, s\u00ed es necesario que cualquier persona que tenga gripa use cubrebocas para evitar contagios.<\/p>\n\n\n\n<p>Adem\u00e1s, llam\u00f3 a la poblaci\u00f3n a aplicarse las vacunas correspondientes, pues refiri\u00f3 que esta variante tiene como caracter\u00edstica ser m\u00e1s contagiosa, pero responde bien al tratamiento habitual de la influenza.<\/p>\n\n\n\n<p><strong>\u00bfC\u00f3mo se llama la vacuna y qui\u00e9nes se la pueden poner?<\/strong><br>El titular de la Ssa explic\u00f3 que el gobierno federal cuenta con la vacuna de nombre Mexinvac, la cual se aplica desde el 2024 y tambi\u00e9n durante el a\u00f1o actual, adem\u00e1s de ser producida en su totalidad en M\u00e9xico y disponer con la cantidad suficiente para cubrir a la poblaci\u00f3n en riesgo.<\/p>\n\n\n\n<p>&#8220;Nosotros tenemos suficientes vacunas y el abasto necesario. La vacuna que tenemos en M\u00e9xico se aplica desde el a\u00f1o pasado y es completamente producida en el pa\u00eds\u201d, subray\u00f3.<\/p>\n\n\n\n<p>Sobre el rango de edad para vacunarse, el funcionario expuso que la aplicaci\u00f3n de la misma va dirigida a ni\u00f1os hasta los seis a\u00f1os y personas mayores de 60 a\u00f1os de edad, ya que son los grupos m\u00e1s vulnerables a contraer influenza, por lo que pidi\u00f3 a la poblaci\u00f3n acudir a los centros de vacunaci\u00f3n.<\/p>\n\n\n\n<p>La estrategia de prevenci\u00f3n es mucho mejor que nada m\u00e1s estar enfocados al tratamiento de la enfermedad y, adem\u00e1s, el hecho de tener la vacuna y tener el oseltamivir es un ejemplo de c\u00f3mo el sector p\u00fablico responde en forma preventiva, evitando que la gente tenga influenza\u201d, coment\u00f3.<\/p>\n\n\n\n<p>Para cerrar su intervenci\u00f3n, el secretario inform\u00f3 que el n\u00famero de contagios de influenza com\u00fan se asemeja a las cifras del 2024, cuando \u201clogramos controlarlo, precisamente con la vacuna\u201d. Por lo que descart\u00f3 cualquier anormalidad o alza en casos.<\/p>\n","protected":false},"excerpt":{"rendered":"<p>El secretario de Salud aprovech\u00f3 para hacer un llamado a la poblaci\u00f3n a vacunarse; \u201ctenemos suficiente vacuna y abasto para el tratamiento&#8221;, apunt\u00f3. Desde Palacio Nacional, el titular de la Secretar\u00eda de Salud (Ssa), David Kershenobich, se refiri\u00f3 a la influenza H3N2 subclado K, la cual aclar\u00f3 no representa ning\u00fan problema para el pa\u00eds y [&hellip;]<\/p>\n","protected":false},"author":7,"featured_media":123861,"comment_status":"open","ping_status":"open","sticky":false,"template":"","format":"standard","meta":{"tdm_status":"","tdm_grid_status":"","footnotes":""},"categories":[39],"tags":[],"class_list":{"0":"post-123860","1":"post","2":"type-post","3":"status-publish","4":"format-standard","5":"has-post-thumbnail","7":"category-noticias-nacionales"},"yoast_head":"<!-- This site is optimized with the Yoast SEO plugin v27.5 - https:\/\/yoast.com\/product\/yoast-seo-wordpress\/ -->\n<title>Influenza H3N2 subclado K no representa ning\u00fan problema para el pa\u00eds: Ssa - Fuentes Fidedignas<\/title>\n<meta name=\"robots\" content=\"index, follow, max-snippet:-1, max-image-preview:large, max-video-preview:-1\" \/>\n<link rel=\"canonical\" href=\"https:\/\/fuentesfidedignas.com.mx\/index.php\/2025\/12\/16\/influenza-h3n2-subclado-k-no-representa-ningun-problema-para-el-pais-ssa\/\" \/>\n<meta property=\"og:locale\" content=\"es_MX\" \/>\n<meta property=\"og:type\" content=\"article\" \/>\n<meta property=\"og:title\" content=\"Influenza H3N2 subclado K no representa ning\u00fan problema para el pa\u00eds: Ssa - Fuentes Fidedignas\" \/>\n<meta property=\"og:description\" content=\"El secretario de Salud aprovech\u00f3 para hacer un llamado a la poblaci\u00f3n a vacunarse; \u201ctenemos suficiente vacuna y abasto para el tratamiento&#8221;, apunt\u00f3. Desde Palacio Nacional, el titular de la Secretar\u00eda de Salud (Ssa), David Kershenobich, se refiri\u00f3 a la influenza H3N2 subclado K, la cual aclar\u00f3 no representa ning\u00fan problema para el pa\u00eds y [&hellip;]\" \/>\n<meta property=\"og:url\" content=\"https:\/\/fuentesfidedignas.com.mx\/index.php\/2025\/12\/16\/influenza-h3n2-subclado-k-no-representa-ningun-problema-para-el-pais-ssa\/\" \/>\n<meta property=\"og:site_name\" content=\"Fuentes Fidedignas\" \/>\n<meta property=\"article:publisher\" content=\"https:\/\/www.facebook.com\/Fuentes-Fidedignas-368234489921644\" \/>\n<meta property=\"article:published_time\" content=\"2025-12-16T17:02:18+00:00\" \/>\n<meta property=\"article:modified_time\" content=\"2025-12-16T17:02:40+00:00\" \/>\n<meta property=\"og:image\" content=\"https:\/\/fuentesfidedignas.com.mx\/wp-content\/uploads\/2025\/12\/influenza_h3N2.jpeg\" \/>\n\t<meta property=\"og:image:width\" content=\"500\" \/>\n\t<meta property=\"og:image:height\" content=\"333\" \/>\n\t<meta property=\"og:image:type\" content=\"image\/jpeg\" \/>\n<meta name=\"author\" content=\"Exc\u00e9lsior\" \/>\n<meta name=\"twitter:card\" content=\"summary_large_image\" \/>\n<meta name=\"twitter:creator\" content=\"@fidedignas\" \/>\n<meta name=\"twitter:site\" content=\"@fidedignas\" \/>\n<meta name=\"twitter:label1\" content=\"Escrito por\" \/>\n\t<meta name=\"twitter:data1\" content=\"Exc\u00e9lsior\" \/>\n\t<meta name=\"twitter:label2\" content=\"Tiempo de lectura\" \/>\n\t<meta name=\"twitter:data2\" content=\"3 minutos\" \/>\n<script type=\"application\/ld+json\" class=\"yoast-schema-graph\">{\"@context\":\"https:\\\/\\\/schema.org\",\"@graph\":[{\"@type\":\"Article\",\"@id\":\"https:\\\/\\\/fuentesfidedignas.com.mx\\\/index.php\\\/2025\\\/12\\\/16\\\/influenza-h3n2-subclado-k-no-representa-ningun-problema-para-el-pais-ssa\\\/#article\",\"isPartOf\":{\"@id\":\"https:\\\/\\\/fuentesfidedignas.com.mx\\\/index.php\\\/2025\\\/12\\\/16\\\/influenza-h3n2-subclado-k-no-representa-ningun-problema-para-el-pais-ssa\\\/\"},\"author\":{\"name\":\"Exc\u00e9lsior\",\"@id\":\"https:\\\/\\\/fuentesfidedignas.com.mx\\\/#\\\/schema\\\/person\\\/ec4edd1fbf5efa3e44fce34fe2787780\"},\"headline\":\"Influenza H3N2 subclado K no representa ning\u00fan problema para el pa\u00eds: Ssa\",\"datePublished\":\"2025-12-16T17:02:18+00:00\",\"dateModified\":\"2025-12-16T17:02:40+00:00\",\"mainEntityOfPage\":{\"@id\":\"https:\\\/\\\/fuentesfidedignas.com.mx\\\/index.php\\\/2025\\\/12\\\/16\\\/influenza-h3n2-subclado-k-no-representa-ningun-problema-para-el-pais-ssa\\\/\"},\"wordCount\":565,\"commentCount\":0,\"publisher\":{\"@id\":\"https:\\\/\\\/fuentesfidedignas.com.mx\\\/#organization\"},\"image\":{\"@id\":\"https:\\\/\\\/fuentesfidedignas.com.mx\\\/index.php\\\/2025\\\/12\\\/16\\\/influenza-h3n2-subclado-k-no-representa-ningun-problema-para-el-pais-ssa\\\/#primaryimage\"},\"thumbnailUrl\":\"https:\\\/\\\/fuentesfidedignas.com.mx\\\/wp-content\\\/uploads\\\/2025\\\/12\\\/influenza_h3N2.jpeg\",\"articleSection\":[\"NOTICIAS NACIONALES\"],\"inLanguage\":\"es\",\"potentialAction\":[{\"@type\":\"CommentAction\",\"name\":\"Comment\",\"target\":[\"https:\\\/\\\/fuentesfidedignas.com.mx\\\/index.php\\\/2025\\\/12\\\/16\\\/influenza-h3n2-subclado-k-no-representa-ningun-problema-para-el-pais-ssa\\\/#respond\"]}]},{\"@type\":\"WebPage\",\"@id\":\"https:\\\/\\\/fuentesfidedignas.com.mx\\\/index.php\\\/2025\\\/12\\\/16\\\/influenza-h3n2-subclado-k-no-representa-ningun-problema-para-el-pais-ssa\\\/\",\"url\":\"https:\\\/\\\/fuentesfidedignas.com.mx\\\/index.php\\\/2025\\\/12\\\/16\\\/influenza-h3n2-subclado-k-no-representa-ningun-problema-para-el-pais-ssa\\\/\",\"name\":\"Influenza H3N2 subclado K no representa ning\u00fan problema para el pa\u00eds: Ssa - Fuentes Fidedignas\",\"isPartOf\":{\"@id\":\"https:\\\/\\\/fuentesfidedignas.com.mx\\\/#website\"},\"primaryImageOfPage\":{\"@id\":\"https:\\\/\\\/fuentesfidedignas.com.mx\\\/index.php\\\/2025\\\/12\\\/16\\\/influenza-h3n2-subclado-k-no-representa-ningun-problema-para-el-pais-ssa\\\/#primaryimage\"},\"image\":{\"@id\":\"https:\\\/\\\/fuentesfidedignas.com.mx\\\/index.php\\\/2025\\\/12\\\/16\\\/influenza-h3n2-subclado-k-no-representa-ningun-problema-para-el-pais-ssa\\\/#primaryimage\"},\"thumbnailUrl\":\"https:\\\/\\\/fuentesfidedignas.com.mx\\\/wp-content\\\/uploads\\\/2025\\\/12\\\/influenza_h3N2.jpeg\",\"datePublished\":\"2025-12-16T17:02:18+00:00\",\"dateModified\":\"2025-12-16T17:02:40+00:00\",\"breadcrumb\":{\"@id\":\"https:\\\/\\\/fuentesfidedignas.com.mx\\\/index.php\\\/2025\\\/12\\\/16\\\/influenza-h3n2-subclado-k-no-representa-ningun-problema-para-el-pais-ssa\\\/#breadcrumb\"},\"inLanguage\":\"es\",\"potentialAction\":[{\"@type\":\"ReadAction\",\"target\":[\"https:\\\/\\\/fuentesfidedignas.com.mx\\\/index.php\\\/2025\\\/12\\\/16\\\/influenza-h3n2-subclado-k-no-representa-ningun-problema-para-el-pais-ssa\\\/\"]}]},{\"@type\":\"ImageObject\",\"inLanguage\":\"es\",\"@id\":\"https:\\\/\\\/fuentesfidedignas.com.mx\\\/index.php\\\/2025\\\/12\\\/16\\\/influenza-h3n2-subclado-k-no-representa-ningun-problema-para-el-pais-ssa\\\/#primaryimage\",\"url\":\"https:\\\/\\\/fuentesfidedignas.com.mx\\\/wp-content\\\/uploads\\\/2025\\\/12\\\/influenza_h3N2.jpeg\",\"contentUrl\":\"https:\\\/\\\/fuentesfidedignas.com.mx\\\/wp-content\\\/uploads\\\/2025\\\/12\\\/influenza_h3N2.jpeg\",\"width\":500,\"height\":333},{\"@type\":\"BreadcrumbList\",\"@id\":\"https:\\\/\\\/fuentesfidedignas.com.mx\\\/index.php\\\/2025\\\/12\\\/16\\\/influenza-h3n2-subclado-k-no-representa-ningun-problema-para-el-pais-ssa\\\/#breadcrumb\",\"itemListElement\":[{\"@type\":\"ListItem\",\"position\":1,\"name\":\"Inicio\",\"item\":\"https:\\\/\\\/fuentesfidedignas.com.mx\\\/\"},{\"@type\":\"ListItem\",\"position\":2,\"name\":\"Influenza H3N2 subclado K no representa ning\u00fan problema para el pa\u00eds: Ssa\"}]},{\"@type\":\"WebSite\",\"@id\":\"https:\\\/\\\/fuentesfidedignas.com.mx\\\/#website\",\"url\":\"https:\\\/\\\/fuentesfidedignas.com.mx\\\/\",\"name\":\"Fuentes Fidedignas\",\"description\":\"Otro sitio realizado con WordPress\",\"publisher\":{\"@id\":\"https:\\\/\\\/fuentesfidedignas.com.mx\\\/#organization\"},\"potentialAction\":[{\"@type\":\"SearchAction\",\"target\":{\"@type\":\"EntryPoint\",\"urlTemplate\":\"https:\\\/\\\/fuentesfidedignas.com.mx\\\/?s={search_term_string}\"},\"query-input\":{\"@type\":\"PropertyValueSpecification\",\"valueRequired\":true,\"valueName\":\"search_term_string\"}}],\"inLanguage\":\"es\"},{\"@type\":\"Organization\",\"@id\":\"https:\\\/\\\/fuentesfidedignas.com.mx\\\/#organization\",\"name\":\"Fuentes Fidedignas\",\"url\":\"https:\\\/\\\/fuentesfidedignas.com.mx\\\/\",\"logo\":{\"@type\":\"ImageObject\",\"inLanguage\":\"es\",\"@id\":\"https:\\\/\\\/fuentesfidedignas.com.mx\\\/#\\\/schema\\\/logo\\\/image\\\/\",\"url\":\"https:\\\/\\\/fuentesfidedignas.com.mx\\\/wp-content\\\/uploads\\\/2021\\\/04\\\/logo-retina.png\",\"contentUrl\":\"https:\\\/\\\/fuentesfidedignas.com.mx\\\/wp-content\\\/uploads\\\/2021\\\/04\\\/logo-retina.png\",\"width\":280,\"height\":51,\"caption\":\"Fuentes Fidedignas\"},\"image\":{\"@id\":\"https:\\\/\\\/fuentesfidedignas.com.mx\\\/#\\\/schema\\\/logo\\\/image\\\/\"},\"sameAs\":[\"https:\\\/\\\/www.facebook.com\\\/Fuentes-Fidedignas-368234489921644\",\"https:\\\/\\\/x.com\\\/fidedignas\"]},{\"@type\":\"Person\",\"@id\":\"https:\\\/\\\/fuentesfidedignas.com.mx\\\/#\\\/schema\\\/person\\\/ec4edd1fbf5efa3e44fce34fe2787780\",\"name\":\"Exc\u00e9lsior\",\"image\":{\"@type\":\"ImageObject\",\"inLanguage\":\"es\",\"@id\":\"https:\\\/\\\/secure.gravatar.com\\\/avatar\\\/4b7ee9206b48be08447852b3f0814dbc7c0f3b51541b164f1464a2725614020b?s=96&d=mm&r=g\",\"url\":\"https:\\\/\\\/secure.gravatar.com\\\/avatar\\\/4b7ee9206b48be08447852b3f0814dbc7c0f3b51541b164f1464a2725614020b?s=96&d=mm&r=g\",\"contentUrl\":\"https:\\\/\\\/secure.gravatar.com\\\/avatar\\\/4b7ee9206b48be08447852b3f0814dbc7c0f3b51541b164f1464a2725614020b?s=96&d=mm&r=g\",\"caption\":\"Exc\u00e9lsior\"},\"url\":\"https:\\\/\\\/fuentesfidedignas.com.mx\\\/index.php\\\/author\\\/excelsior\\\/\"}]}<\/script>\n<!-- \/ Yoast SEO plugin. -->","yoast_head_json":{"title":"Influenza H3N2 subclado K no representa ning\u00fan problema para el pa\u00eds: Ssa - Fuentes Fidedignas","robots":{"index":"index","follow":"follow","max-snippet":"max-snippet:-1","max-image-preview":"max-image-preview:large","max-video-preview":"max-video-preview:-1"},"canonical":"https:\/\/fuentesfidedignas.com.mx\/index.php\/2025\/12\/16\/influenza-h3n2-subclado-k-no-representa-ningun-problema-para-el-pais-ssa\/","og_locale":"es_MX","og_type":"article","og_title":"Influenza H3N2 subclado K no representa ning\u00fan problema para el pa\u00eds: Ssa - Fuentes Fidedignas","og_description":"El secretario de Salud aprovech\u00f3 para hacer un llamado a la poblaci\u00f3n a vacunarse; \u201ctenemos suficiente vacuna y abasto para el tratamiento&#8221;, apunt\u00f3. Desde Palacio Nacional, el titular de la Secretar\u00eda de Salud (Ssa), David Kershenobich, se refiri\u00f3 a la influenza H3N2 subclado K, la cual aclar\u00f3 no representa ning\u00fan problema para el pa\u00eds y [&hellip;]","og_url":"https:\/\/fuentesfidedignas.com.mx\/index.php\/2025\/12\/16\/influenza-h3n2-subclado-k-no-representa-ningun-problema-para-el-pais-ssa\/","og_site_name":"Fuentes Fidedignas","article_publisher":"https:\/\/www.facebook.com\/Fuentes-Fidedignas-368234489921644","article_published_time":"2025-12-16T17:02:18+00:00","article_modified_time":"2025-12-16T17:02:40+00:00","og_image":[{"width":500,"height":333,"url":"https:\/\/fuentesfidedignas.com.mx\/wp-content\/uploads\/2025\/12\/influenza_h3N2.jpeg","type":"image\/jpeg"}],"author":"Exc\u00e9lsior","twitter_card":"summary_large_image","twitter_creator":"@fidedignas","twitter_site":"@fidedignas","twitter_misc":{"Escrito por":"Exc\u00e9lsior","Tiempo de lectura":"3 minutos"},"schema":{"@context":"https:\/\/schema.org","@graph":[{"@type":"Article","@id":"https:\/\/fuentesfidedignas.com.mx\/index.php\/2025\/12\/16\/influenza-h3n2-subclado-k-no-representa-ningun-problema-para-el-pais-ssa\/#article","isPartOf":{"@id":"https:\/\/fuentesfidedignas.com.mx\/index.php\/2025\/12\/16\/influenza-h3n2-subclado-k-no-representa-ningun-problema-para-el-pais-ssa\/"},"author":{"name":"Exc\u00e9lsior","@id":"https:\/\/fuentesfidedignas.com.mx\/#\/schema\/person\/ec4edd1fbf5efa3e44fce34fe2787780"},"headline":"Influenza H3N2 subclado K no representa ning\u00fan problema para el pa\u00eds: Ssa","datePublished":"2025-12-16T17:02:18+00:00","dateModified":"2025-12-16T17:02:40+00:00","mainEntityOfPage":{"@id":"https:\/\/fuentesfidedignas.com.mx\/index.php\/2025\/12\/16\/influenza-h3n2-subclado-k-no-representa-ningun-problema-para-el-pais-ssa\/"},"wordCount":565,"commentCount":0,"publisher":{"@id":"https:\/\/fuentesfidedignas.com.mx\/#organization"},"image":{"@id":"https:\/\/fuentesfidedignas.com.mx\/index.php\/2025\/12\/16\/influenza-h3n2-subclado-k-no-representa-ningun-problema-para-el-pais-ssa\/#primaryimage"},"thumbnailUrl":"https:\/\/fuentesfidedignas.com.mx\/wp-content\/uploads\/2025\/12\/influenza_h3N2.jpeg","articleSection":["NOTICIAS NACIONALES"],"inLanguage":"es","potentialAction":[{"@type":"CommentAction","name":"Comment","target":["https:\/\/fuentesfidedignas.com.mx\/index.php\/2025\/12\/16\/influenza-h3n2-subclado-k-no-representa-ningun-problema-para-el-pais-ssa\/#respond"]}]},{"@type":"WebPage","@id":"https:\/\/fuentesfidedignas.com.mx\/index.php\/2025\/12\/16\/influenza-h3n2-subclado-k-no-representa-ningun-problema-para-el-pais-ssa\/","url":"https:\/\/fuentesfidedignas.com.mx\/index.php\/2025\/12\/16\/influenza-h3n2-subclado-k-no-representa-ningun-problema-para-el-pais-ssa\/","name":"Influenza H3N2 subclado K no representa ning\u00fan problema para el pa\u00eds: Ssa - Fuentes Fidedignas","isPartOf":{"@id":"https:\/\/fuentesfidedignas.com.mx\/#website"},"primaryImageOfPage":{"@id":"https:\/\/fuentesfidedignas.com.mx\/index.php\/2025\/12\/16\/influenza-h3n2-subclado-k-no-representa-ningun-problema-para-el-pais-ssa\/#primaryimage"},"image":{"@id":"https:\/\/fuentesfidedignas.com.mx\/index.php\/2025\/12\/16\/influenza-h3n2-subclado-k-no-representa-ningun-problema-para-el-pais-ssa\/#primaryimage"},"thumbnailUrl":"https:\/\/fuentesfidedignas.com.mx\/wp-content\/uploads\/2025\/12\/influenza_h3N2.jpeg","datePublished":"2025-12-16T17:02:18+00:00","dateModified":"2025-12-16T17:02:40+00:00","breadcrumb":{"@id":"https:\/\/fuentesfidedignas.com.mx\/index.php\/2025\/12\/16\/influenza-h3n2-subclado-k-no-representa-ningun-problema-para-el-pais-ssa\/#breadcrumb"},"inLanguage":"es","potentialAction":[{"@type":"ReadAction","target":["https:\/\/fuentesfidedignas.com.mx\/index.php\/2025\/12\/16\/influenza-h3n2-subclado-k-no-representa-ningun-problema-para-el-pais-ssa\/"]}]},{"@type":"ImageObject","inLanguage":"es","@id":"https:\/\/fuentesfidedignas.com.mx\/index.php\/2025\/12\/16\/influenza-h3n2-subclado-k-no-representa-ningun-problema-para-el-pais-ssa\/#primaryimage","url":"https:\/\/fuentesfidedignas.com.mx\/wp-content\/uploads\/2025\/12\/influenza_h3N2.jpeg","contentUrl":"https:\/\/fuentesfidedignas.com.mx\/wp-content\/uploads\/2025\/12\/influenza_h3N2.jpeg","width":500,"height":333},{"@type":"BreadcrumbList","@id":"https:\/\/fuentesfidedignas.com.mx\/index.php\/2025\/12\/16\/influenza-h3n2-subclado-k-no-representa-ningun-problema-para-el-pais-ssa\/#breadcrumb","itemListElement":[{"@type":"ListItem","position":1,"name":"Inicio","item":"https:\/\/fuentesfidedignas.com.mx\/"},{"@type":"ListItem","position":2,"name":"Influenza H3N2 subclado K no representa ning\u00fan problema para el pa\u00eds: Ssa"}]},{"@type":"WebSite","@id":"https:\/\/fuentesfidedignas.com.mx\/#website","url":"https:\/\/fuentesfidedignas.com.mx\/","name":"Fuentes Fidedignas","description":"Otro sitio realizado con WordPress","publisher":{"@id":"https:\/\/fuentesfidedignas.com.mx\/#organization"},"potentialAction":[{"@type":"SearchAction","target":{"@type":"EntryPoint","urlTemplate":"https:\/\/fuentesfidedignas.com.mx\/?s={search_term_string}"},"query-input":{"@type":"PropertyValueSpecification","valueRequired":true,"valueName":"search_term_string"}}],"inLanguage":"es"},{"@type":"Organization","@id":"https:\/\/fuentesfidedignas.com.mx\/#organization","name":"Fuentes Fidedignas","url":"https:\/\/fuentesfidedignas.com.mx\/","logo":{"@type":"ImageObject","inLanguage":"es","@id":"https:\/\/fuentesfidedignas.com.mx\/#\/schema\/logo\/image\/","url":"https:\/\/fuentesfidedignas.com.mx\/wp-content\/uploads\/2021\/04\/logo-retina.png","contentUrl":"https:\/\/fuentesfidedignas.com.mx\/wp-content\/uploads\/2021\/04\/logo-retina.png","width":280,"height":51,"caption":"Fuentes Fidedignas"},"image":{"@id":"https:\/\/fuentesfidedignas.com.mx\/#\/schema\/logo\/image\/"},"sameAs":["https:\/\/www.facebook.com\/Fuentes-Fidedignas-368234489921644","https:\/\/x.com\/fidedignas"]},{"@type":"Person","@id":"https:\/\/fuentesfidedignas.com.mx\/#\/schema\/person\/ec4edd1fbf5efa3e44fce34fe2787780","name":"Exc\u00e9lsior","image":{"@type":"ImageObject","inLanguage":"es","@id":"https:\/\/secure.gravatar.com\/avatar\/4b7ee9206b48be08447852b3f0814dbc7c0f3b51541b164f1464a2725614020b?s=96&d=mm&r=g","url":"https:\/\/secure.gravatar.com\/avatar\/4b7ee9206b48be08447852b3f0814dbc7c0f3b51541b164f1464a2725614020b?s=96&d=mm&r=g","contentUrl":"https:\/\/secure.gravatar.com\/avatar\/4b7ee9206b48be08447852b3f0814dbc7c0f3b51541b164f1464a2725614020b?s=96&d=mm&r=g","caption":"Exc\u00e9lsior"},"url":"https:\/\/fuentesfidedignas.com.mx\/index.php\/author\/excelsior\/"}]}},"_links":{"self":[{"href":"https:\/\/fuentesfidedignas.com.mx\/index.php\/wp-json\/wp\/v2\/posts\/123860","targetHints":{"allow":["GET"]}}],"collection":[{"href":"https:\/\/fuentesfidedignas.com.mx\/index.php\/wp-json\/wp\/v2\/posts"}],"about":[{"href":"https:\/\/fuentesfidedignas.com.mx\/index.php\/wp-json\/wp\/v2\/types\/post"}],"author":[{"embeddable":true,"href":"https:\/\/fuentesfidedignas.com.mx\/index.php\/wp-json\/wp\/v2\/users\/7"}],"replies":[{"embeddable":true,"href":"https:\/\/fuentesfidedignas.com.mx\/index.php\/wp-json\/wp\/v2\/comments?post=123860"}],"version-history":[{"count":1,"href":"https:\/\/fuentesfidedignas.com.mx\/index.php\/wp-json\/wp\/v2\/posts\/123860\/revisions"}],"predecessor-version":[{"id":123862,"href":"https:\/\/fuentesfidedignas.com.mx\/index.php\/wp-json\/wp\/v2\/posts\/123860\/revisions\/123862"}],"wp:featuredmedia":[{"embeddable":true,"href":"https:\/\/fuentesfidedignas.com.mx\/index.php\/wp-json\/wp\/v2\/media\/123861"}],"wp:attachment":[{"href":"https:\/\/fuentesfidedignas.com.mx\/index.php\/wp-json\/wp\/v2\/media?parent=123860"}],"wp:term":[{"taxonomy":"category","embeddable":true,"href":"https:\/\/fuentesfidedignas.com.mx\/index.php\/wp-json\/wp\/v2\/categories?post=123860"},{"taxonomy":"post_tag","embeddable":true,"href":"https:\/\/fuentesfidedignas.com.mx\/index.php\/wp-json\/wp\/v2\/tags?post=123860"}],"curies":[{"name":"wp","href":"https:\/\/api.w.org\/{rel}","templated":true}]}}