{"id":123819,"date":"2025-12-15T16:28:12","date_gmt":"2025-12-15T23:28:12","guid":{"rendered":"https:\/\/fuentesfidedignas.com.mx\/?p=123819"},"modified":"2025-12-15T16:46:49","modified_gmt":"2025-12-15T23:46:49","slug":"se-desploma-avioneta-en-inmediaciones-del-aeropuerto-de-toluca","status":"publish","type":"post","link":"https:\/\/fuentesfidedignas.com.mx\/index.php\/2025\/12\/15\/se-desploma-avioneta-en-inmediaciones-del-aeropuerto-de-toluca\/","title":{"rendered":"Se desploma avioneta en inmediaciones del Aeropuerto de Toluca"},"content":{"rendered":"\n<p><\/p>\n\n\n\n<p><strong><em>El accidente ocurri\u00f3 en el cruce de Industria Automotriz y bulevar Miguel Alem\u00e1n, en la colonia San Pedro Totoltepec, una zona industrial<\/em><\/strong><\/p>\n\n\n\n<p>Una avioneta se desplom\u00f3 la ma\u00f1ana de este lunes en las inmediaciones del Aeropuerto Internacional de Toluca, generando una r\u00e1pida movilizaci\u00f3n de cuerpos de emergencia del Estado de M\u00e9xico. De acuerdo con los primeros reportes, el accidente ocurri\u00f3 en el cruce de Industria Automotriz y bulevar Miguel Alem\u00e1n, en la colonia San Pedro Totoltepec, una zona industrial de alta circulaci\u00f3n.<\/p>\n\n\n\n<figure class=\"wp-block-embed is-type-rich is-provider-twitter wp-block-embed-twitter\"><div class=\"wp-block-embed__wrapper\">\n<blockquote class=\"twitter-tweet\" data-width=\"550\" data-dnt=\"true\"><p lang=\"es\" dir=\"ltr\"><a href=\"https:\/\/twitter.com\/hashtag\/De%C3%9AltimoMomento?src=hash&amp;ref_src=twsrc%5Etfw\">#De\u00daltimoMomento<\/a>\ud83d\udea8<br><br>Unidades de Emergencia \ud83d\ude91 \ud83d\ude94 atienden un accidente \ud83d\udca5 de una ca\u00edda de avioneta \u2708\ufe0f en la calle Industria Automotr\u00edz y Miguel Alem\u00e1n, Colonia San Pedro Totoltepec <a href=\"https:\/\/twitter.com\/hashtag\/Toluca?src=hash&amp;ref_src=twsrc%5Etfw\">#Toluca<\/a> <br><br>\u2705Por su tu seguridad Evita la Zona.<br>\ud83d\udd25Humo denso en el lugar. <br>\ud83c\udd989\u20e31\u20e31\u20e3 <a href=\"https:\/\/t.co\/7d0kYNG9di\">pic.twitter.com\/7d0kYNG9di<\/a><\/p>&mdash; C5 Estado de M\u00e9xico (@C5Edomex) <a href=\"https:\/\/twitter.com\/C5Edomex\/status\/2000646375738868027?ref_src=twsrc%5Etfw\">December 15, 2025<\/a><\/blockquote><script async src=\"https:\/\/platform.twitter.com\/widgets.js\" charset=\"utf-8\"><\/script>\n<\/div><\/figure>\n\n\n\n<p class=\"paragraph\">Informaci\u00f3n del C5 Estado de M\u00e9xico confirma que&nbsp;<strong>unidades de rescate,&nbsp;<a href=\"https:\/\/www.excelsior.com.mx\/temas\/proteccion-civil\" target=\"_blank\" rel=\"noreferrer noopener\">protecci\u00f3n civil<\/a>&nbsp;y seguridad p\u00fablica ya se encuentran atendiendo el percance<\/strong>. Testigos se\u00f1alaron que la aeronave impact\u00f3 contra una bodega de mercanc\u00edas, lo que provoc\u00f3 momentos de tensi\u00f3n entre trabajadores y vecinos del \u00e1rea, mientras se eval\u00faan posibles da\u00f1os y la situaci\u00f3n de los ocupantes.<\/p>\n\n\n\n<p class=\"paragraph\">A trav\u00e9s de sus&nbsp;<strong><a href=\"https:\/\/www.excelsior.com.mx\/temas\/redes-sociales\" target=\"_blank\" rel=\"noreferrer noopener\">redes sociales<\/a><\/strong>, el Ayuntamiento de Toluca precis\u00f3:&nbsp;<\/p>\n\n\n\n<h3 class=\"wp-block-heading c-highlight\">Elementos del equipo de&nbsp;<a href=\"https:\/\/www.facebook.com\/pc.bomberostoluca?__cft__%5B0%5D=AZYboFxoEgNYzJVFo6Ba4EsFArWXRPaDB0R6g8Oc8pLp-vX8PAG4QTmjAV9ZvsZVKRiSph5E43FfdG1ICbxNfCIBqRaI1KbAK5X3zkRRL2p8Aaa43Q9rGMcwxxwKSX4t9io_0Yyl8qJdBeOMXdkxEgE45WBbakrZPLwCYuFswnK3yIcOeHvElmGYfQ9VYApReBE&amp;__tn__=-%5DK-R\">PC Bomberos Toluca<\/a>atendieron de manera inmediata un siniestro registrado con una avioneta en la calle Industria Automotriz y Miguel Alem\u00e1n en la colonia San Pedro Totoltepec, aplicando los protocolos de seguridad correspondientes y resguardando la zona y en colaboraci\u00f3n con Bomberos de Metepec y San Mateo Atenco&#8221;.<\/h3>\n","protected":false},"excerpt":{"rendered":"<p>El accidente ocurri\u00f3 en el cruce de Industria Automotriz y bulevar Miguel Alem\u00e1n, en la colonia San Pedro Totoltepec, una zona industrial Una avioneta se desplom\u00f3 la ma\u00f1ana de este lunes en las inmediaciones del Aeropuerto Internacional de Toluca, generando una r\u00e1pida movilizaci\u00f3n de cuerpos de emergencia del Estado de M\u00e9xico. De acuerdo con los [&hellip;]<\/p>\n","protected":false},"author":7,"featured_media":123818,"comment_status":"closed","ping_status":"open","sticky":false,"template":"","format":"standard","meta":{"tdm_status":"","tdm_grid_status":"","footnotes":""},"categories":[39],"tags":[],"class_list":{"0":"post-123819","1":"post","2":"type-post","3":"status-publish","4":"format-standard","5":"has-post-thumbnail","7":"category-noticias-nacionales"},"yoast_head":"<!-- This site is optimized with the Yoast SEO plugin v27.5 - https:\/\/yoast.com\/product\/yoast-seo-wordpress\/ -->\n<title>Se desploma avioneta en inmediaciones del Aeropuerto de Toluca - Fuentes Fidedignas<\/title>\n<meta name=\"robots\" content=\"index, follow, max-snippet:-1, max-image-preview:large, max-video-preview:-1\" \/>\n<link rel=\"canonical\" href=\"https:\/\/fuentesfidedignas.com.mx\/index.php\/2025\/12\/15\/se-desploma-avioneta-en-inmediaciones-del-aeropuerto-de-toluca\/\" \/>\n<meta property=\"og:locale\" content=\"es_MX\" \/>\n<meta property=\"og:type\" content=\"article\" \/>\n<meta property=\"og:title\" content=\"Se desploma avioneta en inmediaciones del Aeropuerto de Toluca - Fuentes Fidedignas\" \/>\n<meta property=\"og:description\" content=\"El accidente ocurri\u00f3 en el cruce de Industria Automotriz y bulevar Miguel Alem\u00e1n, en la colonia San Pedro Totoltepec, una zona industrial Una avioneta se desplom\u00f3 la ma\u00f1ana de este lunes en las inmediaciones del Aeropuerto Internacional de Toluca, generando una r\u00e1pida movilizaci\u00f3n de cuerpos de emergencia del Estado de M\u00e9xico. De acuerdo con los [&hellip;]\" \/>\n<meta property=\"og:url\" content=\"https:\/\/fuentesfidedignas.com.mx\/index.php\/2025\/12\/15\/se-desploma-avioneta-en-inmediaciones-del-aeropuerto-de-toluca\/\" \/>\n<meta property=\"og:site_name\" content=\"Fuentes Fidedignas\" \/>\n<meta property=\"article:publisher\" content=\"https:\/\/www.facebook.com\/Fuentes-Fidedignas-368234489921644\" \/>\n<meta property=\"article:published_time\" content=\"2025-12-15T23:28:12+00:00\" \/>\n<meta property=\"article:modified_time\" content=\"2025-12-15T23:46:49+00:00\" \/>\n<meta property=\"og:image\" content=\"https:\/\/fuentesfidedignas.com.mx\/wp-content\/uploads\/2025\/12\/img_8415.jpg\" \/>\n\t<meta property=\"og:image:width\" content=\"1536\" \/>\n\t<meta property=\"og:image:height\" content=\"1024\" \/>\n\t<meta property=\"og:image:type\" content=\"image\/jpeg\" \/>\n<meta name=\"author\" content=\"Exc\u00e9lsior\" \/>\n<meta name=\"twitter:card\" content=\"summary_large_image\" \/>\n<meta name=\"twitter:creator\" content=\"@fidedignas\" \/>\n<meta name=\"twitter:site\" content=\"@fidedignas\" \/>\n<meta name=\"twitter:label1\" content=\"Escrito por\" \/>\n\t<meta name=\"twitter:data1\" content=\"Exc\u00e9lsior\" \/>\n\t<meta name=\"twitter:label2\" content=\"Tiempo de lectura\" \/>\n\t<meta name=\"twitter:data2\" content=\"2 minutos\" \/>\n<script type=\"application\/ld+json\" class=\"yoast-schema-graph\">{\"@context\":\"https:\\\/\\\/schema.org\",\"@graph\":[{\"@type\":\"Article\",\"@id\":\"https:\\\/\\\/fuentesfidedignas.com.mx\\\/index.php\\\/2025\\\/12\\\/15\\\/se-desploma-avioneta-en-inmediaciones-del-aeropuerto-de-toluca\\\/#article\",\"isPartOf\":{\"@id\":\"https:\\\/\\\/fuentesfidedignas.com.mx\\\/index.php\\\/2025\\\/12\\\/15\\\/se-desploma-avioneta-en-inmediaciones-del-aeropuerto-de-toluca\\\/\"},\"author\":{\"name\":\"Exc\u00e9lsior\",\"@id\":\"https:\\\/\\\/fuentesfidedignas.com.mx\\\/#\\\/schema\\\/person\\\/ec4edd1fbf5efa3e44fce34fe2787780\"},\"headline\":\"Se desploma avioneta en inmediaciones del Aeropuerto de Toluca\",\"datePublished\":\"2025-12-15T23:28:12+00:00\",\"dateModified\":\"2025-12-15T23:46:49+00:00\",\"mainEntityOfPage\":{\"@id\":\"https:\\\/\\\/fuentesfidedignas.com.mx\\\/index.php\\\/2025\\\/12\\\/15\\\/se-desploma-avioneta-en-inmediaciones-del-aeropuerto-de-toluca\\\/\"},\"wordCount\":273,\"publisher\":{\"@id\":\"https:\\\/\\\/fuentesfidedignas.com.mx\\\/#organization\"},\"image\":{\"@id\":\"https:\\\/\\\/fuentesfidedignas.com.mx\\\/index.php\\\/2025\\\/12\\\/15\\\/se-desploma-avioneta-en-inmediaciones-del-aeropuerto-de-toluca\\\/#primaryimage\"},\"thumbnailUrl\":\"https:\\\/\\\/fuentesfidedignas.com.mx\\\/wp-content\\\/uploads\\\/2025\\\/12\\\/img_8415.jpg\",\"articleSection\":[\"NOTICIAS NACIONALES\"],\"inLanguage\":\"es\"},{\"@type\":\"WebPage\",\"@id\":\"https:\\\/\\\/fuentesfidedignas.com.mx\\\/index.php\\\/2025\\\/12\\\/15\\\/se-desploma-avioneta-en-inmediaciones-del-aeropuerto-de-toluca\\\/\",\"url\":\"https:\\\/\\\/fuentesfidedignas.com.mx\\\/index.php\\\/2025\\\/12\\\/15\\\/se-desploma-avioneta-en-inmediaciones-del-aeropuerto-de-toluca\\\/\",\"name\":\"Se desploma avioneta en inmediaciones del Aeropuerto de Toluca - Fuentes Fidedignas\",\"isPartOf\":{\"@id\":\"https:\\\/\\\/fuentesfidedignas.com.mx\\\/#website\"},\"primaryImageOfPage\":{\"@id\":\"https:\\\/\\\/fuentesfidedignas.com.mx\\\/index.php\\\/2025\\\/12\\\/15\\\/se-desploma-avioneta-en-inmediaciones-del-aeropuerto-de-toluca\\\/#primaryimage\"},\"image\":{\"@id\":\"https:\\\/\\\/fuentesfidedignas.com.mx\\\/index.php\\\/2025\\\/12\\\/15\\\/se-desploma-avioneta-en-inmediaciones-del-aeropuerto-de-toluca\\\/#primaryimage\"},\"thumbnailUrl\":\"https:\\\/\\\/fuentesfidedignas.com.mx\\\/wp-content\\\/uploads\\\/2025\\\/12\\\/img_8415.jpg\",\"datePublished\":\"2025-12-15T23:28:12+00:00\",\"dateModified\":\"2025-12-15T23:46:49+00:00\",\"breadcrumb\":{\"@id\":\"https:\\\/\\\/fuentesfidedignas.com.mx\\\/index.php\\\/2025\\\/12\\\/15\\\/se-desploma-avioneta-en-inmediaciones-del-aeropuerto-de-toluca\\\/#breadcrumb\"},\"inLanguage\":\"es\",\"potentialAction\":[{\"@type\":\"ReadAction\",\"target\":[\"https:\\\/\\\/fuentesfidedignas.com.mx\\\/index.php\\\/2025\\\/12\\\/15\\\/se-desploma-avioneta-en-inmediaciones-del-aeropuerto-de-toluca\\\/\"]}]},{\"@type\":\"ImageObject\",\"inLanguage\":\"es\",\"@id\":\"https:\\\/\\\/fuentesfidedignas.com.mx\\\/index.php\\\/2025\\\/12\\\/15\\\/se-desploma-avioneta-en-inmediaciones-del-aeropuerto-de-toluca\\\/#primaryimage\",\"url\":\"https:\\\/\\\/fuentesfidedignas.com.mx\\\/wp-content\\\/uploads\\\/2025\\\/12\\\/img_8415.jpg\",\"contentUrl\":\"https:\\\/\\\/fuentesfidedignas.com.mx\\\/wp-content\\\/uploads\\\/2025\\\/12\\\/img_8415.jpg\",\"width\":1536,\"height\":1024},{\"@type\":\"BreadcrumbList\",\"@id\":\"https:\\\/\\\/fuentesfidedignas.com.mx\\\/index.php\\\/2025\\\/12\\\/15\\\/se-desploma-avioneta-en-inmediaciones-del-aeropuerto-de-toluca\\\/#breadcrumb\",\"itemListElement\":[{\"@type\":\"ListItem\",\"position\":1,\"name\":\"Inicio\",\"item\":\"https:\\\/\\\/fuentesfidedignas.com.mx\\\/\"},{\"@type\":\"ListItem\",\"position\":2,\"name\":\"Se desploma avioneta en inmediaciones del Aeropuerto de Toluca\"}]},{\"@type\":\"WebSite\",\"@id\":\"https:\\\/\\\/fuentesfidedignas.com.mx\\\/#website\",\"url\":\"https:\\\/\\\/fuentesfidedignas.com.mx\\\/\",\"name\":\"Fuentes Fidedignas\",\"description\":\"Otro sitio realizado con WordPress\",\"publisher\":{\"@id\":\"https:\\\/\\\/fuentesfidedignas.com.mx\\\/#organization\"},\"potentialAction\":[{\"@type\":\"SearchAction\",\"target\":{\"@type\":\"EntryPoint\",\"urlTemplate\":\"https:\\\/\\\/fuentesfidedignas.com.mx\\\/?s={search_term_string}\"},\"query-input\":{\"@type\":\"PropertyValueSpecification\",\"valueRequired\":true,\"valueName\":\"search_term_string\"}}],\"inLanguage\":\"es\"},{\"@type\":\"Organization\",\"@id\":\"https:\\\/\\\/fuentesfidedignas.com.mx\\\/#organization\",\"name\":\"Fuentes Fidedignas\",\"url\":\"https:\\\/\\\/fuentesfidedignas.com.mx\\\/\",\"logo\":{\"@type\":\"ImageObject\",\"inLanguage\":\"es\",\"@id\":\"https:\\\/\\\/fuentesfidedignas.com.mx\\\/#\\\/schema\\\/logo\\\/image\\\/\",\"url\":\"https:\\\/\\\/fuentesfidedignas.com.mx\\\/wp-content\\\/uploads\\\/2021\\\/04\\\/logo-retina.png\",\"contentUrl\":\"https:\\\/\\\/fuentesfidedignas.com.mx\\\/wp-content\\\/uploads\\\/2021\\\/04\\\/logo-retina.png\",\"width\":280,\"height\":51,\"caption\":\"Fuentes Fidedignas\"},\"image\":{\"@id\":\"https:\\\/\\\/fuentesfidedignas.com.mx\\\/#\\\/schema\\\/logo\\\/image\\\/\"},\"sameAs\":[\"https:\\\/\\\/www.facebook.com\\\/Fuentes-Fidedignas-368234489921644\",\"https:\\\/\\\/x.com\\\/fidedignas\"]},{\"@type\":\"Person\",\"@id\":\"https:\\\/\\\/fuentesfidedignas.com.mx\\\/#\\\/schema\\\/person\\\/ec4edd1fbf5efa3e44fce34fe2787780\",\"name\":\"Exc\u00e9lsior\",\"image\":{\"@type\":\"ImageObject\",\"inLanguage\":\"es\",\"@id\":\"https:\\\/\\\/secure.gravatar.com\\\/avatar\\\/4b7ee9206b48be08447852b3f0814dbc7c0f3b51541b164f1464a2725614020b?s=96&d=mm&r=g\",\"url\":\"https:\\\/\\\/secure.gravatar.com\\\/avatar\\\/4b7ee9206b48be08447852b3f0814dbc7c0f3b51541b164f1464a2725614020b?s=96&d=mm&r=g\",\"contentUrl\":\"https:\\\/\\\/secure.gravatar.com\\\/avatar\\\/4b7ee9206b48be08447852b3f0814dbc7c0f3b51541b164f1464a2725614020b?s=96&d=mm&r=g\",\"caption\":\"Exc\u00e9lsior\"},\"url\":\"https:\\\/\\\/fuentesfidedignas.com.mx\\\/index.php\\\/author\\\/excelsior\\\/\"}]}<\/script>\n<!-- \/ Yoast SEO plugin. -->","yoast_head_json":{"title":"Se desploma avioneta en inmediaciones del Aeropuerto de Toluca - Fuentes Fidedignas","robots":{"index":"index","follow":"follow","max-snippet":"max-snippet:-1","max-image-preview":"max-image-preview:large","max-video-preview":"max-video-preview:-1"},"canonical":"https:\/\/fuentesfidedignas.com.mx\/index.php\/2025\/12\/15\/se-desploma-avioneta-en-inmediaciones-del-aeropuerto-de-toluca\/","og_locale":"es_MX","og_type":"article","og_title":"Se desploma avioneta en inmediaciones del Aeropuerto de Toluca - Fuentes Fidedignas","og_description":"El accidente ocurri\u00f3 en el cruce de Industria Automotriz y bulevar Miguel Alem\u00e1n, en la colonia San Pedro Totoltepec, una zona industrial Una avioneta se desplom\u00f3 la ma\u00f1ana de este lunes en las inmediaciones del Aeropuerto Internacional de Toluca, generando una r\u00e1pida movilizaci\u00f3n de cuerpos de emergencia del Estado de M\u00e9xico. De acuerdo con los [&hellip;]","og_url":"https:\/\/fuentesfidedignas.com.mx\/index.php\/2025\/12\/15\/se-desploma-avioneta-en-inmediaciones-del-aeropuerto-de-toluca\/","og_site_name":"Fuentes Fidedignas","article_publisher":"https:\/\/www.facebook.com\/Fuentes-Fidedignas-368234489921644","article_published_time":"2025-12-15T23:28:12+00:00","article_modified_time":"2025-12-15T23:46:49+00:00","og_image":[{"width":1536,"height":1024,"url":"https:\/\/fuentesfidedignas.com.mx\/wp-content\/uploads\/2025\/12\/img_8415.jpg","type":"image\/jpeg"}],"author":"Exc\u00e9lsior","twitter_card":"summary_large_image","twitter_creator":"@fidedignas","twitter_site":"@fidedignas","twitter_misc":{"Escrito por":"Exc\u00e9lsior","Tiempo de lectura":"2 minutos"},"schema":{"@context":"https:\/\/schema.org","@graph":[{"@type":"Article","@id":"https:\/\/fuentesfidedignas.com.mx\/index.php\/2025\/12\/15\/se-desploma-avioneta-en-inmediaciones-del-aeropuerto-de-toluca\/#article","isPartOf":{"@id":"https:\/\/fuentesfidedignas.com.mx\/index.php\/2025\/12\/15\/se-desploma-avioneta-en-inmediaciones-del-aeropuerto-de-toluca\/"},"author":{"name":"Exc\u00e9lsior","@id":"https:\/\/fuentesfidedignas.com.mx\/#\/schema\/person\/ec4edd1fbf5efa3e44fce34fe2787780"},"headline":"Se desploma avioneta en inmediaciones del Aeropuerto de Toluca","datePublished":"2025-12-15T23:28:12+00:00","dateModified":"2025-12-15T23:46:49+00:00","mainEntityOfPage":{"@id":"https:\/\/fuentesfidedignas.com.mx\/index.php\/2025\/12\/15\/se-desploma-avioneta-en-inmediaciones-del-aeropuerto-de-toluca\/"},"wordCount":273,"publisher":{"@id":"https:\/\/fuentesfidedignas.com.mx\/#organization"},"image":{"@id":"https:\/\/fuentesfidedignas.com.mx\/index.php\/2025\/12\/15\/se-desploma-avioneta-en-inmediaciones-del-aeropuerto-de-toluca\/#primaryimage"},"thumbnailUrl":"https:\/\/fuentesfidedignas.com.mx\/wp-content\/uploads\/2025\/12\/img_8415.jpg","articleSection":["NOTICIAS NACIONALES"],"inLanguage":"es"},{"@type":"WebPage","@id":"https:\/\/fuentesfidedignas.com.mx\/index.php\/2025\/12\/15\/se-desploma-avioneta-en-inmediaciones-del-aeropuerto-de-toluca\/","url":"https:\/\/fuentesfidedignas.com.mx\/index.php\/2025\/12\/15\/se-desploma-avioneta-en-inmediaciones-del-aeropuerto-de-toluca\/","name":"Se desploma avioneta en inmediaciones del Aeropuerto de Toluca - Fuentes Fidedignas","isPartOf":{"@id":"https:\/\/fuentesfidedignas.com.mx\/#website"},"primaryImageOfPage":{"@id":"https:\/\/fuentesfidedignas.com.mx\/index.php\/2025\/12\/15\/se-desploma-avioneta-en-inmediaciones-del-aeropuerto-de-toluca\/#primaryimage"},"image":{"@id":"https:\/\/fuentesfidedignas.com.mx\/index.php\/2025\/12\/15\/se-desploma-avioneta-en-inmediaciones-del-aeropuerto-de-toluca\/#primaryimage"},"thumbnailUrl":"https:\/\/fuentesfidedignas.com.mx\/wp-content\/uploads\/2025\/12\/img_8415.jpg","datePublished":"2025-12-15T23:28:12+00:00","dateModified":"2025-12-15T23:46:49+00:00","breadcrumb":{"@id":"https:\/\/fuentesfidedignas.com.mx\/index.php\/2025\/12\/15\/se-desploma-avioneta-en-inmediaciones-del-aeropuerto-de-toluca\/#breadcrumb"},"inLanguage":"es","potentialAction":[{"@type":"ReadAction","target":["https:\/\/fuentesfidedignas.com.mx\/index.php\/2025\/12\/15\/se-desploma-avioneta-en-inmediaciones-del-aeropuerto-de-toluca\/"]}]},{"@type":"ImageObject","inLanguage":"es","@id":"https:\/\/fuentesfidedignas.com.mx\/index.php\/2025\/12\/15\/se-desploma-avioneta-en-inmediaciones-del-aeropuerto-de-toluca\/#primaryimage","url":"https:\/\/fuentesfidedignas.com.mx\/wp-content\/uploads\/2025\/12\/img_8415.jpg","contentUrl":"https:\/\/fuentesfidedignas.com.mx\/wp-content\/uploads\/2025\/12\/img_8415.jpg","width":1536,"height":1024},{"@type":"BreadcrumbList","@id":"https:\/\/fuentesfidedignas.com.mx\/index.php\/2025\/12\/15\/se-desploma-avioneta-en-inmediaciones-del-aeropuerto-de-toluca\/#breadcrumb","itemListElement":[{"@type":"ListItem","position":1,"name":"Inicio","item":"https:\/\/fuentesfidedignas.com.mx\/"},{"@type":"ListItem","position":2,"name":"Se desploma avioneta en inmediaciones del Aeropuerto de Toluca"}]},{"@type":"WebSite","@id":"https:\/\/fuentesfidedignas.com.mx\/#website","url":"https:\/\/fuentesfidedignas.com.mx\/","name":"Fuentes Fidedignas","description":"Otro sitio realizado con WordPress","publisher":{"@id":"https:\/\/fuentesfidedignas.com.mx\/#organization"},"potentialAction":[{"@type":"SearchAction","target":{"@type":"EntryPoint","urlTemplate":"https:\/\/fuentesfidedignas.com.mx\/?s={search_term_string}"},"query-input":{"@type":"PropertyValueSpecification","valueRequired":true,"valueName":"search_term_string"}}],"inLanguage":"es"},{"@type":"Organization","@id":"https:\/\/fuentesfidedignas.com.mx\/#organization","name":"Fuentes Fidedignas","url":"https:\/\/fuentesfidedignas.com.mx\/","logo":{"@type":"ImageObject","inLanguage":"es","@id":"https:\/\/fuentesfidedignas.com.mx\/#\/schema\/logo\/image\/","url":"https:\/\/fuentesfidedignas.com.mx\/wp-content\/uploads\/2021\/04\/logo-retina.png","contentUrl":"https:\/\/fuentesfidedignas.com.mx\/wp-content\/uploads\/2021\/04\/logo-retina.png","width":280,"height":51,"caption":"Fuentes Fidedignas"},"image":{"@id":"https:\/\/fuentesfidedignas.com.mx\/#\/schema\/logo\/image\/"},"sameAs":["https:\/\/www.facebook.com\/Fuentes-Fidedignas-368234489921644","https:\/\/x.com\/fidedignas"]},{"@type":"Person","@id":"https:\/\/fuentesfidedignas.com.mx\/#\/schema\/person\/ec4edd1fbf5efa3e44fce34fe2787780","name":"Exc\u00e9lsior","image":{"@type":"ImageObject","inLanguage":"es","@id":"https:\/\/secure.gravatar.com\/avatar\/4b7ee9206b48be08447852b3f0814dbc7c0f3b51541b164f1464a2725614020b?s=96&d=mm&r=g","url":"https:\/\/secure.gravatar.com\/avatar\/4b7ee9206b48be08447852b3f0814dbc7c0f3b51541b164f1464a2725614020b?s=96&d=mm&r=g","contentUrl":"https:\/\/secure.gravatar.com\/avatar\/4b7ee9206b48be08447852b3f0814dbc7c0f3b51541b164f1464a2725614020b?s=96&d=mm&r=g","caption":"Exc\u00e9lsior"},"url":"https:\/\/fuentesfidedignas.com.mx\/index.php\/author\/excelsior\/"}]}},"_links":{"self":[{"href":"https:\/\/fuentesfidedignas.com.mx\/index.php\/wp-json\/wp\/v2\/posts\/123819","targetHints":{"allow":["GET"]}}],"collection":[{"href":"https:\/\/fuentesfidedignas.com.mx\/index.php\/wp-json\/wp\/v2\/posts"}],"about":[{"href":"https:\/\/fuentesfidedignas.com.mx\/index.php\/wp-json\/wp\/v2\/types\/post"}],"author":[{"embeddable":true,"href":"https:\/\/fuentesfidedignas.com.mx\/index.php\/wp-json\/wp\/v2\/users\/7"}],"replies":[{"embeddable":true,"href":"https:\/\/fuentesfidedignas.com.mx\/index.php\/wp-json\/wp\/v2\/comments?post=123819"}],"version-history":[{"count":2,"href":"https:\/\/fuentesfidedignas.com.mx\/index.php\/wp-json\/wp\/v2\/posts\/123819\/revisions"}],"predecessor-version":[{"id":123824,"href":"https:\/\/fuentesfidedignas.com.mx\/index.php\/wp-json\/wp\/v2\/posts\/123819\/revisions\/123824"}],"wp:featuredmedia":[{"embeddable":true,"href":"https:\/\/fuentesfidedignas.com.mx\/index.php\/wp-json\/wp\/v2\/media\/123818"}],"wp:attachment":[{"href":"https:\/\/fuentesfidedignas.com.mx\/index.php\/wp-json\/wp\/v2\/media?parent=123819"}],"wp:term":[{"taxonomy":"category","embeddable":true,"href":"https:\/\/fuentesfidedignas.com.mx\/index.php\/wp-json\/wp\/v2\/categories?post=123819"},{"taxonomy":"post_tag","embeddable":true,"href":"https:\/\/fuentesfidedignas.com.mx\/index.php\/wp-json\/wp\/v2\/tags?post=123819"}],"curies":[{"name":"wp","href":"https:\/\/api.w.org\/{rel}","templated":true}]}}