{"id":123806,"date":"2025-12-16T03:22:00","date_gmt":"2025-12-16T10:22:00","guid":{"rendered":"https:\/\/fuentesfidedignas.com.mx\/?p=123806"},"modified":"2025-12-16T06:11:22","modified_gmt":"2025-12-16T13:11:22","slug":"nasa-pierde-contacto-con-una-de-sus-naves-clave-en-el-estudio-de-marte","status":"publish","type":"post","link":"https:\/\/fuentesfidedignas.com.mx\/index.php\/2025\/12\/16\/nasa-pierde-contacto-con-una-de-sus-naves-clave-en-el-estudio-de-marte\/","title":{"rendered":"NASA pierde contacto con una de sus naves clave en el estudio de Marte"},"content":{"rendered":"\n<p><br><em><strong>La NASA confirm\u00f3 que el orbitador segu\u00eda sin comunicarse y que hab\u00edan activado protocolos de contingencia: barridos de frecuencia, intentos de env\u00edo de comandos a ciegas y an\u00e1lisis de las causas del fallo.<\/strong><\/em><\/p>\n\n\n\n<p>La&nbsp;<strong>NASA<\/strong>&nbsp;atraviesa uno de los momentos m\u00e1s delicados de su presencia en<strong>&nbsp;Marte<\/strong>&nbsp;tras perder el contacto con&nbsp;<strong>MAVEN,<\/strong>&nbsp;el orbitador que desde 2014 ha sido una pieza clave tanto para la investigaci\u00f3n cient\u00edfica como para las comunicaciones interplanetarias. El silencio de la nave, registrado el 6 de diciembre luego de una maniobra rutinaria detr\u00e1s del planeta rojo, ha encendido las alarmas en el equipo de operaciones, que trabaja contrarreloj para recuperar la se\u00f1al.<\/p>\n\n\n\n<figure class=\"wp-block-image\"><img decoding=\"async\" src=\"https:\/\/imagenes.excelsior.com.mx\/files\/media_image_449_430\/uploads\/2025\/12\/14\/693efb8de7516.jpeg\" alt=\"thumb\"\/><\/figure>\n\n\n\n<h2 class=\"wp-block-heading\">\u00bfPor qu\u00e9 la NASA dej\u00f3 de tener contacto con MAVEN?<\/h2>\n\n\n\n<p>Hasta antes de la anomal\u00eda, todos los par\u00e1metros telem\u00e9tricos suger\u00edan un funcionamiento estable.&nbsp;<strong>MAVEN<\/strong>&nbsp;emergi\u00f3 de la ocultaci\u00f3n marciana seg\u00fan lo previsto, pero la Red de Espacio Profundo no logr\u00f3 detectar la se\u00f1al portadora que deber\u00eda anunciar su reaparici\u00f3n. El pasado&nbsp;<strong>9 de diciembre,<\/strong>&nbsp;la NASA confirm\u00f3 que el orbitador segu\u00eda sin comunicarse y que se hab\u00edan activado los&nbsp;<strong>protocolos de contingencia:<\/strong>&nbsp;barridos de frecuencia, intentos de env\u00edo de comandos a ciegas y an\u00e1lisis de las posibles causas del fallo. Por ahora, no hay un diagn\u00f3stico definitivo, aunque el equipo mantiene la esperanza de restablecer el v\u00ednculo.<\/p>\n\n\n\n<p>La p\u00e9rdida temporal de contacto con una sonda en Marte no es un hecho in\u00e9dito, pero en el caso de MAVEN, las implicaciones van m\u00e1s all\u00e1 de la ciencia atmosf\u00e9rica. El orbitador cumple un rol vital como repetidor de datos para los&nbsp;<strong>rovers Curiosity y Perseverance<\/strong>. Su antena UHF act\u00faa como enlace intermedio entre la superficie marciana y los centros de control en la Tierra. En la pr\u00e1ctica, MAVEN es uno de los \u201cnodos\u201d principales de la red de comunicaciones marciana, por lo que su silencio reduce la capacidad y la eficiencia del sistema. Hasta que la nave vuelva a transmitir, los flujos de informaci\u00f3n desde el cr\u00e1ter Gale o el delta del Jezero ser\u00e1n m\u00e1s lentos y menos frecuentes.<\/p>\n\n\n\n<figure class=\"wp-block-image\"><img decoding=\"async\" src=\"https:\/\/imagenes.excelsior.com.mx\/files\/media_image_449_430\/uploads\/2025\/12\/14\/693efb8e82ce6.jpeg\" alt=\"thumb\"\/><\/figure>\n\n\n\n<h2 class=\"wp-block-heading\">\u00bfCu\u00e1les son los problemas de comunicaci\u00f3n de la NASA con sus sistemas?<\/h2>\n\n\n\n<p>Aunque la flota alrededor de Marte es numerosa, su estado no es ideal. El&nbsp;<strong>Mars Reconnaissance Orbiter (MRO)<\/strong>, operativo desde 2006, contin\u00faa funcionando m\u00e1s all\u00e1 de todas las expectativas, con bater\u00edas que ya han superado su vida \u00fatil te\u00f3rica. Mars Odyssey, que lleg\u00f3 al planeta en 2001, depende de reservas de propelente muy limitadas para mantener su \u00f3rbita estable. A ellos se suman los europeos&nbsp;<strong>Mars Express y ExoMars TGO<\/strong>, adem\u00e1s de las misiones&nbsp;<strong>Hope&nbsp;<\/strong>de los Emiratos \u00c1rabes Unidos y&nbsp;<strong>Tianwen-1<\/strong>&nbsp;de China. Aunque todas aportan capacidades, ninguna puede reemplazar por completo el rol dual de MAVEN: ciencia atmosf\u00e9rica avanzada y retransmisi\u00f3n de datos.<\/p>\n\n\n\n<p>Desde hace a\u00f1os, distintos paneles de evaluaci\u00f3n de la NASA vienen advirtiendo la necesidad de desarrollar un nuevo orbitador de telecomunicaciones para sostener las operaciones en Marte durante la pr\u00f3xima d\u00e9cada. El incidente actual refuerza esa urgencia.<\/p>\n\n\n\n<p>Las hip\u00f3tesis preliminares incluyen un problema de orientaci\u00f3n que impide que la antena apunte hacia la Tierra, la activaci\u00f3n de un modo seguro no declarado o la interferencia de fen\u00f3menos externos como una tormenta solar. Sin embargo, sin datos directos, ning\u00fan escenario puede confirmarse.&nbsp;<strong>MAVEN<\/strong>&nbsp;ya enfrent\u00f3 dificultades en 2022, cuando fallaron sus Unidades de Medici\u00f3n Inercial. En aquella ocasi\u00f3n, los ingenieros lograron mantenerla operativa mediante algoritmos alternativos de control de actitud, pero la nave qued\u00f3 m\u00e1s vulnerable. Este historial hace temer que el nuevo episodio pueda ser m\u00e1s severo.<\/p>\n\n\n\n<h2 class=\"wp-block-heading\">La importancia cient\u00edfica de MAVEN<\/h2>\n\n\n\n<p>M\u00e1s all\u00e1 de su valor operativo, MAVEN ha sido fundamental para comprender c\u00f3mo Marte perdi\u00f3 gran parte de su atm\u00f3sfera. Sus mediciones demostraron que el&nbsp;<strong>viento solar<\/strong>&nbsp;fue despojando paulatinamente al planeta de los gases que alguna vez permitieron un entorno m\u00e1s templado y posiblemente habitable. Gracias al orbitador se identificaron procesos clave: la fuga de plasma, la din\u00e1mica de la atm\u00f3sfera superior, la forma de la cola magn\u00e9tica marciana y fen\u00f3menos inesperados como la aurora de protones.<\/p>\n\n\n\n<p>Incluso recientemente, la misi\u00f3n aport\u00f3 hallazgos extraordinarios, como la detecci\u00f3n del objeto interestelar&nbsp;<strong>3I\/ATLAS<\/strong>, un visitante procedente de fuera del Sistema Solar cuya observaci\u00f3n desde la \u00f3rbita marciana ofreci\u00f3 datos \u00fanicos.<\/p>\n\n\n\n<p>El silencio de MAVEN interrumpe un flujo cient\u00edfico de enorme valor, pero tambi\u00e9n complica la planificaci\u00f3n de misiones venideras, especialmente las relacionadas con el retorno de muestras marcianas. La comunidad cient\u00edfica mira con preocupaci\u00f3n este episodio, consciente de que la robustez de la<strong>&nbsp;infraestructura orbital<\/strong>&nbsp;es tan decisiva como los propios rovers.<\/p>\n\n\n\n<p>Por ahora, la NASA contin\u00faa intentando&nbsp;<strong>reactivar la comunicaci\u00f3n<\/strong>. Cada hora sin contacto representa incertidumbre, pero tambi\u00e9n una oportunidad para demostrar, una vez m\u00e1s, la resiliencia t\u00e9cnica que ha permitido a la humanidad mantener una presencia sostenida en Marte durante m\u00e1s de dos d\u00e9cadas.<\/p>\n","protected":false},"excerpt":{"rendered":"<p>La NASA confirm\u00f3 que el orbitador segu\u00eda sin comunicarse y que hab\u00edan activado protocolos de contingencia: barridos de frecuencia, intentos de env\u00edo de comandos a ciegas y an\u00e1lisis de las causas del fallo. La&nbsp;NASA&nbsp;atraviesa uno de los momentos m\u00e1s delicados de su presencia en&nbsp;Marte&nbsp;tras perder el contacto con&nbsp;MAVEN,&nbsp;el orbitador que desde 2014 ha sido una [&hellip;]<\/p>\n","protected":false},"author":7,"featured_media":123807,"comment_status":"open","ping_status":"open","sticky":false,"template":"","format":"standard","meta":{"tdm_status":"","tdm_grid_status":"","footnotes":""},"categories":[40],"tags":[],"class_list":{"0":"post-123806","1":"post","2":"type-post","3":"status-publish","4":"format-standard","5":"has-post-thumbnail","7":"category-las-asombrosas"},"yoast_head":"<!-- This site is optimized with the Yoast SEO plugin v27.4 - https:\/\/yoast.com\/product\/yoast-seo-wordpress\/ -->\n<title>NASA pierde contacto con una de sus naves clave en el estudio de Marte - Fuentes Fidedignas<\/title>\n<meta name=\"robots\" content=\"index, follow, max-snippet:-1, max-image-preview:large, max-video-preview:-1\" \/>\n<link rel=\"canonical\" href=\"https:\/\/fuentesfidedignas.com.mx\/index.php\/2025\/12\/16\/nasa-pierde-contacto-con-una-de-sus-naves-clave-en-el-estudio-de-marte\/\" \/>\n<meta property=\"og:locale\" content=\"es_MX\" \/>\n<meta property=\"og:type\" content=\"article\" \/>\n<meta property=\"og:title\" content=\"NASA pierde contacto con una de sus naves clave en el estudio de Marte - Fuentes Fidedignas\" \/>\n<meta property=\"og:description\" content=\"La NASA confirm\u00f3 que el orbitador segu\u00eda sin comunicarse y que hab\u00edan activado protocolos de contingencia: barridos de frecuencia, intentos de env\u00edo de comandos a ciegas y an\u00e1lisis de las causas del fallo. La&nbsp;NASA&nbsp;atraviesa uno de los momentos m\u00e1s delicados de su presencia en&nbsp;Marte&nbsp;tras perder el contacto con&nbsp;MAVEN,&nbsp;el orbitador que desde 2014 ha sido una [&hellip;]\" \/>\n<meta property=\"og:url\" content=\"https:\/\/fuentesfidedignas.com.mx\/index.php\/2025\/12\/16\/nasa-pierde-contacto-con-una-de-sus-naves-clave-en-el-estudio-de-marte\/\" \/>\n<meta property=\"og:site_name\" content=\"Fuentes Fidedignas\" \/>\n<meta property=\"article:publisher\" content=\"https:\/\/www.facebook.com\/Fuentes-Fidedignas-368234489921644\" \/>\n<meta property=\"article:published_time\" content=\"2025-12-16T10:22:00+00:00\" \/>\n<meta property=\"article:modified_time\" content=\"2025-12-16T13:11:22+00:00\" \/>\n<meta property=\"og:image\" content=\"https:\/\/fuentesfidedignas.com.mx\/wp-content\/uploads\/2025\/12\/Captura-de-pantalla-68.jpg\" \/>\n\t<meta property=\"og:image:width\" content=\"724\" \/>\n\t<meta property=\"og:image:height\" content=\"467\" \/>\n\t<meta property=\"og:image:type\" content=\"image\/jpeg\" \/>\n<meta name=\"author\" content=\"Exc\u00e9lsior\" \/>\n<meta name=\"twitter:card\" content=\"summary_large_image\" \/>\n<meta name=\"twitter:creator\" content=\"@fidedignas\" \/>\n<meta name=\"twitter:site\" content=\"@fidedignas\" \/>\n<meta name=\"twitter:label1\" content=\"Escrito por\" \/>\n\t<meta name=\"twitter:data1\" content=\"Exc\u00e9lsior\" \/>\n\t<meta name=\"twitter:label2\" content=\"Tiempo de lectura\" \/>\n\t<meta name=\"twitter:data2\" content=\"5 minutos\" \/>\n<script type=\"application\/ld+json\" class=\"yoast-schema-graph\">{\"@context\":\"https:\\\/\\\/schema.org\",\"@graph\":[{\"@type\":\"Article\",\"@id\":\"https:\\\/\\\/fuentesfidedignas.com.mx\\\/index.php\\\/2025\\\/12\\\/16\\\/nasa-pierde-contacto-con-una-de-sus-naves-clave-en-el-estudio-de-marte\\\/#article\",\"isPartOf\":{\"@id\":\"https:\\\/\\\/fuentesfidedignas.com.mx\\\/index.php\\\/2025\\\/12\\\/16\\\/nasa-pierde-contacto-con-una-de-sus-naves-clave-en-el-estudio-de-marte\\\/\"},\"author\":{\"name\":\"Exc\u00e9lsior\",\"@id\":\"https:\\\/\\\/fuentesfidedignas.com.mx\\\/#\\\/schema\\\/person\\\/ec4edd1fbf5efa3e44fce34fe2787780\"},\"headline\":\"NASA pierde contacto con una de sus naves clave en el estudio de Marte\",\"datePublished\":\"2025-12-16T10:22:00+00:00\",\"dateModified\":\"2025-12-16T13:11:22+00:00\",\"mainEntityOfPage\":{\"@id\":\"https:\\\/\\\/fuentesfidedignas.com.mx\\\/index.php\\\/2025\\\/12\\\/16\\\/nasa-pierde-contacto-con-una-de-sus-naves-clave-en-el-estudio-de-marte\\\/\"},\"wordCount\":905,\"commentCount\":0,\"publisher\":{\"@id\":\"https:\\\/\\\/fuentesfidedignas.com.mx\\\/#organization\"},\"image\":{\"@id\":\"https:\\\/\\\/fuentesfidedignas.com.mx\\\/index.php\\\/2025\\\/12\\\/16\\\/nasa-pierde-contacto-con-una-de-sus-naves-clave-en-el-estudio-de-marte\\\/#primaryimage\"},\"thumbnailUrl\":\"https:\\\/\\\/fuentesfidedignas.com.mx\\\/wp-content\\\/uploads\\\/2025\\\/12\\\/Captura-de-pantalla-68.jpg\",\"articleSection\":[\"LAS ASOMBROSAS\"],\"inLanguage\":\"es\",\"potentialAction\":[{\"@type\":\"CommentAction\",\"name\":\"Comment\",\"target\":[\"https:\\\/\\\/fuentesfidedignas.com.mx\\\/index.php\\\/2025\\\/12\\\/16\\\/nasa-pierde-contacto-con-una-de-sus-naves-clave-en-el-estudio-de-marte\\\/#respond\"]}]},{\"@type\":\"WebPage\",\"@id\":\"https:\\\/\\\/fuentesfidedignas.com.mx\\\/index.php\\\/2025\\\/12\\\/16\\\/nasa-pierde-contacto-con-una-de-sus-naves-clave-en-el-estudio-de-marte\\\/\",\"url\":\"https:\\\/\\\/fuentesfidedignas.com.mx\\\/index.php\\\/2025\\\/12\\\/16\\\/nasa-pierde-contacto-con-una-de-sus-naves-clave-en-el-estudio-de-marte\\\/\",\"name\":\"NASA pierde contacto con una de sus naves clave en el estudio de Marte - Fuentes Fidedignas\",\"isPartOf\":{\"@id\":\"https:\\\/\\\/fuentesfidedignas.com.mx\\\/#website\"},\"primaryImageOfPage\":{\"@id\":\"https:\\\/\\\/fuentesfidedignas.com.mx\\\/index.php\\\/2025\\\/12\\\/16\\\/nasa-pierde-contacto-con-una-de-sus-naves-clave-en-el-estudio-de-marte\\\/#primaryimage\"},\"image\":{\"@id\":\"https:\\\/\\\/fuentesfidedignas.com.mx\\\/index.php\\\/2025\\\/12\\\/16\\\/nasa-pierde-contacto-con-una-de-sus-naves-clave-en-el-estudio-de-marte\\\/#primaryimage\"},\"thumbnailUrl\":\"https:\\\/\\\/fuentesfidedignas.com.mx\\\/wp-content\\\/uploads\\\/2025\\\/12\\\/Captura-de-pantalla-68.jpg\",\"datePublished\":\"2025-12-16T10:22:00+00:00\",\"dateModified\":\"2025-12-16T13:11:22+00:00\",\"breadcrumb\":{\"@id\":\"https:\\\/\\\/fuentesfidedignas.com.mx\\\/index.php\\\/2025\\\/12\\\/16\\\/nasa-pierde-contacto-con-una-de-sus-naves-clave-en-el-estudio-de-marte\\\/#breadcrumb\"},\"inLanguage\":\"es\",\"potentialAction\":[{\"@type\":\"ReadAction\",\"target\":[\"https:\\\/\\\/fuentesfidedignas.com.mx\\\/index.php\\\/2025\\\/12\\\/16\\\/nasa-pierde-contacto-con-una-de-sus-naves-clave-en-el-estudio-de-marte\\\/\"]}]},{\"@type\":\"ImageObject\",\"inLanguage\":\"es\",\"@id\":\"https:\\\/\\\/fuentesfidedignas.com.mx\\\/index.php\\\/2025\\\/12\\\/16\\\/nasa-pierde-contacto-con-una-de-sus-naves-clave-en-el-estudio-de-marte\\\/#primaryimage\",\"url\":\"https:\\\/\\\/fuentesfidedignas.com.mx\\\/wp-content\\\/uploads\\\/2025\\\/12\\\/Captura-de-pantalla-68.jpg\",\"contentUrl\":\"https:\\\/\\\/fuentesfidedignas.com.mx\\\/wp-content\\\/uploads\\\/2025\\\/12\\\/Captura-de-pantalla-68.jpg\",\"width\":724,\"height\":467},{\"@type\":\"BreadcrumbList\",\"@id\":\"https:\\\/\\\/fuentesfidedignas.com.mx\\\/index.php\\\/2025\\\/12\\\/16\\\/nasa-pierde-contacto-con-una-de-sus-naves-clave-en-el-estudio-de-marte\\\/#breadcrumb\",\"itemListElement\":[{\"@type\":\"ListItem\",\"position\":1,\"name\":\"Inicio\",\"item\":\"https:\\\/\\\/fuentesfidedignas.com.mx\\\/\"},{\"@type\":\"ListItem\",\"position\":2,\"name\":\"NASA pierde contacto con una de sus naves clave en el estudio de Marte\"}]},{\"@type\":\"WebSite\",\"@id\":\"https:\\\/\\\/fuentesfidedignas.com.mx\\\/#website\",\"url\":\"https:\\\/\\\/fuentesfidedignas.com.mx\\\/\",\"name\":\"Fuentes Fidedignas\",\"description\":\"Otro sitio realizado con WordPress\",\"publisher\":{\"@id\":\"https:\\\/\\\/fuentesfidedignas.com.mx\\\/#organization\"},\"potentialAction\":[{\"@type\":\"SearchAction\",\"target\":{\"@type\":\"EntryPoint\",\"urlTemplate\":\"https:\\\/\\\/fuentesfidedignas.com.mx\\\/?s={search_term_string}\"},\"query-input\":{\"@type\":\"PropertyValueSpecification\",\"valueRequired\":true,\"valueName\":\"search_term_string\"}}],\"inLanguage\":\"es\"},{\"@type\":\"Organization\",\"@id\":\"https:\\\/\\\/fuentesfidedignas.com.mx\\\/#organization\",\"name\":\"Fuentes Fidedignas\",\"url\":\"https:\\\/\\\/fuentesfidedignas.com.mx\\\/\",\"logo\":{\"@type\":\"ImageObject\",\"inLanguage\":\"es\",\"@id\":\"https:\\\/\\\/fuentesfidedignas.com.mx\\\/#\\\/schema\\\/logo\\\/image\\\/\",\"url\":\"https:\\\/\\\/fuentesfidedignas.com.mx\\\/wp-content\\\/uploads\\\/2021\\\/04\\\/logo-retina.png\",\"contentUrl\":\"https:\\\/\\\/fuentesfidedignas.com.mx\\\/wp-content\\\/uploads\\\/2021\\\/04\\\/logo-retina.png\",\"width\":280,\"height\":51,\"caption\":\"Fuentes Fidedignas\"},\"image\":{\"@id\":\"https:\\\/\\\/fuentesfidedignas.com.mx\\\/#\\\/schema\\\/logo\\\/image\\\/\"},\"sameAs\":[\"https:\\\/\\\/www.facebook.com\\\/Fuentes-Fidedignas-368234489921644\",\"https:\\\/\\\/x.com\\\/fidedignas\"]},{\"@type\":\"Person\",\"@id\":\"https:\\\/\\\/fuentesfidedignas.com.mx\\\/#\\\/schema\\\/person\\\/ec4edd1fbf5efa3e44fce34fe2787780\",\"name\":\"Exc\u00e9lsior\",\"image\":{\"@type\":\"ImageObject\",\"inLanguage\":\"es\",\"@id\":\"https:\\\/\\\/secure.gravatar.com\\\/avatar\\\/4b7ee9206b48be08447852b3f0814dbc7c0f3b51541b164f1464a2725614020b?s=96&d=mm&r=g\",\"url\":\"https:\\\/\\\/secure.gravatar.com\\\/avatar\\\/4b7ee9206b48be08447852b3f0814dbc7c0f3b51541b164f1464a2725614020b?s=96&d=mm&r=g\",\"contentUrl\":\"https:\\\/\\\/secure.gravatar.com\\\/avatar\\\/4b7ee9206b48be08447852b3f0814dbc7c0f3b51541b164f1464a2725614020b?s=96&d=mm&r=g\",\"caption\":\"Exc\u00e9lsior\"},\"url\":\"https:\\\/\\\/fuentesfidedignas.com.mx\\\/index.php\\\/author\\\/excelsior\\\/\"}]}<\/script>\n<!-- \/ Yoast SEO plugin. -->","yoast_head_json":{"title":"NASA pierde contacto con una de sus naves clave en el estudio de Marte - Fuentes Fidedignas","robots":{"index":"index","follow":"follow","max-snippet":"max-snippet:-1","max-image-preview":"max-image-preview:large","max-video-preview":"max-video-preview:-1"},"canonical":"https:\/\/fuentesfidedignas.com.mx\/index.php\/2025\/12\/16\/nasa-pierde-contacto-con-una-de-sus-naves-clave-en-el-estudio-de-marte\/","og_locale":"es_MX","og_type":"article","og_title":"NASA pierde contacto con una de sus naves clave en el estudio de Marte - Fuentes Fidedignas","og_description":"La NASA confirm\u00f3 que el orbitador segu\u00eda sin comunicarse y que hab\u00edan activado protocolos de contingencia: barridos de frecuencia, intentos de env\u00edo de comandos a ciegas y an\u00e1lisis de las causas del fallo. La&nbsp;NASA&nbsp;atraviesa uno de los momentos m\u00e1s delicados de su presencia en&nbsp;Marte&nbsp;tras perder el contacto con&nbsp;MAVEN,&nbsp;el orbitador que desde 2014 ha sido una [&hellip;]","og_url":"https:\/\/fuentesfidedignas.com.mx\/index.php\/2025\/12\/16\/nasa-pierde-contacto-con-una-de-sus-naves-clave-en-el-estudio-de-marte\/","og_site_name":"Fuentes Fidedignas","article_publisher":"https:\/\/www.facebook.com\/Fuentes-Fidedignas-368234489921644","article_published_time":"2025-12-16T10:22:00+00:00","article_modified_time":"2025-12-16T13:11:22+00:00","og_image":[{"width":724,"height":467,"url":"https:\/\/fuentesfidedignas.com.mx\/wp-content\/uploads\/2025\/12\/Captura-de-pantalla-68.jpg","type":"image\/jpeg"}],"author":"Exc\u00e9lsior","twitter_card":"summary_large_image","twitter_creator":"@fidedignas","twitter_site":"@fidedignas","twitter_misc":{"Escrito por":"Exc\u00e9lsior","Tiempo de lectura":"5 minutos"},"schema":{"@context":"https:\/\/schema.org","@graph":[{"@type":"Article","@id":"https:\/\/fuentesfidedignas.com.mx\/index.php\/2025\/12\/16\/nasa-pierde-contacto-con-una-de-sus-naves-clave-en-el-estudio-de-marte\/#article","isPartOf":{"@id":"https:\/\/fuentesfidedignas.com.mx\/index.php\/2025\/12\/16\/nasa-pierde-contacto-con-una-de-sus-naves-clave-en-el-estudio-de-marte\/"},"author":{"name":"Exc\u00e9lsior","@id":"https:\/\/fuentesfidedignas.com.mx\/#\/schema\/person\/ec4edd1fbf5efa3e44fce34fe2787780"},"headline":"NASA pierde contacto con una de sus naves clave en el estudio de Marte","datePublished":"2025-12-16T10:22:00+00:00","dateModified":"2025-12-16T13:11:22+00:00","mainEntityOfPage":{"@id":"https:\/\/fuentesfidedignas.com.mx\/index.php\/2025\/12\/16\/nasa-pierde-contacto-con-una-de-sus-naves-clave-en-el-estudio-de-marte\/"},"wordCount":905,"commentCount":0,"publisher":{"@id":"https:\/\/fuentesfidedignas.com.mx\/#organization"},"image":{"@id":"https:\/\/fuentesfidedignas.com.mx\/index.php\/2025\/12\/16\/nasa-pierde-contacto-con-una-de-sus-naves-clave-en-el-estudio-de-marte\/#primaryimage"},"thumbnailUrl":"https:\/\/fuentesfidedignas.com.mx\/wp-content\/uploads\/2025\/12\/Captura-de-pantalla-68.jpg","articleSection":["LAS ASOMBROSAS"],"inLanguage":"es","potentialAction":[{"@type":"CommentAction","name":"Comment","target":["https:\/\/fuentesfidedignas.com.mx\/index.php\/2025\/12\/16\/nasa-pierde-contacto-con-una-de-sus-naves-clave-en-el-estudio-de-marte\/#respond"]}]},{"@type":"WebPage","@id":"https:\/\/fuentesfidedignas.com.mx\/index.php\/2025\/12\/16\/nasa-pierde-contacto-con-una-de-sus-naves-clave-en-el-estudio-de-marte\/","url":"https:\/\/fuentesfidedignas.com.mx\/index.php\/2025\/12\/16\/nasa-pierde-contacto-con-una-de-sus-naves-clave-en-el-estudio-de-marte\/","name":"NASA pierde contacto con una de sus naves clave en el estudio de Marte - Fuentes Fidedignas","isPartOf":{"@id":"https:\/\/fuentesfidedignas.com.mx\/#website"},"primaryImageOfPage":{"@id":"https:\/\/fuentesfidedignas.com.mx\/index.php\/2025\/12\/16\/nasa-pierde-contacto-con-una-de-sus-naves-clave-en-el-estudio-de-marte\/#primaryimage"},"image":{"@id":"https:\/\/fuentesfidedignas.com.mx\/index.php\/2025\/12\/16\/nasa-pierde-contacto-con-una-de-sus-naves-clave-en-el-estudio-de-marte\/#primaryimage"},"thumbnailUrl":"https:\/\/fuentesfidedignas.com.mx\/wp-content\/uploads\/2025\/12\/Captura-de-pantalla-68.jpg","datePublished":"2025-12-16T10:22:00+00:00","dateModified":"2025-12-16T13:11:22+00:00","breadcrumb":{"@id":"https:\/\/fuentesfidedignas.com.mx\/index.php\/2025\/12\/16\/nasa-pierde-contacto-con-una-de-sus-naves-clave-en-el-estudio-de-marte\/#breadcrumb"},"inLanguage":"es","potentialAction":[{"@type":"ReadAction","target":["https:\/\/fuentesfidedignas.com.mx\/index.php\/2025\/12\/16\/nasa-pierde-contacto-con-una-de-sus-naves-clave-en-el-estudio-de-marte\/"]}]},{"@type":"ImageObject","inLanguage":"es","@id":"https:\/\/fuentesfidedignas.com.mx\/index.php\/2025\/12\/16\/nasa-pierde-contacto-con-una-de-sus-naves-clave-en-el-estudio-de-marte\/#primaryimage","url":"https:\/\/fuentesfidedignas.com.mx\/wp-content\/uploads\/2025\/12\/Captura-de-pantalla-68.jpg","contentUrl":"https:\/\/fuentesfidedignas.com.mx\/wp-content\/uploads\/2025\/12\/Captura-de-pantalla-68.jpg","width":724,"height":467},{"@type":"BreadcrumbList","@id":"https:\/\/fuentesfidedignas.com.mx\/index.php\/2025\/12\/16\/nasa-pierde-contacto-con-una-de-sus-naves-clave-en-el-estudio-de-marte\/#breadcrumb","itemListElement":[{"@type":"ListItem","position":1,"name":"Inicio","item":"https:\/\/fuentesfidedignas.com.mx\/"},{"@type":"ListItem","position":2,"name":"NASA pierde contacto con una de sus naves clave en el estudio de Marte"}]},{"@type":"WebSite","@id":"https:\/\/fuentesfidedignas.com.mx\/#website","url":"https:\/\/fuentesfidedignas.com.mx\/","name":"Fuentes Fidedignas","description":"Otro sitio realizado con WordPress","publisher":{"@id":"https:\/\/fuentesfidedignas.com.mx\/#organization"},"potentialAction":[{"@type":"SearchAction","target":{"@type":"EntryPoint","urlTemplate":"https:\/\/fuentesfidedignas.com.mx\/?s={search_term_string}"},"query-input":{"@type":"PropertyValueSpecification","valueRequired":true,"valueName":"search_term_string"}}],"inLanguage":"es"},{"@type":"Organization","@id":"https:\/\/fuentesfidedignas.com.mx\/#organization","name":"Fuentes Fidedignas","url":"https:\/\/fuentesfidedignas.com.mx\/","logo":{"@type":"ImageObject","inLanguage":"es","@id":"https:\/\/fuentesfidedignas.com.mx\/#\/schema\/logo\/image\/","url":"https:\/\/fuentesfidedignas.com.mx\/wp-content\/uploads\/2021\/04\/logo-retina.png","contentUrl":"https:\/\/fuentesfidedignas.com.mx\/wp-content\/uploads\/2021\/04\/logo-retina.png","width":280,"height":51,"caption":"Fuentes Fidedignas"},"image":{"@id":"https:\/\/fuentesfidedignas.com.mx\/#\/schema\/logo\/image\/"},"sameAs":["https:\/\/www.facebook.com\/Fuentes-Fidedignas-368234489921644","https:\/\/x.com\/fidedignas"]},{"@type":"Person","@id":"https:\/\/fuentesfidedignas.com.mx\/#\/schema\/person\/ec4edd1fbf5efa3e44fce34fe2787780","name":"Exc\u00e9lsior","image":{"@type":"ImageObject","inLanguage":"es","@id":"https:\/\/secure.gravatar.com\/avatar\/4b7ee9206b48be08447852b3f0814dbc7c0f3b51541b164f1464a2725614020b?s=96&d=mm&r=g","url":"https:\/\/secure.gravatar.com\/avatar\/4b7ee9206b48be08447852b3f0814dbc7c0f3b51541b164f1464a2725614020b?s=96&d=mm&r=g","contentUrl":"https:\/\/secure.gravatar.com\/avatar\/4b7ee9206b48be08447852b3f0814dbc7c0f3b51541b164f1464a2725614020b?s=96&d=mm&r=g","caption":"Exc\u00e9lsior"},"url":"https:\/\/fuentesfidedignas.com.mx\/index.php\/author\/excelsior\/"}]}},"_links":{"self":[{"href":"https:\/\/fuentesfidedignas.com.mx\/index.php\/wp-json\/wp\/v2\/posts\/123806","targetHints":{"allow":["GET"]}}],"collection":[{"href":"https:\/\/fuentesfidedignas.com.mx\/index.php\/wp-json\/wp\/v2\/posts"}],"about":[{"href":"https:\/\/fuentesfidedignas.com.mx\/index.php\/wp-json\/wp\/v2\/types\/post"}],"author":[{"embeddable":true,"href":"https:\/\/fuentesfidedignas.com.mx\/index.php\/wp-json\/wp\/v2\/users\/7"}],"replies":[{"embeddable":true,"href":"https:\/\/fuentesfidedignas.com.mx\/index.php\/wp-json\/wp\/v2\/comments?post=123806"}],"version-history":[{"count":1,"href":"https:\/\/fuentesfidedignas.com.mx\/index.php\/wp-json\/wp\/v2\/posts\/123806\/revisions"}],"predecessor-version":[{"id":123808,"href":"https:\/\/fuentesfidedignas.com.mx\/index.php\/wp-json\/wp\/v2\/posts\/123806\/revisions\/123808"}],"wp:featuredmedia":[{"embeddable":true,"href":"https:\/\/fuentesfidedignas.com.mx\/index.php\/wp-json\/wp\/v2\/media\/123807"}],"wp:attachment":[{"href":"https:\/\/fuentesfidedignas.com.mx\/index.php\/wp-json\/wp\/v2\/media?parent=123806"}],"wp:term":[{"taxonomy":"category","embeddable":true,"href":"https:\/\/fuentesfidedignas.com.mx\/index.php\/wp-json\/wp\/v2\/categories?post=123806"},{"taxonomy":"post_tag","embeddable":true,"href":"https:\/\/fuentesfidedignas.com.mx\/index.php\/wp-json\/wp\/v2\/tags?post=123806"}],"curies":[{"name":"wp","href":"https:\/\/api.w.org\/{rel}","templated":true}]}}