{"id":123765,"date":"2025-12-15T06:11:00","date_gmt":"2025-12-15T13:11:00","guid":{"rendered":"https:\/\/fuentesfidedignas.com.mx\/?p=123765"},"modified":"2025-12-15T07:16:27","modified_gmt":"2025-12-15T14:16:27","slug":"pareja-se-vuelve-viral-en-redes-tras-celebrar-su-divorcio-no-hay-necesidad-de-odio-fotos","status":"publish","type":"post","link":"https:\/\/fuentesfidedignas.com.mx\/index.php\/2025\/12\/15\/pareja-se-vuelve-viral-en-redes-tras-celebrar-su-divorcio-no-hay-necesidad-de-odio-fotos\/","title":{"rendered":"Pareja se vuelve viral en redes tras celebrar su divorcio: &#8220;No hay necesidad de odio&#8221; | FOTOS"},"content":{"rendered":"\n<p><strong><em>En la publicaci\u00f3n, los ex esposos detallaron que seguir\u00e1n siendo grandes amigos por un prop\u00f3sito en com\u00fan.<\/em><\/strong><\/p>\n\n\n\n<p>Una pareja, de ahora ex esposos, se volvi\u00f3 viral en redes sociales tras anunciar su divorcio de una manera inesperada. Aunque decidieron dar por terminado su matrimonio, dejaron en claro que se mantendr\u00e1n como \u201camigos\u201d por un bien com\u00fan.<\/p>\n\n\n\n<p>La publicaci\u00f3n realizada por la usuaria de Facebook Faby Gonz\u00e1lez ha reunido cientos de reacciones, pues internautas aplauden que hayan decidido terminar su matrimonio de la mejor manera posible por el bien de su hija y nieta.<\/p>\n\n\n\n<p>Faby Gonz\u00e1lez comparti\u00f3 en su cuenta de Facebook una serie de fotograf\u00edas acompa\u00f1ado de su ahora ex esposo, en las im\u00e1genes se les puede ver acudiendo al registro civil a firmar el acta de divorcio.<\/p>\n\n\n\n<p>Muy contrastante a como otras parejas terminan sus matrimonios, ellos dos llegaron a las oficinas del registro civil tomados de la mano, incluso se dieron un beso y posaron con el acta de divorcio muy sonrientes los dos.<\/p>\n\n\n\n<p>La pareja, ahora solo de amigos, dej\u00f3 en claro que un matrimonio no tiene que terminar en malos t\u00e9rminos:<\/p>\n\n\n\n<p>\u201cAyer cerramos un ciclo de nuestras vidas, quedando e intentando seguir siendo grandes amigos, con un prop\u00f3sito en com\u00fan; \u2018nuestra hija y nuestra nieta\u2019. Demostrando que no hay necesidad de odio ni rencores, nos quedamos con lo mejor, desechamos lo que nos hizo da\u00f1o\u2026 Espero de coraz\u00f3n que siempre te vaya bien y que Dios te bendiga siempre. Feliz divorcio!!!\u201d, escribieron en su publicaci\u00f3n en Facebook.<\/p>\n\n\n\n<iframe loading=\"lazy\" src=\"https:\/\/www.facebook.com\/plugins\/post.php?href=https%3A%2F%2Fwww.facebook.com%2Ffaby.gonzalez.3511%2Fposts%2Fpfbid02iGasTc5zkyKGFBYJLhPbmZ9LKTfZGHs3fmbTWbHj99NM3FsVUMjHvwvsbk7XPkKil&#038;show_text=true&#038;width=500\" width=\"500\" height=\"250\" style=\"border:none;overflow:hidden\" scrolling=\"no\" frameborder=\"0\" allowfullscreen=\"true\" allow=\"autoplay; clipboard-write; encrypted-media; picture-in-picture; web-share\"><\/iframe>\n\n\n\n<p>En redes sociales, usuarios calificaron como madura la decisi\u00f3n tomada por la pareja y aplaudieron que lo hayan hecho de manera tranquila.<\/p>\n\n\n\n<ul class=\"wp-block-list\">\n<li>&#8220;Por el bien de ambos la decisi\u00f3n fue buena con los t\u00e9rminos que acordaron, recuerden que deber\u00e1n seguir trabajando por su hija y nieta. Un abrazo a ambos&#8221;<\/li>\n\n\n\n<li>&#8220;Igualmente que dios te bendiga siempre&#8221;<\/li>\n\n\n\n<li>&#8220;Que bonito que sea en esos t\u00e9rminos amiga., bendiciones a los 2&#8221;<\/li>\n\n\n\n<li>&#8220;Eso se llama madurez emocional de ambos&#8221;<\/li>\n\n\n\n<li>&#8220;Hay que festejar ma, muchas felicidades y que bien que quedaron en buenos t\u00e9rminos x el bien de su hija y principalmente de su nieta saludos y felicidades a los dos<\/li>\n\n\n\n<li>&#8220;\u00c9xito para las los dos en cada uno de sus proyectos. Y que padre verlos llevarse bien. Abrazo&#8221;<\/li>\n\n\n\n<li>&#8220;As\u00ed es porq terminar mal y lo q no se puede continuar bien es mejor cerrar un ciclo, y bien dicho q por tienen una hija y seguir con la amistad por el bien de ella felicidades&#8221;, se puede leer en los comentarios de la publicaci\u00f3n.<\/li>\n<\/ul>\n","protected":false},"excerpt":{"rendered":"<p>En la publicaci\u00f3n, los ex esposos detallaron que seguir\u00e1n siendo grandes amigos por un prop\u00f3sito en com\u00fan. Una pareja, de ahora ex esposos, se volvi\u00f3 viral en redes sociales tras anunciar su divorcio de una manera inesperada. Aunque decidieron dar por terminado su matrimonio, dejaron en claro que se mantendr\u00e1n como \u201camigos\u201d por un bien [&hellip;]<\/p>\n","protected":false},"author":9,"featured_media":123766,"comment_status":"open","ping_status":"open","sticky":false,"template":"","format":"standard","meta":{"tdm_status":"","tdm_grid_status":"","footnotes":""},"categories":[40],"tags":[],"class_list":{"0":"post-123765","1":"post","2":"type-post","3":"status-publish","4":"format-standard","5":"has-post-thumbnail","7":"category-las-asombrosas"},"yoast_head":"<!-- This site is optimized with the Yoast SEO plugin v27.4 - https:\/\/yoast.com\/product\/yoast-seo-wordpress\/ -->\n<title>Pareja se vuelve viral en redes tras celebrar su divorcio: &quot;No hay necesidad de odio&quot; | FOTOS - Fuentes Fidedignas<\/title>\n<meta name=\"robots\" content=\"index, follow, max-snippet:-1, max-image-preview:large, max-video-preview:-1\" \/>\n<link rel=\"canonical\" href=\"https:\/\/fuentesfidedignas.com.mx\/index.php\/2025\/12\/15\/pareja-se-vuelve-viral-en-redes-tras-celebrar-su-divorcio-no-hay-necesidad-de-odio-fotos\/\" \/>\n<meta property=\"og:locale\" content=\"es_MX\" \/>\n<meta property=\"og:type\" content=\"article\" \/>\n<meta property=\"og:title\" content=\"Pareja se vuelve viral en redes tras celebrar su divorcio: &quot;No hay necesidad de odio&quot; | FOTOS - Fuentes Fidedignas\" \/>\n<meta property=\"og:description\" content=\"En la publicaci\u00f3n, los ex esposos detallaron que seguir\u00e1n siendo grandes amigos por un prop\u00f3sito en com\u00fan. Una pareja, de ahora ex esposos, se volvi\u00f3 viral en redes sociales tras anunciar su divorcio de una manera inesperada. Aunque decidieron dar por terminado su matrimonio, dejaron en claro que se mantendr\u00e1n como \u201camigos\u201d por un bien [&hellip;]\" \/>\n<meta property=\"og:url\" content=\"https:\/\/fuentesfidedignas.com.mx\/index.php\/2025\/12\/15\/pareja-se-vuelve-viral-en-redes-tras-celebrar-su-divorcio-no-hay-necesidad-de-odio-fotos\/\" \/>\n<meta property=\"og:site_name\" content=\"Fuentes Fidedignas\" \/>\n<meta property=\"article:publisher\" content=\"https:\/\/www.facebook.com\/Fuentes-Fidedignas-368234489921644\" \/>\n<meta property=\"article:published_time\" content=\"2025-12-15T13:11:00+00:00\" \/>\n<meta property=\"article:modified_time\" content=\"2025-12-15T14:16:27+00:00\" \/>\n<meta property=\"og:image\" content=\"https:\/\/fuentesfidedignas.com.mx\/wp-content\/uploads\/2025\/12\/pareja-celebra-divorcio-redes-sociales.jpg\" \/>\n\t<meta property=\"og:image:width\" content=\"500\" \/>\n\t<meta property=\"og:image:height\" content=\"282\" \/>\n\t<meta property=\"og:image:type\" content=\"image\/jpeg\" \/>\n<meta name=\"author\" content=\"Milenio\" \/>\n<meta name=\"twitter:card\" content=\"summary_large_image\" \/>\n<meta name=\"twitter:creator\" content=\"@fidedignas\" \/>\n<meta name=\"twitter:site\" content=\"@fidedignas\" \/>\n<meta name=\"twitter:label1\" content=\"Escrito por\" \/>\n\t<meta name=\"twitter:data1\" content=\"Milenio\" \/>\n\t<meta name=\"twitter:label2\" content=\"Tiempo de lectura\" \/>\n\t<meta name=\"twitter:data2\" content=\"3 minutos\" \/>\n<script type=\"application\/ld+json\" class=\"yoast-schema-graph\">{\"@context\":\"https:\\\/\\\/schema.org\",\"@graph\":[{\"@type\":\"Article\",\"@id\":\"https:\\\/\\\/fuentesfidedignas.com.mx\\\/index.php\\\/2025\\\/12\\\/15\\\/pareja-se-vuelve-viral-en-redes-tras-celebrar-su-divorcio-no-hay-necesidad-de-odio-fotos\\\/#article\",\"isPartOf\":{\"@id\":\"https:\\\/\\\/fuentesfidedignas.com.mx\\\/index.php\\\/2025\\\/12\\\/15\\\/pareja-se-vuelve-viral-en-redes-tras-celebrar-su-divorcio-no-hay-necesidad-de-odio-fotos\\\/\"},\"author\":{\"name\":\"Milenio\",\"@id\":\"https:\\\/\\\/fuentesfidedignas.com.mx\\\/#\\\/schema\\\/person\\\/47ec0135738f4b0c7495f06a77a2c976\"},\"headline\":\"Pareja se vuelve viral en redes tras celebrar su divorcio: &#8220;No hay necesidad de odio&#8221; | FOTOS\",\"datePublished\":\"2025-12-15T13:11:00+00:00\",\"dateModified\":\"2025-12-15T14:16:27+00:00\",\"mainEntityOfPage\":{\"@id\":\"https:\\\/\\\/fuentesfidedignas.com.mx\\\/index.php\\\/2025\\\/12\\\/15\\\/pareja-se-vuelve-viral-en-redes-tras-celebrar-su-divorcio-no-hay-necesidad-de-odio-fotos\\\/\"},\"wordCount\":461,\"commentCount\":0,\"publisher\":{\"@id\":\"https:\\\/\\\/fuentesfidedignas.com.mx\\\/#organization\"},\"image\":{\"@id\":\"https:\\\/\\\/fuentesfidedignas.com.mx\\\/index.php\\\/2025\\\/12\\\/15\\\/pareja-se-vuelve-viral-en-redes-tras-celebrar-su-divorcio-no-hay-necesidad-de-odio-fotos\\\/#primaryimage\"},\"thumbnailUrl\":\"https:\\\/\\\/fuentesfidedignas.com.mx\\\/wp-content\\\/uploads\\\/2025\\\/12\\\/pareja-celebra-divorcio-redes-sociales.jpg\",\"articleSection\":[\"LAS ASOMBROSAS\"],\"inLanguage\":\"es\",\"potentialAction\":[{\"@type\":\"CommentAction\",\"name\":\"Comment\",\"target\":[\"https:\\\/\\\/fuentesfidedignas.com.mx\\\/index.php\\\/2025\\\/12\\\/15\\\/pareja-se-vuelve-viral-en-redes-tras-celebrar-su-divorcio-no-hay-necesidad-de-odio-fotos\\\/#respond\"]}]},{\"@type\":\"WebPage\",\"@id\":\"https:\\\/\\\/fuentesfidedignas.com.mx\\\/index.php\\\/2025\\\/12\\\/15\\\/pareja-se-vuelve-viral-en-redes-tras-celebrar-su-divorcio-no-hay-necesidad-de-odio-fotos\\\/\",\"url\":\"https:\\\/\\\/fuentesfidedignas.com.mx\\\/index.php\\\/2025\\\/12\\\/15\\\/pareja-se-vuelve-viral-en-redes-tras-celebrar-su-divorcio-no-hay-necesidad-de-odio-fotos\\\/\",\"name\":\"Pareja se vuelve viral en redes tras celebrar su divorcio: \\\"No hay necesidad de odio\\\" | FOTOS - Fuentes Fidedignas\",\"isPartOf\":{\"@id\":\"https:\\\/\\\/fuentesfidedignas.com.mx\\\/#website\"},\"primaryImageOfPage\":{\"@id\":\"https:\\\/\\\/fuentesfidedignas.com.mx\\\/index.php\\\/2025\\\/12\\\/15\\\/pareja-se-vuelve-viral-en-redes-tras-celebrar-su-divorcio-no-hay-necesidad-de-odio-fotos\\\/#primaryimage\"},\"image\":{\"@id\":\"https:\\\/\\\/fuentesfidedignas.com.mx\\\/index.php\\\/2025\\\/12\\\/15\\\/pareja-se-vuelve-viral-en-redes-tras-celebrar-su-divorcio-no-hay-necesidad-de-odio-fotos\\\/#primaryimage\"},\"thumbnailUrl\":\"https:\\\/\\\/fuentesfidedignas.com.mx\\\/wp-content\\\/uploads\\\/2025\\\/12\\\/pareja-celebra-divorcio-redes-sociales.jpg\",\"datePublished\":\"2025-12-15T13:11:00+00:00\",\"dateModified\":\"2025-12-15T14:16:27+00:00\",\"breadcrumb\":{\"@id\":\"https:\\\/\\\/fuentesfidedignas.com.mx\\\/index.php\\\/2025\\\/12\\\/15\\\/pareja-se-vuelve-viral-en-redes-tras-celebrar-su-divorcio-no-hay-necesidad-de-odio-fotos\\\/#breadcrumb\"},\"inLanguage\":\"es\",\"potentialAction\":[{\"@type\":\"ReadAction\",\"target\":[\"https:\\\/\\\/fuentesfidedignas.com.mx\\\/index.php\\\/2025\\\/12\\\/15\\\/pareja-se-vuelve-viral-en-redes-tras-celebrar-su-divorcio-no-hay-necesidad-de-odio-fotos\\\/\"]}]},{\"@type\":\"ImageObject\",\"inLanguage\":\"es\",\"@id\":\"https:\\\/\\\/fuentesfidedignas.com.mx\\\/index.php\\\/2025\\\/12\\\/15\\\/pareja-se-vuelve-viral-en-redes-tras-celebrar-su-divorcio-no-hay-necesidad-de-odio-fotos\\\/#primaryimage\",\"url\":\"https:\\\/\\\/fuentesfidedignas.com.mx\\\/wp-content\\\/uploads\\\/2025\\\/12\\\/pareja-celebra-divorcio-redes-sociales.jpg\",\"contentUrl\":\"https:\\\/\\\/fuentesfidedignas.com.mx\\\/wp-content\\\/uploads\\\/2025\\\/12\\\/pareja-celebra-divorcio-redes-sociales.jpg\",\"width\":500,\"height\":282},{\"@type\":\"BreadcrumbList\",\"@id\":\"https:\\\/\\\/fuentesfidedignas.com.mx\\\/index.php\\\/2025\\\/12\\\/15\\\/pareja-se-vuelve-viral-en-redes-tras-celebrar-su-divorcio-no-hay-necesidad-de-odio-fotos\\\/#breadcrumb\",\"itemListElement\":[{\"@type\":\"ListItem\",\"position\":1,\"name\":\"Inicio\",\"item\":\"https:\\\/\\\/fuentesfidedignas.com.mx\\\/\"},{\"@type\":\"ListItem\",\"position\":2,\"name\":\"Pareja se vuelve viral en redes tras celebrar su divorcio: &#8220;No hay necesidad de odio&#8221; | FOTOS\"}]},{\"@type\":\"WebSite\",\"@id\":\"https:\\\/\\\/fuentesfidedignas.com.mx\\\/#website\",\"url\":\"https:\\\/\\\/fuentesfidedignas.com.mx\\\/\",\"name\":\"Fuentes Fidedignas\",\"description\":\"Otro sitio realizado con WordPress\",\"publisher\":{\"@id\":\"https:\\\/\\\/fuentesfidedignas.com.mx\\\/#organization\"},\"potentialAction\":[{\"@type\":\"SearchAction\",\"target\":{\"@type\":\"EntryPoint\",\"urlTemplate\":\"https:\\\/\\\/fuentesfidedignas.com.mx\\\/?s={search_term_string}\"},\"query-input\":{\"@type\":\"PropertyValueSpecification\",\"valueRequired\":true,\"valueName\":\"search_term_string\"}}],\"inLanguage\":\"es\"},{\"@type\":\"Organization\",\"@id\":\"https:\\\/\\\/fuentesfidedignas.com.mx\\\/#organization\",\"name\":\"Fuentes Fidedignas\",\"url\":\"https:\\\/\\\/fuentesfidedignas.com.mx\\\/\",\"logo\":{\"@type\":\"ImageObject\",\"inLanguage\":\"es\",\"@id\":\"https:\\\/\\\/fuentesfidedignas.com.mx\\\/#\\\/schema\\\/logo\\\/image\\\/\",\"url\":\"https:\\\/\\\/fuentesfidedignas.com.mx\\\/wp-content\\\/uploads\\\/2021\\\/04\\\/logo-retina.png\",\"contentUrl\":\"https:\\\/\\\/fuentesfidedignas.com.mx\\\/wp-content\\\/uploads\\\/2021\\\/04\\\/logo-retina.png\",\"width\":280,\"height\":51,\"caption\":\"Fuentes Fidedignas\"},\"image\":{\"@id\":\"https:\\\/\\\/fuentesfidedignas.com.mx\\\/#\\\/schema\\\/logo\\\/image\\\/\"},\"sameAs\":[\"https:\\\/\\\/www.facebook.com\\\/Fuentes-Fidedignas-368234489921644\",\"https:\\\/\\\/x.com\\\/fidedignas\"]},{\"@type\":\"Person\",\"@id\":\"https:\\\/\\\/fuentesfidedignas.com.mx\\\/#\\\/schema\\\/person\\\/47ec0135738f4b0c7495f06a77a2c976\",\"name\":\"Milenio\",\"image\":{\"@type\":\"ImageObject\",\"inLanguage\":\"es\",\"@id\":\"https:\\\/\\\/secure.gravatar.com\\\/avatar\\\/acabf7b54753e51c2c76457954577c236b3b764789b19879565769739d1e4a75?s=96&d=mm&r=g\",\"url\":\"https:\\\/\\\/secure.gravatar.com\\\/avatar\\\/acabf7b54753e51c2c76457954577c236b3b764789b19879565769739d1e4a75?s=96&d=mm&r=g\",\"contentUrl\":\"https:\\\/\\\/secure.gravatar.com\\\/avatar\\\/acabf7b54753e51c2c76457954577c236b3b764789b19879565769739d1e4a75?s=96&d=mm&r=g\",\"caption\":\"Milenio\"},\"url\":\"https:\\\/\\\/fuentesfidedignas.com.mx\\\/index.php\\\/author\\\/milenio\\\/\"}]}<\/script>\n<!-- \/ Yoast SEO plugin. -->","yoast_head_json":{"title":"Pareja se vuelve viral en redes tras celebrar su divorcio: \"No hay necesidad de odio\" | FOTOS - Fuentes Fidedignas","robots":{"index":"index","follow":"follow","max-snippet":"max-snippet:-1","max-image-preview":"max-image-preview:large","max-video-preview":"max-video-preview:-1"},"canonical":"https:\/\/fuentesfidedignas.com.mx\/index.php\/2025\/12\/15\/pareja-se-vuelve-viral-en-redes-tras-celebrar-su-divorcio-no-hay-necesidad-de-odio-fotos\/","og_locale":"es_MX","og_type":"article","og_title":"Pareja se vuelve viral en redes tras celebrar su divorcio: \"No hay necesidad de odio\" | FOTOS - Fuentes Fidedignas","og_description":"En la publicaci\u00f3n, los ex esposos detallaron que seguir\u00e1n siendo grandes amigos por un prop\u00f3sito en com\u00fan. Una pareja, de ahora ex esposos, se volvi\u00f3 viral en redes sociales tras anunciar su divorcio de una manera inesperada. Aunque decidieron dar por terminado su matrimonio, dejaron en claro que se mantendr\u00e1n como \u201camigos\u201d por un bien [&hellip;]","og_url":"https:\/\/fuentesfidedignas.com.mx\/index.php\/2025\/12\/15\/pareja-se-vuelve-viral-en-redes-tras-celebrar-su-divorcio-no-hay-necesidad-de-odio-fotos\/","og_site_name":"Fuentes Fidedignas","article_publisher":"https:\/\/www.facebook.com\/Fuentes-Fidedignas-368234489921644","article_published_time":"2025-12-15T13:11:00+00:00","article_modified_time":"2025-12-15T14:16:27+00:00","og_image":[{"width":500,"height":282,"url":"https:\/\/fuentesfidedignas.com.mx\/wp-content\/uploads\/2025\/12\/pareja-celebra-divorcio-redes-sociales.jpg","type":"image\/jpeg"}],"author":"Milenio","twitter_card":"summary_large_image","twitter_creator":"@fidedignas","twitter_site":"@fidedignas","twitter_misc":{"Escrito por":"Milenio","Tiempo de lectura":"3 minutos"},"schema":{"@context":"https:\/\/schema.org","@graph":[{"@type":"Article","@id":"https:\/\/fuentesfidedignas.com.mx\/index.php\/2025\/12\/15\/pareja-se-vuelve-viral-en-redes-tras-celebrar-su-divorcio-no-hay-necesidad-de-odio-fotos\/#article","isPartOf":{"@id":"https:\/\/fuentesfidedignas.com.mx\/index.php\/2025\/12\/15\/pareja-se-vuelve-viral-en-redes-tras-celebrar-su-divorcio-no-hay-necesidad-de-odio-fotos\/"},"author":{"name":"Milenio","@id":"https:\/\/fuentesfidedignas.com.mx\/#\/schema\/person\/47ec0135738f4b0c7495f06a77a2c976"},"headline":"Pareja se vuelve viral en redes tras celebrar su divorcio: &#8220;No hay necesidad de odio&#8221; | FOTOS","datePublished":"2025-12-15T13:11:00+00:00","dateModified":"2025-12-15T14:16:27+00:00","mainEntityOfPage":{"@id":"https:\/\/fuentesfidedignas.com.mx\/index.php\/2025\/12\/15\/pareja-se-vuelve-viral-en-redes-tras-celebrar-su-divorcio-no-hay-necesidad-de-odio-fotos\/"},"wordCount":461,"commentCount":0,"publisher":{"@id":"https:\/\/fuentesfidedignas.com.mx\/#organization"},"image":{"@id":"https:\/\/fuentesfidedignas.com.mx\/index.php\/2025\/12\/15\/pareja-se-vuelve-viral-en-redes-tras-celebrar-su-divorcio-no-hay-necesidad-de-odio-fotos\/#primaryimage"},"thumbnailUrl":"https:\/\/fuentesfidedignas.com.mx\/wp-content\/uploads\/2025\/12\/pareja-celebra-divorcio-redes-sociales.jpg","articleSection":["LAS ASOMBROSAS"],"inLanguage":"es","potentialAction":[{"@type":"CommentAction","name":"Comment","target":["https:\/\/fuentesfidedignas.com.mx\/index.php\/2025\/12\/15\/pareja-se-vuelve-viral-en-redes-tras-celebrar-su-divorcio-no-hay-necesidad-de-odio-fotos\/#respond"]}]},{"@type":"WebPage","@id":"https:\/\/fuentesfidedignas.com.mx\/index.php\/2025\/12\/15\/pareja-se-vuelve-viral-en-redes-tras-celebrar-su-divorcio-no-hay-necesidad-de-odio-fotos\/","url":"https:\/\/fuentesfidedignas.com.mx\/index.php\/2025\/12\/15\/pareja-se-vuelve-viral-en-redes-tras-celebrar-su-divorcio-no-hay-necesidad-de-odio-fotos\/","name":"Pareja se vuelve viral en redes tras celebrar su divorcio: \"No hay necesidad de odio\" | FOTOS - Fuentes Fidedignas","isPartOf":{"@id":"https:\/\/fuentesfidedignas.com.mx\/#website"},"primaryImageOfPage":{"@id":"https:\/\/fuentesfidedignas.com.mx\/index.php\/2025\/12\/15\/pareja-se-vuelve-viral-en-redes-tras-celebrar-su-divorcio-no-hay-necesidad-de-odio-fotos\/#primaryimage"},"image":{"@id":"https:\/\/fuentesfidedignas.com.mx\/index.php\/2025\/12\/15\/pareja-se-vuelve-viral-en-redes-tras-celebrar-su-divorcio-no-hay-necesidad-de-odio-fotos\/#primaryimage"},"thumbnailUrl":"https:\/\/fuentesfidedignas.com.mx\/wp-content\/uploads\/2025\/12\/pareja-celebra-divorcio-redes-sociales.jpg","datePublished":"2025-12-15T13:11:00+00:00","dateModified":"2025-12-15T14:16:27+00:00","breadcrumb":{"@id":"https:\/\/fuentesfidedignas.com.mx\/index.php\/2025\/12\/15\/pareja-se-vuelve-viral-en-redes-tras-celebrar-su-divorcio-no-hay-necesidad-de-odio-fotos\/#breadcrumb"},"inLanguage":"es","potentialAction":[{"@type":"ReadAction","target":["https:\/\/fuentesfidedignas.com.mx\/index.php\/2025\/12\/15\/pareja-se-vuelve-viral-en-redes-tras-celebrar-su-divorcio-no-hay-necesidad-de-odio-fotos\/"]}]},{"@type":"ImageObject","inLanguage":"es","@id":"https:\/\/fuentesfidedignas.com.mx\/index.php\/2025\/12\/15\/pareja-se-vuelve-viral-en-redes-tras-celebrar-su-divorcio-no-hay-necesidad-de-odio-fotos\/#primaryimage","url":"https:\/\/fuentesfidedignas.com.mx\/wp-content\/uploads\/2025\/12\/pareja-celebra-divorcio-redes-sociales.jpg","contentUrl":"https:\/\/fuentesfidedignas.com.mx\/wp-content\/uploads\/2025\/12\/pareja-celebra-divorcio-redes-sociales.jpg","width":500,"height":282},{"@type":"BreadcrumbList","@id":"https:\/\/fuentesfidedignas.com.mx\/index.php\/2025\/12\/15\/pareja-se-vuelve-viral-en-redes-tras-celebrar-su-divorcio-no-hay-necesidad-de-odio-fotos\/#breadcrumb","itemListElement":[{"@type":"ListItem","position":1,"name":"Inicio","item":"https:\/\/fuentesfidedignas.com.mx\/"},{"@type":"ListItem","position":2,"name":"Pareja se vuelve viral en redes tras celebrar su divorcio: &#8220;No hay necesidad de odio&#8221; | FOTOS"}]},{"@type":"WebSite","@id":"https:\/\/fuentesfidedignas.com.mx\/#website","url":"https:\/\/fuentesfidedignas.com.mx\/","name":"Fuentes Fidedignas","description":"Otro sitio realizado con WordPress","publisher":{"@id":"https:\/\/fuentesfidedignas.com.mx\/#organization"},"potentialAction":[{"@type":"SearchAction","target":{"@type":"EntryPoint","urlTemplate":"https:\/\/fuentesfidedignas.com.mx\/?s={search_term_string}"},"query-input":{"@type":"PropertyValueSpecification","valueRequired":true,"valueName":"search_term_string"}}],"inLanguage":"es"},{"@type":"Organization","@id":"https:\/\/fuentesfidedignas.com.mx\/#organization","name":"Fuentes Fidedignas","url":"https:\/\/fuentesfidedignas.com.mx\/","logo":{"@type":"ImageObject","inLanguage":"es","@id":"https:\/\/fuentesfidedignas.com.mx\/#\/schema\/logo\/image\/","url":"https:\/\/fuentesfidedignas.com.mx\/wp-content\/uploads\/2021\/04\/logo-retina.png","contentUrl":"https:\/\/fuentesfidedignas.com.mx\/wp-content\/uploads\/2021\/04\/logo-retina.png","width":280,"height":51,"caption":"Fuentes Fidedignas"},"image":{"@id":"https:\/\/fuentesfidedignas.com.mx\/#\/schema\/logo\/image\/"},"sameAs":["https:\/\/www.facebook.com\/Fuentes-Fidedignas-368234489921644","https:\/\/x.com\/fidedignas"]},{"@type":"Person","@id":"https:\/\/fuentesfidedignas.com.mx\/#\/schema\/person\/47ec0135738f4b0c7495f06a77a2c976","name":"Milenio","image":{"@type":"ImageObject","inLanguage":"es","@id":"https:\/\/secure.gravatar.com\/avatar\/acabf7b54753e51c2c76457954577c236b3b764789b19879565769739d1e4a75?s=96&d=mm&r=g","url":"https:\/\/secure.gravatar.com\/avatar\/acabf7b54753e51c2c76457954577c236b3b764789b19879565769739d1e4a75?s=96&d=mm&r=g","contentUrl":"https:\/\/secure.gravatar.com\/avatar\/acabf7b54753e51c2c76457954577c236b3b764789b19879565769739d1e4a75?s=96&d=mm&r=g","caption":"Milenio"},"url":"https:\/\/fuentesfidedignas.com.mx\/index.php\/author\/milenio\/"}]}},"_links":{"self":[{"href":"https:\/\/fuentesfidedignas.com.mx\/index.php\/wp-json\/wp\/v2\/posts\/123765","targetHints":{"allow":["GET"]}}],"collection":[{"href":"https:\/\/fuentesfidedignas.com.mx\/index.php\/wp-json\/wp\/v2\/posts"}],"about":[{"href":"https:\/\/fuentesfidedignas.com.mx\/index.php\/wp-json\/wp\/v2\/types\/post"}],"author":[{"embeddable":true,"href":"https:\/\/fuentesfidedignas.com.mx\/index.php\/wp-json\/wp\/v2\/users\/9"}],"replies":[{"embeddable":true,"href":"https:\/\/fuentesfidedignas.com.mx\/index.php\/wp-json\/wp\/v2\/comments?post=123765"}],"version-history":[{"count":2,"href":"https:\/\/fuentesfidedignas.com.mx\/index.php\/wp-json\/wp\/v2\/posts\/123765\/revisions"}],"predecessor-version":[{"id":123768,"href":"https:\/\/fuentesfidedignas.com.mx\/index.php\/wp-json\/wp\/v2\/posts\/123765\/revisions\/123768"}],"wp:featuredmedia":[{"embeddable":true,"href":"https:\/\/fuentesfidedignas.com.mx\/index.php\/wp-json\/wp\/v2\/media\/123766"}],"wp:attachment":[{"href":"https:\/\/fuentesfidedignas.com.mx\/index.php\/wp-json\/wp\/v2\/media?parent=123765"}],"wp:term":[{"taxonomy":"category","embeddable":true,"href":"https:\/\/fuentesfidedignas.com.mx\/index.php\/wp-json\/wp\/v2\/categories?post=123765"},{"taxonomy":"post_tag","embeddable":true,"href":"https:\/\/fuentesfidedignas.com.mx\/index.php\/wp-json\/wp\/v2\/tags?post=123765"}],"curies":[{"name":"wp","href":"https:\/\/api.w.org\/{rel}","templated":true}]}}