{"id":123753,"date":"2025-12-15T06:53:26","date_gmt":"2025-12-15T13:53:26","guid":{"rendered":"https:\/\/fuentesfidedignas.com.mx\/?p=123753"},"modified":"2025-12-15T07:10:07","modified_gmt":"2025-12-15T14:10:07","slug":"corea-del-sur-abre-un-cafe-en-diciembre-inspirado-en-el-cumpleanos-de-jesus","status":"publish","type":"post","link":"https:\/\/fuentesfidedignas.com.mx\/index.php\/2025\/12\/15\/corea-del-sur-abre-un-cafe-en-diciembre-inspirado-en-el-cumpleanos-de-jesus\/","title":{"rendered":"Corea del Sur abre un caf\u00e9 en diciembre inspirado en el cumplea\u00f1os de Jes\u00fas"},"content":{"rendered":"\n<p><strong><em>En redes sociales, los comentarios han sido diversos. Mientras algunos usuarios celebran la creatividad y el respeto con el que se aborda la tem\u00e1tica<\/em><\/strong><\/p>\n\n\n\n<p>COREA DEL SUR-. En medio de las celebraciones decembrinas, un video difundido en redes sociales ha llamado la atenci\u00f3n de miles de usuarios alrededor del mundo al mostrar una propuesta poco convencional surgida en Corea del Sur: la apertura de un caf\u00e9 tem\u00e1tico inspirado en el cumplea\u00f1os de Jes\u00fas, el cual r\u00e1pidamente se volvi\u00f3 viral por su est\u00e9tica, concepto y experiencia para los visitantes.<\/p>\n\n\n\n<p>Bajo el nombre Jesus Birthday Cafe 2025, este espacio especial abri\u00f3 sus puertas durante diciembre en tres ciudades del pa\u00eds asi\u00e1tico: Se\u00fal, Busan y Gongju, convirti\u00e9ndose en un punto de encuentro tanto para creyentes como para curiosos que buscan vivir una Navidad diferente. Las im\u00e1genes compartidas en plataformas digitales muestran largas filas, decoraci\u00f3n celestial y una atm\u00f3sfera que mezcla lo religioso con la cultura pop.<\/p>\n\n\n\n<p><strong>Una experiencia navide\u00f1a fuera de lo com\u00fan<\/strong><\/p>\n\n\n\n<p>De acuerdo con los videos y publicaciones que circulan en redes, todos los visitantes reciben dos photocards de Jes\u00fas completamente gratis al ingresar. Adem\u00e1s, con la compra de cualquier bebida, el caf\u00e9 entrega una serie de obsequios especiales: una foto tipo credencial de Jes\u00fas, una vara de animaci\u00f3n, una postal conmemorativa y una bolsa de compras, elementos que han sido ampliamente compartidos por los asistentes.<\/p>\n\n\n\n<p>El lugar tambi\u00e9n cuenta con figuras de tama\u00f1o real, sets para fotograf\u00edas con tem\u00e1tica celestial, posters de Jes\u00fas y una amplia variedad de art\u00edculos navide\u00f1os, dise\u00f1ados para que los visitantes documenten su experiencia y la compartan en redes sociales. Esta combinaci\u00f3n visual ha sido clave para que el caf\u00e9 se posicione como un fen\u00f3meno viral.<\/p>\n\n\n\n<p>Como parte de la din\u00e1mica, el recinto organiza el Evento del Quiz Navide\u00f1o, una actividad interactiva en la que los participantes pueden ganar insignias exclusivas, lo que a\u00f1ade un componente l\u00fadico a la visita y refuerza el car\u00e1cter comunitario del evento.<\/p>\n\n\n\n<p>En redes sociales, los comentarios han sido diversos. Mientras algunos usuarios celebran la creatividad y el respeto con el que se aborda la tem\u00e1tica, otros se muestran sorprendidos por la originalidad del concepto en un pa\u00eds donde el cristianismo convive con m\u00faltiples tradiciones religiosas.<\/p>\n\n\n\n<p>El Jesus Birthday Cafe 2025 demuestra c\u00f3mo las celebraciones navide\u00f1as contin\u00faan reinvent\u00e1ndose, combinando fe, cultura visual y redes sociales para crear experiencias que trascienden fronteras y generan conversaci\u00f3n global.<\/p>\n","protected":false},"excerpt":{"rendered":"<p>En redes sociales, los comentarios han sido diversos. Mientras algunos usuarios celebran la creatividad y el respeto con el que se aborda la tem\u00e1tica COREA DEL SUR-. En medio de las celebraciones decembrinas, un video difundido en redes sociales ha llamado la atenci\u00f3n de miles de usuarios alrededor del mundo al mostrar una propuesta poco [&hellip;]<\/p>\n","protected":false},"author":40,"featured_media":123754,"comment_status":"open","ping_status":"open","sticky":false,"template":"","format":"standard","meta":{"tdm_status":"","tdm_grid_status":"","footnotes":""},"categories":[40],"tags":[],"class_list":{"0":"post-123753","1":"post","2":"type-post","3":"status-publish","4":"format-standard","5":"has-post-thumbnail","7":"category-las-asombrosas"},"yoast_head":"<!-- This site is optimized with the Yoast SEO plugin v27.4 - https:\/\/yoast.com\/product\/yoast-seo-wordpress\/ -->\n<title>Corea del Sur abre un caf\u00e9 en diciembre inspirado en el cumplea\u00f1os de Jes\u00fas - Fuentes Fidedignas<\/title>\n<meta name=\"robots\" content=\"index, follow, max-snippet:-1, max-image-preview:large, max-video-preview:-1\" \/>\n<link rel=\"canonical\" href=\"https:\/\/fuentesfidedignas.com.mx\/index.php\/2025\/12\/15\/corea-del-sur-abre-un-cafe-en-diciembre-inspirado-en-el-cumpleanos-de-jesus\/\" \/>\n<meta property=\"og:locale\" content=\"es_MX\" \/>\n<meta property=\"og:type\" content=\"article\" \/>\n<meta property=\"og:title\" content=\"Corea del Sur abre un caf\u00e9 en diciembre inspirado en el cumplea\u00f1os de Jes\u00fas - Fuentes Fidedignas\" \/>\n<meta property=\"og:description\" content=\"En redes sociales, los comentarios han sido diversos. Mientras algunos usuarios celebran la creatividad y el respeto con el que se aborda la tem\u00e1tica COREA DEL SUR-. En medio de las celebraciones decembrinas, un video difundido en redes sociales ha llamado la atenci\u00f3n de miles de usuarios alrededor del mundo al mostrar una propuesta poco [&hellip;]\" \/>\n<meta property=\"og:url\" content=\"https:\/\/fuentesfidedignas.com.mx\/index.php\/2025\/12\/15\/corea-del-sur-abre-un-cafe-en-diciembre-inspirado-en-el-cumpleanos-de-jesus\/\" \/>\n<meta property=\"og:site_name\" content=\"Fuentes Fidedignas\" \/>\n<meta property=\"article:publisher\" content=\"https:\/\/www.facebook.com\/Fuentes-Fidedignas-368234489921644\" \/>\n<meta property=\"article:published_time\" content=\"2025-12-15T13:53:26+00:00\" \/>\n<meta property=\"article:modified_time\" content=\"2025-12-15T14:10:07+00:00\" \/>\n<meta property=\"og:image\" content=\"https:\/\/fuentesfidedignas.com.mx\/wp-content\/uploads\/2025\/12\/cafe-de-jesus.jpg\" \/>\n\t<meta property=\"og:image:width\" content=\"500\" \/>\n\t<meta property=\"og:image:height\" content=\"333\" \/>\n\t<meta property=\"og:image:type\" content=\"image\/jpeg\" \/>\n<meta name=\"author\" content=\"El Imparcial\" \/>\n<meta name=\"twitter:card\" content=\"summary_large_image\" \/>\n<meta name=\"twitter:creator\" content=\"@fidedignas\" \/>\n<meta name=\"twitter:site\" content=\"@fidedignas\" \/>\n<meta name=\"twitter:label1\" content=\"Escrito por\" \/>\n\t<meta name=\"twitter:data1\" content=\"El Imparcial\" \/>\n\t<meta name=\"twitter:label2\" content=\"Tiempo de lectura\" \/>\n\t<meta name=\"twitter:data2\" content=\"3 minutos\" \/>\n<script type=\"application\/ld+json\" class=\"yoast-schema-graph\">{\"@context\":\"https:\\\/\\\/schema.org\",\"@graph\":[{\"@type\":\"Article\",\"@id\":\"https:\\\/\\\/fuentesfidedignas.com.mx\\\/index.php\\\/2025\\\/12\\\/15\\\/corea-del-sur-abre-un-cafe-en-diciembre-inspirado-en-el-cumpleanos-de-jesus\\\/#article\",\"isPartOf\":{\"@id\":\"https:\\\/\\\/fuentesfidedignas.com.mx\\\/index.php\\\/2025\\\/12\\\/15\\\/corea-del-sur-abre-un-cafe-en-diciembre-inspirado-en-el-cumpleanos-de-jesus\\\/\"},\"author\":{\"name\":\"El Imparcial\",\"@id\":\"https:\\\/\\\/fuentesfidedignas.com.mx\\\/#\\\/schema\\\/person\\\/ff4db17f8fd9c584e0cfc2a0c436b8a1\"},\"headline\":\"Corea del Sur abre un caf\u00e9 en diciembre inspirado en el cumplea\u00f1os de Jes\u00fas\",\"datePublished\":\"2025-12-15T13:53:26+00:00\",\"dateModified\":\"2025-12-15T14:10:07+00:00\",\"mainEntityOfPage\":{\"@id\":\"https:\\\/\\\/fuentesfidedignas.com.mx\\\/index.php\\\/2025\\\/12\\\/15\\\/corea-del-sur-abre-un-cafe-en-diciembre-inspirado-en-el-cumpleanos-de-jesus\\\/\"},\"wordCount\":451,\"commentCount\":0,\"publisher\":{\"@id\":\"https:\\\/\\\/fuentesfidedignas.com.mx\\\/#organization\"},\"image\":{\"@id\":\"https:\\\/\\\/fuentesfidedignas.com.mx\\\/index.php\\\/2025\\\/12\\\/15\\\/corea-del-sur-abre-un-cafe-en-diciembre-inspirado-en-el-cumpleanos-de-jesus\\\/#primaryimage\"},\"thumbnailUrl\":\"https:\\\/\\\/fuentesfidedignas.com.mx\\\/wp-content\\\/uploads\\\/2025\\\/12\\\/cafe-de-jesus.jpg\",\"articleSection\":[\"LAS ASOMBROSAS\"],\"inLanguage\":\"es\",\"potentialAction\":[{\"@type\":\"CommentAction\",\"name\":\"Comment\",\"target\":[\"https:\\\/\\\/fuentesfidedignas.com.mx\\\/index.php\\\/2025\\\/12\\\/15\\\/corea-del-sur-abre-un-cafe-en-diciembre-inspirado-en-el-cumpleanos-de-jesus\\\/#respond\"]}]},{\"@type\":\"WebPage\",\"@id\":\"https:\\\/\\\/fuentesfidedignas.com.mx\\\/index.php\\\/2025\\\/12\\\/15\\\/corea-del-sur-abre-un-cafe-en-diciembre-inspirado-en-el-cumpleanos-de-jesus\\\/\",\"url\":\"https:\\\/\\\/fuentesfidedignas.com.mx\\\/index.php\\\/2025\\\/12\\\/15\\\/corea-del-sur-abre-un-cafe-en-diciembre-inspirado-en-el-cumpleanos-de-jesus\\\/\",\"name\":\"Corea del Sur abre un caf\u00e9 en diciembre inspirado en el cumplea\u00f1os de Jes\u00fas - Fuentes Fidedignas\",\"isPartOf\":{\"@id\":\"https:\\\/\\\/fuentesfidedignas.com.mx\\\/#website\"},\"primaryImageOfPage\":{\"@id\":\"https:\\\/\\\/fuentesfidedignas.com.mx\\\/index.php\\\/2025\\\/12\\\/15\\\/corea-del-sur-abre-un-cafe-en-diciembre-inspirado-en-el-cumpleanos-de-jesus\\\/#primaryimage\"},\"image\":{\"@id\":\"https:\\\/\\\/fuentesfidedignas.com.mx\\\/index.php\\\/2025\\\/12\\\/15\\\/corea-del-sur-abre-un-cafe-en-diciembre-inspirado-en-el-cumpleanos-de-jesus\\\/#primaryimage\"},\"thumbnailUrl\":\"https:\\\/\\\/fuentesfidedignas.com.mx\\\/wp-content\\\/uploads\\\/2025\\\/12\\\/cafe-de-jesus.jpg\",\"datePublished\":\"2025-12-15T13:53:26+00:00\",\"dateModified\":\"2025-12-15T14:10:07+00:00\",\"breadcrumb\":{\"@id\":\"https:\\\/\\\/fuentesfidedignas.com.mx\\\/index.php\\\/2025\\\/12\\\/15\\\/corea-del-sur-abre-un-cafe-en-diciembre-inspirado-en-el-cumpleanos-de-jesus\\\/#breadcrumb\"},\"inLanguage\":\"es\",\"potentialAction\":[{\"@type\":\"ReadAction\",\"target\":[\"https:\\\/\\\/fuentesfidedignas.com.mx\\\/index.php\\\/2025\\\/12\\\/15\\\/corea-del-sur-abre-un-cafe-en-diciembre-inspirado-en-el-cumpleanos-de-jesus\\\/\"]}]},{\"@type\":\"ImageObject\",\"inLanguage\":\"es\",\"@id\":\"https:\\\/\\\/fuentesfidedignas.com.mx\\\/index.php\\\/2025\\\/12\\\/15\\\/corea-del-sur-abre-un-cafe-en-diciembre-inspirado-en-el-cumpleanos-de-jesus\\\/#primaryimage\",\"url\":\"https:\\\/\\\/fuentesfidedignas.com.mx\\\/wp-content\\\/uploads\\\/2025\\\/12\\\/cafe-de-jesus.jpg\",\"contentUrl\":\"https:\\\/\\\/fuentesfidedignas.com.mx\\\/wp-content\\\/uploads\\\/2025\\\/12\\\/cafe-de-jesus.jpg\",\"width\":500,\"height\":333},{\"@type\":\"BreadcrumbList\",\"@id\":\"https:\\\/\\\/fuentesfidedignas.com.mx\\\/index.php\\\/2025\\\/12\\\/15\\\/corea-del-sur-abre-un-cafe-en-diciembre-inspirado-en-el-cumpleanos-de-jesus\\\/#breadcrumb\",\"itemListElement\":[{\"@type\":\"ListItem\",\"position\":1,\"name\":\"Inicio\",\"item\":\"https:\\\/\\\/fuentesfidedignas.com.mx\\\/\"},{\"@type\":\"ListItem\",\"position\":2,\"name\":\"Corea del Sur abre un caf\u00e9 en diciembre inspirado en el cumplea\u00f1os de Jes\u00fas\"}]},{\"@type\":\"WebSite\",\"@id\":\"https:\\\/\\\/fuentesfidedignas.com.mx\\\/#website\",\"url\":\"https:\\\/\\\/fuentesfidedignas.com.mx\\\/\",\"name\":\"Fuentes Fidedignas\",\"description\":\"Otro sitio realizado con WordPress\",\"publisher\":{\"@id\":\"https:\\\/\\\/fuentesfidedignas.com.mx\\\/#organization\"},\"potentialAction\":[{\"@type\":\"SearchAction\",\"target\":{\"@type\":\"EntryPoint\",\"urlTemplate\":\"https:\\\/\\\/fuentesfidedignas.com.mx\\\/?s={search_term_string}\"},\"query-input\":{\"@type\":\"PropertyValueSpecification\",\"valueRequired\":true,\"valueName\":\"search_term_string\"}}],\"inLanguage\":\"es\"},{\"@type\":\"Organization\",\"@id\":\"https:\\\/\\\/fuentesfidedignas.com.mx\\\/#organization\",\"name\":\"Fuentes Fidedignas\",\"url\":\"https:\\\/\\\/fuentesfidedignas.com.mx\\\/\",\"logo\":{\"@type\":\"ImageObject\",\"inLanguage\":\"es\",\"@id\":\"https:\\\/\\\/fuentesfidedignas.com.mx\\\/#\\\/schema\\\/logo\\\/image\\\/\",\"url\":\"https:\\\/\\\/fuentesfidedignas.com.mx\\\/wp-content\\\/uploads\\\/2021\\\/04\\\/logo-retina.png\",\"contentUrl\":\"https:\\\/\\\/fuentesfidedignas.com.mx\\\/wp-content\\\/uploads\\\/2021\\\/04\\\/logo-retina.png\",\"width\":280,\"height\":51,\"caption\":\"Fuentes Fidedignas\"},\"image\":{\"@id\":\"https:\\\/\\\/fuentesfidedignas.com.mx\\\/#\\\/schema\\\/logo\\\/image\\\/\"},\"sameAs\":[\"https:\\\/\\\/www.facebook.com\\\/Fuentes-Fidedignas-368234489921644\",\"https:\\\/\\\/x.com\\\/fidedignas\"]},{\"@type\":\"Person\",\"@id\":\"https:\\\/\\\/fuentesfidedignas.com.mx\\\/#\\\/schema\\\/person\\\/ff4db17f8fd9c584e0cfc2a0c436b8a1\",\"name\":\"El Imparcial\",\"image\":{\"@type\":\"ImageObject\",\"inLanguage\":\"es\",\"@id\":\"https:\\\/\\\/secure.gravatar.com\\\/avatar\\\/accd6807585a75316c237ee783498317be6f66ab34c47c940966f26a3f613161?s=96&d=mm&r=g\",\"url\":\"https:\\\/\\\/secure.gravatar.com\\\/avatar\\\/accd6807585a75316c237ee783498317be6f66ab34c47c940966f26a3f613161?s=96&d=mm&r=g\",\"contentUrl\":\"https:\\\/\\\/secure.gravatar.com\\\/avatar\\\/accd6807585a75316c237ee783498317be6f66ab34c47c940966f26a3f613161?s=96&d=mm&r=g\",\"caption\":\"El Imparcial\"},\"url\":\"https:\\\/\\\/fuentesfidedignas.com.mx\\\/index.php\\\/author\\\/imparcial\\\/\"}]}<\/script>\n<!-- \/ Yoast SEO plugin. -->","yoast_head_json":{"title":"Corea del Sur abre un caf\u00e9 en diciembre inspirado en el cumplea\u00f1os de Jes\u00fas - Fuentes Fidedignas","robots":{"index":"index","follow":"follow","max-snippet":"max-snippet:-1","max-image-preview":"max-image-preview:large","max-video-preview":"max-video-preview:-1"},"canonical":"https:\/\/fuentesfidedignas.com.mx\/index.php\/2025\/12\/15\/corea-del-sur-abre-un-cafe-en-diciembre-inspirado-en-el-cumpleanos-de-jesus\/","og_locale":"es_MX","og_type":"article","og_title":"Corea del Sur abre un caf\u00e9 en diciembre inspirado en el cumplea\u00f1os de Jes\u00fas - Fuentes Fidedignas","og_description":"En redes sociales, los comentarios han sido diversos. Mientras algunos usuarios celebran la creatividad y el respeto con el que se aborda la tem\u00e1tica COREA DEL SUR-. En medio de las celebraciones decembrinas, un video difundido en redes sociales ha llamado la atenci\u00f3n de miles de usuarios alrededor del mundo al mostrar una propuesta poco [&hellip;]","og_url":"https:\/\/fuentesfidedignas.com.mx\/index.php\/2025\/12\/15\/corea-del-sur-abre-un-cafe-en-diciembre-inspirado-en-el-cumpleanos-de-jesus\/","og_site_name":"Fuentes Fidedignas","article_publisher":"https:\/\/www.facebook.com\/Fuentes-Fidedignas-368234489921644","article_published_time":"2025-12-15T13:53:26+00:00","article_modified_time":"2025-12-15T14:10:07+00:00","og_image":[{"width":500,"height":333,"url":"https:\/\/fuentesfidedignas.com.mx\/wp-content\/uploads\/2025\/12\/cafe-de-jesus.jpg","type":"image\/jpeg"}],"author":"El Imparcial","twitter_card":"summary_large_image","twitter_creator":"@fidedignas","twitter_site":"@fidedignas","twitter_misc":{"Escrito por":"El Imparcial","Tiempo de lectura":"3 minutos"},"schema":{"@context":"https:\/\/schema.org","@graph":[{"@type":"Article","@id":"https:\/\/fuentesfidedignas.com.mx\/index.php\/2025\/12\/15\/corea-del-sur-abre-un-cafe-en-diciembre-inspirado-en-el-cumpleanos-de-jesus\/#article","isPartOf":{"@id":"https:\/\/fuentesfidedignas.com.mx\/index.php\/2025\/12\/15\/corea-del-sur-abre-un-cafe-en-diciembre-inspirado-en-el-cumpleanos-de-jesus\/"},"author":{"name":"El Imparcial","@id":"https:\/\/fuentesfidedignas.com.mx\/#\/schema\/person\/ff4db17f8fd9c584e0cfc2a0c436b8a1"},"headline":"Corea del Sur abre un caf\u00e9 en diciembre inspirado en el cumplea\u00f1os de Jes\u00fas","datePublished":"2025-12-15T13:53:26+00:00","dateModified":"2025-12-15T14:10:07+00:00","mainEntityOfPage":{"@id":"https:\/\/fuentesfidedignas.com.mx\/index.php\/2025\/12\/15\/corea-del-sur-abre-un-cafe-en-diciembre-inspirado-en-el-cumpleanos-de-jesus\/"},"wordCount":451,"commentCount":0,"publisher":{"@id":"https:\/\/fuentesfidedignas.com.mx\/#organization"},"image":{"@id":"https:\/\/fuentesfidedignas.com.mx\/index.php\/2025\/12\/15\/corea-del-sur-abre-un-cafe-en-diciembre-inspirado-en-el-cumpleanos-de-jesus\/#primaryimage"},"thumbnailUrl":"https:\/\/fuentesfidedignas.com.mx\/wp-content\/uploads\/2025\/12\/cafe-de-jesus.jpg","articleSection":["LAS ASOMBROSAS"],"inLanguage":"es","potentialAction":[{"@type":"CommentAction","name":"Comment","target":["https:\/\/fuentesfidedignas.com.mx\/index.php\/2025\/12\/15\/corea-del-sur-abre-un-cafe-en-diciembre-inspirado-en-el-cumpleanos-de-jesus\/#respond"]}]},{"@type":"WebPage","@id":"https:\/\/fuentesfidedignas.com.mx\/index.php\/2025\/12\/15\/corea-del-sur-abre-un-cafe-en-diciembre-inspirado-en-el-cumpleanos-de-jesus\/","url":"https:\/\/fuentesfidedignas.com.mx\/index.php\/2025\/12\/15\/corea-del-sur-abre-un-cafe-en-diciembre-inspirado-en-el-cumpleanos-de-jesus\/","name":"Corea del Sur abre un caf\u00e9 en diciembre inspirado en el cumplea\u00f1os de Jes\u00fas - Fuentes Fidedignas","isPartOf":{"@id":"https:\/\/fuentesfidedignas.com.mx\/#website"},"primaryImageOfPage":{"@id":"https:\/\/fuentesfidedignas.com.mx\/index.php\/2025\/12\/15\/corea-del-sur-abre-un-cafe-en-diciembre-inspirado-en-el-cumpleanos-de-jesus\/#primaryimage"},"image":{"@id":"https:\/\/fuentesfidedignas.com.mx\/index.php\/2025\/12\/15\/corea-del-sur-abre-un-cafe-en-diciembre-inspirado-en-el-cumpleanos-de-jesus\/#primaryimage"},"thumbnailUrl":"https:\/\/fuentesfidedignas.com.mx\/wp-content\/uploads\/2025\/12\/cafe-de-jesus.jpg","datePublished":"2025-12-15T13:53:26+00:00","dateModified":"2025-12-15T14:10:07+00:00","breadcrumb":{"@id":"https:\/\/fuentesfidedignas.com.mx\/index.php\/2025\/12\/15\/corea-del-sur-abre-un-cafe-en-diciembre-inspirado-en-el-cumpleanos-de-jesus\/#breadcrumb"},"inLanguage":"es","potentialAction":[{"@type":"ReadAction","target":["https:\/\/fuentesfidedignas.com.mx\/index.php\/2025\/12\/15\/corea-del-sur-abre-un-cafe-en-diciembre-inspirado-en-el-cumpleanos-de-jesus\/"]}]},{"@type":"ImageObject","inLanguage":"es","@id":"https:\/\/fuentesfidedignas.com.mx\/index.php\/2025\/12\/15\/corea-del-sur-abre-un-cafe-en-diciembre-inspirado-en-el-cumpleanos-de-jesus\/#primaryimage","url":"https:\/\/fuentesfidedignas.com.mx\/wp-content\/uploads\/2025\/12\/cafe-de-jesus.jpg","contentUrl":"https:\/\/fuentesfidedignas.com.mx\/wp-content\/uploads\/2025\/12\/cafe-de-jesus.jpg","width":500,"height":333},{"@type":"BreadcrumbList","@id":"https:\/\/fuentesfidedignas.com.mx\/index.php\/2025\/12\/15\/corea-del-sur-abre-un-cafe-en-diciembre-inspirado-en-el-cumpleanos-de-jesus\/#breadcrumb","itemListElement":[{"@type":"ListItem","position":1,"name":"Inicio","item":"https:\/\/fuentesfidedignas.com.mx\/"},{"@type":"ListItem","position":2,"name":"Corea del Sur abre un caf\u00e9 en diciembre inspirado en el cumplea\u00f1os de Jes\u00fas"}]},{"@type":"WebSite","@id":"https:\/\/fuentesfidedignas.com.mx\/#website","url":"https:\/\/fuentesfidedignas.com.mx\/","name":"Fuentes Fidedignas","description":"Otro sitio realizado con WordPress","publisher":{"@id":"https:\/\/fuentesfidedignas.com.mx\/#organization"},"potentialAction":[{"@type":"SearchAction","target":{"@type":"EntryPoint","urlTemplate":"https:\/\/fuentesfidedignas.com.mx\/?s={search_term_string}"},"query-input":{"@type":"PropertyValueSpecification","valueRequired":true,"valueName":"search_term_string"}}],"inLanguage":"es"},{"@type":"Organization","@id":"https:\/\/fuentesfidedignas.com.mx\/#organization","name":"Fuentes Fidedignas","url":"https:\/\/fuentesfidedignas.com.mx\/","logo":{"@type":"ImageObject","inLanguage":"es","@id":"https:\/\/fuentesfidedignas.com.mx\/#\/schema\/logo\/image\/","url":"https:\/\/fuentesfidedignas.com.mx\/wp-content\/uploads\/2021\/04\/logo-retina.png","contentUrl":"https:\/\/fuentesfidedignas.com.mx\/wp-content\/uploads\/2021\/04\/logo-retina.png","width":280,"height":51,"caption":"Fuentes Fidedignas"},"image":{"@id":"https:\/\/fuentesfidedignas.com.mx\/#\/schema\/logo\/image\/"},"sameAs":["https:\/\/www.facebook.com\/Fuentes-Fidedignas-368234489921644","https:\/\/x.com\/fidedignas"]},{"@type":"Person","@id":"https:\/\/fuentesfidedignas.com.mx\/#\/schema\/person\/ff4db17f8fd9c584e0cfc2a0c436b8a1","name":"El Imparcial","image":{"@type":"ImageObject","inLanguage":"es","@id":"https:\/\/secure.gravatar.com\/avatar\/accd6807585a75316c237ee783498317be6f66ab34c47c940966f26a3f613161?s=96&d=mm&r=g","url":"https:\/\/secure.gravatar.com\/avatar\/accd6807585a75316c237ee783498317be6f66ab34c47c940966f26a3f613161?s=96&d=mm&r=g","contentUrl":"https:\/\/secure.gravatar.com\/avatar\/accd6807585a75316c237ee783498317be6f66ab34c47c940966f26a3f613161?s=96&d=mm&r=g","caption":"El Imparcial"},"url":"https:\/\/fuentesfidedignas.com.mx\/index.php\/author\/imparcial\/"}]}},"_links":{"self":[{"href":"https:\/\/fuentesfidedignas.com.mx\/index.php\/wp-json\/wp\/v2\/posts\/123753","targetHints":{"allow":["GET"]}}],"collection":[{"href":"https:\/\/fuentesfidedignas.com.mx\/index.php\/wp-json\/wp\/v2\/posts"}],"about":[{"href":"https:\/\/fuentesfidedignas.com.mx\/index.php\/wp-json\/wp\/v2\/types\/post"}],"author":[{"embeddable":true,"href":"https:\/\/fuentesfidedignas.com.mx\/index.php\/wp-json\/wp\/v2\/users\/40"}],"replies":[{"embeddable":true,"href":"https:\/\/fuentesfidedignas.com.mx\/index.php\/wp-json\/wp\/v2\/comments?post=123753"}],"version-history":[{"count":2,"href":"https:\/\/fuentesfidedignas.com.mx\/index.php\/wp-json\/wp\/v2\/posts\/123753\/revisions"}],"predecessor-version":[{"id":123764,"href":"https:\/\/fuentesfidedignas.com.mx\/index.php\/wp-json\/wp\/v2\/posts\/123753\/revisions\/123764"}],"wp:featuredmedia":[{"embeddable":true,"href":"https:\/\/fuentesfidedignas.com.mx\/index.php\/wp-json\/wp\/v2\/media\/123754"}],"wp:attachment":[{"href":"https:\/\/fuentesfidedignas.com.mx\/index.php\/wp-json\/wp\/v2\/media?parent=123753"}],"wp:term":[{"taxonomy":"category","embeddable":true,"href":"https:\/\/fuentesfidedignas.com.mx\/index.php\/wp-json\/wp\/v2\/categories?post=123753"},{"taxonomy":"post_tag","embeddable":true,"href":"https:\/\/fuentesfidedignas.com.mx\/index.php\/wp-json\/wp\/v2\/tags?post=123753"}],"curies":[{"name":"wp","href":"https:\/\/api.w.org\/{rel}","templated":true}]}}