{"id":123750,"date":"2025-12-15T06:43:53","date_gmt":"2025-12-15T13:43:53","guid":{"rendered":"https:\/\/fuentesfidedignas.com.mx\/?p=123750"},"modified":"2025-12-15T06:43:59","modified_gmt":"2025-12-15T13:43:59","slug":"miss-universo-retira-su-sede-de-mexico-y-regresa-a-eu-en-medio-de-demandas-contra-los-duenos","status":"publish","type":"post","link":"https:\/\/fuentesfidedignas.com.mx\/index.php\/2025\/12\/15\/miss-universo-retira-su-sede-de-mexico-y-regresa-a-eu-en-medio-de-demandas-contra-los-duenos\/","title":{"rendered":"Miss Universo retira su sede de M\u00e9xico y regresa a EU en medio de demandas contra los due\u00f1os"},"content":{"rendered":"\n<p><strong><em>La empresa propietaria del popular certamen de belleza, anunci\u00f3 que busca &#8220;retirar sus operaciones administrativas&#8221; de la Ciudad de M\u00e9xico y reubicarlas en la sede de la organizaci\u00f3n en Nueva York.<\/em><\/strong><\/p>\n\n\n\n<p>La Organizaci\u00f3n Miss Universo (MUO, en ingl\u00e9s) anunci\u00f3 este domingo que mover\u00e1 su sede de M\u00e9xico a Nueva York, donde estuvo fijada durante d\u00e9cadas, en medio de los procesos legales que enfrentan los propietarios de la organizaci\u00f3n, el mexicano Ra\u00fal Rocha y la tailandesa Anne Jakrajutatip.<\/p>\n\n\n\n<p>En un comunicado, la empresa propietaria del popular certamen de belleza anunci\u00f3 que esta decisi\u00f3n se har\u00e1 efectiva \u201cde inmediato\u201d y busca \u201cretirar sus operaciones administrativas\u201d de la Ciudad de M\u00e9xico y reubicarlas en la sede de la organizaci\u00f3n en Nueva York, \u201cdonde hist\u00f3ricamente han estado establecidas\u201d.<\/p>\n\n\n\n<p>\u201cEsta decisi\u00f3n surge de una evaluaci\u00f3n exhaustiva y responsable de las condiciones actuales en M\u00e9xico, las cuales no brindan un entorno adecuado ni estable para el funcionamiento seguro y eficaz de una organizaci\u00f3n internacional de esta envergadura\u201d, dice el escrito, firmado por Rocha, presidente y propietario del 50 % de la marca.<\/p>\n\n\n\n<p>Ra\u00fal Rocha est\u00e1 siendo investigado por la Fiscal\u00eda General de la Rep\u00fablica debido a presuntos lazos con el crimen organizado, particularmente por narcotr\u00e1fico, contrabando de combustible y tr\u00e1fico de armas, un caso por el que las autoridades de Hacienda -seg\u00fan fuentes oficiales citadas en medios de ese pa\u00eds- bloquearon este mes cuentas bancarias a su nombre.<\/p>\n\n\n\n<p>\u201cLa incertidumbre jur\u00eddica, la actual situaci\u00f3n de seguridad y los ataques infundados y con motivaciones pol\u00edticas que han comprometido el marco institucional necesario para la estabilidad operativa a largo plazo y la proyecci\u00f3n global\u201d son algunos de los factores que justifican el traslado de la sede de MUO, prosigue el documento.<\/p>\n\n\n\n<p>La compa\u00f1\u00eda, prosigue el documento, prev\u00e9 llevar a Nueva York al personal existente \u201cque sea posible\u201d y hacer nuevas contrataciones, en medio de una transici\u00f3n que incluye la salida de Mario B\u00facaro -excanciller de Guatemala- del puesto de director ejecutivo, anunciada la v\u00edspera.<\/p>\n\n\n\n<p>La relocalizaci\u00f3n de la sede es una decisi\u00f3n tomada \u201ccon firmeza, responsabilidad y con el futuro a largo plazo de la organizaci\u00f3n como prioridad\u201d, insiste la compa\u00f1\u00eda, que reiter\u00f3 su compromiso con \u201cla integridad institucional y la protecci\u00f3n de su legado\u201d, de 74 a\u00f1os.<\/p>\n\n\n\n<p>Adem\u00e1s de la investigaci\u00f3n por presunta vinculaci\u00f3n con el crimen organizado, Rocha ha sido acusado -aunque sin pruebas- de favorecer a la representante de M\u00e9xico, F\u00e1tima Bosch, ganadora de la edici\u00f3n 74 del concurso, celebrada el 21 de noviembre en Bangkok.<\/p>\n\n\n\n<p>Detr\u00e1s de estos se\u00f1alamientos de supuesto fraude est\u00e1 el compositor franco-liban\u00e9s Omar Harfouch, quien tambi\u00e9n amenaz\u00f3 con emprender acciones legales contra la MUO por presuntos delitos como \u201cfraude, abuso de poder, corrupci\u00f3n, enga\u00f1o, incumplimiento de contrato, conflicto de intereses y da\u00f1os morales y reputacionales\u201d.<\/p>\n\n\n\n<p>A ello se suma que, a finales de noviembre, un tribunal de Tailandia emiti\u00f3 una orden de arresto contra Anne Jakrajutatip, la copropietaria del otro 50 % de Miss Universo, en relaci\u00f3n a un supuesto caso de fraude por valor cercano a un mill\u00f3n de euros, que no guarda relaci\u00f3n con el reciente triunfo de Bosch.<\/p>\n\n\n\n<p>La orden fue emitida por no comparecer en un caso penal, seg\u00fan confirm\u00f3 entonces a EFE el tribunal de Bangkok South Kwaeng, encargada del proceso, sin agregar m\u00e1s detalles al respecto.<\/p>\n","protected":false},"excerpt":{"rendered":"<p>La empresa propietaria del popular certamen de belleza, anunci\u00f3 que busca &#8220;retirar sus operaciones administrativas&#8221; de la Ciudad de M\u00e9xico y reubicarlas en la sede de la organizaci\u00f3n en Nueva York. La Organizaci\u00f3n Miss Universo (MUO, en ingl\u00e9s) anunci\u00f3 este domingo que mover\u00e1 su sede de M\u00e9xico a Nueva York, donde estuvo fijada durante d\u00e9cadas, [&hellip;]<\/p>\n","protected":false},"author":22,"featured_media":123751,"comment_status":"open","ping_status":"open","sticky":false,"template":"","format":"standard","meta":{"tdm_status":"","tdm_grid_status":"","footnotes":""},"categories":[39],"tags":[],"class_list":{"0":"post-123750","1":"post","2":"type-post","3":"status-publish","4":"format-standard","5":"has-post-thumbnail","7":"category-noticias-nacionales"},"yoast_head":"<!-- This site is optimized with the Yoast SEO plugin v27.5 - https:\/\/yoast.com\/product\/yoast-seo-wordpress\/ -->\n<title>Miss Universo retira su sede de M\u00e9xico y regresa a EU en medio de demandas contra los due\u00f1os - Fuentes Fidedignas<\/title>\n<meta name=\"robots\" content=\"index, follow, max-snippet:-1, max-image-preview:large, max-video-preview:-1\" \/>\n<link rel=\"canonical\" href=\"https:\/\/fuentesfidedignas.com.mx\/index.php\/2025\/12\/15\/miss-universo-retira-su-sede-de-mexico-y-regresa-a-eu-en-medio-de-demandas-contra-los-duenos\/\" \/>\n<meta property=\"og:locale\" content=\"es_MX\" \/>\n<meta property=\"og:type\" content=\"article\" \/>\n<meta property=\"og:title\" content=\"Miss Universo retira su sede de M\u00e9xico y regresa a EU en medio de demandas contra los due\u00f1os - Fuentes Fidedignas\" \/>\n<meta property=\"og:description\" content=\"La empresa propietaria del popular certamen de belleza, anunci\u00f3 que busca &#8220;retirar sus operaciones administrativas&#8221; de la Ciudad de M\u00e9xico y reubicarlas en la sede de la organizaci\u00f3n en Nueva York. La Organizaci\u00f3n Miss Universo (MUO, en ingl\u00e9s) anunci\u00f3 este domingo que mover\u00e1 su sede de M\u00e9xico a Nueva York, donde estuvo fijada durante d\u00e9cadas, [&hellip;]\" \/>\n<meta property=\"og:url\" content=\"https:\/\/fuentesfidedignas.com.mx\/index.php\/2025\/12\/15\/miss-universo-retira-su-sede-de-mexico-y-regresa-a-eu-en-medio-de-demandas-contra-los-duenos\/\" \/>\n<meta property=\"og:site_name\" content=\"Fuentes Fidedignas\" \/>\n<meta property=\"article:publisher\" content=\"https:\/\/www.facebook.com\/Fuentes-Fidedignas-368234489921644\" \/>\n<meta property=\"article:published_time\" content=\"2025-12-15T13:43:53+00:00\" \/>\n<meta property=\"article:modified_time\" content=\"2025-12-15T13:43:59+00:00\" \/>\n<meta property=\"og:image\" content=\"https:\/\/fuentesfidedignas.com.mx\/wp-content\/uploads\/2025\/12\/copropietaria-miss-universo.jpg\" \/>\n\t<meta property=\"og:image:width\" content=\"500\" \/>\n\t<meta property=\"og:image:height\" content=\"328\" \/>\n\t<meta property=\"og:image:type\" content=\"image\/jpeg\" \/>\n<meta name=\"author\" content=\"EFE\" \/>\n<meta name=\"twitter:card\" content=\"summary_large_image\" \/>\n<meta name=\"twitter:creator\" content=\"@fidedignas\" \/>\n<meta name=\"twitter:site\" content=\"@fidedignas\" \/>\n<meta name=\"twitter:label1\" content=\"Escrito por\" \/>\n\t<meta name=\"twitter:data1\" content=\"EFE\" \/>\n\t<meta name=\"twitter:label2\" content=\"Tiempo de lectura\" \/>\n\t<meta name=\"twitter:data2\" content=\"3 minutos\" \/>\n<script type=\"application\/ld+json\" class=\"yoast-schema-graph\">{\"@context\":\"https:\\\/\\\/schema.org\",\"@graph\":[{\"@type\":\"Article\",\"@id\":\"https:\\\/\\\/fuentesfidedignas.com.mx\\\/index.php\\\/2025\\\/12\\\/15\\\/miss-universo-retira-su-sede-de-mexico-y-regresa-a-eu-en-medio-de-demandas-contra-los-duenos\\\/#article\",\"isPartOf\":{\"@id\":\"https:\\\/\\\/fuentesfidedignas.com.mx\\\/index.php\\\/2025\\\/12\\\/15\\\/miss-universo-retira-su-sede-de-mexico-y-regresa-a-eu-en-medio-de-demandas-contra-los-duenos\\\/\"},\"author\":{\"name\":\"EFE\",\"@id\":\"https:\\\/\\\/fuentesfidedignas.com.mx\\\/#\\\/schema\\\/person\\\/0d44615087b5a626d5d3f13afe31ac41\"},\"headline\":\"Miss Universo retira su sede de M\u00e9xico y regresa a EU en medio de demandas contra los due\u00f1os\",\"datePublished\":\"2025-12-15T13:43:53+00:00\",\"dateModified\":\"2025-12-15T13:43:59+00:00\",\"mainEntityOfPage\":{\"@id\":\"https:\\\/\\\/fuentesfidedignas.com.mx\\\/index.php\\\/2025\\\/12\\\/15\\\/miss-universo-retira-su-sede-de-mexico-y-regresa-a-eu-en-medio-de-demandas-contra-los-duenos\\\/\"},\"wordCount\":610,\"commentCount\":0,\"publisher\":{\"@id\":\"https:\\\/\\\/fuentesfidedignas.com.mx\\\/#organization\"},\"image\":{\"@id\":\"https:\\\/\\\/fuentesfidedignas.com.mx\\\/index.php\\\/2025\\\/12\\\/15\\\/miss-universo-retira-su-sede-de-mexico-y-regresa-a-eu-en-medio-de-demandas-contra-los-duenos\\\/#primaryimage\"},\"thumbnailUrl\":\"https:\\\/\\\/fuentesfidedignas.com.mx\\\/wp-content\\\/uploads\\\/2025\\\/12\\\/copropietaria-miss-universo.jpg\",\"articleSection\":[\"NOTICIAS NACIONALES\"],\"inLanguage\":\"es\",\"potentialAction\":[{\"@type\":\"CommentAction\",\"name\":\"Comment\",\"target\":[\"https:\\\/\\\/fuentesfidedignas.com.mx\\\/index.php\\\/2025\\\/12\\\/15\\\/miss-universo-retira-su-sede-de-mexico-y-regresa-a-eu-en-medio-de-demandas-contra-los-duenos\\\/#respond\"]}]},{\"@type\":\"WebPage\",\"@id\":\"https:\\\/\\\/fuentesfidedignas.com.mx\\\/index.php\\\/2025\\\/12\\\/15\\\/miss-universo-retira-su-sede-de-mexico-y-regresa-a-eu-en-medio-de-demandas-contra-los-duenos\\\/\",\"url\":\"https:\\\/\\\/fuentesfidedignas.com.mx\\\/index.php\\\/2025\\\/12\\\/15\\\/miss-universo-retira-su-sede-de-mexico-y-regresa-a-eu-en-medio-de-demandas-contra-los-duenos\\\/\",\"name\":\"Miss Universo retira su sede de M\u00e9xico y regresa a EU en medio de demandas contra los due\u00f1os - Fuentes Fidedignas\",\"isPartOf\":{\"@id\":\"https:\\\/\\\/fuentesfidedignas.com.mx\\\/#website\"},\"primaryImageOfPage\":{\"@id\":\"https:\\\/\\\/fuentesfidedignas.com.mx\\\/index.php\\\/2025\\\/12\\\/15\\\/miss-universo-retira-su-sede-de-mexico-y-regresa-a-eu-en-medio-de-demandas-contra-los-duenos\\\/#primaryimage\"},\"image\":{\"@id\":\"https:\\\/\\\/fuentesfidedignas.com.mx\\\/index.php\\\/2025\\\/12\\\/15\\\/miss-universo-retira-su-sede-de-mexico-y-regresa-a-eu-en-medio-de-demandas-contra-los-duenos\\\/#primaryimage\"},\"thumbnailUrl\":\"https:\\\/\\\/fuentesfidedignas.com.mx\\\/wp-content\\\/uploads\\\/2025\\\/12\\\/copropietaria-miss-universo.jpg\",\"datePublished\":\"2025-12-15T13:43:53+00:00\",\"dateModified\":\"2025-12-15T13:43:59+00:00\",\"breadcrumb\":{\"@id\":\"https:\\\/\\\/fuentesfidedignas.com.mx\\\/index.php\\\/2025\\\/12\\\/15\\\/miss-universo-retira-su-sede-de-mexico-y-regresa-a-eu-en-medio-de-demandas-contra-los-duenos\\\/#breadcrumb\"},\"inLanguage\":\"es\",\"potentialAction\":[{\"@type\":\"ReadAction\",\"target\":[\"https:\\\/\\\/fuentesfidedignas.com.mx\\\/index.php\\\/2025\\\/12\\\/15\\\/miss-universo-retira-su-sede-de-mexico-y-regresa-a-eu-en-medio-de-demandas-contra-los-duenos\\\/\"]}]},{\"@type\":\"ImageObject\",\"inLanguage\":\"es\",\"@id\":\"https:\\\/\\\/fuentesfidedignas.com.mx\\\/index.php\\\/2025\\\/12\\\/15\\\/miss-universo-retira-su-sede-de-mexico-y-regresa-a-eu-en-medio-de-demandas-contra-los-duenos\\\/#primaryimage\",\"url\":\"https:\\\/\\\/fuentesfidedignas.com.mx\\\/wp-content\\\/uploads\\\/2025\\\/12\\\/copropietaria-miss-universo.jpg\",\"contentUrl\":\"https:\\\/\\\/fuentesfidedignas.com.mx\\\/wp-content\\\/uploads\\\/2025\\\/12\\\/copropietaria-miss-universo.jpg\",\"width\":500,\"height\":328},{\"@type\":\"BreadcrumbList\",\"@id\":\"https:\\\/\\\/fuentesfidedignas.com.mx\\\/index.php\\\/2025\\\/12\\\/15\\\/miss-universo-retira-su-sede-de-mexico-y-regresa-a-eu-en-medio-de-demandas-contra-los-duenos\\\/#breadcrumb\",\"itemListElement\":[{\"@type\":\"ListItem\",\"position\":1,\"name\":\"Inicio\",\"item\":\"https:\\\/\\\/fuentesfidedignas.com.mx\\\/\"},{\"@type\":\"ListItem\",\"position\":2,\"name\":\"Miss Universo retira su sede de M\u00e9xico y regresa a EU en medio de demandas contra los due\u00f1os\"}]},{\"@type\":\"WebSite\",\"@id\":\"https:\\\/\\\/fuentesfidedignas.com.mx\\\/#website\",\"url\":\"https:\\\/\\\/fuentesfidedignas.com.mx\\\/\",\"name\":\"Fuentes Fidedignas\",\"description\":\"Otro sitio realizado con WordPress\",\"publisher\":{\"@id\":\"https:\\\/\\\/fuentesfidedignas.com.mx\\\/#organization\"},\"potentialAction\":[{\"@type\":\"SearchAction\",\"target\":{\"@type\":\"EntryPoint\",\"urlTemplate\":\"https:\\\/\\\/fuentesfidedignas.com.mx\\\/?s={search_term_string}\"},\"query-input\":{\"@type\":\"PropertyValueSpecification\",\"valueRequired\":true,\"valueName\":\"search_term_string\"}}],\"inLanguage\":\"es\"},{\"@type\":\"Organization\",\"@id\":\"https:\\\/\\\/fuentesfidedignas.com.mx\\\/#organization\",\"name\":\"Fuentes Fidedignas\",\"url\":\"https:\\\/\\\/fuentesfidedignas.com.mx\\\/\",\"logo\":{\"@type\":\"ImageObject\",\"inLanguage\":\"es\",\"@id\":\"https:\\\/\\\/fuentesfidedignas.com.mx\\\/#\\\/schema\\\/logo\\\/image\\\/\",\"url\":\"https:\\\/\\\/fuentesfidedignas.com.mx\\\/wp-content\\\/uploads\\\/2021\\\/04\\\/logo-retina.png\",\"contentUrl\":\"https:\\\/\\\/fuentesfidedignas.com.mx\\\/wp-content\\\/uploads\\\/2021\\\/04\\\/logo-retina.png\",\"width\":280,\"height\":51,\"caption\":\"Fuentes Fidedignas\"},\"image\":{\"@id\":\"https:\\\/\\\/fuentesfidedignas.com.mx\\\/#\\\/schema\\\/logo\\\/image\\\/\"},\"sameAs\":[\"https:\\\/\\\/www.facebook.com\\\/Fuentes-Fidedignas-368234489921644\",\"https:\\\/\\\/x.com\\\/fidedignas\"]},{\"@type\":\"Person\",\"@id\":\"https:\\\/\\\/fuentesfidedignas.com.mx\\\/#\\\/schema\\\/person\\\/0d44615087b5a626d5d3f13afe31ac41\",\"name\":\"EFE\",\"image\":{\"@type\":\"ImageObject\",\"inLanguage\":\"es\",\"@id\":\"https:\\\/\\\/secure.gravatar.com\\\/avatar\\\/7048c2d9b569d9bed55bb53ad23821e6e047aa66338fb6ea9868627bbb9f54e8?s=96&d=mm&r=g\",\"url\":\"https:\\\/\\\/secure.gravatar.com\\\/avatar\\\/7048c2d9b569d9bed55bb53ad23821e6e047aa66338fb6ea9868627bbb9f54e8?s=96&d=mm&r=g\",\"contentUrl\":\"https:\\\/\\\/secure.gravatar.com\\\/avatar\\\/7048c2d9b569d9bed55bb53ad23821e6e047aa66338fb6ea9868627bbb9f54e8?s=96&d=mm&r=g\",\"caption\":\"EFE\"},\"url\":\"https:\\\/\\\/fuentesfidedignas.com.mx\\\/index.php\\\/author\\\/efe\\\/\"}]}<\/script>\n<!-- \/ Yoast SEO plugin. -->","yoast_head_json":{"title":"Miss Universo retira su sede de M\u00e9xico y regresa a EU en medio de demandas contra los due\u00f1os - Fuentes Fidedignas","robots":{"index":"index","follow":"follow","max-snippet":"max-snippet:-1","max-image-preview":"max-image-preview:large","max-video-preview":"max-video-preview:-1"},"canonical":"https:\/\/fuentesfidedignas.com.mx\/index.php\/2025\/12\/15\/miss-universo-retira-su-sede-de-mexico-y-regresa-a-eu-en-medio-de-demandas-contra-los-duenos\/","og_locale":"es_MX","og_type":"article","og_title":"Miss Universo retira su sede de M\u00e9xico y regresa a EU en medio de demandas contra los due\u00f1os - Fuentes Fidedignas","og_description":"La empresa propietaria del popular certamen de belleza, anunci\u00f3 que busca &#8220;retirar sus operaciones administrativas&#8221; de la Ciudad de M\u00e9xico y reubicarlas en la sede de la organizaci\u00f3n en Nueva York. La Organizaci\u00f3n Miss Universo (MUO, en ingl\u00e9s) anunci\u00f3 este domingo que mover\u00e1 su sede de M\u00e9xico a Nueva York, donde estuvo fijada durante d\u00e9cadas, [&hellip;]","og_url":"https:\/\/fuentesfidedignas.com.mx\/index.php\/2025\/12\/15\/miss-universo-retira-su-sede-de-mexico-y-regresa-a-eu-en-medio-de-demandas-contra-los-duenos\/","og_site_name":"Fuentes Fidedignas","article_publisher":"https:\/\/www.facebook.com\/Fuentes-Fidedignas-368234489921644","article_published_time":"2025-12-15T13:43:53+00:00","article_modified_time":"2025-12-15T13:43:59+00:00","og_image":[{"width":500,"height":328,"url":"https:\/\/fuentesfidedignas.com.mx\/wp-content\/uploads\/2025\/12\/copropietaria-miss-universo.jpg","type":"image\/jpeg"}],"author":"EFE","twitter_card":"summary_large_image","twitter_creator":"@fidedignas","twitter_site":"@fidedignas","twitter_misc":{"Escrito por":"EFE","Tiempo de lectura":"3 minutos"},"schema":{"@context":"https:\/\/schema.org","@graph":[{"@type":"Article","@id":"https:\/\/fuentesfidedignas.com.mx\/index.php\/2025\/12\/15\/miss-universo-retira-su-sede-de-mexico-y-regresa-a-eu-en-medio-de-demandas-contra-los-duenos\/#article","isPartOf":{"@id":"https:\/\/fuentesfidedignas.com.mx\/index.php\/2025\/12\/15\/miss-universo-retira-su-sede-de-mexico-y-regresa-a-eu-en-medio-de-demandas-contra-los-duenos\/"},"author":{"name":"EFE","@id":"https:\/\/fuentesfidedignas.com.mx\/#\/schema\/person\/0d44615087b5a626d5d3f13afe31ac41"},"headline":"Miss Universo retira su sede de M\u00e9xico y regresa a EU en medio de demandas contra los due\u00f1os","datePublished":"2025-12-15T13:43:53+00:00","dateModified":"2025-12-15T13:43:59+00:00","mainEntityOfPage":{"@id":"https:\/\/fuentesfidedignas.com.mx\/index.php\/2025\/12\/15\/miss-universo-retira-su-sede-de-mexico-y-regresa-a-eu-en-medio-de-demandas-contra-los-duenos\/"},"wordCount":610,"commentCount":0,"publisher":{"@id":"https:\/\/fuentesfidedignas.com.mx\/#organization"},"image":{"@id":"https:\/\/fuentesfidedignas.com.mx\/index.php\/2025\/12\/15\/miss-universo-retira-su-sede-de-mexico-y-regresa-a-eu-en-medio-de-demandas-contra-los-duenos\/#primaryimage"},"thumbnailUrl":"https:\/\/fuentesfidedignas.com.mx\/wp-content\/uploads\/2025\/12\/copropietaria-miss-universo.jpg","articleSection":["NOTICIAS NACIONALES"],"inLanguage":"es","potentialAction":[{"@type":"CommentAction","name":"Comment","target":["https:\/\/fuentesfidedignas.com.mx\/index.php\/2025\/12\/15\/miss-universo-retira-su-sede-de-mexico-y-regresa-a-eu-en-medio-de-demandas-contra-los-duenos\/#respond"]}]},{"@type":"WebPage","@id":"https:\/\/fuentesfidedignas.com.mx\/index.php\/2025\/12\/15\/miss-universo-retira-su-sede-de-mexico-y-regresa-a-eu-en-medio-de-demandas-contra-los-duenos\/","url":"https:\/\/fuentesfidedignas.com.mx\/index.php\/2025\/12\/15\/miss-universo-retira-su-sede-de-mexico-y-regresa-a-eu-en-medio-de-demandas-contra-los-duenos\/","name":"Miss Universo retira su sede de M\u00e9xico y regresa a EU en medio de demandas contra los due\u00f1os - Fuentes Fidedignas","isPartOf":{"@id":"https:\/\/fuentesfidedignas.com.mx\/#website"},"primaryImageOfPage":{"@id":"https:\/\/fuentesfidedignas.com.mx\/index.php\/2025\/12\/15\/miss-universo-retira-su-sede-de-mexico-y-regresa-a-eu-en-medio-de-demandas-contra-los-duenos\/#primaryimage"},"image":{"@id":"https:\/\/fuentesfidedignas.com.mx\/index.php\/2025\/12\/15\/miss-universo-retira-su-sede-de-mexico-y-regresa-a-eu-en-medio-de-demandas-contra-los-duenos\/#primaryimage"},"thumbnailUrl":"https:\/\/fuentesfidedignas.com.mx\/wp-content\/uploads\/2025\/12\/copropietaria-miss-universo.jpg","datePublished":"2025-12-15T13:43:53+00:00","dateModified":"2025-12-15T13:43:59+00:00","breadcrumb":{"@id":"https:\/\/fuentesfidedignas.com.mx\/index.php\/2025\/12\/15\/miss-universo-retira-su-sede-de-mexico-y-regresa-a-eu-en-medio-de-demandas-contra-los-duenos\/#breadcrumb"},"inLanguage":"es","potentialAction":[{"@type":"ReadAction","target":["https:\/\/fuentesfidedignas.com.mx\/index.php\/2025\/12\/15\/miss-universo-retira-su-sede-de-mexico-y-regresa-a-eu-en-medio-de-demandas-contra-los-duenos\/"]}]},{"@type":"ImageObject","inLanguage":"es","@id":"https:\/\/fuentesfidedignas.com.mx\/index.php\/2025\/12\/15\/miss-universo-retira-su-sede-de-mexico-y-regresa-a-eu-en-medio-de-demandas-contra-los-duenos\/#primaryimage","url":"https:\/\/fuentesfidedignas.com.mx\/wp-content\/uploads\/2025\/12\/copropietaria-miss-universo.jpg","contentUrl":"https:\/\/fuentesfidedignas.com.mx\/wp-content\/uploads\/2025\/12\/copropietaria-miss-universo.jpg","width":500,"height":328},{"@type":"BreadcrumbList","@id":"https:\/\/fuentesfidedignas.com.mx\/index.php\/2025\/12\/15\/miss-universo-retira-su-sede-de-mexico-y-regresa-a-eu-en-medio-de-demandas-contra-los-duenos\/#breadcrumb","itemListElement":[{"@type":"ListItem","position":1,"name":"Inicio","item":"https:\/\/fuentesfidedignas.com.mx\/"},{"@type":"ListItem","position":2,"name":"Miss Universo retira su sede de M\u00e9xico y regresa a EU en medio de demandas contra los due\u00f1os"}]},{"@type":"WebSite","@id":"https:\/\/fuentesfidedignas.com.mx\/#website","url":"https:\/\/fuentesfidedignas.com.mx\/","name":"Fuentes Fidedignas","description":"Otro sitio realizado con WordPress","publisher":{"@id":"https:\/\/fuentesfidedignas.com.mx\/#organization"},"potentialAction":[{"@type":"SearchAction","target":{"@type":"EntryPoint","urlTemplate":"https:\/\/fuentesfidedignas.com.mx\/?s={search_term_string}"},"query-input":{"@type":"PropertyValueSpecification","valueRequired":true,"valueName":"search_term_string"}}],"inLanguage":"es"},{"@type":"Organization","@id":"https:\/\/fuentesfidedignas.com.mx\/#organization","name":"Fuentes Fidedignas","url":"https:\/\/fuentesfidedignas.com.mx\/","logo":{"@type":"ImageObject","inLanguage":"es","@id":"https:\/\/fuentesfidedignas.com.mx\/#\/schema\/logo\/image\/","url":"https:\/\/fuentesfidedignas.com.mx\/wp-content\/uploads\/2021\/04\/logo-retina.png","contentUrl":"https:\/\/fuentesfidedignas.com.mx\/wp-content\/uploads\/2021\/04\/logo-retina.png","width":280,"height":51,"caption":"Fuentes Fidedignas"},"image":{"@id":"https:\/\/fuentesfidedignas.com.mx\/#\/schema\/logo\/image\/"},"sameAs":["https:\/\/www.facebook.com\/Fuentes-Fidedignas-368234489921644","https:\/\/x.com\/fidedignas"]},{"@type":"Person","@id":"https:\/\/fuentesfidedignas.com.mx\/#\/schema\/person\/0d44615087b5a626d5d3f13afe31ac41","name":"EFE","image":{"@type":"ImageObject","inLanguage":"es","@id":"https:\/\/secure.gravatar.com\/avatar\/7048c2d9b569d9bed55bb53ad23821e6e047aa66338fb6ea9868627bbb9f54e8?s=96&d=mm&r=g","url":"https:\/\/secure.gravatar.com\/avatar\/7048c2d9b569d9bed55bb53ad23821e6e047aa66338fb6ea9868627bbb9f54e8?s=96&d=mm&r=g","contentUrl":"https:\/\/secure.gravatar.com\/avatar\/7048c2d9b569d9bed55bb53ad23821e6e047aa66338fb6ea9868627bbb9f54e8?s=96&d=mm&r=g","caption":"EFE"},"url":"https:\/\/fuentesfidedignas.com.mx\/index.php\/author\/efe\/"}]}},"_links":{"self":[{"href":"https:\/\/fuentesfidedignas.com.mx\/index.php\/wp-json\/wp\/v2\/posts\/123750","targetHints":{"allow":["GET"]}}],"collection":[{"href":"https:\/\/fuentesfidedignas.com.mx\/index.php\/wp-json\/wp\/v2\/posts"}],"about":[{"href":"https:\/\/fuentesfidedignas.com.mx\/index.php\/wp-json\/wp\/v2\/types\/post"}],"author":[{"embeddable":true,"href":"https:\/\/fuentesfidedignas.com.mx\/index.php\/wp-json\/wp\/v2\/users\/22"}],"replies":[{"embeddable":true,"href":"https:\/\/fuentesfidedignas.com.mx\/index.php\/wp-json\/wp\/v2\/comments?post=123750"}],"version-history":[{"count":1,"href":"https:\/\/fuentesfidedignas.com.mx\/index.php\/wp-json\/wp\/v2\/posts\/123750\/revisions"}],"predecessor-version":[{"id":123752,"href":"https:\/\/fuentesfidedignas.com.mx\/index.php\/wp-json\/wp\/v2\/posts\/123750\/revisions\/123752"}],"wp:featuredmedia":[{"embeddable":true,"href":"https:\/\/fuentesfidedignas.com.mx\/index.php\/wp-json\/wp\/v2\/media\/123751"}],"wp:attachment":[{"href":"https:\/\/fuentesfidedignas.com.mx\/index.php\/wp-json\/wp\/v2\/media?parent=123750"}],"wp:term":[{"taxonomy":"category","embeddable":true,"href":"https:\/\/fuentesfidedignas.com.mx\/index.php\/wp-json\/wp\/v2\/categories?post=123750"},{"taxonomy":"post_tag","embeddable":true,"href":"https:\/\/fuentesfidedignas.com.mx\/index.php\/wp-json\/wp\/v2\/tags?post=123750"}],"curies":[{"name":"wp","href":"https:\/\/api.w.org\/{rel}","templated":true}]}}