{"id":123742,"date":"2025-12-15T06:21:06","date_gmt":"2025-12-15T13:21:06","guid":{"rendered":"https:\/\/fuentesfidedignas.com.mx\/?p=123742"},"modified":"2025-12-15T12:13:21","modified_gmt":"2025-12-15T19:13:21","slug":"detienen-en-culiacan-a-saul-n-alias-el-jaguar-sicario-y-lider-de-cedula-criminal","status":"publish","type":"post","link":"https:\/\/fuentesfidedignas.com.mx\/index.php\/2025\/12\/15\/detienen-en-culiacan-a-saul-n-alias-el-jaguar-sicario-y-lider-de-cedula-criminal\/","title":{"rendered":"Detienen en Culiac\u00e1n a Sa\u00fal &#8220;N&#8221;, alias &#8220;El Jaguar&#8221;, sicario y l\u00edder de c\u00e9dula criminal"},"content":{"rendered":"\n<p><strong><em>La Secretar\u00eda de Seguridad y Protecci\u00f3n Ciudadana confirm\u00f3 la captura de Sa\u00fal \u201cN\u201d, alias \u201cEl Jaguar\u201d.<\/em><\/strong><\/p>\n\n\n\n<p>La Secretar\u00eda de Seguridad y Protecci\u00f3n Ciudadana confirm\u00f3 la captura de Sa\u00fal \u201cN\u201d, alias \u201cEl Jaguar\u201d, l\u00edder de una c\u00e9lula delictiva vinculada a la facci\u00f3n de \u201cLos Mayos\u201d en Culiac\u00e1n, Sinaloa.<\/p>\n\n\n\n<p>Omar Garc\u00eda Harfuch inform\u00f3 que \u201cEl Jaguar\u201d fue capturado junto a tres de sus operadores y su grupo criminal est\u00e1 relacionado con actividades de vigilancia, homicidio, robo de veh\u00edculo y distribuci\u00f3n de droga.<\/p>\n\n\n\n<p>En seguimiento a trabajos de inteligencia e investigaci\u00f3n, en una operaci\u00f3n de la Secretar\u00eda de la Defensa Nacional y de la Secretar\u00eda de Seguridad y Protecci\u00f3n Ciudadana, se detuvieron cuatro personas, entre ellas Sa\u00fal \u201cN\u201d, al\u00edas \u201cJaguar\u201d, identificado como l\u00edder de esta c\u00e9lula delictiva y un operador de mando dentro de esta organizaci\u00f3n criminal\u201d, precis\u00f3.<br>Sin dar a conocer mayores detalles del operativo, se inform\u00f3 que, al momento de la detenci\u00f3n, les fueron aseguradas siete armas largas, cartuchos, artefactos explosivos improvisados y tres veh\u00edculos con reporte de robo.<\/p>\n\n\n\n<p>Dicha c\u00e9lula delictiva estaba al servicio de \u201cLos Mayos\u201d y es considerada una generadora de violencia en la entidad, principalmente en Culiac\u00e1n.<\/p>\n\n\n\n<p>Mientras, el Grupo Interinstitucional Sinaloa, a trav\u00e9s de la Secretar\u00eda de Seguridad P\u00fablica del Estado, inform\u00f3 que, en la \u00faltima semana, fueron detenidas 28 personas por diferentes delitos, adem\u00e1s, se aseguraron 39 armas de fuego, de diferentes calibres y un total de 3 mil 146 cartuchos.<\/p>\n\n\n\n<p>Adem\u00e1s, fueron asegurados 105 artefactos explosivos improvisados, mismos que fueron desactivados por personal especializado para evitar mayores riesgos.<\/p>\n","protected":false},"excerpt":{"rendered":"<p>La Secretar\u00eda de Seguridad y Protecci\u00f3n Ciudadana confirm\u00f3 la captura de Sa\u00fal \u201cN\u201d, alias \u201cEl Jaguar\u201d. La Secretar\u00eda de Seguridad y Protecci\u00f3n Ciudadana confirm\u00f3 la captura de Sa\u00fal \u201cN\u201d, alias \u201cEl Jaguar\u201d, l\u00edder de una c\u00e9lula delictiva vinculada a la facci\u00f3n de \u201cLos Mayos\u201d en Culiac\u00e1n, Sinaloa. Omar Garc\u00eda Harfuch inform\u00f3 que \u201cEl Jaguar\u201d fue [&hellip;]<\/p>\n","protected":false},"author":7,"featured_media":123743,"comment_status":"open","ping_status":"open","sticky":false,"template":"","format":"standard","meta":{"tdm_status":"","tdm_grid_status":"","footnotes":""},"categories":[37,38],"tags":[],"class_list":{"0":"post-123742","1":"post","2":"type-post","3":"status-publish","4":"format-standard","5":"has-post-thumbnail","7":"category-nota-principal","8":"category-noticias-locales"},"yoast_head":"<!-- This site is optimized with the Yoast SEO plugin v27.5 - https:\/\/yoast.com\/product\/yoast-seo-wordpress\/ -->\n<title>Detienen en Culiac\u00e1n a Sa\u00fal &quot;N&quot;, alias &quot;El Jaguar&quot;, sicario y l\u00edder de c\u00e9dula criminal - Fuentes Fidedignas<\/title>\n<meta name=\"robots\" content=\"index, follow, max-snippet:-1, max-image-preview:large, max-video-preview:-1\" \/>\n<link rel=\"canonical\" href=\"https:\/\/fuentesfidedignas.com.mx\/index.php\/2025\/12\/15\/detienen-en-culiacan-a-saul-n-alias-el-jaguar-sicario-y-lider-de-cedula-criminal\/\" \/>\n<meta property=\"og:locale\" content=\"es_MX\" \/>\n<meta property=\"og:type\" content=\"article\" \/>\n<meta property=\"og:title\" content=\"Detienen en Culiac\u00e1n a Sa\u00fal &quot;N&quot;, alias &quot;El Jaguar&quot;, sicario y l\u00edder de c\u00e9dula criminal - Fuentes Fidedignas\" \/>\n<meta property=\"og:description\" content=\"La Secretar\u00eda de Seguridad y Protecci\u00f3n Ciudadana confirm\u00f3 la captura de Sa\u00fal \u201cN\u201d, alias \u201cEl Jaguar\u201d. La Secretar\u00eda de Seguridad y Protecci\u00f3n Ciudadana confirm\u00f3 la captura de Sa\u00fal \u201cN\u201d, alias \u201cEl Jaguar\u201d, l\u00edder de una c\u00e9lula delictiva vinculada a la facci\u00f3n de \u201cLos Mayos\u201d en Culiac\u00e1n, Sinaloa. Omar Garc\u00eda Harfuch inform\u00f3 que \u201cEl Jaguar\u201d fue [&hellip;]\" \/>\n<meta property=\"og:url\" content=\"https:\/\/fuentesfidedignas.com.mx\/index.php\/2025\/12\/15\/detienen-en-culiacan-a-saul-n-alias-el-jaguar-sicario-y-lider-de-cedula-criminal\/\" \/>\n<meta property=\"og:site_name\" content=\"Fuentes Fidedignas\" \/>\n<meta property=\"article:publisher\" content=\"https:\/\/www.facebook.com\/Fuentes-Fidedignas-368234489921644\" \/>\n<meta property=\"article:published_time\" content=\"2025-12-15T13:21:06+00:00\" \/>\n<meta property=\"article:modified_time\" content=\"2025-12-15T19:13:21+00:00\" \/>\n<meta property=\"og:image\" content=\"https:\/\/fuentesfidedignas.com.mx\/wp-content\/uploads\/2025\/12\/el-jaguar.jpeg\" \/>\n\t<meta property=\"og:image:width\" content=\"500\" \/>\n\t<meta property=\"og:image:height\" content=\"333\" \/>\n\t<meta property=\"og:image:type\" content=\"image\/jpeg\" \/>\n<meta name=\"author\" content=\"Exc\u00e9lsior\" \/>\n<meta name=\"twitter:card\" content=\"summary_large_image\" \/>\n<meta name=\"twitter:creator\" content=\"@fidedignas\" \/>\n<meta name=\"twitter:site\" content=\"@fidedignas\" \/>\n<meta name=\"twitter:label1\" content=\"Escrito por\" \/>\n\t<meta name=\"twitter:data1\" content=\"Exc\u00e9lsior\" \/>\n\t<meta name=\"twitter:label2\" content=\"Tiempo de lectura\" \/>\n\t<meta name=\"twitter:data2\" content=\"2 minutos\" \/>\n<script type=\"application\/ld+json\" class=\"yoast-schema-graph\">{\"@context\":\"https:\\\/\\\/schema.org\",\"@graph\":[{\"@type\":\"Article\",\"@id\":\"https:\\\/\\\/fuentesfidedignas.com.mx\\\/index.php\\\/2025\\\/12\\\/15\\\/detienen-en-culiacan-a-saul-n-alias-el-jaguar-sicario-y-lider-de-cedula-criminal\\\/#article\",\"isPartOf\":{\"@id\":\"https:\\\/\\\/fuentesfidedignas.com.mx\\\/index.php\\\/2025\\\/12\\\/15\\\/detienen-en-culiacan-a-saul-n-alias-el-jaguar-sicario-y-lider-de-cedula-criminal\\\/\"},\"author\":{\"name\":\"Exc\u00e9lsior\",\"@id\":\"https:\\\/\\\/fuentesfidedignas.com.mx\\\/#\\\/schema\\\/person\\\/ec4edd1fbf5efa3e44fce34fe2787780\"},\"headline\":\"Detienen en Culiac\u00e1n a Sa\u00fal &#8220;N&#8221;, alias &#8220;El Jaguar&#8221;, sicario y l\u00edder de c\u00e9dula criminal\",\"datePublished\":\"2025-12-15T13:21:06+00:00\",\"dateModified\":\"2025-12-15T19:13:21+00:00\",\"mainEntityOfPage\":{\"@id\":\"https:\\\/\\\/fuentesfidedignas.com.mx\\\/index.php\\\/2025\\\/12\\\/15\\\/detienen-en-culiacan-a-saul-n-alias-el-jaguar-sicario-y-lider-de-cedula-criminal\\\/\"},\"wordCount\":300,\"commentCount\":0,\"publisher\":{\"@id\":\"https:\\\/\\\/fuentesfidedignas.com.mx\\\/#organization\"},\"image\":{\"@id\":\"https:\\\/\\\/fuentesfidedignas.com.mx\\\/index.php\\\/2025\\\/12\\\/15\\\/detienen-en-culiacan-a-saul-n-alias-el-jaguar-sicario-y-lider-de-cedula-criminal\\\/#primaryimage\"},\"thumbnailUrl\":\"https:\\\/\\\/fuentesfidedignas.com.mx\\\/wp-content\\\/uploads\\\/2025\\\/12\\\/el-jaguar.jpeg\",\"articleSection\":[\"NOTA PRINCIPAL\",\"NOTICIAS LOCALES\"],\"inLanguage\":\"es\",\"potentialAction\":[{\"@type\":\"CommentAction\",\"name\":\"Comment\",\"target\":[\"https:\\\/\\\/fuentesfidedignas.com.mx\\\/index.php\\\/2025\\\/12\\\/15\\\/detienen-en-culiacan-a-saul-n-alias-el-jaguar-sicario-y-lider-de-cedula-criminal\\\/#respond\"]}]},{\"@type\":\"WebPage\",\"@id\":\"https:\\\/\\\/fuentesfidedignas.com.mx\\\/index.php\\\/2025\\\/12\\\/15\\\/detienen-en-culiacan-a-saul-n-alias-el-jaguar-sicario-y-lider-de-cedula-criminal\\\/\",\"url\":\"https:\\\/\\\/fuentesfidedignas.com.mx\\\/index.php\\\/2025\\\/12\\\/15\\\/detienen-en-culiacan-a-saul-n-alias-el-jaguar-sicario-y-lider-de-cedula-criminal\\\/\",\"name\":\"Detienen en Culiac\u00e1n a Sa\u00fal \\\"N\\\", alias \\\"El Jaguar\\\", sicario y l\u00edder de c\u00e9dula criminal - Fuentes Fidedignas\",\"isPartOf\":{\"@id\":\"https:\\\/\\\/fuentesfidedignas.com.mx\\\/#website\"},\"primaryImageOfPage\":{\"@id\":\"https:\\\/\\\/fuentesfidedignas.com.mx\\\/index.php\\\/2025\\\/12\\\/15\\\/detienen-en-culiacan-a-saul-n-alias-el-jaguar-sicario-y-lider-de-cedula-criminal\\\/#primaryimage\"},\"image\":{\"@id\":\"https:\\\/\\\/fuentesfidedignas.com.mx\\\/index.php\\\/2025\\\/12\\\/15\\\/detienen-en-culiacan-a-saul-n-alias-el-jaguar-sicario-y-lider-de-cedula-criminal\\\/#primaryimage\"},\"thumbnailUrl\":\"https:\\\/\\\/fuentesfidedignas.com.mx\\\/wp-content\\\/uploads\\\/2025\\\/12\\\/el-jaguar.jpeg\",\"datePublished\":\"2025-12-15T13:21:06+00:00\",\"dateModified\":\"2025-12-15T19:13:21+00:00\",\"breadcrumb\":{\"@id\":\"https:\\\/\\\/fuentesfidedignas.com.mx\\\/index.php\\\/2025\\\/12\\\/15\\\/detienen-en-culiacan-a-saul-n-alias-el-jaguar-sicario-y-lider-de-cedula-criminal\\\/#breadcrumb\"},\"inLanguage\":\"es\",\"potentialAction\":[{\"@type\":\"ReadAction\",\"target\":[\"https:\\\/\\\/fuentesfidedignas.com.mx\\\/index.php\\\/2025\\\/12\\\/15\\\/detienen-en-culiacan-a-saul-n-alias-el-jaguar-sicario-y-lider-de-cedula-criminal\\\/\"]}]},{\"@type\":\"ImageObject\",\"inLanguage\":\"es\",\"@id\":\"https:\\\/\\\/fuentesfidedignas.com.mx\\\/index.php\\\/2025\\\/12\\\/15\\\/detienen-en-culiacan-a-saul-n-alias-el-jaguar-sicario-y-lider-de-cedula-criminal\\\/#primaryimage\",\"url\":\"https:\\\/\\\/fuentesfidedignas.com.mx\\\/wp-content\\\/uploads\\\/2025\\\/12\\\/el-jaguar.jpeg\",\"contentUrl\":\"https:\\\/\\\/fuentesfidedignas.com.mx\\\/wp-content\\\/uploads\\\/2025\\\/12\\\/el-jaguar.jpeg\",\"width\":500,\"height\":333},{\"@type\":\"BreadcrumbList\",\"@id\":\"https:\\\/\\\/fuentesfidedignas.com.mx\\\/index.php\\\/2025\\\/12\\\/15\\\/detienen-en-culiacan-a-saul-n-alias-el-jaguar-sicario-y-lider-de-cedula-criminal\\\/#breadcrumb\",\"itemListElement\":[{\"@type\":\"ListItem\",\"position\":1,\"name\":\"Inicio\",\"item\":\"https:\\\/\\\/fuentesfidedignas.com.mx\\\/\"},{\"@type\":\"ListItem\",\"position\":2,\"name\":\"Detienen en Culiac\u00e1n a Sa\u00fal &#8220;N&#8221;, alias &#8220;El Jaguar&#8221;, sicario y l\u00edder de c\u00e9dula criminal\"}]},{\"@type\":\"WebSite\",\"@id\":\"https:\\\/\\\/fuentesfidedignas.com.mx\\\/#website\",\"url\":\"https:\\\/\\\/fuentesfidedignas.com.mx\\\/\",\"name\":\"Fuentes Fidedignas\",\"description\":\"Otro sitio realizado con WordPress\",\"publisher\":{\"@id\":\"https:\\\/\\\/fuentesfidedignas.com.mx\\\/#organization\"},\"potentialAction\":[{\"@type\":\"SearchAction\",\"target\":{\"@type\":\"EntryPoint\",\"urlTemplate\":\"https:\\\/\\\/fuentesfidedignas.com.mx\\\/?s={search_term_string}\"},\"query-input\":{\"@type\":\"PropertyValueSpecification\",\"valueRequired\":true,\"valueName\":\"search_term_string\"}}],\"inLanguage\":\"es\"},{\"@type\":\"Organization\",\"@id\":\"https:\\\/\\\/fuentesfidedignas.com.mx\\\/#organization\",\"name\":\"Fuentes Fidedignas\",\"url\":\"https:\\\/\\\/fuentesfidedignas.com.mx\\\/\",\"logo\":{\"@type\":\"ImageObject\",\"inLanguage\":\"es\",\"@id\":\"https:\\\/\\\/fuentesfidedignas.com.mx\\\/#\\\/schema\\\/logo\\\/image\\\/\",\"url\":\"https:\\\/\\\/fuentesfidedignas.com.mx\\\/wp-content\\\/uploads\\\/2021\\\/04\\\/logo-retina.png\",\"contentUrl\":\"https:\\\/\\\/fuentesfidedignas.com.mx\\\/wp-content\\\/uploads\\\/2021\\\/04\\\/logo-retina.png\",\"width\":280,\"height\":51,\"caption\":\"Fuentes Fidedignas\"},\"image\":{\"@id\":\"https:\\\/\\\/fuentesfidedignas.com.mx\\\/#\\\/schema\\\/logo\\\/image\\\/\"},\"sameAs\":[\"https:\\\/\\\/www.facebook.com\\\/Fuentes-Fidedignas-368234489921644\",\"https:\\\/\\\/x.com\\\/fidedignas\"]},{\"@type\":\"Person\",\"@id\":\"https:\\\/\\\/fuentesfidedignas.com.mx\\\/#\\\/schema\\\/person\\\/ec4edd1fbf5efa3e44fce34fe2787780\",\"name\":\"Exc\u00e9lsior\",\"image\":{\"@type\":\"ImageObject\",\"inLanguage\":\"es\",\"@id\":\"https:\\\/\\\/secure.gravatar.com\\\/avatar\\\/4b7ee9206b48be08447852b3f0814dbc7c0f3b51541b164f1464a2725614020b?s=96&d=mm&r=g\",\"url\":\"https:\\\/\\\/secure.gravatar.com\\\/avatar\\\/4b7ee9206b48be08447852b3f0814dbc7c0f3b51541b164f1464a2725614020b?s=96&d=mm&r=g\",\"contentUrl\":\"https:\\\/\\\/secure.gravatar.com\\\/avatar\\\/4b7ee9206b48be08447852b3f0814dbc7c0f3b51541b164f1464a2725614020b?s=96&d=mm&r=g\",\"caption\":\"Exc\u00e9lsior\"},\"url\":\"https:\\\/\\\/fuentesfidedignas.com.mx\\\/index.php\\\/author\\\/excelsior\\\/\"}]}<\/script>\n<!-- \/ Yoast SEO plugin. -->","yoast_head_json":{"title":"Detienen en Culiac\u00e1n a Sa\u00fal \"N\", alias \"El Jaguar\", sicario y l\u00edder de c\u00e9dula criminal - Fuentes Fidedignas","robots":{"index":"index","follow":"follow","max-snippet":"max-snippet:-1","max-image-preview":"max-image-preview:large","max-video-preview":"max-video-preview:-1"},"canonical":"https:\/\/fuentesfidedignas.com.mx\/index.php\/2025\/12\/15\/detienen-en-culiacan-a-saul-n-alias-el-jaguar-sicario-y-lider-de-cedula-criminal\/","og_locale":"es_MX","og_type":"article","og_title":"Detienen en Culiac\u00e1n a Sa\u00fal \"N\", alias \"El Jaguar\", sicario y l\u00edder de c\u00e9dula criminal - Fuentes Fidedignas","og_description":"La Secretar\u00eda de Seguridad y Protecci\u00f3n Ciudadana confirm\u00f3 la captura de Sa\u00fal \u201cN\u201d, alias \u201cEl Jaguar\u201d. La Secretar\u00eda de Seguridad y Protecci\u00f3n Ciudadana confirm\u00f3 la captura de Sa\u00fal \u201cN\u201d, alias \u201cEl Jaguar\u201d, l\u00edder de una c\u00e9lula delictiva vinculada a la facci\u00f3n de \u201cLos Mayos\u201d en Culiac\u00e1n, Sinaloa. Omar Garc\u00eda Harfuch inform\u00f3 que \u201cEl Jaguar\u201d fue [&hellip;]","og_url":"https:\/\/fuentesfidedignas.com.mx\/index.php\/2025\/12\/15\/detienen-en-culiacan-a-saul-n-alias-el-jaguar-sicario-y-lider-de-cedula-criminal\/","og_site_name":"Fuentes Fidedignas","article_publisher":"https:\/\/www.facebook.com\/Fuentes-Fidedignas-368234489921644","article_published_time":"2025-12-15T13:21:06+00:00","article_modified_time":"2025-12-15T19:13:21+00:00","og_image":[{"width":500,"height":333,"url":"https:\/\/fuentesfidedignas.com.mx\/wp-content\/uploads\/2025\/12\/el-jaguar.jpeg","type":"image\/jpeg"}],"author":"Exc\u00e9lsior","twitter_card":"summary_large_image","twitter_creator":"@fidedignas","twitter_site":"@fidedignas","twitter_misc":{"Escrito por":"Exc\u00e9lsior","Tiempo de lectura":"2 minutos"},"schema":{"@context":"https:\/\/schema.org","@graph":[{"@type":"Article","@id":"https:\/\/fuentesfidedignas.com.mx\/index.php\/2025\/12\/15\/detienen-en-culiacan-a-saul-n-alias-el-jaguar-sicario-y-lider-de-cedula-criminal\/#article","isPartOf":{"@id":"https:\/\/fuentesfidedignas.com.mx\/index.php\/2025\/12\/15\/detienen-en-culiacan-a-saul-n-alias-el-jaguar-sicario-y-lider-de-cedula-criminal\/"},"author":{"name":"Exc\u00e9lsior","@id":"https:\/\/fuentesfidedignas.com.mx\/#\/schema\/person\/ec4edd1fbf5efa3e44fce34fe2787780"},"headline":"Detienen en Culiac\u00e1n a Sa\u00fal &#8220;N&#8221;, alias &#8220;El Jaguar&#8221;, sicario y l\u00edder de c\u00e9dula criminal","datePublished":"2025-12-15T13:21:06+00:00","dateModified":"2025-12-15T19:13:21+00:00","mainEntityOfPage":{"@id":"https:\/\/fuentesfidedignas.com.mx\/index.php\/2025\/12\/15\/detienen-en-culiacan-a-saul-n-alias-el-jaguar-sicario-y-lider-de-cedula-criminal\/"},"wordCount":300,"commentCount":0,"publisher":{"@id":"https:\/\/fuentesfidedignas.com.mx\/#organization"},"image":{"@id":"https:\/\/fuentesfidedignas.com.mx\/index.php\/2025\/12\/15\/detienen-en-culiacan-a-saul-n-alias-el-jaguar-sicario-y-lider-de-cedula-criminal\/#primaryimage"},"thumbnailUrl":"https:\/\/fuentesfidedignas.com.mx\/wp-content\/uploads\/2025\/12\/el-jaguar.jpeg","articleSection":["NOTA PRINCIPAL","NOTICIAS LOCALES"],"inLanguage":"es","potentialAction":[{"@type":"CommentAction","name":"Comment","target":["https:\/\/fuentesfidedignas.com.mx\/index.php\/2025\/12\/15\/detienen-en-culiacan-a-saul-n-alias-el-jaguar-sicario-y-lider-de-cedula-criminal\/#respond"]}]},{"@type":"WebPage","@id":"https:\/\/fuentesfidedignas.com.mx\/index.php\/2025\/12\/15\/detienen-en-culiacan-a-saul-n-alias-el-jaguar-sicario-y-lider-de-cedula-criminal\/","url":"https:\/\/fuentesfidedignas.com.mx\/index.php\/2025\/12\/15\/detienen-en-culiacan-a-saul-n-alias-el-jaguar-sicario-y-lider-de-cedula-criminal\/","name":"Detienen en Culiac\u00e1n a Sa\u00fal \"N\", alias \"El Jaguar\", sicario y l\u00edder de c\u00e9dula criminal - Fuentes Fidedignas","isPartOf":{"@id":"https:\/\/fuentesfidedignas.com.mx\/#website"},"primaryImageOfPage":{"@id":"https:\/\/fuentesfidedignas.com.mx\/index.php\/2025\/12\/15\/detienen-en-culiacan-a-saul-n-alias-el-jaguar-sicario-y-lider-de-cedula-criminal\/#primaryimage"},"image":{"@id":"https:\/\/fuentesfidedignas.com.mx\/index.php\/2025\/12\/15\/detienen-en-culiacan-a-saul-n-alias-el-jaguar-sicario-y-lider-de-cedula-criminal\/#primaryimage"},"thumbnailUrl":"https:\/\/fuentesfidedignas.com.mx\/wp-content\/uploads\/2025\/12\/el-jaguar.jpeg","datePublished":"2025-12-15T13:21:06+00:00","dateModified":"2025-12-15T19:13:21+00:00","breadcrumb":{"@id":"https:\/\/fuentesfidedignas.com.mx\/index.php\/2025\/12\/15\/detienen-en-culiacan-a-saul-n-alias-el-jaguar-sicario-y-lider-de-cedula-criminal\/#breadcrumb"},"inLanguage":"es","potentialAction":[{"@type":"ReadAction","target":["https:\/\/fuentesfidedignas.com.mx\/index.php\/2025\/12\/15\/detienen-en-culiacan-a-saul-n-alias-el-jaguar-sicario-y-lider-de-cedula-criminal\/"]}]},{"@type":"ImageObject","inLanguage":"es","@id":"https:\/\/fuentesfidedignas.com.mx\/index.php\/2025\/12\/15\/detienen-en-culiacan-a-saul-n-alias-el-jaguar-sicario-y-lider-de-cedula-criminal\/#primaryimage","url":"https:\/\/fuentesfidedignas.com.mx\/wp-content\/uploads\/2025\/12\/el-jaguar.jpeg","contentUrl":"https:\/\/fuentesfidedignas.com.mx\/wp-content\/uploads\/2025\/12\/el-jaguar.jpeg","width":500,"height":333},{"@type":"BreadcrumbList","@id":"https:\/\/fuentesfidedignas.com.mx\/index.php\/2025\/12\/15\/detienen-en-culiacan-a-saul-n-alias-el-jaguar-sicario-y-lider-de-cedula-criminal\/#breadcrumb","itemListElement":[{"@type":"ListItem","position":1,"name":"Inicio","item":"https:\/\/fuentesfidedignas.com.mx\/"},{"@type":"ListItem","position":2,"name":"Detienen en Culiac\u00e1n a Sa\u00fal &#8220;N&#8221;, alias &#8220;El Jaguar&#8221;, sicario y l\u00edder de c\u00e9dula criminal"}]},{"@type":"WebSite","@id":"https:\/\/fuentesfidedignas.com.mx\/#website","url":"https:\/\/fuentesfidedignas.com.mx\/","name":"Fuentes Fidedignas","description":"Otro sitio realizado con WordPress","publisher":{"@id":"https:\/\/fuentesfidedignas.com.mx\/#organization"},"potentialAction":[{"@type":"SearchAction","target":{"@type":"EntryPoint","urlTemplate":"https:\/\/fuentesfidedignas.com.mx\/?s={search_term_string}"},"query-input":{"@type":"PropertyValueSpecification","valueRequired":true,"valueName":"search_term_string"}}],"inLanguage":"es"},{"@type":"Organization","@id":"https:\/\/fuentesfidedignas.com.mx\/#organization","name":"Fuentes Fidedignas","url":"https:\/\/fuentesfidedignas.com.mx\/","logo":{"@type":"ImageObject","inLanguage":"es","@id":"https:\/\/fuentesfidedignas.com.mx\/#\/schema\/logo\/image\/","url":"https:\/\/fuentesfidedignas.com.mx\/wp-content\/uploads\/2021\/04\/logo-retina.png","contentUrl":"https:\/\/fuentesfidedignas.com.mx\/wp-content\/uploads\/2021\/04\/logo-retina.png","width":280,"height":51,"caption":"Fuentes Fidedignas"},"image":{"@id":"https:\/\/fuentesfidedignas.com.mx\/#\/schema\/logo\/image\/"},"sameAs":["https:\/\/www.facebook.com\/Fuentes-Fidedignas-368234489921644","https:\/\/x.com\/fidedignas"]},{"@type":"Person","@id":"https:\/\/fuentesfidedignas.com.mx\/#\/schema\/person\/ec4edd1fbf5efa3e44fce34fe2787780","name":"Exc\u00e9lsior","image":{"@type":"ImageObject","inLanguage":"es","@id":"https:\/\/secure.gravatar.com\/avatar\/4b7ee9206b48be08447852b3f0814dbc7c0f3b51541b164f1464a2725614020b?s=96&d=mm&r=g","url":"https:\/\/secure.gravatar.com\/avatar\/4b7ee9206b48be08447852b3f0814dbc7c0f3b51541b164f1464a2725614020b?s=96&d=mm&r=g","contentUrl":"https:\/\/secure.gravatar.com\/avatar\/4b7ee9206b48be08447852b3f0814dbc7c0f3b51541b164f1464a2725614020b?s=96&d=mm&r=g","caption":"Exc\u00e9lsior"},"url":"https:\/\/fuentesfidedignas.com.mx\/index.php\/author\/excelsior\/"}]}},"_links":{"self":[{"href":"https:\/\/fuentesfidedignas.com.mx\/index.php\/wp-json\/wp\/v2\/posts\/123742","targetHints":{"allow":["GET"]}}],"collection":[{"href":"https:\/\/fuentesfidedignas.com.mx\/index.php\/wp-json\/wp\/v2\/posts"}],"about":[{"href":"https:\/\/fuentesfidedignas.com.mx\/index.php\/wp-json\/wp\/v2\/types\/post"}],"author":[{"embeddable":true,"href":"https:\/\/fuentesfidedignas.com.mx\/index.php\/wp-json\/wp\/v2\/users\/7"}],"replies":[{"embeddable":true,"href":"https:\/\/fuentesfidedignas.com.mx\/index.php\/wp-json\/wp\/v2\/comments?post=123742"}],"version-history":[{"count":2,"href":"https:\/\/fuentesfidedignas.com.mx\/index.php\/wp-json\/wp\/v2\/posts\/123742\/revisions"}],"predecessor-version":[{"id":123746,"href":"https:\/\/fuentesfidedignas.com.mx\/index.php\/wp-json\/wp\/v2\/posts\/123742\/revisions\/123746"}],"wp:featuredmedia":[{"embeddable":true,"href":"https:\/\/fuentesfidedignas.com.mx\/index.php\/wp-json\/wp\/v2\/media\/123743"}],"wp:attachment":[{"href":"https:\/\/fuentesfidedignas.com.mx\/index.php\/wp-json\/wp\/v2\/media?parent=123742"}],"wp:term":[{"taxonomy":"category","embeddable":true,"href":"https:\/\/fuentesfidedignas.com.mx\/index.php\/wp-json\/wp\/v2\/categories?post=123742"},{"taxonomy":"post_tag","embeddable":true,"href":"https:\/\/fuentesfidedignas.com.mx\/index.php\/wp-json\/wp\/v2\/tags?post=123742"}],"curies":[{"name":"wp","href":"https:\/\/api.w.org\/{rel}","templated":true}]}}