{"id":12370,"date":"2021-09-12T13:12:45","date_gmt":"2021-09-12T20:12:45","guid":{"rendered":"https:\/\/fuentesfidedignas.com.mx\/?p=12370"},"modified":"2021-09-12T13:12:46","modified_gmt":"2021-09-12T20:12:46","slug":"emiten-alerta-amber-para-tres-adolescentes-desaparecidos-en-sinaloa","status":"publish","type":"post","link":"https:\/\/fuentesfidedignas.com.mx\/index.php\/2021\/09\/12\/emiten-alerta-amber-para-tres-adolescentes-desaparecidos-en-sinaloa\/","title":{"rendered":"Emiten Alerta Amber para tres adolescentes desaparecidos en Sinaloa"},"content":{"rendered":"\n<p><strong><em>Un adolescente de 17 a\u00f1os y dos del sexo femenino de 14 a\u00f1os desaparecidos en los<\/em><\/strong> <strong><em>municipios de Culiac\u00e1n, Guasave y Mazatl\u00e1n de Sinaloa<\/em><\/strong><\/p>\n\n\n\n<p>Culiac\u00e1n, Sin.- En un lapso de 48 horas, la Fiscal\u00eda General del Estado de Sinaloa emiti\u00f3 tres alertas de b\u00fasqueda por la desaparici\u00f3n de un adolescente de 17 a\u00f1os y dos del sexo femenino de 14 a\u00f1os, en los municipios de Culiac\u00e1n, Guasave y Mazatl\u00e1n, por lo que se solicita la ayuda de la sociedad para su localizaci\u00f3n.<\/p>\n\n\n\n<p>La ficha de la Alerta Amber m\u00e1s reciente, corresponde a la de Daniela Guadalupe Wong Padilla, de 14 a\u00f1os de edad, complexi\u00f3n mediana, con un peso de sesenta kilos y un metro sesenta de estatura, la cual fue vista por \u00faltima vez, la noche del pasado tres de septiembre, en su hogar en la colonia San Antonio de Mazatl\u00e1n.<\/p>\n\n\n\n<p>Sus datos, establecen que tiene el cabello corto, color negro, tez morena, cejas semi-pobladas, ojos grandes color caf\u00e9 oscuros, la cual viste blusa en color beige, short de mezclilla con puntos negros y huaraches del mismo color.<\/p>\n\n\n\n<p>Las otras dos fichas de b\u00fasqueda, corresponden a las denuncias de las desapariciones de Brian Jes\u00fas F\u00e9lix N\u00fa\u00f1ez de 17 a\u00f1os de edad y Kelin Gaviota Aguilera Rosas, de catorce a\u00f1os, el primer caso tuvo lugar en la capital del estado y el segundo fue reportado en el municipio de Guasave.<\/p>\n\n\n\n<p>Seg\u00fan el reporte, con fecha 13 de agosto pasado, por la noche fue visto por \u00faltima vez Brian Jes\u00fas, en la colonia Revoluci\u00f3n de Culiac\u00e1n, el cual tiene una estatura de un metro 81 cent\u00edmetros, complexi\u00f3n delgada, cabello corto, color casta\u00f1o y tez blanca.<\/p>\n\n\n\n<p>Los datos aportados por su familia, es que este vest\u00eda playera tipo polo blanca, una cachucha de color negro, pantal\u00f3n de mezclilla color azul y tenis negros, este tiene como se\u00f1as particulares un tatuaje en forma de pir\u00e1mide con un ojo en la espalda y otro en el pecho, con la leyenda \u201cFelix\u201d.<\/p>\n\n\n\n<p>Sobre el caso de la adolecente, Kelin Gaviota, de 14 a\u00f1os de edad, de complexi\u00f3n robusta, pelo corto ondulado color negro, tez morena, cejas semi-pobladas y ojos chicos, en color caf\u00e9 oscuro, esta fue vista por \u00faltima vez, el pasado 7 de septiembre, en la comunidad de San Gabriel, en Guasave.<\/p>\n\n\n\n<p>Por considerar que la integridad de ambos puede encontrarse en riesgo, toda vez que pueden ser v\u00edctimas de la comisi\u00f3n de un delito, se emitieron las alertas de b\u00fasqueda, en espera que la sociedad pueda contribuir a su localizaci\u00f3n.<\/p>\n","protected":false},"excerpt":{"rendered":"<p>Un adolescente de 17 a\u00f1os y dos del sexo femenino de 14 a\u00f1os desaparecidos en los municipios de Culiac\u00e1n, Guasave y Mazatl\u00e1n de Sinaloa Culiac\u00e1n, Sin.- En un lapso de 48 horas, la Fiscal\u00eda General del Estado de Sinaloa emiti\u00f3 tres alertas de b\u00fasqueda por la desaparici\u00f3n de un adolescente de 17 a\u00f1os y dos [&hellip;]<\/p>\n","protected":false},"author":39,"featured_media":12371,"comment_status":"open","ping_status":"open","sticky":false,"template":"","format":"standard","meta":{"tdm_status":"","tdm_grid_status":"","footnotes":""},"categories":[37],"tags":[],"class_list":{"0":"post-12370","1":"post","2":"type-post","3":"status-publish","4":"format-standard","5":"has-post-thumbnail","7":"category-nota-principal"},"yoast_head":"<!-- This site is optimized with the Yoast SEO plugin v27.5 - https:\/\/yoast.com\/product\/yoast-seo-wordpress\/ -->\n<title>Emiten Alerta Amber para tres adolescentes desaparecidos en Sinaloa - Fuentes Fidedignas<\/title>\n<meta name=\"robots\" content=\"index, follow, max-snippet:-1, max-image-preview:large, max-video-preview:-1\" \/>\n<link rel=\"canonical\" href=\"https:\/\/fuentesfidedignas.com.mx\/index.php\/2021\/09\/12\/emiten-alerta-amber-para-tres-adolescentes-desaparecidos-en-sinaloa\/\" \/>\n<meta property=\"og:locale\" content=\"es_MX\" \/>\n<meta property=\"og:type\" content=\"article\" \/>\n<meta property=\"og:title\" content=\"Emiten Alerta Amber para tres adolescentes desaparecidos en Sinaloa - Fuentes Fidedignas\" \/>\n<meta property=\"og:description\" content=\"Un adolescente de 17 a\u00f1os y dos del sexo femenino de 14 a\u00f1os desaparecidos en los municipios de Culiac\u00e1n, Guasave y Mazatl\u00e1n de Sinaloa Culiac\u00e1n, Sin.- En un lapso de 48 horas, la Fiscal\u00eda General del Estado de Sinaloa emiti\u00f3 tres alertas de b\u00fasqueda por la desaparici\u00f3n de un adolescente de 17 a\u00f1os y dos [&hellip;]\" \/>\n<meta property=\"og:url\" content=\"https:\/\/fuentesfidedignas.com.mx\/index.php\/2021\/09\/12\/emiten-alerta-amber-para-tres-adolescentes-desaparecidos-en-sinaloa\/\" \/>\n<meta property=\"og:site_name\" content=\"Fuentes Fidedignas\" \/>\n<meta property=\"article:publisher\" content=\"https:\/\/www.facebook.com\/Fuentes-Fidedignas-368234489921644\" \/>\n<meta property=\"article:published_time\" content=\"2021-09-12T20:12:45+00:00\" \/>\n<meta property=\"article:modified_time\" content=\"2021-09-12T20:12:46+00:00\" \/>\n<meta property=\"og:image\" content=\"https:\/\/fuentesfidedignas.com.mx\/wp-content\/uploads\/2021\/09\/CHAMACOS.png\" \/>\n\t<meta property=\"og:image:width\" content=\"768\" \/>\n\t<meta property=\"og:image:height\" content=\"432\" \/>\n\t<meta property=\"og:image:type\" content=\"image\/png\" \/>\n<meta name=\"author\" content=\"El Universal\" \/>\n<meta name=\"twitter:card\" content=\"summary_large_image\" \/>\n<meta name=\"twitter:creator\" content=\"@fidedignas\" \/>\n<meta name=\"twitter:site\" content=\"@fidedignas\" \/>\n<meta name=\"twitter:label1\" content=\"Escrito por\" \/>\n\t<meta name=\"twitter:data1\" content=\"El Universal\" \/>\n\t<meta name=\"twitter:label2\" content=\"Tiempo de lectura\" \/>\n\t<meta name=\"twitter:data2\" content=\"2 minutos\" \/>\n<script type=\"application\/ld+json\" class=\"yoast-schema-graph\">{\"@context\":\"https:\\\/\\\/schema.org\",\"@graph\":[{\"@type\":\"Article\",\"@id\":\"https:\\\/\\\/fuentesfidedignas.com.mx\\\/index.php\\\/2021\\\/09\\\/12\\\/emiten-alerta-amber-para-tres-adolescentes-desaparecidos-en-sinaloa\\\/#article\",\"isPartOf\":{\"@id\":\"https:\\\/\\\/fuentesfidedignas.com.mx\\\/index.php\\\/2021\\\/09\\\/12\\\/emiten-alerta-amber-para-tres-adolescentes-desaparecidos-en-sinaloa\\\/\"},\"author\":{\"name\":\"El Universal\",\"@id\":\"https:\\\/\\\/fuentesfidedignas.com.mx\\\/#\\\/schema\\\/person\\\/fee3882e65fd0510d292c43a346d35d7\"},\"headline\":\"Emiten Alerta Amber para tres adolescentes desaparecidos en Sinaloa\",\"datePublished\":\"2021-09-12T20:12:45+00:00\",\"dateModified\":\"2021-09-12T20:12:46+00:00\",\"mainEntityOfPage\":{\"@id\":\"https:\\\/\\\/fuentesfidedignas.com.mx\\\/index.php\\\/2021\\\/09\\\/12\\\/emiten-alerta-amber-para-tres-adolescentes-desaparecidos-en-sinaloa\\\/\"},\"wordCount\":455,\"commentCount\":0,\"publisher\":{\"@id\":\"https:\\\/\\\/fuentesfidedignas.com.mx\\\/#organization\"},\"image\":{\"@id\":\"https:\\\/\\\/fuentesfidedignas.com.mx\\\/index.php\\\/2021\\\/09\\\/12\\\/emiten-alerta-amber-para-tres-adolescentes-desaparecidos-en-sinaloa\\\/#primaryimage\"},\"thumbnailUrl\":\"https:\\\/\\\/fuentesfidedignas.com.mx\\\/wp-content\\\/uploads\\\/2021\\\/09\\\/CHAMACOS.png\",\"articleSection\":[\"NOTA PRINCIPAL\"],\"inLanguage\":\"es\",\"potentialAction\":[{\"@type\":\"CommentAction\",\"name\":\"Comment\",\"target\":[\"https:\\\/\\\/fuentesfidedignas.com.mx\\\/index.php\\\/2021\\\/09\\\/12\\\/emiten-alerta-amber-para-tres-adolescentes-desaparecidos-en-sinaloa\\\/#respond\"]}]},{\"@type\":\"WebPage\",\"@id\":\"https:\\\/\\\/fuentesfidedignas.com.mx\\\/index.php\\\/2021\\\/09\\\/12\\\/emiten-alerta-amber-para-tres-adolescentes-desaparecidos-en-sinaloa\\\/\",\"url\":\"https:\\\/\\\/fuentesfidedignas.com.mx\\\/index.php\\\/2021\\\/09\\\/12\\\/emiten-alerta-amber-para-tres-adolescentes-desaparecidos-en-sinaloa\\\/\",\"name\":\"Emiten Alerta Amber para tres adolescentes desaparecidos en Sinaloa - Fuentes Fidedignas\",\"isPartOf\":{\"@id\":\"https:\\\/\\\/fuentesfidedignas.com.mx\\\/#website\"},\"primaryImageOfPage\":{\"@id\":\"https:\\\/\\\/fuentesfidedignas.com.mx\\\/index.php\\\/2021\\\/09\\\/12\\\/emiten-alerta-amber-para-tres-adolescentes-desaparecidos-en-sinaloa\\\/#primaryimage\"},\"image\":{\"@id\":\"https:\\\/\\\/fuentesfidedignas.com.mx\\\/index.php\\\/2021\\\/09\\\/12\\\/emiten-alerta-amber-para-tres-adolescentes-desaparecidos-en-sinaloa\\\/#primaryimage\"},\"thumbnailUrl\":\"https:\\\/\\\/fuentesfidedignas.com.mx\\\/wp-content\\\/uploads\\\/2021\\\/09\\\/CHAMACOS.png\",\"datePublished\":\"2021-09-12T20:12:45+00:00\",\"dateModified\":\"2021-09-12T20:12:46+00:00\",\"breadcrumb\":{\"@id\":\"https:\\\/\\\/fuentesfidedignas.com.mx\\\/index.php\\\/2021\\\/09\\\/12\\\/emiten-alerta-amber-para-tres-adolescentes-desaparecidos-en-sinaloa\\\/#breadcrumb\"},\"inLanguage\":\"es\",\"potentialAction\":[{\"@type\":\"ReadAction\",\"target\":[\"https:\\\/\\\/fuentesfidedignas.com.mx\\\/index.php\\\/2021\\\/09\\\/12\\\/emiten-alerta-amber-para-tres-adolescentes-desaparecidos-en-sinaloa\\\/\"]}]},{\"@type\":\"ImageObject\",\"inLanguage\":\"es\",\"@id\":\"https:\\\/\\\/fuentesfidedignas.com.mx\\\/index.php\\\/2021\\\/09\\\/12\\\/emiten-alerta-amber-para-tres-adolescentes-desaparecidos-en-sinaloa\\\/#primaryimage\",\"url\":\"https:\\\/\\\/fuentesfidedignas.com.mx\\\/wp-content\\\/uploads\\\/2021\\\/09\\\/CHAMACOS.png\",\"contentUrl\":\"https:\\\/\\\/fuentesfidedignas.com.mx\\\/wp-content\\\/uploads\\\/2021\\\/09\\\/CHAMACOS.png\",\"width\":768,\"height\":432},{\"@type\":\"BreadcrumbList\",\"@id\":\"https:\\\/\\\/fuentesfidedignas.com.mx\\\/index.php\\\/2021\\\/09\\\/12\\\/emiten-alerta-amber-para-tres-adolescentes-desaparecidos-en-sinaloa\\\/#breadcrumb\",\"itemListElement\":[{\"@type\":\"ListItem\",\"position\":1,\"name\":\"Inicio\",\"item\":\"https:\\\/\\\/fuentesfidedignas.com.mx\\\/\"},{\"@type\":\"ListItem\",\"position\":2,\"name\":\"Emiten Alerta Amber para tres adolescentes desaparecidos en Sinaloa\"}]},{\"@type\":\"WebSite\",\"@id\":\"https:\\\/\\\/fuentesfidedignas.com.mx\\\/#website\",\"url\":\"https:\\\/\\\/fuentesfidedignas.com.mx\\\/\",\"name\":\"Fuentes Fidedignas\",\"description\":\"Otro sitio realizado con WordPress\",\"publisher\":{\"@id\":\"https:\\\/\\\/fuentesfidedignas.com.mx\\\/#organization\"},\"potentialAction\":[{\"@type\":\"SearchAction\",\"target\":{\"@type\":\"EntryPoint\",\"urlTemplate\":\"https:\\\/\\\/fuentesfidedignas.com.mx\\\/?s={search_term_string}\"},\"query-input\":{\"@type\":\"PropertyValueSpecification\",\"valueRequired\":true,\"valueName\":\"search_term_string\"}}],\"inLanguage\":\"es\"},{\"@type\":\"Organization\",\"@id\":\"https:\\\/\\\/fuentesfidedignas.com.mx\\\/#organization\",\"name\":\"Fuentes Fidedignas\",\"url\":\"https:\\\/\\\/fuentesfidedignas.com.mx\\\/\",\"logo\":{\"@type\":\"ImageObject\",\"inLanguage\":\"es\",\"@id\":\"https:\\\/\\\/fuentesfidedignas.com.mx\\\/#\\\/schema\\\/logo\\\/image\\\/\",\"url\":\"https:\\\/\\\/fuentesfidedignas.com.mx\\\/wp-content\\\/uploads\\\/2021\\\/04\\\/logo-retina.png\",\"contentUrl\":\"https:\\\/\\\/fuentesfidedignas.com.mx\\\/wp-content\\\/uploads\\\/2021\\\/04\\\/logo-retina.png\",\"width\":280,\"height\":51,\"caption\":\"Fuentes Fidedignas\"},\"image\":{\"@id\":\"https:\\\/\\\/fuentesfidedignas.com.mx\\\/#\\\/schema\\\/logo\\\/image\\\/\"},\"sameAs\":[\"https:\\\/\\\/www.facebook.com\\\/Fuentes-Fidedignas-368234489921644\",\"https:\\\/\\\/x.com\\\/fidedignas\"]},{\"@type\":\"Person\",\"@id\":\"https:\\\/\\\/fuentesfidedignas.com.mx\\\/#\\\/schema\\\/person\\\/fee3882e65fd0510d292c43a346d35d7\",\"name\":\"El Universal\",\"image\":{\"@type\":\"ImageObject\",\"inLanguage\":\"es\",\"@id\":\"https:\\\/\\\/secure.gravatar.com\\\/avatar\\\/1ebc94d82b6c3c081781f73e5b76a0d0c1ac7bf8e57426f18802246eeaa2747c?s=96&d=mm&r=g\",\"url\":\"https:\\\/\\\/secure.gravatar.com\\\/avatar\\\/1ebc94d82b6c3c081781f73e5b76a0d0c1ac7bf8e57426f18802246eeaa2747c?s=96&d=mm&r=g\",\"contentUrl\":\"https:\\\/\\\/secure.gravatar.com\\\/avatar\\\/1ebc94d82b6c3c081781f73e5b76a0d0c1ac7bf8e57426f18802246eeaa2747c?s=96&d=mm&r=g\",\"caption\":\"El Universal\"},\"url\":\"https:\\\/\\\/fuentesfidedignas.com.mx\\\/index.php\\\/author\\\/el-universal\\\/\"}]}<\/script>\n<!-- \/ Yoast SEO plugin. -->","yoast_head_json":{"title":"Emiten Alerta Amber para tres adolescentes desaparecidos en Sinaloa - Fuentes Fidedignas","robots":{"index":"index","follow":"follow","max-snippet":"max-snippet:-1","max-image-preview":"max-image-preview:large","max-video-preview":"max-video-preview:-1"},"canonical":"https:\/\/fuentesfidedignas.com.mx\/index.php\/2021\/09\/12\/emiten-alerta-amber-para-tres-adolescentes-desaparecidos-en-sinaloa\/","og_locale":"es_MX","og_type":"article","og_title":"Emiten Alerta Amber para tres adolescentes desaparecidos en Sinaloa - Fuentes Fidedignas","og_description":"Un adolescente de 17 a\u00f1os y dos del sexo femenino de 14 a\u00f1os desaparecidos en los municipios de Culiac\u00e1n, Guasave y Mazatl\u00e1n de Sinaloa Culiac\u00e1n, Sin.- En un lapso de 48 horas, la Fiscal\u00eda General del Estado de Sinaloa emiti\u00f3 tres alertas de b\u00fasqueda por la desaparici\u00f3n de un adolescente de 17 a\u00f1os y dos [&hellip;]","og_url":"https:\/\/fuentesfidedignas.com.mx\/index.php\/2021\/09\/12\/emiten-alerta-amber-para-tres-adolescentes-desaparecidos-en-sinaloa\/","og_site_name":"Fuentes Fidedignas","article_publisher":"https:\/\/www.facebook.com\/Fuentes-Fidedignas-368234489921644","article_published_time":"2021-09-12T20:12:45+00:00","article_modified_time":"2021-09-12T20:12:46+00:00","og_image":[{"width":768,"height":432,"url":"https:\/\/fuentesfidedignas.com.mx\/wp-content\/uploads\/2021\/09\/CHAMACOS.png","type":"image\/png"}],"author":"El Universal","twitter_card":"summary_large_image","twitter_creator":"@fidedignas","twitter_site":"@fidedignas","twitter_misc":{"Escrito por":"El Universal","Tiempo de lectura":"2 minutos"},"schema":{"@context":"https:\/\/schema.org","@graph":[{"@type":"Article","@id":"https:\/\/fuentesfidedignas.com.mx\/index.php\/2021\/09\/12\/emiten-alerta-amber-para-tres-adolescentes-desaparecidos-en-sinaloa\/#article","isPartOf":{"@id":"https:\/\/fuentesfidedignas.com.mx\/index.php\/2021\/09\/12\/emiten-alerta-amber-para-tres-adolescentes-desaparecidos-en-sinaloa\/"},"author":{"name":"El Universal","@id":"https:\/\/fuentesfidedignas.com.mx\/#\/schema\/person\/fee3882e65fd0510d292c43a346d35d7"},"headline":"Emiten Alerta Amber para tres adolescentes desaparecidos en Sinaloa","datePublished":"2021-09-12T20:12:45+00:00","dateModified":"2021-09-12T20:12:46+00:00","mainEntityOfPage":{"@id":"https:\/\/fuentesfidedignas.com.mx\/index.php\/2021\/09\/12\/emiten-alerta-amber-para-tres-adolescentes-desaparecidos-en-sinaloa\/"},"wordCount":455,"commentCount":0,"publisher":{"@id":"https:\/\/fuentesfidedignas.com.mx\/#organization"},"image":{"@id":"https:\/\/fuentesfidedignas.com.mx\/index.php\/2021\/09\/12\/emiten-alerta-amber-para-tres-adolescentes-desaparecidos-en-sinaloa\/#primaryimage"},"thumbnailUrl":"https:\/\/fuentesfidedignas.com.mx\/wp-content\/uploads\/2021\/09\/CHAMACOS.png","articleSection":["NOTA PRINCIPAL"],"inLanguage":"es","potentialAction":[{"@type":"CommentAction","name":"Comment","target":["https:\/\/fuentesfidedignas.com.mx\/index.php\/2021\/09\/12\/emiten-alerta-amber-para-tres-adolescentes-desaparecidos-en-sinaloa\/#respond"]}]},{"@type":"WebPage","@id":"https:\/\/fuentesfidedignas.com.mx\/index.php\/2021\/09\/12\/emiten-alerta-amber-para-tres-adolescentes-desaparecidos-en-sinaloa\/","url":"https:\/\/fuentesfidedignas.com.mx\/index.php\/2021\/09\/12\/emiten-alerta-amber-para-tres-adolescentes-desaparecidos-en-sinaloa\/","name":"Emiten Alerta Amber para tres adolescentes desaparecidos en Sinaloa - Fuentes Fidedignas","isPartOf":{"@id":"https:\/\/fuentesfidedignas.com.mx\/#website"},"primaryImageOfPage":{"@id":"https:\/\/fuentesfidedignas.com.mx\/index.php\/2021\/09\/12\/emiten-alerta-amber-para-tres-adolescentes-desaparecidos-en-sinaloa\/#primaryimage"},"image":{"@id":"https:\/\/fuentesfidedignas.com.mx\/index.php\/2021\/09\/12\/emiten-alerta-amber-para-tres-adolescentes-desaparecidos-en-sinaloa\/#primaryimage"},"thumbnailUrl":"https:\/\/fuentesfidedignas.com.mx\/wp-content\/uploads\/2021\/09\/CHAMACOS.png","datePublished":"2021-09-12T20:12:45+00:00","dateModified":"2021-09-12T20:12:46+00:00","breadcrumb":{"@id":"https:\/\/fuentesfidedignas.com.mx\/index.php\/2021\/09\/12\/emiten-alerta-amber-para-tres-adolescentes-desaparecidos-en-sinaloa\/#breadcrumb"},"inLanguage":"es","potentialAction":[{"@type":"ReadAction","target":["https:\/\/fuentesfidedignas.com.mx\/index.php\/2021\/09\/12\/emiten-alerta-amber-para-tres-adolescentes-desaparecidos-en-sinaloa\/"]}]},{"@type":"ImageObject","inLanguage":"es","@id":"https:\/\/fuentesfidedignas.com.mx\/index.php\/2021\/09\/12\/emiten-alerta-amber-para-tres-adolescentes-desaparecidos-en-sinaloa\/#primaryimage","url":"https:\/\/fuentesfidedignas.com.mx\/wp-content\/uploads\/2021\/09\/CHAMACOS.png","contentUrl":"https:\/\/fuentesfidedignas.com.mx\/wp-content\/uploads\/2021\/09\/CHAMACOS.png","width":768,"height":432},{"@type":"BreadcrumbList","@id":"https:\/\/fuentesfidedignas.com.mx\/index.php\/2021\/09\/12\/emiten-alerta-amber-para-tres-adolescentes-desaparecidos-en-sinaloa\/#breadcrumb","itemListElement":[{"@type":"ListItem","position":1,"name":"Inicio","item":"https:\/\/fuentesfidedignas.com.mx\/"},{"@type":"ListItem","position":2,"name":"Emiten Alerta Amber para tres adolescentes desaparecidos en Sinaloa"}]},{"@type":"WebSite","@id":"https:\/\/fuentesfidedignas.com.mx\/#website","url":"https:\/\/fuentesfidedignas.com.mx\/","name":"Fuentes Fidedignas","description":"Otro sitio realizado con WordPress","publisher":{"@id":"https:\/\/fuentesfidedignas.com.mx\/#organization"},"potentialAction":[{"@type":"SearchAction","target":{"@type":"EntryPoint","urlTemplate":"https:\/\/fuentesfidedignas.com.mx\/?s={search_term_string}"},"query-input":{"@type":"PropertyValueSpecification","valueRequired":true,"valueName":"search_term_string"}}],"inLanguage":"es"},{"@type":"Organization","@id":"https:\/\/fuentesfidedignas.com.mx\/#organization","name":"Fuentes Fidedignas","url":"https:\/\/fuentesfidedignas.com.mx\/","logo":{"@type":"ImageObject","inLanguage":"es","@id":"https:\/\/fuentesfidedignas.com.mx\/#\/schema\/logo\/image\/","url":"https:\/\/fuentesfidedignas.com.mx\/wp-content\/uploads\/2021\/04\/logo-retina.png","contentUrl":"https:\/\/fuentesfidedignas.com.mx\/wp-content\/uploads\/2021\/04\/logo-retina.png","width":280,"height":51,"caption":"Fuentes Fidedignas"},"image":{"@id":"https:\/\/fuentesfidedignas.com.mx\/#\/schema\/logo\/image\/"},"sameAs":["https:\/\/www.facebook.com\/Fuentes-Fidedignas-368234489921644","https:\/\/x.com\/fidedignas"]},{"@type":"Person","@id":"https:\/\/fuentesfidedignas.com.mx\/#\/schema\/person\/fee3882e65fd0510d292c43a346d35d7","name":"El Universal","image":{"@type":"ImageObject","inLanguage":"es","@id":"https:\/\/secure.gravatar.com\/avatar\/1ebc94d82b6c3c081781f73e5b76a0d0c1ac7bf8e57426f18802246eeaa2747c?s=96&d=mm&r=g","url":"https:\/\/secure.gravatar.com\/avatar\/1ebc94d82b6c3c081781f73e5b76a0d0c1ac7bf8e57426f18802246eeaa2747c?s=96&d=mm&r=g","contentUrl":"https:\/\/secure.gravatar.com\/avatar\/1ebc94d82b6c3c081781f73e5b76a0d0c1ac7bf8e57426f18802246eeaa2747c?s=96&d=mm&r=g","caption":"El Universal"},"url":"https:\/\/fuentesfidedignas.com.mx\/index.php\/author\/el-universal\/"}]}},"_links":{"self":[{"href":"https:\/\/fuentesfidedignas.com.mx\/index.php\/wp-json\/wp\/v2\/posts\/12370","targetHints":{"allow":["GET"]}}],"collection":[{"href":"https:\/\/fuentesfidedignas.com.mx\/index.php\/wp-json\/wp\/v2\/posts"}],"about":[{"href":"https:\/\/fuentesfidedignas.com.mx\/index.php\/wp-json\/wp\/v2\/types\/post"}],"author":[{"embeddable":true,"href":"https:\/\/fuentesfidedignas.com.mx\/index.php\/wp-json\/wp\/v2\/users\/39"}],"replies":[{"embeddable":true,"href":"https:\/\/fuentesfidedignas.com.mx\/index.php\/wp-json\/wp\/v2\/comments?post=12370"}],"version-history":[{"count":1,"href":"https:\/\/fuentesfidedignas.com.mx\/index.php\/wp-json\/wp\/v2\/posts\/12370\/revisions"}],"predecessor-version":[{"id":12372,"href":"https:\/\/fuentesfidedignas.com.mx\/index.php\/wp-json\/wp\/v2\/posts\/12370\/revisions\/12372"}],"wp:featuredmedia":[{"embeddable":true,"href":"https:\/\/fuentesfidedignas.com.mx\/index.php\/wp-json\/wp\/v2\/media\/12371"}],"wp:attachment":[{"href":"https:\/\/fuentesfidedignas.com.mx\/index.php\/wp-json\/wp\/v2\/media?parent=12370"}],"wp:term":[{"taxonomy":"category","embeddable":true,"href":"https:\/\/fuentesfidedignas.com.mx\/index.php\/wp-json\/wp\/v2\/categories?post=12370"},{"taxonomy":"post_tag","embeddable":true,"href":"https:\/\/fuentesfidedignas.com.mx\/index.php\/wp-json\/wp\/v2\/tags?post=12370"}],"curies":[{"name":"wp","href":"https:\/\/api.w.org\/{rel}","templated":true}]}}