{"id":123684,"date":"2025-12-13T10:16:27","date_gmt":"2025-12-13T17:16:27","guid":{"rendered":"https:\/\/fuentesfidedignas.com.mx\/?p=123684"},"modified":"2025-12-13T10:16:27","modified_gmt":"2025-12-13T17:16:27","slug":"de-la-agenda-social-a-la-agenda-politica-la-fuerza-electoral-a-nivel-territorial","status":"publish","type":"post","link":"https:\/\/fuentesfidedignas.com.mx\/index.php\/2025\/12\/13\/de-la-agenda-social-a-la-agenda-politica-la-fuerza-electoral-a-nivel-territorial\/","title":{"rendered":"De la Agenda Social a la Agenda Pol\u00edtica: la fuerza electoral a nivel territorial"},"content":{"rendered":"\n<p>Tener la \u201cnarrativa\u201d en los medios no es suficiente para ganar una contienda pol\u00edtica. Abajo, en las calles, lo que se escucha define el sentido del voto, incluso en escenarios corporativos, sobre todo en sociedades donde el despertar pol\u00edtico se relaciona con una historia de luchas sociales, como M\u00e9xico.<\/p>\n\n\n\n<p>La fortaleza electoral, cuando se trata del voto corporativo, est\u00e1 definida por las siglas del partido; pero cuando estas se han desgastado por el ejercicio del poder, es necesario abrir espacios y permitir que los liderazgos se posicionen para romper los conservadurismos internos, refrescando a los grupos y dando sentido al quehacer pol\u00edtico.<\/p>\n\n\n\n<p>El control de la partidocracia sobre la definici\u00f3n de candidaturas es lo que limita la renovaci\u00f3n de los grupos partidistas y la consolidaci\u00f3n de los partidos como instrumentos de la sociedad para tomar las riendas de la vida p\u00fablica. Este control, lejos de fortalecer el poder de los grupos, los debilita y aleja de la sociedad.<\/p>\n\n\n\n<p>Las masas clientelares tienen un techo, un l\u00edmite de votaci\u00f3n que solo se rompe con nuevos votantes o con votantes inconformes con las decisiones pol\u00edticas de los grupos de poder que se disputan la burocracia y la econom\u00eda pol\u00edtica del presupuesto.<\/p>\n\n\n\n<p>Es posible medir la fuerza electoral a nivel territorial no solo por el sentido del voto en una elecci\u00f3n, sino tambi\u00e9n por las demandas cumplidas y el compromiso de sus militantes m\u00e1s all\u00e1 del clientelismo. No considerar estos aspectos deja a las fuerzas pol\u00edticas bajo la falsa idea de que el voto corporativo o clientelar los mantendr\u00e1 en el poder, lo que en no pocas ocasiones deriva en la p\u00e9rdida del momento pol\u00edtico y del contexto hist\u00f3rico.<\/p>\n\n\n\n<p>Los distritos electorales y las secciones no definen por s\u00ed mismos la cultura pol\u00edtica de las comunidades; tenerlos en cuenta es solo un referente. El inter\u00e9s colectivo y el momento psicol\u00f3gico son los que definen la orientaci\u00f3n del voto, tanto d\u00edas antes como en el instante mismo de estar frente a la urna.<\/p>\n\n\n\n<p>La partidocracia mexicana est\u00e1 desgastada como sistema pol\u00edtico, incluidos los llamados \u201cindependientes\u201d. La p\u00e9rdida del principio de no reelecci\u00f3n y el control sobre las precandidaturas han desacreditado a los partidos pol\u00edticos que insisten en recurrir al clientelismo, perdiendo de vista la verdadera fuerza pol\u00edtica a nivel territorial, entendida como cultura pol\u00edtica real de la sociedad.<br>No traducir la agenda social a la agenda pol\u00edtica, e insistir en \u201cnarrativas\u201d sin sustento real, sin conexi\u00f3n con las comunidades ancladas en los territorios, apostando \u00fanicamente a cambios de percepci\u00f3n sin transformaci\u00f3n de la conciencia ni construcci\u00f3n de identidad, podr\u00e1 mantener el control del aparato burocr\u00e1tico, pero har\u00e1 perder el pulso del momento pol\u00edtico y marcar\u00e1 el fin \u2014o el inicio\u2014 de un nuevo ciclo social.<\/p>\n\n\n\n<p><\/p>\n","protected":false},"excerpt":{"rendered":"<p>Tener la \u201cnarrativa\u201d en los medios no es suficiente para ganar una contienda pol\u00edtica. Abajo, en las calles, lo que se escucha define el sentido del voto, incluso en escenarios corporativos, sobre todo en sociedades donde el despertar pol\u00edtico se relaciona con una historia de luchas sociales, como M\u00e9xico. La fortaleza electoral, cuando se trata [&hellip;]<\/p>\n","protected":false},"author":144,"featured_media":83290,"comment_status":"closed","ping_status":"open","sticky":false,"template":"","format":"standard","meta":{"tdm_status":"","tdm_grid_status":"","footnotes":""},"categories":[3064,3088],"tags":[],"class_list":{"0":"post-123684","1":"post","2":"type-post","3":"status-publish","4":"format-standard","5":"has-post-thumbnail","7":"category-columnas","8":"category-escritos-al-carbon"},"yoast_head":"<!-- This site is optimized with the Yoast SEO plugin v27.5 - https:\/\/yoast.com\/product\/yoast-seo-wordpress\/ -->\n<title>De la Agenda Social a la Agenda Pol\u00edtica: la fuerza electoral a nivel territorial - Fuentes Fidedignas<\/title>\n<meta name=\"robots\" content=\"index, follow, max-snippet:-1, max-image-preview:large, max-video-preview:-1\" \/>\n<link rel=\"canonical\" href=\"https:\/\/fuentesfidedignas.com.mx\/index.php\/2025\/12\/13\/de-la-agenda-social-a-la-agenda-politica-la-fuerza-electoral-a-nivel-territorial\/\" \/>\n<meta property=\"og:locale\" content=\"es_MX\" \/>\n<meta property=\"og:type\" content=\"article\" \/>\n<meta property=\"og:title\" content=\"De la Agenda Social a la Agenda Pol\u00edtica: la fuerza electoral a nivel territorial - Fuentes Fidedignas\" \/>\n<meta property=\"og:description\" content=\"Tener la \u201cnarrativa\u201d en los medios no es suficiente para ganar una contienda pol\u00edtica. Abajo, en las calles, lo que se escucha define el sentido del voto, incluso en escenarios corporativos, sobre todo en sociedades donde el despertar pol\u00edtico se relaciona con una historia de luchas sociales, como M\u00e9xico. La fortaleza electoral, cuando se trata [&hellip;]\" \/>\n<meta property=\"og:url\" content=\"https:\/\/fuentesfidedignas.com.mx\/index.php\/2025\/12\/13\/de-la-agenda-social-a-la-agenda-politica-la-fuerza-electoral-a-nivel-territorial\/\" \/>\n<meta property=\"og:site_name\" content=\"Fuentes Fidedignas\" \/>\n<meta property=\"article:publisher\" content=\"https:\/\/www.facebook.com\/Fuentes-Fidedignas-368234489921644\" \/>\n<meta property=\"article:published_time\" content=\"2025-12-13T17:16:27+00:00\" \/>\n<meta property=\"og:image\" content=\"https:\/\/fuentesfidedignas.com.mx\/wp-content\/uploads\/2024\/06\/Votacion-urnas-votos.jpg\" \/>\n\t<meta property=\"og:image:width\" content=\"768\" \/>\n\t<meta property=\"og:image:height\" content=\"479\" \/>\n\t<meta property=\"og:image:type\" content=\"image\/jpeg\" \/>\n<meta name=\"author\" content=\"FRANCISCO MORALES ZEPEDA\" \/>\n<meta name=\"twitter:card\" content=\"summary_large_image\" \/>\n<meta name=\"twitter:creator\" content=\"@fidedignas\" \/>\n<meta name=\"twitter:site\" content=\"@fidedignas\" \/>\n<meta name=\"twitter:label1\" content=\"Escrito por\" \/>\n\t<meta name=\"twitter:data1\" content=\"FRANCISCO MORALES ZEPEDA\" \/>\n\t<meta name=\"twitter:label2\" content=\"Tiempo de lectura\" \/>\n\t<meta name=\"twitter:data2\" content=\"2 minutos\" \/>\n<script type=\"application\/ld+json\" class=\"yoast-schema-graph\">{\"@context\":\"https:\\\/\\\/schema.org\",\"@graph\":[{\"@type\":\"Article\",\"@id\":\"https:\\\/\\\/fuentesfidedignas.com.mx\\\/index.php\\\/2025\\\/12\\\/13\\\/de-la-agenda-social-a-la-agenda-politica-la-fuerza-electoral-a-nivel-territorial\\\/#article\",\"isPartOf\":{\"@id\":\"https:\\\/\\\/fuentesfidedignas.com.mx\\\/index.php\\\/2025\\\/12\\\/13\\\/de-la-agenda-social-a-la-agenda-politica-la-fuerza-electoral-a-nivel-territorial\\\/\"},\"author\":{\"name\":\"FRANCISCO MORALES ZEPEDA\",\"@id\":\"https:\\\/\\\/fuentesfidedignas.com.mx\\\/#\\\/schema\\\/person\\\/6640c7c8af5ac0bcd172eb834c670df1\"},\"headline\":\"De la Agenda Social a la Agenda Pol\u00edtica: la fuerza electoral a nivel territorial\",\"datePublished\":\"2025-12-13T17:16:27+00:00\",\"mainEntityOfPage\":{\"@id\":\"https:\\\/\\\/fuentesfidedignas.com.mx\\\/index.php\\\/2025\\\/12\\\/13\\\/de-la-agenda-social-a-la-agenda-politica-la-fuerza-electoral-a-nivel-territorial\\\/\"},\"wordCount\":504,\"publisher\":{\"@id\":\"https:\\\/\\\/fuentesfidedignas.com.mx\\\/#organization\"},\"image\":{\"@id\":\"https:\\\/\\\/fuentesfidedignas.com.mx\\\/index.php\\\/2025\\\/12\\\/13\\\/de-la-agenda-social-a-la-agenda-politica-la-fuerza-electoral-a-nivel-territorial\\\/#primaryimage\"},\"thumbnailUrl\":\"https:\\\/\\\/fuentesfidedignas.com.mx\\\/wp-content\\\/uploads\\\/2024\\\/06\\\/Votacion-urnas-votos.jpg\",\"articleSection\":[\"COLUMNAS\",\"ESCRITOS AL CARB\u00d3N\"],\"inLanguage\":\"es\"},{\"@type\":\"WebPage\",\"@id\":\"https:\\\/\\\/fuentesfidedignas.com.mx\\\/index.php\\\/2025\\\/12\\\/13\\\/de-la-agenda-social-a-la-agenda-politica-la-fuerza-electoral-a-nivel-territorial\\\/\",\"url\":\"https:\\\/\\\/fuentesfidedignas.com.mx\\\/index.php\\\/2025\\\/12\\\/13\\\/de-la-agenda-social-a-la-agenda-politica-la-fuerza-electoral-a-nivel-territorial\\\/\",\"name\":\"De la Agenda Social a la Agenda Pol\u00edtica: la fuerza electoral a nivel territorial - Fuentes Fidedignas\",\"isPartOf\":{\"@id\":\"https:\\\/\\\/fuentesfidedignas.com.mx\\\/#website\"},\"primaryImageOfPage\":{\"@id\":\"https:\\\/\\\/fuentesfidedignas.com.mx\\\/index.php\\\/2025\\\/12\\\/13\\\/de-la-agenda-social-a-la-agenda-politica-la-fuerza-electoral-a-nivel-territorial\\\/#primaryimage\"},\"image\":{\"@id\":\"https:\\\/\\\/fuentesfidedignas.com.mx\\\/index.php\\\/2025\\\/12\\\/13\\\/de-la-agenda-social-a-la-agenda-politica-la-fuerza-electoral-a-nivel-territorial\\\/#primaryimage\"},\"thumbnailUrl\":\"https:\\\/\\\/fuentesfidedignas.com.mx\\\/wp-content\\\/uploads\\\/2024\\\/06\\\/Votacion-urnas-votos.jpg\",\"datePublished\":\"2025-12-13T17:16:27+00:00\",\"breadcrumb\":{\"@id\":\"https:\\\/\\\/fuentesfidedignas.com.mx\\\/index.php\\\/2025\\\/12\\\/13\\\/de-la-agenda-social-a-la-agenda-politica-la-fuerza-electoral-a-nivel-territorial\\\/#breadcrumb\"},\"inLanguage\":\"es\",\"potentialAction\":[{\"@type\":\"ReadAction\",\"target\":[\"https:\\\/\\\/fuentesfidedignas.com.mx\\\/index.php\\\/2025\\\/12\\\/13\\\/de-la-agenda-social-a-la-agenda-politica-la-fuerza-electoral-a-nivel-territorial\\\/\"]}]},{\"@type\":\"ImageObject\",\"inLanguage\":\"es\",\"@id\":\"https:\\\/\\\/fuentesfidedignas.com.mx\\\/index.php\\\/2025\\\/12\\\/13\\\/de-la-agenda-social-a-la-agenda-politica-la-fuerza-electoral-a-nivel-territorial\\\/#primaryimage\",\"url\":\"https:\\\/\\\/fuentesfidedignas.com.mx\\\/wp-content\\\/uploads\\\/2024\\\/06\\\/Votacion-urnas-votos.jpg\",\"contentUrl\":\"https:\\\/\\\/fuentesfidedignas.com.mx\\\/wp-content\\\/uploads\\\/2024\\\/06\\\/Votacion-urnas-votos.jpg\",\"width\":768,\"height\":479},{\"@type\":\"BreadcrumbList\",\"@id\":\"https:\\\/\\\/fuentesfidedignas.com.mx\\\/index.php\\\/2025\\\/12\\\/13\\\/de-la-agenda-social-a-la-agenda-politica-la-fuerza-electoral-a-nivel-territorial\\\/#breadcrumb\",\"itemListElement\":[{\"@type\":\"ListItem\",\"position\":1,\"name\":\"Inicio\",\"item\":\"https:\\\/\\\/fuentesfidedignas.com.mx\\\/\"},{\"@type\":\"ListItem\",\"position\":2,\"name\":\"De la Agenda Social a la Agenda Pol\u00edtica: la fuerza electoral a nivel territorial\"}]},{\"@type\":\"WebSite\",\"@id\":\"https:\\\/\\\/fuentesfidedignas.com.mx\\\/#website\",\"url\":\"https:\\\/\\\/fuentesfidedignas.com.mx\\\/\",\"name\":\"Fuentes Fidedignas\",\"description\":\"Otro sitio realizado con WordPress\",\"publisher\":{\"@id\":\"https:\\\/\\\/fuentesfidedignas.com.mx\\\/#organization\"},\"potentialAction\":[{\"@type\":\"SearchAction\",\"target\":{\"@type\":\"EntryPoint\",\"urlTemplate\":\"https:\\\/\\\/fuentesfidedignas.com.mx\\\/?s={search_term_string}\"},\"query-input\":{\"@type\":\"PropertyValueSpecification\",\"valueRequired\":true,\"valueName\":\"search_term_string\"}}],\"inLanguage\":\"es\"},{\"@type\":\"Organization\",\"@id\":\"https:\\\/\\\/fuentesfidedignas.com.mx\\\/#organization\",\"name\":\"Fuentes Fidedignas\",\"url\":\"https:\\\/\\\/fuentesfidedignas.com.mx\\\/\",\"logo\":{\"@type\":\"ImageObject\",\"inLanguage\":\"es\",\"@id\":\"https:\\\/\\\/fuentesfidedignas.com.mx\\\/#\\\/schema\\\/logo\\\/image\\\/\",\"url\":\"https:\\\/\\\/fuentesfidedignas.com.mx\\\/wp-content\\\/uploads\\\/2021\\\/04\\\/logo-retina.png\",\"contentUrl\":\"https:\\\/\\\/fuentesfidedignas.com.mx\\\/wp-content\\\/uploads\\\/2021\\\/04\\\/logo-retina.png\",\"width\":280,\"height\":51,\"caption\":\"Fuentes Fidedignas\"},\"image\":{\"@id\":\"https:\\\/\\\/fuentesfidedignas.com.mx\\\/#\\\/schema\\\/logo\\\/image\\\/\"},\"sameAs\":[\"https:\\\/\\\/www.facebook.com\\\/Fuentes-Fidedignas-368234489921644\",\"https:\\\/\\\/x.com\\\/fidedignas\"]},{\"@type\":\"Person\",\"@id\":\"https:\\\/\\\/fuentesfidedignas.com.mx\\\/#\\\/schema\\\/person\\\/6640c7c8af5ac0bcd172eb834c670df1\",\"name\":\"FRANCISCO MORALES ZEPEDA\",\"image\":{\"@type\":\"ImageObject\",\"inLanguage\":\"es\",\"@id\":\"https:\\\/\\\/secure.gravatar.com\\\/avatar\\\/be738775789ce0aa2aeecbfc33425ce3b878acf8b9d6ead9942fcb6500ad1126?s=96&d=mm&r=g\",\"url\":\"https:\\\/\\\/secure.gravatar.com\\\/avatar\\\/be738775789ce0aa2aeecbfc33425ce3b878acf8b9d6ead9942fcb6500ad1126?s=96&d=mm&r=g\",\"contentUrl\":\"https:\\\/\\\/secure.gravatar.com\\\/avatar\\\/be738775789ce0aa2aeecbfc33425ce3b878acf8b9d6ead9942fcb6500ad1126?s=96&d=mm&r=g\",\"caption\":\"FRANCISCO MORALES ZEPEDA\"},\"url\":\"https:\\\/\\\/fuentesfidedignas.com.mx\\\/index.php\\\/author\\\/francismo-morales-zepeda\\\/\"}]}<\/script>\n<!-- \/ Yoast SEO plugin. -->","yoast_head_json":{"title":"De la Agenda Social a la Agenda Pol\u00edtica: la fuerza electoral a nivel territorial - Fuentes Fidedignas","robots":{"index":"index","follow":"follow","max-snippet":"max-snippet:-1","max-image-preview":"max-image-preview:large","max-video-preview":"max-video-preview:-1"},"canonical":"https:\/\/fuentesfidedignas.com.mx\/index.php\/2025\/12\/13\/de-la-agenda-social-a-la-agenda-politica-la-fuerza-electoral-a-nivel-territorial\/","og_locale":"es_MX","og_type":"article","og_title":"De la Agenda Social a la Agenda Pol\u00edtica: la fuerza electoral a nivel territorial - Fuentes Fidedignas","og_description":"Tener la \u201cnarrativa\u201d en los medios no es suficiente para ganar una contienda pol\u00edtica. Abajo, en las calles, lo que se escucha define el sentido del voto, incluso en escenarios corporativos, sobre todo en sociedades donde el despertar pol\u00edtico se relaciona con una historia de luchas sociales, como M\u00e9xico. La fortaleza electoral, cuando se trata [&hellip;]","og_url":"https:\/\/fuentesfidedignas.com.mx\/index.php\/2025\/12\/13\/de-la-agenda-social-a-la-agenda-politica-la-fuerza-electoral-a-nivel-territorial\/","og_site_name":"Fuentes Fidedignas","article_publisher":"https:\/\/www.facebook.com\/Fuentes-Fidedignas-368234489921644","article_published_time":"2025-12-13T17:16:27+00:00","og_image":[{"width":768,"height":479,"url":"https:\/\/fuentesfidedignas.com.mx\/wp-content\/uploads\/2024\/06\/Votacion-urnas-votos.jpg","type":"image\/jpeg"}],"author":"FRANCISCO MORALES ZEPEDA","twitter_card":"summary_large_image","twitter_creator":"@fidedignas","twitter_site":"@fidedignas","twitter_misc":{"Escrito por":"FRANCISCO MORALES ZEPEDA","Tiempo de lectura":"2 minutos"},"schema":{"@context":"https:\/\/schema.org","@graph":[{"@type":"Article","@id":"https:\/\/fuentesfidedignas.com.mx\/index.php\/2025\/12\/13\/de-la-agenda-social-a-la-agenda-politica-la-fuerza-electoral-a-nivel-territorial\/#article","isPartOf":{"@id":"https:\/\/fuentesfidedignas.com.mx\/index.php\/2025\/12\/13\/de-la-agenda-social-a-la-agenda-politica-la-fuerza-electoral-a-nivel-territorial\/"},"author":{"name":"FRANCISCO MORALES ZEPEDA","@id":"https:\/\/fuentesfidedignas.com.mx\/#\/schema\/person\/6640c7c8af5ac0bcd172eb834c670df1"},"headline":"De la Agenda Social a la Agenda Pol\u00edtica: la fuerza electoral a nivel territorial","datePublished":"2025-12-13T17:16:27+00:00","mainEntityOfPage":{"@id":"https:\/\/fuentesfidedignas.com.mx\/index.php\/2025\/12\/13\/de-la-agenda-social-a-la-agenda-politica-la-fuerza-electoral-a-nivel-territorial\/"},"wordCount":504,"publisher":{"@id":"https:\/\/fuentesfidedignas.com.mx\/#organization"},"image":{"@id":"https:\/\/fuentesfidedignas.com.mx\/index.php\/2025\/12\/13\/de-la-agenda-social-a-la-agenda-politica-la-fuerza-electoral-a-nivel-territorial\/#primaryimage"},"thumbnailUrl":"https:\/\/fuentesfidedignas.com.mx\/wp-content\/uploads\/2024\/06\/Votacion-urnas-votos.jpg","articleSection":["COLUMNAS","ESCRITOS AL CARB\u00d3N"],"inLanguage":"es"},{"@type":"WebPage","@id":"https:\/\/fuentesfidedignas.com.mx\/index.php\/2025\/12\/13\/de-la-agenda-social-a-la-agenda-politica-la-fuerza-electoral-a-nivel-territorial\/","url":"https:\/\/fuentesfidedignas.com.mx\/index.php\/2025\/12\/13\/de-la-agenda-social-a-la-agenda-politica-la-fuerza-electoral-a-nivel-territorial\/","name":"De la Agenda Social a la Agenda Pol\u00edtica: la fuerza electoral a nivel territorial - Fuentes Fidedignas","isPartOf":{"@id":"https:\/\/fuentesfidedignas.com.mx\/#website"},"primaryImageOfPage":{"@id":"https:\/\/fuentesfidedignas.com.mx\/index.php\/2025\/12\/13\/de-la-agenda-social-a-la-agenda-politica-la-fuerza-electoral-a-nivel-territorial\/#primaryimage"},"image":{"@id":"https:\/\/fuentesfidedignas.com.mx\/index.php\/2025\/12\/13\/de-la-agenda-social-a-la-agenda-politica-la-fuerza-electoral-a-nivel-territorial\/#primaryimage"},"thumbnailUrl":"https:\/\/fuentesfidedignas.com.mx\/wp-content\/uploads\/2024\/06\/Votacion-urnas-votos.jpg","datePublished":"2025-12-13T17:16:27+00:00","breadcrumb":{"@id":"https:\/\/fuentesfidedignas.com.mx\/index.php\/2025\/12\/13\/de-la-agenda-social-a-la-agenda-politica-la-fuerza-electoral-a-nivel-territorial\/#breadcrumb"},"inLanguage":"es","potentialAction":[{"@type":"ReadAction","target":["https:\/\/fuentesfidedignas.com.mx\/index.php\/2025\/12\/13\/de-la-agenda-social-a-la-agenda-politica-la-fuerza-electoral-a-nivel-territorial\/"]}]},{"@type":"ImageObject","inLanguage":"es","@id":"https:\/\/fuentesfidedignas.com.mx\/index.php\/2025\/12\/13\/de-la-agenda-social-a-la-agenda-politica-la-fuerza-electoral-a-nivel-territorial\/#primaryimage","url":"https:\/\/fuentesfidedignas.com.mx\/wp-content\/uploads\/2024\/06\/Votacion-urnas-votos.jpg","contentUrl":"https:\/\/fuentesfidedignas.com.mx\/wp-content\/uploads\/2024\/06\/Votacion-urnas-votos.jpg","width":768,"height":479},{"@type":"BreadcrumbList","@id":"https:\/\/fuentesfidedignas.com.mx\/index.php\/2025\/12\/13\/de-la-agenda-social-a-la-agenda-politica-la-fuerza-electoral-a-nivel-territorial\/#breadcrumb","itemListElement":[{"@type":"ListItem","position":1,"name":"Inicio","item":"https:\/\/fuentesfidedignas.com.mx\/"},{"@type":"ListItem","position":2,"name":"De la Agenda Social a la Agenda Pol\u00edtica: la fuerza electoral a nivel territorial"}]},{"@type":"WebSite","@id":"https:\/\/fuentesfidedignas.com.mx\/#website","url":"https:\/\/fuentesfidedignas.com.mx\/","name":"Fuentes Fidedignas","description":"Otro sitio realizado con WordPress","publisher":{"@id":"https:\/\/fuentesfidedignas.com.mx\/#organization"},"potentialAction":[{"@type":"SearchAction","target":{"@type":"EntryPoint","urlTemplate":"https:\/\/fuentesfidedignas.com.mx\/?s={search_term_string}"},"query-input":{"@type":"PropertyValueSpecification","valueRequired":true,"valueName":"search_term_string"}}],"inLanguage":"es"},{"@type":"Organization","@id":"https:\/\/fuentesfidedignas.com.mx\/#organization","name":"Fuentes Fidedignas","url":"https:\/\/fuentesfidedignas.com.mx\/","logo":{"@type":"ImageObject","inLanguage":"es","@id":"https:\/\/fuentesfidedignas.com.mx\/#\/schema\/logo\/image\/","url":"https:\/\/fuentesfidedignas.com.mx\/wp-content\/uploads\/2021\/04\/logo-retina.png","contentUrl":"https:\/\/fuentesfidedignas.com.mx\/wp-content\/uploads\/2021\/04\/logo-retina.png","width":280,"height":51,"caption":"Fuentes Fidedignas"},"image":{"@id":"https:\/\/fuentesfidedignas.com.mx\/#\/schema\/logo\/image\/"},"sameAs":["https:\/\/www.facebook.com\/Fuentes-Fidedignas-368234489921644","https:\/\/x.com\/fidedignas"]},{"@type":"Person","@id":"https:\/\/fuentesfidedignas.com.mx\/#\/schema\/person\/6640c7c8af5ac0bcd172eb834c670df1","name":"FRANCISCO MORALES ZEPEDA","image":{"@type":"ImageObject","inLanguage":"es","@id":"https:\/\/secure.gravatar.com\/avatar\/be738775789ce0aa2aeecbfc33425ce3b878acf8b9d6ead9942fcb6500ad1126?s=96&d=mm&r=g","url":"https:\/\/secure.gravatar.com\/avatar\/be738775789ce0aa2aeecbfc33425ce3b878acf8b9d6ead9942fcb6500ad1126?s=96&d=mm&r=g","contentUrl":"https:\/\/secure.gravatar.com\/avatar\/be738775789ce0aa2aeecbfc33425ce3b878acf8b9d6ead9942fcb6500ad1126?s=96&d=mm&r=g","caption":"FRANCISCO MORALES ZEPEDA"},"url":"https:\/\/fuentesfidedignas.com.mx\/index.php\/author\/francismo-morales-zepeda\/"}]}},"_links":{"self":[{"href":"https:\/\/fuentesfidedignas.com.mx\/index.php\/wp-json\/wp\/v2\/posts\/123684","targetHints":{"allow":["GET"]}}],"collection":[{"href":"https:\/\/fuentesfidedignas.com.mx\/index.php\/wp-json\/wp\/v2\/posts"}],"about":[{"href":"https:\/\/fuentesfidedignas.com.mx\/index.php\/wp-json\/wp\/v2\/types\/post"}],"author":[{"embeddable":true,"href":"https:\/\/fuentesfidedignas.com.mx\/index.php\/wp-json\/wp\/v2\/users\/144"}],"replies":[{"embeddable":true,"href":"https:\/\/fuentesfidedignas.com.mx\/index.php\/wp-json\/wp\/v2\/comments?post=123684"}],"version-history":[{"count":1,"href":"https:\/\/fuentesfidedignas.com.mx\/index.php\/wp-json\/wp\/v2\/posts\/123684\/revisions"}],"predecessor-version":[{"id":123685,"href":"https:\/\/fuentesfidedignas.com.mx\/index.php\/wp-json\/wp\/v2\/posts\/123684\/revisions\/123685"}],"wp:featuredmedia":[{"embeddable":true,"href":"https:\/\/fuentesfidedignas.com.mx\/index.php\/wp-json\/wp\/v2\/media\/83290"}],"wp:attachment":[{"href":"https:\/\/fuentesfidedignas.com.mx\/index.php\/wp-json\/wp\/v2\/media?parent=123684"}],"wp:term":[{"taxonomy":"category","embeddable":true,"href":"https:\/\/fuentesfidedignas.com.mx\/index.php\/wp-json\/wp\/v2\/categories?post=123684"},{"taxonomy":"post_tag","embeddable":true,"href":"https:\/\/fuentesfidedignas.com.mx\/index.php\/wp-json\/wp\/v2\/tags?post=123684"}],"curies":[{"name":"wp","href":"https:\/\/api.w.org\/{rel}","templated":true}]}}