{"id":123321,"date":"2025-12-08T08:45:22","date_gmt":"2025-12-08T15:45:22","guid":{"rendered":"https:\/\/fuentesfidedignas.com.mx\/?p=123321"},"modified":"2025-12-08T09:11:02","modified_gmt":"2025-12-08T16:11:02","slug":"japon-emite-una-alerta-de-tsunami-despues-de-un-terremoto-de-magnitud-7-6","status":"publish","type":"post","link":"https:\/\/fuentesfidedignas.com.mx\/index.php\/2025\/12\/08\/japon-emite-una-alerta-de-tsunami-despues-de-un-terremoto-de-magnitud-7-6\/","title":{"rendered":"Jap\u00f3n emite una alerta de tsunami despu\u00e9s de un terremoto de magnitud 7.6"},"content":{"rendered":"\n<p><strong><em>Jap\u00f3n emiti\u00f3 una alerta de tsunami este lunes despu\u00e9s de un terremoto de magnitud 7.6 en el Pac\u00edfico.<\/em><\/strong><\/p>\n\n\n\n<p>Jap\u00f3n emiti\u00f3 una alerta de tsunami este lunes despu\u00e9s de un terremoto de magnitud 7.6 en el Pac\u00edfico y la agencia meteorol\u00f3gica alert\u00f3 de que olas de hasta tres metros pueden golpear la costa.<\/p>\n\n\n\n<p>Medios locales reportan heridos tras el sismo que seg\u00fan el Servicio Geol\u00f3gico de Estados Unidos (USGS) se produjo a las 23:15 horas (14:15 GMT) frente a Misawa, en la costa norte de Jap\u00f3n, a una profundidad de 53 kil\u00f3metros.<\/p>\n\n\n\n<p>La primera ola de tsunami impact\u00f3 en un puerto de Aomori, en la isla principal de Jap\u00f3n, a las 23:43 horas (14:43 GMT), indic\u00f3 la Agencia Meteorol\u00f3gica japonesa (JMA).<\/p>\n\n\n\n<p>Siete minutos despu\u00e9s, una segunda ola, tambi\u00e9n de 40 cent\u00edmetros de altura, se abati\u00f3 contra Urakawa, en la regi\u00f3n de Hokkaido, a\u00f1adi\u00f3 la agencia.<\/p>\n\n\n\n<p>La emisora p\u00fablica NHK cit\u00f3 a un empleado de un hotel en la ciudad de Hachinohe, en Aomori, quien afirm\u00f3 que hubo algunos heridos. Im\u00e1genes en directo mostraron fragmentos de vidrio roto esparcidos por las carreteras.<\/p>\n\n\n\n<p>El terremoto tambi\u00e9n se sinti\u00f3 el el centro urbano de Sapporo, donde las alarmas sonaron en los celulares para alertar a los residentes.<\/p>\n\n\n\n<p>Jap\u00f3n est\u00e1 situado en el llamado Cintur\u00f3n de Fuego del Pac\u00edfico, una zona de intensa actividad s\u00edsmica.<\/p>\n\n\n\n<p>El archipi\u00e9lago, hogar de alrededor de 125 millones de personas, registra aproximadamente 1,500 sacudidas cada a\u00f1o.<\/p>\n\n\n\n<p>La gran mayor\u00eda son leves, aunque los da\u00f1os que provocan var\u00edan seg\u00fan su ubicaci\u00f3n y la profundidad bajo la superficie terrestre.<\/p>\n\n\n\n<p><\/p>\n","protected":false},"excerpt":{"rendered":"<p>Jap\u00f3n emiti\u00f3 una alerta de tsunami este lunes despu\u00e9s de un terremoto de magnitud 7.6 en el Pac\u00edfico. Jap\u00f3n emiti\u00f3 una alerta de tsunami este lunes despu\u00e9s de un terremoto de magnitud 7.6 en el Pac\u00edfico y la agencia meteorol\u00f3gica alert\u00f3 de que olas de hasta tres metros pueden golpear la costa. Medios locales reportan [&hellip;]<\/p>\n","protected":false},"author":12,"featured_media":45442,"comment_status":"open","ping_status":"open","sticky":false,"template":"","format":"standard","meta":{"tdm_status":"","tdm_grid_status":"","footnotes":""},"categories":[39],"tags":[],"class_list":{"0":"post-123321","1":"post","2":"type-post","3":"status-publish","4":"format-standard","5":"has-post-thumbnail","7":"category-noticias-nacionales"},"yoast_head":"<!-- This site is optimized with the Yoast SEO plugin v27.5 - https:\/\/yoast.com\/product\/yoast-seo-wordpress\/ -->\n<title>Jap\u00f3n emite una alerta de tsunami despu\u00e9s de un terremoto de magnitud 7.6 - Fuentes Fidedignas<\/title>\n<meta name=\"robots\" content=\"index, follow, max-snippet:-1, max-image-preview:large, max-video-preview:-1\" \/>\n<link rel=\"canonical\" href=\"https:\/\/fuentesfidedignas.com.mx\/index.php\/2025\/12\/08\/japon-emite-una-alerta-de-tsunami-despues-de-un-terremoto-de-magnitud-7-6\/\" \/>\n<meta property=\"og:locale\" content=\"es_MX\" \/>\n<meta property=\"og:type\" content=\"article\" \/>\n<meta property=\"og:title\" content=\"Jap\u00f3n emite una alerta de tsunami despu\u00e9s de un terremoto de magnitud 7.6 - Fuentes Fidedignas\" \/>\n<meta property=\"og:description\" content=\"Jap\u00f3n emiti\u00f3 una alerta de tsunami este lunes despu\u00e9s de un terremoto de magnitud 7.6 en el Pac\u00edfico. Jap\u00f3n emiti\u00f3 una alerta de tsunami este lunes despu\u00e9s de un terremoto de magnitud 7.6 en el Pac\u00edfico y la agencia meteorol\u00f3gica alert\u00f3 de que olas de hasta tres metros pueden golpear la costa. Medios locales reportan [&hellip;]\" \/>\n<meta property=\"og:url\" content=\"https:\/\/fuentesfidedignas.com.mx\/index.php\/2025\/12\/08\/japon-emite-una-alerta-de-tsunami-despues-de-un-terremoto-de-magnitud-7-6\/\" \/>\n<meta property=\"og:site_name\" content=\"Fuentes Fidedignas\" \/>\n<meta property=\"article:publisher\" content=\"https:\/\/www.facebook.com\/Fuentes-Fidedignas-368234489921644\" \/>\n<meta property=\"article:published_time\" content=\"2025-12-08T15:45:22+00:00\" \/>\n<meta property=\"article:modified_time\" content=\"2025-12-08T16:11:02+00:00\" \/>\n<meta property=\"og:image\" content=\"https:\/\/fuentesfidedignas.com.mx\/wp-content\/uploads\/2023\/04\/SISMO.jpg\" \/>\n\t<meta property=\"og:image:width\" content=\"1136\" \/>\n\t<meta property=\"og:image:height\" content=\"642\" \/>\n\t<meta property=\"og:image:type\" content=\"image\/jpeg\" \/>\n<meta name=\"author\" content=\"AFP\" \/>\n<meta name=\"twitter:card\" content=\"summary_large_image\" \/>\n<meta name=\"twitter:creator\" content=\"@fidedignas\" \/>\n<meta name=\"twitter:site\" content=\"@fidedignas\" \/>\n<meta name=\"twitter:label1\" content=\"Escrito por\" \/>\n\t<meta name=\"twitter:data1\" content=\"AFP\" \/>\n\t<meta name=\"twitter:label2\" content=\"Tiempo de lectura\" \/>\n\t<meta name=\"twitter:data2\" content=\"2 minutos\" \/>\n<script type=\"application\/ld+json\" class=\"yoast-schema-graph\">{\"@context\":\"https:\\\/\\\/schema.org\",\"@graph\":[{\"@type\":\"Article\",\"@id\":\"https:\\\/\\\/fuentesfidedignas.com.mx\\\/index.php\\\/2025\\\/12\\\/08\\\/japon-emite-una-alerta-de-tsunami-despues-de-un-terremoto-de-magnitud-7-6\\\/#article\",\"isPartOf\":{\"@id\":\"https:\\\/\\\/fuentesfidedignas.com.mx\\\/index.php\\\/2025\\\/12\\\/08\\\/japon-emite-una-alerta-de-tsunami-despues-de-un-terremoto-de-magnitud-7-6\\\/\"},\"author\":{\"name\":\"AFP\",\"@id\":\"https:\\\/\\\/fuentesfidedignas.com.mx\\\/#\\\/schema\\\/person\\\/1827b38c6cf89e1d6cc7d78ca3fae732\"},\"headline\":\"Jap\u00f3n emite una alerta de tsunami despu\u00e9s de un terremoto de magnitud 7.6\",\"datePublished\":\"2025-12-08T15:45:22+00:00\",\"dateModified\":\"2025-12-08T16:11:02+00:00\",\"mainEntityOfPage\":{\"@id\":\"https:\\\/\\\/fuentesfidedignas.com.mx\\\/index.php\\\/2025\\\/12\\\/08\\\/japon-emite-una-alerta-de-tsunami-despues-de-un-terremoto-de-magnitud-7-6\\\/\"},\"wordCount\":293,\"commentCount\":0,\"publisher\":{\"@id\":\"https:\\\/\\\/fuentesfidedignas.com.mx\\\/#organization\"},\"image\":{\"@id\":\"https:\\\/\\\/fuentesfidedignas.com.mx\\\/index.php\\\/2025\\\/12\\\/08\\\/japon-emite-una-alerta-de-tsunami-despues-de-un-terremoto-de-magnitud-7-6\\\/#primaryimage\"},\"thumbnailUrl\":\"https:\\\/\\\/fuentesfidedignas.com.mx\\\/wp-content\\\/uploads\\\/2023\\\/04\\\/SISMO.jpg\",\"articleSection\":[\"NOTICIAS NACIONALES\"],\"inLanguage\":\"es\",\"potentialAction\":[{\"@type\":\"CommentAction\",\"name\":\"Comment\",\"target\":[\"https:\\\/\\\/fuentesfidedignas.com.mx\\\/index.php\\\/2025\\\/12\\\/08\\\/japon-emite-una-alerta-de-tsunami-despues-de-un-terremoto-de-magnitud-7-6\\\/#respond\"]}]},{\"@type\":\"WebPage\",\"@id\":\"https:\\\/\\\/fuentesfidedignas.com.mx\\\/index.php\\\/2025\\\/12\\\/08\\\/japon-emite-una-alerta-de-tsunami-despues-de-un-terremoto-de-magnitud-7-6\\\/\",\"url\":\"https:\\\/\\\/fuentesfidedignas.com.mx\\\/index.php\\\/2025\\\/12\\\/08\\\/japon-emite-una-alerta-de-tsunami-despues-de-un-terremoto-de-magnitud-7-6\\\/\",\"name\":\"Jap\u00f3n emite una alerta de tsunami despu\u00e9s de un terremoto de magnitud 7.6 - Fuentes Fidedignas\",\"isPartOf\":{\"@id\":\"https:\\\/\\\/fuentesfidedignas.com.mx\\\/#website\"},\"primaryImageOfPage\":{\"@id\":\"https:\\\/\\\/fuentesfidedignas.com.mx\\\/index.php\\\/2025\\\/12\\\/08\\\/japon-emite-una-alerta-de-tsunami-despues-de-un-terremoto-de-magnitud-7-6\\\/#primaryimage\"},\"image\":{\"@id\":\"https:\\\/\\\/fuentesfidedignas.com.mx\\\/index.php\\\/2025\\\/12\\\/08\\\/japon-emite-una-alerta-de-tsunami-despues-de-un-terremoto-de-magnitud-7-6\\\/#primaryimage\"},\"thumbnailUrl\":\"https:\\\/\\\/fuentesfidedignas.com.mx\\\/wp-content\\\/uploads\\\/2023\\\/04\\\/SISMO.jpg\",\"datePublished\":\"2025-12-08T15:45:22+00:00\",\"dateModified\":\"2025-12-08T16:11:02+00:00\",\"breadcrumb\":{\"@id\":\"https:\\\/\\\/fuentesfidedignas.com.mx\\\/index.php\\\/2025\\\/12\\\/08\\\/japon-emite-una-alerta-de-tsunami-despues-de-un-terremoto-de-magnitud-7-6\\\/#breadcrumb\"},\"inLanguage\":\"es\",\"potentialAction\":[{\"@type\":\"ReadAction\",\"target\":[\"https:\\\/\\\/fuentesfidedignas.com.mx\\\/index.php\\\/2025\\\/12\\\/08\\\/japon-emite-una-alerta-de-tsunami-despues-de-un-terremoto-de-magnitud-7-6\\\/\"]}]},{\"@type\":\"ImageObject\",\"inLanguage\":\"es\",\"@id\":\"https:\\\/\\\/fuentesfidedignas.com.mx\\\/index.php\\\/2025\\\/12\\\/08\\\/japon-emite-una-alerta-de-tsunami-despues-de-un-terremoto-de-magnitud-7-6\\\/#primaryimage\",\"url\":\"https:\\\/\\\/fuentesfidedignas.com.mx\\\/wp-content\\\/uploads\\\/2023\\\/04\\\/SISMO.jpg\",\"contentUrl\":\"https:\\\/\\\/fuentesfidedignas.com.mx\\\/wp-content\\\/uploads\\\/2023\\\/04\\\/SISMO.jpg\",\"width\":1136,\"height\":642},{\"@type\":\"BreadcrumbList\",\"@id\":\"https:\\\/\\\/fuentesfidedignas.com.mx\\\/index.php\\\/2025\\\/12\\\/08\\\/japon-emite-una-alerta-de-tsunami-despues-de-un-terremoto-de-magnitud-7-6\\\/#breadcrumb\",\"itemListElement\":[{\"@type\":\"ListItem\",\"position\":1,\"name\":\"Inicio\",\"item\":\"https:\\\/\\\/fuentesfidedignas.com.mx\\\/\"},{\"@type\":\"ListItem\",\"position\":2,\"name\":\"Jap\u00f3n emite una alerta de tsunami despu\u00e9s de un terremoto de magnitud 7.6\"}]},{\"@type\":\"WebSite\",\"@id\":\"https:\\\/\\\/fuentesfidedignas.com.mx\\\/#website\",\"url\":\"https:\\\/\\\/fuentesfidedignas.com.mx\\\/\",\"name\":\"Fuentes Fidedignas\",\"description\":\"Otro sitio realizado con WordPress\",\"publisher\":{\"@id\":\"https:\\\/\\\/fuentesfidedignas.com.mx\\\/#organization\"},\"potentialAction\":[{\"@type\":\"SearchAction\",\"target\":{\"@type\":\"EntryPoint\",\"urlTemplate\":\"https:\\\/\\\/fuentesfidedignas.com.mx\\\/?s={search_term_string}\"},\"query-input\":{\"@type\":\"PropertyValueSpecification\",\"valueRequired\":true,\"valueName\":\"search_term_string\"}}],\"inLanguage\":\"es\"},{\"@type\":\"Organization\",\"@id\":\"https:\\\/\\\/fuentesfidedignas.com.mx\\\/#organization\",\"name\":\"Fuentes Fidedignas\",\"url\":\"https:\\\/\\\/fuentesfidedignas.com.mx\\\/\",\"logo\":{\"@type\":\"ImageObject\",\"inLanguage\":\"es\",\"@id\":\"https:\\\/\\\/fuentesfidedignas.com.mx\\\/#\\\/schema\\\/logo\\\/image\\\/\",\"url\":\"https:\\\/\\\/fuentesfidedignas.com.mx\\\/wp-content\\\/uploads\\\/2021\\\/04\\\/logo-retina.png\",\"contentUrl\":\"https:\\\/\\\/fuentesfidedignas.com.mx\\\/wp-content\\\/uploads\\\/2021\\\/04\\\/logo-retina.png\",\"width\":280,\"height\":51,\"caption\":\"Fuentes Fidedignas\"},\"image\":{\"@id\":\"https:\\\/\\\/fuentesfidedignas.com.mx\\\/#\\\/schema\\\/logo\\\/image\\\/\"},\"sameAs\":[\"https:\\\/\\\/www.facebook.com\\\/Fuentes-Fidedignas-368234489921644\",\"https:\\\/\\\/x.com\\\/fidedignas\"]},{\"@type\":\"Person\",\"@id\":\"https:\\\/\\\/fuentesfidedignas.com.mx\\\/#\\\/schema\\\/person\\\/1827b38c6cf89e1d6cc7d78ca3fae732\",\"name\":\"AFP\",\"image\":{\"@type\":\"ImageObject\",\"inLanguage\":\"es\",\"@id\":\"https:\\\/\\\/secure.gravatar.com\\\/avatar\\\/236827d2ee9bf15e1ea99e0c1cd1b467cffa55e324d177638d0f8de7950cbae6?s=96&d=mm&r=g\",\"url\":\"https:\\\/\\\/secure.gravatar.com\\\/avatar\\\/236827d2ee9bf15e1ea99e0c1cd1b467cffa55e324d177638d0f8de7950cbae6?s=96&d=mm&r=g\",\"contentUrl\":\"https:\\\/\\\/secure.gravatar.com\\\/avatar\\\/236827d2ee9bf15e1ea99e0c1cd1b467cffa55e324d177638d0f8de7950cbae6?s=96&d=mm&r=g\",\"caption\":\"AFP\"},\"url\":\"https:\\\/\\\/fuentesfidedignas.com.mx\\\/index.php\\\/author\\\/afp\\\/\"}]}<\/script>\n<!-- \/ Yoast SEO plugin. -->","yoast_head_json":{"title":"Jap\u00f3n emite una alerta de tsunami despu\u00e9s de un terremoto de magnitud 7.6 - Fuentes Fidedignas","robots":{"index":"index","follow":"follow","max-snippet":"max-snippet:-1","max-image-preview":"max-image-preview:large","max-video-preview":"max-video-preview:-1"},"canonical":"https:\/\/fuentesfidedignas.com.mx\/index.php\/2025\/12\/08\/japon-emite-una-alerta-de-tsunami-despues-de-un-terremoto-de-magnitud-7-6\/","og_locale":"es_MX","og_type":"article","og_title":"Jap\u00f3n emite una alerta de tsunami despu\u00e9s de un terremoto de magnitud 7.6 - Fuentes Fidedignas","og_description":"Jap\u00f3n emiti\u00f3 una alerta de tsunami este lunes despu\u00e9s de un terremoto de magnitud 7.6 en el Pac\u00edfico. Jap\u00f3n emiti\u00f3 una alerta de tsunami este lunes despu\u00e9s de un terremoto de magnitud 7.6 en el Pac\u00edfico y la agencia meteorol\u00f3gica alert\u00f3 de que olas de hasta tres metros pueden golpear la costa. Medios locales reportan [&hellip;]","og_url":"https:\/\/fuentesfidedignas.com.mx\/index.php\/2025\/12\/08\/japon-emite-una-alerta-de-tsunami-despues-de-un-terremoto-de-magnitud-7-6\/","og_site_name":"Fuentes Fidedignas","article_publisher":"https:\/\/www.facebook.com\/Fuentes-Fidedignas-368234489921644","article_published_time":"2025-12-08T15:45:22+00:00","article_modified_time":"2025-12-08T16:11:02+00:00","og_image":[{"width":1136,"height":642,"url":"https:\/\/fuentesfidedignas.com.mx\/wp-content\/uploads\/2023\/04\/SISMO.jpg","type":"image\/jpeg"}],"author":"AFP","twitter_card":"summary_large_image","twitter_creator":"@fidedignas","twitter_site":"@fidedignas","twitter_misc":{"Escrito por":"AFP","Tiempo de lectura":"2 minutos"},"schema":{"@context":"https:\/\/schema.org","@graph":[{"@type":"Article","@id":"https:\/\/fuentesfidedignas.com.mx\/index.php\/2025\/12\/08\/japon-emite-una-alerta-de-tsunami-despues-de-un-terremoto-de-magnitud-7-6\/#article","isPartOf":{"@id":"https:\/\/fuentesfidedignas.com.mx\/index.php\/2025\/12\/08\/japon-emite-una-alerta-de-tsunami-despues-de-un-terremoto-de-magnitud-7-6\/"},"author":{"name":"AFP","@id":"https:\/\/fuentesfidedignas.com.mx\/#\/schema\/person\/1827b38c6cf89e1d6cc7d78ca3fae732"},"headline":"Jap\u00f3n emite una alerta de tsunami despu\u00e9s de un terremoto de magnitud 7.6","datePublished":"2025-12-08T15:45:22+00:00","dateModified":"2025-12-08T16:11:02+00:00","mainEntityOfPage":{"@id":"https:\/\/fuentesfidedignas.com.mx\/index.php\/2025\/12\/08\/japon-emite-una-alerta-de-tsunami-despues-de-un-terremoto-de-magnitud-7-6\/"},"wordCount":293,"commentCount":0,"publisher":{"@id":"https:\/\/fuentesfidedignas.com.mx\/#organization"},"image":{"@id":"https:\/\/fuentesfidedignas.com.mx\/index.php\/2025\/12\/08\/japon-emite-una-alerta-de-tsunami-despues-de-un-terremoto-de-magnitud-7-6\/#primaryimage"},"thumbnailUrl":"https:\/\/fuentesfidedignas.com.mx\/wp-content\/uploads\/2023\/04\/SISMO.jpg","articleSection":["NOTICIAS NACIONALES"],"inLanguage":"es","potentialAction":[{"@type":"CommentAction","name":"Comment","target":["https:\/\/fuentesfidedignas.com.mx\/index.php\/2025\/12\/08\/japon-emite-una-alerta-de-tsunami-despues-de-un-terremoto-de-magnitud-7-6\/#respond"]}]},{"@type":"WebPage","@id":"https:\/\/fuentesfidedignas.com.mx\/index.php\/2025\/12\/08\/japon-emite-una-alerta-de-tsunami-despues-de-un-terremoto-de-magnitud-7-6\/","url":"https:\/\/fuentesfidedignas.com.mx\/index.php\/2025\/12\/08\/japon-emite-una-alerta-de-tsunami-despues-de-un-terremoto-de-magnitud-7-6\/","name":"Jap\u00f3n emite una alerta de tsunami despu\u00e9s de un terremoto de magnitud 7.6 - Fuentes Fidedignas","isPartOf":{"@id":"https:\/\/fuentesfidedignas.com.mx\/#website"},"primaryImageOfPage":{"@id":"https:\/\/fuentesfidedignas.com.mx\/index.php\/2025\/12\/08\/japon-emite-una-alerta-de-tsunami-despues-de-un-terremoto-de-magnitud-7-6\/#primaryimage"},"image":{"@id":"https:\/\/fuentesfidedignas.com.mx\/index.php\/2025\/12\/08\/japon-emite-una-alerta-de-tsunami-despues-de-un-terremoto-de-magnitud-7-6\/#primaryimage"},"thumbnailUrl":"https:\/\/fuentesfidedignas.com.mx\/wp-content\/uploads\/2023\/04\/SISMO.jpg","datePublished":"2025-12-08T15:45:22+00:00","dateModified":"2025-12-08T16:11:02+00:00","breadcrumb":{"@id":"https:\/\/fuentesfidedignas.com.mx\/index.php\/2025\/12\/08\/japon-emite-una-alerta-de-tsunami-despues-de-un-terremoto-de-magnitud-7-6\/#breadcrumb"},"inLanguage":"es","potentialAction":[{"@type":"ReadAction","target":["https:\/\/fuentesfidedignas.com.mx\/index.php\/2025\/12\/08\/japon-emite-una-alerta-de-tsunami-despues-de-un-terremoto-de-magnitud-7-6\/"]}]},{"@type":"ImageObject","inLanguage":"es","@id":"https:\/\/fuentesfidedignas.com.mx\/index.php\/2025\/12\/08\/japon-emite-una-alerta-de-tsunami-despues-de-un-terremoto-de-magnitud-7-6\/#primaryimage","url":"https:\/\/fuentesfidedignas.com.mx\/wp-content\/uploads\/2023\/04\/SISMO.jpg","contentUrl":"https:\/\/fuentesfidedignas.com.mx\/wp-content\/uploads\/2023\/04\/SISMO.jpg","width":1136,"height":642},{"@type":"BreadcrumbList","@id":"https:\/\/fuentesfidedignas.com.mx\/index.php\/2025\/12\/08\/japon-emite-una-alerta-de-tsunami-despues-de-un-terremoto-de-magnitud-7-6\/#breadcrumb","itemListElement":[{"@type":"ListItem","position":1,"name":"Inicio","item":"https:\/\/fuentesfidedignas.com.mx\/"},{"@type":"ListItem","position":2,"name":"Jap\u00f3n emite una alerta de tsunami despu\u00e9s de un terremoto de magnitud 7.6"}]},{"@type":"WebSite","@id":"https:\/\/fuentesfidedignas.com.mx\/#website","url":"https:\/\/fuentesfidedignas.com.mx\/","name":"Fuentes Fidedignas","description":"Otro sitio realizado con WordPress","publisher":{"@id":"https:\/\/fuentesfidedignas.com.mx\/#organization"},"potentialAction":[{"@type":"SearchAction","target":{"@type":"EntryPoint","urlTemplate":"https:\/\/fuentesfidedignas.com.mx\/?s={search_term_string}"},"query-input":{"@type":"PropertyValueSpecification","valueRequired":true,"valueName":"search_term_string"}}],"inLanguage":"es"},{"@type":"Organization","@id":"https:\/\/fuentesfidedignas.com.mx\/#organization","name":"Fuentes Fidedignas","url":"https:\/\/fuentesfidedignas.com.mx\/","logo":{"@type":"ImageObject","inLanguage":"es","@id":"https:\/\/fuentesfidedignas.com.mx\/#\/schema\/logo\/image\/","url":"https:\/\/fuentesfidedignas.com.mx\/wp-content\/uploads\/2021\/04\/logo-retina.png","contentUrl":"https:\/\/fuentesfidedignas.com.mx\/wp-content\/uploads\/2021\/04\/logo-retina.png","width":280,"height":51,"caption":"Fuentes Fidedignas"},"image":{"@id":"https:\/\/fuentesfidedignas.com.mx\/#\/schema\/logo\/image\/"},"sameAs":["https:\/\/www.facebook.com\/Fuentes-Fidedignas-368234489921644","https:\/\/x.com\/fidedignas"]},{"@type":"Person","@id":"https:\/\/fuentesfidedignas.com.mx\/#\/schema\/person\/1827b38c6cf89e1d6cc7d78ca3fae732","name":"AFP","image":{"@type":"ImageObject","inLanguage":"es","@id":"https:\/\/secure.gravatar.com\/avatar\/236827d2ee9bf15e1ea99e0c1cd1b467cffa55e324d177638d0f8de7950cbae6?s=96&d=mm&r=g","url":"https:\/\/secure.gravatar.com\/avatar\/236827d2ee9bf15e1ea99e0c1cd1b467cffa55e324d177638d0f8de7950cbae6?s=96&d=mm&r=g","contentUrl":"https:\/\/secure.gravatar.com\/avatar\/236827d2ee9bf15e1ea99e0c1cd1b467cffa55e324d177638d0f8de7950cbae6?s=96&d=mm&r=g","caption":"AFP"},"url":"https:\/\/fuentesfidedignas.com.mx\/index.php\/author\/afp\/"}]}},"_links":{"self":[{"href":"https:\/\/fuentesfidedignas.com.mx\/index.php\/wp-json\/wp\/v2\/posts\/123321","targetHints":{"allow":["GET"]}}],"collection":[{"href":"https:\/\/fuentesfidedignas.com.mx\/index.php\/wp-json\/wp\/v2\/posts"}],"about":[{"href":"https:\/\/fuentesfidedignas.com.mx\/index.php\/wp-json\/wp\/v2\/types\/post"}],"author":[{"embeddable":true,"href":"https:\/\/fuentesfidedignas.com.mx\/index.php\/wp-json\/wp\/v2\/users\/12"}],"replies":[{"embeddable":true,"href":"https:\/\/fuentesfidedignas.com.mx\/index.php\/wp-json\/wp\/v2\/comments?post=123321"}],"version-history":[{"count":2,"href":"https:\/\/fuentesfidedignas.com.mx\/index.php\/wp-json\/wp\/v2\/posts\/123321\/revisions"}],"predecessor-version":[{"id":123326,"href":"https:\/\/fuentesfidedignas.com.mx\/index.php\/wp-json\/wp\/v2\/posts\/123321\/revisions\/123326"}],"wp:featuredmedia":[{"embeddable":true,"href":"https:\/\/fuentesfidedignas.com.mx\/index.php\/wp-json\/wp\/v2\/media\/45442"}],"wp:attachment":[{"href":"https:\/\/fuentesfidedignas.com.mx\/index.php\/wp-json\/wp\/v2\/media?parent=123321"}],"wp:term":[{"taxonomy":"category","embeddable":true,"href":"https:\/\/fuentesfidedignas.com.mx\/index.php\/wp-json\/wp\/v2\/categories?post=123321"},{"taxonomy":"post_tag","embeddable":true,"href":"https:\/\/fuentesfidedignas.com.mx\/index.php\/wp-json\/wp\/v2\/tags?post=123321"}],"curies":[{"name":"wp","href":"https:\/\/api.w.org\/{rel}","templated":true}]}}