{"id":123304,"date":"2025-12-08T01:53:00","date_gmt":"2025-12-08T08:53:00","guid":{"rendered":"https:\/\/fuentesfidedignas.com.mx\/?p=123304"},"modified":"2025-12-08T06:56:26","modified_gmt":"2025-12-08T13:56:26","slug":"el-cine-murio-joven-viraliza-su-miedo-tras-supuesta-compra-de-warner-bros-por-netflix","status":"publish","type":"post","link":"https:\/\/fuentesfidedignas.com.mx\/index.php\/2025\/12\/08\/el-cine-murio-joven-viraliza-su-miedo-tras-supuesta-compra-de-warner-bros-por-netflix\/","title":{"rendered":"\u201cEl cine muri\u00f3\u201d: joven viraliza su miedo tras supuesta compra de Warner Bros por Netflix"},"content":{"rendered":"\n<p><strong><em>Una joven viraliz\u00f3 su preocupaci\u00f3n al afirmar que la supuesta compra de Warner Bros por Netflix pone en riesgo cl\u00e1sicos del cine y pidi\u00f3 preservar contenidos en formato f\u00edsico<\/em><\/strong>.<\/p>\n\n\n\n<p>Una joven usuaria de redes sociales se volvi\u00f3 viral luego de publicar un video en el que afirma, con evidente angustia, que \u201cel cine muri\u00f3 oficialmente\u201d tras la supuesta compra de Warner Bros por parte de Netflix. Con la voz entrecortada y l\u00e1grimas visibles, la creadora explic\u00f3 que la noticia que para muchos podr\u00eda sonar exagerada la afecta profundamente por el lazo emocional que ha construido a lo largo de su vida con los contenidos de ese hist\u00f3rico estudio.<\/p>\n\n\n\n<p>La internauta se\u00f1al\u00f3 que Warner Bros ha sido responsable de varias de las producciones que marcaron su infancia y adolescencia: desde los universos de DC Comics y Cartoon Network, hasta Harry Potter y las animaciones de Lego. Para ella, estas obras no solo representan entretenimiento, sino parte esencial de su identidad y de la cultura popular que ha acompa\u00f1ado a numerosas generaciones.<\/p>\n\n\n\n<p>Adem\u00e1s, record\u00f3 que el cat\u00e1logo de Warner Bros incluye algunos de los t\u00edtulos m\u00e1s importantes de la historia del cine: cl\u00e1sicos como Casablanca, El mago de Oz, las pel\u00edculas de Batman de los a\u00f1os noventa y el ic\u00f3nico musical Singin\u2019 in the Rain. Afirm\u00f3 que teme que este material cinematogr\u00e1fico pueda verse comprometido si pasa a una plataforma que en su opini\u00f3n suele priorizar algoritmos y tendencias por encima del valor art\u00edstico.<\/p>\n\n\n\n<blockquote class=\"tiktok-embed\" cite=\"https:\/\/www.tiktok.com\/@diegoafter\/video\/7580547335579651346\" data-video-id=\"7580547335579651346\" style=\"max-width: 605px;min-width: 325px;\" > <section> <a target=\"_blank\" title=\"@diegoafter\" href=\"https:\/\/www.tiktok.com\/@diegoafter?refer=embed\">@diegoafter<\/a> <a title=\"netflix\" target=\"_blank\" href=\"https:\/\/www.tiktok.com\/tag\/netflix?refer=embed\">#netflix<\/a> <a title=\"warnerbros\" target=\"_blank\" href=\"https:\/\/www.tiktok.com\/tag\/warnerbros?refer=embed\">#warnerbros<\/a> <a target=\"_blank\" title=\"\u266c sonido original - Diego After\" href=\"https:\/\/www.tiktok.com\/music\/sonido-original-7580547369696119559?refer=embed\">\u266c sonido original &#8211; Diego After<\/a> <\/section> <\/blockquote> <script async src=\"https:\/\/www.tiktok.com\/embed.js\"><\/script>\n\n\n\n<p>La joven expres\u00f3 su inquietud ante la posibilidad de que Netflix retire del cat\u00e1logo obras que no generen suficientes reproducciones, tal como ha ocurrido con otros contenidos en el pasado. Para ella, permitir que piezas fundamentales del cine dependan \u00fanicamente de su rendimiento comercial pone en riesgo la preservaci\u00f3n cultural.<\/p>\n\n\n\n<p>Con evidente desesperaci\u00f3n, lanz\u00f3 un llamado a la comunidad cin\u00e9fila: comprar pel\u00edculas y series en formato f\u00edsicopara evitar que desaparezcan en medio de lo que considera un proceso de monopolizaci\u00f3n dentro de la industria del entretenimiento. Asegur\u00f3 que la concentraci\u00f3n de poder en pocas compa\u00f1\u00edas podr\u00eda limitar la diversidad de historias disponibles en el futuro.<\/p>\n\n\n\n<p>Mientras algunos comparten su inquietud por la concentraci\u00f3n de contenidos en plataformas digitales, otros consideran que su reacci\u00f3n es desmesurada. Aun as\u00ed, el video reaviv\u00f3 una discusi\u00f3n importante: \u00bfc\u00f3mo proteger el legado del cine cl\u00e1sico en una \u00e9poca donde todo depende del streaming?<\/p>\n\n\n\n<p><\/p>\n","protected":false},"excerpt":{"rendered":"<p>Una joven viraliz\u00f3 su preocupaci\u00f3n al afirmar que la supuesta compra de Warner Bros por Netflix pone en riesgo cl\u00e1sicos del cine y pidi\u00f3 preservar contenidos en formato f\u00edsico. Una joven usuaria de redes sociales se volvi\u00f3 viral luego de publicar un video en el que afirma, con evidente angustia, que \u201cel cine muri\u00f3 oficialmente\u201d [&hellip;]<\/p>\n","protected":false},"author":7,"featured_media":123305,"comment_status":"open","ping_status":"open","sticky":false,"template":"","format":"standard","meta":{"tdm_status":"","tdm_grid_status":"","footnotes":""},"categories":[40],"tags":[],"class_list":{"0":"post-123304","1":"post","2":"type-post","3":"status-publish","4":"format-standard","5":"has-post-thumbnail","7":"category-las-asombrosas"},"yoast_head":"<!-- This site is optimized with the Yoast SEO plugin v27.4 - https:\/\/yoast.com\/product\/yoast-seo-wordpress\/ -->\n<title>\u201cEl cine muri\u00f3\u201d: joven viraliza su miedo tras supuesta compra de Warner Bros por Netflix - Fuentes Fidedignas<\/title>\n<meta name=\"robots\" content=\"index, follow, max-snippet:-1, max-image-preview:large, max-video-preview:-1\" \/>\n<link rel=\"canonical\" href=\"https:\/\/fuentesfidedignas.com.mx\/index.php\/2025\/12\/08\/el-cine-murio-joven-viraliza-su-miedo-tras-supuesta-compra-de-warner-bros-por-netflix\/\" \/>\n<meta property=\"og:locale\" content=\"es_MX\" \/>\n<meta property=\"og:type\" content=\"article\" \/>\n<meta property=\"og:title\" content=\"\u201cEl cine muri\u00f3\u201d: joven viraliza su miedo tras supuesta compra de Warner Bros por Netflix - Fuentes Fidedignas\" \/>\n<meta property=\"og:description\" content=\"Una joven viraliz\u00f3 su preocupaci\u00f3n al afirmar que la supuesta compra de Warner Bros por Netflix pone en riesgo cl\u00e1sicos del cine y pidi\u00f3 preservar contenidos en formato f\u00edsico. Una joven usuaria de redes sociales se volvi\u00f3 viral luego de publicar un video en el que afirma, con evidente angustia, que \u201cel cine muri\u00f3 oficialmente\u201d [&hellip;]\" \/>\n<meta property=\"og:url\" content=\"https:\/\/fuentesfidedignas.com.mx\/index.php\/2025\/12\/08\/el-cine-murio-joven-viraliza-su-miedo-tras-supuesta-compra-de-warner-bros-por-netflix\/\" \/>\n<meta property=\"og:site_name\" content=\"Fuentes Fidedignas\" \/>\n<meta property=\"article:publisher\" content=\"https:\/\/www.facebook.com\/Fuentes-Fidedignas-368234489921644\" \/>\n<meta property=\"article:published_time\" content=\"2025-12-08T08:53:00+00:00\" \/>\n<meta property=\"article:modified_time\" content=\"2025-12-08T13:56:26+00:00\" \/>\n<meta property=\"og:image\" content=\"https:\/\/fuentesfidedignas.com.mx\/wp-content\/uploads\/2025\/12\/compra.jpg\" \/>\n\t<meta property=\"og:image:width\" content=\"500\" \/>\n\t<meta property=\"og:image:height\" content=\"344\" \/>\n\t<meta property=\"og:image:type\" content=\"image\/jpeg\" \/>\n<meta name=\"author\" content=\"Exc\u00e9lsior\" \/>\n<meta name=\"twitter:card\" content=\"summary_large_image\" \/>\n<meta name=\"twitter:creator\" content=\"@fidedignas\" \/>\n<meta name=\"twitter:site\" content=\"@fidedignas\" \/>\n<meta name=\"twitter:label1\" content=\"Escrito por\" \/>\n\t<meta name=\"twitter:data1\" content=\"Exc\u00e9lsior\" \/>\n\t<meta name=\"twitter:label2\" content=\"Tiempo de lectura\" \/>\n\t<meta name=\"twitter:data2\" content=\"2 minutos\" \/>\n<script type=\"application\/ld+json\" class=\"yoast-schema-graph\">{\"@context\":\"https:\\\/\\\/schema.org\",\"@graph\":[{\"@type\":\"Article\",\"@id\":\"https:\\\/\\\/fuentesfidedignas.com.mx\\\/index.php\\\/2025\\\/12\\\/08\\\/el-cine-murio-joven-viraliza-su-miedo-tras-supuesta-compra-de-warner-bros-por-netflix\\\/#article\",\"isPartOf\":{\"@id\":\"https:\\\/\\\/fuentesfidedignas.com.mx\\\/index.php\\\/2025\\\/12\\\/08\\\/el-cine-murio-joven-viraliza-su-miedo-tras-supuesta-compra-de-warner-bros-por-netflix\\\/\"},\"author\":{\"name\":\"Exc\u00e9lsior\",\"@id\":\"https:\\\/\\\/fuentesfidedignas.com.mx\\\/#\\\/schema\\\/person\\\/ec4edd1fbf5efa3e44fce34fe2787780\"},\"headline\":\"\u201cEl cine muri\u00f3\u201d: joven viraliza su miedo tras supuesta compra de Warner Bros por Netflix\",\"datePublished\":\"2025-12-08T08:53:00+00:00\",\"dateModified\":\"2025-12-08T13:56:26+00:00\",\"mainEntityOfPage\":{\"@id\":\"https:\\\/\\\/fuentesfidedignas.com.mx\\\/index.php\\\/2025\\\/12\\\/08\\\/el-cine-murio-joven-viraliza-su-miedo-tras-supuesta-compra-de-warner-bros-por-netflix\\\/\"},\"wordCount\":447,\"commentCount\":0,\"publisher\":{\"@id\":\"https:\\\/\\\/fuentesfidedignas.com.mx\\\/#organization\"},\"image\":{\"@id\":\"https:\\\/\\\/fuentesfidedignas.com.mx\\\/index.php\\\/2025\\\/12\\\/08\\\/el-cine-murio-joven-viraliza-su-miedo-tras-supuesta-compra-de-warner-bros-por-netflix\\\/#primaryimage\"},\"thumbnailUrl\":\"https:\\\/\\\/fuentesfidedignas.com.mx\\\/wp-content\\\/uploads\\\/2025\\\/12\\\/compra.jpg\",\"articleSection\":[\"LAS ASOMBROSAS\"],\"inLanguage\":\"es\",\"potentialAction\":[{\"@type\":\"CommentAction\",\"name\":\"Comment\",\"target\":[\"https:\\\/\\\/fuentesfidedignas.com.mx\\\/index.php\\\/2025\\\/12\\\/08\\\/el-cine-murio-joven-viraliza-su-miedo-tras-supuesta-compra-de-warner-bros-por-netflix\\\/#respond\"]}]},{\"@type\":\"WebPage\",\"@id\":\"https:\\\/\\\/fuentesfidedignas.com.mx\\\/index.php\\\/2025\\\/12\\\/08\\\/el-cine-murio-joven-viraliza-su-miedo-tras-supuesta-compra-de-warner-bros-por-netflix\\\/\",\"url\":\"https:\\\/\\\/fuentesfidedignas.com.mx\\\/index.php\\\/2025\\\/12\\\/08\\\/el-cine-murio-joven-viraliza-su-miedo-tras-supuesta-compra-de-warner-bros-por-netflix\\\/\",\"name\":\"\u201cEl cine muri\u00f3\u201d: joven viraliza su miedo tras supuesta compra de Warner Bros por Netflix - Fuentes Fidedignas\",\"isPartOf\":{\"@id\":\"https:\\\/\\\/fuentesfidedignas.com.mx\\\/#website\"},\"primaryImageOfPage\":{\"@id\":\"https:\\\/\\\/fuentesfidedignas.com.mx\\\/index.php\\\/2025\\\/12\\\/08\\\/el-cine-murio-joven-viraliza-su-miedo-tras-supuesta-compra-de-warner-bros-por-netflix\\\/#primaryimage\"},\"image\":{\"@id\":\"https:\\\/\\\/fuentesfidedignas.com.mx\\\/index.php\\\/2025\\\/12\\\/08\\\/el-cine-murio-joven-viraliza-su-miedo-tras-supuesta-compra-de-warner-bros-por-netflix\\\/#primaryimage\"},\"thumbnailUrl\":\"https:\\\/\\\/fuentesfidedignas.com.mx\\\/wp-content\\\/uploads\\\/2025\\\/12\\\/compra.jpg\",\"datePublished\":\"2025-12-08T08:53:00+00:00\",\"dateModified\":\"2025-12-08T13:56:26+00:00\",\"breadcrumb\":{\"@id\":\"https:\\\/\\\/fuentesfidedignas.com.mx\\\/index.php\\\/2025\\\/12\\\/08\\\/el-cine-murio-joven-viraliza-su-miedo-tras-supuesta-compra-de-warner-bros-por-netflix\\\/#breadcrumb\"},\"inLanguage\":\"es\",\"potentialAction\":[{\"@type\":\"ReadAction\",\"target\":[\"https:\\\/\\\/fuentesfidedignas.com.mx\\\/index.php\\\/2025\\\/12\\\/08\\\/el-cine-murio-joven-viraliza-su-miedo-tras-supuesta-compra-de-warner-bros-por-netflix\\\/\"]}]},{\"@type\":\"ImageObject\",\"inLanguage\":\"es\",\"@id\":\"https:\\\/\\\/fuentesfidedignas.com.mx\\\/index.php\\\/2025\\\/12\\\/08\\\/el-cine-murio-joven-viraliza-su-miedo-tras-supuesta-compra-de-warner-bros-por-netflix\\\/#primaryimage\",\"url\":\"https:\\\/\\\/fuentesfidedignas.com.mx\\\/wp-content\\\/uploads\\\/2025\\\/12\\\/compra.jpg\",\"contentUrl\":\"https:\\\/\\\/fuentesfidedignas.com.mx\\\/wp-content\\\/uploads\\\/2025\\\/12\\\/compra.jpg\",\"width\":500,\"height\":344},{\"@type\":\"BreadcrumbList\",\"@id\":\"https:\\\/\\\/fuentesfidedignas.com.mx\\\/index.php\\\/2025\\\/12\\\/08\\\/el-cine-murio-joven-viraliza-su-miedo-tras-supuesta-compra-de-warner-bros-por-netflix\\\/#breadcrumb\",\"itemListElement\":[{\"@type\":\"ListItem\",\"position\":1,\"name\":\"Inicio\",\"item\":\"https:\\\/\\\/fuentesfidedignas.com.mx\\\/\"},{\"@type\":\"ListItem\",\"position\":2,\"name\":\"\u201cEl cine muri\u00f3\u201d: joven viraliza su miedo tras supuesta compra de Warner Bros por Netflix\"}]},{\"@type\":\"WebSite\",\"@id\":\"https:\\\/\\\/fuentesfidedignas.com.mx\\\/#website\",\"url\":\"https:\\\/\\\/fuentesfidedignas.com.mx\\\/\",\"name\":\"Fuentes Fidedignas\",\"description\":\"Otro sitio realizado con WordPress\",\"publisher\":{\"@id\":\"https:\\\/\\\/fuentesfidedignas.com.mx\\\/#organization\"},\"potentialAction\":[{\"@type\":\"SearchAction\",\"target\":{\"@type\":\"EntryPoint\",\"urlTemplate\":\"https:\\\/\\\/fuentesfidedignas.com.mx\\\/?s={search_term_string}\"},\"query-input\":{\"@type\":\"PropertyValueSpecification\",\"valueRequired\":true,\"valueName\":\"search_term_string\"}}],\"inLanguage\":\"es\"},{\"@type\":\"Organization\",\"@id\":\"https:\\\/\\\/fuentesfidedignas.com.mx\\\/#organization\",\"name\":\"Fuentes Fidedignas\",\"url\":\"https:\\\/\\\/fuentesfidedignas.com.mx\\\/\",\"logo\":{\"@type\":\"ImageObject\",\"inLanguage\":\"es\",\"@id\":\"https:\\\/\\\/fuentesfidedignas.com.mx\\\/#\\\/schema\\\/logo\\\/image\\\/\",\"url\":\"https:\\\/\\\/fuentesfidedignas.com.mx\\\/wp-content\\\/uploads\\\/2021\\\/04\\\/logo-retina.png\",\"contentUrl\":\"https:\\\/\\\/fuentesfidedignas.com.mx\\\/wp-content\\\/uploads\\\/2021\\\/04\\\/logo-retina.png\",\"width\":280,\"height\":51,\"caption\":\"Fuentes Fidedignas\"},\"image\":{\"@id\":\"https:\\\/\\\/fuentesfidedignas.com.mx\\\/#\\\/schema\\\/logo\\\/image\\\/\"},\"sameAs\":[\"https:\\\/\\\/www.facebook.com\\\/Fuentes-Fidedignas-368234489921644\",\"https:\\\/\\\/x.com\\\/fidedignas\"]},{\"@type\":\"Person\",\"@id\":\"https:\\\/\\\/fuentesfidedignas.com.mx\\\/#\\\/schema\\\/person\\\/ec4edd1fbf5efa3e44fce34fe2787780\",\"name\":\"Exc\u00e9lsior\",\"image\":{\"@type\":\"ImageObject\",\"inLanguage\":\"es\",\"@id\":\"https:\\\/\\\/secure.gravatar.com\\\/avatar\\\/4b7ee9206b48be08447852b3f0814dbc7c0f3b51541b164f1464a2725614020b?s=96&d=mm&r=g\",\"url\":\"https:\\\/\\\/secure.gravatar.com\\\/avatar\\\/4b7ee9206b48be08447852b3f0814dbc7c0f3b51541b164f1464a2725614020b?s=96&d=mm&r=g\",\"contentUrl\":\"https:\\\/\\\/secure.gravatar.com\\\/avatar\\\/4b7ee9206b48be08447852b3f0814dbc7c0f3b51541b164f1464a2725614020b?s=96&d=mm&r=g\",\"caption\":\"Exc\u00e9lsior\"},\"url\":\"https:\\\/\\\/fuentesfidedignas.com.mx\\\/index.php\\\/author\\\/excelsior\\\/\"}]}<\/script>\n<!-- \/ Yoast SEO plugin. -->","yoast_head_json":{"title":"\u201cEl cine muri\u00f3\u201d: joven viraliza su miedo tras supuesta compra de Warner Bros por Netflix - Fuentes Fidedignas","robots":{"index":"index","follow":"follow","max-snippet":"max-snippet:-1","max-image-preview":"max-image-preview:large","max-video-preview":"max-video-preview:-1"},"canonical":"https:\/\/fuentesfidedignas.com.mx\/index.php\/2025\/12\/08\/el-cine-murio-joven-viraliza-su-miedo-tras-supuesta-compra-de-warner-bros-por-netflix\/","og_locale":"es_MX","og_type":"article","og_title":"\u201cEl cine muri\u00f3\u201d: joven viraliza su miedo tras supuesta compra de Warner Bros por Netflix - Fuentes Fidedignas","og_description":"Una joven viraliz\u00f3 su preocupaci\u00f3n al afirmar que la supuesta compra de Warner Bros por Netflix pone en riesgo cl\u00e1sicos del cine y pidi\u00f3 preservar contenidos en formato f\u00edsico. Una joven usuaria de redes sociales se volvi\u00f3 viral luego de publicar un video en el que afirma, con evidente angustia, que \u201cel cine muri\u00f3 oficialmente\u201d [&hellip;]","og_url":"https:\/\/fuentesfidedignas.com.mx\/index.php\/2025\/12\/08\/el-cine-murio-joven-viraliza-su-miedo-tras-supuesta-compra-de-warner-bros-por-netflix\/","og_site_name":"Fuentes Fidedignas","article_publisher":"https:\/\/www.facebook.com\/Fuentes-Fidedignas-368234489921644","article_published_time":"2025-12-08T08:53:00+00:00","article_modified_time":"2025-12-08T13:56:26+00:00","og_image":[{"width":500,"height":344,"url":"https:\/\/fuentesfidedignas.com.mx\/wp-content\/uploads\/2025\/12\/compra.jpg","type":"image\/jpeg"}],"author":"Exc\u00e9lsior","twitter_card":"summary_large_image","twitter_creator":"@fidedignas","twitter_site":"@fidedignas","twitter_misc":{"Escrito por":"Exc\u00e9lsior","Tiempo de lectura":"2 minutos"},"schema":{"@context":"https:\/\/schema.org","@graph":[{"@type":"Article","@id":"https:\/\/fuentesfidedignas.com.mx\/index.php\/2025\/12\/08\/el-cine-murio-joven-viraliza-su-miedo-tras-supuesta-compra-de-warner-bros-por-netflix\/#article","isPartOf":{"@id":"https:\/\/fuentesfidedignas.com.mx\/index.php\/2025\/12\/08\/el-cine-murio-joven-viraliza-su-miedo-tras-supuesta-compra-de-warner-bros-por-netflix\/"},"author":{"name":"Exc\u00e9lsior","@id":"https:\/\/fuentesfidedignas.com.mx\/#\/schema\/person\/ec4edd1fbf5efa3e44fce34fe2787780"},"headline":"\u201cEl cine muri\u00f3\u201d: joven viraliza su miedo tras supuesta compra de Warner Bros por Netflix","datePublished":"2025-12-08T08:53:00+00:00","dateModified":"2025-12-08T13:56:26+00:00","mainEntityOfPage":{"@id":"https:\/\/fuentesfidedignas.com.mx\/index.php\/2025\/12\/08\/el-cine-murio-joven-viraliza-su-miedo-tras-supuesta-compra-de-warner-bros-por-netflix\/"},"wordCount":447,"commentCount":0,"publisher":{"@id":"https:\/\/fuentesfidedignas.com.mx\/#organization"},"image":{"@id":"https:\/\/fuentesfidedignas.com.mx\/index.php\/2025\/12\/08\/el-cine-murio-joven-viraliza-su-miedo-tras-supuesta-compra-de-warner-bros-por-netflix\/#primaryimage"},"thumbnailUrl":"https:\/\/fuentesfidedignas.com.mx\/wp-content\/uploads\/2025\/12\/compra.jpg","articleSection":["LAS ASOMBROSAS"],"inLanguage":"es","potentialAction":[{"@type":"CommentAction","name":"Comment","target":["https:\/\/fuentesfidedignas.com.mx\/index.php\/2025\/12\/08\/el-cine-murio-joven-viraliza-su-miedo-tras-supuesta-compra-de-warner-bros-por-netflix\/#respond"]}]},{"@type":"WebPage","@id":"https:\/\/fuentesfidedignas.com.mx\/index.php\/2025\/12\/08\/el-cine-murio-joven-viraliza-su-miedo-tras-supuesta-compra-de-warner-bros-por-netflix\/","url":"https:\/\/fuentesfidedignas.com.mx\/index.php\/2025\/12\/08\/el-cine-murio-joven-viraliza-su-miedo-tras-supuesta-compra-de-warner-bros-por-netflix\/","name":"\u201cEl cine muri\u00f3\u201d: joven viraliza su miedo tras supuesta compra de Warner Bros por Netflix - Fuentes Fidedignas","isPartOf":{"@id":"https:\/\/fuentesfidedignas.com.mx\/#website"},"primaryImageOfPage":{"@id":"https:\/\/fuentesfidedignas.com.mx\/index.php\/2025\/12\/08\/el-cine-murio-joven-viraliza-su-miedo-tras-supuesta-compra-de-warner-bros-por-netflix\/#primaryimage"},"image":{"@id":"https:\/\/fuentesfidedignas.com.mx\/index.php\/2025\/12\/08\/el-cine-murio-joven-viraliza-su-miedo-tras-supuesta-compra-de-warner-bros-por-netflix\/#primaryimage"},"thumbnailUrl":"https:\/\/fuentesfidedignas.com.mx\/wp-content\/uploads\/2025\/12\/compra.jpg","datePublished":"2025-12-08T08:53:00+00:00","dateModified":"2025-12-08T13:56:26+00:00","breadcrumb":{"@id":"https:\/\/fuentesfidedignas.com.mx\/index.php\/2025\/12\/08\/el-cine-murio-joven-viraliza-su-miedo-tras-supuesta-compra-de-warner-bros-por-netflix\/#breadcrumb"},"inLanguage":"es","potentialAction":[{"@type":"ReadAction","target":["https:\/\/fuentesfidedignas.com.mx\/index.php\/2025\/12\/08\/el-cine-murio-joven-viraliza-su-miedo-tras-supuesta-compra-de-warner-bros-por-netflix\/"]}]},{"@type":"ImageObject","inLanguage":"es","@id":"https:\/\/fuentesfidedignas.com.mx\/index.php\/2025\/12\/08\/el-cine-murio-joven-viraliza-su-miedo-tras-supuesta-compra-de-warner-bros-por-netflix\/#primaryimage","url":"https:\/\/fuentesfidedignas.com.mx\/wp-content\/uploads\/2025\/12\/compra.jpg","contentUrl":"https:\/\/fuentesfidedignas.com.mx\/wp-content\/uploads\/2025\/12\/compra.jpg","width":500,"height":344},{"@type":"BreadcrumbList","@id":"https:\/\/fuentesfidedignas.com.mx\/index.php\/2025\/12\/08\/el-cine-murio-joven-viraliza-su-miedo-tras-supuesta-compra-de-warner-bros-por-netflix\/#breadcrumb","itemListElement":[{"@type":"ListItem","position":1,"name":"Inicio","item":"https:\/\/fuentesfidedignas.com.mx\/"},{"@type":"ListItem","position":2,"name":"\u201cEl cine muri\u00f3\u201d: joven viraliza su miedo tras supuesta compra de Warner Bros por Netflix"}]},{"@type":"WebSite","@id":"https:\/\/fuentesfidedignas.com.mx\/#website","url":"https:\/\/fuentesfidedignas.com.mx\/","name":"Fuentes Fidedignas","description":"Otro sitio realizado con WordPress","publisher":{"@id":"https:\/\/fuentesfidedignas.com.mx\/#organization"},"potentialAction":[{"@type":"SearchAction","target":{"@type":"EntryPoint","urlTemplate":"https:\/\/fuentesfidedignas.com.mx\/?s={search_term_string}"},"query-input":{"@type":"PropertyValueSpecification","valueRequired":true,"valueName":"search_term_string"}}],"inLanguage":"es"},{"@type":"Organization","@id":"https:\/\/fuentesfidedignas.com.mx\/#organization","name":"Fuentes Fidedignas","url":"https:\/\/fuentesfidedignas.com.mx\/","logo":{"@type":"ImageObject","inLanguage":"es","@id":"https:\/\/fuentesfidedignas.com.mx\/#\/schema\/logo\/image\/","url":"https:\/\/fuentesfidedignas.com.mx\/wp-content\/uploads\/2021\/04\/logo-retina.png","contentUrl":"https:\/\/fuentesfidedignas.com.mx\/wp-content\/uploads\/2021\/04\/logo-retina.png","width":280,"height":51,"caption":"Fuentes Fidedignas"},"image":{"@id":"https:\/\/fuentesfidedignas.com.mx\/#\/schema\/logo\/image\/"},"sameAs":["https:\/\/www.facebook.com\/Fuentes-Fidedignas-368234489921644","https:\/\/x.com\/fidedignas"]},{"@type":"Person","@id":"https:\/\/fuentesfidedignas.com.mx\/#\/schema\/person\/ec4edd1fbf5efa3e44fce34fe2787780","name":"Exc\u00e9lsior","image":{"@type":"ImageObject","inLanguage":"es","@id":"https:\/\/secure.gravatar.com\/avatar\/4b7ee9206b48be08447852b3f0814dbc7c0f3b51541b164f1464a2725614020b?s=96&d=mm&r=g","url":"https:\/\/secure.gravatar.com\/avatar\/4b7ee9206b48be08447852b3f0814dbc7c0f3b51541b164f1464a2725614020b?s=96&d=mm&r=g","contentUrl":"https:\/\/secure.gravatar.com\/avatar\/4b7ee9206b48be08447852b3f0814dbc7c0f3b51541b164f1464a2725614020b?s=96&d=mm&r=g","caption":"Exc\u00e9lsior"},"url":"https:\/\/fuentesfidedignas.com.mx\/index.php\/author\/excelsior\/"}]}},"_links":{"self":[{"href":"https:\/\/fuentesfidedignas.com.mx\/index.php\/wp-json\/wp\/v2\/posts\/123304","targetHints":{"allow":["GET"]}}],"collection":[{"href":"https:\/\/fuentesfidedignas.com.mx\/index.php\/wp-json\/wp\/v2\/posts"}],"about":[{"href":"https:\/\/fuentesfidedignas.com.mx\/index.php\/wp-json\/wp\/v2\/types\/post"}],"author":[{"embeddable":true,"href":"https:\/\/fuentesfidedignas.com.mx\/index.php\/wp-json\/wp\/v2\/users\/7"}],"replies":[{"embeddable":true,"href":"https:\/\/fuentesfidedignas.com.mx\/index.php\/wp-json\/wp\/v2\/comments?post=123304"}],"version-history":[{"count":2,"href":"https:\/\/fuentesfidedignas.com.mx\/index.php\/wp-json\/wp\/v2\/posts\/123304\/revisions"}],"predecessor-version":[{"id":123307,"href":"https:\/\/fuentesfidedignas.com.mx\/index.php\/wp-json\/wp\/v2\/posts\/123304\/revisions\/123307"}],"wp:featuredmedia":[{"embeddable":true,"href":"https:\/\/fuentesfidedignas.com.mx\/index.php\/wp-json\/wp\/v2\/media\/123305"}],"wp:attachment":[{"href":"https:\/\/fuentesfidedignas.com.mx\/index.php\/wp-json\/wp\/v2\/media?parent=123304"}],"wp:term":[{"taxonomy":"category","embeddable":true,"href":"https:\/\/fuentesfidedignas.com.mx\/index.php\/wp-json\/wp\/v2\/categories?post=123304"},{"taxonomy":"post_tag","embeddable":true,"href":"https:\/\/fuentesfidedignas.com.mx\/index.php\/wp-json\/wp\/v2\/tags?post=123304"}],"curies":[{"name":"wp","href":"https:\/\/api.w.org\/{rel}","templated":true}]}}