{"id":123258,"date":"2025-12-07T11:42:00","date_gmt":"2025-12-07T18:42:00","guid":{"rendered":"https:\/\/fuentesfidedignas.com.mx\/?p=123258"},"modified":"2025-12-07T12:46:33","modified_gmt":"2025-12-07T19:46:33","slug":"esto-se-sabe-sobre-el-decomiso-de-9-toneladas-de-cocaina-por-la-guardia-costera-de-eu","status":"publish","type":"post","link":"https:\/\/fuentesfidedignas.com.mx\/index.php\/2025\/12\/07\/esto-se-sabe-sobre-el-decomiso-de-9-toneladas-de-cocaina-por-la-guardia-costera-de-eu\/","title":{"rendered":"Esto se sabe sobre el decomiso de 9 toneladas de coca\u00edna por la Guardia Costera de EU"},"content":{"rendered":"\n<p><strong><em>La Guardia Costera afirm\u00f3 que est\u00e1n obteniendo resultados \u201chist\u00f3ricos\u201d contra los narcoterroristas.<\/em><\/strong><\/p>\n\n\n\n<p>OC\u00c9ANO PAC\u00cdFICO.- La Guardia Costera de Estados Unidos inform\u00f3 que la tripulaci\u00f3n del buque Cutter Munro logr\u00f3 la incautaci\u00f3n de nueve toneladas de coca\u00edna, en lo que calific\u00f3 como \u201cla mayor interdicci\u00f3n en alta mar en m\u00e1s de 18 a\u00f1os\u201d.<\/p>\n\n\n\n<p>A trav\u00e9s de un mensaje difundido en su cuenta oficial de X, la instituci\u00f3n destac\u00f3 que el operativo se realiz\u00f3 como parte de la Operaci\u00f3n Viper, iniciativa que \u2014seg\u00fan explic\u00f3\u2014 ha permitido acelerar las acciones antinarc\u00f3ticos en el Pac\u00edfico Oriental, obteniendo resultados \u201chist\u00f3ricos\u201d en la lucha contra los narcoterroristas.<\/p>\n\n\n\n<p><strong>Fuerza de combate<\/strong><br>La Guardia Costera subray\u00f3 que su fuerza de combate mar\u00edtimo encabeza las operaciones estadounidenses destinadas a interceptar cargamentos de droga, proteger el territorio nacional y evitar que sustancias mortales lleguen a las comunidades de Estados Unidos.<\/p>\n\n\n\n<p>\u201cAqu\u00ed es donde comienza la defensa de Estados Unidos\u201d, se\u00f1al\u00f3 la dependencia.<\/p>\n\n\n\n<p>Hasta el momento, la instituci\u00f3n no ha detallado el punto exacto del Pac\u00edfico Oriental donde se llev\u00f3 a cabo el decomiso, ni ha informado si la operaci\u00f3n result\u00f3 en detenciones.<\/p>\n\n\n\n<p><strong>Publicaci\u00f3n oficial<\/strong><br>El post en \u201cX\u201d de parte de la cuenta oficial de la Guardia Costera dice lo siguiente:<\/p>\n\n\n\n<p>\u201cM\u00e1s de 20 mil libras de coca\u00edna incautadas por la tripulaci\u00f3n del USCGC Cutter Munro \u2014la mayor interdicci\u00f3n en alta mar en m\u00e1s de 18 a\u00f1os.<\/p>\n\n\n\n<p>Gracias a la #OperationPacificViper, la @USCG ha acelerado las operaciones contra el narcotr\u00e1fico en todo el Pac\u00edfico Oriental y ha logrado resultados hist\u00f3ricos en la lucha contra los narco-terroristas.<\/p>\n\n\n\n<p>Nuestra fuerza mar\u00edtima de combate est\u00e1 liderando las operaciones estadounidenses de interdicci\u00f3n de drogas, protegiendo la patria y evitando que drogas mortales lleguen a las comunidades estadounidenses.<\/p>\n\n\n\n<p>Aqu\u00ed es donde comienza la defensa de Estados Unidos\u201c.<\/p>\n\n\n\n<p>USCG #DrugInterdiction #WeOwnTheSea #EveryWarEveryShore@DHSgov @DeptofWar @USCGNorCal @USCGPACAREA @jlatfs<\/p>\n\n\n\n<figure class=\"wp-block-image size-large\"><img decoding=\"async\" width=\"629\" height=\"1024\" src=\"https:\/\/fuentesfidedignas.com.mx\/wp-content\/uploads\/2025\/12\/image-2-3-629x1024.jpg\" alt=\"\" class=\"wp-image-123259\" srcset=\"https:\/\/fuentesfidedignas.com.mx\/wp-content\/uploads\/2025\/12\/image-2-3-629x1024.jpg 629w, https:\/\/fuentesfidedignas.com.mx\/wp-content\/uploads\/2025\/12\/image-2-3-184x300.jpg 184w, https:\/\/fuentesfidedignas.com.mx\/wp-content\/uploads\/2025\/12\/image-2-3-768x1250.jpg 768w, https:\/\/fuentesfidedignas.com.mx\/wp-content\/uploads\/2025\/12\/image-2-3-944x1536.jpg 944w, https:\/\/fuentesfidedignas.com.mx\/wp-content\/uploads\/2025\/12\/image-2-3-258x420.jpg 258w, https:\/\/fuentesfidedignas.com.mx\/wp-content\/uploads\/2025\/12\/image-2-3-516x840.jpg 516w, https:\/\/fuentesfidedignas.com.mx\/wp-content\/uploads\/2025\/12\/image-2-3-300x488.jpg 300w, https:\/\/fuentesfidedignas.com.mx\/wp-content\/uploads\/2025\/12\/image-2-3-600x977.jpg 600w, https:\/\/fuentesfidedignas.com.mx\/wp-content\/uploads\/2025\/12\/image-2-3-696x1133.jpg 696w, https:\/\/fuentesfidedignas.com.mx\/wp-content\/uploads\/2025\/12\/image-2-3-1068x1738.jpg 1068w, https:\/\/fuentesfidedignas.com.mx\/wp-content\/uploads\/2025\/12\/image-2-3.jpg 1200w\" sizes=\"(max-width: 629px) 100vw, 629px\" \/><\/figure>\n","protected":false},"excerpt":{"rendered":"<p>La Guardia Costera afirm\u00f3 que est\u00e1n obteniendo resultados \u201chist\u00f3ricos\u201d contra los narcoterroristas. OC\u00c9ANO PAC\u00cdFICO.- La Guardia Costera de Estados Unidos inform\u00f3 que la tripulaci\u00f3n del buque Cutter Munro logr\u00f3 la incautaci\u00f3n de nueve toneladas de coca\u00edna, en lo que calific\u00f3 como \u201cla mayor interdicci\u00f3n en alta mar en m\u00e1s de 18 a\u00f1os\u201d. A trav\u00e9s de [&hellip;]<\/p>\n","protected":false},"author":40,"featured_media":123260,"comment_status":"open","ping_status":"open","sticky":false,"template":"","format":"standard","meta":{"tdm_status":"","tdm_grid_status":"","footnotes":""},"categories":[39],"tags":[],"class_list":{"0":"post-123258","1":"post","2":"type-post","3":"status-publish","4":"format-standard","5":"has-post-thumbnail","7":"category-noticias-nacionales"},"yoast_head":"<!-- This site is optimized with the Yoast SEO plugin v27.5 - https:\/\/yoast.com\/product\/yoast-seo-wordpress\/ -->\n<title>Esto se sabe sobre el decomiso de 9 toneladas de coca\u00edna por la Guardia Costera de EU - Fuentes Fidedignas<\/title>\n<meta name=\"robots\" content=\"index, follow, max-snippet:-1, max-image-preview:large, max-video-preview:-1\" \/>\n<link rel=\"canonical\" href=\"https:\/\/fuentesfidedignas.com.mx\/index.php\/2025\/12\/07\/esto-se-sabe-sobre-el-decomiso-de-9-toneladas-de-cocaina-por-la-guardia-costera-de-eu\/\" \/>\n<meta property=\"og:locale\" content=\"es_MX\" \/>\n<meta property=\"og:type\" content=\"article\" \/>\n<meta property=\"og:title\" content=\"Esto se sabe sobre el decomiso de 9 toneladas de coca\u00edna por la Guardia Costera de EU - Fuentes Fidedignas\" \/>\n<meta property=\"og:description\" content=\"La Guardia Costera afirm\u00f3 que est\u00e1n obteniendo resultados \u201chist\u00f3ricos\u201d contra los narcoterroristas. OC\u00c9ANO PAC\u00cdFICO.- La Guardia Costera de Estados Unidos inform\u00f3 que la tripulaci\u00f3n del buque Cutter Munro logr\u00f3 la incautaci\u00f3n de nueve toneladas de coca\u00edna, en lo que calific\u00f3 como \u201cla mayor interdicci\u00f3n en alta mar en m\u00e1s de 18 a\u00f1os\u201d. A trav\u00e9s de [&hellip;]\" \/>\n<meta property=\"og:url\" content=\"https:\/\/fuentesfidedignas.com.mx\/index.php\/2025\/12\/07\/esto-se-sabe-sobre-el-decomiso-de-9-toneladas-de-cocaina-por-la-guardia-costera-de-eu\/\" \/>\n<meta property=\"og:site_name\" content=\"Fuentes Fidedignas\" \/>\n<meta property=\"article:publisher\" content=\"https:\/\/www.facebook.com\/Fuentes-Fidedignas-368234489921644\" \/>\n<meta property=\"article:published_time\" content=\"2025-12-07T18:42:00+00:00\" \/>\n<meta property=\"article:modified_time\" content=\"2025-12-07T19:46:33+00:00\" \/>\n<meta property=\"og:image\" content=\"https:\/\/fuentesfidedignas.com.mx\/wp-content\/uploads\/2025\/12\/lancha_eu.jpeg\" \/>\n\t<meta property=\"og:image:width\" content=\"500\" \/>\n\t<meta property=\"og:image:height\" content=\"333\" \/>\n\t<meta property=\"og:image:type\" content=\"image\/jpeg\" \/>\n<meta name=\"author\" content=\"El Imparcial\" \/>\n<meta name=\"twitter:card\" content=\"summary_large_image\" \/>\n<meta name=\"twitter:creator\" content=\"@fidedignas\" \/>\n<meta name=\"twitter:site\" content=\"@fidedignas\" \/>\n<meta name=\"twitter:label1\" content=\"Escrito por\" \/>\n\t<meta name=\"twitter:data1\" content=\"El Imparcial\" \/>\n\t<meta name=\"twitter:label2\" content=\"Tiempo de lectura\" \/>\n\t<meta name=\"twitter:data2\" content=\"2 minutos\" \/>\n<script type=\"application\/ld+json\" class=\"yoast-schema-graph\">{\"@context\":\"https:\\\/\\\/schema.org\",\"@graph\":[{\"@type\":\"Article\",\"@id\":\"https:\\\/\\\/fuentesfidedignas.com.mx\\\/index.php\\\/2025\\\/12\\\/07\\\/esto-se-sabe-sobre-el-decomiso-de-9-toneladas-de-cocaina-por-la-guardia-costera-de-eu\\\/#article\",\"isPartOf\":{\"@id\":\"https:\\\/\\\/fuentesfidedignas.com.mx\\\/index.php\\\/2025\\\/12\\\/07\\\/esto-se-sabe-sobre-el-decomiso-de-9-toneladas-de-cocaina-por-la-guardia-costera-de-eu\\\/\"},\"author\":{\"name\":\"El Imparcial\",\"@id\":\"https:\\\/\\\/fuentesfidedignas.com.mx\\\/#\\\/schema\\\/person\\\/ff4db17f8fd9c584e0cfc2a0c436b8a1\"},\"headline\":\"Esto se sabe sobre el decomiso de 9 toneladas de coca\u00edna por la Guardia Costera de EU\",\"datePublished\":\"2025-12-07T18:42:00+00:00\",\"dateModified\":\"2025-12-07T19:46:33+00:00\",\"mainEntityOfPage\":{\"@id\":\"https:\\\/\\\/fuentesfidedignas.com.mx\\\/index.php\\\/2025\\\/12\\\/07\\\/esto-se-sabe-sobre-el-decomiso-de-9-toneladas-de-cocaina-por-la-guardia-costera-de-eu\\\/\"},\"wordCount\":350,\"commentCount\":0,\"publisher\":{\"@id\":\"https:\\\/\\\/fuentesfidedignas.com.mx\\\/#organization\"},\"image\":{\"@id\":\"https:\\\/\\\/fuentesfidedignas.com.mx\\\/index.php\\\/2025\\\/12\\\/07\\\/esto-se-sabe-sobre-el-decomiso-de-9-toneladas-de-cocaina-por-la-guardia-costera-de-eu\\\/#primaryimage\"},\"thumbnailUrl\":\"https:\\\/\\\/fuentesfidedignas.com.mx\\\/wp-content\\\/uploads\\\/2025\\\/12\\\/lancha_eu.jpeg\",\"articleSection\":[\"NOTICIAS NACIONALES\"],\"inLanguage\":\"es\",\"potentialAction\":[{\"@type\":\"CommentAction\",\"name\":\"Comment\",\"target\":[\"https:\\\/\\\/fuentesfidedignas.com.mx\\\/index.php\\\/2025\\\/12\\\/07\\\/esto-se-sabe-sobre-el-decomiso-de-9-toneladas-de-cocaina-por-la-guardia-costera-de-eu\\\/#respond\"]}]},{\"@type\":\"WebPage\",\"@id\":\"https:\\\/\\\/fuentesfidedignas.com.mx\\\/index.php\\\/2025\\\/12\\\/07\\\/esto-se-sabe-sobre-el-decomiso-de-9-toneladas-de-cocaina-por-la-guardia-costera-de-eu\\\/\",\"url\":\"https:\\\/\\\/fuentesfidedignas.com.mx\\\/index.php\\\/2025\\\/12\\\/07\\\/esto-se-sabe-sobre-el-decomiso-de-9-toneladas-de-cocaina-por-la-guardia-costera-de-eu\\\/\",\"name\":\"Esto se sabe sobre el decomiso de 9 toneladas de coca\u00edna por la Guardia Costera de EU - Fuentes Fidedignas\",\"isPartOf\":{\"@id\":\"https:\\\/\\\/fuentesfidedignas.com.mx\\\/#website\"},\"primaryImageOfPage\":{\"@id\":\"https:\\\/\\\/fuentesfidedignas.com.mx\\\/index.php\\\/2025\\\/12\\\/07\\\/esto-se-sabe-sobre-el-decomiso-de-9-toneladas-de-cocaina-por-la-guardia-costera-de-eu\\\/#primaryimage\"},\"image\":{\"@id\":\"https:\\\/\\\/fuentesfidedignas.com.mx\\\/index.php\\\/2025\\\/12\\\/07\\\/esto-se-sabe-sobre-el-decomiso-de-9-toneladas-de-cocaina-por-la-guardia-costera-de-eu\\\/#primaryimage\"},\"thumbnailUrl\":\"https:\\\/\\\/fuentesfidedignas.com.mx\\\/wp-content\\\/uploads\\\/2025\\\/12\\\/lancha_eu.jpeg\",\"datePublished\":\"2025-12-07T18:42:00+00:00\",\"dateModified\":\"2025-12-07T19:46:33+00:00\",\"breadcrumb\":{\"@id\":\"https:\\\/\\\/fuentesfidedignas.com.mx\\\/index.php\\\/2025\\\/12\\\/07\\\/esto-se-sabe-sobre-el-decomiso-de-9-toneladas-de-cocaina-por-la-guardia-costera-de-eu\\\/#breadcrumb\"},\"inLanguage\":\"es\",\"potentialAction\":[{\"@type\":\"ReadAction\",\"target\":[\"https:\\\/\\\/fuentesfidedignas.com.mx\\\/index.php\\\/2025\\\/12\\\/07\\\/esto-se-sabe-sobre-el-decomiso-de-9-toneladas-de-cocaina-por-la-guardia-costera-de-eu\\\/\"]}]},{\"@type\":\"ImageObject\",\"inLanguage\":\"es\",\"@id\":\"https:\\\/\\\/fuentesfidedignas.com.mx\\\/index.php\\\/2025\\\/12\\\/07\\\/esto-se-sabe-sobre-el-decomiso-de-9-toneladas-de-cocaina-por-la-guardia-costera-de-eu\\\/#primaryimage\",\"url\":\"https:\\\/\\\/fuentesfidedignas.com.mx\\\/wp-content\\\/uploads\\\/2025\\\/12\\\/lancha_eu.jpeg\",\"contentUrl\":\"https:\\\/\\\/fuentesfidedignas.com.mx\\\/wp-content\\\/uploads\\\/2025\\\/12\\\/lancha_eu.jpeg\",\"width\":500,\"height\":333},{\"@type\":\"BreadcrumbList\",\"@id\":\"https:\\\/\\\/fuentesfidedignas.com.mx\\\/index.php\\\/2025\\\/12\\\/07\\\/esto-se-sabe-sobre-el-decomiso-de-9-toneladas-de-cocaina-por-la-guardia-costera-de-eu\\\/#breadcrumb\",\"itemListElement\":[{\"@type\":\"ListItem\",\"position\":1,\"name\":\"Inicio\",\"item\":\"https:\\\/\\\/fuentesfidedignas.com.mx\\\/\"},{\"@type\":\"ListItem\",\"position\":2,\"name\":\"Esto se sabe sobre el decomiso de 9 toneladas de coca\u00edna por la Guardia Costera de EU\"}]},{\"@type\":\"WebSite\",\"@id\":\"https:\\\/\\\/fuentesfidedignas.com.mx\\\/#website\",\"url\":\"https:\\\/\\\/fuentesfidedignas.com.mx\\\/\",\"name\":\"Fuentes Fidedignas\",\"description\":\"Otro sitio realizado con WordPress\",\"publisher\":{\"@id\":\"https:\\\/\\\/fuentesfidedignas.com.mx\\\/#organization\"},\"potentialAction\":[{\"@type\":\"SearchAction\",\"target\":{\"@type\":\"EntryPoint\",\"urlTemplate\":\"https:\\\/\\\/fuentesfidedignas.com.mx\\\/?s={search_term_string}\"},\"query-input\":{\"@type\":\"PropertyValueSpecification\",\"valueRequired\":true,\"valueName\":\"search_term_string\"}}],\"inLanguage\":\"es\"},{\"@type\":\"Organization\",\"@id\":\"https:\\\/\\\/fuentesfidedignas.com.mx\\\/#organization\",\"name\":\"Fuentes Fidedignas\",\"url\":\"https:\\\/\\\/fuentesfidedignas.com.mx\\\/\",\"logo\":{\"@type\":\"ImageObject\",\"inLanguage\":\"es\",\"@id\":\"https:\\\/\\\/fuentesfidedignas.com.mx\\\/#\\\/schema\\\/logo\\\/image\\\/\",\"url\":\"https:\\\/\\\/fuentesfidedignas.com.mx\\\/wp-content\\\/uploads\\\/2021\\\/04\\\/logo-retina.png\",\"contentUrl\":\"https:\\\/\\\/fuentesfidedignas.com.mx\\\/wp-content\\\/uploads\\\/2021\\\/04\\\/logo-retina.png\",\"width\":280,\"height\":51,\"caption\":\"Fuentes Fidedignas\"},\"image\":{\"@id\":\"https:\\\/\\\/fuentesfidedignas.com.mx\\\/#\\\/schema\\\/logo\\\/image\\\/\"},\"sameAs\":[\"https:\\\/\\\/www.facebook.com\\\/Fuentes-Fidedignas-368234489921644\",\"https:\\\/\\\/x.com\\\/fidedignas\"]},{\"@type\":\"Person\",\"@id\":\"https:\\\/\\\/fuentesfidedignas.com.mx\\\/#\\\/schema\\\/person\\\/ff4db17f8fd9c584e0cfc2a0c436b8a1\",\"name\":\"El Imparcial\",\"image\":{\"@type\":\"ImageObject\",\"inLanguage\":\"es\",\"@id\":\"https:\\\/\\\/secure.gravatar.com\\\/avatar\\\/accd6807585a75316c237ee783498317be6f66ab34c47c940966f26a3f613161?s=96&d=mm&r=g\",\"url\":\"https:\\\/\\\/secure.gravatar.com\\\/avatar\\\/accd6807585a75316c237ee783498317be6f66ab34c47c940966f26a3f613161?s=96&d=mm&r=g\",\"contentUrl\":\"https:\\\/\\\/secure.gravatar.com\\\/avatar\\\/accd6807585a75316c237ee783498317be6f66ab34c47c940966f26a3f613161?s=96&d=mm&r=g\",\"caption\":\"El Imparcial\"},\"url\":\"https:\\\/\\\/fuentesfidedignas.com.mx\\\/index.php\\\/author\\\/imparcial\\\/\"}]}<\/script>\n<!-- \/ Yoast SEO plugin. -->","yoast_head_json":{"title":"Esto se sabe sobre el decomiso de 9 toneladas de coca\u00edna por la Guardia Costera de EU - Fuentes Fidedignas","robots":{"index":"index","follow":"follow","max-snippet":"max-snippet:-1","max-image-preview":"max-image-preview:large","max-video-preview":"max-video-preview:-1"},"canonical":"https:\/\/fuentesfidedignas.com.mx\/index.php\/2025\/12\/07\/esto-se-sabe-sobre-el-decomiso-de-9-toneladas-de-cocaina-por-la-guardia-costera-de-eu\/","og_locale":"es_MX","og_type":"article","og_title":"Esto se sabe sobre el decomiso de 9 toneladas de coca\u00edna por la Guardia Costera de EU - Fuentes Fidedignas","og_description":"La Guardia Costera afirm\u00f3 que est\u00e1n obteniendo resultados \u201chist\u00f3ricos\u201d contra los narcoterroristas. OC\u00c9ANO PAC\u00cdFICO.- La Guardia Costera de Estados Unidos inform\u00f3 que la tripulaci\u00f3n del buque Cutter Munro logr\u00f3 la incautaci\u00f3n de nueve toneladas de coca\u00edna, en lo que calific\u00f3 como \u201cla mayor interdicci\u00f3n en alta mar en m\u00e1s de 18 a\u00f1os\u201d. A trav\u00e9s de [&hellip;]","og_url":"https:\/\/fuentesfidedignas.com.mx\/index.php\/2025\/12\/07\/esto-se-sabe-sobre-el-decomiso-de-9-toneladas-de-cocaina-por-la-guardia-costera-de-eu\/","og_site_name":"Fuentes Fidedignas","article_publisher":"https:\/\/www.facebook.com\/Fuentes-Fidedignas-368234489921644","article_published_time":"2025-12-07T18:42:00+00:00","article_modified_time":"2025-12-07T19:46:33+00:00","og_image":[{"width":500,"height":333,"url":"https:\/\/fuentesfidedignas.com.mx\/wp-content\/uploads\/2025\/12\/lancha_eu.jpeg","type":"image\/jpeg"}],"author":"El Imparcial","twitter_card":"summary_large_image","twitter_creator":"@fidedignas","twitter_site":"@fidedignas","twitter_misc":{"Escrito por":"El Imparcial","Tiempo de lectura":"2 minutos"},"schema":{"@context":"https:\/\/schema.org","@graph":[{"@type":"Article","@id":"https:\/\/fuentesfidedignas.com.mx\/index.php\/2025\/12\/07\/esto-se-sabe-sobre-el-decomiso-de-9-toneladas-de-cocaina-por-la-guardia-costera-de-eu\/#article","isPartOf":{"@id":"https:\/\/fuentesfidedignas.com.mx\/index.php\/2025\/12\/07\/esto-se-sabe-sobre-el-decomiso-de-9-toneladas-de-cocaina-por-la-guardia-costera-de-eu\/"},"author":{"name":"El Imparcial","@id":"https:\/\/fuentesfidedignas.com.mx\/#\/schema\/person\/ff4db17f8fd9c584e0cfc2a0c436b8a1"},"headline":"Esto se sabe sobre el decomiso de 9 toneladas de coca\u00edna por la Guardia Costera de EU","datePublished":"2025-12-07T18:42:00+00:00","dateModified":"2025-12-07T19:46:33+00:00","mainEntityOfPage":{"@id":"https:\/\/fuentesfidedignas.com.mx\/index.php\/2025\/12\/07\/esto-se-sabe-sobre-el-decomiso-de-9-toneladas-de-cocaina-por-la-guardia-costera-de-eu\/"},"wordCount":350,"commentCount":0,"publisher":{"@id":"https:\/\/fuentesfidedignas.com.mx\/#organization"},"image":{"@id":"https:\/\/fuentesfidedignas.com.mx\/index.php\/2025\/12\/07\/esto-se-sabe-sobre-el-decomiso-de-9-toneladas-de-cocaina-por-la-guardia-costera-de-eu\/#primaryimage"},"thumbnailUrl":"https:\/\/fuentesfidedignas.com.mx\/wp-content\/uploads\/2025\/12\/lancha_eu.jpeg","articleSection":["NOTICIAS NACIONALES"],"inLanguage":"es","potentialAction":[{"@type":"CommentAction","name":"Comment","target":["https:\/\/fuentesfidedignas.com.mx\/index.php\/2025\/12\/07\/esto-se-sabe-sobre-el-decomiso-de-9-toneladas-de-cocaina-por-la-guardia-costera-de-eu\/#respond"]}]},{"@type":"WebPage","@id":"https:\/\/fuentesfidedignas.com.mx\/index.php\/2025\/12\/07\/esto-se-sabe-sobre-el-decomiso-de-9-toneladas-de-cocaina-por-la-guardia-costera-de-eu\/","url":"https:\/\/fuentesfidedignas.com.mx\/index.php\/2025\/12\/07\/esto-se-sabe-sobre-el-decomiso-de-9-toneladas-de-cocaina-por-la-guardia-costera-de-eu\/","name":"Esto se sabe sobre el decomiso de 9 toneladas de coca\u00edna por la Guardia Costera de EU - Fuentes Fidedignas","isPartOf":{"@id":"https:\/\/fuentesfidedignas.com.mx\/#website"},"primaryImageOfPage":{"@id":"https:\/\/fuentesfidedignas.com.mx\/index.php\/2025\/12\/07\/esto-se-sabe-sobre-el-decomiso-de-9-toneladas-de-cocaina-por-la-guardia-costera-de-eu\/#primaryimage"},"image":{"@id":"https:\/\/fuentesfidedignas.com.mx\/index.php\/2025\/12\/07\/esto-se-sabe-sobre-el-decomiso-de-9-toneladas-de-cocaina-por-la-guardia-costera-de-eu\/#primaryimage"},"thumbnailUrl":"https:\/\/fuentesfidedignas.com.mx\/wp-content\/uploads\/2025\/12\/lancha_eu.jpeg","datePublished":"2025-12-07T18:42:00+00:00","dateModified":"2025-12-07T19:46:33+00:00","breadcrumb":{"@id":"https:\/\/fuentesfidedignas.com.mx\/index.php\/2025\/12\/07\/esto-se-sabe-sobre-el-decomiso-de-9-toneladas-de-cocaina-por-la-guardia-costera-de-eu\/#breadcrumb"},"inLanguage":"es","potentialAction":[{"@type":"ReadAction","target":["https:\/\/fuentesfidedignas.com.mx\/index.php\/2025\/12\/07\/esto-se-sabe-sobre-el-decomiso-de-9-toneladas-de-cocaina-por-la-guardia-costera-de-eu\/"]}]},{"@type":"ImageObject","inLanguage":"es","@id":"https:\/\/fuentesfidedignas.com.mx\/index.php\/2025\/12\/07\/esto-se-sabe-sobre-el-decomiso-de-9-toneladas-de-cocaina-por-la-guardia-costera-de-eu\/#primaryimage","url":"https:\/\/fuentesfidedignas.com.mx\/wp-content\/uploads\/2025\/12\/lancha_eu.jpeg","contentUrl":"https:\/\/fuentesfidedignas.com.mx\/wp-content\/uploads\/2025\/12\/lancha_eu.jpeg","width":500,"height":333},{"@type":"BreadcrumbList","@id":"https:\/\/fuentesfidedignas.com.mx\/index.php\/2025\/12\/07\/esto-se-sabe-sobre-el-decomiso-de-9-toneladas-de-cocaina-por-la-guardia-costera-de-eu\/#breadcrumb","itemListElement":[{"@type":"ListItem","position":1,"name":"Inicio","item":"https:\/\/fuentesfidedignas.com.mx\/"},{"@type":"ListItem","position":2,"name":"Esto se sabe sobre el decomiso de 9 toneladas de coca\u00edna por la Guardia Costera de EU"}]},{"@type":"WebSite","@id":"https:\/\/fuentesfidedignas.com.mx\/#website","url":"https:\/\/fuentesfidedignas.com.mx\/","name":"Fuentes Fidedignas","description":"Otro sitio realizado con WordPress","publisher":{"@id":"https:\/\/fuentesfidedignas.com.mx\/#organization"},"potentialAction":[{"@type":"SearchAction","target":{"@type":"EntryPoint","urlTemplate":"https:\/\/fuentesfidedignas.com.mx\/?s={search_term_string}"},"query-input":{"@type":"PropertyValueSpecification","valueRequired":true,"valueName":"search_term_string"}}],"inLanguage":"es"},{"@type":"Organization","@id":"https:\/\/fuentesfidedignas.com.mx\/#organization","name":"Fuentes Fidedignas","url":"https:\/\/fuentesfidedignas.com.mx\/","logo":{"@type":"ImageObject","inLanguage":"es","@id":"https:\/\/fuentesfidedignas.com.mx\/#\/schema\/logo\/image\/","url":"https:\/\/fuentesfidedignas.com.mx\/wp-content\/uploads\/2021\/04\/logo-retina.png","contentUrl":"https:\/\/fuentesfidedignas.com.mx\/wp-content\/uploads\/2021\/04\/logo-retina.png","width":280,"height":51,"caption":"Fuentes Fidedignas"},"image":{"@id":"https:\/\/fuentesfidedignas.com.mx\/#\/schema\/logo\/image\/"},"sameAs":["https:\/\/www.facebook.com\/Fuentes-Fidedignas-368234489921644","https:\/\/x.com\/fidedignas"]},{"@type":"Person","@id":"https:\/\/fuentesfidedignas.com.mx\/#\/schema\/person\/ff4db17f8fd9c584e0cfc2a0c436b8a1","name":"El Imparcial","image":{"@type":"ImageObject","inLanguage":"es","@id":"https:\/\/secure.gravatar.com\/avatar\/accd6807585a75316c237ee783498317be6f66ab34c47c940966f26a3f613161?s=96&d=mm&r=g","url":"https:\/\/secure.gravatar.com\/avatar\/accd6807585a75316c237ee783498317be6f66ab34c47c940966f26a3f613161?s=96&d=mm&r=g","contentUrl":"https:\/\/secure.gravatar.com\/avatar\/accd6807585a75316c237ee783498317be6f66ab34c47c940966f26a3f613161?s=96&d=mm&r=g","caption":"El Imparcial"},"url":"https:\/\/fuentesfidedignas.com.mx\/index.php\/author\/imparcial\/"}]}},"_links":{"self":[{"href":"https:\/\/fuentesfidedignas.com.mx\/index.php\/wp-json\/wp\/v2\/posts\/123258","targetHints":{"allow":["GET"]}}],"collection":[{"href":"https:\/\/fuentesfidedignas.com.mx\/index.php\/wp-json\/wp\/v2\/posts"}],"about":[{"href":"https:\/\/fuentesfidedignas.com.mx\/index.php\/wp-json\/wp\/v2\/types\/post"}],"author":[{"embeddable":true,"href":"https:\/\/fuentesfidedignas.com.mx\/index.php\/wp-json\/wp\/v2\/users\/40"}],"replies":[{"embeddable":true,"href":"https:\/\/fuentesfidedignas.com.mx\/index.php\/wp-json\/wp\/v2\/comments?post=123258"}],"version-history":[{"count":1,"href":"https:\/\/fuentesfidedignas.com.mx\/index.php\/wp-json\/wp\/v2\/posts\/123258\/revisions"}],"predecessor-version":[{"id":123261,"href":"https:\/\/fuentesfidedignas.com.mx\/index.php\/wp-json\/wp\/v2\/posts\/123258\/revisions\/123261"}],"wp:featuredmedia":[{"embeddable":true,"href":"https:\/\/fuentesfidedignas.com.mx\/index.php\/wp-json\/wp\/v2\/media\/123260"}],"wp:attachment":[{"href":"https:\/\/fuentesfidedignas.com.mx\/index.php\/wp-json\/wp\/v2\/media?parent=123258"}],"wp:term":[{"taxonomy":"category","embeddable":true,"href":"https:\/\/fuentesfidedignas.com.mx\/index.php\/wp-json\/wp\/v2\/categories?post=123258"},{"taxonomy":"post_tag","embeddable":true,"href":"https:\/\/fuentesfidedignas.com.mx\/index.php\/wp-json\/wp\/v2\/tags?post=123258"}],"curies":[{"name":"wp","href":"https:\/\/api.w.org\/{rel}","templated":true}]}}