{"id":123179,"date":"2025-12-06T08:13:51","date_gmt":"2025-12-06T15:13:51","guid":{"rendered":"https:\/\/fuentesfidedignas.com.mx\/?p=123179"},"modified":"2025-12-06T08:15:16","modified_gmt":"2025-12-06T15:15:16","slug":"tiroteo-en-un-albergue-de-trabajadores-de-sudafrica-deja-11-muertos","status":"publish","type":"post","link":"https:\/\/fuentesfidedignas.com.mx\/index.php\/2025\/12\/06\/tiroteo-en-un-albergue-de-trabajadores-de-sudafrica-deja-11-muertos\/","title":{"rendered":"Tiroteo en un albergue de trabajadores de Sud\u00e1frica deja 11 muertos"},"content":{"rendered":"\n<p><strong><em>Once personas, entre ellas un ni\u00f1o de tres a\u00f1os, murieron y 14 resultaron heridas despu\u00e9s de que tres hombres armados abrieran fuego en un albergue de Saulsville.<\/em><\/strong><\/p>\n\n\n\n<p>Hombres armados asaltaron un albergue de trabajadores en Pretoria, la capital de Sud\u00e1frica, el s\u00e1bado y mataron al menos a once personas, entre ellas un ni\u00f1o de tres a\u00f1os, inform\u00f3 la polic\u00eda. Se trata del \u00faltimo de una serie de tiroteos que han conmocionado a este pa\u00eds de 63 millones de habitantes lastrado por la delincuencia.<\/p>\n\n\n\n<p>&#8220;Un total de 25 personas fueron tiroteadas&#8221;, de las que 14 fueron hospitalizadas, indic\u00f3 la portavoz de la polic\u00eda Athlenda Mathe.<\/p>\n\n\n\n<figure class=\"wp-block-embed is-type-rich is-provider-twitter wp-block-embed-twitter\"><div class=\"wp-block-embed__wrapper\">\n<blockquote class=\"twitter-tweet\" data-width=\"550\" data-dnt=\"true\"><p lang=\"en\" dir=\"ltr\">BREAKING: PRETORIA MASSACRE<br><br>11 Dead in South Africa. A 3-Year-Old Among Them.<br><br>At 4:30 AM this morning, three gunmen walked into an illegal tavern at Saulsville Hostel and opened fire on everyone inside.<br><br>They did not discriminate.<br><br>A three-year-old boy. A twelve-year-old boy. A\u2026 <a href=\"https:\/\/t.co\/cAGTw2sKdr\">pic.twitter.com\/cAGTw2sKdr<\/a><\/p>&mdash; Shanaka Anslem Perera \u26a1 (@shanaka86) <a href=\"https:\/\/twitter.com\/shanaka86\/status\/1997251000504336567?ref_src=twsrc%5Etfw\">December 6, 2025<\/a><\/blockquote><script async src=\"https:\/\/platform.twitter.com\/widgets.js\" charset=\"utf-8\"><\/script>\n<\/div><\/figure>\n\n\n\n<p>Diez murieron en el lugar de los hechos, en el municipio de Saulsville, a 18 kil\u00f3metros al oeste de Pretoria, mientras que otra persona falleci\u00f3 en el hospital. El incidente se produjo cuando tres hombres armados irrumpieron en el recinto alrededor de las 04:30 de la madrugada y dispararon indiscriminadamente contra un grupo de hombres que estaban bebiendo.<\/p>\n\n\n\n<p>&#8220;Un incidente realmente desafortunado. La polic\u00eda solo fue alertada de este suceso alrededor de las seis&#8221;, indic\u00f3 Mathe.<\/p>\n\n\n\n<p>Un ni\u00f1o de 12 a\u00f1os y una joven de 16 figuran entre los fallecidos. Se desconocen los motivos del tiroteo y no se han practicado detenciones. Seg\u00fan datos policiales, entre abril y septiembre de este a\u00f1o una media de 63 personas fueron asesinadas cada d\u00eda en el pa\u00eds.<\/p>\n\n\n\n<p>Sud\u00e1frica, el pa\u00eds m\u00e1s industrializado del continente, lucha contra una delincuencia y una corrupci\u00f3n muy arraigadas, alentadas por organizaciones criminales.<\/p>\n\n\n\n<p><\/p>\n","protected":false},"excerpt":{"rendered":"<p>Once personas, entre ellas un ni\u00f1o de tres a\u00f1os, murieron y 14 resultaron heridas despu\u00e9s de que tres hombres armados abrieran fuego en un albergue de Saulsville. Hombres armados asaltaron un albergue de trabajadores en Pretoria, la capital de Sud\u00e1frica, el s\u00e1bado y mataron al menos a once personas, entre ellas un ni\u00f1o de tres [&hellip;]<\/p>\n","protected":false},"author":12,"featured_media":123180,"comment_status":"open","ping_status":"open","sticky":false,"template":"","format":"standard","meta":{"tdm_status":"","tdm_grid_status":"","footnotes":""},"categories":[39],"tags":[],"class_list":{"0":"post-123179","1":"post","2":"type-post","3":"status-publish","4":"format-standard","5":"has-post-thumbnail","7":"category-noticias-nacionales"},"yoast_head":"<!-- This site is optimized with the Yoast SEO plugin v27.5 - https:\/\/yoast.com\/product\/yoast-seo-wordpress\/ -->\n<title>Tiroteo en un albergue de trabajadores de Sud\u00e1frica deja 11 muertos - Fuentes Fidedignas<\/title>\n<meta name=\"robots\" content=\"index, follow, max-snippet:-1, max-image-preview:large, max-video-preview:-1\" \/>\n<link rel=\"canonical\" href=\"https:\/\/fuentesfidedignas.com.mx\/index.php\/2025\/12\/06\/tiroteo-en-un-albergue-de-trabajadores-de-sudafrica-deja-11-muertos\/\" \/>\n<meta property=\"og:locale\" content=\"es_MX\" \/>\n<meta property=\"og:type\" content=\"article\" \/>\n<meta property=\"og:title\" content=\"Tiroteo en un albergue de trabajadores de Sud\u00e1frica deja 11 muertos - Fuentes Fidedignas\" \/>\n<meta property=\"og:description\" content=\"Once personas, entre ellas un ni\u00f1o de tres a\u00f1os, murieron y 14 resultaron heridas despu\u00e9s de que tres hombres armados abrieran fuego en un albergue de Saulsville. Hombres armados asaltaron un albergue de trabajadores en Pretoria, la capital de Sud\u00e1frica, el s\u00e1bado y mataron al menos a once personas, entre ellas un ni\u00f1o de tres [&hellip;]\" \/>\n<meta property=\"og:url\" content=\"https:\/\/fuentesfidedignas.com.mx\/index.php\/2025\/12\/06\/tiroteo-en-un-albergue-de-trabajadores-de-sudafrica-deja-11-muertos\/\" \/>\n<meta property=\"og:site_name\" content=\"Fuentes Fidedignas\" \/>\n<meta property=\"article:publisher\" content=\"https:\/\/www.facebook.com\/Fuentes-Fidedignas-368234489921644\" \/>\n<meta property=\"article:published_time\" content=\"2025-12-06T15:13:51+00:00\" \/>\n<meta property=\"article:modified_time\" content=\"2025-12-06T15:15:16+00:00\" \/>\n<meta property=\"og:image\" content=\"https:\/\/fuentesfidedignas.com.mx\/wp-content\/uploads\/2025\/12\/patrulla_tiroteo.jpg\" \/>\n\t<meta property=\"og:image:width\" content=\"500\" \/>\n\t<meta property=\"og:image:height\" content=\"344\" \/>\n\t<meta property=\"og:image:type\" content=\"image\/jpeg\" \/>\n<meta name=\"author\" content=\"AFP\" \/>\n<meta name=\"twitter:card\" content=\"summary_large_image\" \/>\n<meta name=\"twitter:creator\" content=\"@fidedignas\" \/>\n<meta name=\"twitter:site\" content=\"@fidedignas\" \/>\n<meta name=\"twitter:label1\" content=\"Escrito por\" \/>\n\t<meta name=\"twitter:data1\" content=\"AFP\" \/>\n\t<meta name=\"twitter:label2\" content=\"Tiempo de lectura\" \/>\n\t<meta name=\"twitter:data2\" content=\"2 minutos\" \/>\n<script type=\"application\/ld+json\" class=\"yoast-schema-graph\">{\"@context\":\"https:\\\/\\\/schema.org\",\"@graph\":[{\"@type\":\"Article\",\"@id\":\"https:\\\/\\\/fuentesfidedignas.com.mx\\\/index.php\\\/2025\\\/12\\\/06\\\/tiroteo-en-un-albergue-de-trabajadores-de-sudafrica-deja-11-muertos\\\/#article\",\"isPartOf\":{\"@id\":\"https:\\\/\\\/fuentesfidedignas.com.mx\\\/index.php\\\/2025\\\/12\\\/06\\\/tiroteo-en-un-albergue-de-trabajadores-de-sudafrica-deja-11-muertos\\\/\"},\"author\":{\"name\":\"AFP\",\"@id\":\"https:\\\/\\\/fuentesfidedignas.com.mx\\\/#\\\/schema\\\/person\\\/1827b38c6cf89e1d6cc7d78ca3fae732\"},\"headline\":\"Tiroteo en un albergue de trabajadores de Sud\u00e1frica deja 11 muertos\",\"datePublished\":\"2025-12-06T15:13:51+00:00\",\"dateModified\":\"2025-12-06T15:15:16+00:00\",\"mainEntityOfPage\":{\"@id\":\"https:\\\/\\\/fuentesfidedignas.com.mx\\\/index.php\\\/2025\\\/12\\\/06\\\/tiroteo-en-un-albergue-de-trabajadores-de-sudafrica-deja-11-muertos\\\/\"},\"wordCount\":277,\"commentCount\":0,\"publisher\":{\"@id\":\"https:\\\/\\\/fuentesfidedignas.com.mx\\\/#organization\"},\"image\":{\"@id\":\"https:\\\/\\\/fuentesfidedignas.com.mx\\\/index.php\\\/2025\\\/12\\\/06\\\/tiroteo-en-un-albergue-de-trabajadores-de-sudafrica-deja-11-muertos\\\/#primaryimage\"},\"thumbnailUrl\":\"https:\\\/\\\/fuentesfidedignas.com.mx\\\/wp-content\\\/uploads\\\/2025\\\/12\\\/patrulla_tiroteo.jpg\",\"articleSection\":[\"NOTICIAS NACIONALES\"],\"inLanguage\":\"es\",\"potentialAction\":[{\"@type\":\"CommentAction\",\"name\":\"Comment\",\"target\":[\"https:\\\/\\\/fuentesfidedignas.com.mx\\\/index.php\\\/2025\\\/12\\\/06\\\/tiroteo-en-un-albergue-de-trabajadores-de-sudafrica-deja-11-muertos\\\/#respond\"]}]},{\"@type\":\"WebPage\",\"@id\":\"https:\\\/\\\/fuentesfidedignas.com.mx\\\/index.php\\\/2025\\\/12\\\/06\\\/tiroteo-en-un-albergue-de-trabajadores-de-sudafrica-deja-11-muertos\\\/\",\"url\":\"https:\\\/\\\/fuentesfidedignas.com.mx\\\/index.php\\\/2025\\\/12\\\/06\\\/tiroteo-en-un-albergue-de-trabajadores-de-sudafrica-deja-11-muertos\\\/\",\"name\":\"Tiroteo en un albergue de trabajadores de Sud\u00e1frica deja 11 muertos - Fuentes Fidedignas\",\"isPartOf\":{\"@id\":\"https:\\\/\\\/fuentesfidedignas.com.mx\\\/#website\"},\"primaryImageOfPage\":{\"@id\":\"https:\\\/\\\/fuentesfidedignas.com.mx\\\/index.php\\\/2025\\\/12\\\/06\\\/tiroteo-en-un-albergue-de-trabajadores-de-sudafrica-deja-11-muertos\\\/#primaryimage\"},\"image\":{\"@id\":\"https:\\\/\\\/fuentesfidedignas.com.mx\\\/index.php\\\/2025\\\/12\\\/06\\\/tiroteo-en-un-albergue-de-trabajadores-de-sudafrica-deja-11-muertos\\\/#primaryimage\"},\"thumbnailUrl\":\"https:\\\/\\\/fuentesfidedignas.com.mx\\\/wp-content\\\/uploads\\\/2025\\\/12\\\/patrulla_tiroteo.jpg\",\"datePublished\":\"2025-12-06T15:13:51+00:00\",\"dateModified\":\"2025-12-06T15:15:16+00:00\",\"breadcrumb\":{\"@id\":\"https:\\\/\\\/fuentesfidedignas.com.mx\\\/index.php\\\/2025\\\/12\\\/06\\\/tiroteo-en-un-albergue-de-trabajadores-de-sudafrica-deja-11-muertos\\\/#breadcrumb\"},\"inLanguage\":\"es\",\"potentialAction\":[{\"@type\":\"ReadAction\",\"target\":[\"https:\\\/\\\/fuentesfidedignas.com.mx\\\/index.php\\\/2025\\\/12\\\/06\\\/tiroteo-en-un-albergue-de-trabajadores-de-sudafrica-deja-11-muertos\\\/\"]}]},{\"@type\":\"ImageObject\",\"inLanguage\":\"es\",\"@id\":\"https:\\\/\\\/fuentesfidedignas.com.mx\\\/index.php\\\/2025\\\/12\\\/06\\\/tiroteo-en-un-albergue-de-trabajadores-de-sudafrica-deja-11-muertos\\\/#primaryimage\",\"url\":\"https:\\\/\\\/fuentesfidedignas.com.mx\\\/wp-content\\\/uploads\\\/2025\\\/12\\\/patrulla_tiroteo.jpg\",\"contentUrl\":\"https:\\\/\\\/fuentesfidedignas.com.mx\\\/wp-content\\\/uploads\\\/2025\\\/12\\\/patrulla_tiroteo.jpg\",\"width\":500,\"height\":344},{\"@type\":\"BreadcrumbList\",\"@id\":\"https:\\\/\\\/fuentesfidedignas.com.mx\\\/index.php\\\/2025\\\/12\\\/06\\\/tiroteo-en-un-albergue-de-trabajadores-de-sudafrica-deja-11-muertos\\\/#breadcrumb\",\"itemListElement\":[{\"@type\":\"ListItem\",\"position\":1,\"name\":\"Inicio\",\"item\":\"https:\\\/\\\/fuentesfidedignas.com.mx\\\/\"},{\"@type\":\"ListItem\",\"position\":2,\"name\":\"Tiroteo en un albergue de trabajadores de Sud\u00e1frica deja 11 muertos\"}]},{\"@type\":\"WebSite\",\"@id\":\"https:\\\/\\\/fuentesfidedignas.com.mx\\\/#website\",\"url\":\"https:\\\/\\\/fuentesfidedignas.com.mx\\\/\",\"name\":\"Fuentes Fidedignas\",\"description\":\"Otro sitio realizado con WordPress\",\"publisher\":{\"@id\":\"https:\\\/\\\/fuentesfidedignas.com.mx\\\/#organization\"},\"potentialAction\":[{\"@type\":\"SearchAction\",\"target\":{\"@type\":\"EntryPoint\",\"urlTemplate\":\"https:\\\/\\\/fuentesfidedignas.com.mx\\\/?s={search_term_string}\"},\"query-input\":{\"@type\":\"PropertyValueSpecification\",\"valueRequired\":true,\"valueName\":\"search_term_string\"}}],\"inLanguage\":\"es\"},{\"@type\":\"Organization\",\"@id\":\"https:\\\/\\\/fuentesfidedignas.com.mx\\\/#organization\",\"name\":\"Fuentes Fidedignas\",\"url\":\"https:\\\/\\\/fuentesfidedignas.com.mx\\\/\",\"logo\":{\"@type\":\"ImageObject\",\"inLanguage\":\"es\",\"@id\":\"https:\\\/\\\/fuentesfidedignas.com.mx\\\/#\\\/schema\\\/logo\\\/image\\\/\",\"url\":\"https:\\\/\\\/fuentesfidedignas.com.mx\\\/wp-content\\\/uploads\\\/2021\\\/04\\\/logo-retina.png\",\"contentUrl\":\"https:\\\/\\\/fuentesfidedignas.com.mx\\\/wp-content\\\/uploads\\\/2021\\\/04\\\/logo-retina.png\",\"width\":280,\"height\":51,\"caption\":\"Fuentes Fidedignas\"},\"image\":{\"@id\":\"https:\\\/\\\/fuentesfidedignas.com.mx\\\/#\\\/schema\\\/logo\\\/image\\\/\"},\"sameAs\":[\"https:\\\/\\\/www.facebook.com\\\/Fuentes-Fidedignas-368234489921644\",\"https:\\\/\\\/x.com\\\/fidedignas\"]},{\"@type\":\"Person\",\"@id\":\"https:\\\/\\\/fuentesfidedignas.com.mx\\\/#\\\/schema\\\/person\\\/1827b38c6cf89e1d6cc7d78ca3fae732\",\"name\":\"AFP\",\"image\":{\"@type\":\"ImageObject\",\"inLanguage\":\"es\",\"@id\":\"https:\\\/\\\/secure.gravatar.com\\\/avatar\\\/236827d2ee9bf15e1ea99e0c1cd1b467cffa55e324d177638d0f8de7950cbae6?s=96&d=mm&r=g\",\"url\":\"https:\\\/\\\/secure.gravatar.com\\\/avatar\\\/236827d2ee9bf15e1ea99e0c1cd1b467cffa55e324d177638d0f8de7950cbae6?s=96&d=mm&r=g\",\"contentUrl\":\"https:\\\/\\\/secure.gravatar.com\\\/avatar\\\/236827d2ee9bf15e1ea99e0c1cd1b467cffa55e324d177638d0f8de7950cbae6?s=96&d=mm&r=g\",\"caption\":\"AFP\"},\"url\":\"https:\\\/\\\/fuentesfidedignas.com.mx\\\/index.php\\\/author\\\/afp\\\/\"}]}<\/script>\n<!-- \/ Yoast SEO plugin. -->","yoast_head_json":{"title":"Tiroteo en un albergue de trabajadores de Sud\u00e1frica deja 11 muertos - Fuentes Fidedignas","robots":{"index":"index","follow":"follow","max-snippet":"max-snippet:-1","max-image-preview":"max-image-preview:large","max-video-preview":"max-video-preview:-1"},"canonical":"https:\/\/fuentesfidedignas.com.mx\/index.php\/2025\/12\/06\/tiroteo-en-un-albergue-de-trabajadores-de-sudafrica-deja-11-muertos\/","og_locale":"es_MX","og_type":"article","og_title":"Tiroteo en un albergue de trabajadores de Sud\u00e1frica deja 11 muertos - Fuentes Fidedignas","og_description":"Once personas, entre ellas un ni\u00f1o de tres a\u00f1os, murieron y 14 resultaron heridas despu\u00e9s de que tres hombres armados abrieran fuego en un albergue de Saulsville. Hombres armados asaltaron un albergue de trabajadores en Pretoria, la capital de Sud\u00e1frica, el s\u00e1bado y mataron al menos a once personas, entre ellas un ni\u00f1o de tres [&hellip;]","og_url":"https:\/\/fuentesfidedignas.com.mx\/index.php\/2025\/12\/06\/tiroteo-en-un-albergue-de-trabajadores-de-sudafrica-deja-11-muertos\/","og_site_name":"Fuentes Fidedignas","article_publisher":"https:\/\/www.facebook.com\/Fuentes-Fidedignas-368234489921644","article_published_time":"2025-12-06T15:13:51+00:00","article_modified_time":"2025-12-06T15:15:16+00:00","og_image":[{"width":500,"height":344,"url":"https:\/\/fuentesfidedignas.com.mx\/wp-content\/uploads\/2025\/12\/patrulla_tiroteo.jpg","type":"image\/jpeg"}],"author":"AFP","twitter_card":"summary_large_image","twitter_creator":"@fidedignas","twitter_site":"@fidedignas","twitter_misc":{"Escrito por":"AFP","Tiempo de lectura":"2 minutos"},"schema":{"@context":"https:\/\/schema.org","@graph":[{"@type":"Article","@id":"https:\/\/fuentesfidedignas.com.mx\/index.php\/2025\/12\/06\/tiroteo-en-un-albergue-de-trabajadores-de-sudafrica-deja-11-muertos\/#article","isPartOf":{"@id":"https:\/\/fuentesfidedignas.com.mx\/index.php\/2025\/12\/06\/tiroteo-en-un-albergue-de-trabajadores-de-sudafrica-deja-11-muertos\/"},"author":{"name":"AFP","@id":"https:\/\/fuentesfidedignas.com.mx\/#\/schema\/person\/1827b38c6cf89e1d6cc7d78ca3fae732"},"headline":"Tiroteo en un albergue de trabajadores de Sud\u00e1frica deja 11 muertos","datePublished":"2025-12-06T15:13:51+00:00","dateModified":"2025-12-06T15:15:16+00:00","mainEntityOfPage":{"@id":"https:\/\/fuentesfidedignas.com.mx\/index.php\/2025\/12\/06\/tiroteo-en-un-albergue-de-trabajadores-de-sudafrica-deja-11-muertos\/"},"wordCount":277,"commentCount":0,"publisher":{"@id":"https:\/\/fuentesfidedignas.com.mx\/#organization"},"image":{"@id":"https:\/\/fuentesfidedignas.com.mx\/index.php\/2025\/12\/06\/tiroteo-en-un-albergue-de-trabajadores-de-sudafrica-deja-11-muertos\/#primaryimage"},"thumbnailUrl":"https:\/\/fuentesfidedignas.com.mx\/wp-content\/uploads\/2025\/12\/patrulla_tiroteo.jpg","articleSection":["NOTICIAS NACIONALES"],"inLanguage":"es","potentialAction":[{"@type":"CommentAction","name":"Comment","target":["https:\/\/fuentesfidedignas.com.mx\/index.php\/2025\/12\/06\/tiroteo-en-un-albergue-de-trabajadores-de-sudafrica-deja-11-muertos\/#respond"]}]},{"@type":"WebPage","@id":"https:\/\/fuentesfidedignas.com.mx\/index.php\/2025\/12\/06\/tiroteo-en-un-albergue-de-trabajadores-de-sudafrica-deja-11-muertos\/","url":"https:\/\/fuentesfidedignas.com.mx\/index.php\/2025\/12\/06\/tiroteo-en-un-albergue-de-trabajadores-de-sudafrica-deja-11-muertos\/","name":"Tiroteo en un albergue de trabajadores de Sud\u00e1frica deja 11 muertos - Fuentes Fidedignas","isPartOf":{"@id":"https:\/\/fuentesfidedignas.com.mx\/#website"},"primaryImageOfPage":{"@id":"https:\/\/fuentesfidedignas.com.mx\/index.php\/2025\/12\/06\/tiroteo-en-un-albergue-de-trabajadores-de-sudafrica-deja-11-muertos\/#primaryimage"},"image":{"@id":"https:\/\/fuentesfidedignas.com.mx\/index.php\/2025\/12\/06\/tiroteo-en-un-albergue-de-trabajadores-de-sudafrica-deja-11-muertos\/#primaryimage"},"thumbnailUrl":"https:\/\/fuentesfidedignas.com.mx\/wp-content\/uploads\/2025\/12\/patrulla_tiroteo.jpg","datePublished":"2025-12-06T15:13:51+00:00","dateModified":"2025-12-06T15:15:16+00:00","breadcrumb":{"@id":"https:\/\/fuentesfidedignas.com.mx\/index.php\/2025\/12\/06\/tiroteo-en-un-albergue-de-trabajadores-de-sudafrica-deja-11-muertos\/#breadcrumb"},"inLanguage":"es","potentialAction":[{"@type":"ReadAction","target":["https:\/\/fuentesfidedignas.com.mx\/index.php\/2025\/12\/06\/tiroteo-en-un-albergue-de-trabajadores-de-sudafrica-deja-11-muertos\/"]}]},{"@type":"ImageObject","inLanguage":"es","@id":"https:\/\/fuentesfidedignas.com.mx\/index.php\/2025\/12\/06\/tiroteo-en-un-albergue-de-trabajadores-de-sudafrica-deja-11-muertos\/#primaryimage","url":"https:\/\/fuentesfidedignas.com.mx\/wp-content\/uploads\/2025\/12\/patrulla_tiroteo.jpg","contentUrl":"https:\/\/fuentesfidedignas.com.mx\/wp-content\/uploads\/2025\/12\/patrulla_tiroteo.jpg","width":500,"height":344},{"@type":"BreadcrumbList","@id":"https:\/\/fuentesfidedignas.com.mx\/index.php\/2025\/12\/06\/tiroteo-en-un-albergue-de-trabajadores-de-sudafrica-deja-11-muertos\/#breadcrumb","itemListElement":[{"@type":"ListItem","position":1,"name":"Inicio","item":"https:\/\/fuentesfidedignas.com.mx\/"},{"@type":"ListItem","position":2,"name":"Tiroteo en un albergue de trabajadores de Sud\u00e1frica deja 11 muertos"}]},{"@type":"WebSite","@id":"https:\/\/fuentesfidedignas.com.mx\/#website","url":"https:\/\/fuentesfidedignas.com.mx\/","name":"Fuentes Fidedignas","description":"Otro sitio realizado con WordPress","publisher":{"@id":"https:\/\/fuentesfidedignas.com.mx\/#organization"},"potentialAction":[{"@type":"SearchAction","target":{"@type":"EntryPoint","urlTemplate":"https:\/\/fuentesfidedignas.com.mx\/?s={search_term_string}"},"query-input":{"@type":"PropertyValueSpecification","valueRequired":true,"valueName":"search_term_string"}}],"inLanguage":"es"},{"@type":"Organization","@id":"https:\/\/fuentesfidedignas.com.mx\/#organization","name":"Fuentes Fidedignas","url":"https:\/\/fuentesfidedignas.com.mx\/","logo":{"@type":"ImageObject","inLanguage":"es","@id":"https:\/\/fuentesfidedignas.com.mx\/#\/schema\/logo\/image\/","url":"https:\/\/fuentesfidedignas.com.mx\/wp-content\/uploads\/2021\/04\/logo-retina.png","contentUrl":"https:\/\/fuentesfidedignas.com.mx\/wp-content\/uploads\/2021\/04\/logo-retina.png","width":280,"height":51,"caption":"Fuentes Fidedignas"},"image":{"@id":"https:\/\/fuentesfidedignas.com.mx\/#\/schema\/logo\/image\/"},"sameAs":["https:\/\/www.facebook.com\/Fuentes-Fidedignas-368234489921644","https:\/\/x.com\/fidedignas"]},{"@type":"Person","@id":"https:\/\/fuentesfidedignas.com.mx\/#\/schema\/person\/1827b38c6cf89e1d6cc7d78ca3fae732","name":"AFP","image":{"@type":"ImageObject","inLanguage":"es","@id":"https:\/\/secure.gravatar.com\/avatar\/236827d2ee9bf15e1ea99e0c1cd1b467cffa55e324d177638d0f8de7950cbae6?s=96&d=mm&r=g","url":"https:\/\/secure.gravatar.com\/avatar\/236827d2ee9bf15e1ea99e0c1cd1b467cffa55e324d177638d0f8de7950cbae6?s=96&d=mm&r=g","contentUrl":"https:\/\/secure.gravatar.com\/avatar\/236827d2ee9bf15e1ea99e0c1cd1b467cffa55e324d177638d0f8de7950cbae6?s=96&d=mm&r=g","caption":"AFP"},"url":"https:\/\/fuentesfidedignas.com.mx\/index.php\/author\/afp\/"}]}},"_links":{"self":[{"href":"https:\/\/fuentesfidedignas.com.mx\/index.php\/wp-json\/wp\/v2\/posts\/123179","targetHints":{"allow":["GET"]}}],"collection":[{"href":"https:\/\/fuentesfidedignas.com.mx\/index.php\/wp-json\/wp\/v2\/posts"}],"about":[{"href":"https:\/\/fuentesfidedignas.com.mx\/index.php\/wp-json\/wp\/v2\/types\/post"}],"author":[{"embeddable":true,"href":"https:\/\/fuentesfidedignas.com.mx\/index.php\/wp-json\/wp\/v2\/users\/12"}],"replies":[{"embeddable":true,"href":"https:\/\/fuentesfidedignas.com.mx\/index.php\/wp-json\/wp\/v2\/comments?post=123179"}],"version-history":[{"count":2,"href":"https:\/\/fuentesfidedignas.com.mx\/index.php\/wp-json\/wp\/v2\/posts\/123179\/revisions"}],"predecessor-version":[{"id":123182,"href":"https:\/\/fuentesfidedignas.com.mx\/index.php\/wp-json\/wp\/v2\/posts\/123179\/revisions\/123182"}],"wp:featuredmedia":[{"embeddable":true,"href":"https:\/\/fuentesfidedignas.com.mx\/index.php\/wp-json\/wp\/v2\/media\/123180"}],"wp:attachment":[{"href":"https:\/\/fuentesfidedignas.com.mx\/index.php\/wp-json\/wp\/v2\/media?parent=123179"}],"wp:term":[{"taxonomy":"category","embeddable":true,"href":"https:\/\/fuentesfidedignas.com.mx\/index.php\/wp-json\/wp\/v2\/categories?post=123179"},{"taxonomy":"post_tag","embeddable":true,"href":"https:\/\/fuentesfidedignas.com.mx\/index.php\/wp-json\/wp\/v2\/tags?post=123179"}],"curies":[{"name":"wp","href":"https:\/\/api.w.org\/{rel}","templated":true}]}}