{"id":123144,"date":"2025-12-07T03:16:59","date_gmt":"2025-12-07T10:16:59","guid":{"rendered":"https:\/\/fuentesfidedignas.com.mx\/?p=123144"},"modified":"2025-12-07T08:01:52","modified_gmt":"2025-12-07T15:01:52","slug":"un-auto-levanta-el-vuelo-y-flota-sobre-el-trafico-de-la-ciudad-video","status":"publish","type":"post","link":"https:\/\/fuentesfidedignas.com.mx\/index.php\/2025\/12\/07\/un-auto-levanta-el-vuelo-y-flota-sobre-el-trafico-de-la-ciudad-video\/","title":{"rendered":"Un auto &#8216;levanta el vuelo&#8217; y &#8216;flota&#8217; sobre el tr\u00e1fico de la ciudad (VIDEO)"},"content":{"rendered":"\n<p>Un autom\u00f3vil sali\u00f3 volando a todo gas y &#8216;flot\u00f3&#8217; moment\u00e1neamente sobre el tr\u00e1fico cuando circulaba por una rotonda en la ciudad rumana de Oradea. Se indica que al volante iba un hombre de 55 a\u00f1os que, aparentemente, sufri\u00f3 un ataque diab\u00e9tico y perdi\u00f3 el control del veh\u00edculo. Despu\u00e9s de su breve traves\u00eda, el auto termin\u00f3 estamp\u00e1ndose contra un poste al costado de la carretera. El conductor fue puesto en custodia despu\u00e9s del suceso.<\/p>\n\n\n\n<figure class=\"wp-block-embed is-type-rich is-provider-twitter wp-block-embed-twitter\"><div class=\"wp-block-embed__wrapper\">\n<blockquote class=\"twitter-tweet\" data-width=\"550\" data-dnt=\"true\"><p lang=\"es\" dir=\"ltr\">MERCEDES AIRLINES<br><br>\u25aa\ufe0fEn <a href=\"https:\/\/twitter.com\/hashtag\/Ruman%C3%ADa?src=hash&amp;ref_src=twsrc%5Etfw\">#Ruman\u00eda<\/a>, un hombre con un Mercedes Benz pas\u00f3 volando sobre dos coches.<br><br>\u25aa\ufe0fSeg\u00fan informes, el hombre de 55 a\u00f1os se sinti\u00f3 mal mientras conduc\u00eda y perdi\u00f3 el control del veh\u00edculo. <a href=\"https:\/\/t.co\/7EP2r3Abn6\">pic.twitter.com\/7EP2r3Abn6<\/a><\/p>&mdash; @ALTOS_NOTICIASpy (@Altosnoticiasp1) <a href=\"https:\/\/twitter.com\/Altosnoticiasp1\/status\/1996980375906586920?ref_src=twsrc%5Etfw\">December 5, 2025<\/a><\/blockquote><script async src=\"https:\/\/platform.twitter.com\/widgets.js\" charset=\"utf-8\"><\/script>\n<\/div><\/figure>\n","protected":false},"excerpt":{"rendered":"<p>Un autom\u00f3vil sali\u00f3 volando a todo gas y &#8216;flot\u00f3&#8217; moment\u00e1neamente sobre el tr\u00e1fico cuando circulaba por una rotonda en la ciudad rumana de Oradea. Se indica que al volante iba un hombre de 55 a\u00f1os que, aparentemente, sufri\u00f3 un ataque diab\u00e9tico y perdi\u00f3 el control del veh\u00edculo. Despu\u00e9s de su breve traves\u00eda, el auto termin\u00f3 [&hellip;]<\/p>\n","protected":false},"author":38,"featured_media":123145,"comment_status":"open","ping_status":"open","sticky":false,"template":"","format":"standard","meta":{"tdm_status":"","tdm_grid_status":"","footnotes":""},"categories":[40],"tags":[],"class_list":{"0":"post-123144","1":"post","2":"type-post","3":"status-publish","4":"format-standard","5":"has-post-thumbnail","7":"category-las-asombrosas"},"yoast_head":"<!-- This site is optimized with the Yoast SEO plugin v27.4 - https:\/\/yoast.com\/product\/yoast-seo-wordpress\/ -->\n<title>Un auto &#039;levanta el vuelo&#039; y &#039;flota&#039; sobre el tr\u00e1fico de la ciudad (VIDEO) - Fuentes Fidedignas<\/title>\n<meta name=\"robots\" content=\"index, follow, max-snippet:-1, max-image-preview:large, max-video-preview:-1\" \/>\n<link rel=\"canonical\" href=\"https:\/\/fuentesfidedignas.com.mx\/index.php\/2025\/12\/07\/un-auto-levanta-el-vuelo-y-flota-sobre-el-trafico-de-la-ciudad-video\/\" \/>\n<meta property=\"og:locale\" content=\"es_MX\" \/>\n<meta property=\"og:type\" content=\"article\" \/>\n<meta property=\"og:title\" content=\"Un auto &#039;levanta el vuelo&#039; y &#039;flota&#039; sobre el tr\u00e1fico de la ciudad (VIDEO) - Fuentes Fidedignas\" \/>\n<meta property=\"og:description\" content=\"Un autom\u00f3vil sali\u00f3 volando a todo gas y &#8216;flot\u00f3&#8217; moment\u00e1neamente sobre el tr\u00e1fico cuando circulaba por una rotonda en la ciudad rumana de Oradea. Se indica que al volante iba un hombre de 55 a\u00f1os que, aparentemente, sufri\u00f3 un ataque diab\u00e9tico y perdi\u00f3 el control del veh\u00edculo. Despu\u00e9s de su breve traves\u00eda, el auto termin\u00f3 [&hellip;]\" \/>\n<meta property=\"og:url\" content=\"https:\/\/fuentesfidedignas.com.mx\/index.php\/2025\/12\/07\/un-auto-levanta-el-vuelo-y-flota-sobre-el-trafico-de-la-ciudad-video\/\" \/>\n<meta property=\"og:site_name\" content=\"Fuentes Fidedignas\" \/>\n<meta property=\"article:publisher\" content=\"https:\/\/www.facebook.com\/Fuentes-Fidedignas-368234489921644\" \/>\n<meta property=\"article:published_time\" content=\"2025-12-07T10:16:59+00:00\" \/>\n<meta property=\"article:modified_time\" content=\"2025-12-07T15:01:52+00:00\" \/>\n<meta property=\"og:image\" content=\"https:\/\/fuentesfidedignas.com.mx\/wp-content\/uploads\/2025\/12\/693314d2e9ff711a2f161863.jpg\" \/>\n\t<meta property=\"og:image:width\" content=\"1104\" \/>\n\t<meta property=\"og:image:height\" content=\"622\" \/>\n\t<meta property=\"og:image:type\" content=\"image\/jpeg\" \/>\n<meta name=\"author\" content=\"Actualidad RT\" \/>\n<meta name=\"twitter:card\" content=\"summary_large_image\" \/>\n<meta name=\"twitter:creator\" content=\"@fidedignas\" \/>\n<meta name=\"twitter:site\" content=\"@fidedignas\" \/>\n<meta name=\"twitter:label1\" content=\"Escrito por\" \/>\n\t<meta name=\"twitter:data1\" content=\"Actualidad RT\" \/>\n\t<meta name=\"twitter:label2\" content=\"Tiempo de lectura\" \/>\n\t<meta name=\"twitter:data2\" content=\"1 minuto\" \/>\n<script type=\"application\/ld+json\" class=\"yoast-schema-graph\">{\"@context\":\"https:\\\/\\\/schema.org\",\"@graph\":[{\"@type\":\"Article\",\"@id\":\"https:\\\/\\\/fuentesfidedignas.com.mx\\\/index.php\\\/2025\\\/12\\\/07\\\/un-auto-levanta-el-vuelo-y-flota-sobre-el-trafico-de-la-ciudad-video\\\/#article\",\"isPartOf\":{\"@id\":\"https:\\\/\\\/fuentesfidedignas.com.mx\\\/index.php\\\/2025\\\/12\\\/07\\\/un-auto-levanta-el-vuelo-y-flota-sobre-el-trafico-de-la-ciudad-video\\\/\"},\"author\":{\"name\":\"Actualidad RT\",\"@id\":\"https:\\\/\\\/fuentesfidedignas.com.mx\\\/#\\\/schema\\\/person\\\/eade03a5d4a96f9b557ac266e3d63718\"},\"headline\":\"Un auto &#8216;levanta el vuelo&#8217; y &#8216;flota&#8217; sobre el tr\u00e1fico de la ciudad (VIDEO)\",\"datePublished\":\"2025-12-07T10:16:59+00:00\",\"dateModified\":\"2025-12-07T15:01:52+00:00\",\"mainEntityOfPage\":{\"@id\":\"https:\\\/\\\/fuentesfidedignas.com.mx\\\/index.php\\\/2025\\\/12\\\/07\\\/un-auto-levanta-el-vuelo-y-flota-sobre-el-trafico-de-la-ciudad-video\\\/\"},\"wordCount\":139,\"commentCount\":0,\"publisher\":{\"@id\":\"https:\\\/\\\/fuentesfidedignas.com.mx\\\/#organization\"},\"image\":{\"@id\":\"https:\\\/\\\/fuentesfidedignas.com.mx\\\/index.php\\\/2025\\\/12\\\/07\\\/un-auto-levanta-el-vuelo-y-flota-sobre-el-trafico-de-la-ciudad-video\\\/#primaryimage\"},\"thumbnailUrl\":\"https:\\\/\\\/fuentesfidedignas.com.mx\\\/wp-content\\\/uploads\\\/2025\\\/12\\\/693314d2e9ff711a2f161863.jpg\",\"articleSection\":[\"LAS ASOMBROSAS\"],\"inLanguage\":\"es\",\"potentialAction\":[{\"@type\":\"CommentAction\",\"name\":\"Comment\",\"target\":[\"https:\\\/\\\/fuentesfidedignas.com.mx\\\/index.php\\\/2025\\\/12\\\/07\\\/un-auto-levanta-el-vuelo-y-flota-sobre-el-trafico-de-la-ciudad-video\\\/#respond\"]}]},{\"@type\":\"WebPage\",\"@id\":\"https:\\\/\\\/fuentesfidedignas.com.mx\\\/index.php\\\/2025\\\/12\\\/07\\\/un-auto-levanta-el-vuelo-y-flota-sobre-el-trafico-de-la-ciudad-video\\\/\",\"url\":\"https:\\\/\\\/fuentesfidedignas.com.mx\\\/index.php\\\/2025\\\/12\\\/07\\\/un-auto-levanta-el-vuelo-y-flota-sobre-el-trafico-de-la-ciudad-video\\\/\",\"name\":\"Un auto 'levanta el vuelo' y 'flota' sobre el tr\u00e1fico de la ciudad (VIDEO) - Fuentes Fidedignas\",\"isPartOf\":{\"@id\":\"https:\\\/\\\/fuentesfidedignas.com.mx\\\/#website\"},\"primaryImageOfPage\":{\"@id\":\"https:\\\/\\\/fuentesfidedignas.com.mx\\\/index.php\\\/2025\\\/12\\\/07\\\/un-auto-levanta-el-vuelo-y-flota-sobre-el-trafico-de-la-ciudad-video\\\/#primaryimage\"},\"image\":{\"@id\":\"https:\\\/\\\/fuentesfidedignas.com.mx\\\/index.php\\\/2025\\\/12\\\/07\\\/un-auto-levanta-el-vuelo-y-flota-sobre-el-trafico-de-la-ciudad-video\\\/#primaryimage\"},\"thumbnailUrl\":\"https:\\\/\\\/fuentesfidedignas.com.mx\\\/wp-content\\\/uploads\\\/2025\\\/12\\\/693314d2e9ff711a2f161863.jpg\",\"datePublished\":\"2025-12-07T10:16:59+00:00\",\"dateModified\":\"2025-12-07T15:01:52+00:00\",\"breadcrumb\":{\"@id\":\"https:\\\/\\\/fuentesfidedignas.com.mx\\\/index.php\\\/2025\\\/12\\\/07\\\/un-auto-levanta-el-vuelo-y-flota-sobre-el-trafico-de-la-ciudad-video\\\/#breadcrumb\"},\"inLanguage\":\"es\",\"potentialAction\":[{\"@type\":\"ReadAction\",\"target\":[\"https:\\\/\\\/fuentesfidedignas.com.mx\\\/index.php\\\/2025\\\/12\\\/07\\\/un-auto-levanta-el-vuelo-y-flota-sobre-el-trafico-de-la-ciudad-video\\\/\"]}]},{\"@type\":\"ImageObject\",\"inLanguage\":\"es\",\"@id\":\"https:\\\/\\\/fuentesfidedignas.com.mx\\\/index.php\\\/2025\\\/12\\\/07\\\/un-auto-levanta-el-vuelo-y-flota-sobre-el-trafico-de-la-ciudad-video\\\/#primaryimage\",\"url\":\"https:\\\/\\\/fuentesfidedignas.com.mx\\\/wp-content\\\/uploads\\\/2025\\\/12\\\/693314d2e9ff711a2f161863.jpg\",\"contentUrl\":\"https:\\\/\\\/fuentesfidedignas.com.mx\\\/wp-content\\\/uploads\\\/2025\\\/12\\\/693314d2e9ff711a2f161863.jpg\",\"width\":1104,\"height\":622},{\"@type\":\"BreadcrumbList\",\"@id\":\"https:\\\/\\\/fuentesfidedignas.com.mx\\\/index.php\\\/2025\\\/12\\\/07\\\/un-auto-levanta-el-vuelo-y-flota-sobre-el-trafico-de-la-ciudad-video\\\/#breadcrumb\",\"itemListElement\":[{\"@type\":\"ListItem\",\"position\":1,\"name\":\"Inicio\",\"item\":\"https:\\\/\\\/fuentesfidedignas.com.mx\\\/\"},{\"@type\":\"ListItem\",\"position\":2,\"name\":\"Un auto &#8216;levanta el vuelo&#8217; y &#8216;flota&#8217; sobre el tr\u00e1fico de la ciudad (VIDEO)\"}]},{\"@type\":\"WebSite\",\"@id\":\"https:\\\/\\\/fuentesfidedignas.com.mx\\\/#website\",\"url\":\"https:\\\/\\\/fuentesfidedignas.com.mx\\\/\",\"name\":\"Fuentes Fidedignas\",\"description\":\"Otro sitio realizado con WordPress\",\"publisher\":{\"@id\":\"https:\\\/\\\/fuentesfidedignas.com.mx\\\/#organization\"},\"potentialAction\":[{\"@type\":\"SearchAction\",\"target\":{\"@type\":\"EntryPoint\",\"urlTemplate\":\"https:\\\/\\\/fuentesfidedignas.com.mx\\\/?s={search_term_string}\"},\"query-input\":{\"@type\":\"PropertyValueSpecification\",\"valueRequired\":true,\"valueName\":\"search_term_string\"}}],\"inLanguage\":\"es\"},{\"@type\":\"Organization\",\"@id\":\"https:\\\/\\\/fuentesfidedignas.com.mx\\\/#organization\",\"name\":\"Fuentes Fidedignas\",\"url\":\"https:\\\/\\\/fuentesfidedignas.com.mx\\\/\",\"logo\":{\"@type\":\"ImageObject\",\"inLanguage\":\"es\",\"@id\":\"https:\\\/\\\/fuentesfidedignas.com.mx\\\/#\\\/schema\\\/logo\\\/image\\\/\",\"url\":\"https:\\\/\\\/fuentesfidedignas.com.mx\\\/wp-content\\\/uploads\\\/2021\\\/04\\\/logo-retina.png\",\"contentUrl\":\"https:\\\/\\\/fuentesfidedignas.com.mx\\\/wp-content\\\/uploads\\\/2021\\\/04\\\/logo-retina.png\",\"width\":280,\"height\":51,\"caption\":\"Fuentes Fidedignas\"},\"image\":{\"@id\":\"https:\\\/\\\/fuentesfidedignas.com.mx\\\/#\\\/schema\\\/logo\\\/image\\\/\"},\"sameAs\":[\"https:\\\/\\\/www.facebook.com\\\/Fuentes-Fidedignas-368234489921644\",\"https:\\\/\\\/x.com\\\/fidedignas\"]},{\"@type\":\"Person\",\"@id\":\"https:\\\/\\\/fuentesfidedignas.com.mx\\\/#\\\/schema\\\/person\\\/eade03a5d4a96f9b557ac266e3d63718\",\"name\":\"Actualidad RT\",\"image\":{\"@type\":\"ImageObject\",\"inLanguage\":\"es\",\"@id\":\"https:\\\/\\\/secure.gravatar.com\\\/avatar\\\/443e88260a6a7111cf83d7014ab1894f91a4053ffd4e9da37d79effad3a35c81?s=96&d=mm&r=g\",\"url\":\"https:\\\/\\\/secure.gravatar.com\\\/avatar\\\/443e88260a6a7111cf83d7014ab1894f91a4053ffd4e9da37d79effad3a35c81?s=96&d=mm&r=g\",\"contentUrl\":\"https:\\\/\\\/secure.gravatar.com\\\/avatar\\\/443e88260a6a7111cf83d7014ab1894f91a4053ffd4e9da37d79effad3a35c81?s=96&d=mm&r=g\",\"caption\":\"Actualidad RT\"},\"url\":\"https:\\\/\\\/fuentesfidedignas.com.mx\\\/index.php\\\/author\\\/actualidad\\\/\"}]}<\/script>\n<!-- \/ Yoast SEO plugin. -->","yoast_head_json":{"title":"Un auto 'levanta el vuelo' y 'flota' sobre el tr\u00e1fico de la ciudad (VIDEO) - Fuentes Fidedignas","robots":{"index":"index","follow":"follow","max-snippet":"max-snippet:-1","max-image-preview":"max-image-preview:large","max-video-preview":"max-video-preview:-1"},"canonical":"https:\/\/fuentesfidedignas.com.mx\/index.php\/2025\/12\/07\/un-auto-levanta-el-vuelo-y-flota-sobre-el-trafico-de-la-ciudad-video\/","og_locale":"es_MX","og_type":"article","og_title":"Un auto 'levanta el vuelo' y 'flota' sobre el tr\u00e1fico de la ciudad (VIDEO) - Fuentes Fidedignas","og_description":"Un autom\u00f3vil sali\u00f3 volando a todo gas y &#8216;flot\u00f3&#8217; moment\u00e1neamente sobre el tr\u00e1fico cuando circulaba por una rotonda en la ciudad rumana de Oradea. Se indica que al volante iba un hombre de 55 a\u00f1os que, aparentemente, sufri\u00f3 un ataque diab\u00e9tico y perdi\u00f3 el control del veh\u00edculo. Despu\u00e9s de su breve traves\u00eda, el auto termin\u00f3 [&hellip;]","og_url":"https:\/\/fuentesfidedignas.com.mx\/index.php\/2025\/12\/07\/un-auto-levanta-el-vuelo-y-flota-sobre-el-trafico-de-la-ciudad-video\/","og_site_name":"Fuentes Fidedignas","article_publisher":"https:\/\/www.facebook.com\/Fuentes-Fidedignas-368234489921644","article_published_time":"2025-12-07T10:16:59+00:00","article_modified_time":"2025-12-07T15:01:52+00:00","og_image":[{"width":1104,"height":622,"url":"https:\/\/fuentesfidedignas.com.mx\/wp-content\/uploads\/2025\/12\/693314d2e9ff711a2f161863.jpg","type":"image\/jpeg"}],"author":"Actualidad RT","twitter_card":"summary_large_image","twitter_creator":"@fidedignas","twitter_site":"@fidedignas","twitter_misc":{"Escrito por":"Actualidad RT","Tiempo de lectura":"1 minuto"},"schema":{"@context":"https:\/\/schema.org","@graph":[{"@type":"Article","@id":"https:\/\/fuentesfidedignas.com.mx\/index.php\/2025\/12\/07\/un-auto-levanta-el-vuelo-y-flota-sobre-el-trafico-de-la-ciudad-video\/#article","isPartOf":{"@id":"https:\/\/fuentesfidedignas.com.mx\/index.php\/2025\/12\/07\/un-auto-levanta-el-vuelo-y-flota-sobre-el-trafico-de-la-ciudad-video\/"},"author":{"name":"Actualidad RT","@id":"https:\/\/fuentesfidedignas.com.mx\/#\/schema\/person\/eade03a5d4a96f9b557ac266e3d63718"},"headline":"Un auto &#8216;levanta el vuelo&#8217; y &#8216;flota&#8217; sobre el tr\u00e1fico de la ciudad (VIDEO)","datePublished":"2025-12-07T10:16:59+00:00","dateModified":"2025-12-07T15:01:52+00:00","mainEntityOfPage":{"@id":"https:\/\/fuentesfidedignas.com.mx\/index.php\/2025\/12\/07\/un-auto-levanta-el-vuelo-y-flota-sobre-el-trafico-de-la-ciudad-video\/"},"wordCount":139,"commentCount":0,"publisher":{"@id":"https:\/\/fuentesfidedignas.com.mx\/#organization"},"image":{"@id":"https:\/\/fuentesfidedignas.com.mx\/index.php\/2025\/12\/07\/un-auto-levanta-el-vuelo-y-flota-sobre-el-trafico-de-la-ciudad-video\/#primaryimage"},"thumbnailUrl":"https:\/\/fuentesfidedignas.com.mx\/wp-content\/uploads\/2025\/12\/693314d2e9ff711a2f161863.jpg","articleSection":["LAS ASOMBROSAS"],"inLanguage":"es","potentialAction":[{"@type":"CommentAction","name":"Comment","target":["https:\/\/fuentesfidedignas.com.mx\/index.php\/2025\/12\/07\/un-auto-levanta-el-vuelo-y-flota-sobre-el-trafico-de-la-ciudad-video\/#respond"]}]},{"@type":"WebPage","@id":"https:\/\/fuentesfidedignas.com.mx\/index.php\/2025\/12\/07\/un-auto-levanta-el-vuelo-y-flota-sobre-el-trafico-de-la-ciudad-video\/","url":"https:\/\/fuentesfidedignas.com.mx\/index.php\/2025\/12\/07\/un-auto-levanta-el-vuelo-y-flota-sobre-el-trafico-de-la-ciudad-video\/","name":"Un auto 'levanta el vuelo' y 'flota' sobre el tr\u00e1fico de la ciudad (VIDEO) - Fuentes Fidedignas","isPartOf":{"@id":"https:\/\/fuentesfidedignas.com.mx\/#website"},"primaryImageOfPage":{"@id":"https:\/\/fuentesfidedignas.com.mx\/index.php\/2025\/12\/07\/un-auto-levanta-el-vuelo-y-flota-sobre-el-trafico-de-la-ciudad-video\/#primaryimage"},"image":{"@id":"https:\/\/fuentesfidedignas.com.mx\/index.php\/2025\/12\/07\/un-auto-levanta-el-vuelo-y-flota-sobre-el-trafico-de-la-ciudad-video\/#primaryimage"},"thumbnailUrl":"https:\/\/fuentesfidedignas.com.mx\/wp-content\/uploads\/2025\/12\/693314d2e9ff711a2f161863.jpg","datePublished":"2025-12-07T10:16:59+00:00","dateModified":"2025-12-07T15:01:52+00:00","breadcrumb":{"@id":"https:\/\/fuentesfidedignas.com.mx\/index.php\/2025\/12\/07\/un-auto-levanta-el-vuelo-y-flota-sobre-el-trafico-de-la-ciudad-video\/#breadcrumb"},"inLanguage":"es","potentialAction":[{"@type":"ReadAction","target":["https:\/\/fuentesfidedignas.com.mx\/index.php\/2025\/12\/07\/un-auto-levanta-el-vuelo-y-flota-sobre-el-trafico-de-la-ciudad-video\/"]}]},{"@type":"ImageObject","inLanguage":"es","@id":"https:\/\/fuentesfidedignas.com.mx\/index.php\/2025\/12\/07\/un-auto-levanta-el-vuelo-y-flota-sobre-el-trafico-de-la-ciudad-video\/#primaryimage","url":"https:\/\/fuentesfidedignas.com.mx\/wp-content\/uploads\/2025\/12\/693314d2e9ff711a2f161863.jpg","contentUrl":"https:\/\/fuentesfidedignas.com.mx\/wp-content\/uploads\/2025\/12\/693314d2e9ff711a2f161863.jpg","width":1104,"height":622},{"@type":"BreadcrumbList","@id":"https:\/\/fuentesfidedignas.com.mx\/index.php\/2025\/12\/07\/un-auto-levanta-el-vuelo-y-flota-sobre-el-trafico-de-la-ciudad-video\/#breadcrumb","itemListElement":[{"@type":"ListItem","position":1,"name":"Inicio","item":"https:\/\/fuentesfidedignas.com.mx\/"},{"@type":"ListItem","position":2,"name":"Un auto &#8216;levanta el vuelo&#8217; y &#8216;flota&#8217; sobre el tr\u00e1fico de la ciudad (VIDEO)"}]},{"@type":"WebSite","@id":"https:\/\/fuentesfidedignas.com.mx\/#website","url":"https:\/\/fuentesfidedignas.com.mx\/","name":"Fuentes Fidedignas","description":"Otro sitio realizado con WordPress","publisher":{"@id":"https:\/\/fuentesfidedignas.com.mx\/#organization"},"potentialAction":[{"@type":"SearchAction","target":{"@type":"EntryPoint","urlTemplate":"https:\/\/fuentesfidedignas.com.mx\/?s={search_term_string}"},"query-input":{"@type":"PropertyValueSpecification","valueRequired":true,"valueName":"search_term_string"}}],"inLanguage":"es"},{"@type":"Organization","@id":"https:\/\/fuentesfidedignas.com.mx\/#organization","name":"Fuentes Fidedignas","url":"https:\/\/fuentesfidedignas.com.mx\/","logo":{"@type":"ImageObject","inLanguage":"es","@id":"https:\/\/fuentesfidedignas.com.mx\/#\/schema\/logo\/image\/","url":"https:\/\/fuentesfidedignas.com.mx\/wp-content\/uploads\/2021\/04\/logo-retina.png","contentUrl":"https:\/\/fuentesfidedignas.com.mx\/wp-content\/uploads\/2021\/04\/logo-retina.png","width":280,"height":51,"caption":"Fuentes Fidedignas"},"image":{"@id":"https:\/\/fuentesfidedignas.com.mx\/#\/schema\/logo\/image\/"},"sameAs":["https:\/\/www.facebook.com\/Fuentes-Fidedignas-368234489921644","https:\/\/x.com\/fidedignas"]},{"@type":"Person","@id":"https:\/\/fuentesfidedignas.com.mx\/#\/schema\/person\/eade03a5d4a96f9b557ac266e3d63718","name":"Actualidad RT","image":{"@type":"ImageObject","inLanguage":"es","@id":"https:\/\/secure.gravatar.com\/avatar\/443e88260a6a7111cf83d7014ab1894f91a4053ffd4e9da37d79effad3a35c81?s=96&d=mm&r=g","url":"https:\/\/secure.gravatar.com\/avatar\/443e88260a6a7111cf83d7014ab1894f91a4053ffd4e9da37d79effad3a35c81?s=96&d=mm&r=g","contentUrl":"https:\/\/secure.gravatar.com\/avatar\/443e88260a6a7111cf83d7014ab1894f91a4053ffd4e9da37d79effad3a35c81?s=96&d=mm&r=g","caption":"Actualidad RT"},"url":"https:\/\/fuentesfidedignas.com.mx\/index.php\/author\/actualidad\/"}]}},"_links":{"self":[{"href":"https:\/\/fuentesfidedignas.com.mx\/index.php\/wp-json\/wp\/v2\/posts\/123144","targetHints":{"allow":["GET"]}}],"collection":[{"href":"https:\/\/fuentesfidedignas.com.mx\/index.php\/wp-json\/wp\/v2\/posts"}],"about":[{"href":"https:\/\/fuentesfidedignas.com.mx\/index.php\/wp-json\/wp\/v2\/types\/post"}],"author":[{"embeddable":true,"href":"https:\/\/fuentesfidedignas.com.mx\/index.php\/wp-json\/wp\/v2\/users\/38"}],"replies":[{"embeddable":true,"href":"https:\/\/fuentesfidedignas.com.mx\/index.php\/wp-json\/wp\/v2\/comments?post=123144"}],"version-history":[{"count":1,"href":"https:\/\/fuentesfidedignas.com.mx\/index.php\/wp-json\/wp\/v2\/posts\/123144\/revisions"}],"predecessor-version":[{"id":123146,"href":"https:\/\/fuentesfidedignas.com.mx\/index.php\/wp-json\/wp\/v2\/posts\/123144\/revisions\/123146"}],"wp:featuredmedia":[{"embeddable":true,"href":"https:\/\/fuentesfidedignas.com.mx\/index.php\/wp-json\/wp\/v2\/media\/123145"}],"wp:attachment":[{"href":"https:\/\/fuentesfidedignas.com.mx\/index.php\/wp-json\/wp\/v2\/media?parent=123144"}],"wp:term":[{"taxonomy":"category","embeddable":true,"href":"https:\/\/fuentesfidedignas.com.mx\/index.php\/wp-json\/wp\/v2\/categories?post=123144"},{"taxonomy":"post_tag","embeddable":true,"href":"https:\/\/fuentesfidedignas.com.mx\/index.php\/wp-json\/wp\/v2\/tags?post=123144"}],"curies":[{"name":"wp","href":"https:\/\/api.w.org\/{rel}","templated":true}]}}