{"id":122883,"date":"2025-12-02T12:00:29","date_gmt":"2025-12-02T19:00:29","guid":{"rendered":"https:\/\/fuentesfidedignas.com.mx\/?p=122883"},"modified":"2025-12-02T12:00:34","modified_gmt":"2025-12-02T19:00:34","slug":"despues-de-15-anos-de-espera-familias-de-nueva-galicia-en-culiacan-reciben-por-fin-sus-escrituras","status":"publish","type":"post","link":"https:\/\/fuentesfidedignas.com.mx\/index.php\/2025\/12\/02\/despues-de-15-anos-de-espera-familias-de-nueva-galicia-en-culiacan-reciben-por-fin-sus-escrituras\/","title":{"rendered":"Despu\u00e9s de 15 a\u00f1os de espera, familias de Nueva Galicia, en Culiac\u00e1n  reciben por fin sus escrituras"},"content":{"rendered":"\n<p><strong><em>El alcalde Juan de Dios G\u00e1mez Mend\u00edvil llev\u00f3 los t\u00edtulos de propiedad hasta las puertas de los hogares, poniendo fin a un rezago hist\u00f3rico en la regularizaci\u00f3n del fraccionamiento<\/em><\/strong><\/p>\n\n\n\n<p>Culiac\u00e1n, Sin.- La espera termin\u00f3 para cinco familias del fraccionamiento Nueva Galicia, quienes este martes recibieron sus escrituras de manos del alcalde Juan de Dios G\u00e1mez Mend\u00edvil, marcando el cierre de un rezago que se extendi\u00f3 por m\u00e1s de 15 a\u00f1os.<\/p>\n\n\n\n<p>El proyecto habitacional, conformado desde 2009 por tres manzanas y 62 familias, arrastraba irregularidades de origen que imped\u00edan emitir documentos de propiedad. Fue hasta agosto de 2025 cuando el Instituto Municipal de Vivienda (INMUVI) logr\u00f3 regularizar estas manzanas, permitiendo avanzar en la entrega de t\u00edtulos.<\/p>\n\n\n\n<p>Con esta acci\u00f3n, ya son 17 las escrituras entregadas en este sector.<\/p>\n\n\n\n<p>En un recorrido casa por casa, el alcalde entreg\u00f3 personalmente los documentos a las familias.<\/p>\n\n\n\n<p>Durante este recorrido expres\u00f3 que \u201cvenimos a entregar cinco escrituras a la puerta de la casa de estas familias. Son familias que tienen entre 15 y 17 a\u00f1os aqu\u00ed y que ten\u00edan este tr\u00e1mite pendiente. Sabemos lo importante que es para ellos tener este documento en sus manos y poder acreditar que ahora s\u00ed su patrimonio ya es su patrimonio. Adem\u00e1s, en cada visita aprovechamos el contacto con la ciudadan\u00eda, porque siempre nos reportan l\u00e1mparas, baches o fugas; el acercamiento y la escucha siempre son de gran beneficio\u201d.<\/p>\n\n\n\n<p>El alcalde destac\u00f3 tambi\u00e9n el avance alcanzado este a\u00f1o en materia de regularizaci\u00f3n y certeza jur\u00eddica, al explicar que \u201ccon estas son casi 250 escrituras del Instituto Municipal de Vivienda en este a\u00f1o. Y junto con INSUS y el RAN hemos avanzado en otros sectores como El Ranchito, donde concluimos alrededor de 150 t\u00edtulos federales. Ha sido una agenda intensa para reducir el rezago en colonias con este tipo de origen irregular\u201d.<\/p>\n\n\n\n<p>Voces de los beneficiarios: \u201cYa contamos con algo seguro\u201d<\/p>\n\n\n\n<p>Para quienes recibieron sus documentos, la jornada representa un momento largamente anhelado. As\u00ed lo comparti\u00f3 Octavio \u00c1vila God\u00ednez, beneficiario y esposo de Beatriz Yaneth G\u00f3mez Mor\u00e1n:<\/p>\n\n\n\n<p>\u201cTenemos alrededor de 18 a\u00f1os aqu\u00ed viviendo. Ya hab\u00edamos pagado la casa desde hace tiempo, pero ten\u00edamos problemitas que no nos permit\u00edan escriturar. Gracias a Dios y a que llevamos un a\u00f1o gestionando, ya se logr\u00f3 la escrituraci\u00f3n. Es un patrimonio no nada m\u00e1s m\u00edo, sino de mi familia; ya contamos con algo seguro. Los tr\u00e1mites son gratuitos, uno solo paga la escrituraci\u00f3n de la casa; todo lo dem\u00e1s lo hizo Inmuvi, y fue algo sencillo y r\u00e1pido.\u201d<\/p>\n\n\n\n<p>En ese sentido, Beatriz Adriana D\u00edaz Quintero , tambi\u00e9n beneficiaria, agradeci\u00f3 al presidente municipal por el inter\u00e9s y apoyo brindado para hacer realidad su anhelo de contar con los documentos que acreditan la posesi\u00f3n de su patrimonio pues, expres\u00f3, \u201ccomo dicen, papelito habla\u201d.<\/p>\n\n\n\n<p>Asimismo, Arcenio Nicol\u00e1s Diarte Calder\u00f3n, manifest\u00f3 su emoci\u00f3n de este logro que significa \u201cel comprobante de nuestra vivienda, es algo que ya avala que es uno propietario de ese bien, muchas gracias por habernos otorgado el apoyo; la casa ya se hab\u00eda pagado desde el 2016, y desde entonces ya est\u00e1bamos echando vuelta, y hoy por fin ya qued\u00f3\u201d.<\/p>\n\n\n\n<p>Finalmente, Guadalupe C\u00e1zares Calder\u00f3n, se mostr\u00f3 muy alegre al se\u00f1alar que ya tienen la certeza de su hogar, pues es algo que \u201cvamos a tener para nosotros, para nuestro bienestar y nuestro patrimonio; estamos muy agradecidos por las facilidades que&nbsp;nos&nbsp;dieron\u201d.<\/p>\n","protected":false},"excerpt":{"rendered":"<p>El alcalde Juan de Dios G\u00e1mez Mend\u00edvil llev\u00f3 los t\u00edtulos de propiedad hasta las puertas de los hogares, poniendo fin a un rezago hist\u00f3rico en la regularizaci\u00f3n del fraccionamiento Culiac\u00e1n, Sin.- La espera termin\u00f3 para cinco familias del fraccionamiento Nueva Galicia, quienes este martes recibieron sus escrituras de manos del alcalde Juan de Dios G\u00e1mez [&hellip;]<\/p>\n","protected":false},"author":4,"featured_media":122884,"comment_status":"open","ping_status":"open","sticky":false,"template":"","format":"standard","meta":{"tdm_status":"","tdm_grid_status":"","footnotes":""},"categories":[38],"tags":[],"class_list":{"0":"post-122883","1":"post","2":"type-post","3":"status-publish","4":"format-standard","5":"has-post-thumbnail","7":"category-noticias-locales"},"yoast_head":"<!-- This site is optimized with the Yoast SEO plugin v27.5 - https:\/\/yoast.com\/product\/yoast-seo-wordpress\/ -->\n<title>Despu\u00e9s de 15 a\u00f1os de espera, familias de Nueva Galicia, en Culiac\u00e1n reciben por fin sus escrituras - Fuentes Fidedignas<\/title>\n<meta name=\"robots\" content=\"index, follow, max-snippet:-1, max-image-preview:large, max-video-preview:-1\" \/>\n<link rel=\"canonical\" href=\"https:\/\/fuentesfidedignas.com.mx\/index.php\/2025\/12\/02\/despues-de-15-anos-de-espera-familias-de-nueva-galicia-en-culiacan-reciben-por-fin-sus-escrituras\/\" \/>\n<meta property=\"og:locale\" content=\"es_MX\" \/>\n<meta property=\"og:type\" content=\"article\" \/>\n<meta property=\"og:title\" content=\"Despu\u00e9s de 15 a\u00f1os de espera, familias de Nueva Galicia, en Culiac\u00e1n reciben por fin sus escrituras - Fuentes Fidedignas\" \/>\n<meta property=\"og:description\" content=\"El alcalde Juan de Dios G\u00e1mez Mend\u00edvil llev\u00f3 los t\u00edtulos de propiedad hasta las puertas de los hogares, poniendo fin a un rezago hist\u00f3rico en la regularizaci\u00f3n del fraccionamiento Culiac\u00e1n, Sin.- La espera termin\u00f3 para cinco familias del fraccionamiento Nueva Galicia, quienes este martes recibieron sus escrituras de manos del alcalde Juan de Dios G\u00e1mez [&hellip;]\" \/>\n<meta property=\"og:url\" content=\"https:\/\/fuentesfidedignas.com.mx\/index.php\/2025\/12\/02\/despues-de-15-anos-de-espera-familias-de-nueva-galicia-en-culiacan-reciben-por-fin-sus-escrituras\/\" \/>\n<meta property=\"og:site_name\" content=\"Fuentes Fidedignas\" \/>\n<meta property=\"article:publisher\" content=\"https:\/\/www.facebook.com\/Fuentes-Fidedignas-368234489921644\" \/>\n<meta property=\"article:published_time\" content=\"2025-12-02T19:00:29+00:00\" \/>\n<meta property=\"article:modified_time\" content=\"2025-12-02T19:00:34+00:00\" \/>\n<meta property=\"og:image\" content=\"https:\/\/fuentesfidedignas.com.mx\/wp-content\/uploads\/2025\/12\/WhatsApp-Image-2025-12-02-at-11.37.46-AM.jpeg\" \/>\n\t<meta property=\"og:image:width\" content=\"500\" \/>\n\t<meta property=\"og:image:height\" content=\"333\" \/>\n\t<meta property=\"og:image:type\" content=\"image\/jpeg\" \/>\n<meta name=\"author\" content=\"Redacci\u00f3n\" \/>\n<meta name=\"twitter:card\" content=\"summary_large_image\" \/>\n<meta name=\"twitter:creator\" content=\"@fidedignas\" \/>\n<meta name=\"twitter:site\" content=\"@fidedignas\" \/>\n<meta name=\"twitter:label1\" content=\"Escrito por\" \/>\n\t<meta name=\"twitter:data1\" content=\"Redacci\u00f3n\" \/>\n\t<meta name=\"twitter:label2\" content=\"Tiempo de lectura\" \/>\n\t<meta name=\"twitter:data2\" content=\"3 minutos\" \/>\n<script type=\"application\/ld+json\" class=\"yoast-schema-graph\">{\"@context\":\"https:\\\/\\\/schema.org\",\"@graph\":[{\"@type\":\"Article\",\"@id\":\"https:\\\/\\\/fuentesfidedignas.com.mx\\\/index.php\\\/2025\\\/12\\\/02\\\/despues-de-15-anos-de-espera-familias-de-nueva-galicia-en-culiacan-reciben-por-fin-sus-escrituras\\\/#article\",\"isPartOf\":{\"@id\":\"https:\\\/\\\/fuentesfidedignas.com.mx\\\/index.php\\\/2025\\\/12\\\/02\\\/despues-de-15-anos-de-espera-familias-de-nueva-galicia-en-culiacan-reciben-por-fin-sus-escrituras\\\/\"},\"author\":{\"name\":\"Redacci\u00f3n\",\"@id\":\"https:\\\/\\\/fuentesfidedignas.com.mx\\\/#\\\/schema\\\/person\\\/331be9283d37198e2acd5750279085b0\"},\"headline\":\"Despu\u00e9s de 15 a\u00f1os de espera, familias de Nueva Galicia, en Culiac\u00e1n reciben por fin sus escrituras\",\"datePublished\":\"2025-12-02T19:00:29+00:00\",\"dateModified\":\"2025-12-02T19:00:34+00:00\",\"mainEntityOfPage\":{\"@id\":\"https:\\\/\\\/fuentesfidedignas.com.mx\\\/index.php\\\/2025\\\/12\\\/02\\\/despues-de-15-anos-de-espera-familias-de-nueva-galicia-en-culiacan-reciben-por-fin-sus-escrituras\\\/\"},\"wordCount\":621,\"commentCount\":0,\"publisher\":{\"@id\":\"https:\\\/\\\/fuentesfidedignas.com.mx\\\/#organization\"},\"image\":{\"@id\":\"https:\\\/\\\/fuentesfidedignas.com.mx\\\/index.php\\\/2025\\\/12\\\/02\\\/despues-de-15-anos-de-espera-familias-de-nueva-galicia-en-culiacan-reciben-por-fin-sus-escrituras\\\/#primaryimage\"},\"thumbnailUrl\":\"https:\\\/\\\/fuentesfidedignas.com.mx\\\/wp-content\\\/uploads\\\/2025\\\/12\\\/WhatsApp-Image-2025-12-02-at-11.37.46-AM.jpeg\",\"articleSection\":[\"NOTICIAS LOCALES\"],\"inLanguage\":\"es\",\"potentialAction\":[{\"@type\":\"CommentAction\",\"name\":\"Comment\",\"target\":[\"https:\\\/\\\/fuentesfidedignas.com.mx\\\/index.php\\\/2025\\\/12\\\/02\\\/despues-de-15-anos-de-espera-familias-de-nueva-galicia-en-culiacan-reciben-por-fin-sus-escrituras\\\/#respond\"]}]},{\"@type\":\"WebPage\",\"@id\":\"https:\\\/\\\/fuentesfidedignas.com.mx\\\/index.php\\\/2025\\\/12\\\/02\\\/despues-de-15-anos-de-espera-familias-de-nueva-galicia-en-culiacan-reciben-por-fin-sus-escrituras\\\/\",\"url\":\"https:\\\/\\\/fuentesfidedignas.com.mx\\\/index.php\\\/2025\\\/12\\\/02\\\/despues-de-15-anos-de-espera-familias-de-nueva-galicia-en-culiacan-reciben-por-fin-sus-escrituras\\\/\",\"name\":\"Despu\u00e9s de 15 a\u00f1os de espera, familias de Nueva Galicia, en Culiac\u00e1n reciben por fin sus escrituras - Fuentes Fidedignas\",\"isPartOf\":{\"@id\":\"https:\\\/\\\/fuentesfidedignas.com.mx\\\/#website\"},\"primaryImageOfPage\":{\"@id\":\"https:\\\/\\\/fuentesfidedignas.com.mx\\\/index.php\\\/2025\\\/12\\\/02\\\/despues-de-15-anos-de-espera-familias-de-nueva-galicia-en-culiacan-reciben-por-fin-sus-escrituras\\\/#primaryimage\"},\"image\":{\"@id\":\"https:\\\/\\\/fuentesfidedignas.com.mx\\\/index.php\\\/2025\\\/12\\\/02\\\/despues-de-15-anos-de-espera-familias-de-nueva-galicia-en-culiacan-reciben-por-fin-sus-escrituras\\\/#primaryimage\"},\"thumbnailUrl\":\"https:\\\/\\\/fuentesfidedignas.com.mx\\\/wp-content\\\/uploads\\\/2025\\\/12\\\/WhatsApp-Image-2025-12-02-at-11.37.46-AM.jpeg\",\"datePublished\":\"2025-12-02T19:00:29+00:00\",\"dateModified\":\"2025-12-02T19:00:34+00:00\",\"breadcrumb\":{\"@id\":\"https:\\\/\\\/fuentesfidedignas.com.mx\\\/index.php\\\/2025\\\/12\\\/02\\\/despues-de-15-anos-de-espera-familias-de-nueva-galicia-en-culiacan-reciben-por-fin-sus-escrituras\\\/#breadcrumb\"},\"inLanguage\":\"es\",\"potentialAction\":[{\"@type\":\"ReadAction\",\"target\":[\"https:\\\/\\\/fuentesfidedignas.com.mx\\\/index.php\\\/2025\\\/12\\\/02\\\/despues-de-15-anos-de-espera-familias-de-nueva-galicia-en-culiacan-reciben-por-fin-sus-escrituras\\\/\"]}]},{\"@type\":\"ImageObject\",\"inLanguage\":\"es\",\"@id\":\"https:\\\/\\\/fuentesfidedignas.com.mx\\\/index.php\\\/2025\\\/12\\\/02\\\/despues-de-15-anos-de-espera-familias-de-nueva-galicia-en-culiacan-reciben-por-fin-sus-escrituras\\\/#primaryimage\",\"url\":\"https:\\\/\\\/fuentesfidedignas.com.mx\\\/wp-content\\\/uploads\\\/2025\\\/12\\\/WhatsApp-Image-2025-12-02-at-11.37.46-AM.jpeg\",\"contentUrl\":\"https:\\\/\\\/fuentesfidedignas.com.mx\\\/wp-content\\\/uploads\\\/2025\\\/12\\\/WhatsApp-Image-2025-12-02-at-11.37.46-AM.jpeg\",\"width\":500,\"height\":333},{\"@type\":\"BreadcrumbList\",\"@id\":\"https:\\\/\\\/fuentesfidedignas.com.mx\\\/index.php\\\/2025\\\/12\\\/02\\\/despues-de-15-anos-de-espera-familias-de-nueva-galicia-en-culiacan-reciben-por-fin-sus-escrituras\\\/#breadcrumb\",\"itemListElement\":[{\"@type\":\"ListItem\",\"position\":1,\"name\":\"Inicio\",\"item\":\"https:\\\/\\\/fuentesfidedignas.com.mx\\\/\"},{\"@type\":\"ListItem\",\"position\":2,\"name\":\"Despu\u00e9s de 15 a\u00f1os de espera, familias de Nueva Galicia, en Culiac\u00e1n reciben por fin sus escrituras\"}]},{\"@type\":\"WebSite\",\"@id\":\"https:\\\/\\\/fuentesfidedignas.com.mx\\\/#website\",\"url\":\"https:\\\/\\\/fuentesfidedignas.com.mx\\\/\",\"name\":\"Fuentes Fidedignas\",\"description\":\"Otro sitio realizado con WordPress\",\"publisher\":{\"@id\":\"https:\\\/\\\/fuentesfidedignas.com.mx\\\/#organization\"},\"potentialAction\":[{\"@type\":\"SearchAction\",\"target\":{\"@type\":\"EntryPoint\",\"urlTemplate\":\"https:\\\/\\\/fuentesfidedignas.com.mx\\\/?s={search_term_string}\"},\"query-input\":{\"@type\":\"PropertyValueSpecification\",\"valueRequired\":true,\"valueName\":\"search_term_string\"}}],\"inLanguage\":\"es\"},{\"@type\":\"Organization\",\"@id\":\"https:\\\/\\\/fuentesfidedignas.com.mx\\\/#organization\",\"name\":\"Fuentes Fidedignas\",\"url\":\"https:\\\/\\\/fuentesfidedignas.com.mx\\\/\",\"logo\":{\"@type\":\"ImageObject\",\"inLanguage\":\"es\",\"@id\":\"https:\\\/\\\/fuentesfidedignas.com.mx\\\/#\\\/schema\\\/logo\\\/image\\\/\",\"url\":\"https:\\\/\\\/fuentesfidedignas.com.mx\\\/wp-content\\\/uploads\\\/2021\\\/04\\\/logo-retina.png\",\"contentUrl\":\"https:\\\/\\\/fuentesfidedignas.com.mx\\\/wp-content\\\/uploads\\\/2021\\\/04\\\/logo-retina.png\",\"width\":280,\"height\":51,\"caption\":\"Fuentes Fidedignas\"},\"image\":{\"@id\":\"https:\\\/\\\/fuentesfidedignas.com.mx\\\/#\\\/schema\\\/logo\\\/image\\\/\"},\"sameAs\":[\"https:\\\/\\\/www.facebook.com\\\/Fuentes-Fidedignas-368234489921644\",\"https:\\\/\\\/x.com\\\/fidedignas\"]},{\"@type\":\"Person\",\"@id\":\"https:\\\/\\\/fuentesfidedignas.com.mx\\\/#\\\/schema\\\/person\\\/331be9283d37198e2acd5750279085b0\",\"name\":\"Redacci\u00f3n\",\"image\":{\"@type\":\"ImageObject\",\"inLanguage\":\"es\",\"@id\":\"https:\\\/\\\/secure.gravatar.com\\\/avatar\\\/f6d8782c11d12b2d4ad3fbb6931aeab5309937a4d6cd2fc9cfaa28a6396a5aec?s=96&d=mm&r=g\",\"url\":\"https:\\\/\\\/secure.gravatar.com\\\/avatar\\\/f6d8782c11d12b2d4ad3fbb6931aeab5309937a4d6cd2fc9cfaa28a6396a5aec?s=96&d=mm&r=g\",\"contentUrl\":\"https:\\\/\\\/secure.gravatar.com\\\/avatar\\\/f6d8782c11d12b2d4ad3fbb6931aeab5309937a4d6cd2fc9cfaa28a6396a5aec?s=96&d=mm&r=g\",\"caption\":\"Redacci\u00f3n\"},\"url\":\"https:\\\/\\\/fuentesfidedignas.com.mx\\\/index.php\\\/author\\\/redaccion\\\/\"}]}<\/script>\n<!-- \/ Yoast SEO plugin. -->","yoast_head_json":{"title":"Despu\u00e9s de 15 a\u00f1os de espera, familias de Nueva Galicia, en Culiac\u00e1n reciben por fin sus escrituras - Fuentes Fidedignas","robots":{"index":"index","follow":"follow","max-snippet":"max-snippet:-1","max-image-preview":"max-image-preview:large","max-video-preview":"max-video-preview:-1"},"canonical":"https:\/\/fuentesfidedignas.com.mx\/index.php\/2025\/12\/02\/despues-de-15-anos-de-espera-familias-de-nueva-galicia-en-culiacan-reciben-por-fin-sus-escrituras\/","og_locale":"es_MX","og_type":"article","og_title":"Despu\u00e9s de 15 a\u00f1os de espera, familias de Nueva Galicia, en Culiac\u00e1n reciben por fin sus escrituras - Fuentes Fidedignas","og_description":"El alcalde Juan de Dios G\u00e1mez Mend\u00edvil llev\u00f3 los t\u00edtulos de propiedad hasta las puertas de los hogares, poniendo fin a un rezago hist\u00f3rico en la regularizaci\u00f3n del fraccionamiento Culiac\u00e1n, Sin.- La espera termin\u00f3 para cinco familias del fraccionamiento Nueva Galicia, quienes este martes recibieron sus escrituras de manos del alcalde Juan de Dios G\u00e1mez [&hellip;]","og_url":"https:\/\/fuentesfidedignas.com.mx\/index.php\/2025\/12\/02\/despues-de-15-anos-de-espera-familias-de-nueva-galicia-en-culiacan-reciben-por-fin-sus-escrituras\/","og_site_name":"Fuentes Fidedignas","article_publisher":"https:\/\/www.facebook.com\/Fuentes-Fidedignas-368234489921644","article_published_time":"2025-12-02T19:00:29+00:00","article_modified_time":"2025-12-02T19:00:34+00:00","og_image":[{"width":500,"height":333,"url":"https:\/\/fuentesfidedignas.com.mx\/wp-content\/uploads\/2025\/12\/WhatsApp-Image-2025-12-02-at-11.37.46-AM.jpeg","type":"image\/jpeg"}],"author":"Redacci\u00f3n","twitter_card":"summary_large_image","twitter_creator":"@fidedignas","twitter_site":"@fidedignas","twitter_misc":{"Escrito por":"Redacci\u00f3n","Tiempo de lectura":"3 minutos"},"schema":{"@context":"https:\/\/schema.org","@graph":[{"@type":"Article","@id":"https:\/\/fuentesfidedignas.com.mx\/index.php\/2025\/12\/02\/despues-de-15-anos-de-espera-familias-de-nueva-galicia-en-culiacan-reciben-por-fin-sus-escrituras\/#article","isPartOf":{"@id":"https:\/\/fuentesfidedignas.com.mx\/index.php\/2025\/12\/02\/despues-de-15-anos-de-espera-familias-de-nueva-galicia-en-culiacan-reciben-por-fin-sus-escrituras\/"},"author":{"name":"Redacci\u00f3n","@id":"https:\/\/fuentesfidedignas.com.mx\/#\/schema\/person\/331be9283d37198e2acd5750279085b0"},"headline":"Despu\u00e9s de 15 a\u00f1os de espera, familias de Nueva Galicia, en Culiac\u00e1n reciben por fin sus escrituras","datePublished":"2025-12-02T19:00:29+00:00","dateModified":"2025-12-02T19:00:34+00:00","mainEntityOfPage":{"@id":"https:\/\/fuentesfidedignas.com.mx\/index.php\/2025\/12\/02\/despues-de-15-anos-de-espera-familias-de-nueva-galicia-en-culiacan-reciben-por-fin-sus-escrituras\/"},"wordCount":621,"commentCount":0,"publisher":{"@id":"https:\/\/fuentesfidedignas.com.mx\/#organization"},"image":{"@id":"https:\/\/fuentesfidedignas.com.mx\/index.php\/2025\/12\/02\/despues-de-15-anos-de-espera-familias-de-nueva-galicia-en-culiacan-reciben-por-fin-sus-escrituras\/#primaryimage"},"thumbnailUrl":"https:\/\/fuentesfidedignas.com.mx\/wp-content\/uploads\/2025\/12\/WhatsApp-Image-2025-12-02-at-11.37.46-AM.jpeg","articleSection":["NOTICIAS LOCALES"],"inLanguage":"es","potentialAction":[{"@type":"CommentAction","name":"Comment","target":["https:\/\/fuentesfidedignas.com.mx\/index.php\/2025\/12\/02\/despues-de-15-anos-de-espera-familias-de-nueva-galicia-en-culiacan-reciben-por-fin-sus-escrituras\/#respond"]}]},{"@type":"WebPage","@id":"https:\/\/fuentesfidedignas.com.mx\/index.php\/2025\/12\/02\/despues-de-15-anos-de-espera-familias-de-nueva-galicia-en-culiacan-reciben-por-fin-sus-escrituras\/","url":"https:\/\/fuentesfidedignas.com.mx\/index.php\/2025\/12\/02\/despues-de-15-anos-de-espera-familias-de-nueva-galicia-en-culiacan-reciben-por-fin-sus-escrituras\/","name":"Despu\u00e9s de 15 a\u00f1os de espera, familias de Nueva Galicia, en Culiac\u00e1n reciben por fin sus escrituras - Fuentes Fidedignas","isPartOf":{"@id":"https:\/\/fuentesfidedignas.com.mx\/#website"},"primaryImageOfPage":{"@id":"https:\/\/fuentesfidedignas.com.mx\/index.php\/2025\/12\/02\/despues-de-15-anos-de-espera-familias-de-nueva-galicia-en-culiacan-reciben-por-fin-sus-escrituras\/#primaryimage"},"image":{"@id":"https:\/\/fuentesfidedignas.com.mx\/index.php\/2025\/12\/02\/despues-de-15-anos-de-espera-familias-de-nueva-galicia-en-culiacan-reciben-por-fin-sus-escrituras\/#primaryimage"},"thumbnailUrl":"https:\/\/fuentesfidedignas.com.mx\/wp-content\/uploads\/2025\/12\/WhatsApp-Image-2025-12-02-at-11.37.46-AM.jpeg","datePublished":"2025-12-02T19:00:29+00:00","dateModified":"2025-12-02T19:00:34+00:00","breadcrumb":{"@id":"https:\/\/fuentesfidedignas.com.mx\/index.php\/2025\/12\/02\/despues-de-15-anos-de-espera-familias-de-nueva-galicia-en-culiacan-reciben-por-fin-sus-escrituras\/#breadcrumb"},"inLanguage":"es","potentialAction":[{"@type":"ReadAction","target":["https:\/\/fuentesfidedignas.com.mx\/index.php\/2025\/12\/02\/despues-de-15-anos-de-espera-familias-de-nueva-galicia-en-culiacan-reciben-por-fin-sus-escrituras\/"]}]},{"@type":"ImageObject","inLanguage":"es","@id":"https:\/\/fuentesfidedignas.com.mx\/index.php\/2025\/12\/02\/despues-de-15-anos-de-espera-familias-de-nueva-galicia-en-culiacan-reciben-por-fin-sus-escrituras\/#primaryimage","url":"https:\/\/fuentesfidedignas.com.mx\/wp-content\/uploads\/2025\/12\/WhatsApp-Image-2025-12-02-at-11.37.46-AM.jpeg","contentUrl":"https:\/\/fuentesfidedignas.com.mx\/wp-content\/uploads\/2025\/12\/WhatsApp-Image-2025-12-02-at-11.37.46-AM.jpeg","width":500,"height":333},{"@type":"BreadcrumbList","@id":"https:\/\/fuentesfidedignas.com.mx\/index.php\/2025\/12\/02\/despues-de-15-anos-de-espera-familias-de-nueva-galicia-en-culiacan-reciben-por-fin-sus-escrituras\/#breadcrumb","itemListElement":[{"@type":"ListItem","position":1,"name":"Inicio","item":"https:\/\/fuentesfidedignas.com.mx\/"},{"@type":"ListItem","position":2,"name":"Despu\u00e9s de 15 a\u00f1os de espera, familias de Nueva Galicia, en Culiac\u00e1n reciben por fin sus escrituras"}]},{"@type":"WebSite","@id":"https:\/\/fuentesfidedignas.com.mx\/#website","url":"https:\/\/fuentesfidedignas.com.mx\/","name":"Fuentes Fidedignas","description":"Otro sitio realizado con WordPress","publisher":{"@id":"https:\/\/fuentesfidedignas.com.mx\/#organization"},"potentialAction":[{"@type":"SearchAction","target":{"@type":"EntryPoint","urlTemplate":"https:\/\/fuentesfidedignas.com.mx\/?s={search_term_string}"},"query-input":{"@type":"PropertyValueSpecification","valueRequired":true,"valueName":"search_term_string"}}],"inLanguage":"es"},{"@type":"Organization","@id":"https:\/\/fuentesfidedignas.com.mx\/#organization","name":"Fuentes Fidedignas","url":"https:\/\/fuentesfidedignas.com.mx\/","logo":{"@type":"ImageObject","inLanguage":"es","@id":"https:\/\/fuentesfidedignas.com.mx\/#\/schema\/logo\/image\/","url":"https:\/\/fuentesfidedignas.com.mx\/wp-content\/uploads\/2021\/04\/logo-retina.png","contentUrl":"https:\/\/fuentesfidedignas.com.mx\/wp-content\/uploads\/2021\/04\/logo-retina.png","width":280,"height":51,"caption":"Fuentes Fidedignas"},"image":{"@id":"https:\/\/fuentesfidedignas.com.mx\/#\/schema\/logo\/image\/"},"sameAs":["https:\/\/www.facebook.com\/Fuentes-Fidedignas-368234489921644","https:\/\/x.com\/fidedignas"]},{"@type":"Person","@id":"https:\/\/fuentesfidedignas.com.mx\/#\/schema\/person\/331be9283d37198e2acd5750279085b0","name":"Redacci\u00f3n","image":{"@type":"ImageObject","inLanguage":"es","@id":"https:\/\/secure.gravatar.com\/avatar\/f6d8782c11d12b2d4ad3fbb6931aeab5309937a4d6cd2fc9cfaa28a6396a5aec?s=96&d=mm&r=g","url":"https:\/\/secure.gravatar.com\/avatar\/f6d8782c11d12b2d4ad3fbb6931aeab5309937a4d6cd2fc9cfaa28a6396a5aec?s=96&d=mm&r=g","contentUrl":"https:\/\/secure.gravatar.com\/avatar\/f6d8782c11d12b2d4ad3fbb6931aeab5309937a4d6cd2fc9cfaa28a6396a5aec?s=96&d=mm&r=g","caption":"Redacci\u00f3n"},"url":"https:\/\/fuentesfidedignas.com.mx\/index.php\/author\/redaccion\/"}]}},"_links":{"self":[{"href":"https:\/\/fuentesfidedignas.com.mx\/index.php\/wp-json\/wp\/v2\/posts\/122883","targetHints":{"allow":["GET"]}}],"collection":[{"href":"https:\/\/fuentesfidedignas.com.mx\/index.php\/wp-json\/wp\/v2\/posts"}],"about":[{"href":"https:\/\/fuentesfidedignas.com.mx\/index.php\/wp-json\/wp\/v2\/types\/post"}],"author":[{"embeddable":true,"href":"https:\/\/fuentesfidedignas.com.mx\/index.php\/wp-json\/wp\/v2\/users\/4"}],"replies":[{"embeddable":true,"href":"https:\/\/fuentesfidedignas.com.mx\/index.php\/wp-json\/wp\/v2\/comments?post=122883"}],"version-history":[{"count":1,"href":"https:\/\/fuentesfidedignas.com.mx\/index.php\/wp-json\/wp\/v2\/posts\/122883\/revisions"}],"predecessor-version":[{"id":122885,"href":"https:\/\/fuentesfidedignas.com.mx\/index.php\/wp-json\/wp\/v2\/posts\/122883\/revisions\/122885"}],"wp:featuredmedia":[{"embeddable":true,"href":"https:\/\/fuentesfidedignas.com.mx\/index.php\/wp-json\/wp\/v2\/media\/122884"}],"wp:attachment":[{"href":"https:\/\/fuentesfidedignas.com.mx\/index.php\/wp-json\/wp\/v2\/media?parent=122883"}],"wp:term":[{"taxonomy":"category","embeddable":true,"href":"https:\/\/fuentesfidedignas.com.mx\/index.php\/wp-json\/wp\/v2\/categories?post=122883"},{"taxonomy":"post_tag","embeddable":true,"href":"https:\/\/fuentesfidedignas.com.mx\/index.php\/wp-json\/wp\/v2\/tags?post=122883"}],"curies":[{"name":"wp","href":"https:\/\/api.w.org\/{rel}","templated":true}]}}