{"id":122880,"date":"2025-12-02T11:25:42","date_gmt":"2025-12-02T18:25:42","guid":{"rendered":"https:\/\/fuentesfidedignas.com.mx\/?p=122880"},"modified":"2025-12-02T11:25:47","modified_gmt":"2025-12-02T18:25:47","slug":"atentan-contra-candidato-presidencial-peruano-rafael-belaunde","status":"publish","type":"post","link":"https:\/\/fuentesfidedignas.com.mx\/index.php\/2025\/12\/02\/atentan-contra-candidato-presidencial-peruano-rafael-belaunde\/","title":{"rendered":"Atentan contra candidato presidencial peruano Rafael Bela\u00fande"},"content":{"rendered":"\n<p><strong><em>Rafael Bela\u00fande, candidato presidencial del partido peruano Libertad Popular, fue atacado a balazos el martes 2 de diciembre de 2025<\/em><\/strong><\/p>\n\n\n\n<p>El empresario Rafael Bela\u00fande Llosa, candidato presidencial del partido peruano Libertad Popular, sobrevivi\u00f3 a un atentado a balazos cuando se desplazaba por el distrito de Cerro Azul, en el sur de Lima, seg\u00fan denunci\u00f3 un portavoz de su movimiento pol\u00edtico.<\/p>\n\n\n\n<blockquote class=\"twitter-tweet\"><p lang=\"es\" dir=\"ltr\">Sicarios han querido ASESINAR a Rafael Belaunde, nuestro candidato presidencial de Libertad Popular, camino a Cerro Azul. <br><br>Organizaciones criminales buscan matar a quienes los enfrentamos para que no capturen al pa\u00eds.<br><br>NO RETROCEDEREMOS ni un cent\u00edmetro en nuestra lucha contra\u2026 <a href=\"https:\/\/t.co\/IoVv0ZjnPF\">pic.twitter.com\/IoVv0ZjnPF<\/a><\/p>&mdash; Diego Pomareda (@diego_pomareda) <a href=\"https:\/\/twitter.com\/diego_pomareda\/status\/1995882871312048280?ref_src=twsrc%5Etfw\">December 2, 2025<\/a><\/blockquote> <script async src=\"https:\/\/platform.twitter.com\/widgets.js\" charset=\"utf-8\"><\/script>\n\n\n\n<p>Bela\u00fande Llosa se trasladaba en su autom\u00f3vil por Cerro Azul, donde tiene un negocio inmobiliario, cuando recibi\u00f3 varios disparos que impactaron en el parabrisas, aunque sin llegar a herirlo de gravedad, de acuerdo con las im\u00e1genes compartidas por su agrupaci\u00f3n pol\u00edtica en las redes sociales, donde se le ve con manchas de sangre en la cabeza y la camisa.<\/p>\n\n\n\n<p>El exprimer ministro y fundador de Libertad Popular, Pedro Cateriano, confirm\u00f3 el atentado a la emisora RPP y declar\u00f3 que se trata de \u201cun mal inicio de la campa\u00f1a\u201d, en referencia a los comicios generales que se realizar\u00e1n el 12 de abril de 2026.<\/p>\n\n\n\n<p>&#8220;Estamos lamentablemente atravesando un contexto de actividad delincuencial activa, pero hay que rechazar con firmeza este ataque que ha sufrido a balazos en la ma\u00f1ana Rafael Bela\u00fande\u201d, agreg\u00f3 Cateriano.<\/p>\n\n\n\n<p>Tras el ataque, Bela\u00fande Llosa, nieto del expresidente Fernando Bela\u00fande Terry (1963-1968 y 1980-1985) acudi\u00f3 a la comisar\u00eda policial de Cerro Azul para presentar la respectiva denuncia.<\/p>\n\n\n\n<p>El comandante general de la Polic\u00eda Nacional del Per\u00fa, \u00d3scar Arriola, declar\u00f3 -al Canal N- que el candidato estaba supervisando unos terrenos que son de su propiedad en la provincia de Ca\u00f1ete, donde se ubica Cerro Azul, y que al salir del lugar fue atacado desde una motocicleta.<\/p>\n\n\n\n<p>El jefe policial confirm\u00f3 que Bela\u00fande se encuentra bien y que no hab\u00eda recibido ninguna amenaza extorsiva ni de ning\u00fan tipo.<\/p>\n\n\n\n<p>Arriola se\u00f1al\u00f3 que un equipo de la divisi\u00f3n de Homicidios y Criminal\u00edstica est\u00e1n en el lugar de los hechos para investigar el atentado ocurrido este martes en la ma\u00f1ana.<\/p>\n\n\n\n<p>La Polic\u00eda Nacional inform\u00f3 -en su cuenta de la red social X- que ha activado el Plan Cerco para atender el ataque y agreg\u00f3 que \u201cno se presentaron heridos\u201d (pese a que el candidato evidencia manchas de sangre en las im\u00e1genes compartidas en redes sociales) y que sus unidades se encuentran en la zona para garantizar la seguridad y capturar a los responsables.<\/p>\n\n\n\n<p>Rafael Bela\u00fande, de centro derecha, es uno de los 39 candidatos presidenciales que se prev\u00e9 participen en las elecciones presidenciales convocadas para 2026 en Per\u00fa, donde se elegir\u00e1n a las autoridades nacionales para el periodo 2026-2031 y donde -luego de m\u00e1s de treinta a\u00f1os- el pa\u00eds volver\u00e1 a tener un Parlamento bicameral con Congreso y Senado.<\/p>\n","protected":false},"excerpt":{"rendered":"<p>Rafael Bela\u00fande, candidato presidencial del partido peruano Libertad Popular, fue atacado a balazos el martes 2 de diciembre de 2025 El empresario Rafael Bela\u00fande Llosa, candidato presidencial del partido peruano Libertad Popular, sobrevivi\u00f3 a un atentado a balazos cuando se desplazaba por el distrito de Cerro Azul, en el sur de Lima, seg\u00fan denunci\u00f3 un [&hellip;]<\/p>\n","protected":false},"author":22,"featured_media":122881,"comment_status":"open","ping_status":"open","sticky":false,"template":"","format":"standard","meta":{"tdm_status":"","tdm_grid_status":"","footnotes":""},"categories":[39],"tags":[],"class_list":{"0":"post-122880","1":"post","2":"type-post","3":"status-publish","4":"format-standard","5":"has-post-thumbnail","7":"category-noticias-nacionales"},"yoast_head":"<!-- This site is optimized with the Yoast SEO plugin v27.5 - https:\/\/yoast.com\/product\/yoast-seo-wordpress\/ -->\n<title>Atentan contra candidato presidencial peruano Rafael Bela\u00fande - Fuentes Fidedignas<\/title>\n<meta name=\"robots\" content=\"index, follow, max-snippet:-1, max-image-preview:large, max-video-preview:-1\" \/>\n<link rel=\"canonical\" href=\"https:\/\/fuentesfidedignas.com.mx\/index.php\/2025\/12\/02\/atentan-contra-candidato-presidencial-peruano-rafael-belaunde\/\" \/>\n<meta property=\"og:locale\" content=\"es_MX\" \/>\n<meta property=\"og:type\" content=\"article\" \/>\n<meta property=\"og:title\" content=\"Atentan contra candidato presidencial peruano Rafael Bela\u00fande - Fuentes Fidedignas\" \/>\n<meta property=\"og:description\" content=\"Rafael Bela\u00fande, candidato presidencial del partido peruano Libertad Popular, fue atacado a balazos el martes 2 de diciembre de 2025 El empresario Rafael Bela\u00fande Llosa, candidato presidencial del partido peruano Libertad Popular, sobrevivi\u00f3 a un atentado a balazos cuando se desplazaba por el distrito de Cerro Azul, en el sur de Lima, seg\u00fan denunci\u00f3 un [&hellip;]\" \/>\n<meta property=\"og:url\" content=\"https:\/\/fuentesfidedignas.com.mx\/index.php\/2025\/12\/02\/atentan-contra-candidato-presidencial-peruano-rafael-belaunde\/\" \/>\n<meta property=\"og:site_name\" content=\"Fuentes Fidedignas\" \/>\n<meta property=\"article:publisher\" content=\"https:\/\/www.facebook.com\/Fuentes-Fidedignas-368234489921644\" \/>\n<meta property=\"article:published_time\" content=\"2025-12-02T18:25:42+00:00\" \/>\n<meta property=\"article:modified_time\" content=\"2025-12-02T18:25:47+00:00\" \/>\n<meta property=\"og:image\" content=\"https:\/\/fuentesfidedignas.com.mx\/wp-content\/uploads\/2025\/12\/rafael-belaunde-llosa-candidato-peru.jpg\" \/>\n\t<meta property=\"og:image:width\" content=\"500\" \/>\n\t<meta property=\"og:image:height\" content=\"333\" \/>\n\t<meta property=\"og:image:type\" content=\"image\/jpeg\" \/>\n<meta name=\"author\" content=\"EFE\" \/>\n<meta name=\"twitter:card\" content=\"summary_large_image\" \/>\n<meta name=\"twitter:creator\" content=\"@fidedignas\" \/>\n<meta name=\"twitter:site\" content=\"@fidedignas\" \/>\n<meta name=\"twitter:label1\" content=\"Escrito por\" \/>\n\t<meta name=\"twitter:data1\" content=\"EFE\" \/>\n\t<meta name=\"twitter:label2\" content=\"Tiempo de lectura\" \/>\n\t<meta name=\"twitter:data2\" content=\"3 minutos\" \/>\n<script type=\"application\/ld+json\" class=\"yoast-schema-graph\">{\"@context\":\"https:\\\/\\\/schema.org\",\"@graph\":[{\"@type\":\"Article\",\"@id\":\"https:\\\/\\\/fuentesfidedignas.com.mx\\\/index.php\\\/2025\\\/12\\\/02\\\/atentan-contra-candidato-presidencial-peruano-rafael-belaunde\\\/#article\",\"isPartOf\":{\"@id\":\"https:\\\/\\\/fuentesfidedignas.com.mx\\\/index.php\\\/2025\\\/12\\\/02\\\/atentan-contra-candidato-presidencial-peruano-rafael-belaunde\\\/\"},\"author\":{\"name\":\"EFE\",\"@id\":\"https:\\\/\\\/fuentesfidedignas.com.mx\\\/#\\\/schema\\\/person\\\/0d44615087b5a626d5d3f13afe31ac41\"},\"headline\":\"Atentan contra candidato presidencial peruano Rafael Bela\u00fande\",\"datePublished\":\"2025-12-02T18:25:42+00:00\",\"dateModified\":\"2025-12-02T18:25:47+00:00\",\"mainEntityOfPage\":{\"@id\":\"https:\\\/\\\/fuentesfidedignas.com.mx\\\/index.php\\\/2025\\\/12\\\/02\\\/atentan-contra-candidato-presidencial-peruano-rafael-belaunde\\\/\"},\"wordCount\":524,\"commentCount\":0,\"publisher\":{\"@id\":\"https:\\\/\\\/fuentesfidedignas.com.mx\\\/#organization\"},\"image\":{\"@id\":\"https:\\\/\\\/fuentesfidedignas.com.mx\\\/index.php\\\/2025\\\/12\\\/02\\\/atentan-contra-candidato-presidencial-peruano-rafael-belaunde\\\/#primaryimage\"},\"thumbnailUrl\":\"https:\\\/\\\/fuentesfidedignas.com.mx\\\/wp-content\\\/uploads\\\/2025\\\/12\\\/rafael-belaunde-llosa-candidato-peru.jpg\",\"articleSection\":[\"NOTICIAS NACIONALES\"],\"inLanguage\":\"es\",\"potentialAction\":[{\"@type\":\"CommentAction\",\"name\":\"Comment\",\"target\":[\"https:\\\/\\\/fuentesfidedignas.com.mx\\\/index.php\\\/2025\\\/12\\\/02\\\/atentan-contra-candidato-presidencial-peruano-rafael-belaunde\\\/#respond\"]}]},{\"@type\":\"WebPage\",\"@id\":\"https:\\\/\\\/fuentesfidedignas.com.mx\\\/index.php\\\/2025\\\/12\\\/02\\\/atentan-contra-candidato-presidencial-peruano-rafael-belaunde\\\/\",\"url\":\"https:\\\/\\\/fuentesfidedignas.com.mx\\\/index.php\\\/2025\\\/12\\\/02\\\/atentan-contra-candidato-presidencial-peruano-rafael-belaunde\\\/\",\"name\":\"Atentan contra candidato presidencial peruano Rafael Bela\u00fande - Fuentes Fidedignas\",\"isPartOf\":{\"@id\":\"https:\\\/\\\/fuentesfidedignas.com.mx\\\/#website\"},\"primaryImageOfPage\":{\"@id\":\"https:\\\/\\\/fuentesfidedignas.com.mx\\\/index.php\\\/2025\\\/12\\\/02\\\/atentan-contra-candidato-presidencial-peruano-rafael-belaunde\\\/#primaryimage\"},\"image\":{\"@id\":\"https:\\\/\\\/fuentesfidedignas.com.mx\\\/index.php\\\/2025\\\/12\\\/02\\\/atentan-contra-candidato-presidencial-peruano-rafael-belaunde\\\/#primaryimage\"},\"thumbnailUrl\":\"https:\\\/\\\/fuentesfidedignas.com.mx\\\/wp-content\\\/uploads\\\/2025\\\/12\\\/rafael-belaunde-llosa-candidato-peru.jpg\",\"datePublished\":\"2025-12-02T18:25:42+00:00\",\"dateModified\":\"2025-12-02T18:25:47+00:00\",\"breadcrumb\":{\"@id\":\"https:\\\/\\\/fuentesfidedignas.com.mx\\\/index.php\\\/2025\\\/12\\\/02\\\/atentan-contra-candidato-presidencial-peruano-rafael-belaunde\\\/#breadcrumb\"},\"inLanguage\":\"es\",\"potentialAction\":[{\"@type\":\"ReadAction\",\"target\":[\"https:\\\/\\\/fuentesfidedignas.com.mx\\\/index.php\\\/2025\\\/12\\\/02\\\/atentan-contra-candidato-presidencial-peruano-rafael-belaunde\\\/\"]}]},{\"@type\":\"ImageObject\",\"inLanguage\":\"es\",\"@id\":\"https:\\\/\\\/fuentesfidedignas.com.mx\\\/index.php\\\/2025\\\/12\\\/02\\\/atentan-contra-candidato-presidencial-peruano-rafael-belaunde\\\/#primaryimage\",\"url\":\"https:\\\/\\\/fuentesfidedignas.com.mx\\\/wp-content\\\/uploads\\\/2025\\\/12\\\/rafael-belaunde-llosa-candidato-peru.jpg\",\"contentUrl\":\"https:\\\/\\\/fuentesfidedignas.com.mx\\\/wp-content\\\/uploads\\\/2025\\\/12\\\/rafael-belaunde-llosa-candidato-peru.jpg\",\"width\":500,\"height\":333},{\"@type\":\"BreadcrumbList\",\"@id\":\"https:\\\/\\\/fuentesfidedignas.com.mx\\\/index.php\\\/2025\\\/12\\\/02\\\/atentan-contra-candidato-presidencial-peruano-rafael-belaunde\\\/#breadcrumb\",\"itemListElement\":[{\"@type\":\"ListItem\",\"position\":1,\"name\":\"Inicio\",\"item\":\"https:\\\/\\\/fuentesfidedignas.com.mx\\\/\"},{\"@type\":\"ListItem\",\"position\":2,\"name\":\"Atentan contra candidato presidencial peruano Rafael Bela\u00fande\"}]},{\"@type\":\"WebSite\",\"@id\":\"https:\\\/\\\/fuentesfidedignas.com.mx\\\/#website\",\"url\":\"https:\\\/\\\/fuentesfidedignas.com.mx\\\/\",\"name\":\"Fuentes Fidedignas\",\"description\":\"Otro sitio realizado con WordPress\",\"publisher\":{\"@id\":\"https:\\\/\\\/fuentesfidedignas.com.mx\\\/#organization\"},\"potentialAction\":[{\"@type\":\"SearchAction\",\"target\":{\"@type\":\"EntryPoint\",\"urlTemplate\":\"https:\\\/\\\/fuentesfidedignas.com.mx\\\/?s={search_term_string}\"},\"query-input\":{\"@type\":\"PropertyValueSpecification\",\"valueRequired\":true,\"valueName\":\"search_term_string\"}}],\"inLanguage\":\"es\"},{\"@type\":\"Organization\",\"@id\":\"https:\\\/\\\/fuentesfidedignas.com.mx\\\/#organization\",\"name\":\"Fuentes Fidedignas\",\"url\":\"https:\\\/\\\/fuentesfidedignas.com.mx\\\/\",\"logo\":{\"@type\":\"ImageObject\",\"inLanguage\":\"es\",\"@id\":\"https:\\\/\\\/fuentesfidedignas.com.mx\\\/#\\\/schema\\\/logo\\\/image\\\/\",\"url\":\"https:\\\/\\\/fuentesfidedignas.com.mx\\\/wp-content\\\/uploads\\\/2021\\\/04\\\/logo-retina.png\",\"contentUrl\":\"https:\\\/\\\/fuentesfidedignas.com.mx\\\/wp-content\\\/uploads\\\/2021\\\/04\\\/logo-retina.png\",\"width\":280,\"height\":51,\"caption\":\"Fuentes Fidedignas\"},\"image\":{\"@id\":\"https:\\\/\\\/fuentesfidedignas.com.mx\\\/#\\\/schema\\\/logo\\\/image\\\/\"},\"sameAs\":[\"https:\\\/\\\/www.facebook.com\\\/Fuentes-Fidedignas-368234489921644\",\"https:\\\/\\\/x.com\\\/fidedignas\"]},{\"@type\":\"Person\",\"@id\":\"https:\\\/\\\/fuentesfidedignas.com.mx\\\/#\\\/schema\\\/person\\\/0d44615087b5a626d5d3f13afe31ac41\",\"name\":\"EFE\",\"image\":{\"@type\":\"ImageObject\",\"inLanguage\":\"es\",\"@id\":\"https:\\\/\\\/secure.gravatar.com\\\/avatar\\\/7048c2d9b569d9bed55bb53ad23821e6e047aa66338fb6ea9868627bbb9f54e8?s=96&d=mm&r=g\",\"url\":\"https:\\\/\\\/secure.gravatar.com\\\/avatar\\\/7048c2d9b569d9bed55bb53ad23821e6e047aa66338fb6ea9868627bbb9f54e8?s=96&d=mm&r=g\",\"contentUrl\":\"https:\\\/\\\/secure.gravatar.com\\\/avatar\\\/7048c2d9b569d9bed55bb53ad23821e6e047aa66338fb6ea9868627bbb9f54e8?s=96&d=mm&r=g\",\"caption\":\"EFE\"},\"url\":\"https:\\\/\\\/fuentesfidedignas.com.mx\\\/index.php\\\/author\\\/efe\\\/\"}]}<\/script>\n<!-- \/ Yoast SEO plugin. -->","yoast_head_json":{"title":"Atentan contra candidato presidencial peruano Rafael Bela\u00fande - Fuentes Fidedignas","robots":{"index":"index","follow":"follow","max-snippet":"max-snippet:-1","max-image-preview":"max-image-preview:large","max-video-preview":"max-video-preview:-1"},"canonical":"https:\/\/fuentesfidedignas.com.mx\/index.php\/2025\/12\/02\/atentan-contra-candidato-presidencial-peruano-rafael-belaunde\/","og_locale":"es_MX","og_type":"article","og_title":"Atentan contra candidato presidencial peruano Rafael Bela\u00fande - Fuentes Fidedignas","og_description":"Rafael Bela\u00fande, candidato presidencial del partido peruano Libertad Popular, fue atacado a balazos el martes 2 de diciembre de 2025 El empresario Rafael Bela\u00fande Llosa, candidato presidencial del partido peruano Libertad Popular, sobrevivi\u00f3 a un atentado a balazos cuando se desplazaba por el distrito de Cerro Azul, en el sur de Lima, seg\u00fan denunci\u00f3 un [&hellip;]","og_url":"https:\/\/fuentesfidedignas.com.mx\/index.php\/2025\/12\/02\/atentan-contra-candidato-presidencial-peruano-rafael-belaunde\/","og_site_name":"Fuentes Fidedignas","article_publisher":"https:\/\/www.facebook.com\/Fuentes-Fidedignas-368234489921644","article_published_time":"2025-12-02T18:25:42+00:00","article_modified_time":"2025-12-02T18:25:47+00:00","og_image":[{"width":500,"height":333,"url":"https:\/\/fuentesfidedignas.com.mx\/wp-content\/uploads\/2025\/12\/rafael-belaunde-llosa-candidato-peru.jpg","type":"image\/jpeg"}],"author":"EFE","twitter_card":"summary_large_image","twitter_creator":"@fidedignas","twitter_site":"@fidedignas","twitter_misc":{"Escrito por":"EFE","Tiempo de lectura":"3 minutos"},"schema":{"@context":"https:\/\/schema.org","@graph":[{"@type":"Article","@id":"https:\/\/fuentesfidedignas.com.mx\/index.php\/2025\/12\/02\/atentan-contra-candidato-presidencial-peruano-rafael-belaunde\/#article","isPartOf":{"@id":"https:\/\/fuentesfidedignas.com.mx\/index.php\/2025\/12\/02\/atentan-contra-candidato-presidencial-peruano-rafael-belaunde\/"},"author":{"name":"EFE","@id":"https:\/\/fuentesfidedignas.com.mx\/#\/schema\/person\/0d44615087b5a626d5d3f13afe31ac41"},"headline":"Atentan contra candidato presidencial peruano Rafael Bela\u00fande","datePublished":"2025-12-02T18:25:42+00:00","dateModified":"2025-12-02T18:25:47+00:00","mainEntityOfPage":{"@id":"https:\/\/fuentesfidedignas.com.mx\/index.php\/2025\/12\/02\/atentan-contra-candidato-presidencial-peruano-rafael-belaunde\/"},"wordCount":524,"commentCount":0,"publisher":{"@id":"https:\/\/fuentesfidedignas.com.mx\/#organization"},"image":{"@id":"https:\/\/fuentesfidedignas.com.mx\/index.php\/2025\/12\/02\/atentan-contra-candidato-presidencial-peruano-rafael-belaunde\/#primaryimage"},"thumbnailUrl":"https:\/\/fuentesfidedignas.com.mx\/wp-content\/uploads\/2025\/12\/rafael-belaunde-llosa-candidato-peru.jpg","articleSection":["NOTICIAS NACIONALES"],"inLanguage":"es","potentialAction":[{"@type":"CommentAction","name":"Comment","target":["https:\/\/fuentesfidedignas.com.mx\/index.php\/2025\/12\/02\/atentan-contra-candidato-presidencial-peruano-rafael-belaunde\/#respond"]}]},{"@type":"WebPage","@id":"https:\/\/fuentesfidedignas.com.mx\/index.php\/2025\/12\/02\/atentan-contra-candidato-presidencial-peruano-rafael-belaunde\/","url":"https:\/\/fuentesfidedignas.com.mx\/index.php\/2025\/12\/02\/atentan-contra-candidato-presidencial-peruano-rafael-belaunde\/","name":"Atentan contra candidato presidencial peruano Rafael Bela\u00fande - Fuentes Fidedignas","isPartOf":{"@id":"https:\/\/fuentesfidedignas.com.mx\/#website"},"primaryImageOfPage":{"@id":"https:\/\/fuentesfidedignas.com.mx\/index.php\/2025\/12\/02\/atentan-contra-candidato-presidencial-peruano-rafael-belaunde\/#primaryimage"},"image":{"@id":"https:\/\/fuentesfidedignas.com.mx\/index.php\/2025\/12\/02\/atentan-contra-candidato-presidencial-peruano-rafael-belaunde\/#primaryimage"},"thumbnailUrl":"https:\/\/fuentesfidedignas.com.mx\/wp-content\/uploads\/2025\/12\/rafael-belaunde-llosa-candidato-peru.jpg","datePublished":"2025-12-02T18:25:42+00:00","dateModified":"2025-12-02T18:25:47+00:00","breadcrumb":{"@id":"https:\/\/fuentesfidedignas.com.mx\/index.php\/2025\/12\/02\/atentan-contra-candidato-presidencial-peruano-rafael-belaunde\/#breadcrumb"},"inLanguage":"es","potentialAction":[{"@type":"ReadAction","target":["https:\/\/fuentesfidedignas.com.mx\/index.php\/2025\/12\/02\/atentan-contra-candidato-presidencial-peruano-rafael-belaunde\/"]}]},{"@type":"ImageObject","inLanguage":"es","@id":"https:\/\/fuentesfidedignas.com.mx\/index.php\/2025\/12\/02\/atentan-contra-candidato-presidencial-peruano-rafael-belaunde\/#primaryimage","url":"https:\/\/fuentesfidedignas.com.mx\/wp-content\/uploads\/2025\/12\/rafael-belaunde-llosa-candidato-peru.jpg","contentUrl":"https:\/\/fuentesfidedignas.com.mx\/wp-content\/uploads\/2025\/12\/rafael-belaunde-llosa-candidato-peru.jpg","width":500,"height":333},{"@type":"BreadcrumbList","@id":"https:\/\/fuentesfidedignas.com.mx\/index.php\/2025\/12\/02\/atentan-contra-candidato-presidencial-peruano-rafael-belaunde\/#breadcrumb","itemListElement":[{"@type":"ListItem","position":1,"name":"Inicio","item":"https:\/\/fuentesfidedignas.com.mx\/"},{"@type":"ListItem","position":2,"name":"Atentan contra candidato presidencial peruano Rafael Bela\u00fande"}]},{"@type":"WebSite","@id":"https:\/\/fuentesfidedignas.com.mx\/#website","url":"https:\/\/fuentesfidedignas.com.mx\/","name":"Fuentes Fidedignas","description":"Otro sitio realizado con WordPress","publisher":{"@id":"https:\/\/fuentesfidedignas.com.mx\/#organization"},"potentialAction":[{"@type":"SearchAction","target":{"@type":"EntryPoint","urlTemplate":"https:\/\/fuentesfidedignas.com.mx\/?s={search_term_string}"},"query-input":{"@type":"PropertyValueSpecification","valueRequired":true,"valueName":"search_term_string"}}],"inLanguage":"es"},{"@type":"Organization","@id":"https:\/\/fuentesfidedignas.com.mx\/#organization","name":"Fuentes Fidedignas","url":"https:\/\/fuentesfidedignas.com.mx\/","logo":{"@type":"ImageObject","inLanguage":"es","@id":"https:\/\/fuentesfidedignas.com.mx\/#\/schema\/logo\/image\/","url":"https:\/\/fuentesfidedignas.com.mx\/wp-content\/uploads\/2021\/04\/logo-retina.png","contentUrl":"https:\/\/fuentesfidedignas.com.mx\/wp-content\/uploads\/2021\/04\/logo-retina.png","width":280,"height":51,"caption":"Fuentes Fidedignas"},"image":{"@id":"https:\/\/fuentesfidedignas.com.mx\/#\/schema\/logo\/image\/"},"sameAs":["https:\/\/www.facebook.com\/Fuentes-Fidedignas-368234489921644","https:\/\/x.com\/fidedignas"]},{"@type":"Person","@id":"https:\/\/fuentesfidedignas.com.mx\/#\/schema\/person\/0d44615087b5a626d5d3f13afe31ac41","name":"EFE","image":{"@type":"ImageObject","inLanguage":"es","@id":"https:\/\/secure.gravatar.com\/avatar\/7048c2d9b569d9bed55bb53ad23821e6e047aa66338fb6ea9868627bbb9f54e8?s=96&d=mm&r=g","url":"https:\/\/secure.gravatar.com\/avatar\/7048c2d9b569d9bed55bb53ad23821e6e047aa66338fb6ea9868627bbb9f54e8?s=96&d=mm&r=g","contentUrl":"https:\/\/secure.gravatar.com\/avatar\/7048c2d9b569d9bed55bb53ad23821e6e047aa66338fb6ea9868627bbb9f54e8?s=96&d=mm&r=g","caption":"EFE"},"url":"https:\/\/fuentesfidedignas.com.mx\/index.php\/author\/efe\/"}]}},"_links":{"self":[{"href":"https:\/\/fuentesfidedignas.com.mx\/index.php\/wp-json\/wp\/v2\/posts\/122880","targetHints":{"allow":["GET"]}}],"collection":[{"href":"https:\/\/fuentesfidedignas.com.mx\/index.php\/wp-json\/wp\/v2\/posts"}],"about":[{"href":"https:\/\/fuentesfidedignas.com.mx\/index.php\/wp-json\/wp\/v2\/types\/post"}],"author":[{"embeddable":true,"href":"https:\/\/fuentesfidedignas.com.mx\/index.php\/wp-json\/wp\/v2\/users\/22"}],"replies":[{"embeddable":true,"href":"https:\/\/fuentesfidedignas.com.mx\/index.php\/wp-json\/wp\/v2\/comments?post=122880"}],"version-history":[{"count":1,"href":"https:\/\/fuentesfidedignas.com.mx\/index.php\/wp-json\/wp\/v2\/posts\/122880\/revisions"}],"predecessor-version":[{"id":122882,"href":"https:\/\/fuentesfidedignas.com.mx\/index.php\/wp-json\/wp\/v2\/posts\/122880\/revisions\/122882"}],"wp:featuredmedia":[{"embeddable":true,"href":"https:\/\/fuentesfidedignas.com.mx\/index.php\/wp-json\/wp\/v2\/media\/122881"}],"wp:attachment":[{"href":"https:\/\/fuentesfidedignas.com.mx\/index.php\/wp-json\/wp\/v2\/media?parent=122880"}],"wp:term":[{"taxonomy":"category","embeddable":true,"href":"https:\/\/fuentesfidedignas.com.mx\/index.php\/wp-json\/wp\/v2\/categories?post=122880"},{"taxonomy":"post_tag","embeddable":true,"href":"https:\/\/fuentesfidedignas.com.mx\/index.php\/wp-json\/wp\/v2\/tags?post=122880"}],"curies":[{"name":"wp","href":"https:\/\/api.w.org\/{rel}","templated":true}]}}