{"id":122866,"date":"2025-12-03T04:52:00","date_gmt":"2025-12-03T11:52:00","guid":{"rendered":"https:\/\/fuentesfidedignas.com.mx\/?p=122866"},"modified":"2025-12-02T09:57:41","modified_gmt":"2025-12-02T16:57:41","slug":"inquietante-desaparicion-el-joven-en-transilvania-se-desvanecio-cerca-del-castillo-de-dracula","status":"publish","type":"post","link":"https:\/\/fuentesfidedignas.com.mx\/index.php\/2025\/12\/03\/inquietante-desaparicion-el-joven-en-transilvania-se-desvanecio-cerca-del-castillo-de-dracula\/","title":{"rendered":"Inquietante desaparici\u00f3n el joven en Transilvania; se desvaneci\u00f3 cerca del castillo de Dr\u00e1cula"},"content":{"rendered":"\n<p><br><strong><em>El joven brit\u00e1nico George Smyth lleva nueve d\u00edas desaparecido en las monta\u00f1as Bucegi, cerca del emblem\u00e1tico castillo de Dr\u00e1cula en Transilvania<\/em><\/strong><\/p>\n\n\n\n<p><strong>Transilvania<\/strong>\u00a0siempre ha sido una tierra que despierta m\u00e1s preguntas que respuestas, un lugar lleno de bosques que se cierran a mitad del camino, monta\u00f1as que respiran niebla y pueblos donde, al caer la noche, se encienden historias de espanto que han sobrevivido al paso del tiempo.<\/p>\n\n\n\n<p>En esta ocasi\u00f3n, una nueva&nbsp;<strong>historia inquietante<\/strong>&nbsp;se suma a ese cat\u00e1logo de misterio, luego de que se reportara la desaparici\u00f3n de&nbsp;<strong>George Smyth<\/strong>, un estudiante brit\u00e1nico de 18 a\u00f1os que se desvaneci\u00f3 en las&nbsp;<strong>monta\u00f1as Bucegi<\/strong>, muy cerca del famoso&nbsp;<strong>castillo de Bran<\/strong>, la fortaleza com\u00fanmente asociada con el&nbsp;<strong>Conde Dr\u00e1cula.<\/strong><\/p>\n\n\n\n<h3 class=\"wp-block-heading\"><strong>\u00bfQu\u00e9 pas\u00f3 con George Smyth?<\/strong><\/h3>\n\n\n\n<p>El 23 de noviembre, George emprendi\u00f3 una&nbsp;<strong>caminata en solitario<\/strong>&nbsp;desde&nbsp;<strong>Poiana Bra\u0219ov<\/strong>&nbsp;hacia el pueblo de Bran, un trayecto que suele ser tranquilo y lleno de vida, sin embargo, en esta \u00e9poca del a\u00f1o, cuando la nieve empieza a ganar territorio se convierte en un&nbsp;<strong>peligroso lugar<\/strong>, raz\u00f3n por la que los locales prefieren evitarlo.<\/p>\n\n\n\n<p>Para George las cosas se complicaron cuando, a las pocas horas de salir de paseo, realiz\u00f3 una&nbsp;<strong>llamada de emergencia<\/strong>&nbsp;y asegur\u00f3 estar pasando por una crisis de hipotermia, agotamiento, por lo que necesitaba ayuda inmediata, lo m\u00e1s inquietante del asunto es que tras la llamada no volvieron a saber de \u00e9l.<\/p>\n\n\n\n<p>Los&nbsp;<strong>equipos de rescate<\/strong>&nbsp;llegaron al punto desde donde hizo la llamada, una zona remota y abrupta, y all\u00ed encontraron su mochila cuidadosamente equipada, saco de dormir, tienda de campa\u00f1a y comida, pero de George, ni rastro.<\/p>\n\n\n\n<p>Su madre, Jo, vol\u00f3 de inmediato a Transilvania, sin embargo, hasta el momento no se tiene noticias del joven, a quien sus familiares describen como \u201cfuerte, deportista, acostumbrado a viajar\u201d, aspectos que vuelven a\u00fan m\u00e1s desconcertante su desaparici\u00f3n y que han levantado toda clase de especulaciones, sobre todo por el lugar donde desapareci\u00f3, asociada con vampiros.<\/p>\n\n\n\n<p>Las&nbsp;<strong>condiciones meteorol\u00f3gicas<\/strong>&nbsp;tampoco han ayudado, durante tres d\u00edas, los equipos de Salvamont, la unidad rumana especializada en rescates de monta\u00f1a, se han visto obligados a detener b\u00fasquedas por tormentas, hielo y vientos impredecibles.<\/p>\n\n\n\n<p>Mientras tanto, la sombra del&nbsp;<strong>Conde Dr\u00e1cula<\/strong>&nbsp;vuelve a hacerse presnete en la regi\u00f3n, la zona sigue respirando esa mezcla de mito y realidad que incluso los lugare\u00f1os prefieren evitar y entre risas nerviosas y bromas han asegurado que&nbsp;<strong>Transilvania no es un sitio en el que uno deber\u00eda caminar solo al caer la noche.<\/strong><\/p>\n\n\n\n<p>Por su parte las autoridades prefieren evitar que la desaparici\u00f3n de George se relacione con mitos y leyendas y aseguran que el joven desapareci\u00f3 en una monta\u00f1a complicada, y no se trata de una historia de espectros.<\/p>\n\n\n\n<blockquote class=\"wp-block-quote is-layout-flow wp-block-quote-is-layout-flow\">\n<p>\u201cNo entendemos qu\u00e9 pudo pasar. Con todo ese equipo, deber\u00eda haber podido resguardarse. Y sin embargo desapareci\u00f3 sin dejar rastro\u201d, declar\u00f3 Sebastian Marinescu, director de Salvamont Bra\u0219ov.<\/p>\n<\/blockquote>\n\n\n\n<p>Hoy, nueve d\u00edas despu\u00e9s, solo hay preguntas mientras los equipos de rescate mantiene la esperanza de hallar a George.<\/p>\n","protected":false},"excerpt":{"rendered":"<p>El joven brit\u00e1nico George Smyth lleva nueve d\u00edas desaparecido en las monta\u00f1as Bucegi, cerca del emblem\u00e1tico castillo de Dr\u00e1cula en Transilvania Transilvania\u00a0siempre ha sido una tierra que despierta m\u00e1s preguntas que respuestas, un lugar lleno de bosques que se cierran a mitad del camino, monta\u00f1as que respiran niebla y pueblos donde, al caer la noche, [&hellip;]<\/p>\n","protected":false},"author":7,"featured_media":122868,"comment_status":"open","ping_status":"open","sticky":false,"template":"","format":"standard","meta":{"tdm_status":"","tdm_grid_status":"","footnotes":""},"categories":[40],"tags":[],"class_list":{"0":"post-122866","1":"post","2":"type-post","3":"status-publish","4":"format-standard","5":"has-post-thumbnail","7":"category-las-asombrosas"},"yoast_head":"<!-- This site is optimized with the Yoast SEO plugin v27.4 - https:\/\/yoast.com\/product\/yoast-seo-wordpress\/ -->\n<title>Inquietante desaparici\u00f3n el joven en Transilvania; se desvaneci\u00f3 cerca del castillo de Dr\u00e1cula - Fuentes Fidedignas<\/title>\n<meta name=\"robots\" content=\"index, follow, max-snippet:-1, max-image-preview:large, max-video-preview:-1\" \/>\n<link rel=\"canonical\" href=\"https:\/\/fuentesfidedignas.com.mx\/index.php\/2025\/12\/03\/inquietante-desaparicion-el-joven-en-transilvania-se-desvanecio-cerca-del-castillo-de-dracula\/\" \/>\n<meta property=\"og:locale\" content=\"es_MX\" \/>\n<meta property=\"og:type\" content=\"article\" \/>\n<meta property=\"og:title\" content=\"Inquietante desaparici\u00f3n el joven en Transilvania; se desvaneci\u00f3 cerca del castillo de Dr\u00e1cula - Fuentes Fidedignas\" \/>\n<meta property=\"og:description\" content=\"El joven brit\u00e1nico George Smyth lleva nueve d\u00edas desaparecido en las monta\u00f1as Bucegi, cerca del emblem\u00e1tico castillo de Dr\u00e1cula en Transilvania Transilvania\u00a0siempre ha sido una tierra que despierta m\u00e1s preguntas que respuestas, un lugar lleno de bosques que se cierran a mitad del camino, monta\u00f1as que respiran niebla y pueblos donde, al caer la noche, [&hellip;]\" \/>\n<meta property=\"og:url\" content=\"https:\/\/fuentesfidedignas.com.mx\/index.php\/2025\/12\/03\/inquietante-desaparicion-el-joven-en-transilvania-se-desvanecio-cerca-del-castillo-de-dracula\/\" \/>\n<meta property=\"og:site_name\" content=\"Fuentes Fidedignas\" \/>\n<meta property=\"article:publisher\" content=\"https:\/\/www.facebook.com\/Fuentes-Fidedignas-368234489921644\" \/>\n<meta property=\"article:published_time\" content=\"2025-12-03T11:52:00+00:00\" \/>\n<meta property=\"og:image\" content=\"https:\/\/fuentesfidedignas.com.mx\/wp-content\/uploads\/2025\/12\/Captura-de-pantalla-60.jpg\" \/>\n\t<meta property=\"og:image:width\" content=\"690\" \/>\n\t<meta property=\"og:image:height\" content=\"482\" \/>\n\t<meta property=\"og:image:type\" content=\"image\/jpeg\" \/>\n<meta name=\"author\" content=\"Exc\u00e9lsior\" \/>\n<meta name=\"twitter:card\" content=\"summary_large_image\" \/>\n<meta name=\"twitter:creator\" content=\"@fidedignas\" \/>\n<meta name=\"twitter:site\" content=\"@fidedignas\" \/>\n<meta name=\"twitter:label1\" content=\"Escrito por\" \/>\n\t<meta name=\"twitter:data1\" content=\"Exc\u00e9lsior\" \/>\n\t<meta name=\"twitter:label2\" content=\"Tiempo de lectura\" \/>\n\t<meta name=\"twitter:data2\" content=\"3 minutos\" \/>\n<script type=\"application\/ld+json\" class=\"yoast-schema-graph\">{\"@context\":\"https:\\\/\\\/schema.org\",\"@graph\":[{\"@type\":\"Article\",\"@id\":\"https:\\\/\\\/fuentesfidedignas.com.mx\\\/index.php\\\/2025\\\/12\\\/03\\\/inquietante-desaparicion-el-joven-en-transilvania-se-desvanecio-cerca-del-castillo-de-dracula\\\/#article\",\"isPartOf\":{\"@id\":\"https:\\\/\\\/fuentesfidedignas.com.mx\\\/index.php\\\/2025\\\/12\\\/03\\\/inquietante-desaparicion-el-joven-en-transilvania-se-desvanecio-cerca-del-castillo-de-dracula\\\/\"},\"author\":{\"name\":\"Exc\u00e9lsior\",\"@id\":\"https:\\\/\\\/fuentesfidedignas.com.mx\\\/#\\\/schema\\\/person\\\/ec4edd1fbf5efa3e44fce34fe2787780\"},\"headline\":\"Inquietante desaparici\u00f3n el joven en Transilvania; se desvaneci\u00f3 cerca del castillo de Dr\u00e1cula\",\"datePublished\":\"2025-12-03T11:52:00+00:00\",\"mainEntityOfPage\":{\"@id\":\"https:\\\/\\\/fuentesfidedignas.com.mx\\\/index.php\\\/2025\\\/12\\\/03\\\/inquietante-desaparicion-el-joven-en-transilvania-se-desvanecio-cerca-del-castillo-de-dracula\\\/\"},\"wordCount\":568,\"commentCount\":0,\"publisher\":{\"@id\":\"https:\\\/\\\/fuentesfidedignas.com.mx\\\/#organization\"},\"image\":{\"@id\":\"https:\\\/\\\/fuentesfidedignas.com.mx\\\/index.php\\\/2025\\\/12\\\/03\\\/inquietante-desaparicion-el-joven-en-transilvania-se-desvanecio-cerca-del-castillo-de-dracula\\\/#primaryimage\"},\"thumbnailUrl\":\"https:\\\/\\\/fuentesfidedignas.com.mx\\\/wp-content\\\/uploads\\\/2025\\\/12\\\/Captura-de-pantalla-60.jpg\",\"articleSection\":[\"LAS ASOMBROSAS\"],\"inLanguage\":\"es\",\"potentialAction\":[{\"@type\":\"CommentAction\",\"name\":\"Comment\",\"target\":[\"https:\\\/\\\/fuentesfidedignas.com.mx\\\/index.php\\\/2025\\\/12\\\/03\\\/inquietante-desaparicion-el-joven-en-transilvania-se-desvanecio-cerca-del-castillo-de-dracula\\\/#respond\"]}]},{\"@type\":\"WebPage\",\"@id\":\"https:\\\/\\\/fuentesfidedignas.com.mx\\\/index.php\\\/2025\\\/12\\\/03\\\/inquietante-desaparicion-el-joven-en-transilvania-se-desvanecio-cerca-del-castillo-de-dracula\\\/\",\"url\":\"https:\\\/\\\/fuentesfidedignas.com.mx\\\/index.php\\\/2025\\\/12\\\/03\\\/inquietante-desaparicion-el-joven-en-transilvania-se-desvanecio-cerca-del-castillo-de-dracula\\\/\",\"name\":\"Inquietante desaparici\u00f3n el joven en Transilvania; se desvaneci\u00f3 cerca del castillo de Dr\u00e1cula - Fuentes Fidedignas\",\"isPartOf\":{\"@id\":\"https:\\\/\\\/fuentesfidedignas.com.mx\\\/#website\"},\"primaryImageOfPage\":{\"@id\":\"https:\\\/\\\/fuentesfidedignas.com.mx\\\/index.php\\\/2025\\\/12\\\/03\\\/inquietante-desaparicion-el-joven-en-transilvania-se-desvanecio-cerca-del-castillo-de-dracula\\\/#primaryimage\"},\"image\":{\"@id\":\"https:\\\/\\\/fuentesfidedignas.com.mx\\\/index.php\\\/2025\\\/12\\\/03\\\/inquietante-desaparicion-el-joven-en-transilvania-se-desvanecio-cerca-del-castillo-de-dracula\\\/#primaryimage\"},\"thumbnailUrl\":\"https:\\\/\\\/fuentesfidedignas.com.mx\\\/wp-content\\\/uploads\\\/2025\\\/12\\\/Captura-de-pantalla-60.jpg\",\"datePublished\":\"2025-12-03T11:52:00+00:00\",\"breadcrumb\":{\"@id\":\"https:\\\/\\\/fuentesfidedignas.com.mx\\\/index.php\\\/2025\\\/12\\\/03\\\/inquietante-desaparicion-el-joven-en-transilvania-se-desvanecio-cerca-del-castillo-de-dracula\\\/#breadcrumb\"},\"inLanguage\":\"es\",\"potentialAction\":[{\"@type\":\"ReadAction\",\"target\":[\"https:\\\/\\\/fuentesfidedignas.com.mx\\\/index.php\\\/2025\\\/12\\\/03\\\/inquietante-desaparicion-el-joven-en-transilvania-se-desvanecio-cerca-del-castillo-de-dracula\\\/\"]}]},{\"@type\":\"ImageObject\",\"inLanguage\":\"es\",\"@id\":\"https:\\\/\\\/fuentesfidedignas.com.mx\\\/index.php\\\/2025\\\/12\\\/03\\\/inquietante-desaparicion-el-joven-en-transilvania-se-desvanecio-cerca-del-castillo-de-dracula\\\/#primaryimage\",\"url\":\"https:\\\/\\\/fuentesfidedignas.com.mx\\\/wp-content\\\/uploads\\\/2025\\\/12\\\/Captura-de-pantalla-60.jpg\",\"contentUrl\":\"https:\\\/\\\/fuentesfidedignas.com.mx\\\/wp-content\\\/uploads\\\/2025\\\/12\\\/Captura-de-pantalla-60.jpg\",\"width\":690,\"height\":482},{\"@type\":\"BreadcrumbList\",\"@id\":\"https:\\\/\\\/fuentesfidedignas.com.mx\\\/index.php\\\/2025\\\/12\\\/03\\\/inquietante-desaparicion-el-joven-en-transilvania-se-desvanecio-cerca-del-castillo-de-dracula\\\/#breadcrumb\",\"itemListElement\":[{\"@type\":\"ListItem\",\"position\":1,\"name\":\"Inicio\",\"item\":\"https:\\\/\\\/fuentesfidedignas.com.mx\\\/\"},{\"@type\":\"ListItem\",\"position\":2,\"name\":\"Inquietante desaparici\u00f3n el joven en Transilvania; se desvaneci\u00f3 cerca del castillo de Dr\u00e1cula\"}]},{\"@type\":\"WebSite\",\"@id\":\"https:\\\/\\\/fuentesfidedignas.com.mx\\\/#website\",\"url\":\"https:\\\/\\\/fuentesfidedignas.com.mx\\\/\",\"name\":\"Fuentes Fidedignas\",\"description\":\"Otro sitio realizado con WordPress\",\"publisher\":{\"@id\":\"https:\\\/\\\/fuentesfidedignas.com.mx\\\/#organization\"},\"potentialAction\":[{\"@type\":\"SearchAction\",\"target\":{\"@type\":\"EntryPoint\",\"urlTemplate\":\"https:\\\/\\\/fuentesfidedignas.com.mx\\\/?s={search_term_string}\"},\"query-input\":{\"@type\":\"PropertyValueSpecification\",\"valueRequired\":true,\"valueName\":\"search_term_string\"}}],\"inLanguage\":\"es\"},{\"@type\":\"Organization\",\"@id\":\"https:\\\/\\\/fuentesfidedignas.com.mx\\\/#organization\",\"name\":\"Fuentes Fidedignas\",\"url\":\"https:\\\/\\\/fuentesfidedignas.com.mx\\\/\",\"logo\":{\"@type\":\"ImageObject\",\"inLanguage\":\"es\",\"@id\":\"https:\\\/\\\/fuentesfidedignas.com.mx\\\/#\\\/schema\\\/logo\\\/image\\\/\",\"url\":\"https:\\\/\\\/fuentesfidedignas.com.mx\\\/wp-content\\\/uploads\\\/2021\\\/04\\\/logo-retina.png\",\"contentUrl\":\"https:\\\/\\\/fuentesfidedignas.com.mx\\\/wp-content\\\/uploads\\\/2021\\\/04\\\/logo-retina.png\",\"width\":280,\"height\":51,\"caption\":\"Fuentes Fidedignas\"},\"image\":{\"@id\":\"https:\\\/\\\/fuentesfidedignas.com.mx\\\/#\\\/schema\\\/logo\\\/image\\\/\"},\"sameAs\":[\"https:\\\/\\\/www.facebook.com\\\/Fuentes-Fidedignas-368234489921644\",\"https:\\\/\\\/x.com\\\/fidedignas\"]},{\"@type\":\"Person\",\"@id\":\"https:\\\/\\\/fuentesfidedignas.com.mx\\\/#\\\/schema\\\/person\\\/ec4edd1fbf5efa3e44fce34fe2787780\",\"name\":\"Exc\u00e9lsior\",\"image\":{\"@type\":\"ImageObject\",\"inLanguage\":\"es\",\"@id\":\"https:\\\/\\\/secure.gravatar.com\\\/avatar\\\/4b7ee9206b48be08447852b3f0814dbc7c0f3b51541b164f1464a2725614020b?s=96&d=mm&r=g\",\"url\":\"https:\\\/\\\/secure.gravatar.com\\\/avatar\\\/4b7ee9206b48be08447852b3f0814dbc7c0f3b51541b164f1464a2725614020b?s=96&d=mm&r=g\",\"contentUrl\":\"https:\\\/\\\/secure.gravatar.com\\\/avatar\\\/4b7ee9206b48be08447852b3f0814dbc7c0f3b51541b164f1464a2725614020b?s=96&d=mm&r=g\",\"caption\":\"Exc\u00e9lsior\"},\"url\":\"https:\\\/\\\/fuentesfidedignas.com.mx\\\/index.php\\\/author\\\/excelsior\\\/\"}]}<\/script>\n<!-- \/ Yoast SEO plugin. -->","yoast_head_json":{"title":"Inquietante desaparici\u00f3n el joven en Transilvania; se desvaneci\u00f3 cerca del castillo de Dr\u00e1cula - Fuentes Fidedignas","robots":{"index":"index","follow":"follow","max-snippet":"max-snippet:-1","max-image-preview":"max-image-preview:large","max-video-preview":"max-video-preview:-1"},"canonical":"https:\/\/fuentesfidedignas.com.mx\/index.php\/2025\/12\/03\/inquietante-desaparicion-el-joven-en-transilvania-se-desvanecio-cerca-del-castillo-de-dracula\/","og_locale":"es_MX","og_type":"article","og_title":"Inquietante desaparici\u00f3n el joven en Transilvania; se desvaneci\u00f3 cerca del castillo de Dr\u00e1cula - Fuentes Fidedignas","og_description":"El joven brit\u00e1nico George Smyth lleva nueve d\u00edas desaparecido en las monta\u00f1as Bucegi, cerca del emblem\u00e1tico castillo de Dr\u00e1cula en Transilvania Transilvania\u00a0siempre ha sido una tierra que despierta m\u00e1s preguntas que respuestas, un lugar lleno de bosques que se cierran a mitad del camino, monta\u00f1as que respiran niebla y pueblos donde, al caer la noche, [&hellip;]","og_url":"https:\/\/fuentesfidedignas.com.mx\/index.php\/2025\/12\/03\/inquietante-desaparicion-el-joven-en-transilvania-se-desvanecio-cerca-del-castillo-de-dracula\/","og_site_name":"Fuentes Fidedignas","article_publisher":"https:\/\/www.facebook.com\/Fuentes-Fidedignas-368234489921644","article_published_time":"2025-12-03T11:52:00+00:00","og_image":[{"width":690,"height":482,"url":"https:\/\/fuentesfidedignas.com.mx\/wp-content\/uploads\/2025\/12\/Captura-de-pantalla-60.jpg","type":"image\/jpeg"}],"author":"Exc\u00e9lsior","twitter_card":"summary_large_image","twitter_creator":"@fidedignas","twitter_site":"@fidedignas","twitter_misc":{"Escrito por":"Exc\u00e9lsior","Tiempo de lectura":"3 minutos"},"schema":{"@context":"https:\/\/schema.org","@graph":[{"@type":"Article","@id":"https:\/\/fuentesfidedignas.com.mx\/index.php\/2025\/12\/03\/inquietante-desaparicion-el-joven-en-transilvania-se-desvanecio-cerca-del-castillo-de-dracula\/#article","isPartOf":{"@id":"https:\/\/fuentesfidedignas.com.mx\/index.php\/2025\/12\/03\/inquietante-desaparicion-el-joven-en-transilvania-se-desvanecio-cerca-del-castillo-de-dracula\/"},"author":{"name":"Exc\u00e9lsior","@id":"https:\/\/fuentesfidedignas.com.mx\/#\/schema\/person\/ec4edd1fbf5efa3e44fce34fe2787780"},"headline":"Inquietante desaparici\u00f3n el joven en Transilvania; se desvaneci\u00f3 cerca del castillo de Dr\u00e1cula","datePublished":"2025-12-03T11:52:00+00:00","mainEntityOfPage":{"@id":"https:\/\/fuentesfidedignas.com.mx\/index.php\/2025\/12\/03\/inquietante-desaparicion-el-joven-en-transilvania-se-desvanecio-cerca-del-castillo-de-dracula\/"},"wordCount":568,"commentCount":0,"publisher":{"@id":"https:\/\/fuentesfidedignas.com.mx\/#organization"},"image":{"@id":"https:\/\/fuentesfidedignas.com.mx\/index.php\/2025\/12\/03\/inquietante-desaparicion-el-joven-en-transilvania-se-desvanecio-cerca-del-castillo-de-dracula\/#primaryimage"},"thumbnailUrl":"https:\/\/fuentesfidedignas.com.mx\/wp-content\/uploads\/2025\/12\/Captura-de-pantalla-60.jpg","articleSection":["LAS ASOMBROSAS"],"inLanguage":"es","potentialAction":[{"@type":"CommentAction","name":"Comment","target":["https:\/\/fuentesfidedignas.com.mx\/index.php\/2025\/12\/03\/inquietante-desaparicion-el-joven-en-transilvania-se-desvanecio-cerca-del-castillo-de-dracula\/#respond"]}]},{"@type":"WebPage","@id":"https:\/\/fuentesfidedignas.com.mx\/index.php\/2025\/12\/03\/inquietante-desaparicion-el-joven-en-transilvania-se-desvanecio-cerca-del-castillo-de-dracula\/","url":"https:\/\/fuentesfidedignas.com.mx\/index.php\/2025\/12\/03\/inquietante-desaparicion-el-joven-en-transilvania-se-desvanecio-cerca-del-castillo-de-dracula\/","name":"Inquietante desaparici\u00f3n el joven en Transilvania; se desvaneci\u00f3 cerca del castillo de Dr\u00e1cula - Fuentes Fidedignas","isPartOf":{"@id":"https:\/\/fuentesfidedignas.com.mx\/#website"},"primaryImageOfPage":{"@id":"https:\/\/fuentesfidedignas.com.mx\/index.php\/2025\/12\/03\/inquietante-desaparicion-el-joven-en-transilvania-se-desvanecio-cerca-del-castillo-de-dracula\/#primaryimage"},"image":{"@id":"https:\/\/fuentesfidedignas.com.mx\/index.php\/2025\/12\/03\/inquietante-desaparicion-el-joven-en-transilvania-se-desvanecio-cerca-del-castillo-de-dracula\/#primaryimage"},"thumbnailUrl":"https:\/\/fuentesfidedignas.com.mx\/wp-content\/uploads\/2025\/12\/Captura-de-pantalla-60.jpg","datePublished":"2025-12-03T11:52:00+00:00","breadcrumb":{"@id":"https:\/\/fuentesfidedignas.com.mx\/index.php\/2025\/12\/03\/inquietante-desaparicion-el-joven-en-transilvania-se-desvanecio-cerca-del-castillo-de-dracula\/#breadcrumb"},"inLanguage":"es","potentialAction":[{"@type":"ReadAction","target":["https:\/\/fuentesfidedignas.com.mx\/index.php\/2025\/12\/03\/inquietante-desaparicion-el-joven-en-transilvania-se-desvanecio-cerca-del-castillo-de-dracula\/"]}]},{"@type":"ImageObject","inLanguage":"es","@id":"https:\/\/fuentesfidedignas.com.mx\/index.php\/2025\/12\/03\/inquietante-desaparicion-el-joven-en-transilvania-se-desvanecio-cerca-del-castillo-de-dracula\/#primaryimage","url":"https:\/\/fuentesfidedignas.com.mx\/wp-content\/uploads\/2025\/12\/Captura-de-pantalla-60.jpg","contentUrl":"https:\/\/fuentesfidedignas.com.mx\/wp-content\/uploads\/2025\/12\/Captura-de-pantalla-60.jpg","width":690,"height":482},{"@type":"BreadcrumbList","@id":"https:\/\/fuentesfidedignas.com.mx\/index.php\/2025\/12\/03\/inquietante-desaparicion-el-joven-en-transilvania-se-desvanecio-cerca-del-castillo-de-dracula\/#breadcrumb","itemListElement":[{"@type":"ListItem","position":1,"name":"Inicio","item":"https:\/\/fuentesfidedignas.com.mx\/"},{"@type":"ListItem","position":2,"name":"Inquietante desaparici\u00f3n el joven en Transilvania; se desvaneci\u00f3 cerca del castillo de Dr\u00e1cula"}]},{"@type":"WebSite","@id":"https:\/\/fuentesfidedignas.com.mx\/#website","url":"https:\/\/fuentesfidedignas.com.mx\/","name":"Fuentes Fidedignas","description":"Otro sitio realizado con WordPress","publisher":{"@id":"https:\/\/fuentesfidedignas.com.mx\/#organization"},"potentialAction":[{"@type":"SearchAction","target":{"@type":"EntryPoint","urlTemplate":"https:\/\/fuentesfidedignas.com.mx\/?s={search_term_string}"},"query-input":{"@type":"PropertyValueSpecification","valueRequired":true,"valueName":"search_term_string"}}],"inLanguage":"es"},{"@type":"Organization","@id":"https:\/\/fuentesfidedignas.com.mx\/#organization","name":"Fuentes Fidedignas","url":"https:\/\/fuentesfidedignas.com.mx\/","logo":{"@type":"ImageObject","inLanguage":"es","@id":"https:\/\/fuentesfidedignas.com.mx\/#\/schema\/logo\/image\/","url":"https:\/\/fuentesfidedignas.com.mx\/wp-content\/uploads\/2021\/04\/logo-retina.png","contentUrl":"https:\/\/fuentesfidedignas.com.mx\/wp-content\/uploads\/2021\/04\/logo-retina.png","width":280,"height":51,"caption":"Fuentes Fidedignas"},"image":{"@id":"https:\/\/fuentesfidedignas.com.mx\/#\/schema\/logo\/image\/"},"sameAs":["https:\/\/www.facebook.com\/Fuentes-Fidedignas-368234489921644","https:\/\/x.com\/fidedignas"]},{"@type":"Person","@id":"https:\/\/fuentesfidedignas.com.mx\/#\/schema\/person\/ec4edd1fbf5efa3e44fce34fe2787780","name":"Exc\u00e9lsior","image":{"@type":"ImageObject","inLanguage":"es","@id":"https:\/\/secure.gravatar.com\/avatar\/4b7ee9206b48be08447852b3f0814dbc7c0f3b51541b164f1464a2725614020b?s=96&d=mm&r=g","url":"https:\/\/secure.gravatar.com\/avatar\/4b7ee9206b48be08447852b3f0814dbc7c0f3b51541b164f1464a2725614020b?s=96&d=mm&r=g","contentUrl":"https:\/\/secure.gravatar.com\/avatar\/4b7ee9206b48be08447852b3f0814dbc7c0f3b51541b164f1464a2725614020b?s=96&d=mm&r=g","caption":"Exc\u00e9lsior"},"url":"https:\/\/fuentesfidedignas.com.mx\/index.php\/author\/excelsior\/"}]}},"_links":{"self":[{"href":"https:\/\/fuentesfidedignas.com.mx\/index.php\/wp-json\/wp\/v2\/posts\/122866","targetHints":{"allow":["GET"]}}],"collection":[{"href":"https:\/\/fuentesfidedignas.com.mx\/index.php\/wp-json\/wp\/v2\/posts"}],"about":[{"href":"https:\/\/fuentesfidedignas.com.mx\/index.php\/wp-json\/wp\/v2\/types\/post"}],"author":[{"embeddable":true,"href":"https:\/\/fuentesfidedignas.com.mx\/index.php\/wp-json\/wp\/v2\/users\/7"}],"replies":[{"embeddable":true,"href":"https:\/\/fuentesfidedignas.com.mx\/index.php\/wp-json\/wp\/v2\/comments?post=122866"}],"version-history":[{"count":1,"href":"https:\/\/fuentesfidedignas.com.mx\/index.php\/wp-json\/wp\/v2\/posts\/122866\/revisions"}],"predecessor-version":[{"id":122869,"href":"https:\/\/fuentesfidedignas.com.mx\/index.php\/wp-json\/wp\/v2\/posts\/122866\/revisions\/122869"}],"wp:featuredmedia":[{"embeddable":true,"href":"https:\/\/fuentesfidedignas.com.mx\/index.php\/wp-json\/wp\/v2\/media\/122868"}],"wp:attachment":[{"href":"https:\/\/fuentesfidedignas.com.mx\/index.php\/wp-json\/wp\/v2\/media?parent=122866"}],"wp:term":[{"taxonomy":"category","embeddable":true,"href":"https:\/\/fuentesfidedignas.com.mx\/index.php\/wp-json\/wp\/v2\/categories?post=122866"},{"taxonomy":"post_tag","embeddable":true,"href":"https:\/\/fuentesfidedignas.com.mx\/index.php\/wp-json\/wp\/v2\/tags?post=122866"}],"curies":[{"name":"wp","href":"https:\/\/api.w.org\/{rel}","templated":true}]}}