{"id":122847,"date":"2025-12-02T06:57:42","date_gmt":"2025-12-02T13:57:42","guid":{"rendered":"https:\/\/fuentesfidedignas.com.mx\/?p=122847"},"modified":"2025-12-02T06:57:48","modified_gmt":"2025-12-02T13:57:48","slug":"adelantan-audiencia-de-sentencia-de-el-mayo-zambada-en-eu-cuando-sera","status":"publish","type":"post","link":"https:\/\/fuentesfidedignas.com.mx\/index.php\/2025\/12\/02\/adelantan-audiencia-de-sentencia-de-el-mayo-zambada-en-eu-cuando-sera\/","title":{"rendered":"Adelantan audiencia de sentencia de &#8216;El Mayo&#8217; Zambada en EU: \u00bfCu\u00e1ndo ser\u00e1?"},"content":{"rendered":"\n<p><strong><em>El anuncio se da un par de horas despu\u00e9s de que la Fiscal\u00eda de Estados Unidos revelara detalles del secuestro del narcotraficante mexicano.<\/em><\/strong><\/p>\n\n\n\n<p>La audiencia de sentencia con Ismael El Mayo Zambada, cofundador del C\u00e1rtel de Sinaloa, ser\u00e1 reprogramada un d\u00eda antes de lo previsto, es decir, para el 12 de enero del 2026.&nbsp;&nbsp;<\/p>\n\n\n\n<p>Esto luego de que el juez Brian Cogan moviera la fecha para ese d\u00eda a las 10:00 horas, en una Corte de Brooklyn, Nueva York. Cabe se\u00f1alar que el narcotraficante mexicano iba a recibir su sentencia el 13 de enero del pr\u00f3ximo a\u00f1o.\u00a0<\/p>\n\n\n\n<p><strong>\u00bfQu\u00e9 sabemos del cambio de d\u00eda?\u00a0<\/strong><br>Zambada deber\u00e1 comparecer a las 10:00 horas ante el juez Brian Cogan, luego de que el 25 de agosto se declarara culpable de dos cargos relacionados con crimen organizado.<\/p>\n\n\n\n<p>No se explic\u00f3 el motivo del cambio de la audiencia. Sin embargo, se determin\u00f3 que la defensa del narcotraficante mexicano, encabezada por el abogado Frank P\u00e9rez, deber\u00e1 presentar un memor\u00e1ndum de sentencia a m\u00e1s tardar el 29 de diciembre.<\/p>\n\n\n\n<p>Mientras que la Fiscal\u00eda estadunidense deber\u00e1 presentar su respuesta antes del 5 de enero de 2026, con la finalidad de que la jueza analice ambos documentos antes de sentenciar al mexicano.<\/p>\n\n\n\n<p><strong>\u00bfDe qu\u00e9 acusan a El Mayo en EU?<\/strong>\u00a0<br>Zambada enfrenta potencialmente prisi\u00f3n de por vida, debido a que los cargos por crimen organizado implican una pena mandatoria de cadena perpetua, y a decir de su defensa, no ha establecido ning\u00fan acuerdo de colaboraci\u00f3n con Washington.<\/p>\n\n\n\n<p>Durante su medi\u00e1tica admisi\u00f3n de culpa a mediados del a\u00f1o, el criminal detall\u00f3 algunos episodios de su vida como narcotraficante: \u201cempec\u00e9 a involucrarme en las drogas ilegales en 1969, cuando ten\u00eda 19 a\u00f1os y plant\u00e9 mariguana por primera vez\u201d, dijo Zambada, al leer una carta.<\/p>\n\n\n\n<p>El mexicano admiti\u00f3 varios cr\u00edmenes, como haber traficado drogas, dirigido legiones de sicarios y haber sobornado a autoridades mexicanas para facilitar su negocio criminal.<\/p>\n\n\n\n<p>\u201cTambi\u00e9n ten\u00eda a mi servicio a un gran n\u00famero de hombres armados (\u2026) en \u00faltima instancia todos estaban bajo mi control. Muchos miembros de mi organizaci\u00f3n tambi\u00e9n fueron asesinados. (\u2026) pido perd\u00f3n a todos los que han sufrido o se han visto afectados por mis acciones\u201d, concluy\u00f3 Zambada.<\/p>\n\n\n\n<p><strong>Revelan detalles sobre secuestro y entrega del narcotraficante\u00a0<\/strong><br>Esto se dio a conocer un par de horas despu\u00e9s de que la Fiscal\u00eda de Estados Unidos revel\u00f3 algunos detalles del secuestro \u2014en tierras mexicanas\u2014 de Ismael El Mayo Zambada, que termin\u00f3 en la entrega del cofundador del C\u00e1rtel de Sinaloa en el pa\u00eds de las barras y las estrellas.<\/p>\n\n\n\n<p>Durante la audiencia de culpabilidad de Joaqu\u00edn Guzm\u00e1n L\u00f3pez, El G\u00fcero, \u2014uno de los hijos de El Chapo Guzm\u00e1n\u2014, las autoridades estadunidenses se\u00f1alaron que el acusado infringi\u00f3 en una violaci\u00f3n a una cl\u00e1usula del acuerdo al que lleg\u00f3 con Estados Unidos.<\/p>\n\n\n\n<p>El fiscal al frente del caso, Andrew Erskine, narr\u00f3 que Guzm\u00e1n L\u00f3pez cit\u00f3 a El Mayo Zambada \u2014a quien nunca se refirieron por su nombre, sino con el apodo Individuo A\u2014 para una reuni\u00f3n, que, en realidad, era una trampa orquestada por Los Chapitos.<\/p>\n\n\n\n<p>Durante la audiencia, se detall\u00f3 que Joaqu\u00edn Guzm\u00e1n L\u00f3pez llev\u00f3 a El Mayo a un cuarto \u2014muy probablemente del rancho Huertos del Pedregal, a las afueras de Culiac\u00e1n\u2014 donde trabajadores del hijo de El Chapo lo secuestraron.<\/p>\n\n\n\n<p>Posteriormente, lo subieron a una camioneta, se lo llevaron a un aer\u00f3dromo, luego lo sedaron y lo subieron a una avioneta, junto con Guzm\u00e1n L\u00f3pez.<\/p>\n\n\n\n<p>Seg\u00fan la Fiscal\u00eda estadunidense, El Individuo A (El Mayo Zambada) fue sedado previo a que la avioneta despegara y aterrizara en el pa\u00eds de las barras y las estrellas.<\/p>\n\n\n\n<p>Sobre estos hechos, Erskine asegur\u00f3 que Joaqu\u00edn Guzm\u00e1n L\u00f3pez \u201cesperaba recibir cr\u00e9ditos en Estados Unidos para \u00e9l y su hermano (Ovidio Guzm\u00e1n, El Rat\u00f3n) (\u2026) Pero no recibir\u00e1 cr\u00e9ditos por el secuestro, tampoco su hermano\u201d, apunt\u00f3 el fiscal.<\/p>\n\n\n\n<p><strong>\u00bfQui\u00e9n es el abogado de El Mayo?\u00a0<\/strong><br>La defensa de Ismael Zambada se coloc\u00f3 a cargo del abogado Frank P\u00e9rez, quien supone un conflicto de intereses al ser tambi\u00e9n la defensa de su hijo, Vicente Zambada Niebla, testigo colaborador de Washington en el caso de El Chapo Guzm\u00e1n.<\/p>\n\n\n\n<p>En sus declaraciones suscitadas en 2019, donde&nbsp;El Vicentillo habl\u00f3 sobre las rutas, cargamentos y pagos por corrupci\u00f3n, tambi\u00e9n hizo referencia a otros l\u00edderes criminales, entre ellos el propio Mayo Zambada.<\/p>\n\n\n\n<p>De acuerdo con las autoridades, en la informaci\u00f3n entregada se expuso expl\u00edcitamente el papel de su padre en el C\u00e1rtel de Sinaloa y de otros miembros de su familia.<\/p>\n\n\n\n<p>Derivado de esto, fiscales estadunidenses aseguraron que la dualidad de defensa de Frank P\u00e9rez supondr\u00eda un impedimento para brindarle asesor\u00eda sobre estrategias viables y representarlo vigorosamente; sin embargo, en enero, Zambada Garc\u00eda se mantuvo en su decisi\u00f3n de quererlo como su representante.<\/p>\n\n\n\n<p>&#8220;Lo quiero aunque represente un conflicto el que me represente a m\u00ed y a mi hijo&#8221;, dijo.<\/p>\n\n\n\n<p>El litigante\u00a0cuenta con una trayectoria de m\u00e1s de 40 a\u00f1os\u00a0y tiene experiencia en casos que narcotraficantes mexicanos enfrentan en cortes de Estados Unidos.<\/p>\n\n\n\n<p>En su sitio web se detalla que Frank P\u00e9rez &#8220;entiende lo que necesita para ganar su caso y luchar por su libertad&#8221;.<\/p>\n\n\n\n<p>&#8220;Es el abogado m\u00e1s calificado para preservar sus derechos y su buena reputaci\u00f3n&#8221;, describe.<\/p>\n","protected":false},"excerpt":{"rendered":"<p>El anuncio se da un par de horas despu\u00e9s de que la Fiscal\u00eda de Estados Unidos revelara detalles del secuestro del narcotraficante mexicano. La audiencia de sentencia con Ismael El Mayo Zambada, cofundador del C\u00e1rtel de Sinaloa, ser\u00e1 reprogramada un d\u00eda antes de lo previsto, es decir, para el 12 de enero del 2026.&nbsp;&nbsp; Esto [&hellip;]<\/p>\n","protected":false},"author":9,"featured_media":102268,"comment_status":"open","ping_status":"open","sticky":false,"template":"","format":"standard","meta":{"tdm_status":"","tdm_grid_status":"","footnotes":""},"categories":[39],"tags":[],"class_list":{"0":"post-122847","1":"post","2":"type-post","3":"status-publish","4":"format-standard","5":"has-post-thumbnail","7":"category-noticias-nacionales"},"yoast_head":"<!-- This site is optimized with the Yoast SEO plugin v27.5 - https:\/\/yoast.com\/product\/yoast-seo-wordpress\/ -->\n<title>Adelantan audiencia de sentencia de &#039;El Mayo&#039; Zambada en EU: \u00bfCu\u00e1ndo ser\u00e1? - Fuentes Fidedignas<\/title>\n<meta name=\"robots\" content=\"index, follow, max-snippet:-1, max-image-preview:large, max-video-preview:-1\" \/>\n<link rel=\"canonical\" href=\"https:\/\/fuentesfidedignas.com.mx\/index.php\/2025\/12\/02\/adelantan-audiencia-de-sentencia-de-el-mayo-zambada-en-eu-cuando-sera\/\" \/>\n<meta property=\"og:locale\" content=\"es_MX\" \/>\n<meta property=\"og:type\" content=\"article\" \/>\n<meta property=\"og:title\" content=\"Adelantan audiencia de sentencia de &#039;El Mayo&#039; Zambada en EU: \u00bfCu\u00e1ndo ser\u00e1? - Fuentes Fidedignas\" \/>\n<meta property=\"og:description\" content=\"El anuncio se da un par de horas despu\u00e9s de que la Fiscal\u00eda de Estados Unidos revelara detalles del secuestro del narcotraficante mexicano. La audiencia de sentencia con Ismael El Mayo Zambada, cofundador del C\u00e1rtel de Sinaloa, ser\u00e1 reprogramada un d\u00eda antes de lo previsto, es decir, para el 12 de enero del 2026.&nbsp;&nbsp; Esto [&hellip;]\" \/>\n<meta property=\"og:url\" content=\"https:\/\/fuentesfidedignas.com.mx\/index.php\/2025\/12\/02\/adelantan-audiencia-de-sentencia-de-el-mayo-zambada-en-eu-cuando-sera\/\" \/>\n<meta property=\"og:site_name\" content=\"Fuentes Fidedignas\" \/>\n<meta property=\"article:publisher\" content=\"https:\/\/www.facebook.com\/Fuentes-Fidedignas-368234489921644\" \/>\n<meta property=\"article:published_time\" content=\"2025-12-02T13:57:42+00:00\" \/>\n<meta property=\"article:modified_time\" content=\"2025-12-02T13:57:48+00:00\" \/>\n<meta property=\"og:image\" content=\"https:\/\/fuentesfidedignas.com.mx\/wp-content\/uploads\/2025\/02\/mayo_zambada.jpg\" \/>\n\t<meta property=\"og:image:width\" content=\"600\" \/>\n\t<meta property=\"og:image:height\" content=\"335\" \/>\n\t<meta property=\"og:image:type\" content=\"image\/jpeg\" \/>\n<meta name=\"author\" content=\"Milenio\" \/>\n<meta name=\"twitter:card\" content=\"summary_large_image\" \/>\n<meta name=\"twitter:creator\" content=\"@fidedignas\" \/>\n<meta name=\"twitter:site\" content=\"@fidedignas\" \/>\n<meta name=\"twitter:label1\" content=\"Escrito por\" \/>\n\t<meta name=\"twitter:data1\" content=\"Milenio\" \/>\n\t<meta name=\"twitter:label2\" content=\"Tiempo de lectura\" \/>\n\t<meta name=\"twitter:data2\" content=\"5 minutos\" \/>\n<script type=\"application\/ld+json\" class=\"yoast-schema-graph\">{\"@context\":\"https:\\\/\\\/schema.org\",\"@graph\":[{\"@type\":\"Article\",\"@id\":\"https:\\\/\\\/fuentesfidedignas.com.mx\\\/index.php\\\/2025\\\/12\\\/02\\\/adelantan-audiencia-de-sentencia-de-el-mayo-zambada-en-eu-cuando-sera\\\/#article\",\"isPartOf\":{\"@id\":\"https:\\\/\\\/fuentesfidedignas.com.mx\\\/index.php\\\/2025\\\/12\\\/02\\\/adelantan-audiencia-de-sentencia-de-el-mayo-zambada-en-eu-cuando-sera\\\/\"},\"author\":{\"name\":\"Milenio\",\"@id\":\"https:\\\/\\\/fuentesfidedignas.com.mx\\\/#\\\/schema\\\/person\\\/47ec0135738f4b0c7495f06a77a2c976\"},\"headline\":\"Adelantan audiencia de sentencia de &#8216;El Mayo&#8217; Zambada en EU: \u00bfCu\u00e1ndo ser\u00e1?\",\"datePublished\":\"2025-12-02T13:57:42+00:00\",\"dateModified\":\"2025-12-02T13:57:48+00:00\",\"mainEntityOfPage\":{\"@id\":\"https:\\\/\\\/fuentesfidedignas.com.mx\\\/index.php\\\/2025\\\/12\\\/02\\\/adelantan-audiencia-de-sentencia-de-el-mayo-zambada-en-eu-cuando-sera\\\/\"},\"wordCount\":944,\"commentCount\":0,\"publisher\":{\"@id\":\"https:\\\/\\\/fuentesfidedignas.com.mx\\\/#organization\"},\"image\":{\"@id\":\"https:\\\/\\\/fuentesfidedignas.com.mx\\\/index.php\\\/2025\\\/12\\\/02\\\/adelantan-audiencia-de-sentencia-de-el-mayo-zambada-en-eu-cuando-sera\\\/#primaryimage\"},\"thumbnailUrl\":\"https:\\\/\\\/fuentesfidedignas.com.mx\\\/wp-content\\\/uploads\\\/2025\\\/02\\\/mayo_zambada.jpg\",\"articleSection\":[\"NOTICIAS NACIONALES\"],\"inLanguage\":\"es\",\"potentialAction\":[{\"@type\":\"CommentAction\",\"name\":\"Comment\",\"target\":[\"https:\\\/\\\/fuentesfidedignas.com.mx\\\/index.php\\\/2025\\\/12\\\/02\\\/adelantan-audiencia-de-sentencia-de-el-mayo-zambada-en-eu-cuando-sera\\\/#respond\"]}]},{\"@type\":\"WebPage\",\"@id\":\"https:\\\/\\\/fuentesfidedignas.com.mx\\\/index.php\\\/2025\\\/12\\\/02\\\/adelantan-audiencia-de-sentencia-de-el-mayo-zambada-en-eu-cuando-sera\\\/\",\"url\":\"https:\\\/\\\/fuentesfidedignas.com.mx\\\/index.php\\\/2025\\\/12\\\/02\\\/adelantan-audiencia-de-sentencia-de-el-mayo-zambada-en-eu-cuando-sera\\\/\",\"name\":\"Adelantan audiencia de sentencia de 'El Mayo' Zambada en EU: \u00bfCu\u00e1ndo ser\u00e1? - Fuentes Fidedignas\",\"isPartOf\":{\"@id\":\"https:\\\/\\\/fuentesfidedignas.com.mx\\\/#website\"},\"primaryImageOfPage\":{\"@id\":\"https:\\\/\\\/fuentesfidedignas.com.mx\\\/index.php\\\/2025\\\/12\\\/02\\\/adelantan-audiencia-de-sentencia-de-el-mayo-zambada-en-eu-cuando-sera\\\/#primaryimage\"},\"image\":{\"@id\":\"https:\\\/\\\/fuentesfidedignas.com.mx\\\/index.php\\\/2025\\\/12\\\/02\\\/adelantan-audiencia-de-sentencia-de-el-mayo-zambada-en-eu-cuando-sera\\\/#primaryimage\"},\"thumbnailUrl\":\"https:\\\/\\\/fuentesfidedignas.com.mx\\\/wp-content\\\/uploads\\\/2025\\\/02\\\/mayo_zambada.jpg\",\"datePublished\":\"2025-12-02T13:57:42+00:00\",\"dateModified\":\"2025-12-02T13:57:48+00:00\",\"breadcrumb\":{\"@id\":\"https:\\\/\\\/fuentesfidedignas.com.mx\\\/index.php\\\/2025\\\/12\\\/02\\\/adelantan-audiencia-de-sentencia-de-el-mayo-zambada-en-eu-cuando-sera\\\/#breadcrumb\"},\"inLanguage\":\"es\",\"potentialAction\":[{\"@type\":\"ReadAction\",\"target\":[\"https:\\\/\\\/fuentesfidedignas.com.mx\\\/index.php\\\/2025\\\/12\\\/02\\\/adelantan-audiencia-de-sentencia-de-el-mayo-zambada-en-eu-cuando-sera\\\/\"]}]},{\"@type\":\"ImageObject\",\"inLanguage\":\"es\",\"@id\":\"https:\\\/\\\/fuentesfidedignas.com.mx\\\/index.php\\\/2025\\\/12\\\/02\\\/adelantan-audiencia-de-sentencia-de-el-mayo-zambada-en-eu-cuando-sera\\\/#primaryimage\",\"url\":\"https:\\\/\\\/fuentesfidedignas.com.mx\\\/wp-content\\\/uploads\\\/2025\\\/02\\\/mayo_zambada.jpg\",\"contentUrl\":\"https:\\\/\\\/fuentesfidedignas.com.mx\\\/wp-content\\\/uploads\\\/2025\\\/02\\\/mayo_zambada.jpg\",\"width\":600,\"height\":335},{\"@type\":\"BreadcrumbList\",\"@id\":\"https:\\\/\\\/fuentesfidedignas.com.mx\\\/index.php\\\/2025\\\/12\\\/02\\\/adelantan-audiencia-de-sentencia-de-el-mayo-zambada-en-eu-cuando-sera\\\/#breadcrumb\",\"itemListElement\":[{\"@type\":\"ListItem\",\"position\":1,\"name\":\"Inicio\",\"item\":\"https:\\\/\\\/fuentesfidedignas.com.mx\\\/\"},{\"@type\":\"ListItem\",\"position\":2,\"name\":\"Adelantan audiencia de sentencia de &#8216;El Mayo&#8217; Zambada en EU: \u00bfCu\u00e1ndo ser\u00e1?\"}]},{\"@type\":\"WebSite\",\"@id\":\"https:\\\/\\\/fuentesfidedignas.com.mx\\\/#website\",\"url\":\"https:\\\/\\\/fuentesfidedignas.com.mx\\\/\",\"name\":\"Fuentes Fidedignas\",\"description\":\"Otro sitio realizado con WordPress\",\"publisher\":{\"@id\":\"https:\\\/\\\/fuentesfidedignas.com.mx\\\/#organization\"},\"potentialAction\":[{\"@type\":\"SearchAction\",\"target\":{\"@type\":\"EntryPoint\",\"urlTemplate\":\"https:\\\/\\\/fuentesfidedignas.com.mx\\\/?s={search_term_string}\"},\"query-input\":{\"@type\":\"PropertyValueSpecification\",\"valueRequired\":true,\"valueName\":\"search_term_string\"}}],\"inLanguage\":\"es\"},{\"@type\":\"Organization\",\"@id\":\"https:\\\/\\\/fuentesfidedignas.com.mx\\\/#organization\",\"name\":\"Fuentes Fidedignas\",\"url\":\"https:\\\/\\\/fuentesfidedignas.com.mx\\\/\",\"logo\":{\"@type\":\"ImageObject\",\"inLanguage\":\"es\",\"@id\":\"https:\\\/\\\/fuentesfidedignas.com.mx\\\/#\\\/schema\\\/logo\\\/image\\\/\",\"url\":\"https:\\\/\\\/fuentesfidedignas.com.mx\\\/wp-content\\\/uploads\\\/2021\\\/04\\\/logo-retina.png\",\"contentUrl\":\"https:\\\/\\\/fuentesfidedignas.com.mx\\\/wp-content\\\/uploads\\\/2021\\\/04\\\/logo-retina.png\",\"width\":280,\"height\":51,\"caption\":\"Fuentes Fidedignas\"},\"image\":{\"@id\":\"https:\\\/\\\/fuentesfidedignas.com.mx\\\/#\\\/schema\\\/logo\\\/image\\\/\"},\"sameAs\":[\"https:\\\/\\\/www.facebook.com\\\/Fuentes-Fidedignas-368234489921644\",\"https:\\\/\\\/x.com\\\/fidedignas\"]},{\"@type\":\"Person\",\"@id\":\"https:\\\/\\\/fuentesfidedignas.com.mx\\\/#\\\/schema\\\/person\\\/47ec0135738f4b0c7495f06a77a2c976\",\"name\":\"Milenio\",\"image\":{\"@type\":\"ImageObject\",\"inLanguage\":\"es\",\"@id\":\"https:\\\/\\\/secure.gravatar.com\\\/avatar\\\/acabf7b54753e51c2c76457954577c236b3b764789b19879565769739d1e4a75?s=96&d=mm&r=g\",\"url\":\"https:\\\/\\\/secure.gravatar.com\\\/avatar\\\/acabf7b54753e51c2c76457954577c236b3b764789b19879565769739d1e4a75?s=96&d=mm&r=g\",\"contentUrl\":\"https:\\\/\\\/secure.gravatar.com\\\/avatar\\\/acabf7b54753e51c2c76457954577c236b3b764789b19879565769739d1e4a75?s=96&d=mm&r=g\",\"caption\":\"Milenio\"},\"url\":\"https:\\\/\\\/fuentesfidedignas.com.mx\\\/index.php\\\/author\\\/milenio\\\/\"}]}<\/script>\n<!-- \/ Yoast SEO plugin. -->","yoast_head_json":{"title":"Adelantan audiencia de sentencia de 'El Mayo' Zambada en EU: \u00bfCu\u00e1ndo ser\u00e1? - Fuentes Fidedignas","robots":{"index":"index","follow":"follow","max-snippet":"max-snippet:-1","max-image-preview":"max-image-preview:large","max-video-preview":"max-video-preview:-1"},"canonical":"https:\/\/fuentesfidedignas.com.mx\/index.php\/2025\/12\/02\/adelantan-audiencia-de-sentencia-de-el-mayo-zambada-en-eu-cuando-sera\/","og_locale":"es_MX","og_type":"article","og_title":"Adelantan audiencia de sentencia de 'El Mayo' Zambada en EU: \u00bfCu\u00e1ndo ser\u00e1? - Fuentes Fidedignas","og_description":"El anuncio se da un par de horas despu\u00e9s de que la Fiscal\u00eda de Estados Unidos revelara detalles del secuestro del narcotraficante mexicano. La audiencia de sentencia con Ismael El Mayo Zambada, cofundador del C\u00e1rtel de Sinaloa, ser\u00e1 reprogramada un d\u00eda antes de lo previsto, es decir, para el 12 de enero del 2026.&nbsp;&nbsp; Esto [&hellip;]","og_url":"https:\/\/fuentesfidedignas.com.mx\/index.php\/2025\/12\/02\/adelantan-audiencia-de-sentencia-de-el-mayo-zambada-en-eu-cuando-sera\/","og_site_name":"Fuentes Fidedignas","article_publisher":"https:\/\/www.facebook.com\/Fuentes-Fidedignas-368234489921644","article_published_time":"2025-12-02T13:57:42+00:00","article_modified_time":"2025-12-02T13:57:48+00:00","og_image":[{"width":600,"height":335,"url":"https:\/\/fuentesfidedignas.com.mx\/wp-content\/uploads\/2025\/02\/mayo_zambada.jpg","type":"image\/jpeg"}],"author":"Milenio","twitter_card":"summary_large_image","twitter_creator":"@fidedignas","twitter_site":"@fidedignas","twitter_misc":{"Escrito por":"Milenio","Tiempo de lectura":"5 minutos"},"schema":{"@context":"https:\/\/schema.org","@graph":[{"@type":"Article","@id":"https:\/\/fuentesfidedignas.com.mx\/index.php\/2025\/12\/02\/adelantan-audiencia-de-sentencia-de-el-mayo-zambada-en-eu-cuando-sera\/#article","isPartOf":{"@id":"https:\/\/fuentesfidedignas.com.mx\/index.php\/2025\/12\/02\/adelantan-audiencia-de-sentencia-de-el-mayo-zambada-en-eu-cuando-sera\/"},"author":{"name":"Milenio","@id":"https:\/\/fuentesfidedignas.com.mx\/#\/schema\/person\/47ec0135738f4b0c7495f06a77a2c976"},"headline":"Adelantan audiencia de sentencia de &#8216;El Mayo&#8217; Zambada en EU: \u00bfCu\u00e1ndo ser\u00e1?","datePublished":"2025-12-02T13:57:42+00:00","dateModified":"2025-12-02T13:57:48+00:00","mainEntityOfPage":{"@id":"https:\/\/fuentesfidedignas.com.mx\/index.php\/2025\/12\/02\/adelantan-audiencia-de-sentencia-de-el-mayo-zambada-en-eu-cuando-sera\/"},"wordCount":944,"commentCount":0,"publisher":{"@id":"https:\/\/fuentesfidedignas.com.mx\/#organization"},"image":{"@id":"https:\/\/fuentesfidedignas.com.mx\/index.php\/2025\/12\/02\/adelantan-audiencia-de-sentencia-de-el-mayo-zambada-en-eu-cuando-sera\/#primaryimage"},"thumbnailUrl":"https:\/\/fuentesfidedignas.com.mx\/wp-content\/uploads\/2025\/02\/mayo_zambada.jpg","articleSection":["NOTICIAS NACIONALES"],"inLanguage":"es","potentialAction":[{"@type":"CommentAction","name":"Comment","target":["https:\/\/fuentesfidedignas.com.mx\/index.php\/2025\/12\/02\/adelantan-audiencia-de-sentencia-de-el-mayo-zambada-en-eu-cuando-sera\/#respond"]}]},{"@type":"WebPage","@id":"https:\/\/fuentesfidedignas.com.mx\/index.php\/2025\/12\/02\/adelantan-audiencia-de-sentencia-de-el-mayo-zambada-en-eu-cuando-sera\/","url":"https:\/\/fuentesfidedignas.com.mx\/index.php\/2025\/12\/02\/adelantan-audiencia-de-sentencia-de-el-mayo-zambada-en-eu-cuando-sera\/","name":"Adelantan audiencia de sentencia de 'El Mayo' Zambada en EU: \u00bfCu\u00e1ndo ser\u00e1? - Fuentes Fidedignas","isPartOf":{"@id":"https:\/\/fuentesfidedignas.com.mx\/#website"},"primaryImageOfPage":{"@id":"https:\/\/fuentesfidedignas.com.mx\/index.php\/2025\/12\/02\/adelantan-audiencia-de-sentencia-de-el-mayo-zambada-en-eu-cuando-sera\/#primaryimage"},"image":{"@id":"https:\/\/fuentesfidedignas.com.mx\/index.php\/2025\/12\/02\/adelantan-audiencia-de-sentencia-de-el-mayo-zambada-en-eu-cuando-sera\/#primaryimage"},"thumbnailUrl":"https:\/\/fuentesfidedignas.com.mx\/wp-content\/uploads\/2025\/02\/mayo_zambada.jpg","datePublished":"2025-12-02T13:57:42+00:00","dateModified":"2025-12-02T13:57:48+00:00","breadcrumb":{"@id":"https:\/\/fuentesfidedignas.com.mx\/index.php\/2025\/12\/02\/adelantan-audiencia-de-sentencia-de-el-mayo-zambada-en-eu-cuando-sera\/#breadcrumb"},"inLanguage":"es","potentialAction":[{"@type":"ReadAction","target":["https:\/\/fuentesfidedignas.com.mx\/index.php\/2025\/12\/02\/adelantan-audiencia-de-sentencia-de-el-mayo-zambada-en-eu-cuando-sera\/"]}]},{"@type":"ImageObject","inLanguage":"es","@id":"https:\/\/fuentesfidedignas.com.mx\/index.php\/2025\/12\/02\/adelantan-audiencia-de-sentencia-de-el-mayo-zambada-en-eu-cuando-sera\/#primaryimage","url":"https:\/\/fuentesfidedignas.com.mx\/wp-content\/uploads\/2025\/02\/mayo_zambada.jpg","contentUrl":"https:\/\/fuentesfidedignas.com.mx\/wp-content\/uploads\/2025\/02\/mayo_zambada.jpg","width":600,"height":335},{"@type":"BreadcrumbList","@id":"https:\/\/fuentesfidedignas.com.mx\/index.php\/2025\/12\/02\/adelantan-audiencia-de-sentencia-de-el-mayo-zambada-en-eu-cuando-sera\/#breadcrumb","itemListElement":[{"@type":"ListItem","position":1,"name":"Inicio","item":"https:\/\/fuentesfidedignas.com.mx\/"},{"@type":"ListItem","position":2,"name":"Adelantan audiencia de sentencia de &#8216;El Mayo&#8217; Zambada en EU: \u00bfCu\u00e1ndo ser\u00e1?"}]},{"@type":"WebSite","@id":"https:\/\/fuentesfidedignas.com.mx\/#website","url":"https:\/\/fuentesfidedignas.com.mx\/","name":"Fuentes Fidedignas","description":"Otro sitio realizado con WordPress","publisher":{"@id":"https:\/\/fuentesfidedignas.com.mx\/#organization"},"potentialAction":[{"@type":"SearchAction","target":{"@type":"EntryPoint","urlTemplate":"https:\/\/fuentesfidedignas.com.mx\/?s={search_term_string}"},"query-input":{"@type":"PropertyValueSpecification","valueRequired":true,"valueName":"search_term_string"}}],"inLanguage":"es"},{"@type":"Organization","@id":"https:\/\/fuentesfidedignas.com.mx\/#organization","name":"Fuentes Fidedignas","url":"https:\/\/fuentesfidedignas.com.mx\/","logo":{"@type":"ImageObject","inLanguage":"es","@id":"https:\/\/fuentesfidedignas.com.mx\/#\/schema\/logo\/image\/","url":"https:\/\/fuentesfidedignas.com.mx\/wp-content\/uploads\/2021\/04\/logo-retina.png","contentUrl":"https:\/\/fuentesfidedignas.com.mx\/wp-content\/uploads\/2021\/04\/logo-retina.png","width":280,"height":51,"caption":"Fuentes Fidedignas"},"image":{"@id":"https:\/\/fuentesfidedignas.com.mx\/#\/schema\/logo\/image\/"},"sameAs":["https:\/\/www.facebook.com\/Fuentes-Fidedignas-368234489921644","https:\/\/x.com\/fidedignas"]},{"@type":"Person","@id":"https:\/\/fuentesfidedignas.com.mx\/#\/schema\/person\/47ec0135738f4b0c7495f06a77a2c976","name":"Milenio","image":{"@type":"ImageObject","inLanguage":"es","@id":"https:\/\/secure.gravatar.com\/avatar\/acabf7b54753e51c2c76457954577c236b3b764789b19879565769739d1e4a75?s=96&d=mm&r=g","url":"https:\/\/secure.gravatar.com\/avatar\/acabf7b54753e51c2c76457954577c236b3b764789b19879565769739d1e4a75?s=96&d=mm&r=g","contentUrl":"https:\/\/secure.gravatar.com\/avatar\/acabf7b54753e51c2c76457954577c236b3b764789b19879565769739d1e4a75?s=96&d=mm&r=g","caption":"Milenio"},"url":"https:\/\/fuentesfidedignas.com.mx\/index.php\/author\/milenio\/"}]}},"_links":{"self":[{"href":"https:\/\/fuentesfidedignas.com.mx\/index.php\/wp-json\/wp\/v2\/posts\/122847","targetHints":{"allow":["GET"]}}],"collection":[{"href":"https:\/\/fuentesfidedignas.com.mx\/index.php\/wp-json\/wp\/v2\/posts"}],"about":[{"href":"https:\/\/fuentesfidedignas.com.mx\/index.php\/wp-json\/wp\/v2\/types\/post"}],"author":[{"embeddable":true,"href":"https:\/\/fuentesfidedignas.com.mx\/index.php\/wp-json\/wp\/v2\/users\/9"}],"replies":[{"embeddable":true,"href":"https:\/\/fuentesfidedignas.com.mx\/index.php\/wp-json\/wp\/v2\/comments?post=122847"}],"version-history":[{"count":1,"href":"https:\/\/fuentesfidedignas.com.mx\/index.php\/wp-json\/wp\/v2\/posts\/122847\/revisions"}],"predecessor-version":[{"id":122848,"href":"https:\/\/fuentesfidedignas.com.mx\/index.php\/wp-json\/wp\/v2\/posts\/122847\/revisions\/122848"}],"wp:featuredmedia":[{"embeddable":true,"href":"https:\/\/fuentesfidedignas.com.mx\/index.php\/wp-json\/wp\/v2\/media\/102268"}],"wp:attachment":[{"href":"https:\/\/fuentesfidedignas.com.mx\/index.php\/wp-json\/wp\/v2\/media?parent=122847"}],"wp:term":[{"taxonomy":"category","embeddable":true,"href":"https:\/\/fuentesfidedignas.com.mx\/index.php\/wp-json\/wp\/v2\/categories?post=122847"},{"taxonomy":"post_tag","embeddable":true,"href":"https:\/\/fuentesfidedignas.com.mx\/index.php\/wp-json\/wp\/v2\/tags?post=122847"}],"curies":[{"name":"wp","href":"https:\/\/api.w.org\/{rel}","templated":true}]}}