{"id":122823,"date":"2025-12-03T04:35:00","date_gmt":"2025-12-03T11:35:00","guid":{"rendered":"https:\/\/fuentesfidedignas.com.mx\/?p=122823"},"modified":"2025-12-02T09:34:41","modified_gmt":"2025-12-02T16:34:41","slug":"adolescente-viajo-18-horas-y-trepo-un-cerro-para-narrar-la-final-de-la-copa-libertadores","status":"publish","type":"post","link":"https:\/\/fuentesfidedignas.com.mx\/index.php\/2025\/12\/03\/adolescente-viajo-18-horas-y-trepo-un-cerro-para-narrar-la-final-de-la-copa-libertadores\/","title":{"rendered":"Adolescente viaj\u00f3 18 horas y trep\u00f3 un cerro para narrar la final de la Copa Libertadores"},"content":{"rendered":"\n<p>Cliver Huam\u00e1n, m\u00e1s conocido como Pol Deportes en redes sociales, se volvi\u00f3 viral luego de que transmitiera la final de la Copa Libertadores efectuada el s\u00e1bado en Lima, adonde lleg\u00f3 tras viajar 18 horas desde su ciudad natal, Huampica. Flamengo venci\u00f3 0-1 a Palmeiras con la narraci\u00f3n del joven, de 15 a\u00f1os, desde lo alto de uno de los cerros colindantes con el Estadio Monumental.<\/p>\n\n\n\n<figure class=\"wp-block-embed is-type-rich is-provider-twitter wp-block-embed-twitter\"><div class=\"wp-block-embed__wrapper\">\n<blockquote class=\"twitter-tweet\" data-width=\"550\" data-dnt=\"true\"><p lang=\"es\" dir=\"ltr\">Con una mezcla desbordada de pasi\u00f3n y pura inventiva, Pol Deportes, un joven peruano, se trep\u00f3 a un cerro junto al Monumental y narr\u00f3 la final de la Copa Libertadores entre Palmeiras y Flamengo como si estuviera en la cabina oficial.<br><br>Viaj\u00f3 18 horas desde Andahuaylas hasta Lima\u2026 <a href=\"https:\/\/t.co\/aCGJyWDkLc\">pic.twitter.com\/aCGJyWDkLc<\/a><\/p>&mdash; Out of Context Libertadores (@OC_Libertadores) <a href=\"https:\/\/twitter.com\/OC_Libertadores\/status\/1995218245268517011?ref_src=twsrc%5Etfw\">November 30, 2025<\/a><\/blockquote><script async src=\"https:\/\/platform.twitter.com\/widgets.js\" charset=\"utf-8\"><\/script>\n<\/div><\/figure>\n","protected":false},"excerpt":{"rendered":"<p>Cliver Huam\u00e1n, m\u00e1s conocido como Pol Deportes en redes sociales, se volvi\u00f3 viral luego de que transmitiera la final de la Copa Libertadores efectuada el s\u00e1bado en Lima, adonde lleg\u00f3 tras viajar 18 horas desde su ciudad natal, Huampica. Flamengo venci\u00f3 0-1 a Palmeiras con la narraci\u00f3n del joven, de 15 a\u00f1os, desde lo alto [&hellip;]<\/p>\n","protected":false},"author":38,"featured_media":122858,"comment_status":"open","ping_status":"open","sticky":false,"template":"","format":"standard","meta":{"tdm_status":"","tdm_grid_status":"","footnotes":""},"categories":[40],"tags":[],"class_list":{"0":"post-122823","1":"post","2":"type-post","3":"status-publish","4":"format-standard","5":"has-post-thumbnail","7":"category-las-asombrosas"},"yoast_head":"<!-- This site is optimized with the Yoast SEO plugin v27.4 - https:\/\/yoast.com\/product\/yoast-seo-wordpress\/ -->\n<title>Adolescente viaj\u00f3 18 horas y trep\u00f3 un cerro para narrar la final de la Copa Libertadores - Fuentes Fidedignas<\/title>\n<meta name=\"robots\" content=\"index, follow, max-snippet:-1, max-image-preview:large, max-video-preview:-1\" \/>\n<link rel=\"canonical\" href=\"https:\/\/fuentesfidedignas.com.mx\/index.php\/2025\/12\/03\/adolescente-viajo-18-horas-y-trepo-un-cerro-para-narrar-la-final-de-la-copa-libertadores\/\" \/>\n<meta property=\"og:locale\" content=\"es_MX\" \/>\n<meta property=\"og:type\" content=\"article\" \/>\n<meta property=\"og:title\" content=\"Adolescente viaj\u00f3 18 horas y trep\u00f3 un cerro para narrar la final de la Copa Libertadores - Fuentes Fidedignas\" \/>\n<meta property=\"og:description\" content=\"Cliver Huam\u00e1n, m\u00e1s conocido como Pol Deportes en redes sociales, se volvi\u00f3 viral luego de que transmitiera la final de la Copa Libertadores efectuada el s\u00e1bado en Lima, adonde lleg\u00f3 tras viajar 18 horas desde su ciudad natal, Huampica. Flamengo venci\u00f3 0-1 a Palmeiras con la narraci\u00f3n del joven, de 15 a\u00f1os, desde lo alto [&hellip;]\" \/>\n<meta property=\"og:url\" content=\"https:\/\/fuentesfidedignas.com.mx\/index.php\/2025\/12\/03\/adolescente-viajo-18-horas-y-trepo-un-cerro-para-narrar-la-final-de-la-copa-libertadores\/\" \/>\n<meta property=\"og:site_name\" content=\"Fuentes Fidedignas\" \/>\n<meta property=\"article:publisher\" content=\"https:\/\/www.facebook.com\/Fuentes-Fidedignas-368234489921644\" \/>\n<meta property=\"article:published_time\" content=\"2025-12-03T11:35:00+00:00\" \/>\n<meta property=\"og:image\" content=\"https:\/\/fuentesfidedignas.com.mx\/wp-content\/uploads\/2025\/12\/Captura-de-pantalla-58.jpg\" \/>\n\t<meta property=\"og:image:width\" content=\"957\" \/>\n\t<meta property=\"og:image:height\" content=\"511\" \/>\n\t<meta property=\"og:image:type\" content=\"image\/jpeg\" \/>\n<meta name=\"author\" content=\"Actualidad RT\" \/>\n<meta name=\"twitter:card\" content=\"summary_large_image\" \/>\n<meta name=\"twitter:creator\" content=\"@fidedignas\" \/>\n<meta name=\"twitter:site\" content=\"@fidedignas\" \/>\n<meta name=\"twitter:label1\" content=\"Escrito por\" \/>\n\t<meta name=\"twitter:data1\" content=\"Actualidad RT\" \/>\n\t<meta name=\"twitter:label2\" content=\"Tiempo de lectura\" \/>\n\t<meta name=\"twitter:data2\" content=\"1 minuto\" \/>\n<script type=\"application\/ld+json\" class=\"yoast-schema-graph\">{\"@context\":\"https:\\\/\\\/schema.org\",\"@graph\":[{\"@type\":\"Article\",\"@id\":\"https:\\\/\\\/fuentesfidedignas.com.mx\\\/index.php\\\/2025\\\/12\\\/03\\\/adolescente-viajo-18-horas-y-trepo-un-cerro-para-narrar-la-final-de-la-copa-libertadores\\\/#article\",\"isPartOf\":{\"@id\":\"https:\\\/\\\/fuentesfidedignas.com.mx\\\/index.php\\\/2025\\\/12\\\/03\\\/adolescente-viajo-18-horas-y-trepo-un-cerro-para-narrar-la-final-de-la-copa-libertadores\\\/\"},\"author\":{\"name\":\"Actualidad RT\",\"@id\":\"https:\\\/\\\/fuentesfidedignas.com.mx\\\/#\\\/schema\\\/person\\\/eade03a5d4a96f9b557ac266e3d63718\"},\"headline\":\"Adolescente viaj\u00f3 18 horas y trep\u00f3 un cerro para narrar la final de la Copa Libertadores\",\"datePublished\":\"2025-12-03T11:35:00+00:00\",\"mainEntityOfPage\":{\"@id\":\"https:\\\/\\\/fuentesfidedignas.com.mx\\\/index.php\\\/2025\\\/12\\\/03\\\/adolescente-viajo-18-horas-y-trepo-un-cerro-para-narrar-la-final-de-la-copa-libertadores\\\/\"},\"wordCount\":124,\"commentCount\":0,\"publisher\":{\"@id\":\"https:\\\/\\\/fuentesfidedignas.com.mx\\\/#organization\"},\"image\":{\"@id\":\"https:\\\/\\\/fuentesfidedignas.com.mx\\\/index.php\\\/2025\\\/12\\\/03\\\/adolescente-viajo-18-horas-y-trepo-un-cerro-para-narrar-la-final-de-la-copa-libertadores\\\/#primaryimage\"},\"thumbnailUrl\":\"https:\\\/\\\/fuentesfidedignas.com.mx\\\/wp-content\\\/uploads\\\/2025\\\/12\\\/Captura-de-pantalla-58.jpg\",\"articleSection\":[\"LAS ASOMBROSAS\"],\"inLanguage\":\"es\",\"potentialAction\":[{\"@type\":\"CommentAction\",\"name\":\"Comment\",\"target\":[\"https:\\\/\\\/fuentesfidedignas.com.mx\\\/index.php\\\/2025\\\/12\\\/03\\\/adolescente-viajo-18-horas-y-trepo-un-cerro-para-narrar-la-final-de-la-copa-libertadores\\\/#respond\"]}]},{\"@type\":\"WebPage\",\"@id\":\"https:\\\/\\\/fuentesfidedignas.com.mx\\\/index.php\\\/2025\\\/12\\\/03\\\/adolescente-viajo-18-horas-y-trepo-un-cerro-para-narrar-la-final-de-la-copa-libertadores\\\/\",\"url\":\"https:\\\/\\\/fuentesfidedignas.com.mx\\\/index.php\\\/2025\\\/12\\\/03\\\/adolescente-viajo-18-horas-y-trepo-un-cerro-para-narrar-la-final-de-la-copa-libertadores\\\/\",\"name\":\"Adolescente viaj\u00f3 18 horas y trep\u00f3 un cerro para narrar la final de la Copa Libertadores - Fuentes Fidedignas\",\"isPartOf\":{\"@id\":\"https:\\\/\\\/fuentesfidedignas.com.mx\\\/#website\"},\"primaryImageOfPage\":{\"@id\":\"https:\\\/\\\/fuentesfidedignas.com.mx\\\/index.php\\\/2025\\\/12\\\/03\\\/adolescente-viajo-18-horas-y-trepo-un-cerro-para-narrar-la-final-de-la-copa-libertadores\\\/#primaryimage\"},\"image\":{\"@id\":\"https:\\\/\\\/fuentesfidedignas.com.mx\\\/index.php\\\/2025\\\/12\\\/03\\\/adolescente-viajo-18-horas-y-trepo-un-cerro-para-narrar-la-final-de-la-copa-libertadores\\\/#primaryimage\"},\"thumbnailUrl\":\"https:\\\/\\\/fuentesfidedignas.com.mx\\\/wp-content\\\/uploads\\\/2025\\\/12\\\/Captura-de-pantalla-58.jpg\",\"datePublished\":\"2025-12-03T11:35:00+00:00\",\"breadcrumb\":{\"@id\":\"https:\\\/\\\/fuentesfidedignas.com.mx\\\/index.php\\\/2025\\\/12\\\/03\\\/adolescente-viajo-18-horas-y-trepo-un-cerro-para-narrar-la-final-de-la-copa-libertadores\\\/#breadcrumb\"},\"inLanguage\":\"es\",\"potentialAction\":[{\"@type\":\"ReadAction\",\"target\":[\"https:\\\/\\\/fuentesfidedignas.com.mx\\\/index.php\\\/2025\\\/12\\\/03\\\/adolescente-viajo-18-horas-y-trepo-un-cerro-para-narrar-la-final-de-la-copa-libertadores\\\/\"]}]},{\"@type\":\"ImageObject\",\"inLanguage\":\"es\",\"@id\":\"https:\\\/\\\/fuentesfidedignas.com.mx\\\/index.php\\\/2025\\\/12\\\/03\\\/adolescente-viajo-18-horas-y-trepo-un-cerro-para-narrar-la-final-de-la-copa-libertadores\\\/#primaryimage\",\"url\":\"https:\\\/\\\/fuentesfidedignas.com.mx\\\/wp-content\\\/uploads\\\/2025\\\/12\\\/Captura-de-pantalla-58.jpg\",\"contentUrl\":\"https:\\\/\\\/fuentesfidedignas.com.mx\\\/wp-content\\\/uploads\\\/2025\\\/12\\\/Captura-de-pantalla-58.jpg\",\"width\":957,\"height\":511},{\"@type\":\"BreadcrumbList\",\"@id\":\"https:\\\/\\\/fuentesfidedignas.com.mx\\\/index.php\\\/2025\\\/12\\\/03\\\/adolescente-viajo-18-horas-y-trepo-un-cerro-para-narrar-la-final-de-la-copa-libertadores\\\/#breadcrumb\",\"itemListElement\":[{\"@type\":\"ListItem\",\"position\":1,\"name\":\"Inicio\",\"item\":\"https:\\\/\\\/fuentesfidedignas.com.mx\\\/\"},{\"@type\":\"ListItem\",\"position\":2,\"name\":\"Adolescente viaj\u00f3 18 horas y trep\u00f3 un cerro para narrar la final de la Copa Libertadores\"}]},{\"@type\":\"WebSite\",\"@id\":\"https:\\\/\\\/fuentesfidedignas.com.mx\\\/#website\",\"url\":\"https:\\\/\\\/fuentesfidedignas.com.mx\\\/\",\"name\":\"Fuentes Fidedignas\",\"description\":\"Otro sitio realizado con WordPress\",\"publisher\":{\"@id\":\"https:\\\/\\\/fuentesfidedignas.com.mx\\\/#organization\"},\"potentialAction\":[{\"@type\":\"SearchAction\",\"target\":{\"@type\":\"EntryPoint\",\"urlTemplate\":\"https:\\\/\\\/fuentesfidedignas.com.mx\\\/?s={search_term_string}\"},\"query-input\":{\"@type\":\"PropertyValueSpecification\",\"valueRequired\":true,\"valueName\":\"search_term_string\"}}],\"inLanguage\":\"es\"},{\"@type\":\"Organization\",\"@id\":\"https:\\\/\\\/fuentesfidedignas.com.mx\\\/#organization\",\"name\":\"Fuentes Fidedignas\",\"url\":\"https:\\\/\\\/fuentesfidedignas.com.mx\\\/\",\"logo\":{\"@type\":\"ImageObject\",\"inLanguage\":\"es\",\"@id\":\"https:\\\/\\\/fuentesfidedignas.com.mx\\\/#\\\/schema\\\/logo\\\/image\\\/\",\"url\":\"https:\\\/\\\/fuentesfidedignas.com.mx\\\/wp-content\\\/uploads\\\/2021\\\/04\\\/logo-retina.png\",\"contentUrl\":\"https:\\\/\\\/fuentesfidedignas.com.mx\\\/wp-content\\\/uploads\\\/2021\\\/04\\\/logo-retina.png\",\"width\":280,\"height\":51,\"caption\":\"Fuentes Fidedignas\"},\"image\":{\"@id\":\"https:\\\/\\\/fuentesfidedignas.com.mx\\\/#\\\/schema\\\/logo\\\/image\\\/\"},\"sameAs\":[\"https:\\\/\\\/www.facebook.com\\\/Fuentes-Fidedignas-368234489921644\",\"https:\\\/\\\/x.com\\\/fidedignas\"]},{\"@type\":\"Person\",\"@id\":\"https:\\\/\\\/fuentesfidedignas.com.mx\\\/#\\\/schema\\\/person\\\/eade03a5d4a96f9b557ac266e3d63718\",\"name\":\"Actualidad RT\",\"image\":{\"@type\":\"ImageObject\",\"inLanguage\":\"es\",\"@id\":\"https:\\\/\\\/secure.gravatar.com\\\/avatar\\\/443e88260a6a7111cf83d7014ab1894f91a4053ffd4e9da37d79effad3a35c81?s=96&d=mm&r=g\",\"url\":\"https:\\\/\\\/secure.gravatar.com\\\/avatar\\\/443e88260a6a7111cf83d7014ab1894f91a4053ffd4e9da37d79effad3a35c81?s=96&d=mm&r=g\",\"contentUrl\":\"https:\\\/\\\/secure.gravatar.com\\\/avatar\\\/443e88260a6a7111cf83d7014ab1894f91a4053ffd4e9da37d79effad3a35c81?s=96&d=mm&r=g\",\"caption\":\"Actualidad RT\"},\"url\":\"https:\\\/\\\/fuentesfidedignas.com.mx\\\/index.php\\\/author\\\/actualidad\\\/\"}]}<\/script>\n<!-- \/ Yoast SEO plugin. -->","yoast_head_json":{"title":"Adolescente viaj\u00f3 18 horas y trep\u00f3 un cerro para narrar la final de la Copa Libertadores - Fuentes Fidedignas","robots":{"index":"index","follow":"follow","max-snippet":"max-snippet:-1","max-image-preview":"max-image-preview:large","max-video-preview":"max-video-preview:-1"},"canonical":"https:\/\/fuentesfidedignas.com.mx\/index.php\/2025\/12\/03\/adolescente-viajo-18-horas-y-trepo-un-cerro-para-narrar-la-final-de-la-copa-libertadores\/","og_locale":"es_MX","og_type":"article","og_title":"Adolescente viaj\u00f3 18 horas y trep\u00f3 un cerro para narrar la final de la Copa Libertadores - Fuentes Fidedignas","og_description":"Cliver Huam\u00e1n, m\u00e1s conocido como Pol Deportes en redes sociales, se volvi\u00f3 viral luego de que transmitiera la final de la Copa Libertadores efectuada el s\u00e1bado en Lima, adonde lleg\u00f3 tras viajar 18 horas desde su ciudad natal, Huampica. Flamengo venci\u00f3 0-1 a Palmeiras con la narraci\u00f3n del joven, de 15 a\u00f1os, desde lo alto [&hellip;]","og_url":"https:\/\/fuentesfidedignas.com.mx\/index.php\/2025\/12\/03\/adolescente-viajo-18-horas-y-trepo-un-cerro-para-narrar-la-final-de-la-copa-libertadores\/","og_site_name":"Fuentes Fidedignas","article_publisher":"https:\/\/www.facebook.com\/Fuentes-Fidedignas-368234489921644","article_published_time":"2025-12-03T11:35:00+00:00","og_image":[{"width":957,"height":511,"url":"https:\/\/fuentesfidedignas.com.mx\/wp-content\/uploads\/2025\/12\/Captura-de-pantalla-58.jpg","type":"image\/jpeg"}],"author":"Actualidad RT","twitter_card":"summary_large_image","twitter_creator":"@fidedignas","twitter_site":"@fidedignas","twitter_misc":{"Escrito por":"Actualidad RT","Tiempo de lectura":"1 minuto"},"schema":{"@context":"https:\/\/schema.org","@graph":[{"@type":"Article","@id":"https:\/\/fuentesfidedignas.com.mx\/index.php\/2025\/12\/03\/adolescente-viajo-18-horas-y-trepo-un-cerro-para-narrar-la-final-de-la-copa-libertadores\/#article","isPartOf":{"@id":"https:\/\/fuentesfidedignas.com.mx\/index.php\/2025\/12\/03\/adolescente-viajo-18-horas-y-trepo-un-cerro-para-narrar-la-final-de-la-copa-libertadores\/"},"author":{"name":"Actualidad RT","@id":"https:\/\/fuentesfidedignas.com.mx\/#\/schema\/person\/eade03a5d4a96f9b557ac266e3d63718"},"headline":"Adolescente viaj\u00f3 18 horas y trep\u00f3 un cerro para narrar la final de la Copa Libertadores","datePublished":"2025-12-03T11:35:00+00:00","mainEntityOfPage":{"@id":"https:\/\/fuentesfidedignas.com.mx\/index.php\/2025\/12\/03\/adolescente-viajo-18-horas-y-trepo-un-cerro-para-narrar-la-final-de-la-copa-libertadores\/"},"wordCount":124,"commentCount":0,"publisher":{"@id":"https:\/\/fuentesfidedignas.com.mx\/#organization"},"image":{"@id":"https:\/\/fuentesfidedignas.com.mx\/index.php\/2025\/12\/03\/adolescente-viajo-18-horas-y-trepo-un-cerro-para-narrar-la-final-de-la-copa-libertadores\/#primaryimage"},"thumbnailUrl":"https:\/\/fuentesfidedignas.com.mx\/wp-content\/uploads\/2025\/12\/Captura-de-pantalla-58.jpg","articleSection":["LAS ASOMBROSAS"],"inLanguage":"es","potentialAction":[{"@type":"CommentAction","name":"Comment","target":["https:\/\/fuentesfidedignas.com.mx\/index.php\/2025\/12\/03\/adolescente-viajo-18-horas-y-trepo-un-cerro-para-narrar-la-final-de-la-copa-libertadores\/#respond"]}]},{"@type":"WebPage","@id":"https:\/\/fuentesfidedignas.com.mx\/index.php\/2025\/12\/03\/adolescente-viajo-18-horas-y-trepo-un-cerro-para-narrar-la-final-de-la-copa-libertadores\/","url":"https:\/\/fuentesfidedignas.com.mx\/index.php\/2025\/12\/03\/adolescente-viajo-18-horas-y-trepo-un-cerro-para-narrar-la-final-de-la-copa-libertadores\/","name":"Adolescente viaj\u00f3 18 horas y trep\u00f3 un cerro para narrar la final de la Copa Libertadores - Fuentes Fidedignas","isPartOf":{"@id":"https:\/\/fuentesfidedignas.com.mx\/#website"},"primaryImageOfPage":{"@id":"https:\/\/fuentesfidedignas.com.mx\/index.php\/2025\/12\/03\/adolescente-viajo-18-horas-y-trepo-un-cerro-para-narrar-la-final-de-la-copa-libertadores\/#primaryimage"},"image":{"@id":"https:\/\/fuentesfidedignas.com.mx\/index.php\/2025\/12\/03\/adolescente-viajo-18-horas-y-trepo-un-cerro-para-narrar-la-final-de-la-copa-libertadores\/#primaryimage"},"thumbnailUrl":"https:\/\/fuentesfidedignas.com.mx\/wp-content\/uploads\/2025\/12\/Captura-de-pantalla-58.jpg","datePublished":"2025-12-03T11:35:00+00:00","breadcrumb":{"@id":"https:\/\/fuentesfidedignas.com.mx\/index.php\/2025\/12\/03\/adolescente-viajo-18-horas-y-trepo-un-cerro-para-narrar-la-final-de-la-copa-libertadores\/#breadcrumb"},"inLanguage":"es","potentialAction":[{"@type":"ReadAction","target":["https:\/\/fuentesfidedignas.com.mx\/index.php\/2025\/12\/03\/adolescente-viajo-18-horas-y-trepo-un-cerro-para-narrar-la-final-de-la-copa-libertadores\/"]}]},{"@type":"ImageObject","inLanguage":"es","@id":"https:\/\/fuentesfidedignas.com.mx\/index.php\/2025\/12\/03\/adolescente-viajo-18-horas-y-trepo-un-cerro-para-narrar-la-final-de-la-copa-libertadores\/#primaryimage","url":"https:\/\/fuentesfidedignas.com.mx\/wp-content\/uploads\/2025\/12\/Captura-de-pantalla-58.jpg","contentUrl":"https:\/\/fuentesfidedignas.com.mx\/wp-content\/uploads\/2025\/12\/Captura-de-pantalla-58.jpg","width":957,"height":511},{"@type":"BreadcrumbList","@id":"https:\/\/fuentesfidedignas.com.mx\/index.php\/2025\/12\/03\/adolescente-viajo-18-horas-y-trepo-un-cerro-para-narrar-la-final-de-la-copa-libertadores\/#breadcrumb","itemListElement":[{"@type":"ListItem","position":1,"name":"Inicio","item":"https:\/\/fuentesfidedignas.com.mx\/"},{"@type":"ListItem","position":2,"name":"Adolescente viaj\u00f3 18 horas y trep\u00f3 un cerro para narrar la final de la Copa Libertadores"}]},{"@type":"WebSite","@id":"https:\/\/fuentesfidedignas.com.mx\/#website","url":"https:\/\/fuentesfidedignas.com.mx\/","name":"Fuentes Fidedignas","description":"Otro sitio realizado con WordPress","publisher":{"@id":"https:\/\/fuentesfidedignas.com.mx\/#organization"},"potentialAction":[{"@type":"SearchAction","target":{"@type":"EntryPoint","urlTemplate":"https:\/\/fuentesfidedignas.com.mx\/?s={search_term_string}"},"query-input":{"@type":"PropertyValueSpecification","valueRequired":true,"valueName":"search_term_string"}}],"inLanguage":"es"},{"@type":"Organization","@id":"https:\/\/fuentesfidedignas.com.mx\/#organization","name":"Fuentes Fidedignas","url":"https:\/\/fuentesfidedignas.com.mx\/","logo":{"@type":"ImageObject","inLanguage":"es","@id":"https:\/\/fuentesfidedignas.com.mx\/#\/schema\/logo\/image\/","url":"https:\/\/fuentesfidedignas.com.mx\/wp-content\/uploads\/2021\/04\/logo-retina.png","contentUrl":"https:\/\/fuentesfidedignas.com.mx\/wp-content\/uploads\/2021\/04\/logo-retina.png","width":280,"height":51,"caption":"Fuentes Fidedignas"},"image":{"@id":"https:\/\/fuentesfidedignas.com.mx\/#\/schema\/logo\/image\/"},"sameAs":["https:\/\/www.facebook.com\/Fuentes-Fidedignas-368234489921644","https:\/\/x.com\/fidedignas"]},{"@type":"Person","@id":"https:\/\/fuentesfidedignas.com.mx\/#\/schema\/person\/eade03a5d4a96f9b557ac266e3d63718","name":"Actualidad RT","image":{"@type":"ImageObject","inLanguage":"es","@id":"https:\/\/secure.gravatar.com\/avatar\/443e88260a6a7111cf83d7014ab1894f91a4053ffd4e9da37d79effad3a35c81?s=96&d=mm&r=g","url":"https:\/\/secure.gravatar.com\/avatar\/443e88260a6a7111cf83d7014ab1894f91a4053ffd4e9da37d79effad3a35c81?s=96&d=mm&r=g","contentUrl":"https:\/\/secure.gravatar.com\/avatar\/443e88260a6a7111cf83d7014ab1894f91a4053ffd4e9da37d79effad3a35c81?s=96&d=mm&r=g","caption":"Actualidad RT"},"url":"https:\/\/fuentesfidedignas.com.mx\/index.php\/author\/actualidad\/"}]}},"_links":{"self":[{"href":"https:\/\/fuentesfidedignas.com.mx\/index.php\/wp-json\/wp\/v2\/posts\/122823","targetHints":{"allow":["GET"]}}],"collection":[{"href":"https:\/\/fuentesfidedignas.com.mx\/index.php\/wp-json\/wp\/v2\/posts"}],"about":[{"href":"https:\/\/fuentesfidedignas.com.mx\/index.php\/wp-json\/wp\/v2\/types\/post"}],"author":[{"embeddable":true,"href":"https:\/\/fuentesfidedignas.com.mx\/index.php\/wp-json\/wp\/v2\/users\/38"}],"replies":[{"embeddable":true,"href":"https:\/\/fuentesfidedignas.com.mx\/index.php\/wp-json\/wp\/v2\/comments?post=122823"}],"version-history":[{"count":1,"href":"https:\/\/fuentesfidedignas.com.mx\/index.php\/wp-json\/wp\/v2\/posts\/122823\/revisions"}],"predecessor-version":[{"id":122859,"href":"https:\/\/fuentesfidedignas.com.mx\/index.php\/wp-json\/wp\/v2\/posts\/122823\/revisions\/122859"}],"wp:featuredmedia":[{"embeddable":true,"href":"https:\/\/fuentesfidedignas.com.mx\/index.php\/wp-json\/wp\/v2\/media\/122858"}],"wp:attachment":[{"href":"https:\/\/fuentesfidedignas.com.mx\/index.php\/wp-json\/wp\/v2\/media?parent=122823"}],"wp:term":[{"taxonomy":"category","embeddable":true,"href":"https:\/\/fuentesfidedignas.com.mx\/index.php\/wp-json\/wp\/v2\/categories?post=122823"},{"taxonomy":"post_tag","embeddable":true,"href":"https:\/\/fuentesfidedignas.com.mx\/index.php\/wp-json\/wp\/v2\/tags?post=122823"}],"curies":[{"name":"wp","href":"https:\/\/api.w.org\/{rel}","templated":true}]}}