{"id":122776,"date":"2025-12-01T04:39:00","date_gmt":"2025-12-01T11:39:00","guid":{"rendered":"https:\/\/fuentesfidedignas.com.mx\/?p=122776"},"modified":"2025-12-01T08:10:26","modified_gmt":"2025-12-01T15:10:26","slug":"mejor-nadota-empleados-celebran-posada-en-pasillos-de-tienda-de-autoservicio-2","status":"publish","type":"post","link":"https:\/\/fuentesfidedignas.com.mx\/index.php\/2025\/12\/01\/mejor-nadota-empleados-celebran-posada-en-pasillos-de-tienda-de-autoservicio-2\/","title":{"rendered":"\u2018Mejor nadota\u2019, empleados celebran posada en pasillos de tienda de autoservicio"},"content":{"rendered":"\n<p><strong><em>La fiesta desat\u00f3 humor, cr\u00edticas y debate en redes sobre las condiciones y el trato hacia los trabajadores durante estas celebraciones de fin de a\u00f1o.<\/em><\/strong><\/p>\n\n\n\n<p>A poco menos de un mes de que se celebren las fiestas de Navidad y A\u00f1o Nuevo, en empresas y centros de trabajo ya comenzaron las tradicionales posadas, en donde los empleados tienen la oportunidad de convivir y bailar tras un a\u00f1o de arduas labores.<\/p>\n\n\n\n<p>Y como es costumbre, no suelen faltar los tragos de m\u00e1s, las rifas de electrodom\u00e9sticos y los concursos de baile para amenizar estas celebraciones que suelen tener lugar en salones, o incluso en alg\u00fan espacio destinado dentro de la misma empresa.<\/p>\n\n\n\n<p>Sin embargo, en redes sociales se est\u00e1 haciendo viral una fiesta de fin de a\u00f1o que tuvo lugar nada menos que en una conocida tienda de autoservicio, donde movieron los estantes del \u00e1rea de salchichoner\u00eda para que los empleados pudieran bailar a gusto.<\/p>\n\n\n\n<p>El video en cuesti\u00f3n fue compartido en TikTok por @iguano.dan, quien capt\u00f3 la celebraci\u00f3n de fin de a\u00f1o en una tienda de Bodega Aurrera en Oaxaca. En el clip se observa a los empleados bailando en el lugar, mientras al fondo se ven los estantes con mercanc\u00eda e incluso los letreros que anuncian \u201cCarnes\u201d y \u201cSalchichoner\u00eda\u201d.<\/p>\n\n\n\n<p>p<\/p>\n\n\n\n<p>Como era de esperarse, las reacciones no se hicieron esperar, aunque decenas de internautas lo tomaron con humor, muchos otros, con una visi\u00f3n m\u00e1s cr\u00edtica, cuestionaron al establecimiento por no darles a los trabajadores la celebraci\u00f3n que merecen, sabiendo que este tipo de negocios generan grandes ganancias y bien pudieron pagar un lugar adecuado para la fiesta.<\/p>\n\n\n\n<p>\u201cAl menos les hacen, porque hay muchos lugares donde ni las gracias les dan y s\u00ed los negrean en la temporada\u201d, \u201cBroooo, la neta qu\u00e9 oso, yo no ir\u00eda a esa posada\u201d, \u201cQu\u00e9 fantas\u00eda estar bailando en el \u00e1rea de salchichoner\u00eda\u201d, \u201cImag\u00ednate darlo todo un a\u00f1o para que te den esto\u201d, \u201cEl jefe al final: dejen limpio que ma\u00f1ana trabajan\u201d, \u201cYa van como cuatro posadas que me salen de diferentes Aurreras\u201d, \u201cNo hab\u00eda visto tanta miseria de parte de una empresa\u201d, fueron algunos de los comentarios.<\/p>\n\n\n\n<p>Algunos incluso expresaron su molestia por esta situaci\u00f3n, especialmente porque tambi\u00e9n circula un clip de otra fiesta de fin de a\u00f1o celebrada en un estacionamiento, por ello, internautas llamaron a los empleados a no asistir a este tipo de eventos organizados \u201cal vapor\u201d, pues consideran que reflejan el nulo inter\u00e9s de las empresas por sus trabajadores.<\/p>\n\n\n\n<p>La molestia generalizada es que, siendo grandes empresas, donde M\u00e9xico, los mexicanos y sus empleados les hacen ganar millones, los empresarios no puedan organizarles m\u00ednimo un convivio en un mejor lugar, con premios y todos los elementos que suelen acompa\u00f1ar estas celebraciones.<\/p>\n\n\n\n<p>Y no, dicen los usuarios, no se trata de ser aprovechados, nada se compara con las ganancias que estas compa\u00f1\u00edas se llevan.<\/p>\n","protected":false},"excerpt":{"rendered":"<p>La fiesta desat\u00f3 humor, cr\u00edticas y debate en redes sobre las condiciones y el trato hacia los trabajadores durante estas celebraciones de fin de a\u00f1o. A poco menos de un mes de que se celebren las fiestas de Navidad y A\u00f1o Nuevo, en empresas y centros de trabajo ya comenzaron las tradicionales posadas, en donde [&hellip;]<\/p>\n","protected":false},"author":7,"featured_media":122777,"comment_status":"open","ping_status":"open","sticky":false,"template":"","format":"standard","meta":{"tdm_status":"","tdm_grid_status":"","footnotes":""},"categories":[40],"tags":[],"class_list":{"0":"post-122776","1":"post","2":"type-post","3":"status-publish","4":"format-standard","5":"has-post-thumbnail","7":"category-las-asombrosas"},"yoast_head":"<!-- This site is optimized with the Yoast SEO plugin v27.4 - https:\/\/yoast.com\/product\/yoast-seo-wordpress\/ -->\n<title>\u2018Mejor nadota\u2019, empleados celebran posada en pasillos de tienda de autoservicio - Fuentes Fidedignas<\/title>\n<meta name=\"robots\" content=\"index, follow, max-snippet:-1, max-image-preview:large, max-video-preview:-1\" \/>\n<link rel=\"canonical\" href=\"https:\/\/fuentesfidedignas.com.mx\/index.php\/2025\/12\/01\/mejor-nadota-empleados-celebran-posada-en-pasillos-de-tienda-de-autoservicio-2\/\" \/>\n<meta property=\"og:locale\" content=\"es_MX\" \/>\n<meta property=\"og:type\" content=\"article\" \/>\n<meta property=\"og:title\" content=\"\u2018Mejor nadota\u2019, empleados celebran posada en pasillos de tienda de autoservicio - Fuentes Fidedignas\" \/>\n<meta property=\"og:description\" content=\"La fiesta desat\u00f3 humor, cr\u00edticas y debate en redes sobre las condiciones y el trato hacia los trabajadores durante estas celebraciones de fin de a\u00f1o. A poco menos de un mes de que se celebren las fiestas de Navidad y A\u00f1o Nuevo, en empresas y centros de trabajo ya comenzaron las tradicionales posadas, en donde [&hellip;]\" \/>\n<meta property=\"og:url\" content=\"https:\/\/fuentesfidedignas.com.mx\/index.php\/2025\/12\/01\/mejor-nadota-empleados-celebran-posada-en-pasillos-de-tienda-de-autoservicio-2\/\" \/>\n<meta property=\"og:site_name\" content=\"Fuentes Fidedignas\" \/>\n<meta property=\"article:publisher\" content=\"https:\/\/www.facebook.com\/Fuentes-Fidedignas-368234489921644\" \/>\n<meta property=\"article:published_time\" content=\"2025-12-01T11:39:00+00:00\" \/>\n<meta property=\"article:modified_time\" content=\"2025-12-01T15:10:26+00:00\" \/>\n<meta property=\"og:image\" content=\"https:\/\/fuentesfidedignas.com.mx\/wp-content\/uploads\/2025\/12\/posada_trabajo.jpg\" \/>\n\t<meta property=\"og:image:width\" content=\"500\" \/>\n\t<meta property=\"og:image:height\" content=\"342\" \/>\n\t<meta property=\"og:image:type\" content=\"image\/jpeg\" \/>\n<meta name=\"author\" content=\"Exc\u00e9lsior\" \/>\n<meta name=\"twitter:card\" content=\"summary_large_image\" \/>\n<meta name=\"twitter:creator\" content=\"@fidedignas\" \/>\n<meta name=\"twitter:site\" content=\"@fidedignas\" \/>\n<meta name=\"twitter:label1\" content=\"Escrito por\" \/>\n\t<meta name=\"twitter:data1\" content=\"Exc\u00e9lsior\" \/>\n\t<meta name=\"twitter:label2\" content=\"Tiempo de lectura\" \/>\n\t<meta name=\"twitter:data2\" content=\"3 minutos\" \/>\n<script type=\"application\/ld+json\" class=\"yoast-schema-graph\">{\"@context\":\"https:\\\/\\\/schema.org\",\"@graph\":[{\"@type\":\"Article\",\"@id\":\"https:\\\/\\\/fuentesfidedignas.com.mx\\\/index.php\\\/2025\\\/12\\\/01\\\/mejor-nadota-empleados-celebran-posada-en-pasillos-de-tienda-de-autoservicio-2\\\/#article\",\"isPartOf\":{\"@id\":\"https:\\\/\\\/fuentesfidedignas.com.mx\\\/index.php\\\/2025\\\/12\\\/01\\\/mejor-nadota-empleados-celebran-posada-en-pasillos-de-tienda-de-autoservicio-2\\\/\"},\"author\":{\"name\":\"Exc\u00e9lsior\",\"@id\":\"https:\\\/\\\/fuentesfidedignas.com.mx\\\/#\\\/schema\\\/person\\\/ec4edd1fbf5efa3e44fce34fe2787780\"},\"headline\":\"\u2018Mejor nadota\u2019, empleados celebran posada en pasillos de tienda de autoservicio\",\"datePublished\":\"2025-12-01T11:39:00+00:00\",\"dateModified\":\"2025-12-01T15:10:26+00:00\",\"mainEntityOfPage\":{\"@id\":\"https:\\\/\\\/fuentesfidedignas.com.mx\\\/index.php\\\/2025\\\/12\\\/01\\\/mejor-nadota-empleados-celebran-posada-en-pasillos-de-tienda-de-autoservicio-2\\\/\"},\"wordCount\":519,\"commentCount\":0,\"publisher\":{\"@id\":\"https:\\\/\\\/fuentesfidedignas.com.mx\\\/#organization\"},\"image\":{\"@id\":\"https:\\\/\\\/fuentesfidedignas.com.mx\\\/index.php\\\/2025\\\/12\\\/01\\\/mejor-nadota-empleados-celebran-posada-en-pasillos-de-tienda-de-autoservicio-2\\\/#primaryimage\"},\"thumbnailUrl\":\"https:\\\/\\\/fuentesfidedignas.com.mx\\\/wp-content\\\/uploads\\\/2025\\\/12\\\/posada_trabajo.jpg\",\"articleSection\":[\"LAS ASOMBROSAS\"],\"inLanguage\":\"es\",\"potentialAction\":[{\"@type\":\"CommentAction\",\"name\":\"Comment\",\"target\":[\"https:\\\/\\\/fuentesfidedignas.com.mx\\\/index.php\\\/2025\\\/12\\\/01\\\/mejor-nadota-empleados-celebran-posada-en-pasillos-de-tienda-de-autoservicio-2\\\/#respond\"]}]},{\"@type\":\"WebPage\",\"@id\":\"https:\\\/\\\/fuentesfidedignas.com.mx\\\/index.php\\\/2025\\\/12\\\/01\\\/mejor-nadota-empleados-celebran-posada-en-pasillos-de-tienda-de-autoservicio-2\\\/\",\"url\":\"https:\\\/\\\/fuentesfidedignas.com.mx\\\/index.php\\\/2025\\\/12\\\/01\\\/mejor-nadota-empleados-celebran-posada-en-pasillos-de-tienda-de-autoservicio-2\\\/\",\"name\":\"\u2018Mejor nadota\u2019, empleados celebran posada en pasillos de tienda de autoservicio - Fuentes Fidedignas\",\"isPartOf\":{\"@id\":\"https:\\\/\\\/fuentesfidedignas.com.mx\\\/#website\"},\"primaryImageOfPage\":{\"@id\":\"https:\\\/\\\/fuentesfidedignas.com.mx\\\/index.php\\\/2025\\\/12\\\/01\\\/mejor-nadota-empleados-celebran-posada-en-pasillos-de-tienda-de-autoservicio-2\\\/#primaryimage\"},\"image\":{\"@id\":\"https:\\\/\\\/fuentesfidedignas.com.mx\\\/index.php\\\/2025\\\/12\\\/01\\\/mejor-nadota-empleados-celebran-posada-en-pasillos-de-tienda-de-autoservicio-2\\\/#primaryimage\"},\"thumbnailUrl\":\"https:\\\/\\\/fuentesfidedignas.com.mx\\\/wp-content\\\/uploads\\\/2025\\\/12\\\/posada_trabajo.jpg\",\"datePublished\":\"2025-12-01T11:39:00+00:00\",\"dateModified\":\"2025-12-01T15:10:26+00:00\",\"breadcrumb\":{\"@id\":\"https:\\\/\\\/fuentesfidedignas.com.mx\\\/index.php\\\/2025\\\/12\\\/01\\\/mejor-nadota-empleados-celebran-posada-en-pasillos-de-tienda-de-autoservicio-2\\\/#breadcrumb\"},\"inLanguage\":\"es\",\"potentialAction\":[{\"@type\":\"ReadAction\",\"target\":[\"https:\\\/\\\/fuentesfidedignas.com.mx\\\/index.php\\\/2025\\\/12\\\/01\\\/mejor-nadota-empleados-celebran-posada-en-pasillos-de-tienda-de-autoservicio-2\\\/\"]}]},{\"@type\":\"ImageObject\",\"inLanguage\":\"es\",\"@id\":\"https:\\\/\\\/fuentesfidedignas.com.mx\\\/index.php\\\/2025\\\/12\\\/01\\\/mejor-nadota-empleados-celebran-posada-en-pasillos-de-tienda-de-autoservicio-2\\\/#primaryimage\",\"url\":\"https:\\\/\\\/fuentesfidedignas.com.mx\\\/wp-content\\\/uploads\\\/2025\\\/12\\\/posada_trabajo.jpg\",\"contentUrl\":\"https:\\\/\\\/fuentesfidedignas.com.mx\\\/wp-content\\\/uploads\\\/2025\\\/12\\\/posada_trabajo.jpg\",\"width\":500,\"height\":342},{\"@type\":\"BreadcrumbList\",\"@id\":\"https:\\\/\\\/fuentesfidedignas.com.mx\\\/index.php\\\/2025\\\/12\\\/01\\\/mejor-nadota-empleados-celebran-posada-en-pasillos-de-tienda-de-autoservicio-2\\\/#breadcrumb\",\"itemListElement\":[{\"@type\":\"ListItem\",\"position\":1,\"name\":\"Inicio\",\"item\":\"https:\\\/\\\/fuentesfidedignas.com.mx\\\/\"},{\"@type\":\"ListItem\",\"position\":2,\"name\":\"\u2018Mejor nadota\u2019, empleados celebran posada en pasillos de tienda de autoservicio\"}]},{\"@type\":\"WebSite\",\"@id\":\"https:\\\/\\\/fuentesfidedignas.com.mx\\\/#website\",\"url\":\"https:\\\/\\\/fuentesfidedignas.com.mx\\\/\",\"name\":\"Fuentes Fidedignas\",\"description\":\"Otro sitio realizado con WordPress\",\"publisher\":{\"@id\":\"https:\\\/\\\/fuentesfidedignas.com.mx\\\/#organization\"},\"potentialAction\":[{\"@type\":\"SearchAction\",\"target\":{\"@type\":\"EntryPoint\",\"urlTemplate\":\"https:\\\/\\\/fuentesfidedignas.com.mx\\\/?s={search_term_string}\"},\"query-input\":{\"@type\":\"PropertyValueSpecification\",\"valueRequired\":true,\"valueName\":\"search_term_string\"}}],\"inLanguage\":\"es\"},{\"@type\":\"Organization\",\"@id\":\"https:\\\/\\\/fuentesfidedignas.com.mx\\\/#organization\",\"name\":\"Fuentes Fidedignas\",\"url\":\"https:\\\/\\\/fuentesfidedignas.com.mx\\\/\",\"logo\":{\"@type\":\"ImageObject\",\"inLanguage\":\"es\",\"@id\":\"https:\\\/\\\/fuentesfidedignas.com.mx\\\/#\\\/schema\\\/logo\\\/image\\\/\",\"url\":\"https:\\\/\\\/fuentesfidedignas.com.mx\\\/wp-content\\\/uploads\\\/2021\\\/04\\\/logo-retina.png\",\"contentUrl\":\"https:\\\/\\\/fuentesfidedignas.com.mx\\\/wp-content\\\/uploads\\\/2021\\\/04\\\/logo-retina.png\",\"width\":280,\"height\":51,\"caption\":\"Fuentes Fidedignas\"},\"image\":{\"@id\":\"https:\\\/\\\/fuentesfidedignas.com.mx\\\/#\\\/schema\\\/logo\\\/image\\\/\"},\"sameAs\":[\"https:\\\/\\\/www.facebook.com\\\/Fuentes-Fidedignas-368234489921644\",\"https:\\\/\\\/x.com\\\/fidedignas\"]},{\"@type\":\"Person\",\"@id\":\"https:\\\/\\\/fuentesfidedignas.com.mx\\\/#\\\/schema\\\/person\\\/ec4edd1fbf5efa3e44fce34fe2787780\",\"name\":\"Exc\u00e9lsior\",\"image\":{\"@type\":\"ImageObject\",\"inLanguage\":\"es\",\"@id\":\"https:\\\/\\\/secure.gravatar.com\\\/avatar\\\/4b7ee9206b48be08447852b3f0814dbc7c0f3b51541b164f1464a2725614020b?s=96&d=mm&r=g\",\"url\":\"https:\\\/\\\/secure.gravatar.com\\\/avatar\\\/4b7ee9206b48be08447852b3f0814dbc7c0f3b51541b164f1464a2725614020b?s=96&d=mm&r=g\",\"contentUrl\":\"https:\\\/\\\/secure.gravatar.com\\\/avatar\\\/4b7ee9206b48be08447852b3f0814dbc7c0f3b51541b164f1464a2725614020b?s=96&d=mm&r=g\",\"caption\":\"Exc\u00e9lsior\"},\"url\":\"https:\\\/\\\/fuentesfidedignas.com.mx\\\/index.php\\\/author\\\/excelsior\\\/\"}]}<\/script>\n<!-- \/ Yoast SEO plugin. -->","yoast_head_json":{"title":"\u2018Mejor nadota\u2019, empleados celebran posada en pasillos de tienda de autoservicio - Fuentes Fidedignas","robots":{"index":"index","follow":"follow","max-snippet":"max-snippet:-1","max-image-preview":"max-image-preview:large","max-video-preview":"max-video-preview:-1"},"canonical":"https:\/\/fuentesfidedignas.com.mx\/index.php\/2025\/12\/01\/mejor-nadota-empleados-celebran-posada-en-pasillos-de-tienda-de-autoservicio-2\/","og_locale":"es_MX","og_type":"article","og_title":"\u2018Mejor nadota\u2019, empleados celebran posada en pasillos de tienda de autoservicio - Fuentes Fidedignas","og_description":"La fiesta desat\u00f3 humor, cr\u00edticas y debate en redes sobre las condiciones y el trato hacia los trabajadores durante estas celebraciones de fin de a\u00f1o. A poco menos de un mes de que se celebren las fiestas de Navidad y A\u00f1o Nuevo, en empresas y centros de trabajo ya comenzaron las tradicionales posadas, en donde [&hellip;]","og_url":"https:\/\/fuentesfidedignas.com.mx\/index.php\/2025\/12\/01\/mejor-nadota-empleados-celebran-posada-en-pasillos-de-tienda-de-autoservicio-2\/","og_site_name":"Fuentes Fidedignas","article_publisher":"https:\/\/www.facebook.com\/Fuentes-Fidedignas-368234489921644","article_published_time":"2025-12-01T11:39:00+00:00","article_modified_time":"2025-12-01T15:10:26+00:00","og_image":[{"width":500,"height":342,"url":"https:\/\/fuentesfidedignas.com.mx\/wp-content\/uploads\/2025\/12\/posada_trabajo.jpg","type":"image\/jpeg"}],"author":"Exc\u00e9lsior","twitter_card":"summary_large_image","twitter_creator":"@fidedignas","twitter_site":"@fidedignas","twitter_misc":{"Escrito por":"Exc\u00e9lsior","Tiempo de lectura":"3 minutos"},"schema":{"@context":"https:\/\/schema.org","@graph":[{"@type":"Article","@id":"https:\/\/fuentesfidedignas.com.mx\/index.php\/2025\/12\/01\/mejor-nadota-empleados-celebran-posada-en-pasillos-de-tienda-de-autoservicio-2\/#article","isPartOf":{"@id":"https:\/\/fuentesfidedignas.com.mx\/index.php\/2025\/12\/01\/mejor-nadota-empleados-celebran-posada-en-pasillos-de-tienda-de-autoservicio-2\/"},"author":{"name":"Exc\u00e9lsior","@id":"https:\/\/fuentesfidedignas.com.mx\/#\/schema\/person\/ec4edd1fbf5efa3e44fce34fe2787780"},"headline":"\u2018Mejor nadota\u2019, empleados celebran posada en pasillos de tienda de autoservicio","datePublished":"2025-12-01T11:39:00+00:00","dateModified":"2025-12-01T15:10:26+00:00","mainEntityOfPage":{"@id":"https:\/\/fuentesfidedignas.com.mx\/index.php\/2025\/12\/01\/mejor-nadota-empleados-celebran-posada-en-pasillos-de-tienda-de-autoservicio-2\/"},"wordCount":519,"commentCount":0,"publisher":{"@id":"https:\/\/fuentesfidedignas.com.mx\/#organization"},"image":{"@id":"https:\/\/fuentesfidedignas.com.mx\/index.php\/2025\/12\/01\/mejor-nadota-empleados-celebran-posada-en-pasillos-de-tienda-de-autoservicio-2\/#primaryimage"},"thumbnailUrl":"https:\/\/fuentesfidedignas.com.mx\/wp-content\/uploads\/2025\/12\/posada_trabajo.jpg","articleSection":["LAS ASOMBROSAS"],"inLanguage":"es","potentialAction":[{"@type":"CommentAction","name":"Comment","target":["https:\/\/fuentesfidedignas.com.mx\/index.php\/2025\/12\/01\/mejor-nadota-empleados-celebran-posada-en-pasillos-de-tienda-de-autoservicio-2\/#respond"]}]},{"@type":"WebPage","@id":"https:\/\/fuentesfidedignas.com.mx\/index.php\/2025\/12\/01\/mejor-nadota-empleados-celebran-posada-en-pasillos-de-tienda-de-autoservicio-2\/","url":"https:\/\/fuentesfidedignas.com.mx\/index.php\/2025\/12\/01\/mejor-nadota-empleados-celebran-posada-en-pasillos-de-tienda-de-autoservicio-2\/","name":"\u2018Mejor nadota\u2019, empleados celebran posada en pasillos de tienda de autoservicio - Fuentes Fidedignas","isPartOf":{"@id":"https:\/\/fuentesfidedignas.com.mx\/#website"},"primaryImageOfPage":{"@id":"https:\/\/fuentesfidedignas.com.mx\/index.php\/2025\/12\/01\/mejor-nadota-empleados-celebran-posada-en-pasillos-de-tienda-de-autoservicio-2\/#primaryimage"},"image":{"@id":"https:\/\/fuentesfidedignas.com.mx\/index.php\/2025\/12\/01\/mejor-nadota-empleados-celebran-posada-en-pasillos-de-tienda-de-autoservicio-2\/#primaryimage"},"thumbnailUrl":"https:\/\/fuentesfidedignas.com.mx\/wp-content\/uploads\/2025\/12\/posada_trabajo.jpg","datePublished":"2025-12-01T11:39:00+00:00","dateModified":"2025-12-01T15:10:26+00:00","breadcrumb":{"@id":"https:\/\/fuentesfidedignas.com.mx\/index.php\/2025\/12\/01\/mejor-nadota-empleados-celebran-posada-en-pasillos-de-tienda-de-autoservicio-2\/#breadcrumb"},"inLanguage":"es","potentialAction":[{"@type":"ReadAction","target":["https:\/\/fuentesfidedignas.com.mx\/index.php\/2025\/12\/01\/mejor-nadota-empleados-celebran-posada-en-pasillos-de-tienda-de-autoservicio-2\/"]}]},{"@type":"ImageObject","inLanguage":"es","@id":"https:\/\/fuentesfidedignas.com.mx\/index.php\/2025\/12\/01\/mejor-nadota-empleados-celebran-posada-en-pasillos-de-tienda-de-autoservicio-2\/#primaryimage","url":"https:\/\/fuentesfidedignas.com.mx\/wp-content\/uploads\/2025\/12\/posada_trabajo.jpg","contentUrl":"https:\/\/fuentesfidedignas.com.mx\/wp-content\/uploads\/2025\/12\/posada_trabajo.jpg","width":500,"height":342},{"@type":"BreadcrumbList","@id":"https:\/\/fuentesfidedignas.com.mx\/index.php\/2025\/12\/01\/mejor-nadota-empleados-celebran-posada-en-pasillos-de-tienda-de-autoservicio-2\/#breadcrumb","itemListElement":[{"@type":"ListItem","position":1,"name":"Inicio","item":"https:\/\/fuentesfidedignas.com.mx\/"},{"@type":"ListItem","position":2,"name":"\u2018Mejor nadota\u2019, empleados celebran posada en pasillos de tienda de autoservicio"}]},{"@type":"WebSite","@id":"https:\/\/fuentesfidedignas.com.mx\/#website","url":"https:\/\/fuentesfidedignas.com.mx\/","name":"Fuentes Fidedignas","description":"Otro sitio realizado con WordPress","publisher":{"@id":"https:\/\/fuentesfidedignas.com.mx\/#organization"},"potentialAction":[{"@type":"SearchAction","target":{"@type":"EntryPoint","urlTemplate":"https:\/\/fuentesfidedignas.com.mx\/?s={search_term_string}"},"query-input":{"@type":"PropertyValueSpecification","valueRequired":true,"valueName":"search_term_string"}}],"inLanguage":"es"},{"@type":"Organization","@id":"https:\/\/fuentesfidedignas.com.mx\/#organization","name":"Fuentes Fidedignas","url":"https:\/\/fuentesfidedignas.com.mx\/","logo":{"@type":"ImageObject","inLanguage":"es","@id":"https:\/\/fuentesfidedignas.com.mx\/#\/schema\/logo\/image\/","url":"https:\/\/fuentesfidedignas.com.mx\/wp-content\/uploads\/2021\/04\/logo-retina.png","contentUrl":"https:\/\/fuentesfidedignas.com.mx\/wp-content\/uploads\/2021\/04\/logo-retina.png","width":280,"height":51,"caption":"Fuentes Fidedignas"},"image":{"@id":"https:\/\/fuentesfidedignas.com.mx\/#\/schema\/logo\/image\/"},"sameAs":["https:\/\/www.facebook.com\/Fuentes-Fidedignas-368234489921644","https:\/\/x.com\/fidedignas"]},{"@type":"Person","@id":"https:\/\/fuentesfidedignas.com.mx\/#\/schema\/person\/ec4edd1fbf5efa3e44fce34fe2787780","name":"Exc\u00e9lsior","image":{"@type":"ImageObject","inLanguage":"es","@id":"https:\/\/secure.gravatar.com\/avatar\/4b7ee9206b48be08447852b3f0814dbc7c0f3b51541b164f1464a2725614020b?s=96&d=mm&r=g","url":"https:\/\/secure.gravatar.com\/avatar\/4b7ee9206b48be08447852b3f0814dbc7c0f3b51541b164f1464a2725614020b?s=96&d=mm&r=g","contentUrl":"https:\/\/secure.gravatar.com\/avatar\/4b7ee9206b48be08447852b3f0814dbc7c0f3b51541b164f1464a2725614020b?s=96&d=mm&r=g","caption":"Exc\u00e9lsior"},"url":"https:\/\/fuentesfidedignas.com.mx\/index.php\/author\/excelsior\/"}]}},"_links":{"self":[{"href":"https:\/\/fuentesfidedignas.com.mx\/index.php\/wp-json\/wp\/v2\/posts\/122776","targetHints":{"allow":["GET"]}}],"collection":[{"href":"https:\/\/fuentesfidedignas.com.mx\/index.php\/wp-json\/wp\/v2\/posts"}],"about":[{"href":"https:\/\/fuentesfidedignas.com.mx\/index.php\/wp-json\/wp\/v2\/types\/post"}],"author":[{"embeddable":true,"href":"https:\/\/fuentesfidedignas.com.mx\/index.php\/wp-json\/wp\/v2\/users\/7"}],"replies":[{"embeddable":true,"href":"https:\/\/fuentesfidedignas.com.mx\/index.php\/wp-json\/wp\/v2\/comments?post=122776"}],"version-history":[{"count":1,"href":"https:\/\/fuentesfidedignas.com.mx\/index.php\/wp-json\/wp\/v2\/posts\/122776\/revisions"}],"predecessor-version":[{"id":122778,"href":"https:\/\/fuentesfidedignas.com.mx\/index.php\/wp-json\/wp\/v2\/posts\/122776\/revisions\/122778"}],"wp:featuredmedia":[{"embeddable":true,"href":"https:\/\/fuentesfidedignas.com.mx\/index.php\/wp-json\/wp\/v2\/media\/122777"}],"wp:attachment":[{"href":"https:\/\/fuentesfidedignas.com.mx\/index.php\/wp-json\/wp\/v2\/media?parent=122776"}],"wp:term":[{"taxonomy":"category","embeddable":true,"href":"https:\/\/fuentesfidedignas.com.mx\/index.php\/wp-json\/wp\/v2\/categories?post=122776"},{"taxonomy":"post_tag","embeddable":true,"href":"https:\/\/fuentesfidedignas.com.mx\/index.php\/wp-json\/wp\/v2\/tags?post=122776"}],"curies":[{"name":"wp","href":"https:\/\/api.w.org\/{rel}","templated":true}]}}