{"id":122628,"date":"2025-11-29T02:01:00","date_gmt":"2025-11-29T09:01:00","guid":{"rendered":"https:\/\/fuentesfidedignas.com.mx\/?p=122628"},"modified":"2025-11-28T14:03:37","modified_gmt":"2025-11-28T21:03:37","slug":"guardia-de-seguridad-fue-enjuiciado-dos-anos-por-un-chocolate-de-menos-de-un-dolar","status":"publish","type":"post","link":"https:\/\/fuentesfidedignas.com.mx\/index.php\/2025\/11\/29\/guardia-de-seguridad-fue-enjuiciado-dos-anos-por-un-chocolate-de-menos-de-un-dolar\/","title":{"rendered":"Guardia de seguridad fue enjuiciado dos a\u00f1os por un chocolate de menos de un d\u00f3lar"},"content":{"rendered":"\n<p><br><strong><em>Su defensa argument\u00f3 que los trabajadores sol\u00edan consumir los bocadillos del refrigerador sin problemas y que el hombre no ten\u00eda intenci\u00f3n de delinquir<\/em><\/strong><\/p>\n\n\n\n<p>Un guardia de seguridad acusado de robar un Choco Pie y otro pastelillo que en total val\u00edan menos de un d\u00f3lar en una empresa de log\u00edstica en Wanju, Corea del Sur, fue absuelto en apelaci\u00f3n este jueves, despu\u00e9s casi dos a\u00f1os en juicio, informan medios locales.<\/p>\n\n\n\n<p>El caso se origin\u00f3 cuando el guardia tom\u00f3 un Choco Pie de 450 wones (0,30 d\u00f3lares) y un pan de crema pastelera de 600 wones (0,44 d\u00f3lares), que sumaban un total de apenas 1.050 wones (0,71 d\u00f3lares), del refrigerador de la empresa en enero de 2024. La compa\u00f1\u00eda denunci\u00f3 el hecho como un robo, lo que llev\u00f3 a una condena inicial que sorprendi\u00f3 a la ciudadan\u00eda por la \u00ednfima cantidad involucrada.<\/p>\n\n\n\n<p>El Tribunal de Distrito de Jeonju revoc\u00f3 la multa de 50.000 wones (34 d\u00f3lares) impuesta por un tribunal inferior, concluyendo que no hubo intenci\u00f3n de cometer un delito. La defensa argument\u00f3 que el hombre, de 41 a\u00f1os, no ten\u00eda intenci\u00f3n de delinquir, ya que los trabajadores sol\u00edan consumir los bocadillos del refrigerador sin problemas, y que la sanci\u00f3n inicial fue &#8220;excesivamente severa&#8221;.<\/p>\n\n\n\n<p>&#8220;No se puede considerar que el acusado tuviera intenci\u00f3n de robar, dado que se le hab\u00eda dicho que era libre de comer los &#8216;snacks&#8217; almacenados en el refrigerador&#8221;, concluy\u00f3 la corte.<\/p>\n","protected":false},"excerpt":{"rendered":"<p>Su defensa argument\u00f3 que los trabajadores sol\u00edan consumir los bocadillos del refrigerador sin problemas y que el hombre no ten\u00eda intenci\u00f3n de delinquir Un guardia de seguridad acusado de robar un Choco Pie y otro pastelillo que en total val\u00edan menos de un d\u00f3lar en una empresa de log\u00edstica en Wanju, Corea del Sur, fue [&hellip;]<\/p>\n","protected":false},"author":38,"featured_media":122629,"comment_status":"open","ping_status":"open","sticky":false,"template":"","format":"standard","meta":{"tdm_status":"","tdm_grid_status":"","footnotes":""},"categories":[40],"tags":[],"class_list":{"0":"post-122628","1":"post","2":"type-post","3":"status-publish","4":"format-standard","5":"has-post-thumbnail","7":"category-las-asombrosas"},"yoast_head":"<!-- This site is optimized with the Yoast SEO plugin v27.5 - https:\/\/yoast.com\/product\/yoast-seo-wordpress\/ -->\n<title>Guardia de seguridad fue enjuiciado dos a\u00f1os por un chocolate de menos de un d\u00f3lar - Fuentes Fidedignas<\/title>\n<meta name=\"robots\" content=\"index, follow, max-snippet:-1, max-image-preview:large, max-video-preview:-1\" \/>\n<link rel=\"canonical\" href=\"https:\/\/fuentesfidedignas.com.mx\/index.php\/2025\/11\/29\/guardia-de-seguridad-fue-enjuiciado-dos-anos-por-un-chocolate-de-menos-de-un-dolar\/\" \/>\n<meta property=\"og:locale\" content=\"es_MX\" \/>\n<meta property=\"og:type\" content=\"article\" \/>\n<meta property=\"og:title\" content=\"Guardia de seguridad fue enjuiciado dos a\u00f1os por un chocolate de menos de un d\u00f3lar - Fuentes Fidedignas\" \/>\n<meta property=\"og:description\" content=\"Su defensa argument\u00f3 que los trabajadores sol\u00edan consumir los bocadillos del refrigerador sin problemas y que el hombre no ten\u00eda intenci\u00f3n de delinquir Un guardia de seguridad acusado de robar un Choco Pie y otro pastelillo que en total val\u00edan menos de un d\u00f3lar en una empresa de log\u00edstica en Wanju, Corea del Sur, fue [&hellip;]\" \/>\n<meta property=\"og:url\" content=\"https:\/\/fuentesfidedignas.com.mx\/index.php\/2025\/11\/29\/guardia-de-seguridad-fue-enjuiciado-dos-anos-por-un-chocolate-de-menos-de-un-dolar\/\" \/>\n<meta property=\"og:site_name\" content=\"Fuentes Fidedignas\" \/>\n<meta property=\"article:publisher\" content=\"https:\/\/www.facebook.com\/Fuentes-Fidedignas-368234489921644\" \/>\n<meta property=\"article:published_time\" content=\"2025-11-29T09:01:00+00:00\" \/>\n<meta property=\"og:image\" content=\"https:\/\/fuentesfidedignas.com.mx\/wp-content\/uploads\/2025\/11\/69298b2959bf5b7fbf4ed76d.jpg\" \/>\n\t<meta property=\"og:image:width\" content=\"1104\" \/>\n\t<meta property=\"og:image:height\" content=\"622\" \/>\n\t<meta property=\"og:image:type\" content=\"image\/jpeg\" \/>\n<meta name=\"author\" content=\"Actualidad RT\" \/>\n<meta name=\"twitter:card\" content=\"summary_large_image\" \/>\n<meta name=\"twitter:creator\" content=\"@fidedignas\" \/>\n<meta name=\"twitter:site\" content=\"@fidedignas\" \/>\n<meta name=\"twitter:label1\" content=\"Escrito por\" \/>\n\t<meta name=\"twitter:data1\" content=\"Actualidad RT\" \/>\n\t<meta name=\"twitter:label2\" content=\"Tiempo de lectura\" \/>\n\t<meta name=\"twitter:data2\" content=\"2 minutos\" \/>\n<script type=\"application\/ld+json\" class=\"yoast-schema-graph\">{\"@context\":\"https:\\\/\\\/schema.org\",\"@graph\":[{\"@type\":\"Article\",\"@id\":\"https:\\\/\\\/fuentesfidedignas.com.mx\\\/index.php\\\/2025\\\/11\\\/29\\\/guardia-de-seguridad-fue-enjuiciado-dos-anos-por-un-chocolate-de-menos-de-un-dolar\\\/#article\",\"isPartOf\":{\"@id\":\"https:\\\/\\\/fuentesfidedignas.com.mx\\\/index.php\\\/2025\\\/11\\\/29\\\/guardia-de-seguridad-fue-enjuiciado-dos-anos-por-un-chocolate-de-menos-de-un-dolar\\\/\"},\"author\":{\"name\":\"Actualidad RT\",\"@id\":\"https:\\\/\\\/fuentesfidedignas.com.mx\\\/#\\\/schema\\\/person\\\/eade03a5d4a96f9b557ac266e3d63718\"},\"headline\":\"Guardia de seguridad fue enjuiciado dos a\u00f1os por un chocolate de menos de un d\u00f3lar\",\"datePublished\":\"2025-11-29T09:01:00+00:00\",\"mainEntityOfPage\":{\"@id\":\"https:\\\/\\\/fuentesfidedignas.com.mx\\\/index.php\\\/2025\\\/11\\\/29\\\/guardia-de-seguridad-fue-enjuiciado-dos-anos-por-un-chocolate-de-menos-de-un-dolar\\\/\"},\"wordCount\":263,\"commentCount\":0,\"publisher\":{\"@id\":\"https:\\\/\\\/fuentesfidedignas.com.mx\\\/#organization\"},\"image\":{\"@id\":\"https:\\\/\\\/fuentesfidedignas.com.mx\\\/index.php\\\/2025\\\/11\\\/29\\\/guardia-de-seguridad-fue-enjuiciado-dos-anos-por-un-chocolate-de-menos-de-un-dolar\\\/#primaryimage\"},\"thumbnailUrl\":\"https:\\\/\\\/fuentesfidedignas.com.mx\\\/wp-content\\\/uploads\\\/2025\\\/11\\\/69298b2959bf5b7fbf4ed76d.jpg\",\"articleSection\":[\"LAS ASOMBROSAS\"],\"inLanguage\":\"es\",\"potentialAction\":[{\"@type\":\"CommentAction\",\"name\":\"Comment\",\"target\":[\"https:\\\/\\\/fuentesfidedignas.com.mx\\\/index.php\\\/2025\\\/11\\\/29\\\/guardia-de-seguridad-fue-enjuiciado-dos-anos-por-un-chocolate-de-menos-de-un-dolar\\\/#respond\"]}]},{\"@type\":\"WebPage\",\"@id\":\"https:\\\/\\\/fuentesfidedignas.com.mx\\\/index.php\\\/2025\\\/11\\\/29\\\/guardia-de-seguridad-fue-enjuiciado-dos-anos-por-un-chocolate-de-menos-de-un-dolar\\\/\",\"url\":\"https:\\\/\\\/fuentesfidedignas.com.mx\\\/index.php\\\/2025\\\/11\\\/29\\\/guardia-de-seguridad-fue-enjuiciado-dos-anos-por-un-chocolate-de-menos-de-un-dolar\\\/\",\"name\":\"Guardia de seguridad fue enjuiciado dos a\u00f1os por un chocolate de menos de un d\u00f3lar - Fuentes Fidedignas\",\"isPartOf\":{\"@id\":\"https:\\\/\\\/fuentesfidedignas.com.mx\\\/#website\"},\"primaryImageOfPage\":{\"@id\":\"https:\\\/\\\/fuentesfidedignas.com.mx\\\/index.php\\\/2025\\\/11\\\/29\\\/guardia-de-seguridad-fue-enjuiciado-dos-anos-por-un-chocolate-de-menos-de-un-dolar\\\/#primaryimage\"},\"image\":{\"@id\":\"https:\\\/\\\/fuentesfidedignas.com.mx\\\/index.php\\\/2025\\\/11\\\/29\\\/guardia-de-seguridad-fue-enjuiciado-dos-anos-por-un-chocolate-de-menos-de-un-dolar\\\/#primaryimage\"},\"thumbnailUrl\":\"https:\\\/\\\/fuentesfidedignas.com.mx\\\/wp-content\\\/uploads\\\/2025\\\/11\\\/69298b2959bf5b7fbf4ed76d.jpg\",\"datePublished\":\"2025-11-29T09:01:00+00:00\",\"breadcrumb\":{\"@id\":\"https:\\\/\\\/fuentesfidedignas.com.mx\\\/index.php\\\/2025\\\/11\\\/29\\\/guardia-de-seguridad-fue-enjuiciado-dos-anos-por-un-chocolate-de-menos-de-un-dolar\\\/#breadcrumb\"},\"inLanguage\":\"es\",\"potentialAction\":[{\"@type\":\"ReadAction\",\"target\":[\"https:\\\/\\\/fuentesfidedignas.com.mx\\\/index.php\\\/2025\\\/11\\\/29\\\/guardia-de-seguridad-fue-enjuiciado-dos-anos-por-un-chocolate-de-menos-de-un-dolar\\\/\"]}]},{\"@type\":\"ImageObject\",\"inLanguage\":\"es\",\"@id\":\"https:\\\/\\\/fuentesfidedignas.com.mx\\\/index.php\\\/2025\\\/11\\\/29\\\/guardia-de-seguridad-fue-enjuiciado-dos-anos-por-un-chocolate-de-menos-de-un-dolar\\\/#primaryimage\",\"url\":\"https:\\\/\\\/fuentesfidedignas.com.mx\\\/wp-content\\\/uploads\\\/2025\\\/11\\\/69298b2959bf5b7fbf4ed76d.jpg\",\"contentUrl\":\"https:\\\/\\\/fuentesfidedignas.com.mx\\\/wp-content\\\/uploads\\\/2025\\\/11\\\/69298b2959bf5b7fbf4ed76d.jpg\",\"width\":1104,\"height\":622},{\"@type\":\"BreadcrumbList\",\"@id\":\"https:\\\/\\\/fuentesfidedignas.com.mx\\\/index.php\\\/2025\\\/11\\\/29\\\/guardia-de-seguridad-fue-enjuiciado-dos-anos-por-un-chocolate-de-menos-de-un-dolar\\\/#breadcrumb\",\"itemListElement\":[{\"@type\":\"ListItem\",\"position\":1,\"name\":\"Inicio\",\"item\":\"https:\\\/\\\/fuentesfidedignas.com.mx\\\/\"},{\"@type\":\"ListItem\",\"position\":2,\"name\":\"Guardia de seguridad fue enjuiciado dos a\u00f1os por un chocolate de menos de un d\u00f3lar\"}]},{\"@type\":\"WebSite\",\"@id\":\"https:\\\/\\\/fuentesfidedignas.com.mx\\\/#website\",\"url\":\"https:\\\/\\\/fuentesfidedignas.com.mx\\\/\",\"name\":\"Fuentes Fidedignas\",\"description\":\"Otro sitio realizado con WordPress\",\"publisher\":{\"@id\":\"https:\\\/\\\/fuentesfidedignas.com.mx\\\/#organization\"},\"potentialAction\":[{\"@type\":\"SearchAction\",\"target\":{\"@type\":\"EntryPoint\",\"urlTemplate\":\"https:\\\/\\\/fuentesfidedignas.com.mx\\\/?s={search_term_string}\"},\"query-input\":{\"@type\":\"PropertyValueSpecification\",\"valueRequired\":true,\"valueName\":\"search_term_string\"}}],\"inLanguage\":\"es\"},{\"@type\":\"Organization\",\"@id\":\"https:\\\/\\\/fuentesfidedignas.com.mx\\\/#organization\",\"name\":\"Fuentes Fidedignas\",\"url\":\"https:\\\/\\\/fuentesfidedignas.com.mx\\\/\",\"logo\":{\"@type\":\"ImageObject\",\"inLanguage\":\"es\",\"@id\":\"https:\\\/\\\/fuentesfidedignas.com.mx\\\/#\\\/schema\\\/logo\\\/image\\\/\",\"url\":\"https:\\\/\\\/fuentesfidedignas.com.mx\\\/wp-content\\\/uploads\\\/2021\\\/04\\\/logo-retina.png\",\"contentUrl\":\"https:\\\/\\\/fuentesfidedignas.com.mx\\\/wp-content\\\/uploads\\\/2021\\\/04\\\/logo-retina.png\",\"width\":280,\"height\":51,\"caption\":\"Fuentes Fidedignas\"},\"image\":{\"@id\":\"https:\\\/\\\/fuentesfidedignas.com.mx\\\/#\\\/schema\\\/logo\\\/image\\\/\"},\"sameAs\":[\"https:\\\/\\\/www.facebook.com\\\/Fuentes-Fidedignas-368234489921644\",\"https:\\\/\\\/x.com\\\/fidedignas\"]},{\"@type\":\"Person\",\"@id\":\"https:\\\/\\\/fuentesfidedignas.com.mx\\\/#\\\/schema\\\/person\\\/eade03a5d4a96f9b557ac266e3d63718\",\"name\":\"Actualidad RT\",\"image\":{\"@type\":\"ImageObject\",\"inLanguage\":\"es\",\"@id\":\"https:\\\/\\\/secure.gravatar.com\\\/avatar\\\/443e88260a6a7111cf83d7014ab1894f91a4053ffd4e9da37d79effad3a35c81?s=96&d=mm&r=g\",\"url\":\"https:\\\/\\\/secure.gravatar.com\\\/avatar\\\/443e88260a6a7111cf83d7014ab1894f91a4053ffd4e9da37d79effad3a35c81?s=96&d=mm&r=g\",\"contentUrl\":\"https:\\\/\\\/secure.gravatar.com\\\/avatar\\\/443e88260a6a7111cf83d7014ab1894f91a4053ffd4e9da37d79effad3a35c81?s=96&d=mm&r=g\",\"caption\":\"Actualidad RT\"},\"url\":\"https:\\\/\\\/fuentesfidedignas.com.mx\\\/index.php\\\/author\\\/actualidad\\\/\"}]}<\/script>\n<!-- \/ Yoast SEO plugin. -->","yoast_head_json":{"title":"Guardia de seguridad fue enjuiciado dos a\u00f1os por un chocolate de menos de un d\u00f3lar - Fuentes Fidedignas","robots":{"index":"index","follow":"follow","max-snippet":"max-snippet:-1","max-image-preview":"max-image-preview:large","max-video-preview":"max-video-preview:-1"},"canonical":"https:\/\/fuentesfidedignas.com.mx\/index.php\/2025\/11\/29\/guardia-de-seguridad-fue-enjuiciado-dos-anos-por-un-chocolate-de-menos-de-un-dolar\/","og_locale":"es_MX","og_type":"article","og_title":"Guardia de seguridad fue enjuiciado dos a\u00f1os por un chocolate de menos de un d\u00f3lar - Fuentes Fidedignas","og_description":"Su defensa argument\u00f3 que los trabajadores sol\u00edan consumir los bocadillos del refrigerador sin problemas y que el hombre no ten\u00eda intenci\u00f3n de delinquir Un guardia de seguridad acusado de robar un Choco Pie y otro pastelillo que en total val\u00edan menos de un d\u00f3lar en una empresa de log\u00edstica en Wanju, Corea del Sur, fue [&hellip;]","og_url":"https:\/\/fuentesfidedignas.com.mx\/index.php\/2025\/11\/29\/guardia-de-seguridad-fue-enjuiciado-dos-anos-por-un-chocolate-de-menos-de-un-dolar\/","og_site_name":"Fuentes Fidedignas","article_publisher":"https:\/\/www.facebook.com\/Fuentes-Fidedignas-368234489921644","article_published_time":"2025-11-29T09:01:00+00:00","og_image":[{"width":1104,"height":622,"url":"https:\/\/fuentesfidedignas.com.mx\/wp-content\/uploads\/2025\/11\/69298b2959bf5b7fbf4ed76d.jpg","type":"image\/jpeg"}],"author":"Actualidad RT","twitter_card":"summary_large_image","twitter_creator":"@fidedignas","twitter_site":"@fidedignas","twitter_misc":{"Escrito por":"Actualidad RT","Tiempo de lectura":"2 minutos"},"schema":{"@context":"https:\/\/schema.org","@graph":[{"@type":"Article","@id":"https:\/\/fuentesfidedignas.com.mx\/index.php\/2025\/11\/29\/guardia-de-seguridad-fue-enjuiciado-dos-anos-por-un-chocolate-de-menos-de-un-dolar\/#article","isPartOf":{"@id":"https:\/\/fuentesfidedignas.com.mx\/index.php\/2025\/11\/29\/guardia-de-seguridad-fue-enjuiciado-dos-anos-por-un-chocolate-de-menos-de-un-dolar\/"},"author":{"name":"Actualidad RT","@id":"https:\/\/fuentesfidedignas.com.mx\/#\/schema\/person\/eade03a5d4a96f9b557ac266e3d63718"},"headline":"Guardia de seguridad fue enjuiciado dos a\u00f1os por un chocolate de menos de un d\u00f3lar","datePublished":"2025-11-29T09:01:00+00:00","mainEntityOfPage":{"@id":"https:\/\/fuentesfidedignas.com.mx\/index.php\/2025\/11\/29\/guardia-de-seguridad-fue-enjuiciado-dos-anos-por-un-chocolate-de-menos-de-un-dolar\/"},"wordCount":263,"commentCount":0,"publisher":{"@id":"https:\/\/fuentesfidedignas.com.mx\/#organization"},"image":{"@id":"https:\/\/fuentesfidedignas.com.mx\/index.php\/2025\/11\/29\/guardia-de-seguridad-fue-enjuiciado-dos-anos-por-un-chocolate-de-menos-de-un-dolar\/#primaryimage"},"thumbnailUrl":"https:\/\/fuentesfidedignas.com.mx\/wp-content\/uploads\/2025\/11\/69298b2959bf5b7fbf4ed76d.jpg","articleSection":["LAS ASOMBROSAS"],"inLanguage":"es","potentialAction":[{"@type":"CommentAction","name":"Comment","target":["https:\/\/fuentesfidedignas.com.mx\/index.php\/2025\/11\/29\/guardia-de-seguridad-fue-enjuiciado-dos-anos-por-un-chocolate-de-menos-de-un-dolar\/#respond"]}]},{"@type":"WebPage","@id":"https:\/\/fuentesfidedignas.com.mx\/index.php\/2025\/11\/29\/guardia-de-seguridad-fue-enjuiciado-dos-anos-por-un-chocolate-de-menos-de-un-dolar\/","url":"https:\/\/fuentesfidedignas.com.mx\/index.php\/2025\/11\/29\/guardia-de-seguridad-fue-enjuiciado-dos-anos-por-un-chocolate-de-menos-de-un-dolar\/","name":"Guardia de seguridad fue enjuiciado dos a\u00f1os por un chocolate de menos de un d\u00f3lar - Fuentes Fidedignas","isPartOf":{"@id":"https:\/\/fuentesfidedignas.com.mx\/#website"},"primaryImageOfPage":{"@id":"https:\/\/fuentesfidedignas.com.mx\/index.php\/2025\/11\/29\/guardia-de-seguridad-fue-enjuiciado-dos-anos-por-un-chocolate-de-menos-de-un-dolar\/#primaryimage"},"image":{"@id":"https:\/\/fuentesfidedignas.com.mx\/index.php\/2025\/11\/29\/guardia-de-seguridad-fue-enjuiciado-dos-anos-por-un-chocolate-de-menos-de-un-dolar\/#primaryimage"},"thumbnailUrl":"https:\/\/fuentesfidedignas.com.mx\/wp-content\/uploads\/2025\/11\/69298b2959bf5b7fbf4ed76d.jpg","datePublished":"2025-11-29T09:01:00+00:00","breadcrumb":{"@id":"https:\/\/fuentesfidedignas.com.mx\/index.php\/2025\/11\/29\/guardia-de-seguridad-fue-enjuiciado-dos-anos-por-un-chocolate-de-menos-de-un-dolar\/#breadcrumb"},"inLanguage":"es","potentialAction":[{"@type":"ReadAction","target":["https:\/\/fuentesfidedignas.com.mx\/index.php\/2025\/11\/29\/guardia-de-seguridad-fue-enjuiciado-dos-anos-por-un-chocolate-de-menos-de-un-dolar\/"]}]},{"@type":"ImageObject","inLanguage":"es","@id":"https:\/\/fuentesfidedignas.com.mx\/index.php\/2025\/11\/29\/guardia-de-seguridad-fue-enjuiciado-dos-anos-por-un-chocolate-de-menos-de-un-dolar\/#primaryimage","url":"https:\/\/fuentesfidedignas.com.mx\/wp-content\/uploads\/2025\/11\/69298b2959bf5b7fbf4ed76d.jpg","contentUrl":"https:\/\/fuentesfidedignas.com.mx\/wp-content\/uploads\/2025\/11\/69298b2959bf5b7fbf4ed76d.jpg","width":1104,"height":622},{"@type":"BreadcrumbList","@id":"https:\/\/fuentesfidedignas.com.mx\/index.php\/2025\/11\/29\/guardia-de-seguridad-fue-enjuiciado-dos-anos-por-un-chocolate-de-menos-de-un-dolar\/#breadcrumb","itemListElement":[{"@type":"ListItem","position":1,"name":"Inicio","item":"https:\/\/fuentesfidedignas.com.mx\/"},{"@type":"ListItem","position":2,"name":"Guardia de seguridad fue enjuiciado dos a\u00f1os por un chocolate de menos de un d\u00f3lar"}]},{"@type":"WebSite","@id":"https:\/\/fuentesfidedignas.com.mx\/#website","url":"https:\/\/fuentesfidedignas.com.mx\/","name":"Fuentes Fidedignas","description":"Otro sitio realizado con WordPress","publisher":{"@id":"https:\/\/fuentesfidedignas.com.mx\/#organization"},"potentialAction":[{"@type":"SearchAction","target":{"@type":"EntryPoint","urlTemplate":"https:\/\/fuentesfidedignas.com.mx\/?s={search_term_string}"},"query-input":{"@type":"PropertyValueSpecification","valueRequired":true,"valueName":"search_term_string"}}],"inLanguage":"es"},{"@type":"Organization","@id":"https:\/\/fuentesfidedignas.com.mx\/#organization","name":"Fuentes Fidedignas","url":"https:\/\/fuentesfidedignas.com.mx\/","logo":{"@type":"ImageObject","inLanguage":"es","@id":"https:\/\/fuentesfidedignas.com.mx\/#\/schema\/logo\/image\/","url":"https:\/\/fuentesfidedignas.com.mx\/wp-content\/uploads\/2021\/04\/logo-retina.png","contentUrl":"https:\/\/fuentesfidedignas.com.mx\/wp-content\/uploads\/2021\/04\/logo-retina.png","width":280,"height":51,"caption":"Fuentes Fidedignas"},"image":{"@id":"https:\/\/fuentesfidedignas.com.mx\/#\/schema\/logo\/image\/"},"sameAs":["https:\/\/www.facebook.com\/Fuentes-Fidedignas-368234489921644","https:\/\/x.com\/fidedignas"]},{"@type":"Person","@id":"https:\/\/fuentesfidedignas.com.mx\/#\/schema\/person\/eade03a5d4a96f9b557ac266e3d63718","name":"Actualidad RT","image":{"@type":"ImageObject","inLanguage":"es","@id":"https:\/\/secure.gravatar.com\/avatar\/443e88260a6a7111cf83d7014ab1894f91a4053ffd4e9da37d79effad3a35c81?s=96&d=mm&r=g","url":"https:\/\/secure.gravatar.com\/avatar\/443e88260a6a7111cf83d7014ab1894f91a4053ffd4e9da37d79effad3a35c81?s=96&d=mm&r=g","contentUrl":"https:\/\/secure.gravatar.com\/avatar\/443e88260a6a7111cf83d7014ab1894f91a4053ffd4e9da37d79effad3a35c81?s=96&d=mm&r=g","caption":"Actualidad RT"},"url":"https:\/\/fuentesfidedignas.com.mx\/index.php\/author\/actualidad\/"}]}},"_links":{"self":[{"href":"https:\/\/fuentesfidedignas.com.mx\/index.php\/wp-json\/wp\/v2\/posts\/122628","targetHints":{"allow":["GET"]}}],"collection":[{"href":"https:\/\/fuentesfidedignas.com.mx\/index.php\/wp-json\/wp\/v2\/posts"}],"about":[{"href":"https:\/\/fuentesfidedignas.com.mx\/index.php\/wp-json\/wp\/v2\/types\/post"}],"author":[{"embeddable":true,"href":"https:\/\/fuentesfidedignas.com.mx\/index.php\/wp-json\/wp\/v2\/users\/38"}],"replies":[{"embeddable":true,"href":"https:\/\/fuentesfidedignas.com.mx\/index.php\/wp-json\/wp\/v2\/comments?post=122628"}],"version-history":[{"count":1,"href":"https:\/\/fuentesfidedignas.com.mx\/index.php\/wp-json\/wp\/v2\/posts\/122628\/revisions"}],"predecessor-version":[{"id":122630,"href":"https:\/\/fuentesfidedignas.com.mx\/index.php\/wp-json\/wp\/v2\/posts\/122628\/revisions\/122630"}],"wp:featuredmedia":[{"embeddable":true,"href":"https:\/\/fuentesfidedignas.com.mx\/index.php\/wp-json\/wp\/v2\/media\/122629"}],"wp:attachment":[{"href":"https:\/\/fuentesfidedignas.com.mx\/index.php\/wp-json\/wp\/v2\/media?parent=122628"}],"wp:term":[{"taxonomy":"category","embeddable":true,"href":"https:\/\/fuentesfidedignas.com.mx\/index.php\/wp-json\/wp\/v2\/categories?post=122628"},{"taxonomy":"post_tag","embeddable":true,"href":"https:\/\/fuentesfidedignas.com.mx\/index.php\/wp-json\/wp\/v2\/tags?post=122628"}],"curies":[{"name":"wp","href":"https:\/\/api.w.org\/{rel}","templated":true}]}}