{"id":122576,"date":"2025-11-28T05:30:42","date_gmt":"2025-11-28T12:30:42","guid":{"rendered":"https:\/\/fuentesfidedignas.com.mx\/?p=122576"},"modified":"2025-11-28T05:30:42","modified_gmt":"2025-11-28T12:30:42","slug":"mejor-nadota-empleados-celebran-posada-en-pasillos-de-tienda-de-autoservicio","status":"publish","type":"post","link":"https:\/\/fuentesfidedignas.com.mx\/index.php\/2025\/11\/28\/mejor-nadota-empleados-celebran-posada-en-pasillos-de-tienda-de-autoservicio\/","title":{"rendered":"\u2018Mejor nadota\u2019, empleados celebran posada en pasillos de tienda de autoservicio"},"content":{"rendered":"\n<p><strong><em>La fiesta desat\u00f3 humor, cr\u00edticas y debate en redes sobre las condiciones y el trato hacia los trabajadores durante estas celebraciones de fin de a\u00f1o<\/em><\/strong><\/p>\n\n\n\n<p>A poco menos de un mes de que se celebren las&nbsp;<strong>fiestas de Navidad y A\u00f1o Nuevo<\/strong>, en empresas y centros de trabajo ya comenzaron las&nbsp;<strong>tradicionales posadas<\/strong>, en donde los empleados tienen la oportunidad de convivir y bailar tras un a\u00f1o de arduas labores.<\/p>\n\n\n\n<p>Y como es costumbre, no suelen faltar los tragos de m\u00e1s, las rifas de electrodom\u00e9sticos y los concursos de baile para amenizar estas celebraciones que suelen tener lugar en salones, o incluso en alg\u00fan espacio destinado dentro de la misma empresa.<\/p>\n\n\n\n<p>Sin embargo, en redes sociales se est\u00e1 haciendo viral una fiesta de fin de a\u00f1o que tuvo lugar nada menos que en&nbsp;<strong>una conocida tienda de autoservicio<\/strong>, donde movieron los estantes del \u00e1rea de salchichoner\u00eda para que los empleados pudieran bailar a gusto.<\/p>\n\n\n\n<p>El video en cuesti\u00f3n fue compartido en&nbsp;<strong>TikTok&nbsp;<\/strong>por&nbsp;<strong>@iguano.dan<\/strong>, quien capt\u00f3 la celebraci\u00f3n de fin de a\u00f1o en una tienda de&nbsp;<strong>Bodega Aurrera en Oaxaca<\/strong>. En el clip se observa a los empleados bailando en el lugar, mientras al fondo se ven los estantes con mercanc\u00eda e incluso los letreros que anuncian \u201cCarnes\u201d y \u201cSalchichoner\u00eda\u201d.<\/p>\n\n\n\n<figure class=\"wp-block-embed\"><div class=\"wp-block-embed__wrapper\">\n<blockquote class=\"tiktok-embed\" cite=\"https:\/\/www.tiktok.com\/@iguano.dan\/video\/7577284890203360530\" data-video-id=\"7577284890203360530\" data-embed-from=\"oembed\" style=\"max-width:605px; min-width:325px;\"> <section> <a target=\"_blank\" title=\"@iguano.dan\" href=\"https:\/\/www.tiktok.com\/@iguano.dan?refer=embed\">@iguano.dan<\/a> <p><a title=\"bodegaaurrera\" target=\"_blank\" href=\"https:\/\/www.tiktok.com\/tag\/bodegaaurrera?refer=embed\">#bodegaaurrera<\/a> <a title=\"oaxaca\" target=\"_blank\" href=\"https:\/\/www.tiktok.com\/tag\/oaxaca?refer=embed\">#oaxaca<\/a> <a title=\"dj\" target=\"_blank\" href=\"https:\/\/www.tiktok.com\/tag\/dj?refer=embed\">#dj<\/a> <\/p> <a target=\"_blank\" title=\"\u266c sonido original - Daniel J. Urtiz\" href=\"https:\/\/www.tiktok.com\/music\/sonido-original-7577284990795287304?refer=embed\">\u266c sonido original &#8211; Daniel J. Urtiz<\/a> <\/section> <\/blockquote> <script async src=\"https:\/\/www.tiktok.com\/embed.js\"><\/script>\n<\/div><\/figure>\n","protected":false},"excerpt":{"rendered":"<p>La fiesta desat\u00f3 humor, cr\u00edticas y debate en redes sobre las condiciones y el trato hacia los trabajadores durante estas celebraciones de fin de a\u00f1o A poco menos de un mes de que se celebren las&nbsp;fiestas de Navidad y A\u00f1o Nuevo, en empresas y centros de trabajo ya comenzaron las&nbsp;tradicionales posadas, en donde los empleados [&hellip;]<\/p>\n","protected":false},"author":7,"featured_media":122575,"comment_status":"closed","ping_status":"open","sticky":false,"template":"","format":"standard","meta":{"tdm_status":"","tdm_grid_status":"","footnotes":""},"categories":[40],"tags":[],"class_list":{"0":"post-122576","1":"post","2":"type-post","3":"status-publish","4":"format-standard","5":"has-post-thumbnail","7":"category-las-asombrosas"},"yoast_head":"<!-- This site is optimized with the Yoast SEO plugin v27.5 - https:\/\/yoast.com\/product\/yoast-seo-wordpress\/ -->\n<title>\u2018Mejor nadota\u2019, empleados celebran posada en pasillos de tienda de autoservicio - Fuentes Fidedignas<\/title>\n<meta name=\"robots\" content=\"index, follow, max-snippet:-1, max-image-preview:large, max-video-preview:-1\" \/>\n<link rel=\"canonical\" href=\"https:\/\/fuentesfidedignas.com.mx\/index.php\/2025\/11\/28\/mejor-nadota-empleados-celebran-posada-en-pasillos-de-tienda-de-autoservicio\/\" \/>\n<meta property=\"og:locale\" content=\"es_MX\" \/>\n<meta property=\"og:type\" content=\"article\" \/>\n<meta property=\"og:title\" content=\"\u2018Mejor nadota\u2019, empleados celebran posada en pasillos de tienda de autoservicio - Fuentes Fidedignas\" \/>\n<meta property=\"og:description\" content=\"La fiesta desat\u00f3 humor, cr\u00edticas y debate en redes sobre las condiciones y el trato hacia los trabajadores durante estas celebraciones de fin de a\u00f1o A poco menos de un mes de que se celebren las&nbsp;fiestas de Navidad y A\u00f1o Nuevo, en empresas y centros de trabajo ya comenzaron las&nbsp;tradicionales posadas, en donde los empleados [&hellip;]\" \/>\n<meta property=\"og:url\" content=\"https:\/\/fuentesfidedignas.com.mx\/index.php\/2025\/11\/28\/mejor-nadota-empleados-celebran-posada-en-pasillos-de-tienda-de-autoservicio\/\" \/>\n<meta property=\"og:site_name\" content=\"Fuentes Fidedignas\" \/>\n<meta property=\"article:publisher\" content=\"https:\/\/www.facebook.com\/Fuentes-Fidedignas-368234489921644\" \/>\n<meta property=\"article:published_time\" content=\"2025-11-28T12:30:42+00:00\" \/>\n<meta property=\"og:image\" content=\"https:\/\/fuentesfidedignas.com.mx\/wp-content\/uploads\/2025\/11\/img_7067.jpg\" \/>\n\t<meta property=\"og:image:width\" content=\"380\" \/>\n\t<meta property=\"og:image:height\" content=\"308\" \/>\n\t<meta property=\"og:image:type\" content=\"image\/jpeg\" \/>\n<meta name=\"author\" content=\"Exc\u00e9lsior\" \/>\n<meta name=\"twitter:card\" content=\"summary_large_image\" \/>\n<meta name=\"twitter:creator\" content=\"@fidedignas\" \/>\n<meta name=\"twitter:site\" content=\"@fidedignas\" \/>\n<meta name=\"twitter:label1\" content=\"Escrito por\" \/>\n\t<meta name=\"twitter:data1\" content=\"Exc\u00e9lsior\" \/>\n\t<meta name=\"twitter:label2\" content=\"Tiempo de lectura\" \/>\n\t<meta name=\"twitter:data2\" content=\"1 minuto\" \/>\n<script type=\"application\/ld+json\" class=\"yoast-schema-graph\">{\"@context\":\"https:\\\/\\\/schema.org\",\"@graph\":[{\"@type\":\"Article\",\"@id\":\"https:\\\/\\\/fuentesfidedignas.com.mx\\\/index.php\\\/2025\\\/11\\\/28\\\/mejor-nadota-empleados-celebran-posada-en-pasillos-de-tienda-de-autoservicio\\\/#article\",\"isPartOf\":{\"@id\":\"https:\\\/\\\/fuentesfidedignas.com.mx\\\/index.php\\\/2025\\\/11\\\/28\\\/mejor-nadota-empleados-celebran-posada-en-pasillos-de-tienda-de-autoservicio\\\/\"},\"author\":{\"name\":\"Exc\u00e9lsior\",\"@id\":\"https:\\\/\\\/fuentesfidedignas.com.mx\\\/#\\\/schema\\\/person\\\/ec4edd1fbf5efa3e44fce34fe2787780\"},\"headline\":\"\u2018Mejor nadota\u2019, empleados celebran posada en pasillos de tienda de autoservicio\",\"datePublished\":\"2025-11-28T12:30:42+00:00\",\"mainEntityOfPage\":{\"@id\":\"https:\\\/\\\/fuentesfidedignas.com.mx\\\/index.php\\\/2025\\\/11\\\/28\\\/mejor-nadota-empleados-celebran-posada-en-pasillos-de-tienda-de-autoservicio\\\/\"},\"wordCount\":255,\"publisher\":{\"@id\":\"https:\\\/\\\/fuentesfidedignas.com.mx\\\/#organization\"},\"image\":{\"@id\":\"https:\\\/\\\/fuentesfidedignas.com.mx\\\/index.php\\\/2025\\\/11\\\/28\\\/mejor-nadota-empleados-celebran-posada-en-pasillos-de-tienda-de-autoservicio\\\/#primaryimage\"},\"thumbnailUrl\":\"https:\\\/\\\/fuentesfidedignas.com.mx\\\/wp-content\\\/uploads\\\/2025\\\/11\\\/img_7067.jpg\",\"articleSection\":[\"LAS ASOMBROSAS\"],\"inLanguage\":\"es\"},{\"@type\":\"WebPage\",\"@id\":\"https:\\\/\\\/fuentesfidedignas.com.mx\\\/index.php\\\/2025\\\/11\\\/28\\\/mejor-nadota-empleados-celebran-posada-en-pasillos-de-tienda-de-autoservicio\\\/\",\"url\":\"https:\\\/\\\/fuentesfidedignas.com.mx\\\/index.php\\\/2025\\\/11\\\/28\\\/mejor-nadota-empleados-celebran-posada-en-pasillos-de-tienda-de-autoservicio\\\/\",\"name\":\"\u2018Mejor nadota\u2019, empleados celebran posada en pasillos de tienda de autoservicio - Fuentes Fidedignas\",\"isPartOf\":{\"@id\":\"https:\\\/\\\/fuentesfidedignas.com.mx\\\/#website\"},\"primaryImageOfPage\":{\"@id\":\"https:\\\/\\\/fuentesfidedignas.com.mx\\\/index.php\\\/2025\\\/11\\\/28\\\/mejor-nadota-empleados-celebran-posada-en-pasillos-de-tienda-de-autoservicio\\\/#primaryimage\"},\"image\":{\"@id\":\"https:\\\/\\\/fuentesfidedignas.com.mx\\\/index.php\\\/2025\\\/11\\\/28\\\/mejor-nadota-empleados-celebran-posada-en-pasillos-de-tienda-de-autoservicio\\\/#primaryimage\"},\"thumbnailUrl\":\"https:\\\/\\\/fuentesfidedignas.com.mx\\\/wp-content\\\/uploads\\\/2025\\\/11\\\/img_7067.jpg\",\"datePublished\":\"2025-11-28T12:30:42+00:00\",\"breadcrumb\":{\"@id\":\"https:\\\/\\\/fuentesfidedignas.com.mx\\\/index.php\\\/2025\\\/11\\\/28\\\/mejor-nadota-empleados-celebran-posada-en-pasillos-de-tienda-de-autoservicio\\\/#breadcrumb\"},\"inLanguage\":\"es\",\"potentialAction\":[{\"@type\":\"ReadAction\",\"target\":[\"https:\\\/\\\/fuentesfidedignas.com.mx\\\/index.php\\\/2025\\\/11\\\/28\\\/mejor-nadota-empleados-celebran-posada-en-pasillos-de-tienda-de-autoservicio\\\/\"]}]},{\"@type\":\"ImageObject\",\"inLanguage\":\"es\",\"@id\":\"https:\\\/\\\/fuentesfidedignas.com.mx\\\/index.php\\\/2025\\\/11\\\/28\\\/mejor-nadota-empleados-celebran-posada-en-pasillos-de-tienda-de-autoservicio\\\/#primaryimage\",\"url\":\"https:\\\/\\\/fuentesfidedignas.com.mx\\\/wp-content\\\/uploads\\\/2025\\\/11\\\/img_7067.jpg\",\"contentUrl\":\"https:\\\/\\\/fuentesfidedignas.com.mx\\\/wp-content\\\/uploads\\\/2025\\\/11\\\/img_7067.jpg\",\"width\":380,\"height\":308},{\"@type\":\"BreadcrumbList\",\"@id\":\"https:\\\/\\\/fuentesfidedignas.com.mx\\\/index.php\\\/2025\\\/11\\\/28\\\/mejor-nadota-empleados-celebran-posada-en-pasillos-de-tienda-de-autoservicio\\\/#breadcrumb\",\"itemListElement\":[{\"@type\":\"ListItem\",\"position\":1,\"name\":\"Inicio\",\"item\":\"https:\\\/\\\/fuentesfidedignas.com.mx\\\/\"},{\"@type\":\"ListItem\",\"position\":2,\"name\":\"\u2018Mejor nadota\u2019, empleados celebran posada en pasillos de tienda de autoservicio\"}]},{\"@type\":\"WebSite\",\"@id\":\"https:\\\/\\\/fuentesfidedignas.com.mx\\\/#website\",\"url\":\"https:\\\/\\\/fuentesfidedignas.com.mx\\\/\",\"name\":\"Fuentes Fidedignas\",\"description\":\"Otro sitio realizado con WordPress\",\"publisher\":{\"@id\":\"https:\\\/\\\/fuentesfidedignas.com.mx\\\/#organization\"},\"potentialAction\":[{\"@type\":\"SearchAction\",\"target\":{\"@type\":\"EntryPoint\",\"urlTemplate\":\"https:\\\/\\\/fuentesfidedignas.com.mx\\\/?s={search_term_string}\"},\"query-input\":{\"@type\":\"PropertyValueSpecification\",\"valueRequired\":true,\"valueName\":\"search_term_string\"}}],\"inLanguage\":\"es\"},{\"@type\":\"Organization\",\"@id\":\"https:\\\/\\\/fuentesfidedignas.com.mx\\\/#organization\",\"name\":\"Fuentes Fidedignas\",\"url\":\"https:\\\/\\\/fuentesfidedignas.com.mx\\\/\",\"logo\":{\"@type\":\"ImageObject\",\"inLanguage\":\"es\",\"@id\":\"https:\\\/\\\/fuentesfidedignas.com.mx\\\/#\\\/schema\\\/logo\\\/image\\\/\",\"url\":\"https:\\\/\\\/fuentesfidedignas.com.mx\\\/wp-content\\\/uploads\\\/2021\\\/04\\\/logo-retina.png\",\"contentUrl\":\"https:\\\/\\\/fuentesfidedignas.com.mx\\\/wp-content\\\/uploads\\\/2021\\\/04\\\/logo-retina.png\",\"width\":280,\"height\":51,\"caption\":\"Fuentes Fidedignas\"},\"image\":{\"@id\":\"https:\\\/\\\/fuentesfidedignas.com.mx\\\/#\\\/schema\\\/logo\\\/image\\\/\"},\"sameAs\":[\"https:\\\/\\\/www.facebook.com\\\/Fuentes-Fidedignas-368234489921644\",\"https:\\\/\\\/x.com\\\/fidedignas\"]},{\"@type\":\"Person\",\"@id\":\"https:\\\/\\\/fuentesfidedignas.com.mx\\\/#\\\/schema\\\/person\\\/ec4edd1fbf5efa3e44fce34fe2787780\",\"name\":\"Exc\u00e9lsior\",\"image\":{\"@type\":\"ImageObject\",\"inLanguage\":\"es\",\"@id\":\"https:\\\/\\\/secure.gravatar.com\\\/avatar\\\/4b7ee9206b48be08447852b3f0814dbc7c0f3b51541b164f1464a2725614020b?s=96&d=mm&r=g\",\"url\":\"https:\\\/\\\/secure.gravatar.com\\\/avatar\\\/4b7ee9206b48be08447852b3f0814dbc7c0f3b51541b164f1464a2725614020b?s=96&d=mm&r=g\",\"contentUrl\":\"https:\\\/\\\/secure.gravatar.com\\\/avatar\\\/4b7ee9206b48be08447852b3f0814dbc7c0f3b51541b164f1464a2725614020b?s=96&d=mm&r=g\",\"caption\":\"Exc\u00e9lsior\"},\"url\":\"https:\\\/\\\/fuentesfidedignas.com.mx\\\/index.php\\\/author\\\/excelsior\\\/\"}]}<\/script>\n<!-- \/ Yoast SEO plugin. -->","yoast_head_json":{"title":"\u2018Mejor nadota\u2019, empleados celebran posada en pasillos de tienda de autoservicio - Fuentes Fidedignas","robots":{"index":"index","follow":"follow","max-snippet":"max-snippet:-1","max-image-preview":"max-image-preview:large","max-video-preview":"max-video-preview:-1"},"canonical":"https:\/\/fuentesfidedignas.com.mx\/index.php\/2025\/11\/28\/mejor-nadota-empleados-celebran-posada-en-pasillos-de-tienda-de-autoservicio\/","og_locale":"es_MX","og_type":"article","og_title":"\u2018Mejor nadota\u2019, empleados celebran posada en pasillos de tienda de autoservicio - Fuentes Fidedignas","og_description":"La fiesta desat\u00f3 humor, cr\u00edticas y debate en redes sobre las condiciones y el trato hacia los trabajadores durante estas celebraciones de fin de a\u00f1o A poco menos de un mes de que se celebren las&nbsp;fiestas de Navidad y A\u00f1o Nuevo, en empresas y centros de trabajo ya comenzaron las&nbsp;tradicionales posadas, en donde los empleados [&hellip;]","og_url":"https:\/\/fuentesfidedignas.com.mx\/index.php\/2025\/11\/28\/mejor-nadota-empleados-celebran-posada-en-pasillos-de-tienda-de-autoservicio\/","og_site_name":"Fuentes Fidedignas","article_publisher":"https:\/\/www.facebook.com\/Fuentes-Fidedignas-368234489921644","article_published_time":"2025-11-28T12:30:42+00:00","og_image":[{"width":380,"height":308,"url":"https:\/\/fuentesfidedignas.com.mx\/wp-content\/uploads\/2025\/11\/img_7067.jpg","type":"image\/jpeg"}],"author":"Exc\u00e9lsior","twitter_card":"summary_large_image","twitter_creator":"@fidedignas","twitter_site":"@fidedignas","twitter_misc":{"Escrito por":"Exc\u00e9lsior","Tiempo de lectura":"1 minuto"},"schema":{"@context":"https:\/\/schema.org","@graph":[{"@type":"Article","@id":"https:\/\/fuentesfidedignas.com.mx\/index.php\/2025\/11\/28\/mejor-nadota-empleados-celebran-posada-en-pasillos-de-tienda-de-autoservicio\/#article","isPartOf":{"@id":"https:\/\/fuentesfidedignas.com.mx\/index.php\/2025\/11\/28\/mejor-nadota-empleados-celebran-posada-en-pasillos-de-tienda-de-autoservicio\/"},"author":{"name":"Exc\u00e9lsior","@id":"https:\/\/fuentesfidedignas.com.mx\/#\/schema\/person\/ec4edd1fbf5efa3e44fce34fe2787780"},"headline":"\u2018Mejor nadota\u2019, empleados celebran posada en pasillos de tienda de autoservicio","datePublished":"2025-11-28T12:30:42+00:00","mainEntityOfPage":{"@id":"https:\/\/fuentesfidedignas.com.mx\/index.php\/2025\/11\/28\/mejor-nadota-empleados-celebran-posada-en-pasillos-de-tienda-de-autoservicio\/"},"wordCount":255,"publisher":{"@id":"https:\/\/fuentesfidedignas.com.mx\/#organization"},"image":{"@id":"https:\/\/fuentesfidedignas.com.mx\/index.php\/2025\/11\/28\/mejor-nadota-empleados-celebran-posada-en-pasillos-de-tienda-de-autoservicio\/#primaryimage"},"thumbnailUrl":"https:\/\/fuentesfidedignas.com.mx\/wp-content\/uploads\/2025\/11\/img_7067.jpg","articleSection":["LAS ASOMBROSAS"],"inLanguage":"es"},{"@type":"WebPage","@id":"https:\/\/fuentesfidedignas.com.mx\/index.php\/2025\/11\/28\/mejor-nadota-empleados-celebran-posada-en-pasillos-de-tienda-de-autoservicio\/","url":"https:\/\/fuentesfidedignas.com.mx\/index.php\/2025\/11\/28\/mejor-nadota-empleados-celebran-posada-en-pasillos-de-tienda-de-autoservicio\/","name":"\u2018Mejor nadota\u2019, empleados celebran posada en pasillos de tienda de autoservicio - Fuentes Fidedignas","isPartOf":{"@id":"https:\/\/fuentesfidedignas.com.mx\/#website"},"primaryImageOfPage":{"@id":"https:\/\/fuentesfidedignas.com.mx\/index.php\/2025\/11\/28\/mejor-nadota-empleados-celebran-posada-en-pasillos-de-tienda-de-autoservicio\/#primaryimage"},"image":{"@id":"https:\/\/fuentesfidedignas.com.mx\/index.php\/2025\/11\/28\/mejor-nadota-empleados-celebran-posada-en-pasillos-de-tienda-de-autoservicio\/#primaryimage"},"thumbnailUrl":"https:\/\/fuentesfidedignas.com.mx\/wp-content\/uploads\/2025\/11\/img_7067.jpg","datePublished":"2025-11-28T12:30:42+00:00","breadcrumb":{"@id":"https:\/\/fuentesfidedignas.com.mx\/index.php\/2025\/11\/28\/mejor-nadota-empleados-celebran-posada-en-pasillos-de-tienda-de-autoservicio\/#breadcrumb"},"inLanguage":"es","potentialAction":[{"@type":"ReadAction","target":["https:\/\/fuentesfidedignas.com.mx\/index.php\/2025\/11\/28\/mejor-nadota-empleados-celebran-posada-en-pasillos-de-tienda-de-autoservicio\/"]}]},{"@type":"ImageObject","inLanguage":"es","@id":"https:\/\/fuentesfidedignas.com.mx\/index.php\/2025\/11\/28\/mejor-nadota-empleados-celebran-posada-en-pasillos-de-tienda-de-autoservicio\/#primaryimage","url":"https:\/\/fuentesfidedignas.com.mx\/wp-content\/uploads\/2025\/11\/img_7067.jpg","contentUrl":"https:\/\/fuentesfidedignas.com.mx\/wp-content\/uploads\/2025\/11\/img_7067.jpg","width":380,"height":308},{"@type":"BreadcrumbList","@id":"https:\/\/fuentesfidedignas.com.mx\/index.php\/2025\/11\/28\/mejor-nadota-empleados-celebran-posada-en-pasillos-de-tienda-de-autoservicio\/#breadcrumb","itemListElement":[{"@type":"ListItem","position":1,"name":"Inicio","item":"https:\/\/fuentesfidedignas.com.mx\/"},{"@type":"ListItem","position":2,"name":"\u2018Mejor nadota\u2019, empleados celebran posada en pasillos de tienda de autoservicio"}]},{"@type":"WebSite","@id":"https:\/\/fuentesfidedignas.com.mx\/#website","url":"https:\/\/fuentesfidedignas.com.mx\/","name":"Fuentes Fidedignas","description":"Otro sitio realizado con WordPress","publisher":{"@id":"https:\/\/fuentesfidedignas.com.mx\/#organization"},"potentialAction":[{"@type":"SearchAction","target":{"@type":"EntryPoint","urlTemplate":"https:\/\/fuentesfidedignas.com.mx\/?s={search_term_string}"},"query-input":{"@type":"PropertyValueSpecification","valueRequired":true,"valueName":"search_term_string"}}],"inLanguage":"es"},{"@type":"Organization","@id":"https:\/\/fuentesfidedignas.com.mx\/#organization","name":"Fuentes Fidedignas","url":"https:\/\/fuentesfidedignas.com.mx\/","logo":{"@type":"ImageObject","inLanguage":"es","@id":"https:\/\/fuentesfidedignas.com.mx\/#\/schema\/logo\/image\/","url":"https:\/\/fuentesfidedignas.com.mx\/wp-content\/uploads\/2021\/04\/logo-retina.png","contentUrl":"https:\/\/fuentesfidedignas.com.mx\/wp-content\/uploads\/2021\/04\/logo-retina.png","width":280,"height":51,"caption":"Fuentes Fidedignas"},"image":{"@id":"https:\/\/fuentesfidedignas.com.mx\/#\/schema\/logo\/image\/"},"sameAs":["https:\/\/www.facebook.com\/Fuentes-Fidedignas-368234489921644","https:\/\/x.com\/fidedignas"]},{"@type":"Person","@id":"https:\/\/fuentesfidedignas.com.mx\/#\/schema\/person\/ec4edd1fbf5efa3e44fce34fe2787780","name":"Exc\u00e9lsior","image":{"@type":"ImageObject","inLanguage":"es","@id":"https:\/\/secure.gravatar.com\/avatar\/4b7ee9206b48be08447852b3f0814dbc7c0f3b51541b164f1464a2725614020b?s=96&d=mm&r=g","url":"https:\/\/secure.gravatar.com\/avatar\/4b7ee9206b48be08447852b3f0814dbc7c0f3b51541b164f1464a2725614020b?s=96&d=mm&r=g","contentUrl":"https:\/\/secure.gravatar.com\/avatar\/4b7ee9206b48be08447852b3f0814dbc7c0f3b51541b164f1464a2725614020b?s=96&d=mm&r=g","caption":"Exc\u00e9lsior"},"url":"https:\/\/fuentesfidedignas.com.mx\/index.php\/author\/excelsior\/"}]}},"_links":{"self":[{"href":"https:\/\/fuentesfidedignas.com.mx\/index.php\/wp-json\/wp\/v2\/posts\/122576","targetHints":{"allow":["GET"]}}],"collection":[{"href":"https:\/\/fuentesfidedignas.com.mx\/index.php\/wp-json\/wp\/v2\/posts"}],"about":[{"href":"https:\/\/fuentesfidedignas.com.mx\/index.php\/wp-json\/wp\/v2\/types\/post"}],"author":[{"embeddable":true,"href":"https:\/\/fuentesfidedignas.com.mx\/index.php\/wp-json\/wp\/v2\/users\/7"}],"replies":[{"embeddable":true,"href":"https:\/\/fuentesfidedignas.com.mx\/index.php\/wp-json\/wp\/v2\/comments?post=122576"}],"version-history":[{"count":1,"href":"https:\/\/fuentesfidedignas.com.mx\/index.php\/wp-json\/wp\/v2\/posts\/122576\/revisions"}],"predecessor-version":[{"id":122577,"href":"https:\/\/fuentesfidedignas.com.mx\/index.php\/wp-json\/wp\/v2\/posts\/122576\/revisions\/122577"}],"wp:featuredmedia":[{"embeddable":true,"href":"https:\/\/fuentesfidedignas.com.mx\/index.php\/wp-json\/wp\/v2\/media\/122575"}],"wp:attachment":[{"href":"https:\/\/fuentesfidedignas.com.mx\/index.php\/wp-json\/wp\/v2\/media?parent=122576"}],"wp:term":[{"taxonomy":"category","embeddable":true,"href":"https:\/\/fuentesfidedignas.com.mx\/index.php\/wp-json\/wp\/v2\/categories?post=122576"},{"taxonomy":"post_tag","embeddable":true,"href":"https:\/\/fuentesfidedignas.com.mx\/index.php\/wp-json\/wp\/v2\/tags?post=122576"}],"curies":[{"name":"wp","href":"https:\/\/api.w.org\/{rel}","templated":true}]}}