{"id":12254,"date":"2021-09-10T15:44:47","date_gmt":"2021-09-10T22:44:47","guid":{"rendered":"https:\/\/fuentesfidedignas.com.mx\/?p=12254"},"modified":"2021-09-10T15:44:48","modified_gmt":"2021-09-10T22:44:48","slug":"cordova-rechaza-renunciar-al-ine-si-reforma-electoral-es-impuesta-sera-un-problema-dice","status":"publish","type":"post","link":"https:\/\/fuentesfidedignas.com.mx\/index.php\/2021\/09\/10\/cordova-rechaza-renunciar-al-ine-si-reforma-electoral-es-impuesta-sera-un-problema-dice\/","title":{"rendered":"C\u00f3rdova rechaza renunciar al INE; si reforma electoral es impuesta ser\u00e1 un problema, dice"},"content":{"rendered":"\n<p><strong><em>El consejero presidente del Instituto Nacional Electoral dijo que \u00e9l estar\u00e1 en su cargo un a\u00f1o y seis meses m\u00e1s porque tiene un mandato Constitucional y \u00e9l respeta mucho la Carta Magna<\/em><\/strong><\/p>\n\n\n\n<p>Ciudad de M\u00e9xico.- El consejero presidente del Instituto Nacional Electoral (INE), Lorenzo C\u00f3rdova Vianello, rechaz\u00f3 renunciar a su cargo como lo exigi\u00f3 el coordinador de la bancada mayoritaria de Morena en la C\u00e1mara de Diputados, Ignacio Mier y dijo que \u00e9l estar\u00e1 en su cargo un a\u00f1o y seis meses m\u00e1s porque tiene un mandato Constitucional y \u00e9l respeta mucho la Carta Magna.<\/p>\n\n\n\n<p>\u201cEs que tengo un mandato constitucional y yo respeto mucho la Constituci\u00f3n y estar\u00e9 hasta que la Constituci\u00f3n lo establezca\u201d, respondi\u00f3 Lorenzo C\u00f3rdova.<\/p>\n\n\n\n<p>En conferencia de prensa en la C\u00e1mara de Diputados, luego de reunirse con el diputado presidente de la Mesa Directiva, Sergio Guti\u00e9rrez (Morena), Lorenzo C\u00f3rdova dijo que la aprobaci\u00f3n de una reforma electoral tiene que ser incluyente, con una discusi\u00f3n abierta, y escuchando a distintas voces, y en la que se construyan consensos, pero si eso no pasa, \u201cvamos a tener un problema\u201d.<\/p>\n\n\n\n<p>Agreg\u00f3 que si una reforma electoral es producto de la imposici\u00f3n, aunque se consigan los n\u00fameros (votos), se va a volver un problema.<\/p>\n\n\n\n<p>\u201cEl tema de la reforma electoral, coincidiendo con lo que acaba de decir el presidente de la Mesa, es un tema que, por definici\u00f3n, tiene que ser incluyente, si una reforma electoral no pasa por esa l\u00f3gica, no solamente por una discusi\u00f3n abierta, en la que las distintas voces se escuchen y en las que se construyan consensos vamos a tener un problema, si una ley es producto de una imposici\u00f3n, aunque se consigan los n\u00fameros necesarios, es muy probable que la ley se vuelva un problema, lo dec\u00eda el diputado Guti\u00e9rrez Luna, una ley que tenga un consenso, un respaldo, una legitimidad, producto del entendimiento, va a ser una ley mucho m\u00e1s f\u00e1cil de cumplimiento y va a funcionar para permitir la gobernabilidad p\u00fablica y democr\u00e1tica\u201d, dijo Lorenzo C\u00f3rdova.<\/p>\n\n\n\n<p>Dijo que \u00e9stos elementos, en una reforma electoral, es una condici\u00f3n sine qua non, \u201cporque si no podemos abrirnos la puerta a que en el futuro, quien no est\u00e9 conforme con el resultado electoral achaque, dig\u00e1moslo as\u00ed, esa responsabilidad a una ley, y desde ese punto de vista, creo que todas las voces, m\u00e1s all\u00e1 de las estridencias m\u00e1s all\u00e1 de los puntos de vista son v\u00e1lidas y ser\u00e1 este el \u00f3rgano donde la pluralidad pol\u00edtica del pa\u00eds est\u00e1 definida, o est\u00e1 representada es en donde tendr\u00e1n que tomarse las decisiones pertinentes\u201d.<\/p>\n","protected":false},"excerpt":{"rendered":"<p>El consejero presidente del Instituto Nacional Electoral dijo que \u00e9l estar\u00e1 en su cargo un a\u00f1o y seis meses m\u00e1s porque tiene un mandato Constitucional y \u00e9l respeta mucho la Carta Magna Ciudad de M\u00e9xico.- El consejero presidente del Instituto Nacional Electoral (INE), Lorenzo C\u00f3rdova Vianello, rechaz\u00f3 renunciar a su cargo como lo exigi\u00f3 el [&hellip;]<\/p>\n","protected":false},"author":39,"featured_media":12255,"comment_status":"open","ping_status":"open","sticky":false,"template":"","format":"standard","meta":{"tdm_status":"","tdm_grid_status":"","footnotes":""},"categories":[39],"tags":[264,263,606],"class_list":{"0":"post-12254","1":"post","2":"type-post","3":"status-publish","4":"format-standard","5":"has-post-thumbnail","7":"category-noticias-nacionales","8":"tag-ine","9":"tag-instituto-nacional-electoral","10":"tag-lorenzo-cordova"},"yoast_head":"<!-- This site is optimized with the Yoast SEO plugin v27.5 - https:\/\/yoast.com\/product\/yoast-seo-wordpress\/ -->\n<title>C\u00f3rdova rechaza renunciar al INE; si reforma electoral es impuesta ser\u00e1 un problema, dice - Fuentes Fidedignas<\/title>\n<meta name=\"robots\" content=\"index, follow, max-snippet:-1, max-image-preview:large, max-video-preview:-1\" \/>\n<link rel=\"canonical\" href=\"https:\/\/fuentesfidedignas.com.mx\/index.php\/2021\/09\/10\/cordova-rechaza-renunciar-al-ine-si-reforma-electoral-es-impuesta-sera-un-problema-dice\/\" \/>\n<meta property=\"og:locale\" content=\"es_MX\" \/>\n<meta property=\"og:type\" content=\"article\" \/>\n<meta property=\"og:title\" content=\"C\u00f3rdova rechaza renunciar al INE; si reforma electoral es impuesta ser\u00e1 un problema, dice - Fuentes Fidedignas\" \/>\n<meta property=\"og:description\" content=\"El consejero presidente del Instituto Nacional Electoral dijo que \u00e9l estar\u00e1 en su cargo un a\u00f1o y seis meses m\u00e1s porque tiene un mandato Constitucional y \u00e9l respeta mucho la Carta Magna Ciudad de M\u00e9xico.- El consejero presidente del Instituto Nacional Electoral (INE), Lorenzo C\u00f3rdova Vianello, rechaz\u00f3 renunciar a su cargo como lo exigi\u00f3 el [&hellip;]\" \/>\n<meta property=\"og:url\" content=\"https:\/\/fuentesfidedignas.com.mx\/index.php\/2021\/09\/10\/cordova-rechaza-renunciar-al-ine-si-reforma-electoral-es-impuesta-sera-un-problema-dice\/\" \/>\n<meta property=\"og:site_name\" content=\"Fuentes Fidedignas\" \/>\n<meta property=\"article:publisher\" content=\"https:\/\/www.facebook.com\/Fuentes-Fidedignas-368234489921644\" \/>\n<meta property=\"article:published_time\" content=\"2021-09-10T22:44:47+00:00\" \/>\n<meta property=\"article:modified_time\" content=\"2021-09-10T22:44:48+00:00\" \/>\n<meta property=\"og:image\" content=\"https:\/\/fuentesfidedignas.com.mx\/wp-content\/uploads\/2021\/09\/lorenzo_cordova.jpg_554688468.jpg\" \/>\n\t<meta property=\"og:image:width\" content=\"1200\" \/>\n\t<meta property=\"og:image:height\" content=\"675\" \/>\n\t<meta property=\"og:image:type\" content=\"image\/jpeg\" \/>\n<meta name=\"author\" content=\"El Universal\" \/>\n<meta name=\"twitter:card\" content=\"summary_large_image\" \/>\n<meta name=\"twitter:creator\" content=\"@fidedignas\" \/>\n<meta name=\"twitter:site\" content=\"@fidedignas\" \/>\n<meta name=\"twitter:label1\" content=\"Escrito por\" \/>\n\t<meta name=\"twitter:data1\" content=\"El Universal\" \/>\n\t<meta name=\"twitter:label2\" content=\"Tiempo de lectura\" \/>\n\t<meta name=\"twitter:data2\" content=\"2 minutos\" \/>\n<script type=\"application\/ld+json\" class=\"yoast-schema-graph\">{\"@context\":\"https:\\\/\\\/schema.org\",\"@graph\":[{\"@type\":\"Article\",\"@id\":\"https:\\\/\\\/fuentesfidedignas.com.mx\\\/index.php\\\/2021\\\/09\\\/10\\\/cordova-rechaza-renunciar-al-ine-si-reforma-electoral-es-impuesta-sera-un-problema-dice\\\/#article\",\"isPartOf\":{\"@id\":\"https:\\\/\\\/fuentesfidedignas.com.mx\\\/index.php\\\/2021\\\/09\\\/10\\\/cordova-rechaza-renunciar-al-ine-si-reforma-electoral-es-impuesta-sera-un-problema-dice\\\/\"},\"author\":{\"name\":\"El Universal\",\"@id\":\"https:\\\/\\\/fuentesfidedignas.com.mx\\\/#\\\/schema\\\/person\\\/fee3882e65fd0510d292c43a346d35d7\"},\"headline\":\"C\u00f3rdova rechaza renunciar al INE; si reforma electoral es impuesta ser\u00e1 un problema, dice\",\"datePublished\":\"2021-09-10T22:44:47+00:00\",\"dateModified\":\"2021-09-10T22:44:48+00:00\",\"mainEntityOfPage\":{\"@id\":\"https:\\\/\\\/fuentesfidedignas.com.mx\\\/index.php\\\/2021\\\/09\\\/10\\\/cordova-rechaza-renunciar-al-ine-si-reforma-electoral-es-impuesta-sera-un-problema-dice\\\/\"},\"wordCount\":479,\"commentCount\":0,\"publisher\":{\"@id\":\"https:\\\/\\\/fuentesfidedignas.com.mx\\\/#organization\"},\"image\":{\"@id\":\"https:\\\/\\\/fuentesfidedignas.com.mx\\\/index.php\\\/2021\\\/09\\\/10\\\/cordova-rechaza-renunciar-al-ine-si-reforma-electoral-es-impuesta-sera-un-problema-dice\\\/#primaryimage\"},\"thumbnailUrl\":\"https:\\\/\\\/fuentesfidedignas.com.mx\\\/wp-content\\\/uploads\\\/2021\\\/09\\\/lorenzo_cordova.jpg_554688468.jpg\",\"keywords\":[\"INE\",\"Instituto Nacional Electoral\",\"Lorenzo C\u00f3rdova\"],\"articleSection\":[\"NOTICIAS NACIONALES\"],\"inLanguage\":\"es\",\"potentialAction\":[{\"@type\":\"CommentAction\",\"name\":\"Comment\",\"target\":[\"https:\\\/\\\/fuentesfidedignas.com.mx\\\/index.php\\\/2021\\\/09\\\/10\\\/cordova-rechaza-renunciar-al-ine-si-reforma-electoral-es-impuesta-sera-un-problema-dice\\\/#respond\"]}]},{\"@type\":\"WebPage\",\"@id\":\"https:\\\/\\\/fuentesfidedignas.com.mx\\\/index.php\\\/2021\\\/09\\\/10\\\/cordova-rechaza-renunciar-al-ine-si-reforma-electoral-es-impuesta-sera-un-problema-dice\\\/\",\"url\":\"https:\\\/\\\/fuentesfidedignas.com.mx\\\/index.php\\\/2021\\\/09\\\/10\\\/cordova-rechaza-renunciar-al-ine-si-reforma-electoral-es-impuesta-sera-un-problema-dice\\\/\",\"name\":\"C\u00f3rdova rechaza renunciar al INE; si reforma electoral es impuesta ser\u00e1 un problema, dice - Fuentes Fidedignas\",\"isPartOf\":{\"@id\":\"https:\\\/\\\/fuentesfidedignas.com.mx\\\/#website\"},\"primaryImageOfPage\":{\"@id\":\"https:\\\/\\\/fuentesfidedignas.com.mx\\\/index.php\\\/2021\\\/09\\\/10\\\/cordova-rechaza-renunciar-al-ine-si-reforma-electoral-es-impuesta-sera-un-problema-dice\\\/#primaryimage\"},\"image\":{\"@id\":\"https:\\\/\\\/fuentesfidedignas.com.mx\\\/index.php\\\/2021\\\/09\\\/10\\\/cordova-rechaza-renunciar-al-ine-si-reforma-electoral-es-impuesta-sera-un-problema-dice\\\/#primaryimage\"},\"thumbnailUrl\":\"https:\\\/\\\/fuentesfidedignas.com.mx\\\/wp-content\\\/uploads\\\/2021\\\/09\\\/lorenzo_cordova.jpg_554688468.jpg\",\"datePublished\":\"2021-09-10T22:44:47+00:00\",\"dateModified\":\"2021-09-10T22:44:48+00:00\",\"breadcrumb\":{\"@id\":\"https:\\\/\\\/fuentesfidedignas.com.mx\\\/index.php\\\/2021\\\/09\\\/10\\\/cordova-rechaza-renunciar-al-ine-si-reforma-electoral-es-impuesta-sera-un-problema-dice\\\/#breadcrumb\"},\"inLanguage\":\"es\",\"potentialAction\":[{\"@type\":\"ReadAction\",\"target\":[\"https:\\\/\\\/fuentesfidedignas.com.mx\\\/index.php\\\/2021\\\/09\\\/10\\\/cordova-rechaza-renunciar-al-ine-si-reforma-electoral-es-impuesta-sera-un-problema-dice\\\/\"]}]},{\"@type\":\"ImageObject\",\"inLanguage\":\"es\",\"@id\":\"https:\\\/\\\/fuentesfidedignas.com.mx\\\/index.php\\\/2021\\\/09\\\/10\\\/cordova-rechaza-renunciar-al-ine-si-reforma-electoral-es-impuesta-sera-un-problema-dice\\\/#primaryimage\",\"url\":\"https:\\\/\\\/fuentesfidedignas.com.mx\\\/wp-content\\\/uploads\\\/2021\\\/09\\\/lorenzo_cordova.jpg_554688468.jpg\",\"contentUrl\":\"https:\\\/\\\/fuentesfidedignas.com.mx\\\/wp-content\\\/uploads\\\/2021\\\/09\\\/lorenzo_cordova.jpg_554688468.jpg\",\"width\":1200,\"height\":675},{\"@type\":\"BreadcrumbList\",\"@id\":\"https:\\\/\\\/fuentesfidedignas.com.mx\\\/index.php\\\/2021\\\/09\\\/10\\\/cordova-rechaza-renunciar-al-ine-si-reforma-electoral-es-impuesta-sera-un-problema-dice\\\/#breadcrumb\",\"itemListElement\":[{\"@type\":\"ListItem\",\"position\":1,\"name\":\"Inicio\",\"item\":\"https:\\\/\\\/fuentesfidedignas.com.mx\\\/\"},{\"@type\":\"ListItem\",\"position\":2,\"name\":\"C\u00f3rdova rechaza renunciar al INE; si reforma electoral es impuesta ser\u00e1 un problema, dice\"}]},{\"@type\":\"WebSite\",\"@id\":\"https:\\\/\\\/fuentesfidedignas.com.mx\\\/#website\",\"url\":\"https:\\\/\\\/fuentesfidedignas.com.mx\\\/\",\"name\":\"Fuentes Fidedignas\",\"description\":\"Otro sitio realizado con WordPress\",\"publisher\":{\"@id\":\"https:\\\/\\\/fuentesfidedignas.com.mx\\\/#organization\"},\"potentialAction\":[{\"@type\":\"SearchAction\",\"target\":{\"@type\":\"EntryPoint\",\"urlTemplate\":\"https:\\\/\\\/fuentesfidedignas.com.mx\\\/?s={search_term_string}\"},\"query-input\":{\"@type\":\"PropertyValueSpecification\",\"valueRequired\":true,\"valueName\":\"search_term_string\"}}],\"inLanguage\":\"es\"},{\"@type\":\"Organization\",\"@id\":\"https:\\\/\\\/fuentesfidedignas.com.mx\\\/#organization\",\"name\":\"Fuentes Fidedignas\",\"url\":\"https:\\\/\\\/fuentesfidedignas.com.mx\\\/\",\"logo\":{\"@type\":\"ImageObject\",\"inLanguage\":\"es\",\"@id\":\"https:\\\/\\\/fuentesfidedignas.com.mx\\\/#\\\/schema\\\/logo\\\/image\\\/\",\"url\":\"https:\\\/\\\/fuentesfidedignas.com.mx\\\/wp-content\\\/uploads\\\/2021\\\/04\\\/logo-retina.png\",\"contentUrl\":\"https:\\\/\\\/fuentesfidedignas.com.mx\\\/wp-content\\\/uploads\\\/2021\\\/04\\\/logo-retina.png\",\"width\":280,\"height\":51,\"caption\":\"Fuentes Fidedignas\"},\"image\":{\"@id\":\"https:\\\/\\\/fuentesfidedignas.com.mx\\\/#\\\/schema\\\/logo\\\/image\\\/\"},\"sameAs\":[\"https:\\\/\\\/www.facebook.com\\\/Fuentes-Fidedignas-368234489921644\",\"https:\\\/\\\/x.com\\\/fidedignas\"]},{\"@type\":\"Person\",\"@id\":\"https:\\\/\\\/fuentesfidedignas.com.mx\\\/#\\\/schema\\\/person\\\/fee3882e65fd0510d292c43a346d35d7\",\"name\":\"El Universal\",\"image\":{\"@type\":\"ImageObject\",\"inLanguage\":\"es\",\"@id\":\"https:\\\/\\\/secure.gravatar.com\\\/avatar\\\/1ebc94d82b6c3c081781f73e5b76a0d0c1ac7bf8e57426f18802246eeaa2747c?s=96&d=mm&r=g\",\"url\":\"https:\\\/\\\/secure.gravatar.com\\\/avatar\\\/1ebc94d82b6c3c081781f73e5b76a0d0c1ac7bf8e57426f18802246eeaa2747c?s=96&d=mm&r=g\",\"contentUrl\":\"https:\\\/\\\/secure.gravatar.com\\\/avatar\\\/1ebc94d82b6c3c081781f73e5b76a0d0c1ac7bf8e57426f18802246eeaa2747c?s=96&d=mm&r=g\",\"caption\":\"El Universal\"},\"url\":\"https:\\\/\\\/fuentesfidedignas.com.mx\\\/index.php\\\/author\\\/el-universal\\\/\"}]}<\/script>\n<!-- \/ Yoast SEO plugin. -->","yoast_head_json":{"title":"C\u00f3rdova rechaza renunciar al INE; si reforma electoral es impuesta ser\u00e1 un problema, dice - Fuentes Fidedignas","robots":{"index":"index","follow":"follow","max-snippet":"max-snippet:-1","max-image-preview":"max-image-preview:large","max-video-preview":"max-video-preview:-1"},"canonical":"https:\/\/fuentesfidedignas.com.mx\/index.php\/2021\/09\/10\/cordova-rechaza-renunciar-al-ine-si-reforma-electoral-es-impuesta-sera-un-problema-dice\/","og_locale":"es_MX","og_type":"article","og_title":"C\u00f3rdova rechaza renunciar al INE; si reforma electoral es impuesta ser\u00e1 un problema, dice - Fuentes Fidedignas","og_description":"El consejero presidente del Instituto Nacional Electoral dijo que \u00e9l estar\u00e1 en su cargo un a\u00f1o y seis meses m\u00e1s porque tiene un mandato Constitucional y \u00e9l respeta mucho la Carta Magna Ciudad de M\u00e9xico.- El consejero presidente del Instituto Nacional Electoral (INE), Lorenzo C\u00f3rdova Vianello, rechaz\u00f3 renunciar a su cargo como lo exigi\u00f3 el [&hellip;]","og_url":"https:\/\/fuentesfidedignas.com.mx\/index.php\/2021\/09\/10\/cordova-rechaza-renunciar-al-ine-si-reforma-electoral-es-impuesta-sera-un-problema-dice\/","og_site_name":"Fuentes Fidedignas","article_publisher":"https:\/\/www.facebook.com\/Fuentes-Fidedignas-368234489921644","article_published_time":"2021-09-10T22:44:47+00:00","article_modified_time":"2021-09-10T22:44:48+00:00","og_image":[{"width":1200,"height":675,"url":"https:\/\/fuentesfidedignas.com.mx\/wp-content\/uploads\/2021\/09\/lorenzo_cordova.jpg_554688468.jpg","type":"image\/jpeg"}],"author":"El Universal","twitter_card":"summary_large_image","twitter_creator":"@fidedignas","twitter_site":"@fidedignas","twitter_misc":{"Escrito por":"El Universal","Tiempo de lectura":"2 minutos"},"schema":{"@context":"https:\/\/schema.org","@graph":[{"@type":"Article","@id":"https:\/\/fuentesfidedignas.com.mx\/index.php\/2021\/09\/10\/cordova-rechaza-renunciar-al-ine-si-reforma-electoral-es-impuesta-sera-un-problema-dice\/#article","isPartOf":{"@id":"https:\/\/fuentesfidedignas.com.mx\/index.php\/2021\/09\/10\/cordova-rechaza-renunciar-al-ine-si-reforma-electoral-es-impuesta-sera-un-problema-dice\/"},"author":{"name":"El Universal","@id":"https:\/\/fuentesfidedignas.com.mx\/#\/schema\/person\/fee3882e65fd0510d292c43a346d35d7"},"headline":"C\u00f3rdova rechaza renunciar al INE; si reforma electoral es impuesta ser\u00e1 un problema, dice","datePublished":"2021-09-10T22:44:47+00:00","dateModified":"2021-09-10T22:44:48+00:00","mainEntityOfPage":{"@id":"https:\/\/fuentesfidedignas.com.mx\/index.php\/2021\/09\/10\/cordova-rechaza-renunciar-al-ine-si-reforma-electoral-es-impuesta-sera-un-problema-dice\/"},"wordCount":479,"commentCount":0,"publisher":{"@id":"https:\/\/fuentesfidedignas.com.mx\/#organization"},"image":{"@id":"https:\/\/fuentesfidedignas.com.mx\/index.php\/2021\/09\/10\/cordova-rechaza-renunciar-al-ine-si-reforma-electoral-es-impuesta-sera-un-problema-dice\/#primaryimage"},"thumbnailUrl":"https:\/\/fuentesfidedignas.com.mx\/wp-content\/uploads\/2021\/09\/lorenzo_cordova.jpg_554688468.jpg","keywords":["INE","Instituto Nacional Electoral","Lorenzo C\u00f3rdova"],"articleSection":["NOTICIAS NACIONALES"],"inLanguage":"es","potentialAction":[{"@type":"CommentAction","name":"Comment","target":["https:\/\/fuentesfidedignas.com.mx\/index.php\/2021\/09\/10\/cordova-rechaza-renunciar-al-ine-si-reforma-electoral-es-impuesta-sera-un-problema-dice\/#respond"]}]},{"@type":"WebPage","@id":"https:\/\/fuentesfidedignas.com.mx\/index.php\/2021\/09\/10\/cordova-rechaza-renunciar-al-ine-si-reforma-electoral-es-impuesta-sera-un-problema-dice\/","url":"https:\/\/fuentesfidedignas.com.mx\/index.php\/2021\/09\/10\/cordova-rechaza-renunciar-al-ine-si-reforma-electoral-es-impuesta-sera-un-problema-dice\/","name":"C\u00f3rdova rechaza renunciar al INE; si reforma electoral es impuesta ser\u00e1 un problema, dice - Fuentes Fidedignas","isPartOf":{"@id":"https:\/\/fuentesfidedignas.com.mx\/#website"},"primaryImageOfPage":{"@id":"https:\/\/fuentesfidedignas.com.mx\/index.php\/2021\/09\/10\/cordova-rechaza-renunciar-al-ine-si-reforma-electoral-es-impuesta-sera-un-problema-dice\/#primaryimage"},"image":{"@id":"https:\/\/fuentesfidedignas.com.mx\/index.php\/2021\/09\/10\/cordova-rechaza-renunciar-al-ine-si-reforma-electoral-es-impuesta-sera-un-problema-dice\/#primaryimage"},"thumbnailUrl":"https:\/\/fuentesfidedignas.com.mx\/wp-content\/uploads\/2021\/09\/lorenzo_cordova.jpg_554688468.jpg","datePublished":"2021-09-10T22:44:47+00:00","dateModified":"2021-09-10T22:44:48+00:00","breadcrumb":{"@id":"https:\/\/fuentesfidedignas.com.mx\/index.php\/2021\/09\/10\/cordova-rechaza-renunciar-al-ine-si-reforma-electoral-es-impuesta-sera-un-problema-dice\/#breadcrumb"},"inLanguage":"es","potentialAction":[{"@type":"ReadAction","target":["https:\/\/fuentesfidedignas.com.mx\/index.php\/2021\/09\/10\/cordova-rechaza-renunciar-al-ine-si-reforma-electoral-es-impuesta-sera-un-problema-dice\/"]}]},{"@type":"ImageObject","inLanguage":"es","@id":"https:\/\/fuentesfidedignas.com.mx\/index.php\/2021\/09\/10\/cordova-rechaza-renunciar-al-ine-si-reforma-electoral-es-impuesta-sera-un-problema-dice\/#primaryimage","url":"https:\/\/fuentesfidedignas.com.mx\/wp-content\/uploads\/2021\/09\/lorenzo_cordova.jpg_554688468.jpg","contentUrl":"https:\/\/fuentesfidedignas.com.mx\/wp-content\/uploads\/2021\/09\/lorenzo_cordova.jpg_554688468.jpg","width":1200,"height":675},{"@type":"BreadcrumbList","@id":"https:\/\/fuentesfidedignas.com.mx\/index.php\/2021\/09\/10\/cordova-rechaza-renunciar-al-ine-si-reforma-electoral-es-impuesta-sera-un-problema-dice\/#breadcrumb","itemListElement":[{"@type":"ListItem","position":1,"name":"Inicio","item":"https:\/\/fuentesfidedignas.com.mx\/"},{"@type":"ListItem","position":2,"name":"C\u00f3rdova rechaza renunciar al INE; si reforma electoral es impuesta ser\u00e1 un problema, dice"}]},{"@type":"WebSite","@id":"https:\/\/fuentesfidedignas.com.mx\/#website","url":"https:\/\/fuentesfidedignas.com.mx\/","name":"Fuentes Fidedignas","description":"Otro sitio realizado con WordPress","publisher":{"@id":"https:\/\/fuentesfidedignas.com.mx\/#organization"},"potentialAction":[{"@type":"SearchAction","target":{"@type":"EntryPoint","urlTemplate":"https:\/\/fuentesfidedignas.com.mx\/?s={search_term_string}"},"query-input":{"@type":"PropertyValueSpecification","valueRequired":true,"valueName":"search_term_string"}}],"inLanguage":"es"},{"@type":"Organization","@id":"https:\/\/fuentesfidedignas.com.mx\/#organization","name":"Fuentes Fidedignas","url":"https:\/\/fuentesfidedignas.com.mx\/","logo":{"@type":"ImageObject","inLanguage":"es","@id":"https:\/\/fuentesfidedignas.com.mx\/#\/schema\/logo\/image\/","url":"https:\/\/fuentesfidedignas.com.mx\/wp-content\/uploads\/2021\/04\/logo-retina.png","contentUrl":"https:\/\/fuentesfidedignas.com.mx\/wp-content\/uploads\/2021\/04\/logo-retina.png","width":280,"height":51,"caption":"Fuentes Fidedignas"},"image":{"@id":"https:\/\/fuentesfidedignas.com.mx\/#\/schema\/logo\/image\/"},"sameAs":["https:\/\/www.facebook.com\/Fuentes-Fidedignas-368234489921644","https:\/\/x.com\/fidedignas"]},{"@type":"Person","@id":"https:\/\/fuentesfidedignas.com.mx\/#\/schema\/person\/fee3882e65fd0510d292c43a346d35d7","name":"El Universal","image":{"@type":"ImageObject","inLanguage":"es","@id":"https:\/\/secure.gravatar.com\/avatar\/1ebc94d82b6c3c081781f73e5b76a0d0c1ac7bf8e57426f18802246eeaa2747c?s=96&d=mm&r=g","url":"https:\/\/secure.gravatar.com\/avatar\/1ebc94d82b6c3c081781f73e5b76a0d0c1ac7bf8e57426f18802246eeaa2747c?s=96&d=mm&r=g","contentUrl":"https:\/\/secure.gravatar.com\/avatar\/1ebc94d82b6c3c081781f73e5b76a0d0c1ac7bf8e57426f18802246eeaa2747c?s=96&d=mm&r=g","caption":"El Universal"},"url":"https:\/\/fuentesfidedignas.com.mx\/index.php\/author\/el-universal\/"}]}},"_links":{"self":[{"href":"https:\/\/fuentesfidedignas.com.mx\/index.php\/wp-json\/wp\/v2\/posts\/12254","targetHints":{"allow":["GET"]}}],"collection":[{"href":"https:\/\/fuentesfidedignas.com.mx\/index.php\/wp-json\/wp\/v2\/posts"}],"about":[{"href":"https:\/\/fuentesfidedignas.com.mx\/index.php\/wp-json\/wp\/v2\/types\/post"}],"author":[{"embeddable":true,"href":"https:\/\/fuentesfidedignas.com.mx\/index.php\/wp-json\/wp\/v2\/users\/39"}],"replies":[{"embeddable":true,"href":"https:\/\/fuentesfidedignas.com.mx\/index.php\/wp-json\/wp\/v2\/comments?post=12254"}],"version-history":[{"count":1,"href":"https:\/\/fuentesfidedignas.com.mx\/index.php\/wp-json\/wp\/v2\/posts\/12254\/revisions"}],"predecessor-version":[{"id":12256,"href":"https:\/\/fuentesfidedignas.com.mx\/index.php\/wp-json\/wp\/v2\/posts\/12254\/revisions\/12256"}],"wp:featuredmedia":[{"embeddable":true,"href":"https:\/\/fuentesfidedignas.com.mx\/index.php\/wp-json\/wp\/v2\/media\/12255"}],"wp:attachment":[{"href":"https:\/\/fuentesfidedignas.com.mx\/index.php\/wp-json\/wp\/v2\/media?parent=12254"}],"wp:term":[{"taxonomy":"category","embeddable":true,"href":"https:\/\/fuentesfidedignas.com.mx\/index.php\/wp-json\/wp\/v2\/categories?post=12254"},{"taxonomy":"post_tag","embeddable":true,"href":"https:\/\/fuentesfidedignas.com.mx\/index.php\/wp-json\/wp\/v2\/tags?post=12254"}],"curies":[{"name":"wp","href":"https:\/\/api.w.org\/{rel}","templated":true}]}}