{"id":122450,"date":"2025-11-26T07:48:00","date_gmt":"2025-11-26T14:48:00","guid":{"rendered":"https:\/\/fuentesfidedignas.com.mx\/?p=122450"},"modified":"2025-11-26T08:52:35","modified_gmt":"2025-11-26T15:52:35","slug":"hong-kong-arde-en-llamas-incendio-en-8-torres-deja-al-menos-13-muertos-y-15-heridos-video","status":"publish","type":"post","link":"https:\/\/fuentesfidedignas.com.mx\/index.php\/2025\/11\/26\/hong-kong-arde-en-llamas-incendio-en-8-torres-deja-al-menos-13-muertos-y-15-heridos-video\/","title":{"rendered":"Hong Kong \u2018arde en llamas\u2019: Incendio en 8 torres deja al menos 13 muertos y 15 heridos (VIDEO)"},"content":{"rendered":"\n<p><strong><em>El incendio en un complejo residencial de Hong Kong dej\u00f3 al menos 13 muertos, 15 heridos y m\u00faltiples personas atrapadas, mientras autoridades intentan controlar el fuego.<\/em><\/strong><\/p>\n\n\n\n<p>Un gran incendio arras\u00f3 un complejo de ocho torres en Hong Kong, que dej\u00f3 al menos 13 muertos y 15 personas m\u00e1s resultaron heridas este mi\u00e9rcoles, dijeron funcionarios de la polic\u00eda y el departamento de bomberos en una conferencia de prensa.<\/p>\n\n\n\n<p>Los videos que circulan en l\u00ednea muestran columnas de humo elev\u00e1ndose hacia el cielo desde los edificios residenciales, donde los andamios de bamb\u00fa parecen haberse incendiado.<\/p>\n\n\n\n<p>Un bombero de 37 a\u00f1os se encontraba entre los fallecidos, tras ser encontrado desplomado en el lugar y trasladado de urgencia al Hospital Pr\u00edncipe de Gales, seg\u00fan inform\u00f3 el gobierno en un comunicado. El incendio se ha clasificado en nivel de alerta 5, la categor\u00eda m\u00e1s grave.<\/p>\n\n\n\n<p>Los residentes de las casas Wang Cheong, Wang Tai y Wang Sun en el Tribunal Wang Fuk hab\u00edan hecho llamadas para decir que no pod\u00edan escapar, inform\u00f3 anteriormente la emisora \u200b\u200bp\u00fablica Radio Televisi\u00f3n Hong Kong, citando un comunicado de la polic\u00eda.<\/p>\n\n\n\n<p>El jefe ejecutivo de Hong Kong, John Lee, declar\u00f3 que hab\u00eda ordenado un esfuerzo m\u00e1ximo de todos los departamentos gubernamentales para extinguir el incendio y rescatar a las personas atrapadas. Tambi\u00e9n expres\u00f3 sus condolencias a las familias de los fallecidos y los heridos.<\/p>\n\n\n\n<blockquote class=\"twitter-tweet\"><p lang=\"in\" dir=\"ltr\">\ud83d\udd25 inferno in Tai Po, Hong Kong\u2026<br><br>13 dead, 15 injured so far\u2026<a href=\"https:\/\/t.co\/0zZSs0oUgO\">https:\/\/t.co\/0zZSs0oUgO<\/a> <a href=\"https:\/\/t.co\/GBEKLasc6G\">pic.twitter.com\/GBEKLasc6G<\/a><\/p>&mdash; Byron Wan (@Byron_Wan) <a href=\"https:\/\/twitter.com\/Byron_Wan\/status\/1993667872175149199?ref_src=twsrc%5Etfw\">November 26, 2025<\/a><\/blockquote> <script async src=\"https:\/\/platform.twitter.com\/widgets.js\" charset=\"utf-8\"><\/script>\n\n\n\n<p><strong>Zonas urbanas de Hong Kong suelen estar densamente pobladas<\/strong><br>Las urbanizaciones de Hong Kong est\u00e1n densamente pobladas, con familias multigeneracionales que a menudo viven en un peque\u00f1o apartamento. Hay cerca de 2 mil unidades en el complejo de viviendas en llamas, seg\u00fan la Autoridad de Vivienda de Hong Kong.<\/p>\n\n\n\n<p>Las autoridades informaron que el incendio se declar\u00f3 alrededor de las 14:50 del mi\u00e9rcoles. Im\u00e1genes de video muestran que el fuego segu\u00eda activo al anochecer.<\/p>\n\n\n\n<p>Vecinos del complejo han expresado indignaci\u00f3n por la aparente lentitud en la extinci\u00f3n del incendio. Una residente de la zona, de apellido Cheung, declar\u00f3 al diario que \u201clos edificios arden en cadena y nadie parece apagarlos\u201d, y ha recordado que en las obras cercanas se hab\u00edan detectado obreros fumando, motivo por el que se hab\u00edan impuesto multas.<\/p>\n\n\n\n<p>Un alto mando policial de Tai Po ha confirmado a la prensa que, al no estar controlado el fuego en ninguno de los bloques, resulta imposible realizar registros piso por piso para confirmar que todas las viviendas han sido evacuadas, por lo que se desconoce cu\u00e1ntas personas permanecen atrapadas.<\/p>\n\n\n\n<p>Incidentes como este subrayan preocupaciones recurrentes sobre la seguridad en los andamios de bamb\u00fa \u2014comunes en Hong Kong por su ligereza y bajo costo\u2014, a menudo vinculados a actividades de renovaci\u00f3n, materiales inflamables o fuentes de ignici\u00f3n externa, en un contexto de alta densidad urbana y condiciones clim\u00e1ticas propicias a la sequ\u00eda.<\/p>\n","protected":false},"excerpt":{"rendered":"<p>El incendio en un complejo residencial de Hong Kong dej\u00f3 al menos 13 muertos, 15 heridos y m\u00faltiples personas atrapadas, mientras autoridades intentan controlar el fuego. Un gran incendio arras\u00f3 un complejo de ocho torres en Hong Kong, que dej\u00f3 al menos 13 muertos y 15 personas m\u00e1s resultaron heridas este mi\u00e9rcoles, dijeron funcionarios de [&hellip;]<\/p>\n","protected":false},"author":22,"featured_media":122451,"comment_status":"open","ping_status":"open","sticky":false,"template":"","format":"standard","meta":{"tdm_status":"","tdm_grid_status":"","footnotes":""},"categories":[39],"tags":[],"class_list":{"0":"post-122450","1":"post","2":"type-post","3":"status-publish","4":"format-standard","5":"has-post-thumbnail","7":"category-noticias-nacionales"},"yoast_head":"<!-- This site is optimized with the Yoast SEO plugin v27.5 - https:\/\/yoast.com\/product\/yoast-seo-wordpress\/ -->\n<title>Hong Kong \u2018arde en llamas\u2019: Incendio en 8 torres deja al menos 13 muertos y 15 heridos (VIDEO) - Fuentes Fidedignas<\/title>\n<meta name=\"robots\" content=\"index, follow, max-snippet:-1, max-image-preview:large, max-video-preview:-1\" \/>\n<link rel=\"canonical\" href=\"https:\/\/fuentesfidedignas.com.mx\/index.php\/2025\/11\/26\/hong-kong-arde-en-llamas-incendio-en-8-torres-deja-al-menos-13-muertos-y-15-heridos-video\/\" \/>\n<meta property=\"og:locale\" content=\"es_MX\" \/>\n<meta property=\"og:type\" content=\"article\" \/>\n<meta property=\"og:title\" content=\"Hong Kong \u2018arde en llamas\u2019: Incendio en 8 torres deja al menos 13 muertos y 15 heridos (VIDEO) - Fuentes Fidedignas\" \/>\n<meta property=\"og:description\" content=\"El incendio en un complejo residencial de Hong Kong dej\u00f3 al menos 13 muertos, 15 heridos y m\u00faltiples personas atrapadas, mientras autoridades intentan controlar el fuego. Un gran incendio arras\u00f3 un complejo de ocho torres en Hong Kong, que dej\u00f3 al menos 13 muertos y 15 personas m\u00e1s resultaron heridas este mi\u00e9rcoles, dijeron funcionarios de [&hellip;]\" \/>\n<meta property=\"og:url\" content=\"https:\/\/fuentesfidedignas.com.mx\/index.php\/2025\/11\/26\/hong-kong-arde-en-llamas-incendio-en-8-torres-deja-al-menos-13-muertos-y-15-heridos-video\/\" \/>\n<meta property=\"og:site_name\" content=\"Fuentes Fidedignas\" \/>\n<meta property=\"article:publisher\" content=\"https:\/\/www.facebook.com\/Fuentes-Fidedignas-368234489921644\" \/>\n<meta property=\"article:published_time\" content=\"2025-11-26T14:48:00+00:00\" \/>\n<meta property=\"article:modified_time\" content=\"2025-11-26T15:52:35+00:00\" \/>\n<meta property=\"og:image\" content=\"https:\/\/fuentesfidedignas.com.mx\/wp-content\/uploads\/2025\/11\/fuego_hong.jpg\" \/>\n\t<meta property=\"og:image:width\" content=\"500\" \/>\n\t<meta property=\"og:image:height\" content=\"277\" \/>\n\t<meta property=\"og:image:type\" content=\"image\/jpeg\" \/>\n<meta name=\"author\" content=\"EFE\" \/>\n<meta name=\"twitter:card\" content=\"summary_large_image\" \/>\n<meta name=\"twitter:creator\" content=\"@fidedignas\" \/>\n<meta name=\"twitter:site\" content=\"@fidedignas\" \/>\n<meta name=\"twitter:label1\" content=\"Escrito por\" \/>\n\t<meta name=\"twitter:data1\" content=\"EFE\" \/>\n\t<meta name=\"twitter:label2\" content=\"Tiempo de lectura\" \/>\n\t<meta name=\"twitter:data2\" content=\"3 minutos\" \/>\n<script type=\"application\/ld+json\" class=\"yoast-schema-graph\">{\"@context\":\"https:\\\/\\\/schema.org\",\"@graph\":[{\"@type\":\"Article\",\"@id\":\"https:\\\/\\\/fuentesfidedignas.com.mx\\\/index.php\\\/2025\\\/11\\\/26\\\/hong-kong-arde-en-llamas-incendio-en-8-torres-deja-al-menos-13-muertos-y-15-heridos-video\\\/#article\",\"isPartOf\":{\"@id\":\"https:\\\/\\\/fuentesfidedignas.com.mx\\\/index.php\\\/2025\\\/11\\\/26\\\/hong-kong-arde-en-llamas-incendio-en-8-torres-deja-al-menos-13-muertos-y-15-heridos-video\\\/\"},\"author\":{\"name\":\"EFE\",\"@id\":\"https:\\\/\\\/fuentesfidedignas.com.mx\\\/#\\\/schema\\\/person\\\/0d44615087b5a626d5d3f13afe31ac41\"},\"headline\":\"Hong Kong \u2018arde en llamas\u2019: Incendio en 8 torres deja al menos 13 muertos y 15 heridos (VIDEO)\",\"datePublished\":\"2025-11-26T14:48:00+00:00\",\"dateModified\":\"2025-11-26T15:52:35+00:00\",\"mainEntityOfPage\":{\"@id\":\"https:\\\/\\\/fuentesfidedignas.com.mx\\\/index.php\\\/2025\\\/11\\\/26\\\/hong-kong-arde-en-llamas-incendio-en-8-torres-deja-al-menos-13-muertos-y-15-heridos-video\\\/\"},\"wordCount\":523,\"commentCount\":0,\"publisher\":{\"@id\":\"https:\\\/\\\/fuentesfidedignas.com.mx\\\/#organization\"},\"image\":{\"@id\":\"https:\\\/\\\/fuentesfidedignas.com.mx\\\/index.php\\\/2025\\\/11\\\/26\\\/hong-kong-arde-en-llamas-incendio-en-8-torres-deja-al-menos-13-muertos-y-15-heridos-video\\\/#primaryimage\"},\"thumbnailUrl\":\"https:\\\/\\\/fuentesfidedignas.com.mx\\\/wp-content\\\/uploads\\\/2025\\\/11\\\/fuego_hong.jpg\",\"articleSection\":[\"NOTICIAS NACIONALES\"],\"inLanguage\":\"es\",\"potentialAction\":[{\"@type\":\"CommentAction\",\"name\":\"Comment\",\"target\":[\"https:\\\/\\\/fuentesfidedignas.com.mx\\\/index.php\\\/2025\\\/11\\\/26\\\/hong-kong-arde-en-llamas-incendio-en-8-torres-deja-al-menos-13-muertos-y-15-heridos-video\\\/#respond\"]}]},{\"@type\":\"WebPage\",\"@id\":\"https:\\\/\\\/fuentesfidedignas.com.mx\\\/index.php\\\/2025\\\/11\\\/26\\\/hong-kong-arde-en-llamas-incendio-en-8-torres-deja-al-menos-13-muertos-y-15-heridos-video\\\/\",\"url\":\"https:\\\/\\\/fuentesfidedignas.com.mx\\\/index.php\\\/2025\\\/11\\\/26\\\/hong-kong-arde-en-llamas-incendio-en-8-torres-deja-al-menos-13-muertos-y-15-heridos-video\\\/\",\"name\":\"Hong Kong \u2018arde en llamas\u2019: Incendio en 8 torres deja al menos 13 muertos y 15 heridos (VIDEO) - Fuentes Fidedignas\",\"isPartOf\":{\"@id\":\"https:\\\/\\\/fuentesfidedignas.com.mx\\\/#website\"},\"primaryImageOfPage\":{\"@id\":\"https:\\\/\\\/fuentesfidedignas.com.mx\\\/index.php\\\/2025\\\/11\\\/26\\\/hong-kong-arde-en-llamas-incendio-en-8-torres-deja-al-menos-13-muertos-y-15-heridos-video\\\/#primaryimage\"},\"image\":{\"@id\":\"https:\\\/\\\/fuentesfidedignas.com.mx\\\/index.php\\\/2025\\\/11\\\/26\\\/hong-kong-arde-en-llamas-incendio-en-8-torres-deja-al-menos-13-muertos-y-15-heridos-video\\\/#primaryimage\"},\"thumbnailUrl\":\"https:\\\/\\\/fuentesfidedignas.com.mx\\\/wp-content\\\/uploads\\\/2025\\\/11\\\/fuego_hong.jpg\",\"datePublished\":\"2025-11-26T14:48:00+00:00\",\"dateModified\":\"2025-11-26T15:52:35+00:00\",\"breadcrumb\":{\"@id\":\"https:\\\/\\\/fuentesfidedignas.com.mx\\\/index.php\\\/2025\\\/11\\\/26\\\/hong-kong-arde-en-llamas-incendio-en-8-torres-deja-al-menos-13-muertos-y-15-heridos-video\\\/#breadcrumb\"},\"inLanguage\":\"es\",\"potentialAction\":[{\"@type\":\"ReadAction\",\"target\":[\"https:\\\/\\\/fuentesfidedignas.com.mx\\\/index.php\\\/2025\\\/11\\\/26\\\/hong-kong-arde-en-llamas-incendio-en-8-torres-deja-al-menos-13-muertos-y-15-heridos-video\\\/\"]}]},{\"@type\":\"ImageObject\",\"inLanguage\":\"es\",\"@id\":\"https:\\\/\\\/fuentesfidedignas.com.mx\\\/index.php\\\/2025\\\/11\\\/26\\\/hong-kong-arde-en-llamas-incendio-en-8-torres-deja-al-menos-13-muertos-y-15-heridos-video\\\/#primaryimage\",\"url\":\"https:\\\/\\\/fuentesfidedignas.com.mx\\\/wp-content\\\/uploads\\\/2025\\\/11\\\/fuego_hong.jpg\",\"contentUrl\":\"https:\\\/\\\/fuentesfidedignas.com.mx\\\/wp-content\\\/uploads\\\/2025\\\/11\\\/fuego_hong.jpg\",\"width\":500,\"height\":277},{\"@type\":\"BreadcrumbList\",\"@id\":\"https:\\\/\\\/fuentesfidedignas.com.mx\\\/index.php\\\/2025\\\/11\\\/26\\\/hong-kong-arde-en-llamas-incendio-en-8-torres-deja-al-menos-13-muertos-y-15-heridos-video\\\/#breadcrumb\",\"itemListElement\":[{\"@type\":\"ListItem\",\"position\":1,\"name\":\"Inicio\",\"item\":\"https:\\\/\\\/fuentesfidedignas.com.mx\\\/\"},{\"@type\":\"ListItem\",\"position\":2,\"name\":\"Hong Kong \u2018arde en llamas\u2019: Incendio en 8 torres deja al menos 13 muertos y 15 heridos (VIDEO)\"}]},{\"@type\":\"WebSite\",\"@id\":\"https:\\\/\\\/fuentesfidedignas.com.mx\\\/#website\",\"url\":\"https:\\\/\\\/fuentesfidedignas.com.mx\\\/\",\"name\":\"Fuentes Fidedignas\",\"description\":\"Otro sitio realizado con WordPress\",\"publisher\":{\"@id\":\"https:\\\/\\\/fuentesfidedignas.com.mx\\\/#organization\"},\"potentialAction\":[{\"@type\":\"SearchAction\",\"target\":{\"@type\":\"EntryPoint\",\"urlTemplate\":\"https:\\\/\\\/fuentesfidedignas.com.mx\\\/?s={search_term_string}\"},\"query-input\":{\"@type\":\"PropertyValueSpecification\",\"valueRequired\":true,\"valueName\":\"search_term_string\"}}],\"inLanguage\":\"es\"},{\"@type\":\"Organization\",\"@id\":\"https:\\\/\\\/fuentesfidedignas.com.mx\\\/#organization\",\"name\":\"Fuentes Fidedignas\",\"url\":\"https:\\\/\\\/fuentesfidedignas.com.mx\\\/\",\"logo\":{\"@type\":\"ImageObject\",\"inLanguage\":\"es\",\"@id\":\"https:\\\/\\\/fuentesfidedignas.com.mx\\\/#\\\/schema\\\/logo\\\/image\\\/\",\"url\":\"https:\\\/\\\/fuentesfidedignas.com.mx\\\/wp-content\\\/uploads\\\/2021\\\/04\\\/logo-retina.png\",\"contentUrl\":\"https:\\\/\\\/fuentesfidedignas.com.mx\\\/wp-content\\\/uploads\\\/2021\\\/04\\\/logo-retina.png\",\"width\":280,\"height\":51,\"caption\":\"Fuentes Fidedignas\"},\"image\":{\"@id\":\"https:\\\/\\\/fuentesfidedignas.com.mx\\\/#\\\/schema\\\/logo\\\/image\\\/\"},\"sameAs\":[\"https:\\\/\\\/www.facebook.com\\\/Fuentes-Fidedignas-368234489921644\",\"https:\\\/\\\/x.com\\\/fidedignas\"]},{\"@type\":\"Person\",\"@id\":\"https:\\\/\\\/fuentesfidedignas.com.mx\\\/#\\\/schema\\\/person\\\/0d44615087b5a626d5d3f13afe31ac41\",\"name\":\"EFE\",\"image\":{\"@type\":\"ImageObject\",\"inLanguage\":\"es\",\"@id\":\"https:\\\/\\\/secure.gravatar.com\\\/avatar\\\/7048c2d9b569d9bed55bb53ad23821e6e047aa66338fb6ea9868627bbb9f54e8?s=96&d=mm&r=g\",\"url\":\"https:\\\/\\\/secure.gravatar.com\\\/avatar\\\/7048c2d9b569d9bed55bb53ad23821e6e047aa66338fb6ea9868627bbb9f54e8?s=96&d=mm&r=g\",\"contentUrl\":\"https:\\\/\\\/secure.gravatar.com\\\/avatar\\\/7048c2d9b569d9bed55bb53ad23821e6e047aa66338fb6ea9868627bbb9f54e8?s=96&d=mm&r=g\",\"caption\":\"EFE\"},\"url\":\"https:\\\/\\\/fuentesfidedignas.com.mx\\\/index.php\\\/author\\\/efe\\\/\"}]}<\/script>\n<!-- \/ Yoast SEO plugin. -->","yoast_head_json":{"title":"Hong Kong \u2018arde en llamas\u2019: Incendio en 8 torres deja al menos 13 muertos y 15 heridos (VIDEO) - Fuentes Fidedignas","robots":{"index":"index","follow":"follow","max-snippet":"max-snippet:-1","max-image-preview":"max-image-preview:large","max-video-preview":"max-video-preview:-1"},"canonical":"https:\/\/fuentesfidedignas.com.mx\/index.php\/2025\/11\/26\/hong-kong-arde-en-llamas-incendio-en-8-torres-deja-al-menos-13-muertos-y-15-heridos-video\/","og_locale":"es_MX","og_type":"article","og_title":"Hong Kong \u2018arde en llamas\u2019: Incendio en 8 torres deja al menos 13 muertos y 15 heridos (VIDEO) - Fuentes Fidedignas","og_description":"El incendio en un complejo residencial de Hong Kong dej\u00f3 al menos 13 muertos, 15 heridos y m\u00faltiples personas atrapadas, mientras autoridades intentan controlar el fuego. Un gran incendio arras\u00f3 un complejo de ocho torres en Hong Kong, que dej\u00f3 al menos 13 muertos y 15 personas m\u00e1s resultaron heridas este mi\u00e9rcoles, dijeron funcionarios de [&hellip;]","og_url":"https:\/\/fuentesfidedignas.com.mx\/index.php\/2025\/11\/26\/hong-kong-arde-en-llamas-incendio-en-8-torres-deja-al-menos-13-muertos-y-15-heridos-video\/","og_site_name":"Fuentes Fidedignas","article_publisher":"https:\/\/www.facebook.com\/Fuentes-Fidedignas-368234489921644","article_published_time":"2025-11-26T14:48:00+00:00","article_modified_time":"2025-11-26T15:52:35+00:00","og_image":[{"width":500,"height":277,"url":"https:\/\/fuentesfidedignas.com.mx\/wp-content\/uploads\/2025\/11\/fuego_hong.jpg","type":"image\/jpeg"}],"author":"EFE","twitter_card":"summary_large_image","twitter_creator":"@fidedignas","twitter_site":"@fidedignas","twitter_misc":{"Escrito por":"EFE","Tiempo de lectura":"3 minutos"},"schema":{"@context":"https:\/\/schema.org","@graph":[{"@type":"Article","@id":"https:\/\/fuentesfidedignas.com.mx\/index.php\/2025\/11\/26\/hong-kong-arde-en-llamas-incendio-en-8-torres-deja-al-menos-13-muertos-y-15-heridos-video\/#article","isPartOf":{"@id":"https:\/\/fuentesfidedignas.com.mx\/index.php\/2025\/11\/26\/hong-kong-arde-en-llamas-incendio-en-8-torres-deja-al-menos-13-muertos-y-15-heridos-video\/"},"author":{"name":"EFE","@id":"https:\/\/fuentesfidedignas.com.mx\/#\/schema\/person\/0d44615087b5a626d5d3f13afe31ac41"},"headline":"Hong Kong \u2018arde en llamas\u2019: Incendio en 8 torres deja al menos 13 muertos y 15 heridos (VIDEO)","datePublished":"2025-11-26T14:48:00+00:00","dateModified":"2025-11-26T15:52:35+00:00","mainEntityOfPage":{"@id":"https:\/\/fuentesfidedignas.com.mx\/index.php\/2025\/11\/26\/hong-kong-arde-en-llamas-incendio-en-8-torres-deja-al-menos-13-muertos-y-15-heridos-video\/"},"wordCount":523,"commentCount":0,"publisher":{"@id":"https:\/\/fuentesfidedignas.com.mx\/#organization"},"image":{"@id":"https:\/\/fuentesfidedignas.com.mx\/index.php\/2025\/11\/26\/hong-kong-arde-en-llamas-incendio-en-8-torres-deja-al-menos-13-muertos-y-15-heridos-video\/#primaryimage"},"thumbnailUrl":"https:\/\/fuentesfidedignas.com.mx\/wp-content\/uploads\/2025\/11\/fuego_hong.jpg","articleSection":["NOTICIAS NACIONALES"],"inLanguage":"es","potentialAction":[{"@type":"CommentAction","name":"Comment","target":["https:\/\/fuentesfidedignas.com.mx\/index.php\/2025\/11\/26\/hong-kong-arde-en-llamas-incendio-en-8-torres-deja-al-menos-13-muertos-y-15-heridos-video\/#respond"]}]},{"@type":"WebPage","@id":"https:\/\/fuentesfidedignas.com.mx\/index.php\/2025\/11\/26\/hong-kong-arde-en-llamas-incendio-en-8-torres-deja-al-menos-13-muertos-y-15-heridos-video\/","url":"https:\/\/fuentesfidedignas.com.mx\/index.php\/2025\/11\/26\/hong-kong-arde-en-llamas-incendio-en-8-torres-deja-al-menos-13-muertos-y-15-heridos-video\/","name":"Hong Kong \u2018arde en llamas\u2019: Incendio en 8 torres deja al menos 13 muertos y 15 heridos (VIDEO) - Fuentes Fidedignas","isPartOf":{"@id":"https:\/\/fuentesfidedignas.com.mx\/#website"},"primaryImageOfPage":{"@id":"https:\/\/fuentesfidedignas.com.mx\/index.php\/2025\/11\/26\/hong-kong-arde-en-llamas-incendio-en-8-torres-deja-al-menos-13-muertos-y-15-heridos-video\/#primaryimage"},"image":{"@id":"https:\/\/fuentesfidedignas.com.mx\/index.php\/2025\/11\/26\/hong-kong-arde-en-llamas-incendio-en-8-torres-deja-al-menos-13-muertos-y-15-heridos-video\/#primaryimage"},"thumbnailUrl":"https:\/\/fuentesfidedignas.com.mx\/wp-content\/uploads\/2025\/11\/fuego_hong.jpg","datePublished":"2025-11-26T14:48:00+00:00","dateModified":"2025-11-26T15:52:35+00:00","breadcrumb":{"@id":"https:\/\/fuentesfidedignas.com.mx\/index.php\/2025\/11\/26\/hong-kong-arde-en-llamas-incendio-en-8-torres-deja-al-menos-13-muertos-y-15-heridos-video\/#breadcrumb"},"inLanguage":"es","potentialAction":[{"@type":"ReadAction","target":["https:\/\/fuentesfidedignas.com.mx\/index.php\/2025\/11\/26\/hong-kong-arde-en-llamas-incendio-en-8-torres-deja-al-menos-13-muertos-y-15-heridos-video\/"]}]},{"@type":"ImageObject","inLanguage":"es","@id":"https:\/\/fuentesfidedignas.com.mx\/index.php\/2025\/11\/26\/hong-kong-arde-en-llamas-incendio-en-8-torres-deja-al-menos-13-muertos-y-15-heridos-video\/#primaryimage","url":"https:\/\/fuentesfidedignas.com.mx\/wp-content\/uploads\/2025\/11\/fuego_hong.jpg","contentUrl":"https:\/\/fuentesfidedignas.com.mx\/wp-content\/uploads\/2025\/11\/fuego_hong.jpg","width":500,"height":277},{"@type":"BreadcrumbList","@id":"https:\/\/fuentesfidedignas.com.mx\/index.php\/2025\/11\/26\/hong-kong-arde-en-llamas-incendio-en-8-torres-deja-al-menos-13-muertos-y-15-heridos-video\/#breadcrumb","itemListElement":[{"@type":"ListItem","position":1,"name":"Inicio","item":"https:\/\/fuentesfidedignas.com.mx\/"},{"@type":"ListItem","position":2,"name":"Hong Kong \u2018arde en llamas\u2019: Incendio en 8 torres deja al menos 13 muertos y 15 heridos (VIDEO)"}]},{"@type":"WebSite","@id":"https:\/\/fuentesfidedignas.com.mx\/#website","url":"https:\/\/fuentesfidedignas.com.mx\/","name":"Fuentes Fidedignas","description":"Otro sitio realizado con WordPress","publisher":{"@id":"https:\/\/fuentesfidedignas.com.mx\/#organization"},"potentialAction":[{"@type":"SearchAction","target":{"@type":"EntryPoint","urlTemplate":"https:\/\/fuentesfidedignas.com.mx\/?s={search_term_string}"},"query-input":{"@type":"PropertyValueSpecification","valueRequired":true,"valueName":"search_term_string"}}],"inLanguage":"es"},{"@type":"Organization","@id":"https:\/\/fuentesfidedignas.com.mx\/#organization","name":"Fuentes Fidedignas","url":"https:\/\/fuentesfidedignas.com.mx\/","logo":{"@type":"ImageObject","inLanguage":"es","@id":"https:\/\/fuentesfidedignas.com.mx\/#\/schema\/logo\/image\/","url":"https:\/\/fuentesfidedignas.com.mx\/wp-content\/uploads\/2021\/04\/logo-retina.png","contentUrl":"https:\/\/fuentesfidedignas.com.mx\/wp-content\/uploads\/2021\/04\/logo-retina.png","width":280,"height":51,"caption":"Fuentes Fidedignas"},"image":{"@id":"https:\/\/fuentesfidedignas.com.mx\/#\/schema\/logo\/image\/"},"sameAs":["https:\/\/www.facebook.com\/Fuentes-Fidedignas-368234489921644","https:\/\/x.com\/fidedignas"]},{"@type":"Person","@id":"https:\/\/fuentesfidedignas.com.mx\/#\/schema\/person\/0d44615087b5a626d5d3f13afe31ac41","name":"EFE","image":{"@type":"ImageObject","inLanguage":"es","@id":"https:\/\/secure.gravatar.com\/avatar\/7048c2d9b569d9bed55bb53ad23821e6e047aa66338fb6ea9868627bbb9f54e8?s=96&d=mm&r=g","url":"https:\/\/secure.gravatar.com\/avatar\/7048c2d9b569d9bed55bb53ad23821e6e047aa66338fb6ea9868627bbb9f54e8?s=96&d=mm&r=g","contentUrl":"https:\/\/secure.gravatar.com\/avatar\/7048c2d9b569d9bed55bb53ad23821e6e047aa66338fb6ea9868627bbb9f54e8?s=96&d=mm&r=g","caption":"EFE"},"url":"https:\/\/fuentesfidedignas.com.mx\/index.php\/author\/efe\/"}]}},"_links":{"self":[{"href":"https:\/\/fuentesfidedignas.com.mx\/index.php\/wp-json\/wp\/v2\/posts\/122450","targetHints":{"allow":["GET"]}}],"collection":[{"href":"https:\/\/fuentesfidedignas.com.mx\/index.php\/wp-json\/wp\/v2\/posts"}],"about":[{"href":"https:\/\/fuentesfidedignas.com.mx\/index.php\/wp-json\/wp\/v2\/types\/post"}],"author":[{"embeddable":true,"href":"https:\/\/fuentesfidedignas.com.mx\/index.php\/wp-json\/wp\/v2\/users\/22"}],"replies":[{"embeddable":true,"href":"https:\/\/fuentesfidedignas.com.mx\/index.php\/wp-json\/wp\/v2\/comments?post=122450"}],"version-history":[{"count":1,"href":"https:\/\/fuentesfidedignas.com.mx\/index.php\/wp-json\/wp\/v2\/posts\/122450\/revisions"}],"predecessor-version":[{"id":122452,"href":"https:\/\/fuentesfidedignas.com.mx\/index.php\/wp-json\/wp\/v2\/posts\/122450\/revisions\/122452"}],"wp:featuredmedia":[{"embeddable":true,"href":"https:\/\/fuentesfidedignas.com.mx\/index.php\/wp-json\/wp\/v2\/media\/122451"}],"wp:attachment":[{"href":"https:\/\/fuentesfidedignas.com.mx\/index.php\/wp-json\/wp\/v2\/media?parent=122450"}],"wp:term":[{"taxonomy":"category","embeddable":true,"href":"https:\/\/fuentesfidedignas.com.mx\/index.php\/wp-json\/wp\/v2\/categories?post=122450"},{"taxonomy":"post_tag","embeddable":true,"href":"https:\/\/fuentesfidedignas.com.mx\/index.php\/wp-json\/wp\/v2\/tags?post=122450"}],"curies":[{"name":"wp","href":"https:\/\/api.w.org\/{rel}","templated":true}]}}