{"id":122229,"date":"2025-11-24T03:31:00","date_gmt":"2025-11-24T10:31:00","guid":{"rendered":"https:\/\/fuentesfidedignas.com.mx\/?p=122229"},"modified":"2025-11-23T09:39:51","modified_gmt":"2025-11-23T16:39:51","slug":"esta-ciudad-se-quedara-sin-luz-solar-por-64-dias-y-expertos-explican-por-que-sucede-todos-los-anos","status":"publish","type":"post","link":"https:\/\/fuentesfidedignas.com.mx\/index.php\/2025\/11\/24\/esta-ciudad-se-quedara-sin-luz-solar-por-64-dias-y-expertos-explican-por-que-sucede-todos-los-anos\/","title":{"rendered":"Esta ciudad se quedar\u00e1 sin luz solar por 64 d\u00edas y expertos explican por qu\u00e9 sucede todos los a\u00f1os"},"content":{"rendered":"\n<p><strong><em>Durante algunas horas se podr\u00e1 observar crep\u00fasculo civil, una tenue luminosidad azul que suele aparecer justo antes del amanecer.<\/em><\/strong><\/p>\n\n\n\n<p>ALASKA.- Utqiagvik, Alaska, ha presenciado su \u00faltimo amanecer del a\u00f1o. El asentamiento m\u00e1s septentrional de Estados Unidos no volver\u00e1 a ver el Sol hasta el 22 de enero de 2026, dando inicio a la tradicional Noche Polar dentro del C\u00edrculo Polar \u00c1rtico.<\/p>\n\n\n\n<p>Este fen\u00f3meno ocurre debido a la inclinaci\u00f3n del eje terrestre, que impedir\u00e1 que el Sol cruce el horizonte durante 64 d\u00edas, seg\u00fan Fox News.<\/p>\n\n\n\n<p>Aunque no habr\u00e1 amaneceres ni atardeceres, la ciudad no quedar\u00e1 en completa oscuridad.<\/p>\n\n\n\n<figure class=\"wp-block-embed is-type-rich is-provider-twitter wp-block-embed-twitter\"><div class=\"wp-block-embed__wrapper\">\n<blockquote class=\"twitter-tweet\" data-width=\"550\" data-dnt=\"true\"><p lang=\"en\" dir=\"ltr\">A stunning timelapse captures the final sunrise and sunset of the year in Utqia\u0121vik, Alaska, as the northernmost U.S. town enters 65 days of polar night. \ud83c\udf05 <a href=\"https:\/\/t.co\/5vkxKehhFb\">pic.twitter.com\/5vkxKehhFb<\/a><\/p>&mdash; AccuWeather (@accuweather) <a href=\"https:\/\/twitter.com\/accuweather\/status\/1991150672906207333?ref_src=twsrc%5Etfw\">November 19, 2025<\/a><\/blockquote><script async src=\"https:\/\/platform.twitter.com\/widgets.js\" charset=\"utf-8\"><\/script>\n<\/div><\/figure>\n\n\n\n<p>Durante algunas horas se podr\u00e1 observar crep\u00fasculo civil, una tenue luminosidad azul que suele aparecer justo antes del amanecer.<\/p>\n\n\n\n<p>Utqiagvik, ubicada a unas 500 millas al noroeste de Fairbanks, alberga cerca de 4,400 residentes y posee sitios arqueol\u00f3gicos que datan del a\u00f1o 500 d.C.<\/p>\n\n\n\n<p><strong>Fr\u00edo extremo y efectos en el clima<\/strong><br>La ausencia de luz solar provoca una ca\u00edda dr\u00e1stica de temperaturas en toda la regi\u00f3n \u00e1rtica.<\/p>\n\n\n\n<p>El fen\u00f3meno de la Noche Polar tambi\u00e9n est\u00e1 vinculado con la formaci\u00f3n del V\u00f3rtice Polar, un sistema de baja presi\u00f3n en la estratosfera que concentra aire extremadamente fr\u00edo.<\/p>\n\n\n\n<p>Sin luz solar para calentar las capas altas de la atm\u00f3sfera, esa zona se vuelve mucho m\u00e1s fr\u00eda, lo que fortalece el v\u00f3rtice.<\/p>\n\n\n\n<p>En ocasiones, parte de ese aire \u00e1rtico desciende hacia la troposfera y se desplaza hacia el sur, afectando a los 48 estados contiguos de EEUU con episodios de fr\u00edo extremo.<\/p>\n\n\n\n<p>Los meteor\u00f3logos advierten que un final de noviembre activo podr\u00eda desencadenar condiciones invernales severas a inicios de diciembre.<\/p>\n\n\n\n<blockquote class=\"twitter-tweet\" data-media-max-width=\"560\"><p lang=\"en\" dir=\"ltr\">The sun has officially set in Utqiagvik, Alaska and won&#39;t rise again until January 22nd 2026 <a href=\"https:\/\/t.co\/Lbj5a5PsTb\">pic.twitter.com\/Lbj5a5PsTb<\/a><\/p>&mdash; Nature is Amazing \u2618\ufe0f (@AMAZlNGNATURE) <a href=\"https:\/\/twitter.com\/AMAZlNGNATURE\/status\/1991906723041366093?ref_src=twsrc%5Etfw\">November 21, 2025<\/a><\/blockquote> <script async src=\"https:\/\/platform.twitter.com\/widgets.js\" charset=\"utf-8\"><\/script>\n\n\n\n<p><strong>Un lugar extremo con tradiciones \u00fanicas<\/strong><br>A pesar de los m\u00e1s de dos meses de oscuridad invernal, Utqiagvik disfruta de casi tres meses de luz continua en verano.<\/p>\n\n\n\n<p>Durante los meses c\u00e1lidos, la ciudad es hogar del equipo de f\u00fatbol americano m\u00e1s septentrional de Estados Unidos, perteneciente a la escuela secundaria Barrow.<\/p>\n\n\n\n<p>Sus entrenadores, Andrew Downing y Chris Battle, explican que el equipo aprende a entrenar y competir bajo condiciones clim\u00e1ticas extremas, justo al sur del C\u00edrculo Polar \u00c1rtico.<\/p>\n\n\n\n<p>Utqiagvik vuelve as\u00ed a sumergirse en uno de los fen\u00f3menos naturales m\u00e1s llamativos del planeta, un ciclo que marca la vida diaria, la cultura y el clima en el extremo norte del pa\u00eds.<\/p>\n\n\n\n<p><strong>Utqia\u0121vik: vivir entre temperaturas implacables y cielos que se iluminan en la oscuridad<\/strong><br>El clima de Utqia\u0121vik moldea profundamente la vida diaria en esta localidad del extremo norte.<\/p>\n\n\n\n<p>Durante los meses de oscuridad, las temperaturas pueden ser particularmente severas: una cuarta parte de los d\u00edas de invierno no supera los cero grados Celsius (32\u2109) y apenas un 37% de las jornadas se sit\u00faan por encima del punto de congelaci\u00f3n.<\/p>\n\n\n\n<p>A estas condiciones se suman fen\u00f3menos atmosf\u00e9ricos intensos como el v\u00f3rtice polar estratosf\u00e9rico, un gigantesco remolino de aire extremadamente fr\u00edo que influye en el clima del hemisferio norte, indic\u00f3 Infobae.<\/p>\n\n\n\n<p><strong>Adaptarse a la oscuridad prolongada<\/strong><br>A pesar del fr\u00edo extremo y de la ausencia prolongada de luz solar, la comunidad ha desarrollado una notable capacidad de adaptaci\u00f3n.Durante los meses oscuros, la luz tenue que alcanza el horizonte no se considera \u201cd\u00eda\u201d en el sentido tradicional, pero las actividades contin\u00faan.<\/p>\n\n\n\n<p>Los residentes pasan gran parte del tiempo dentro de sus hogares o en espacios comunitarios cerrados, donde encuentran refugio del aislamiento, mantienen la convivencia y preservan su vida social.<\/p>\n\n\n\n<p><strong>Aurora boreal: la recompensa de la noche polar<\/strong><br>En medio de este entorno implacable, la naturaleza ofrece un espect\u00e1culo \u00fanico: la aurora boreal.<\/p>\n\n\n\n<p>Este fen\u00f3meno ocurre cuando las part\u00edculas del Sol chocan con la atm\u00f3sfera terrestre, generando destellos en tonos verdes, rojos y morados que pintan el cielo.<\/p>\n\n\n\n<p>En Utqia\u0121vik, la noche polar brinda condiciones ideales para observarlas, y este a\u00f1o la actividad ha sido particularmente intensa.<\/p>\n\n\n\n<p>Seg\u00fan la NASA, el ciclo solar de 2024 alcanz\u00f3 su punto m\u00e1ximo, lo que favoreci\u00f3 una mayor visibilidad de auroras gracias a la fuerza del campo magn\u00e9tico solar.<\/p>\n\n\n\n<p>Para los habitantes, estos cielos luminosos no solo representan un fen\u00f3meno f\u00edsico extraordinario, sino tambi\u00e9n un alivio emocional. Tras semanas de oscuridad ininterrumpida, las luces del norte ofrecen una forma de reconexi\u00f3n con el entorno y se convierten en una de las experiencias m\u00e1s esperadas del invierno.<\/p>\n","protected":false},"excerpt":{"rendered":"<p>Durante algunas horas se podr\u00e1 observar crep\u00fasculo civil, una tenue luminosidad azul que suele aparecer justo antes del amanecer. ALASKA.- Utqiagvik, Alaska, ha presenciado su \u00faltimo amanecer del a\u00f1o. El asentamiento m\u00e1s septentrional de Estados Unidos no volver\u00e1 a ver el Sol hasta el 22 de enero de 2026, dando inicio a la tradicional Noche [&hellip;]<\/p>\n","protected":false},"author":40,"featured_media":122230,"comment_status":"open","ping_status":"open","sticky":false,"template":"","format":"standard","meta":{"tdm_status":"","tdm_grid_status":"","footnotes":""},"categories":[40],"tags":[],"class_list":{"0":"post-122229","1":"post","2":"type-post","3":"status-publish","4":"format-standard","5":"has-post-thumbnail","7":"category-las-asombrosas"},"yoast_head":"<!-- This site is optimized with the Yoast SEO plugin v27.5 - https:\/\/yoast.com\/product\/yoast-seo-wordpress\/ -->\n<title>Esta ciudad se quedar\u00e1 sin luz solar por 64 d\u00edas y expertos explican por qu\u00e9 sucede todos los a\u00f1os - Fuentes Fidedignas<\/title>\n<meta name=\"robots\" content=\"index, follow, max-snippet:-1, max-image-preview:large, max-video-preview:-1\" \/>\n<link rel=\"canonical\" href=\"https:\/\/fuentesfidedignas.com.mx\/index.php\/2025\/11\/24\/esta-ciudad-se-quedara-sin-luz-solar-por-64-dias-y-expertos-explican-por-que-sucede-todos-los-anos\/\" \/>\n<meta property=\"og:locale\" content=\"es_MX\" \/>\n<meta property=\"og:type\" content=\"article\" \/>\n<meta property=\"og:title\" content=\"Esta ciudad se quedar\u00e1 sin luz solar por 64 d\u00edas y expertos explican por qu\u00e9 sucede todos los a\u00f1os - Fuentes Fidedignas\" \/>\n<meta property=\"og:description\" content=\"Durante algunas horas se podr\u00e1 observar crep\u00fasculo civil, una tenue luminosidad azul que suele aparecer justo antes del amanecer. ALASKA.- Utqiagvik, Alaska, ha presenciado su \u00faltimo amanecer del a\u00f1o. El asentamiento m\u00e1s septentrional de Estados Unidos no volver\u00e1 a ver el Sol hasta el 22 de enero de 2026, dando inicio a la tradicional Noche [&hellip;]\" \/>\n<meta property=\"og:url\" content=\"https:\/\/fuentesfidedignas.com.mx\/index.php\/2025\/11\/24\/esta-ciudad-se-quedara-sin-luz-solar-por-64-dias-y-expertos-explican-por-que-sucede-todos-los-anos\/\" \/>\n<meta property=\"og:site_name\" content=\"Fuentes Fidedignas\" \/>\n<meta property=\"article:publisher\" content=\"https:\/\/www.facebook.com\/Fuentes-Fidedignas-368234489921644\" \/>\n<meta property=\"article:published_time\" content=\"2025-11-24T10:31:00+00:00\" \/>\n<meta property=\"og:image\" content=\"https:\/\/fuentesfidedignas.com.mx\/wp-content\/uploads\/2025\/11\/ciudad_oscura.jpg\" \/>\n\t<meta property=\"og:image:width\" content=\"500\" \/>\n\t<meta property=\"og:image:height\" content=\"333\" \/>\n\t<meta property=\"og:image:type\" content=\"image\/jpeg\" \/>\n<meta name=\"author\" content=\"El Imparcial\" \/>\n<meta name=\"twitter:card\" content=\"summary_large_image\" \/>\n<meta name=\"twitter:creator\" content=\"@fidedignas\" \/>\n<meta name=\"twitter:site\" content=\"@fidedignas\" \/>\n<meta name=\"twitter:label1\" content=\"Escrito por\" \/>\n\t<meta name=\"twitter:data1\" content=\"El Imparcial\" \/>\n\t<meta name=\"twitter:label2\" content=\"Tiempo de lectura\" \/>\n\t<meta name=\"twitter:data2\" content=\"4 minutos\" \/>\n<script type=\"application\/ld+json\" class=\"yoast-schema-graph\">{\"@context\":\"https:\\\/\\\/schema.org\",\"@graph\":[{\"@type\":\"Article\",\"@id\":\"https:\\\/\\\/fuentesfidedignas.com.mx\\\/index.php\\\/2025\\\/11\\\/24\\\/esta-ciudad-se-quedara-sin-luz-solar-por-64-dias-y-expertos-explican-por-que-sucede-todos-los-anos\\\/#article\",\"isPartOf\":{\"@id\":\"https:\\\/\\\/fuentesfidedignas.com.mx\\\/index.php\\\/2025\\\/11\\\/24\\\/esta-ciudad-se-quedara-sin-luz-solar-por-64-dias-y-expertos-explican-por-que-sucede-todos-los-anos\\\/\"},\"author\":{\"name\":\"El Imparcial\",\"@id\":\"https:\\\/\\\/fuentesfidedignas.com.mx\\\/#\\\/schema\\\/person\\\/ff4db17f8fd9c584e0cfc2a0c436b8a1\"},\"headline\":\"Esta ciudad se quedar\u00e1 sin luz solar por 64 d\u00edas y expertos explican por qu\u00e9 sucede todos los a\u00f1os\",\"datePublished\":\"2025-11-24T10:31:00+00:00\",\"mainEntityOfPage\":{\"@id\":\"https:\\\/\\\/fuentesfidedignas.com.mx\\\/index.php\\\/2025\\\/11\\\/24\\\/esta-ciudad-se-quedara-sin-luz-solar-por-64-dias-y-expertos-explican-por-que-sucede-todos-los-anos\\\/\"},\"wordCount\":806,\"commentCount\":0,\"publisher\":{\"@id\":\"https:\\\/\\\/fuentesfidedignas.com.mx\\\/#organization\"},\"image\":{\"@id\":\"https:\\\/\\\/fuentesfidedignas.com.mx\\\/index.php\\\/2025\\\/11\\\/24\\\/esta-ciudad-se-quedara-sin-luz-solar-por-64-dias-y-expertos-explican-por-que-sucede-todos-los-anos\\\/#primaryimage\"},\"thumbnailUrl\":\"https:\\\/\\\/fuentesfidedignas.com.mx\\\/wp-content\\\/uploads\\\/2025\\\/11\\\/ciudad_oscura.jpg\",\"articleSection\":[\"LAS ASOMBROSAS\"],\"inLanguage\":\"es\",\"potentialAction\":[{\"@type\":\"CommentAction\",\"name\":\"Comment\",\"target\":[\"https:\\\/\\\/fuentesfidedignas.com.mx\\\/index.php\\\/2025\\\/11\\\/24\\\/esta-ciudad-se-quedara-sin-luz-solar-por-64-dias-y-expertos-explican-por-que-sucede-todos-los-anos\\\/#respond\"]}]},{\"@type\":\"WebPage\",\"@id\":\"https:\\\/\\\/fuentesfidedignas.com.mx\\\/index.php\\\/2025\\\/11\\\/24\\\/esta-ciudad-se-quedara-sin-luz-solar-por-64-dias-y-expertos-explican-por-que-sucede-todos-los-anos\\\/\",\"url\":\"https:\\\/\\\/fuentesfidedignas.com.mx\\\/index.php\\\/2025\\\/11\\\/24\\\/esta-ciudad-se-quedara-sin-luz-solar-por-64-dias-y-expertos-explican-por-que-sucede-todos-los-anos\\\/\",\"name\":\"Esta ciudad se quedar\u00e1 sin luz solar por 64 d\u00edas y expertos explican por qu\u00e9 sucede todos los a\u00f1os - Fuentes Fidedignas\",\"isPartOf\":{\"@id\":\"https:\\\/\\\/fuentesfidedignas.com.mx\\\/#website\"},\"primaryImageOfPage\":{\"@id\":\"https:\\\/\\\/fuentesfidedignas.com.mx\\\/index.php\\\/2025\\\/11\\\/24\\\/esta-ciudad-se-quedara-sin-luz-solar-por-64-dias-y-expertos-explican-por-que-sucede-todos-los-anos\\\/#primaryimage\"},\"image\":{\"@id\":\"https:\\\/\\\/fuentesfidedignas.com.mx\\\/index.php\\\/2025\\\/11\\\/24\\\/esta-ciudad-se-quedara-sin-luz-solar-por-64-dias-y-expertos-explican-por-que-sucede-todos-los-anos\\\/#primaryimage\"},\"thumbnailUrl\":\"https:\\\/\\\/fuentesfidedignas.com.mx\\\/wp-content\\\/uploads\\\/2025\\\/11\\\/ciudad_oscura.jpg\",\"datePublished\":\"2025-11-24T10:31:00+00:00\",\"breadcrumb\":{\"@id\":\"https:\\\/\\\/fuentesfidedignas.com.mx\\\/index.php\\\/2025\\\/11\\\/24\\\/esta-ciudad-se-quedara-sin-luz-solar-por-64-dias-y-expertos-explican-por-que-sucede-todos-los-anos\\\/#breadcrumb\"},\"inLanguage\":\"es\",\"potentialAction\":[{\"@type\":\"ReadAction\",\"target\":[\"https:\\\/\\\/fuentesfidedignas.com.mx\\\/index.php\\\/2025\\\/11\\\/24\\\/esta-ciudad-se-quedara-sin-luz-solar-por-64-dias-y-expertos-explican-por-que-sucede-todos-los-anos\\\/\"]}]},{\"@type\":\"ImageObject\",\"inLanguage\":\"es\",\"@id\":\"https:\\\/\\\/fuentesfidedignas.com.mx\\\/index.php\\\/2025\\\/11\\\/24\\\/esta-ciudad-se-quedara-sin-luz-solar-por-64-dias-y-expertos-explican-por-que-sucede-todos-los-anos\\\/#primaryimage\",\"url\":\"https:\\\/\\\/fuentesfidedignas.com.mx\\\/wp-content\\\/uploads\\\/2025\\\/11\\\/ciudad_oscura.jpg\",\"contentUrl\":\"https:\\\/\\\/fuentesfidedignas.com.mx\\\/wp-content\\\/uploads\\\/2025\\\/11\\\/ciudad_oscura.jpg\",\"width\":500,\"height\":333},{\"@type\":\"BreadcrumbList\",\"@id\":\"https:\\\/\\\/fuentesfidedignas.com.mx\\\/index.php\\\/2025\\\/11\\\/24\\\/esta-ciudad-se-quedara-sin-luz-solar-por-64-dias-y-expertos-explican-por-que-sucede-todos-los-anos\\\/#breadcrumb\",\"itemListElement\":[{\"@type\":\"ListItem\",\"position\":1,\"name\":\"Inicio\",\"item\":\"https:\\\/\\\/fuentesfidedignas.com.mx\\\/\"},{\"@type\":\"ListItem\",\"position\":2,\"name\":\"Esta ciudad se quedar\u00e1 sin luz solar por 64 d\u00edas y expertos explican por qu\u00e9 sucede todos los a\u00f1os\"}]},{\"@type\":\"WebSite\",\"@id\":\"https:\\\/\\\/fuentesfidedignas.com.mx\\\/#website\",\"url\":\"https:\\\/\\\/fuentesfidedignas.com.mx\\\/\",\"name\":\"Fuentes Fidedignas\",\"description\":\"Otro sitio realizado con WordPress\",\"publisher\":{\"@id\":\"https:\\\/\\\/fuentesfidedignas.com.mx\\\/#organization\"},\"potentialAction\":[{\"@type\":\"SearchAction\",\"target\":{\"@type\":\"EntryPoint\",\"urlTemplate\":\"https:\\\/\\\/fuentesfidedignas.com.mx\\\/?s={search_term_string}\"},\"query-input\":{\"@type\":\"PropertyValueSpecification\",\"valueRequired\":true,\"valueName\":\"search_term_string\"}}],\"inLanguage\":\"es\"},{\"@type\":\"Organization\",\"@id\":\"https:\\\/\\\/fuentesfidedignas.com.mx\\\/#organization\",\"name\":\"Fuentes Fidedignas\",\"url\":\"https:\\\/\\\/fuentesfidedignas.com.mx\\\/\",\"logo\":{\"@type\":\"ImageObject\",\"inLanguage\":\"es\",\"@id\":\"https:\\\/\\\/fuentesfidedignas.com.mx\\\/#\\\/schema\\\/logo\\\/image\\\/\",\"url\":\"https:\\\/\\\/fuentesfidedignas.com.mx\\\/wp-content\\\/uploads\\\/2021\\\/04\\\/logo-retina.png\",\"contentUrl\":\"https:\\\/\\\/fuentesfidedignas.com.mx\\\/wp-content\\\/uploads\\\/2021\\\/04\\\/logo-retina.png\",\"width\":280,\"height\":51,\"caption\":\"Fuentes Fidedignas\"},\"image\":{\"@id\":\"https:\\\/\\\/fuentesfidedignas.com.mx\\\/#\\\/schema\\\/logo\\\/image\\\/\"},\"sameAs\":[\"https:\\\/\\\/www.facebook.com\\\/Fuentes-Fidedignas-368234489921644\",\"https:\\\/\\\/x.com\\\/fidedignas\"]},{\"@type\":\"Person\",\"@id\":\"https:\\\/\\\/fuentesfidedignas.com.mx\\\/#\\\/schema\\\/person\\\/ff4db17f8fd9c584e0cfc2a0c436b8a1\",\"name\":\"El Imparcial\",\"image\":{\"@type\":\"ImageObject\",\"inLanguage\":\"es\",\"@id\":\"https:\\\/\\\/secure.gravatar.com\\\/avatar\\\/accd6807585a75316c237ee783498317be6f66ab34c47c940966f26a3f613161?s=96&d=mm&r=g\",\"url\":\"https:\\\/\\\/secure.gravatar.com\\\/avatar\\\/accd6807585a75316c237ee783498317be6f66ab34c47c940966f26a3f613161?s=96&d=mm&r=g\",\"contentUrl\":\"https:\\\/\\\/secure.gravatar.com\\\/avatar\\\/accd6807585a75316c237ee783498317be6f66ab34c47c940966f26a3f613161?s=96&d=mm&r=g\",\"caption\":\"El Imparcial\"},\"url\":\"https:\\\/\\\/fuentesfidedignas.com.mx\\\/index.php\\\/author\\\/imparcial\\\/\"}]}<\/script>\n<!-- \/ Yoast SEO plugin. -->","yoast_head_json":{"title":"Esta ciudad se quedar\u00e1 sin luz solar por 64 d\u00edas y expertos explican por qu\u00e9 sucede todos los a\u00f1os - Fuentes Fidedignas","robots":{"index":"index","follow":"follow","max-snippet":"max-snippet:-1","max-image-preview":"max-image-preview:large","max-video-preview":"max-video-preview:-1"},"canonical":"https:\/\/fuentesfidedignas.com.mx\/index.php\/2025\/11\/24\/esta-ciudad-se-quedara-sin-luz-solar-por-64-dias-y-expertos-explican-por-que-sucede-todos-los-anos\/","og_locale":"es_MX","og_type":"article","og_title":"Esta ciudad se quedar\u00e1 sin luz solar por 64 d\u00edas y expertos explican por qu\u00e9 sucede todos los a\u00f1os - Fuentes Fidedignas","og_description":"Durante algunas horas se podr\u00e1 observar crep\u00fasculo civil, una tenue luminosidad azul que suele aparecer justo antes del amanecer. ALASKA.- Utqiagvik, Alaska, ha presenciado su \u00faltimo amanecer del a\u00f1o. El asentamiento m\u00e1s septentrional de Estados Unidos no volver\u00e1 a ver el Sol hasta el 22 de enero de 2026, dando inicio a la tradicional Noche [&hellip;]","og_url":"https:\/\/fuentesfidedignas.com.mx\/index.php\/2025\/11\/24\/esta-ciudad-se-quedara-sin-luz-solar-por-64-dias-y-expertos-explican-por-que-sucede-todos-los-anos\/","og_site_name":"Fuentes Fidedignas","article_publisher":"https:\/\/www.facebook.com\/Fuentes-Fidedignas-368234489921644","article_published_time":"2025-11-24T10:31:00+00:00","og_image":[{"width":500,"height":333,"url":"https:\/\/fuentesfidedignas.com.mx\/wp-content\/uploads\/2025\/11\/ciudad_oscura.jpg","type":"image\/jpeg"}],"author":"El Imparcial","twitter_card":"summary_large_image","twitter_creator":"@fidedignas","twitter_site":"@fidedignas","twitter_misc":{"Escrito por":"El Imparcial","Tiempo de lectura":"4 minutos"},"schema":{"@context":"https:\/\/schema.org","@graph":[{"@type":"Article","@id":"https:\/\/fuentesfidedignas.com.mx\/index.php\/2025\/11\/24\/esta-ciudad-se-quedara-sin-luz-solar-por-64-dias-y-expertos-explican-por-que-sucede-todos-los-anos\/#article","isPartOf":{"@id":"https:\/\/fuentesfidedignas.com.mx\/index.php\/2025\/11\/24\/esta-ciudad-se-quedara-sin-luz-solar-por-64-dias-y-expertos-explican-por-que-sucede-todos-los-anos\/"},"author":{"name":"El Imparcial","@id":"https:\/\/fuentesfidedignas.com.mx\/#\/schema\/person\/ff4db17f8fd9c584e0cfc2a0c436b8a1"},"headline":"Esta ciudad se quedar\u00e1 sin luz solar por 64 d\u00edas y expertos explican por qu\u00e9 sucede todos los a\u00f1os","datePublished":"2025-11-24T10:31:00+00:00","mainEntityOfPage":{"@id":"https:\/\/fuentesfidedignas.com.mx\/index.php\/2025\/11\/24\/esta-ciudad-se-quedara-sin-luz-solar-por-64-dias-y-expertos-explican-por-que-sucede-todos-los-anos\/"},"wordCount":806,"commentCount":0,"publisher":{"@id":"https:\/\/fuentesfidedignas.com.mx\/#organization"},"image":{"@id":"https:\/\/fuentesfidedignas.com.mx\/index.php\/2025\/11\/24\/esta-ciudad-se-quedara-sin-luz-solar-por-64-dias-y-expertos-explican-por-que-sucede-todos-los-anos\/#primaryimage"},"thumbnailUrl":"https:\/\/fuentesfidedignas.com.mx\/wp-content\/uploads\/2025\/11\/ciudad_oscura.jpg","articleSection":["LAS ASOMBROSAS"],"inLanguage":"es","potentialAction":[{"@type":"CommentAction","name":"Comment","target":["https:\/\/fuentesfidedignas.com.mx\/index.php\/2025\/11\/24\/esta-ciudad-se-quedara-sin-luz-solar-por-64-dias-y-expertos-explican-por-que-sucede-todos-los-anos\/#respond"]}]},{"@type":"WebPage","@id":"https:\/\/fuentesfidedignas.com.mx\/index.php\/2025\/11\/24\/esta-ciudad-se-quedara-sin-luz-solar-por-64-dias-y-expertos-explican-por-que-sucede-todos-los-anos\/","url":"https:\/\/fuentesfidedignas.com.mx\/index.php\/2025\/11\/24\/esta-ciudad-se-quedara-sin-luz-solar-por-64-dias-y-expertos-explican-por-que-sucede-todos-los-anos\/","name":"Esta ciudad se quedar\u00e1 sin luz solar por 64 d\u00edas y expertos explican por qu\u00e9 sucede todos los a\u00f1os - Fuentes Fidedignas","isPartOf":{"@id":"https:\/\/fuentesfidedignas.com.mx\/#website"},"primaryImageOfPage":{"@id":"https:\/\/fuentesfidedignas.com.mx\/index.php\/2025\/11\/24\/esta-ciudad-se-quedara-sin-luz-solar-por-64-dias-y-expertos-explican-por-que-sucede-todos-los-anos\/#primaryimage"},"image":{"@id":"https:\/\/fuentesfidedignas.com.mx\/index.php\/2025\/11\/24\/esta-ciudad-se-quedara-sin-luz-solar-por-64-dias-y-expertos-explican-por-que-sucede-todos-los-anos\/#primaryimage"},"thumbnailUrl":"https:\/\/fuentesfidedignas.com.mx\/wp-content\/uploads\/2025\/11\/ciudad_oscura.jpg","datePublished":"2025-11-24T10:31:00+00:00","breadcrumb":{"@id":"https:\/\/fuentesfidedignas.com.mx\/index.php\/2025\/11\/24\/esta-ciudad-se-quedara-sin-luz-solar-por-64-dias-y-expertos-explican-por-que-sucede-todos-los-anos\/#breadcrumb"},"inLanguage":"es","potentialAction":[{"@type":"ReadAction","target":["https:\/\/fuentesfidedignas.com.mx\/index.php\/2025\/11\/24\/esta-ciudad-se-quedara-sin-luz-solar-por-64-dias-y-expertos-explican-por-que-sucede-todos-los-anos\/"]}]},{"@type":"ImageObject","inLanguage":"es","@id":"https:\/\/fuentesfidedignas.com.mx\/index.php\/2025\/11\/24\/esta-ciudad-se-quedara-sin-luz-solar-por-64-dias-y-expertos-explican-por-que-sucede-todos-los-anos\/#primaryimage","url":"https:\/\/fuentesfidedignas.com.mx\/wp-content\/uploads\/2025\/11\/ciudad_oscura.jpg","contentUrl":"https:\/\/fuentesfidedignas.com.mx\/wp-content\/uploads\/2025\/11\/ciudad_oscura.jpg","width":500,"height":333},{"@type":"BreadcrumbList","@id":"https:\/\/fuentesfidedignas.com.mx\/index.php\/2025\/11\/24\/esta-ciudad-se-quedara-sin-luz-solar-por-64-dias-y-expertos-explican-por-que-sucede-todos-los-anos\/#breadcrumb","itemListElement":[{"@type":"ListItem","position":1,"name":"Inicio","item":"https:\/\/fuentesfidedignas.com.mx\/"},{"@type":"ListItem","position":2,"name":"Esta ciudad se quedar\u00e1 sin luz solar por 64 d\u00edas y expertos explican por qu\u00e9 sucede todos los a\u00f1os"}]},{"@type":"WebSite","@id":"https:\/\/fuentesfidedignas.com.mx\/#website","url":"https:\/\/fuentesfidedignas.com.mx\/","name":"Fuentes Fidedignas","description":"Otro sitio realizado con WordPress","publisher":{"@id":"https:\/\/fuentesfidedignas.com.mx\/#organization"},"potentialAction":[{"@type":"SearchAction","target":{"@type":"EntryPoint","urlTemplate":"https:\/\/fuentesfidedignas.com.mx\/?s={search_term_string}"},"query-input":{"@type":"PropertyValueSpecification","valueRequired":true,"valueName":"search_term_string"}}],"inLanguage":"es"},{"@type":"Organization","@id":"https:\/\/fuentesfidedignas.com.mx\/#organization","name":"Fuentes Fidedignas","url":"https:\/\/fuentesfidedignas.com.mx\/","logo":{"@type":"ImageObject","inLanguage":"es","@id":"https:\/\/fuentesfidedignas.com.mx\/#\/schema\/logo\/image\/","url":"https:\/\/fuentesfidedignas.com.mx\/wp-content\/uploads\/2021\/04\/logo-retina.png","contentUrl":"https:\/\/fuentesfidedignas.com.mx\/wp-content\/uploads\/2021\/04\/logo-retina.png","width":280,"height":51,"caption":"Fuentes Fidedignas"},"image":{"@id":"https:\/\/fuentesfidedignas.com.mx\/#\/schema\/logo\/image\/"},"sameAs":["https:\/\/www.facebook.com\/Fuentes-Fidedignas-368234489921644","https:\/\/x.com\/fidedignas"]},{"@type":"Person","@id":"https:\/\/fuentesfidedignas.com.mx\/#\/schema\/person\/ff4db17f8fd9c584e0cfc2a0c436b8a1","name":"El Imparcial","image":{"@type":"ImageObject","inLanguage":"es","@id":"https:\/\/secure.gravatar.com\/avatar\/accd6807585a75316c237ee783498317be6f66ab34c47c940966f26a3f613161?s=96&d=mm&r=g","url":"https:\/\/secure.gravatar.com\/avatar\/accd6807585a75316c237ee783498317be6f66ab34c47c940966f26a3f613161?s=96&d=mm&r=g","contentUrl":"https:\/\/secure.gravatar.com\/avatar\/accd6807585a75316c237ee783498317be6f66ab34c47c940966f26a3f613161?s=96&d=mm&r=g","caption":"El Imparcial"},"url":"https:\/\/fuentesfidedignas.com.mx\/index.php\/author\/imparcial\/"}]}},"_links":{"self":[{"href":"https:\/\/fuentesfidedignas.com.mx\/index.php\/wp-json\/wp\/v2\/posts\/122229","targetHints":{"allow":["GET"]}}],"collection":[{"href":"https:\/\/fuentesfidedignas.com.mx\/index.php\/wp-json\/wp\/v2\/posts"}],"about":[{"href":"https:\/\/fuentesfidedignas.com.mx\/index.php\/wp-json\/wp\/v2\/types\/post"}],"author":[{"embeddable":true,"href":"https:\/\/fuentesfidedignas.com.mx\/index.php\/wp-json\/wp\/v2\/users\/40"}],"replies":[{"embeddable":true,"href":"https:\/\/fuentesfidedignas.com.mx\/index.php\/wp-json\/wp\/v2\/comments?post=122229"}],"version-history":[{"count":1,"href":"https:\/\/fuentesfidedignas.com.mx\/index.php\/wp-json\/wp\/v2\/posts\/122229\/revisions"}],"predecessor-version":[{"id":122231,"href":"https:\/\/fuentesfidedignas.com.mx\/index.php\/wp-json\/wp\/v2\/posts\/122229\/revisions\/122231"}],"wp:featuredmedia":[{"embeddable":true,"href":"https:\/\/fuentesfidedignas.com.mx\/index.php\/wp-json\/wp\/v2\/media\/122230"}],"wp:attachment":[{"href":"https:\/\/fuentesfidedignas.com.mx\/index.php\/wp-json\/wp\/v2\/media?parent=122229"}],"wp:term":[{"taxonomy":"category","embeddable":true,"href":"https:\/\/fuentesfidedignas.com.mx\/index.php\/wp-json\/wp\/v2\/categories?post=122229"},{"taxonomy":"post_tag","embeddable":true,"href":"https:\/\/fuentesfidedignas.com.mx\/index.php\/wp-json\/wp\/v2\/tags?post=122229"}],"curies":[{"name":"wp","href":"https:\/\/api.w.org\/{rel}","templated":true}]}}