{"id":121955,"date":"2025-11-19T13:36:47","date_gmt":"2025-11-19T20:36:47","guid":{"rendered":"https:\/\/fuentesfidedignas.com.mx\/?p=121955"},"modified":"2025-11-19T13:53:24","modified_gmt":"2025-11-19T20:53:24","slug":"la-eficiencia-selectiva-de-morena","status":"publish","type":"post","link":"https:\/\/fuentesfidedignas.com.mx\/index.php\/2025\/11\/19\/la-eficiencia-selectiva-de-morena\/","title":{"rendered":"La eficiencia selectiva de Morena"},"content":{"rendered":"\n<p><em>Pocas cosas inquietan y molestan tanto a Morena como un movimiento que no naci\u00f3 de su mano&#8230;<\/em><\/p>\n\n\n\n<p>Hay d\u00edas en que la pol\u00edtica mexicana se vuelve un espejo perfecto: no porque refleje la realidad, sino porque nos devuelve una versi\u00f3n distorsionada, acomodada y, por momentos, francamente absurda. Esta semana, Morena decidi\u00f3 emprender una cruzada \u2014de esas que les encantan\u2014 para \u201cdesenmascarar\u201d al presunto promotor de la marcha de la Generaci\u00f3n Z. Y lo hizo con una velocidad que ya quisi\u00e9ramos ver cuando se trata de atender las verdaderas causas de las verdaderas marchas.<\/p>\n\n\n\n<p>Mientras tanto, en Palacio est\u00e1n ocupados revisando contratos, cuentas, facturas, publicaciones. Hasta pareciera que cuentan con un ej\u00e9rcito de analistas que no duerme. Y uno no puede evitar preguntarse: <em>\u00bfpor qu\u00e9 esa capacidad de investigaci\u00f3n aparece solo cuando se trata de desacreditar una marcha juvenil? \u00bfPor qu\u00e9 no surge cuando ciudadanos, estudiantes, v\u00edctimas o familias enteras claman justicia<\/em>?<\/p>\n\n\n\n<p>Pero, claro, investigar delitos reales nunca ha sido tan entretenido como desacreditar un movimiento que naci\u00f3 de la inconformidad \u2014y tambi\u00e9n del hartazgo\u2014 de quienes crecieron viendo c\u00f3mo la clase pol\u00edtica lo promete todo y cumple poco.<\/p>\n\n\n\n<p>La narrativa oficial busca convencer a la ciudadan\u00eda de que nada que no controle es aut\u00e9ntico. Todo lo que los cuestione es manipulaci\u00f3n; toda movilizaci\u00f3n que no cargue su bandera es \u201cfinanciada\u201d. Esa es la obsesi\u00f3n: no perder el monopolio de la moral, aunque eso implique perseguir hasta el \u00faltimo TikTok. Y mientras tanto, la inseguridad avanza, las denuncias se acumulan y las carpetas de investigaci\u00f3n se empolvan en los escritorios de siempre.<\/p>\n\n\n\n<p>Pero lo realmente inc\u00f3modo para el gobierno no es un joven con contrato o sin contrato.<br>Lo inc\u00f3modo es que una generaci\u00f3n entera est\u00e9 empezando a cuestionar, a organizarse y a salir a las calles sin pedir permiso. Que no les teman. Que no se dejen apantallar por el discurso de \u201c<em>nosotros s\u00ed somos el pueblo<\/em>\u201d.<\/p>\n\n\n\n<p>La marcha de la <strong>Generaci\u00f3n Z<\/strong> puede gustar o no, pero es real. Igual que lo fueron \u2014y seguir\u00e1n siendo\u2014 las manifestaciones de estudiantes, de familias fracturadas por la violencia, de colectivos que no descansan, de ciudadanos que no quieren acostumbrarse al miedo.<\/p>\n\n\n\n<p>Y es justamente esa autenticidad \u2014esa ra\u00edz ciudadana\u2014 la que ha desatado el nerviosismo en Palacio: porque lo org\u00e1nico no se controla, no se dirige y, sobre todo, no se calla.<\/p>\n\n\n\n<p>Morena podr\u00e1 buscar debajo de las piedras, en los expedientes, en las cuentas bancarias y en los hashtags. Podr\u00e1 tratar de desmoronar los movimientos con argumentos endebles y filtraciones disfrazadas de \u201cinvestigaci\u00f3n\u201d. Pero hay algo que no va a lograr borrar: el hartazgo que los origin\u00f3.<\/p>\n\n\n\n<p>Y es que no hay desacreditaci\u00f3n posible que detenga lo que surge de una sociedad que ya entendi\u00f3 algo profundamente pol\u00edtico: el poder tiene miedo cuando deja de ser due\u00f1o de la calle.<\/p>\n\n\n\n<p>Porque aqu\u00ed vale preguntar algo que el gobierno no responde: si de verdad creen que todo movimiento que no controlan est\u00e1 \u201corquestado\u201d, entonces\u2026 \u00bfTambi\u00e9n son orquestadas las protestas estudiantiles en la Universidad Aut\u00f3noma de Sinaloa? \u00bfLos j\u00f3venes que salieron a exigir democracia universitaria, certeza jur\u00eddica y respeto a su autonom\u00eda tambi\u00e9n fueron financiados por \u201coscuros intereses\u201d? \u00bfO fueron simples estudiantes defendiendo lo que consideran justo?<\/p>\n\n\n\n<p>Y vayamos m\u00e1s all\u00e1:<br>\u00bfEst\u00e1n \u201cdirigidas por la oposici\u00f3n\u201d las marchas detonadas por la violencia que azota a Sinaloa?<br>\u00bfLos familiares de desaparecidos, de asesinados, de mujeres v\u00edctimas de feminicidio\u2026<br>tambi\u00e9n est\u00e1n manipulados?<br>\u00bfLas protestas que estremecieron a Michoac\u00e1n tras el asesinato de Carlos Manzo \u2014un hecho que indign\u00f3 incluso a quienes normalmente callan\u2014 tambi\u00e9n forman parte de esta narrativa conspirativa que el oficialismo usa para no asumir responsabilidad?<\/p>\n\n\n\n<p>Porque si su teor\u00eda es cierta, entonces todo es complot.<br>Y si todo es complot, nada es responsabilidad del gobierno.<\/p>\n","protected":false},"excerpt":{"rendered":"<p>Pocas cosas inquietan y molestan tanto a Morena como un movimiento que no naci\u00f3 de su mano&#8230; Hay d\u00edas en que la pol\u00edtica mexicana se vuelve un espejo perfecto: no porque refleje la realidad, sino porque nos devuelve una versi\u00f3n distorsionada, acomodada y, por momentos, francamente absurda. Esta semana, Morena decidi\u00f3 emprender una cruzada \u2014de [&hellip;]<\/p>\n","protected":false},"author":11,"featured_media":121956,"comment_status":"open","ping_status":"open","sticky":false,"template":"","format":"standard","meta":{"tdm_status":"","tdm_grid_status":"","footnotes":""},"categories":[3064,2772],"tags":[],"class_list":{"0":"post-121955","1":"post","2":"type-post","3":"status-publish","4":"format-standard","5":"has-post-thumbnail","7":"category-columnas","8":"category-vis-a-vis"},"yoast_head":"<!-- This site is optimized with the Yoast SEO plugin v27.5 - https:\/\/yoast.com\/product\/yoast-seo-wordpress\/ -->\n<title>La eficiencia selectiva de Morena - Fuentes Fidedignas<\/title>\n<meta name=\"robots\" content=\"index, follow, max-snippet:-1, max-image-preview:large, max-video-preview:-1\" \/>\n<link rel=\"canonical\" href=\"https:\/\/fuentesfidedignas.com.mx\/index.php\/2025\/11\/19\/la-eficiencia-selectiva-de-morena\/\" \/>\n<meta property=\"og:locale\" content=\"es_MX\" \/>\n<meta property=\"og:type\" content=\"article\" \/>\n<meta property=\"og:title\" content=\"La eficiencia selectiva de Morena - Fuentes Fidedignas\" \/>\n<meta property=\"og:description\" content=\"Pocas cosas inquietan y molestan tanto a Morena como un movimiento que no naci\u00f3 de su mano&#8230; Hay d\u00edas en que la pol\u00edtica mexicana se vuelve un espejo perfecto: no porque refleje la realidad, sino porque nos devuelve una versi\u00f3n distorsionada, acomodada y, por momentos, francamente absurda. Esta semana, Morena decidi\u00f3 emprender una cruzada \u2014de [&hellip;]\" \/>\n<meta property=\"og:url\" content=\"https:\/\/fuentesfidedignas.com.mx\/index.php\/2025\/11\/19\/la-eficiencia-selectiva-de-morena\/\" \/>\n<meta property=\"og:site_name\" content=\"Fuentes Fidedignas\" \/>\n<meta property=\"article:publisher\" content=\"https:\/\/www.facebook.com\/Fuentes-Fidedignas-368234489921644\" \/>\n<meta property=\"article:published_time\" content=\"2025-11-19T20:36:47+00:00\" \/>\n<meta property=\"article:modified_time\" content=\"2025-11-19T20:53:24+00:00\" \/>\n<meta property=\"og:image\" content=\"https:\/\/fuentesfidedignas.com.mx\/wp-content\/uploads\/2025\/11\/A-proceso-cinco-detenidos-por-violencia-en-la-Marcha-de-la-Generacion-Z-696x464-1.jpeg\" \/>\n\t<meta property=\"og:image:width\" content=\"696\" \/>\n\t<meta property=\"og:image:height\" content=\"464\" \/>\n\t<meta property=\"og:image:type\" content=\"image\/jpeg\" \/>\n<meta name=\"author\" content=\"Marissa Palafox\" \/>\n<meta name=\"twitter:card\" content=\"summary_large_image\" \/>\n<meta name=\"twitter:creator\" content=\"@fidedignas\" \/>\n<meta name=\"twitter:site\" content=\"@fidedignas\" \/>\n<meta name=\"twitter:label1\" content=\"Escrito por\" \/>\n\t<meta name=\"twitter:data1\" content=\"Marissa Palafox\" \/>\n\t<meta name=\"twitter:label2\" content=\"Tiempo de lectura\" \/>\n\t<meta name=\"twitter:data2\" content=\"4 minutos\" \/>\n<script type=\"application\/ld+json\" class=\"yoast-schema-graph\">{\"@context\":\"https:\\\/\\\/schema.org\",\"@graph\":[{\"@type\":\"Article\",\"@id\":\"https:\\\/\\\/fuentesfidedignas.com.mx\\\/index.php\\\/2025\\\/11\\\/19\\\/la-eficiencia-selectiva-de-morena\\\/#article\",\"isPartOf\":{\"@id\":\"https:\\\/\\\/fuentesfidedignas.com.mx\\\/index.php\\\/2025\\\/11\\\/19\\\/la-eficiencia-selectiva-de-morena\\\/\"},\"author\":{\"name\":\"Marissa Palafox\",\"@id\":\"https:\\\/\\\/fuentesfidedignas.com.mx\\\/#\\\/schema\\\/person\\\/2c10028b4a30078c05a056a215342ab9\"},\"headline\":\"La eficiencia selectiva de Morena\",\"datePublished\":\"2025-11-19T20:36:47+00:00\",\"dateModified\":\"2025-11-19T20:53:24+00:00\",\"mainEntityOfPage\":{\"@id\":\"https:\\\/\\\/fuentesfidedignas.com.mx\\\/index.php\\\/2025\\\/11\\\/19\\\/la-eficiencia-selectiva-de-morena\\\/\"},\"wordCount\":673,\"commentCount\":0,\"publisher\":{\"@id\":\"https:\\\/\\\/fuentesfidedignas.com.mx\\\/#organization\"},\"image\":{\"@id\":\"https:\\\/\\\/fuentesfidedignas.com.mx\\\/index.php\\\/2025\\\/11\\\/19\\\/la-eficiencia-selectiva-de-morena\\\/#primaryimage\"},\"thumbnailUrl\":\"https:\\\/\\\/fuentesfidedignas.com.mx\\\/wp-content\\\/uploads\\\/2025\\\/11\\\/A-proceso-cinco-detenidos-por-violencia-en-la-Marcha-de-la-Generacion-Z-696x464-1.jpeg\",\"articleSection\":[\"COLUMNAS\",\"VIS \u00c0 VIS\"],\"inLanguage\":\"es\",\"potentialAction\":[{\"@type\":\"CommentAction\",\"name\":\"Comment\",\"target\":[\"https:\\\/\\\/fuentesfidedignas.com.mx\\\/index.php\\\/2025\\\/11\\\/19\\\/la-eficiencia-selectiva-de-morena\\\/#respond\"]}]},{\"@type\":\"WebPage\",\"@id\":\"https:\\\/\\\/fuentesfidedignas.com.mx\\\/index.php\\\/2025\\\/11\\\/19\\\/la-eficiencia-selectiva-de-morena\\\/\",\"url\":\"https:\\\/\\\/fuentesfidedignas.com.mx\\\/index.php\\\/2025\\\/11\\\/19\\\/la-eficiencia-selectiva-de-morena\\\/\",\"name\":\"La eficiencia selectiva de Morena - Fuentes Fidedignas\",\"isPartOf\":{\"@id\":\"https:\\\/\\\/fuentesfidedignas.com.mx\\\/#website\"},\"primaryImageOfPage\":{\"@id\":\"https:\\\/\\\/fuentesfidedignas.com.mx\\\/index.php\\\/2025\\\/11\\\/19\\\/la-eficiencia-selectiva-de-morena\\\/#primaryimage\"},\"image\":{\"@id\":\"https:\\\/\\\/fuentesfidedignas.com.mx\\\/index.php\\\/2025\\\/11\\\/19\\\/la-eficiencia-selectiva-de-morena\\\/#primaryimage\"},\"thumbnailUrl\":\"https:\\\/\\\/fuentesfidedignas.com.mx\\\/wp-content\\\/uploads\\\/2025\\\/11\\\/A-proceso-cinco-detenidos-por-violencia-en-la-Marcha-de-la-Generacion-Z-696x464-1.jpeg\",\"datePublished\":\"2025-11-19T20:36:47+00:00\",\"dateModified\":\"2025-11-19T20:53:24+00:00\",\"breadcrumb\":{\"@id\":\"https:\\\/\\\/fuentesfidedignas.com.mx\\\/index.php\\\/2025\\\/11\\\/19\\\/la-eficiencia-selectiva-de-morena\\\/#breadcrumb\"},\"inLanguage\":\"es\",\"potentialAction\":[{\"@type\":\"ReadAction\",\"target\":[\"https:\\\/\\\/fuentesfidedignas.com.mx\\\/index.php\\\/2025\\\/11\\\/19\\\/la-eficiencia-selectiva-de-morena\\\/\"]}]},{\"@type\":\"ImageObject\",\"inLanguage\":\"es\",\"@id\":\"https:\\\/\\\/fuentesfidedignas.com.mx\\\/index.php\\\/2025\\\/11\\\/19\\\/la-eficiencia-selectiva-de-morena\\\/#primaryimage\",\"url\":\"https:\\\/\\\/fuentesfidedignas.com.mx\\\/wp-content\\\/uploads\\\/2025\\\/11\\\/A-proceso-cinco-detenidos-por-violencia-en-la-Marcha-de-la-Generacion-Z-696x464-1.jpeg\",\"contentUrl\":\"https:\\\/\\\/fuentesfidedignas.com.mx\\\/wp-content\\\/uploads\\\/2025\\\/11\\\/A-proceso-cinco-detenidos-por-violencia-en-la-Marcha-de-la-Generacion-Z-696x464-1.jpeg\",\"width\":696,\"height\":464},{\"@type\":\"BreadcrumbList\",\"@id\":\"https:\\\/\\\/fuentesfidedignas.com.mx\\\/index.php\\\/2025\\\/11\\\/19\\\/la-eficiencia-selectiva-de-morena\\\/#breadcrumb\",\"itemListElement\":[{\"@type\":\"ListItem\",\"position\":1,\"name\":\"Inicio\",\"item\":\"https:\\\/\\\/fuentesfidedignas.com.mx\\\/\"},{\"@type\":\"ListItem\",\"position\":2,\"name\":\"La eficiencia selectiva de Morena\"}]},{\"@type\":\"WebSite\",\"@id\":\"https:\\\/\\\/fuentesfidedignas.com.mx\\\/#website\",\"url\":\"https:\\\/\\\/fuentesfidedignas.com.mx\\\/\",\"name\":\"Fuentes Fidedignas\",\"description\":\"Otro sitio realizado con WordPress\",\"publisher\":{\"@id\":\"https:\\\/\\\/fuentesfidedignas.com.mx\\\/#organization\"},\"potentialAction\":[{\"@type\":\"SearchAction\",\"target\":{\"@type\":\"EntryPoint\",\"urlTemplate\":\"https:\\\/\\\/fuentesfidedignas.com.mx\\\/?s={search_term_string}\"},\"query-input\":{\"@type\":\"PropertyValueSpecification\",\"valueRequired\":true,\"valueName\":\"search_term_string\"}}],\"inLanguage\":\"es\"},{\"@type\":\"Organization\",\"@id\":\"https:\\\/\\\/fuentesfidedignas.com.mx\\\/#organization\",\"name\":\"Fuentes Fidedignas\",\"url\":\"https:\\\/\\\/fuentesfidedignas.com.mx\\\/\",\"logo\":{\"@type\":\"ImageObject\",\"inLanguage\":\"es\",\"@id\":\"https:\\\/\\\/fuentesfidedignas.com.mx\\\/#\\\/schema\\\/logo\\\/image\\\/\",\"url\":\"https:\\\/\\\/fuentesfidedignas.com.mx\\\/wp-content\\\/uploads\\\/2021\\\/04\\\/logo-retina.png\",\"contentUrl\":\"https:\\\/\\\/fuentesfidedignas.com.mx\\\/wp-content\\\/uploads\\\/2021\\\/04\\\/logo-retina.png\",\"width\":280,\"height\":51,\"caption\":\"Fuentes Fidedignas\"},\"image\":{\"@id\":\"https:\\\/\\\/fuentesfidedignas.com.mx\\\/#\\\/schema\\\/logo\\\/image\\\/\"},\"sameAs\":[\"https:\\\/\\\/www.facebook.com\\\/Fuentes-Fidedignas-368234489921644\",\"https:\\\/\\\/x.com\\\/fidedignas\"]},{\"@type\":\"Person\",\"@id\":\"https:\\\/\\\/fuentesfidedignas.com.mx\\\/#\\\/schema\\\/person\\\/2c10028b4a30078c05a056a215342ab9\",\"name\":\"Marissa Palafox\",\"image\":{\"@type\":\"ImageObject\",\"inLanguage\":\"es\",\"@id\":\"https:\\\/\\\/secure.gravatar.com\\\/avatar\\\/20a43bdb2f2db10f20b22d4e98b96eb027faf98f7f76d29854dc5fab46d1cf71?s=96&d=mm&r=g\",\"url\":\"https:\\\/\\\/secure.gravatar.com\\\/avatar\\\/20a43bdb2f2db10f20b22d4e98b96eb027faf98f7f76d29854dc5fab46d1cf71?s=96&d=mm&r=g\",\"contentUrl\":\"https:\\\/\\\/secure.gravatar.com\\\/avatar\\\/20a43bdb2f2db10f20b22d4e98b96eb027faf98f7f76d29854dc5fab46d1cf71?s=96&d=mm&r=g\",\"caption\":\"Marissa Palafox\"},\"url\":\"https:\\\/\\\/fuentesfidedignas.com.mx\\\/index.php\\\/author\\\/marissa\\\/\"}]}<\/script>\n<!-- \/ Yoast SEO plugin. -->","yoast_head_json":{"title":"La eficiencia selectiva de Morena - Fuentes Fidedignas","robots":{"index":"index","follow":"follow","max-snippet":"max-snippet:-1","max-image-preview":"max-image-preview:large","max-video-preview":"max-video-preview:-1"},"canonical":"https:\/\/fuentesfidedignas.com.mx\/index.php\/2025\/11\/19\/la-eficiencia-selectiva-de-morena\/","og_locale":"es_MX","og_type":"article","og_title":"La eficiencia selectiva de Morena - Fuentes Fidedignas","og_description":"Pocas cosas inquietan y molestan tanto a Morena como un movimiento que no naci\u00f3 de su mano&#8230; Hay d\u00edas en que la pol\u00edtica mexicana se vuelve un espejo perfecto: no porque refleje la realidad, sino porque nos devuelve una versi\u00f3n distorsionada, acomodada y, por momentos, francamente absurda. Esta semana, Morena decidi\u00f3 emprender una cruzada \u2014de [&hellip;]","og_url":"https:\/\/fuentesfidedignas.com.mx\/index.php\/2025\/11\/19\/la-eficiencia-selectiva-de-morena\/","og_site_name":"Fuentes Fidedignas","article_publisher":"https:\/\/www.facebook.com\/Fuentes-Fidedignas-368234489921644","article_published_time":"2025-11-19T20:36:47+00:00","article_modified_time":"2025-11-19T20:53:24+00:00","og_image":[{"width":696,"height":464,"url":"https:\/\/fuentesfidedignas.com.mx\/wp-content\/uploads\/2025\/11\/A-proceso-cinco-detenidos-por-violencia-en-la-Marcha-de-la-Generacion-Z-696x464-1.jpeg","type":"image\/jpeg"}],"author":"Marissa Palafox","twitter_card":"summary_large_image","twitter_creator":"@fidedignas","twitter_site":"@fidedignas","twitter_misc":{"Escrito por":"Marissa Palafox","Tiempo de lectura":"4 minutos"},"schema":{"@context":"https:\/\/schema.org","@graph":[{"@type":"Article","@id":"https:\/\/fuentesfidedignas.com.mx\/index.php\/2025\/11\/19\/la-eficiencia-selectiva-de-morena\/#article","isPartOf":{"@id":"https:\/\/fuentesfidedignas.com.mx\/index.php\/2025\/11\/19\/la-eficiencia-selectiva-de-morena\/"},"author":{"name":"Marissa Palafox","@id":"https:\/\/fuentesfidedignas.com.mx\/#\/schema\/person\/2c10028b4a30078c05a056a215342ab9"},"headline":"La eficiencia selectiva de Morena","datePublished":"2025-11-19T20:36:47+00:00","dateModified":"2025-11-19T20:53:24+00:00","mainEntityOfPage":{"@id":"https:\/\/fuentesfidedignas.com.mx\/index.php\/2025\/11\/19\/la-eficiencia-selectiva-de-morena\/"},"wordCount":673,"commentCount":0,"publisher":{"@id":"https:\/\/fuentesfidedignas.com.mx\/#organization"},"image":{"@id":"https:\/\/fuentesfidedignas.com.mx\/index.php\/2025\/11\/19\/la-eficiencia-selectiva-de-morena\/#primaryimage"},"thumbnailUrl":"https:\/\/fuentesfidedignas.com.mx\/wp-content\/uploads\/2025\/11\/A-proceso-cinco-detenidos-por-violencia-en-la-Marcha-de-la-Generacion-Z-696x464-1.jpeg","articleSection":["COLUMNAS","VIS \u00c0 VIS"],"inLanguage":"es","potentialAction":[{"@type":"CommentAction","name":"Comment","target":["https:\/\/fuentesfidedignas.com.mx\/index.php\/2025\/11\/19\/la-eficiencia-selectiva-de-morena\/#respond"]}]},{"@type":"WebPage","@id":"https:\/\/fuentesfidedignas.com.mx\/index.php\/2025\/11\/19\/la-eficiencia-selectiva-de-morena\/","url":"https:\/\/fuentesfidedignas.com.mx\/index.php\/2025\/11\/19\/la-eficiencia-selectiva-de-morena\/","name":"La eficiencia selectiva de Morena - Fuentes Fidedignas","isPartOf":{"@id":"https:\/\/fuentesfidedignas.com.mx\/#website"},"primaryImageOfPage":{"@id":"https:\/\/fuentesfidedignas.com.mx\/index.php\/2025\/11\/19\/la-eficiencia-selectiva-de-morena\/#primaryimage"},"image":{"@id":"https:\/\/fuentesfidedignas.com.mx\/index.php\/2025\/11\/19\/la-eficiencia-selectiva-de-morena\/#primaryimage"},"thumbnailUrl":"https:\/\/fuentesfidedignas.com.mx\/wp-content\/uploads\/2025\/11\/A-proceso-cinco-detenidos-por-violencia-en-la-Marcha-de-la-Generacion-Z-696x464-1.jpeg","datePublished":"2025-11-19T20:36:47+00:00","dateModified":"2025-11-19T20:53:24+00:00","breadcrumb":{"@id":"https:\/\/fuentesfidedignas.com.mx\/index.php\/2025\/11\/19\/la-eficiencia-selectiva-de-morena\/#breadcrumb"},"inLanguage":"es","potentialAction":[{"@type":"ReadAction","target":["https:\/\/fuentesfidedignas.com.mx\/index.php\/2025\/11\/19\/la-eficiencia-selectiva-de-morena\/"]}]},{"@type":"ImageObject","inLanguage":"es","@id":"https:\/\/fuentesfidedignas.com.mx\/index.php\/2025\/11\/19\/la-eficiencia-selectiva-de-morena\/#primaryimage","url":"https:\/\/fuentesfidedignas.com.mx\/wp-content\/uploads\/2025\/11\/A-proceso-cinco-detenidos-por-violencia-en-la-Marcha-de-la-Generacion-Z-696x464-1.jpeg","contentUrl":"https:\/\/fuentesfidedignas.com.mx\/wp-content\/uploads\/2025\/11\/A-proceso-cinco-detenidos-por-violencia-en-la-Marcha-de-la-Generacion-Z-696x464-1.jpeg","width":696,"height":464},{"@type":"BreadcrumbList","@id":"https:\/\/fuentesfidedignas.com.mx\/index.php\/2025\/11\/19\/la-eficiencia-selectiva-de-morena\/#breadcrumb","itemListElement":[{"@type":"ListItem","position":1,"name":"Inicio","item":"https:\/\/fuentesfidedignas.com.mx\/"},{"@type":"ListItem","position":2,"name":"La eficiencia selectiva de Morena"}]},{"@type":"WebSite","@id":"https:\/\/fuentesfidedignas.com.mx\/#website","url":"https:\/\/fuentesfidedignas.com.mx\/","name":"Fuentes Fidedignas","description":"Otro sitio realizado con WordPress","publisher":{"@id":"https:\/\/fuentesfidedignas.com.mx\/#organization"},"potentialAction":[{"@type":"SearchAction","target":{"@type":"EntryPoint","urlTemplate":"https:\/\/fuentesfidedignas.com.mx\/?s={search_term_string}"},"query-input":{"@type":"PropertyValueSpecification","valueRequired":true,"valueName":"search_term_string"}}],"inLanguage":"es"},{"@type":"Organization","@id":"https:\/\/fuentesfidedignas.com.mx\/#organization","name":"Fuentes Fidedignas","url":"https:\/\/fuentesfidedignas.com.mx\/","logo":{"@type":"ImageObject","inLanguage":"es","@id":"https:\/\/fuentesfidedignas.com.mx\/#\/schema\/logo\/image\/","url":"https:\/\/fuentesfidedignas.com.mx\/wp-content\/uploads\/2021\/04\/logo-retina.png","contentUrl":"https:\/\/fuentesfidedignas.com.mx\/wp-content\/uploads\/2021\/04\/logo-retina.png","width":280,"height":51,"caption":"Fuentes Fidedignas"},"image":{"@id":"https:\/\/fuentesfidedignas.com.mx\/#\/schema\/logo\/image\/"},"sameAs":["https:\/\/www.facebook.com\/Fuentes-Fidedignas-368234489921644","https:\/\/x.com\/fidedignas"]},{"@type":"Person","@id":"https:\/\/fuentesfidedignas.com.mx\/#\/schema\/person\/2c10028b4a30078c05a056a215342ab9","name":"Marissa Palafox","image":{"@type":"ImageObject","inLanguage":"es","@id":"https:\/\/secure.gravatar.com\/avatar\/20a43bdb2f2db10f20b22d4e98b96eb027faf98f7f76d29854dc5fab46d1cf71?s=96&d=mm&r=g","url":"https:\/\/secure.gravatar.com\/avatar\/20a43bdb2f2db10f20b22d4e98b96eb027faf98f7f76d29854dc5fab46d1cf71?s=96&d=mm&r=g","contentUrl":"https:\/\/secure.gravatar.com\/avatar\/20a43bdb2f2db10f20b22d4e98b96eb027faf98f7f76d29854dc5fab46d1cf71?s=96&d=mm&r=g","caption":"Marissa Palafox"},"url":"https:\/\/fuentesfidedignas.com.mx\/index.php\/author\/marissa\/"}]}},"_links":{"self":[{"href":"https:\/\/fuentesfidedignas.com.mx\/index.php\/wp-json\/wp\/v2\/posts\/121955","targetHints":{"allow":["GET"]}}],"collection":[{"href":"https:\/\/fuentesfidedignas.com.mx\/index.php\/wp-json\/wp\/v2\/posts"}],"about":[{"href":"https:\/\/fuentesfidedignas.com.mx\/index.php\/wp-json\/wp\/v2\/types\/post"}],"author":[{"embeddable":true,"href":"https:\/\/fuentesfidedignas.com.mx\/index.php\/wp-json\/wp\/v2\/users\/11"}],"replies":[{"embeddable":true,"href":"https:\/\/fuentesfidedignas.com.mx\/index.php\/wp-json\/wp\/v2\/comments?post=121955"}],"version-history":[{"count":3,"href":"https:\/\/fuentesfidedignas.com.mx\/index.php\/wp-json\/wp\/v2\/posts\/121955\/revisions"}],"predecessor-version":[{"id":121961,"href":"https:\/\/fuentesfidedignas.com.mx\/index.php\/wp-json\/wp\/v2\/posts\/121955\/revisions\/121961"}],"wp:featuredmedia":[{"embeddable":true,"href":"https:\/\/fuentesfidedignas.com.mx\/index.php\/wp-json\/wp\/v2\/media\/121956"}],"wp:attachment":[{"href":"https:\/\/fuentesfidedignas.com.mx\/index.php\/wp-json\/wp\/v2\/media?parent=121955"}],"wp:term":[{"taxonomy":"category","embeddable":true,"href":"https:\/\/fuentesfidedignas.com.mx\/index.php\/wp-json\/wp\/v2\/categories?post=121955"},{"taxonomy":"post_tag","embeddable":true,"href":"https:\/\/fuentesfidedignas.com.mx\/index.php\/wp-json\/wp\/v2\/tags?post=121955"}],"curies":[{"name":"wp","href":"https:\/\/api.w.org\/{rel}","templated":true}]}}