{"id":121914,"date":"2026-01-08T01:01:00","date_gmt":"2026-01-08T08:01:00","guid":{"rendered":"https:\/\/fuentesfidedignas.com.mx\/?p=121914"},"modified":"2026-01-08T00:42:15","modified_gmt":"2026-01-08T07:42:15","slug":"de-modelo-a-monja-la-historia-de-la-hermosa-joven-brasilena-que-se-hizo-viral","status":"publish","type":"post","link":"https:\/\/fuentesfidedignas.com.mx\/index.php\/2026\/01\/08\/de-modelo-a-monja-la-historia-de-la-hermosa-joven-brasilena-que-se-hizo-viral\/","title":{"rendered":"De modelo a monja: la historia de la hermosa joven brasile\u00f1a que se hizo viral"},"content":{"rendered":"\n<p>Recientemente en redes sociales se viraliz\u00f3 el video de una joven monja que vend\u00eda art\u00edculos religiosos en las calles de Goiania, en el estado brasile\u00f1o de Goi\u00e1s. La religiosa en cuesti\u00f3n es la exmodelo originaria de Minas de Gerais, Kamila Rodrigues Cardoso, de 21 a\u00f1os, quien ahora es mejor conocida como hermana Eva.<\/p>\n\n\n\n<p>Al cumplir los 18 a\u00f1os y tras haber participado en varios concursos de belleza, la joven decidi\u00f3 abandonar su prometedora carrera como modelo, su familia, amigos e incluso hasta su propio nombre para formar parte de la congregaci\u00f3n de Sancta Dei Genitrix, una instituci\u00f3n que no est\u00e1 afiliada a la Iglesia cat\u00f3lica romana.<\/p>\n\n\n\n<p>De manera similar a otros miembros de la congregaci\u00f3n, la hermana Eva mantiene una&nbsp;<strong>activa presencia en redes<\/strong>&nbsp;sociales en donde comparte su labor social, as\u00ed como mensajes religiosos. Actualmente la joven monja ya tiene&nbsp;<strong>m\u00e1s de 50.000 seguidores<\/strong>&nbsp;en su perfil de TikTok. &nbsp;<\/p>\n\n\n\n<p>Seg\u00fan cuenta ella misma, durante su \u00e9poca como modelo estaba segura de haber encontrado su vocaci\u00f3n, sin embargo, la&nbsp;<strong>ansiedad y depresi\u00f3n<\/strong>&nbsp;que la atormentaban a causa de&nbsp;<strong>la muerte de su padre<\/strong>&nbsp;cuando esta ten\u00eda tan solo nueve a\u00f1os hicieron que decidiera acercarse m\u00e1s a la Iglesia.&nbsp;<\/p>\n\n\n\n<figure class=\"wp-block-embed is-type-video is-provider-tiktok wp-block-embed-tiktok\"><div class=\"wp-block-embed__wrapper\">\n<blockquote class=\"tiktok-embed\" cite=\"https:\/\/www.tiktok.com\/@irma.evaofc\/video\/7524330589042855173\" data-video-id=\"7524330589042855173\" data-embed-from=\"oembed\" style=\"max-width:605px; min-width:325px;\"> <section> <a target=\"_blank\" title=\"@irma.evaofc\" href=\"https:\/\/www.tiktok.com\/@irma.evaofc?refer=embed\">@irma.evaofc<\/a> <p><a title=\"freira\" target=\"_blank\" href=\"https:\/\/www.tiktok.com\/tag\/freira?refer=embed\">#freira<\/a> <a title=\"irmaeva\" target=\"_blank\" href=\"https:\/\/www.tiktok.com\/tag\/irmaeva?refer=embed\">#irmaeva<\/a> <a title=\"curiosidades\" target=\"_blank\" href=\"https:\/\/www.tiktok.com\/tag\/curiosidades?refer=embed\">#curiosidades<\/a> <\/p> <a target=\"_blank\" title=\"\u266c som original - Irm\u00e3 Eva\" href=\"https:\/\/www.tiktok.com\/music\/som-original-7524330573944064824?refer=embed\">\u266c som original &#8211; Irm\u00e3 Eva<\/a> <\/section> <\/blockquote> <script async src=\"https:\/\/www.tiktok.com\/embed.js\"><\/script>\n<\/div><\/figure>\n","protected":false},"excerpt":{"rendered":"<p>Recientemente en redes sociales se viraliz\u00f3 el video de una joven monja que vend\u00eda art\u00edculos religiosos en las calles de Goiania, en el estado brasile\u00f1o de Goi\u00e1s. La religiosa en cuesti\u00f3n es la exmodelo originaria de Minas de Gerais, Kamila Rodrigues Cardoso, de 21 a\u00f1os, quien ahora es mejor conocida como hermana Eva. Al cumplir [&hellip;]<\/p>\n","protected":false},"author":12,"featured_media":121913,"comment_status":"closed","ping_status":"open","sticky":false,"template":"","format":"standard","meta":{"tdm_status":"","tdm_grid_status":"","footnotes":""},"categories":[40],"tags":[],"class_list":{"0":"post-121914","1":"post","2":"type-post","3":"status-publish","4":"format-standard","5":"has-post-thumbnail","7":"category-las-asombrosas"},"yoast_head":"<!-- This site is optimized with the Yoast SEO plugin v27.4 - https:\/\/yoast.com\/product\/yoast-seo-wordpress\/ -->\n<title>De modelo a monja: la historia de la hermosa joven brasile\u00f1a que se hizo viral - Fuentes Fidedignas<\/title>\n<meta name=\"robots\" content=\"index, follow, max-snippet:-1, max-image-preview:large, max-video-preview:-1\" \/>\n<link rel=\"canonical\" href=\"https:\/\/fuentesfidedignas.com.mx\/index.php\/2026\/01\/08\/de-modelo-a-monja-la-historia-de-la-hermosa-joven-brasilena-que-se-hizo-viral\/\" \/>\n<meta property=\"og:locale\" content=\"es_MX\" \/>\n<meta property=\"og:type\" content=\"article\" \/>\n<meta property=\"og:title\" content=\"De modelo a monja: la historia de la hermosa joven brasile\u00f1a que se hizo viral - Fuentes Fidedignas\" \/>\n<meta property=\"og:description\" content=\"Recientemente en redes sociales se viraliz\u00f3 el video de una joven monja que vend\u00eda art\u00edculos religiosos en las calles de Goiania, en el estado brasile\u00f1o de Goi\u00e1s. La religiosa en cuesti\u00f3n es la exmodelo originaria de Minas de Gerais, Kamila Rodrigues Cardoso, de 21 a\u00f1os, quien ahora es mejor conocida como hermana Eva. Al cumplir [&hellip;]\" \/>\n<meta property=\"og:url\" content=\"https:\/\/fuentesfidedignas.com.mx\/index.php\/2026\/01\/08\/de-modelo-a-monja-la-historia-de-la-hermosa-joven-brasilena-que-se-hizo-viral\/\" \/>\n<meta property=\"og:site_name\" content=\"Fuentes Fidedignas\" \/>\n<meta property=\"article:publisher\" content=\"https:\/\/www.facebook.com\/Fuentes-Fidedignas-368234489921644\" \/>\n<meta property=\"article:published_time\" content=\"2026-01-08T08:01:00+00:00\" \/>\n<meta property=\"og:image\" content=\"https:\/\/fuentesfidedignas.com.mx\/wp-content\/uploads\/2025\/11\/img_6375-1.jpg\" \/>\n\t<meta property=\"og:image:width\" content=\"1104\" \/>\n\t<meta property=\"og:image:height\" content=\"622\" \/>\n\t<meta property=\"og:image:type\" content=\"image\/jpeg\" \/>\n<meta name=\"author\" content=\"AFP\" \/>\n<meta name=\"twitter:card\" content=\"summary_large_image\" \/>\n<meta name=\"twitter:creator\" content=\"@fidedignas\" \/>\n<meta name=\"twitter:site\" content=\"@fidedignas\" \/>\n<meta name=\"twitter:label1\" content=\"Escrito por\" \/>\n\t<meta name=\"twitter:data1\" content=\"AFP\" \/>\n\t<meta name=\"twitter:label2\" content=\"Tiempo de lectura\" \/>\n\t<meta name=\"twitter:data2\" content=\"2 minutos\" \/>\n<script type=\"application\/ld+json\" class=\"yoast-schema-graph\">{\"@context\":\"https:\\\/\\\/schema.org\",\"@graph\":[{\"@type\":\"Article\",\"@id\":\"https:\\\/\\\/fuentesfidedignas.com.mx\\\/index.php\\\/2026\\\/01\\\/08\\\/de-modelo-a-monja-la-historia-de-la-hermosa-joven-brasilena-que-se-hizo-viral\\\/#article\",\"isPartOf\":{\"@id\":\"https:\\\/\\\/fuentesfidedignas.com.mx\\\/index.php\\\/2026\\\/01\\\/08\\\/de-modelo-a-monja-la-historia-de-la-hermosa-joven-brasilena-que-se-hizo-viral\\\/\"},\"author\":{\"name\":\"AFP\",\"@id\":\"https:\\\/\\\/fuentesfidedignas.com.mx\\\/#\\\/schema\\\/person\\\/1827b38c6cf89e1d6cc7d78ca3fae732\"},\"headline\":\"De modelo a monja: la historia de la hermosa joven brasile\u00f1a que se hizo viral\",\"datePublished\":\"2026-01-08T08:01:00+00:00\",\"mainEntityOfPage\":{\"@id\":\"https:\\\/\\\/fuentesfidedignas.com.mx\\\/index.php\\\/2026\\\/01\\\/08\\\/de-modelo-a-monja-la-historia-de-la-hermosa-joven-brasilena-que-se-hizo-viral\\\/\"},\"wordCount\":253,\"publisher\":{\"@id\":\"https:\\\/\\\/fuentesfidedignas.com.mx\\\/#organization\"},\"image\":{\"@id\":\"https:\\\/\\\/fuentesfidedignas.com.mx\\\/index.php\\\/2026\\\/01\\\/08\\\/de-modelo-a-monja-la-historia-de-la-hermosa-joven-brasilena-que-se-hizo-viral\\\/#primaryimage\"},\"thumbnailUrl\":\"https:\\\/\\\/fuentesfidedignas.com.mx\\\/wp-content\\\/uploads\\\/2025\\\/11\\\/img_6375-1.jpg\",\"articleSection\":[\"LAS ASOMBROSAS\"],\"inLanguage\":\"es\"},{\"@type\":\"WebPage\",\"@id\":\"https:\\\/\\\/fuentesfidedignas.com.mx\\\/index.php\\\/2026\\\/01\\\/08\\\/de-modelo-a-monja-la-historia-de-la-hermosa-joven-brasilena-que-se-hizo-viral\\\/\",\"url\":\"https:\\\/\\\/fuentesfidedignas.com.mx\\\/index.php\\\/2026\\\/01\\\/08\\\/de-modelo-a-monja-la-historia-de-la-hermosa-joven-brasilena-que-se-hizo-viral\\\/\",\"name\":\"De modelo a monja: la historia de la hermosa joven brasile\u00f1a que se hizo viral - Fuentes Fidedignas\",\"isPartOf\":{\"@id\":\"https:\\\/\\\/fuentesfidedignas.com.mx\\\/#website\"},\"primaryImageOfPage\":{\"@id\":\"https:\\\/\\\/fuentesfidedignas.com.mx\\\/index.php\\\/2026\\\/01\\\/08\\\/de-modelo-a-monja-la-historia-de-la-hermosa-joven-brasilena-que-se-hizo-viral\\\/#primaryimage\"},\"image\":{\"@id\":\"https:\\\/\\\/fuentesfidedignas.com.mx\\\/index.php\\\/2026\\\/01\\\/08\\\/de-modelo-a-monja-la-historia-de-la-hermosa-joven-brasilena-que-se-hizo-viral\\\/#primaryimage\"},\"thumbnailUrl\":\"https:\\\/\\\/fuentesfidedignas.com.mx\\\/wp-content\\\/uploads\\\/2025\\\/11\\\/img_6375-1.jpg\",\"datePublished\":\"2026-01-08T08:01:00+00:00\",\"breadcrumb\":{\"@id\":\"https:\\\/\\\/fuentesfidedignas.com.mx\\\/index.php\\\/2026\\\/01\\\/08\\\/de-modelo-a-monja-la-historia-de-la-hermosa-joven-brasilena-que-se-hizo-viral\\\/#breadcrumb\"},\"inLanguage\":\"es\",\"potentialAction\":[{\"@type\":\"ReadAction\",\"target\":[\"https:\\\/\\\/fuentesfidedignas.com.mx\\\/index.php\\\/2026\\\/01\\\/08\\\/de-modelo-a-monja-la-historia-de-la-hermosa-joven-brasilena-que-se-hizo-viral\\\/\"]}]},{\"@type\":\"ImageObject\",\"inLanguage\":\"es\",\"@id\":\"https:\\\/\\\/fuentesfidedignas.com.mx\\\/index.php\\\/2026\\\/01\\\/08\\\/de-modelo-a-monja-la-historia-de-la-hermosa-joven-brasilena-que-se-hizo-viral\\\/#primaryimage\",\"url\":\"https:\\\/\\\/fuentesfidedignas.com.mx\\\/wp-content\\\/uploads\\\/2025\\\/11\\\/img_6375-1.jpg\",\"contentUrl\":\"https:\\\/\\\/fuentesfidedignas.com.mx\\\/wp-content\\\/uploads\\\/2025\\\/11\\\/img_6375-1.jpg\",\"width\":1104,\"height\":622},{\"@type\":\"BreadcrumbList\",\"@id\":\"https:\\\/\\\/fuentesfidedignas.com.mx\\\/index.php\\\/2026\\\/01\\\/08\\\/de-modelo-a-monja-la-historia-de-la-hermosa-joven-brasilena-que-se-hizo-viral\\\/#breadcrumb\",\"itemListElement\":[{\"@type\":\"ListItem\",\"position\":1,\"name\":\"Inicio\",\"item\":\"https:\\\/\\\/fuentesfidedignas.com.mx\\\/\"},{\"@type\":\"ListItem\",\"position\":2,\"name\":\"De modelo a monja: la historia de la hermosa joven brasile\u00f1a que se hizo viral\"}]},{\"@type\":\"WebSite\",\"@id\":\"https:\\\/\\\/fuentesfidedignas.com.mx\\\/#website\",\"url\":\"https:\\\/\\\/fuentesfidedignas.com.mx\\\/\",\"name\":\"Fuentes Fidedignas\",\"description\":\"Otro sitio realizado con WordPress\",\"publisher\":{\"@id\":\"https:\\\/\\\/fuentesfidedignas.com.mx\\\/#organization\"},\"potentialAction\":[{\"@type\":\"SearchAction\",\"target\":{\"@type\":\"EntryPoint\",\"urlTemplate\":\"https:\\\/\\\/fuentesfidedignas.com.mx\\\/?s={search_term_string}\"},\"query-input\":{\"@type\":\"PropertyValueSpecification\",\"valueRequired\":true,\"valueName\":\"search_term_string\"}}],\"inLanguage\":\"es\"},{\"@type\":\"Organization\",\"@id\":\"https:\\\/\\\/fuentesfidedignas.com.mx\\\/#organization\",\"name\":\"Fuentes Fidedignas\",\"url\":\"https:\\\/\\\/fuentesfidedignas.com.mx\\\/\",\"logo\":{\"@type\":\"ImageObject\",\"inLanguage\":\"es\",\"@id\":\"https:\\\/\\\/fuentesfidedignas.com.mx\\\/#\\\/schema\\\/logo\\\/image\\\/\",\"url\":\"https:\\\/\\\/fuentesfidedignas.com.mx\\\/wp-content\\\/uploads\\\/2021\\\/04\\\/logo-retina.png\",\"contentUrl\":\"https:\\\/\\\/fuentesfidedignas.com.mx\\\/wp-content\\\/uploads\\\/2021\\\/04\\\/logo-retina.png\",\"width\":280,\"height\":51,\"caption\":\"Fuentes Fidedignas\"},\"image\":{\"@id\":\"https:\\\/\\\/fuentesfidedignas.com.mx\\\/#\\\/schema\\\/logo\\\/image\\\/\"},\"sameAs\":[\"https:\\\/\\\/www.facebook.com\\\/Fuentes-Fidedignas-368234489921644\",\"https:\\\/\\\/x.com\\\/fidedignas\"]},{\"@type\":\"Person\",\"@id\":\"https:\\\/\\\/fuentesfidedignas.com.mx\\\/#\\\/schema\\\/person\\\/1827b38c6cf89e1d6cc7d78ca3fae732\",\"name\":\"AFP\",\"image\":{\"@type\":\"ImageObject\",\"inLanguage\":\"es\",\"@id\":\"https:\\\/\\\/secure.gravatar.com\\\/avatar\\\/236827d2ee9bf15e1ea99e0c1cd1b467cffa55e324d177638d0f8de7950cbae6?s=96&d=mm&r=g\",\"url\":\"https:\\\/\\\/secure.gravatar.com\\\/avatar\\\/236827d2ee9bf15e1ea99e0c1cd1b467cffa55e324d177638d0f8de7950cbae6?s=96&d=mm&r=g\",\"contentUrl\":\"https:\\\/\\\/secure.gravatar.com\\\/avatar\\\/236827d2ee9bf15e1ea99e0c1cd1b467cffa55e324d177638d0f8de7950cbae6?s=96&d=mm&r=g\",\"caption\":\"AFP\"},\"url\":\"https:\\\/\\\/fuentesfidedignas.com.mx\\\/index.php\\\/author\\\/afp\\\/\"}]}<\/script>\n<!-- \/ Yoast SEO plugin. -->","yoast_head_json":{"title":"De modelo a monja: la historia de la hermosa joven brasile\u00f1a que se hizo viral - Fuentes Fidedignas","robots":{"index":"index","follow":"follow","max-snippet":"max-snippet:-1","max-image-preview":"max-image-preview:large","max-video-preview":"max-video-preview:-1"},"canonical":"https:\/\/fuentesfidedignas.com.mx\/index.php\/2026\/01\/08\/de-modelo-a-monja-la-historia-de-la-hermosa-joven-brasilena-que-se-hizo-viral\/","og_locale":"es_MX","og_type":"article","og_title":"De modelo a monja: la historia de la hermosa joven brasile\u00f1a que se hizo viral - Fuentes Fidedignas","og_description":"Recientemente en redes sociales se viraliz\u00f3 el video de una joven monja que vend\u00eda art\u00edculos religiosos en las calles de Goiania, en el estado brasile\u00f1o de Goi\u00e1s. La religiosa en cuesti\u00f3n es la exmodelo originaria de Minas de Gerais, Kamila Rodrigues Cardoso, de 21 a\u00f1os, quien ahora es mejor conocida como hermana Eva. Al cumplir [&hellip;]","og_url":"https:\/\/fuentesfidedignas.com.mx\/index.php\/2026\/01\/08\/de-modelo-a-monja-la-historia-de-la-hermosa-joven-brasilena-que-se-hizo-viral\/","og_site_name":"Fuentes Fidedignas","article_publisher":"https:\/\/www.facebook.com\/Fuentes-Fidedignas-368234489921644","article_published_time":"2026-01-08T08:01:00+00:00","og_image":[{"width":1104,"height":622,"url":"https:\/\/fuentesfidedignas.com.mx\/wp-content\/uploads\/2025\/11\/img_6375-1.jpg","type":"image\/jpeg"}],"author":"AFP","twitter_card":"summary_large_image","twitter_creator":"@fidedignas","twitter_site":"@fidedignas","twitter_misc":{"Escrito por":"AFP","Tiempo de lectura":"2 minutos"},"schema":{"@context":"https:\/\/schema.org","@graph":[{"@type":"Article","@id":"https:\/\/fuentesfidedignas.com.mx\/index.php\/2026\/01\/08\/de-modelo-a-monja-la-historia-de-la-hermosa-joven-brasilena-que-se-hizo-viral\/#article","isPartOf":{"@id":"https:\/\/fuentesfidedignas.com.mx\/index.php\/2026\/01\/08\/de-modelo-a-monja-la-historia-de-la-hermosa-joven-brasilena-que-se-hizo-viral\/"},"author":{"name":"AFP","@id":"https:\/\/fuentesfidedignas.com.mx\/#\/schema\/person\/1827b38c6cf89e1d6cc7d78ca3fae732"},"headline":"De modelo a monja: la historia de la hermosa joven brasile\u00f1a que se hizo viral","datePublished":"2026-01-08T08:01:00+00:00","mainEntityOfPage":{"@id":"https:\/\/fuentesfidedignas.com.mx\/index.php\/2026\/01\/08\/de-modelo-a-monja-la-historia-de-la-hermosa-joven-brasilena-que-se-hizo-viral\/"},"wordCount":253,"publisher":{"@id":"https:\/\/fuentesfidedignas.com.mx\/#organization"},"image":{"@id":"https:\/\/fuentesfidedignas.com.mx\/index.php\/2026\/01\/08\/de-modelo-a-monja-la-historia-de-la-hermosa-joven-brasilena-que-se-hizo-viral\/#primaryimage"},"thumbnailUrl":"https:\/\/fuentesfidedignas.com.mx\/wp-content\/uploads\/2025\/11\/img_6375-1.jpg","articleSection":["LAS ASOMBROSAS"],"inLanguage":"es"},{"@type":"WebPage","@id":"https:\/\/fuentesfidedignas.com.mx\/index.php\/2026\/01\/08\/de-modelo-a-monja-la-historia-de-la-hermosa-joven-brasilena-que-se-hizo-viral\/","url":"https:\/\/fuentesfidedignas.com.mx\/index.php\/2026\/01\/08\/de-modelo-a-monja-la-historia-de-la-hermosa-joven-brasilena-que-se-hizo-viral\/","name":"De modelo a monja: la historia de la hermosa joven brasile\u00f1a que se hizo viral - Fuentes Fidedignas","isPartOf":{"@id":"https:\/\/fuentesfidedignas.com.mx\/#website"},"primaryImageOfPage":{"@id":"https:\/\/fuentesfidedignas.com.mx\/index.php\/2026\/01\/08\/de-modelo-a-monja-la-historia-de-la-hermosa-joven-brasilena-que-se-hizo-viral\/#primaryimage"},"image":{"@id":"https:\/\/fuentesfidedignas.com.mx\/index.php\/2026\/01\/08\/de-modelo-a-monja-la-historia-de-la-hermosa-joven-brasilena-que-se-hizo-viral\/#primaryimage"},"thumbnailUrl":"https:\/\/fuentesfidedignas.com.mx\/wp-content\/uploads\/2025\/11\/img_6375-1.jpg","datePublished":"2026-01-08T08:01:00+00:00","breadcrumb":{"@id":"https:\/\/fuentesfidedignas.com.mx\/index.php\/2026\/01\/08\/de-modelo-a-monja-la-historia-de-la-hermosa-joven-brasilena-que-se-hizo-viral\/#breadcrumb"},"inLanguage":"es","potentialAction":[{"@type":"ReadAction","target":["https:\/\/fuentesfidedignas.com.mx\/index.php\/2026\/01\/08\/de-modelo-a-monja-la-historia-de-la-hermosa-joven-brasilena-que-se-hizo-viral\/"]}]},{"@type":"ImageObject","inLanguage":"es","@id":"https:\/\/fuentesfidedignas.com.mx\/index.php\/2026\/01\/08\/de-modelo-a-monja-la-historia-de-la-hermosa-joven-brasilena-que-se-hizo-viral\/#primaryimage","url":"https:\/\/fuentesfidedignas.com.mx\/wp-content\/uploads\/2025\/11\/img_6375-1.jpg","contentUrl":"https:\/\/fuentesfidedignas.com.mx\/wp-content\/uploads\/2025\/11\/img_6375-1.jpg","width":1104,"height":622},{"@type":"BreadcrumbList","@id":"https:\/\/fuentesfidedignas.com.mx\/index.php\/2026\/01\/08\/de-modelo-a-monja-la-historia-de-la-hermosa-joven-brasilena-que-se-hizo-viral\/#breadcrumb","itemListElement":[{"@type":"ListItem","position":1,"name":"Inicio","item":"https:\/\/fuentesfidedignas.com.mx\/"},{"@type":"ListItem","position":2,"name":"De modelo a monja: la historia de la hermosa joven brasile\u00f1a que se hizo viral"}]},{"@type":"WebSite","@id":"https:\/\/fuentesfidedignas.com.mx\/#website","url":"https:\/\/fuentesfidedignas.com.mx\/","name":"Fuentes Fidedignas","description":"Otro sitio realizado con WordPress","publisher":{"@id":"https:\/\/fuentesfidedignas.com.mx\/#organization"},"potentialAction":[{"@type":"SearchAction","target":{"@type":"EntryPoint","urlTemplate":"https:\/\/fuentesfidedignas.com.mx\/?s={search_term_string}"},"query-input":{"@type":"PropertyValueSpecification","valueRequired":true,"valueName":"search_term_string"}}],"inLanguage":"es"},{"@type":"Organization","@id":"https:\/\/fuentesfidedignas.com.mx\/#organization","name":"Fuentes Fidedignas","url":"https:\/\/fuentesfidedignas.com.mx\/","logo":{"@type":"ImageObject","inLanguage":"es","@id":"https:\/\/fuentesfidedignas.com.mx\/#\/schema\/logo\/image\/","url":"https:\/\/fuentesfidedignas.com.mx\/wp-content\/uploads\/2021\/04\/logo-retina.png","contentUrl":"https:\/\/fuentesfidedignas.com.mx\/wp-content\/uploads\/2021\/04\/logo-retina.png","width":280,"height":51,"caption":"Fuentes Fidedignas"},"image":{"@id":"https:\/\/fuentesfidedignas.com.mx\/#\/schema\/logo\/image\/"},"sameAs":["https:\/\/www.facebook.com\/Fuentes-Fidedignas-368234489921644","https:\/\/x.com\/fidedignas"]},{"@type":"Person","@id":"https:\/\/fuentesfidedignas.com.mx\/#\/schema\/person\/1827b38c6cf89e1d6cc7d78ca3fae732","name":"AFP","image":{"@type":"ImageObject","inLanguage":"es","@id":"https:\/\/secure.gravatar.com\/avatar\/236827d2ee9bf15e1ea99e0c1cd1b467cffa55e324d177638d0f8de7950cbae6?s=96&d=mm&r=g","url":"https:\/\/secure.gravatar.com\/avatar\/236827d2ee9bf15e1ea99e0c1cd1b467cffa55e324d177638d0f8de7950cbae6?s=96&d=mm&r=g","contentUrl":"https:\/\/secure.gravatar.com\/avatar\/236827d2ee9bf15e1ea99e0c1cd1b467cffa55e324d177638d0f8de7950cbae6?s=96&d=mm&r=g","caption":"AFP"},"url":"https:\/\/fuentesfidedignas.com.mx\/index.php\/author\/afp\/"}]}},"_links":{"self":[{"href":"https:\/\/fuentesfidedignas.com.mx\/index.php\/wp-json\/wp\/v2\/posts\/121914","targetHints":{"allow":["GET"]}}],"collection":[{"href":"https:\/\/fuentesfidedignas.com.mx\/index.php\/wp-json\/wp\/v2\/posts"}],"about":[{"href":"https:\/\/fuentesfidedignas.com.mx\/index.php\/wp-json\/wp\/v2\/types\/post"}],"author":[{"embeddable":true,"href":"https:\/\/fuentesfidedignas.com.mx\/index.php\/wp-json\/wp\/v2\/users\/12"}],"replies":[{"embeddable":true,"href":"https:\/\/fuentesfidedignas.com.mx\/index.php\/wp-json\/wp\/v2\/comments?post=121914"}],"version-history":[{"count":2,"href":"https:\/\/fuentesfidedignas.com.mx\/index.php\/wp-json\/wp\/v2\/posts\/121914\/revisions"}],"predecessor-version":[{"id":124859,"href":"https:\/\/fuentesfidedignas.com.mx\/index.php\/wp-json\/wp\/v2\/posts\/121914\/revisions\/124859"}],"wp:featuredmedia":[{"embeddable":true,"href":"https:\/\/fuentesfidedignas.com.mx\/index.php\/wp-json\/wp\/v2\/media\/121913"}],"wp:attachment":[{"href":"https:\/\/fuentesfidedignas.com.mx\/index.php\/wp-json\/wp\/v2\/media?parent=121914"}],"wp:term":[{"taxonomy":"category","embeddable":true,"href":"https:\/\/fuentesfidedignas.com.mx\/index.php\/wp-json\/wp\/v2\/categories?post=121914"},{"taxonomy":"post_tag","embeddable":true,"href":"https:\/\/fuentesfidedignas.com.mx\/index.php\/wp-json\/wp\/v2\/tags?post=121914"}],"curies":[{"name":"wp","href":"https:\/\/api.w.org\/{rel}","templated":true}]}}