{"id":121873,"date":"2025-11-18T12:09:13","date_gmt":"2025-11-18T19:09:13","guid":{"rendered":"https:\/\/fuentesfidedignas.com.mx\/?p=121873"},"modified":"2025-11-18T12:09:32","modified_gmt":"2025-11-18T19:09:32","slug":"asesinan-a-pedro-gonzalez-excandidato-a-alcalde-de-tuxtla","status":"publish","type":"post","link":"https:\/\/fuentesfidedignas.com.mx\/index.php\/2025\/11\/18\/asesinan-a-pedro-gonzalez-excandidato-a-alcalde-de-tuxtla\/","title":{"rendered":"Asesinan a Pedro Gonz\u00e1lez, excandidato a alcalde de Tuxtla"},"content":{"rendered":"\n<p><strong><em>El excandidato a alcalde, Pedro Gonz\u00e1lez, fue atacado a tiros en su domicilio ubicado en la comunidad de Villa Comoapan<\/em><\/strong><\/p>\n\n\n\n<p>El excandidato a la alcald\u00eda de San Andr\u00e9s Tuxtla, Pedro Gonz\u00e1lez Rodr\u00edguez, fue asesinado a tiros en Veracruz, seg\u00fan fuentes policiales, convirti\u00e9ndose en el segundo aspirante ultimado en menos de un mes en esta regi\u00f3n del este de M\u00e9xico.<\/p>\n\n\n\n<p>El pol\u00edtico -quien contendi\u00f3 en 2021 bajo las siglas del partido pol\u00edtico local Todos por Veracruz\u2013 fue atacado a tiros en su domicilio particular ubicado en la comunidad de Villa Comoapan del municipio de San Andr\u00e9s Tuxtla.<\/p>\n\n\n\n<p>Los sicarios dispararon contra la v\u00edctima de 65 a\u00f1os y huyeron del lugar, sin que elementos policiales pudieran dar con su paradero a pesar del fuerte operativo que se mont\u00f3 en el lugar.<\/p>\n\n\n\n<p>La Fiscal\u00eda General del Estado inici\u00f3 una investigaci\u00f3n del caso en medio de la indignaci\u00f3n de habitantes de esa regi\u00f3n selv\u00e1tica.<\/p>\n\n\n\n<p>El pasado 6 de noviembre, el excandidato del opositor partido derechista Acci\u00f3n Nacional (PAN) a la alcald\u00eda de Chinameca, L\u00e1zaro Francisco Lur\u00eda, fue secuestrado y asesinado.<\/p>\n\n\n\n<p>El cuerpo del expresidente municipal apareci\u00f3 cerca de una carretera estatal que une a los municipios de Oteapan con Zaragoza.<\/p>\n\n\n\n<p>Veracruz, asentado en el Golfo de M\u00e9xico, ha sufrido una espiral de violencia durante el presente a\u00f1o relacionado con la operaci\u00f3n de c\u00e1rteles de la droga y organizaciones criminales dedicadas a la extorsi\u00f3n, cobro de piso y secuestro.<\/p>\n\n\n\n<p>Estos cr\u00edmenes se dan en un contexto de violencia pol\u00edtica en el pa\u00eds, luego de que el pasado 1 de noviembre, un grupo de sicarios asesinara a balazos a Carlos Manzo Rodr\u00edguez, alcalde de Uruapan, Michoac\u00e1n, un crimen que conmocion\u00f3 a la poblaci\u00f3n.<\/p>\n\n\n\n<p>Manzo alz\u00f3 la voz en diversas ocasiones para exigir a la presidenta Claudia Sheinbaum el apoyo federal para enfrentar al crimen organizado que opera en Uruapan. El alcalde incluso anunci\u00f3 recompensas para polic\u00edas municipales que abatieran a sicarios.<\/p>\n\n\n\n<p>En el presente a\u00f1o, suman al menos 56 asesinatos de actores pol\u00edticos en M\u00e9xico, seg\u00fan un recuento de la organizaci\u00f3n civil Causa en Com\u00fan.<\/p>\n","protected":false},"excerpt":{"rendered":"<p>El excandidato a alcalde, Pedro Gonz\u00e1lez, fue atacado a tiros en su domicilio ubicado en la comunidad de Villa Comoapan El excandidato a la alcald\u00eda de San Andr\u00e9s Tuxtla, Pedro Gonz\u00e1lez Rodr\u00edguez, fue asesinado a tiros en Veracruz, seg\u00fan fuentes policiales, convirti\u00e9ndose en el segundo aspirante ultimado en menos de un mes en esta regi\u00f3n [&hellip;]<\/p>\n","protected":false},"author":22,"featured_media":121874,"comment_status":"open","ping_status":"open","sticky":false,"template":"","format":"standard","meta":{"tdm_status":"","tdm_grid_status":"","footnotes":""},"categories":[39],"tags":[],"class_list":{"0":"post-121873","1":"post","2":"type-post","3":"status-publish","4":"format-standard","5":"has-post-thumbnail","7":"category-noticias-nacionales"},"yoast_head":"<!-- This site is optimized with the Yoast SEO plugin v27.5 - https:\/\/yoast.com\/product\/yoast-seo-wordpress\/ -->\n<title>Asesinan a Pedro Gonz\u00e1lez, excandidato a alcalde de Tuxtla - Fuentes Fidedignas<\/title>\n<meta name=\"robots\" content=\"index, follow, max-snippet:-1, max-image-preview:large, max-video-preview:-1\" \/>\n<link rel=\"canonical\" href=\"https:\/\/fuentesfidedignas.com.mx\/index.php\/2025\/11\/18\/asesinan-a-pedro-gonzalez-excandidato-a-alcalde-de-tuxtla\/\" \/>\n<meta property=\"og:locale\" content=\"es_MX\" \/>\n<meta property=\"og:type\" content=\"article\" \/>\n<meta property=\"og:title\" content=\"Asesinan a Pedro Gonz\u00e1lez, excandidato a alcalde de Tuxtla - Fuentes Fidedignas\" \/>\n<meta property=\"og:description\" content=\"El excandidato a alcalde, Pedro Gonz\u00e1lez, fue atacado a tiros en su domicilio ubicado en la comunidad de Villa Comoapan El excandidato a la alcald\u00eda de San Andr\u00e9s Tuxtla, Pedro Gonz\u00e1lez Rodr\u00edguez, fue asesinado a tiros en Veracruz, seg\u00fan fuentes policiales, convirti\u00e9ndose en el segundo aspirante ultimado en menos de un mes en esta regi\u00f3n [&hellip;]\" \/>\n<meta property=\"og:url\" content=\"https:\/\/fuentesfidedignas.com.mx\/index.php\/2025\/11\/18\/asesinan-a-pedro-gonzalez-excandidato-a-alcalde-de-tuxtla\/\" \/>\n<meta property=\"og:site_name\" content=\"Fuentes Fidedignas\" \/>\n<meta property=\"article:publisher\" content=\"https:\/\/www.facebook.com\/Fuentes-Fidedignas-368234489921644\" \/>\n<meta property=\"article:published_time\" content=\"2025-11-18T19:09:13+00:00\" \/>\n<meta property=\"article:modified_time\" content=\"2025-11-18T19:09:32+00:00\" \/>\n<meta property=\"og:image\" content=\"https:\/\/fuentesfidedignas.com.mx\/wp-content\/uploads\/2025\/11\/pedro-gonzalez-rodriguez.jpg\" \/>\n\t<meta property=\"og:image:width\" content=\"500\" \/>\n\t<meta property=\"og:image:height\" content=\"308\" \/>\n\t<meta property=\"og:image:type\" content=\"image\/jpeg\" \/>\n<meta name=\"author\" content=\"EFE\" \/>\n<meta name=\"twitter:card\" content=\"summary_large_image\" \/>\n<meta name=\"twitter:creator\" content=\"@fidedignas\" \/>\n<meta name=\"twitter:site\" content=\"@fidedignas\" \/>\n<meta name=\"twitter:label1\" content=\"Escrito por\" \/>\n\t<meta name=\"twitter:data1\" content=\"EFE\" \/>\n\t<meta name=\"twitter:label2\" content=\"Tiempo de lectura\" \/>\n\t<meta name=\"twitter:data2\" content=\"2 minutos\" \/>\n<script type=\"application\/ld+json\" class=\"yoast-schema-graph\">{\"@context\":\"https:\\\/\\\/schema.org\",\"@graph\":[{\"@type\":\"Article\",\"@id\":\"https:\\\/\\\/fuentesfidedignas.com.mx\\\/index.php\\\/2025\\\/11\\\/18\\\/asesinan-a-pedro-gonzalez-excandidato-a-alcalde-de-tuxtla\\\/#article\",\"isPartOf\":{\"@id\":\"https:\\\/\\\/fuentesfidedignas.com.mx\\\/index.php\\\/2025\\\/11\\\/18\\\/asesinan-a-pedro-gonzalez-excandidato-a-alcalde-de-tuxtla\\\/\"},\"author\":{\"name\":\"EFE\",\"@id\":\"https:\\\/\\\/fuentesfidedignas.com.mx\\\/#\\\/schema\\\/person\\\/0d44615087b5a626d5d3f13afe31ac41\"},\"headline\":\"Asesinan a Pedro Gonz\u00e1lez, excandidato a alcalde de Tuxtla\",\"datePublished\":\"2025-11-18T19:09:13+00:00\",\"dateModified\":\"2025-11-18T19:09:32+00:00\",\"mainEntityOfPage\":{\"@id\":\"https:\\\/\\\/fuentesfidedignas.com.mx\\\/index.php\\\/2025\\\/11\\\/18\\\/asesinan-a-pedro-gonzalez-excandidato-a-alcalde-de-tuxtla\\\/\"},\"wordCount\":385,\"commentCount\":0,\"publisher\":{\"@id\":\"https:\\\/\\\/fuentesfidedignas.com.mx\\\/#organization\"},\"image\":{\"@id\":\"https:\\\/\\\/fuentesfidedignas.com.mx\\\/index.php\\\/2025\\\/11\\\/18\\\/asesinan-a-pedro-gonzalez-excandidato-a-alcalde-de-tuxtla\\\/#primaryimage\"},\"thumbnailUrl\":\"https:\\\/\\\/fuentesfidedignas.com.mx\\\/wp-content\\\/uploads\\\/2025\\\/11\\\/pedro-gonzalez-rodriguez.jpg\",\"articleSection\":[\"NOTICIAS NACIONALES\"],\"inLanguage\":\"es\",\"potentialAction\":[{\"@type\":\"CommentAction\",\"name\":\"Comment\",\"target\":[\"https:\\\/\\\/fuentesfidedignas.com.mx\\\/index.php\\\/2025\\\/11\\\/18\\\/asesinan-a-pedro-gonzalez-excandidato-a-alcalde-de-tuxtla\\\/#respond\"]}]},{\"@type\":\"WebPage\",\"@id\":\"https:\\\/\\\/fuentesfidedignas.com.mx\\\/index.php\\\/2025\\\/11\\\/18\\\/asesinan-a-pedro-gonzalez-excandidato-a-alcalde-de-tuxtla\\\/\",\"url\":\"https:\\\/\\\/fuentesfidedignas.com.mx\\\/index.php\\\/2025\\\/11\\\/18\\\/asesinan-a-pedro-gonzalez-excandidato-a-alcalde-de-tuxtla\\\/\",\"name\":\"Asesinan a Pedro Gonz\u00e1lez, excandidato a alcalde de Tuxtla - Fuentes Fidedignas\",\"isPartOf\":{\"@id\":\"https:\\\/\\\/fuentesfidedignas.com.mx\\\/#website\"},\"primaryImageOfPage\":{\"@id\":\"https:\\\/\\\/fuentesfidedignas.com.mx\\\/index.php\\\/2025\\\/11\\\/18\\\/asesinan-a-pedro-gonzalez-excandidato-a-alcalde-de-tuxtla\\\/#primaryimage\"},\"image\":{\"@id\":\"https:\\\/\\\/fuentesfidedignas.com.mx\\\/index.php\\\/2025\\\/11\\\/18\\\/asesinan-a-pedro-gonzalez-excandidato-a-alcalde-de-tuxtla\\\/#primaryimage\"},\"thumbnailUrl\":\"https:\\\/\\\/fuentesfidedignas.com.mx\\\/wp-content\\\/uploads\\\/2025\\\/11\\\/pedro-gonzalez-rodriguez.jpg\",\"datePublished\":\"2025-11-18T19:09:13+00:00\",\"dateModified\":\"2025-11-18T19:09:32+00:00\",\"breadcrumb\":{\"@id\":\"https:\\\/\\\/fuentesfidedignas.com.mx\\\/index.php\\\/2025\\\/11\\\/18\\\/asesinan-a-pedro-gonzalez-excandidato-a-alcalde-de-tuxtla\\\/#breadcrumb\"},\"inLanguage\":\"es\",\"potentialAction\":[{\"@type\":\"ReadAction\",\"target\":[\"https:\\\/\\\/fuentesfidedignas.com.mx\\\/index.php\\\/2025\\\/11\\\/18\\\/asesinan-a-pedro-gonzalez-excandidato-a-alcalde-de-tuxtla\\\/\"]}]},{\"@type\":\"ImageObject\",\"inLanguage\":\"es\",\"@id\":\"https:\\\/\\\/fuentesfidedignas.com.mx\\\/index.php\\\/2025\\\/11\\\/18\\\/asesinan-a-pedro-gonzalez-excandidato-a-alcalde-de-tuxtla\\\/#primaryimage\",\"url\":\"https:\\\/\\\/fuentesfidedignas.com.mx\\\/wp-content\\\/uploads\\\/2025\\\/11\\\/pedro-gonzalez-rodriguez.jpg\",\"contentUrl\":\"https:\\\/\\\/fuentesfidedignas.com.mx\\\/wp-content\\\/uploads\\\/2025\\\/11\\\/pedro-gonzalez-rodriguez.jpg\",\"width\":500,\"height\":308},{\"@type\":\"BreadcrumbList\",\"@id\":\"https:\\\/\\\/fuentesfidedignas.com.mx\\\/index.php\\\/2025\\\/11\\\/18\\\/asesinan-a-pedro-gonzalez-excandidato-a-alcalde-de-tuxtla\\\/#breadcrumb\",\"itemListElement\":[{\"@type\":\"ListItem\",\"position\":1,\"name\":\"Inicio\",\"item\":\"https:\\\/\\\/fuentesfidedignas.com.mx\\\/\"},{\"@type\":\"ListItem\",\"position\":2,\"name\":\"Asesinan a Pedro Gonz\u00e1lez, excandidato a alcalde de Tuxtla\"}]},{\"@type\":\"WebSite\",\"@id\":\"https:\\\/\\\/fuentesfidedignas.com.mx\\\/#website\",\"url\":\"https:\\\/\\\/fuentesfidedignas.com.mx\\\/\",\"name\":\"Fuentes Fidedignas\",\"description\":\"Otro sitio realizado con WordPress\",\"publisher\":{\"@id\":\"https:\\\/\\\/fuentesfidedignas.com.mx\\\/#organization\"},\"potentialAction\":[{\"@type\":\"SearchAction\",\"target\":{\"@type\":\"EntryPoint\",\"urlTemplate\":\"https:\\\/\\\/fuentesfidedignas.com.mx\\\/?s={search_term_string}\"},\"query-input\":{\"@type\":\"PropertyValueSpecification\",\"valueRequired\":true,\"valueName\":\"search_term_string\"}}],\"inLanguage\":\"es\"},{\"@type\":\"Organization\",\"@id\":\"https:\\\/\\\/fuentesfidedignas.com.mx\\\/#organization\",\"name\":\"Fuentes Fidedignas\",\"url\":\"https:\\\/\\\/fuentesfidedignas.com.mx\\\/\",\"logo\":{\"@type\":\"ImageObject\",\"inLanguage\":\"es\",\"@id\":\"https:\\\/\\\/fuentesfidedignas.com.mx\\\/#\\\/schema\\\/logo\\\/image\\\/\",\"url\":\"https:\\\/\\\/fuentesfidedignas.com.mx\\\/wp-content\\\/uploads\\\/2021\\\/04\\\/logo-retina.png\",\"contentUrl\":\"https:\\\/\\\/fuentesfidedignas.com.mx\\\/wp-content\\\/uploads\\\/2021\\\/04\\\/logo-retina.png\",\"width\":280,\"height\":51,\"caption\":\"Fuentes Fidedignas\"},\"image\":{\"@id\":\"https:\\\/\\\/fuentesfidedignas.com.mx\\\/#\\\/schema\\\/logo\\\/image\\\/\"},\"sameAs\":[\"https:\\\/\\\/www.facebook.com\\\/Fuentes-Fidedignas-368234489921644\",\"https:\\\/\\\/x.com\\\/fidedignas\"]},{\"@type\":\"Person\",\"@id\":\"https:\\\/\\\/fuentesfidedignas.com.mx\\\/#\\\/schema\\\/person\\\/0d44615087b5a626d5d3f13afe31ac41\",\"name\":\"EFE\",\"image\":{\"@type\":\"ImageObject\",\"inLanguage\":\"es\",\"@id\":\"https:\\\/\\\/secure.gravatar.com\\\/avatar\\\/7048c2d9b569d9bed55bb53ad23821e6e047aa66338fb6ea9868627bbb9f54e8?s=96&d=mm&r=g\",\"url\":\"https:\\\/\\\/secure.gravatar.com\\\/avatar\\\/7048c2d9b569d9bed55bb53ad23821e6e047aa66338fb6ea9868627bbb9f54e8?s=96&d=mm&r=g\",\"contentUrl\":\"https:\\\/\\\/secure.gravatar.com\\\/avatar\\\/7048c2d9b569d9bed55bb53ad23821e6e047aa66338fb6ea9868627bbb9f54e8?s=96&d=mm&r=g\",\"caption\":\"EFE\"},\"url\":\"https:\\\/\\\/fuentesfidedignas.com.mx\\\/index.php\\\/author\\\/efe\\\/\"}]}<\/script>\n<!-- \/ Yoast SEO plugin. -->","yoast_head_json":{"title":"Asesinan a Pedro Gonz\u00e1lez, excandidato a alcalde de Tuxtla - Fuentes Fidedignas","robots":{"index":"index","follow":"follow","max-snippet":"max-snippet:-1","max-image-preview":"max-image-preview:large","max-video-preview":"max-video-preview:-1"},"canonical":"https:\/\/fuentesfidedignas.com.mx\/index.php\/2025\/11\/18\/asesinan-a-pedro-gonzalez-excandidato-a-alcalde-de-tuxtla\/","og_locale":"es_MX","og_type":"article","og_title":"Asesinan a Pedro Gonz\u00e1lez, excandidato a alcalde de Tuxtla - Fuentes Fidedignas","og_description":"El excandidato a alcalde, Pedro Gonz\u00e1lez, fue atacado a tiros en su domicilio ubicado en la comunidad de Villa Comoapan El excandidato a la alcald\u00eda de San Andr\u00e9s Tuxtla, Pedro Gonz\u00e1lez Rodr\u00edguez, fue asesinado a tiros en Veracruz, seg\u00fan fuentes policiales, convirti\u00e9ndose en el segundo aspirante ultimado en menos de un mes en esta regi\u00f3n [&hellip;]","og_url":"https:\/\/fuentesfidedignas.com.mx\/index.php\/2025\/11\/18\/asesinan-a-pedro-gonzalez-excandidato-a-alcalde-de-tuxtla\/","og_site_name":"Fuentes Fidedignas","article_publisher":"https:\/\/www.facebook.com\/Fuentes-Fidedignas-368234489921644","article_published_time":"2025-11-18T19:09:13+00:00","article_modified_time":"2025-11-18T19:09:32+00:00","og_image":[{"width":500,"height":308,"url":"https:\/\/fuentesfidedignas.com.mx\/wp-content\/uploads\/2025\/11\/pedro-gonzalez-rodriguez.jpg","type":"image\/jpeg"}],"author":"EFE","twitter_card":"summary_large_image","twitter_creator":"@fidedignas","twitter_site":"@fidedignas","twitter_misc":{"Escrito por":"EFE","Tiempo de lectura":"2 minutos"},"schema":{"@context":"https:\/\/schema.org","@graph":[{"@type":"Article","@id":"https:\/\/fuentesfidedignas.com.mx\/index.php\/2025\/11\/18\/asesinan-a-pedro-gonzalez-excandidato-a-alcalde-de-tuxtla\/#article","isPartOf":{"@id":"https:\/\/fuentesfidedignas.com.mx\/index.php\/2025\/11\/18\/asesinan-a-pedro-gonzalez-excandidato-a-alcalde-de-tuxtla\/"},"author":{"name":"EFE","@id":"https:\/\/fuentesfidedignas.com.mx\/#\/schema\/person\/0d44615087b5a626d5d3f13afe31ac41"},"headline":"Asesinan a Pedro Gonz\u00e1lez, excandidato a alcalde de Tuxtla","datePublished":"2025-11-18T19:09:13+00:00","dateModified":"2025-11-18T19:09:32+00:00","mainEntityOfPage":{"@id":"https:\/\/fuentesfidedignas.com.mx\/index.php\/2025\/11\/18\/asesinan-a-pedro-gonzalez-excandidato-a-alcalde-de-tuxtla\/"},"wordCount":385,"commentCount":0,"publisher":{"@id":"https:\/\/fuentesfidedignas.com.mx\/#organization"},"image":{"@id":"https:\/\/fuentesfidedignas.com.mx\/index.php\/2025\/11\/18\/asesinan-a-pedro-gonzalez-excandidato-a-alcalde-de-tuxtla\/#primaryimage"},"thumbnailUrl":"https:\/\/fuentesfidedignas.com.mx\/wp-content\/uploads\/2025\/11\/pedro-gonzalez-rodriguez.jpg","articleSection":["NOTICIAS NACIONALES"],"inLanguage":"es","potentialAction":[{"@type":"CommentAction","name":"Comment","target":["https:\/\/fuentesfidedignas.com.mx\/index.php\/2025\/11\/18\/asesinan-a-pedro-gonzalez-excandidato-a-alcalde-de-tuxtla\/#respond"]}]},{"@type":"WebPage","@id":"https:\/\/fuentesfidedignas.com.mx\/index.php\/2025\/11\/18\/asesinan-a-pedro-gonzalez-excandidato-a-alcalde-de-tuxtla\/","url":"https:\/\/fuentesfidedignas.com.mx\/index.php\/2025\/11\/18\/asesinan-a-pedro-gonzalez-excandidato-a-alcalde-de-tuxtla\/","name":"Asesinan a Pedro Gonz\u00e1lez, excandidato a alcalde de Tuxtla - Fuentes Fidedignas","isPartOf":{"@id":"https:\/\/fuentesfidedignas.com.mx\/#website"},"primaryImageOfPage":{"@id":"https:\/\/fuentesfidedignas.com.mx\/index.php\/2025\/11\/18\/asesinan-a-pedro-gonzalez-excandidato-a-alcalde-de-tuxtla\/#primaryimage"},"image":{"@id":"https:\/\/fuentesfidedignas.com.mx\/index.php\/2025\/11\/18\/asesinan-a-pedro-gonzalez-excandidato-a-alcalde-de-tuxtla\/#primaryimage"},"thumbnailUrl":"https:\/\/fuentesfidedignas.com.mx\/wp-content\/uploads\/2025\/11\/pedro-gonzalez-rodriguez.jpg","datePublished":"2025-11-18T19:09:13+00:00","dateModified":"2025-11-18T19:09:32+00:00","breadcrumb":{"@id":"https:\/\/fuentesfidedignas.com.mx\/index.php\/2025\/11\/18\/asesinan-a-pedro-gonzalez-excandidato-a-alcalde-de-tuxtla\/#breadcrumb"},"inLanguage":"es","potentialAction":[{"@type":"ReadAction","target":["https:\/\/fuentesfidedignas.com.mx\/index.php\/2025\/11\/18\/asesinan-a-pedro-gonzalez-excandidato-a-alcalde-de-tuxtla\/"]}]},{"@type":"ImageObject","inLanguage":"es","@id":"https:\/\/fuentesfidedignas.com.mx\/index.php\/2025\/11\/18\/asesinan-a-pedro-gonzalez-excandidato-a-alcalde-de-tuxtla\/#primaryimage","url":"https:\/\/fuentesfidedignas.com.mx\/wp-content\/uploads\/2025\/11\/pedro-gonzalez-rodriguez.jpg","contentUrl":"https:\/\/fuentesfidedignas.com.mx\/wp-content\/uploads\/2025\/11\/pedro-gonzalez-rodriguez.jpg","width":500,"height":308},{"@type":"BreadcrumbList","@id":"https:\/\/fuentesfidedignas.com.mx\/index.php\/2025\/11\/18\/asesinan-a-pedro-gonzalez-excandidato-a-alcalde-de-tuxtla\/#breadcrumb","itemListElement":[{"@type":"ListItem","position":1,"name":"Inicio","item":"https:\/\/fuentesfidedignas.com.mx\/"},{"@type":"ListItem","position":2,"name":"Asesinan a Pedro Gonz\u00e1lez, excandidato a alcalde de Tuxtla"}]},{"@type":"WebSite","@id":"https:\/\/fuentesfidedignas.com.mx\/#website","url":"https:\/\/fuentesfidedignas.com.mx\/","name":"Fuentes Fidedignas","description":"Otro sitio realizado con WordPress","publisher":{"@id":"https:\/\/fuentesfidedignas.com.mx\/#organization"},"potentialAction":[{"@type":"SearchAction","target":{"@type":"EntryPoint","urlTemplate":"https:\/\/fuentesfidedignas.com.mx\/?s={search_term_string}"},"query-input":{"@type":"PropertyValueSpecification","valueRequired":true,"valueName":"search_term_string"}}],"inLanguage":"es"},{"@type":"Organization","@id":"https:\/\/fuentesfidedignas.com.mx\/#organization","name":"Fuentes Fidedignas","url":"https:\/\/fuentesfidedignas.com.mx\/","logo":{"@type":"ImageObject","inLanguage":"es","@id":"https:\/\/fuentesfidedignas.com.mx\/#\/schema\/logo\/image\/","url":"https:\/\/fuentesfidedignas.com.mx\/wp-content\/uploads\/2021\/04\/logo-retina.png","contentUrl":"https:\/\/fuentesfidedignas.com.mx\/wp-content\/uploads\/2021\/04\/logo-retina.png","width":280,"height":51,"caption":"Fuentes Fidedignas"},"image":{"@id":"https:\/\/fuentesfidedignas.com.mx\/#\/schema\/logo\/image\/"},"sameAs":["https:\/\/www.facebook.com\/Fuentes-Fidedignas-368234489921644","https:\/\/x.com\/fidedignas"]},{"@type":"Person","@id":"https:\/\/fuentesfidedignas.com.mx\/#\/schema\/person\/0d44615087b5a626d5d3f13afe31ac41","name":"EFE","image":{"@type":"ImageObject","inLanguage":"es","@id":"https:\/\/secure.gravatar.com\/avatar\/7048c2d9b569d9bed55bb53ad23821e6e047aa66338fb6ea9868627bbb9f54e8?s=96&d=mm&r=g","url":"https:\/\/secure.gravatar.com\/avatar\/7048c2d9b569d9bed55bb53ad23821e6e047aa66338fb6ea9868627bbb9f54e8?s=96&d=mm&r=g","contentUrl":"https:\/\/secure.gravatar.com\/avatar\/7048c2d9b569d9bed55bb53ad23821e6e047aa66338fb6ea9868627bbb9f54e8?s=96&d=mm&r=g","caption":"EFE"},"url":"https:\/\/fuentesfidedignas.com.mx\/index.php\/author\/efe\/"}]}},"_links":{"self":[{"href":"https:\/\/fuentesfidedignas.com.mx\/index.php\/wp-json\/wp\/v2\/posts\/121873","targetHints":{"allow":["GET"]}}],"collection":[{"href":"https:\/\/fuentesfidedignas.com.mx\/index.php\/wp-json\/wp\/v2\/posts"}],"about":[{"href":"https:\/\/fuentesfidedignas.com.mx\/index.php\/wp-json\/wp\/v2\/types\/post"}],"author":[{"embeddable":true,"href":"https:\/\/fuentesfidedignas.com.mx\/index.php\/wp-json\/wp\/v2\/users\/22"}],"replies":[{"embeddable":true,"href":"https:\/\/fuentesfidedignas.com.mx\/index.php\/wp-json\/wp\/v2\/comments?post=121873"}],"version-history":[{"count":1,"href":"https:\/\/fuentesfidedignas.com.mx\/index.php\/wp-json\/wp\/v2\/posts\/121873\/revisions"}],"predecessor-version":[{"id":121875,"href":"https:\/\/fuentesfidedignas.com.mx\/index.php\/wp-json\/wp\/v2\/posts\/121873\/revisions\/121875"}],"wp:featuredmedia":[{"embeddable":true,"href":"https:\/\/fuentesfidedignas.com.mx\/index.php\/wp-json\/wp\/v2\/media\/121874"}],"wp:attachment":[{"href":"https:\/\/fuentesfidedignas.com.mx\/index.php\/wp-json\/wp\/v2\/media?parent=121873"}],"wp:term":[{"taxonomy":"category","embeddable":true,"href":"https:\/\/fuentesfidedignas.com.mx\/index.php\/wp-json\/wp\/v2\/categories?post=121873"},{"taxonomy":"post_tag","embeddable":true,"href":"https:\/\/fuentesfidedignas.com.mx\/index.php\/wp-json\/wp\/v2\/tags?post=121873"}],"curies":[{"name":"wp","href":"https:\/\/api.w.org\/{rel}","templated":true}]}}