{"id":121688,"date":"2025-11-15T09:43:03","date_gmt":"2025-11-15T16:43:03","guid":{"rendered":"https:\/\/fuentesfidedignas.com.mx\/?p=121688"},"modified":"2025-11-15T10:05:09","modified_gmt":"2025-11-15T17:05:09","slug":"el-frankestein-de-guillermo-del-toro-etica-ciencia-y-tragedia","status":"publish","type":"post","link":"https:\/\/fuentesfidedignas.com.mx\/index.php\/2025\/11\/15\/el-frankestein-de-guillermo-del-toro-etica-ciencia-y-tragedia\/","title":{"rendered":"El Frankestein de Guillermo del Toro, \u00e9tica, ciencia y tragedia"},"content":{"rendered":"\n<p>En este video analizamos la nueva visi\u00f3n de Frankenstein dirigida por Guillermo del Toro, una interpretaci\u00f3n que combina el horror g\u00f3tico, la sensibilidad humana y el estilo visual que caracteriza al cineasta.<br \/>Exploramos c\u00f3mo la pel\u00edcula reinterpreta la cl\u00e1sica historia de Mary Shelley y qu\u00e9 preguntas \u00e9ticas plantea sobre la ciencia, la creaci\u00f3n de vida y la responsabilidad del creador.<\/p>\n\n\n\n<p>Hablaremos del tono narrativo, el dise\u00f1o de la criatura, las actuaciones, la est\u00e9tica oscura del filme y las reflexiones que la obra propone en pleno 2025.<\/p>\n\n\n\n<p>\u00bfEs el monstruo realmente el enemigo, o es un espejo de nuestra propia humanidad?<br \/>En este video encontrar\u00e1s: \u2013 Comparaci\u00f3n entre la novela y la visi\u00f3n de Del Toro \u2013 Temas de \u00e9tica, ciencia y tragedia \u2013 La figura del creador y la criatura \u2013 An\u00e1lisis visual y narrativo \u2013 Impacto cultural de esta nueva adaptaci\u00f3n Si te apasiona el cine, la literatura y los an\u00e1lisis profundos, este video es para ti.<\/p>\n\n\n\n<p>Enlace del video:<\/p>\n\n\n\n<figure class=\"wp-block-embed\"><div class=\"wp-block-embed__wrapper\">\n<iframe loading=\"lazy\" title=\"Frankenstein (2025) de Guillermo del Toro: \u00e9tica, ciencia y tragedia | An\u00e1lisis y cr\u00edtica\" width=\"696\" height=\"392\" src=\"https:\/\/www.youtube.com\/embed\/WGer-Vm2Sco?feature=oembed\" frameborder=\"0\" allow=\"accelerometer; autoplay; clipboard-write; encrypted-media; gyroscope; picture-in-picture; web-share\" referrerpolicy=\"strict-origin-when-cross-origin\" allowfullscreen><\/iframe>\n<\/div><\/figure>\n","protected":false},"excerpt":{"rendered":"<p>En este video analizamos la nueva visi\u00f3n de Frankenstein dirigida por Guillermo del Toro, una interpretaci\u00f3n que combina el horror g\u00f3tico, la sensibilidad humana y el estilo visual que caracteriza al cineasta.Exploramos c\u00f3mo la pel\u00edcula reinterpreta la cl\u00e1sica historia de Mary Shelley y qu\u00e9 preguntas \u00e9ticas plantea sobre la ciencia, la creaci\u00f3n de vida y [&hellip;]<\/p>\n","protected":false},"author":139,"featured_media":121687,"comment_status":"closed","ping_status":"open","sticky":false,"template":"","format":"standard","meta":{"tdm_status":"","tdm_grid_status":"","footnotes":""},"categories":[307],"tags":[],"class_list":{"0":"post-121688","1":"post","2":"type-post","3":"status-publish","4":"format-standard","5":"has-post-thumbnail","7":"category-ruleteando"},"yoast_head":"<!-- This site is optimized with the Yoast SEO plugin v27.5 - https:\/\/yoast.com\/product\/yoast-seo-wordpress\/ -->\n<title>El Frankestein de Guillermo del Toro, \u00e9tica, ciencia y tragedia - Fuentes Fidedignas<\/title>\n<meta name=\"robots\" content=\"index, follow, max-snippet:-1, max-image-preview:large, max-video-preview:-1\" \/>\n<link rel=\"canonical\" href=\"https:\/\/fuentesfidedignas.com.mx\/index.php\/2025\/11\/15\/el-frankestein-de-guillermo-del-toro-etica-ciencia-y-tragedia\/\" \/>\n<meta property=\"og:locale\" content=\"es_MX\" \/>\n<meta property=\"og:type\" content=\"article\" \/>\n<meta property=\"og:title\" content=\"El Frankestein de Guillermo del Toro, \u00e9tica, ciencia y tragedia - Fuentes Fidedignas\" \/>\n<meta property=\"og:description\" content=\"En este video analizamos la nueva visi\u00f3n de Frankenstein dirigida por Guillermo del Toro, una interpretaci\u00f3n que combina el horror g\u00f3tico, la sensibilidad humana y el estilo visual que caracteriza al cineasta.Exploramos c\u00f3mo la pel\u00edcula reinterpreta la cl\u00e1sica historia de Mary Shelley y qu\u00e9 preguntas \u00e9ticas plantea sobre la ciencia, la creaci\u00f3n de vida y [&hellip;]\" \/>\n<meta property=\"og:url\" content=\"https:\/\/fuentesfidedignas.com.mx\/index.php\/2025\/11\/15\/el-frankestein-de-guillermo-del-toro-etica-ciencia-y-tragedia\/\" \/>\n<meta property=\"og:site_name\" content=\"Fuentes Fidedignas\" \/>\n<meta property=\"article:publisher\" content=\"https:\/\/www.facebook.com\/Fuentes-Fidedignas-368234489921644\" \/>\n<meta property=\"article:published_time\" content=\"2025-11-15T16:43:03+00:00\" \/>\n<meta property=\"article:modified_time\" content=\"2025-11-15T17:05:09+00:00\" \/>\n<meta property=\"og:image\" content=\"https:\/\/fuentesfidedignas.com.mx\/wp-content\/uploads\/2025\/11\/img_6052.jpg\" \/>\n\t<meta property=\"og:image:width\" content=\"741\" \/>\n\t<meta property=\"og:image:height\" content=\"451\" \/>\n\t<meta property=\"og:image:type\" content=\"image\/jpeg\" \/>\n<meta name=\"author\" content=\"Luis \u00c1ngel Rivera Ayala\" \/>\n<meta name=\"twitter:card\" content=\"summary_large_image\" \/>\n<meta name=\"twitter:creator\" content=\"@fidedignas\" \/>\n<meta name=\"twitter:site\" content=\"@fidedignas\" \/>\n<meta name=\"twitter:label1\" content=\"Escrito por\" \/>\n\t<meta name=\"twitter:data1\" content=\"Luis \u00c1ngel Rivera Ayala\" \/>\n\t<meta name=\"twitter:label2\" content=\"Tiempo de lectura\" \/>\n\t<meta name=\"twitter:data2\" content=\"1 minuto\" \/>\n<script type=\"application\/ld+json\" class=\"yoast-schema-graph\">{\"@context\":\"https:\\\/\\\/schema.org\",\"@graph\":[{\"@type\":\"Article\",\"@id\":\"https:\\\/\\\/fuentesfidedignas.com.mx\\\/index.php\\\/2025\\\/11\\\/15\\\/el-frankestein-de-guillermo-del-toro-etica-ciencia-y-tragedia\\\/#article\",\"isPartOf\":{\"@id\":\"https:\\\/\\\/fuentesfidedignas.com.mx\\\/index.php\\\/2025\\\/11\\\/15\\\/el-frankestein-de-guillermo-del-toro-etica-ciencia-y-tragedia\\\/\"},\"author\":{\"name\":\"Luis \u00c1ngel Rivera Ayala\",\"@id\":\"https:\\\/\\\/fuentesfidedignas.com.mx\\\/#\\\/schema\\\/person\\\/a4e2898d4dca7bbeb0a2f77bb90f4817\"},\"headline\":\"El Frankestein de Guillermo del Toro, \u00e9tica, ciencia y tragedia\",\"datePublished\":\"2025-11-15T16:43:03+00:00\",\"dateModified\":\"2025-11-15T17:05:09+00:00\",\"mainEntityOfPage\":{\"@id\":\"https:\\\/\\\/fuentesfidedignas.com.mx\\\/index.php\\\/2025\\\/11\\\/15\\\/el-frankestein-de-guillermo-del-toro-etica-ciencia-y-tragedia\\\/\"},\"wordCount\":189,\"publisher\":{\"@id\":\"https:\\\/\\\/fuentesfidedignas.com.mx\\\/#organization\"},\"image\":{\"@id\":\"https:\\\/\\\/fuentesfidedignas.com.mx\\\/index.php\\\/2025\\\/11\\\/15\\\/el-frankestein-de-guillermo-del-toro-etica-ciencia-y-tragedia\\\/#primaryimage\"},\"thumbnailUrl\":\"https:\\\/\\\/fuentesfidedignas.com.mx\\\/wp-content\\\/uploads\\\/2025\\\/11\\\/img_6052.jpg\",\"articleSection\":[\"RULETEANDO\"],\"inLanguage\":\"es\"},{\"@type\":\"WebPage\",\"@id\":\"https:\\\/\\\/fuentesfidedignas.com.mx\\\/index.php\\\/2025\\\/11\\\/15\\\/el-frankestein-de-guillermo-del-toro-etica-ciencia-y-tragedia\\\/\",\"url\":\"https:\\\/\\\/fuentesfidedignas.com.mx\\\/index.php\\\/2025\\\/11\\\/15\\\/el-frankestein-de-guillermo-del-toro-etica-ciencia-y-tragedia\\\/\",\"name\":\"El Frankestein de Guillermo del Toro, \u00e9tica, ciencia y tragedia - Fuentes Fidedignas\",\"isPartOf\":{\"@id\":\"https:\\\/\\\/fuentesfidedignas.com.mx\\\/#website\"},\"primaryImageOfPage\":{\"@id\":\"https:\\\/\\\/fuentesfidedignas.com.mx\\\/index.php\\\/2025\\\/11\\\/15\\\/el-frankestein-de-guillermo-del-toro-etica-ciencia-y-tragedia\\\/#primaryimage\"},\"image\":{\"@id\":\"https:\\\/\\\/fuentesfidedignas.com.mx\\\/index.php\\\/2025\\\/11\\\/15\\\/el-frankestein-de-guillermo-del-toro-etica-ciencia-y-tragedia\\\/#primaryimage\"},\"thumbnailUrl\":\"https:\\\/\\\/fuentesfidedignas.com.mx\\\/wp-content\\\/uploads\\\/2025\\\/11\\\/img_6052.jpg\",\"datePublished\":\"2025-11-15T16:43:03+00:00\",\"dateModified\":\"2025-11-15T17:05:09+00:00\",\"breadcrumb\":{\"@id\":\"https:\\\/\\\/fuentesfidedignas.com.mx\\\/index.php\\\/2025\\\/11\\\/15\\\/el-frankestein-de-guillermo-del-toro-etica-ciencia-y-tragedia\\\/#breadcrumb\"},\"inLanguage\":\"es\",\"potentialAction\":[{\"@type\":\"ReadAction\",\"target\":[\"https:\\\/\\\/fuentesfidedignas.com.mx\\\/index.php\\\/2025\\\/11\\\/15\\\/el-frankestein-de-guillermo-del-toro-etica-ciencia-y-tragedia\\\/\"]}]},{\"@type\":\"ImageObject\",\"inLanguage\":\"es\",\"@id\":\"https:\\\/\\\/fuentesfidedignas.com.mx\\\/index.php\\\/2025\\\/11\\\/15\\\/el-frankestein-de-guillermo-del-toro-etica-ciencia-y-tragedia\\\/#primaryimage\",\"url\":\"https:\\\/\\\/fuentesfidedignas.com.mx\\\/wp-content\\\/uploads\\\/2025\\\/11\\\/img_6052.jpg\",\"contentUrl\":\"https:\\\/\\\/fuentesfidedignas.com.mx\\\/wp-content\\\/uploads\\\/2025\\\/11\\\/img_6052.jpg\",\"width\":741,\"height\":451},{\"@type\":\"BreadcrumbList\",\"@id\":\"https:\\\/\\\/fuentesfidedignas.com.mx\\\/index.php\\\/2025\\\/11\\\/15\\\/el-frankestein-de-guillermo-del-toro-etica-ciencia-y-tragedia\\\/#breadcrumb\",\"itemListElement\":[{\"@type\":\"ListItem\",\"position\":1,\"name\":\"Inicio\",\"item\":\"https:\\\/\\\/fuentesfidedignas.com.mx\\\/\"},{\"@type\":\"ListItem\",\"position\":2,\"name\":\"El Frankestein de Guillermo del Toro, \u00e9tica, ciencia y tragedia\"}]},{\"@type\":\"WebSite\",\"@id\":\"https:\\\/\\\/fuentesfidedignas.com.mx\\\/#website\",\"url\":\"https:\\\/\\\/fuentesfidedignas.com.mx\\\/\",\"name\":\"Fuentes Fidedignas\",\"description\":\"Otro sitio realizado con WordPress\",\"publisher\":{\"@id\":\"https:\\\/\\\/fuentesfidedignas.com.mx\\\/#organization\"},\"potentialAction\":[{\"@type\":\"SearchAction\",\"target\":{\"@type\":\"EntryPoint\",\"urlTemplate\":\"https:\\\/\\\/fuentesfidedignas.com.mx\\\/?s={search_term_string}\"},\"query-input\":{\"@type\":\"PropertyValueSpecification\",\"valueRequired\":true,\"valueName\":\"search_term_string\"}}],\"inLanguage\":\"es\"},{\"@type\":\"Organization\",\"@id\":\"https:\\\/\\\/fuentesfidedignas.com.mx\\\/#organization\",\"name\":\"Fuentes Fidedignas\",\"url\":\"https:\\\/\\\/fuentesfidedignas.com.mx\\\/\",\"logo\":{\"@type\":\"ImageObject\",\"inLanguage\":\"es\",\"@id\":\"https:\\\/\\\/fuentesfidedignas.com.mx\\\/#\\\/schema\\\/logo\\\/image\\\/\",\"url\":\"https:\\\/\\\/fuentesfidedignas.com.mx\\\/wp-content\\\/uploads\\\/2021\\\/04\\\/logo-retina.png\",\"contentUrl\":\"https:\\\/\\\/fuentesfidedignas.com.mx\\\/wp-content\\\/uploads\\\/2021\\\/04\\\/logo-retina.png\",\"width\":280,\"height\":51,\"caption\":\"Fuentes Fidedignas\"},\"image\":{\"@id\":\"https:\\\/\\\/fuentesfidedignas.com.mx\\\/#\\\/schema\\\/logo\\\/image\\\/\"},\"sameAs\":[\"https:\\\/\\\/www.facebook.com\\\/Fuentes-Fidedignas-368234489921644\",\"https:\\\/\\\/x.com\\\/fidedignas\"]},{\"@type\":\"Person\",\"@id\":\"https:\\\/\\\/fuentesfidedignas.com.mx\\\/#\\\/schema\\\/person\\\/a4e2898d4dca7bbeb0a2f77bb90f4817\",\"name\":\"Luis \u00c1ngel Rivera Ayala\",\"image\":{\"@type\":\"ImageObject\",\"inLanguage\":\"es\",\"@id\":\"https:\\\/\\\/fuentesfidedignas.com.mx\\\/wp-content\\\/uploads\\\/2025\\\/02\\\/Luis_Angel-2025-removebg-preview-150x150.png\",\"url\":\"https:\\\/\\\/fuentesfidedignas.com.mx\\\/wp-content\\\/uploads\\\/2025\\\/02\\\/Luis_Angel-2025-removebg-preview-150x150.png\",\"contentUrl\":\"https:\\\/\\\/fuentesfidedignas.com.mx\\\/wp-content\\\/uploads\\\/2025\\\/02\\\/Luis_Angel-2025-removebg-preview-150x150.png\",\"caption\":\"Luis \u00c1ngel Rivera Ayala\"},\"url\":\"https:\\\/\\\/fuentesfidedignas.com.mx\\\/index.php\\\/author\\\/luisar\\\/\"}]}<\/script>\n<!-- \/ Yoast SEO plugin. -->","yoast_head_json":{"title":"El Frankestein de Guillermo del Toro, \u00e9tica, ciencia y tragedia - Fuentes Fidedignas","robots":{"index":"index","follow":"follow","max-snippet":"max-snippet:-1","max-image-preview":"max-image-preview:large","max-video-preview":"max-video-preview:-1"},"canonical":"https:\/\/fuentesfidedignas.com.mx\/index.php\/2025\/11\/15\/el-frankestein-de-guillermo-del-toro-etica-ciencia-y-tragedia\/","og_locale":"es_MX","og_type":"article","og_title":"El Frankestein de Guillermo del Toro, \u00e9tica, ciencia y tragedia - Fuentes Fidedignas","og_description":"En este video analizamos la nueva visi\u00f3n de Frankenstein dirigida por Guillermo del Toro, una interpretaci\u00f3n que combina el horror g\u00f3tico, la sensibilidad humana y el estilo visual que caracteriza al cineasta.Exploramos c\u00f3mo la pel\u00edcula reinterpreta la cl\u00e1sica historia de Mary Shelley y qu\u00e9 preguntas \u00e9ticas plantea sobre la ciencia, la creaci\u00f3n de vida y [&hellip;]","og_url":"https:\/\/fuentesfidedignas.com.mx\/index.php\/2025\/11\/15\/el-frankestein-de-guillermo-del-toro-etica-ciencia-y-tragedia\/","og_site_name":"Fuentes Fidedignas","article_publisher":"https:\/\/www.facebook.com\/Fuentes-Fidedignas-368234489921644","article_published_time":"2025-11-15T16:43:03+00:00","article_modified_time":"2025-11-15T17:05:09+00:00","og_image":[{"width":741,"height":451,"url":"https:\/\/fuentesfidedignas.com.mx\/wp-content\/uploads\/2025\/11\/img_6052.jpg","type":"image\/jpeg"}],"author":"Luis \u00c1ngel Rivera Ayala","twitter_card":"summary_large_image","twitter_creator":"@fidedignas","twitter_site":"@fidedignas","twitter_misc":{"Escrito por":"Luis \u00c1ngel Rivera Ayala","Tiempo de lectura":"1 minuto"},"schema":{"@context":"https:\/\/schema.org","@graph":[{"@type":"Article","@id":"https:\/\/fuentesfidedignas.com.mx\/index.php\/2025\/11\/15\/el-frankestein-de-guillermo-del-toro-etica-ciencia-y-tragedia\/#article","isPartOf":{"@id":"https:\/\/fuentesfidedignas.com.mx\/index.php\/2025\/11\/15\/el-frankestein-de-guillermo-del-toro-etica-ciencia-y-tragedia\/"},"author":{"name":"Luis \u00c1ngel Rivera Ayala","@id":"https:\/\/fuentesfidedignas.com.mx\/#\/schema\/person\/a4e2898d4dca7bbeb0a2f77bb90f4817"},"headline":"El Frankestein de Guillermo del Toro, \u00e9tica, ciencia y tragedia","datePublished":"2025-11-15T16:43:03+00:00","dateModified":"2025-11-15T17:05:09+00:00","mainEntityOfPage":{"@id":"https:\/\/fuentesfidedignas.com.mx\/index.php\/2025\/11\/15\/el-frankestein-de-guillermo-del-toro-etica-ciencia-y-tragedia\/"},"wordCount":189,"publisher":{"@id":"https:\/\/fuentesfidedignas.com.mx\/#organization"},"image":{"@id":"https:\/\/fuentesfidedignas.com.mx\/index.php\/2025\/11\/15\/el-frankestein-de-guillermo-del-toro-etica-ciencia-y-tragedia\/#primaryimage"},"thumbnailUrl":"https:\/\/fuentesfidedignas.com.mx\/wp-content\/uploads\/2025\/11\/img_6052.jpg","articleSection":["RULETEANDO"],"inLanguage":"es"},{"@type":"WebPage","@id":"https:\/\/fuentesfidedignas.com.mx\/index.php\/2025\/11\/15\/el-frankestein-de-guillermo-del-toro-etica-ciencia-y-tragedia\/","url":"https:\/\/fuentesfidedignas.com.mx\/index.php\/2025\/11\/15\/el-frankestein-de-guillermo-del-toro-etica-ciencia-y-tragedia\/","name":"El Frankestein de Guillermo del Toro, \u00e9tica, ciencia y tragedia - Fuentes Fidedignas","isPartOf":{"@id":"https:\/\/fuentesfidedignas.com.mx\/#website"},"primaryImageOfPage":{"@id":"https:\/\/fuentesfidedignas.com.mx\/index.php\/2025\/11\/15\/el-frankestein-de-guillermo-del-toro-etica-ciencia-y-tragedia\/#primaryimage"},"image":{"@id":"https:\/\/fuentesfidedignas.com.mx\/index.php\/2025\/11\/15\/el-frankestein-de-guillermo-del-toro-etica-ciencia-y-tragedia\/#primaryimage"},"thumbnailUrl":"https:\/\/fuentesfidedignas.com.mx\/wp-content\/uploads\/2025\/11\/img_6052.jpg","datePublished":"2025-11-15T16:43:03+00:00","dateModified":"2025-11-15T17:05:09+00:00","breadcrumb":{"@id":"https:\/\/fuentesfidedignas.com.mx\/index.php\/2025\/11\/15\/el-frankestein-de-guillermo-del-toro-etica-ciencia-y-tragedia\/#breadcrumb"},"inLanguage":"es","potentialAction":[{"@type":"ReadAction","target":["https:\/\/fuentesfidedignas.com.mx\/index.php\/2025\/11\/15\/el-frankestein-de-guillermo-del-toro-etica-ciencia-y-tragedia\/"]}]},{"@type":"ImageObject","inLanguage":"es","@id":"https:\/\/fuentesfidedignas.com.mx\/index.php\/2025\/11\/15\/el-frankestein-de-guillermo-del-toro-etica-ciencia-y-tragedia\/#primaryimage","url":"https:\/\/fuentesfidedignas.com.mx\/wp-content\/uploads\/2025\/11\/img_6052.jpg","contentUrl":"https:\/\/fuentesfidedignas.com.mx\/wp-content\/uploads\/2025\/11\/img_6052.jpg","width":741,"height":451},{"@type":"BreadcrumbList","@id":"https:\/\/fuentesfidedignas.com.mx\/index.php\/2025\/11\/15\/el-frankestein-de-guillermo-del-toro-etica-ciencia-y-tragedia\/#breadcrumb","itemListElement":[{"@type":"ListItem","position":1,"name":"Inicio","item":"https:\/\/fuentesfidedignas.com.mx\/"},{"@type":"ListItem","position":2,"name":"El Frankestein de Guillermo del Toro, \u00e9tica, ciencia y tragedia"}]},{"@type":"WebSite","@id":"https:\/\/fuentesfidedignas.com.mx\/#website","url":"https:\/\/fuentesfidedignas.com.mx\/","name":"Fuentes Fidedignas","description":"Otro sitio realizado con WordPress","publisher":{"@id":"https:\/\/fuentesfidedignas.com.mx\/#organization"},"potentialAction":[{"@type":"SearchAction","target":{"@type":"EntryPoint","urlTemplate":"https:\/\/fuentesfidedignas.com.mx\/?s={search_term_string}"},"query-input":{"@type":"PropertyValueSpecification","valueRequired":true,"valueName":"search_term_string"}}],"inLanguage":"es"},{"@type":"Organization","@id":"https:\/\/fuentesfidedignas.com.mx\/#organization","name":"Fuentes Fidedignas","url":"https:\/\/fuentesfidedignas.com.mx\/","logo":{"@type":"ImageObject","inLanguage":"es","@id":"https:\/\/fuentesfidedignas.com.mx\/#\/schema\/logo\/image\/","url":"https:\/\/fuentesfidedignas.com.mx\/wp-content\/uploads\/2021\/04\/logo-retina.png","contentUrl":"https:\/\/fuentesfidedignas.com.mx\/wp-content\/uploads\/2021\/04\/logo-retina.png","width":280,"height":51,"caption":"Fuentes Fidedignas"},"image":{"@id":"https:\/\/fuentesfidedignas.com.mx\/#\/schema\/logo\/image\/"},"sameAs":["https:\/\/www.facebook.com\/Fuentes-Fidedignas-368234489921644","https:\/\/x.com\/fidedignas"]},{"@type":"Person","@id":"https:\/\/fuentesfidedignas.com.mx\/#\/schema\/person\/a4e2898d4dca7bbeb0a2f77bb90f4817","name":"Luis \u00c1ngel Rivera Ayala","image":{"@type":"ImageObject","inLanguage":"es","@id":"https:\/\/fuentesfidedignas.com.mx\/wp-content\/uploads\/2025\/02\/Luis_Angel-2025-removebg-preview-150x150.png","url":"https:\/\/fuentesfidedignas.com.mx\/wp-content\/uploads\/2025\/02\/Luis_Angel-2025-removebg-preview-150x150.png","contentUrl":"https:\/\/fuentesfidedignas.com.mx\/wp-content\/uploads\/2025\/02\/Luis_Angel-2025-removebg-preview-150x150.png","caption":"Luis \u00c1ngel Rivera Ayala"},"url":"https:\/\/fuentesfidedignas.com.mx\/index.php\/author\/luisar\/"}]}},"_links":{"self":[{"href":"https:\/\/fuentesfidedignas.com.mx\/index.php\/wp-json\/wp\/v2\/posts\/121688","targetHints":{"allow":["GET"]}}],"collection":[{"href":"https:\/\/fuentesfidedignas.com.mx\/index.php\/wp-json\/wp\/v2\/posts"}],"about":[{"href":"https:\/\/fuentesfidedignas.com.mx\/index.php\/wp-json\/wp\/v2\/types\/post"}],"author":[{"embeddable":true,"href":"https:\/\/fuentesfidedignas.com.mx\/index.php\/wp-json\/wp\/v2\/users\/139"}],"replies":[{"embeddable":true,"href":"https:\/\/fuentesfidedignas.com.mx\/index.php\/wp-json\/wp\/v2\/comments?post=121688"}],"version-history":[{"count":2,"href":"https:\/\/fuentesfidedignas.com.mx\/index.php\/wp-json\/wp\/v2\/posts\/121688\/revisions"}],"predecessor-version":[{"id":121693,"href":"https:\/\/fuentesfidedignas.com.mx\/index.php\/wp-json\/wp\/v2\/posts\/121688\/revisions\/121693"}],"wp:featuredmedia":[{"embeddable":true,"href":"https:\/\/fuentesfidedignas.com.mx\/index.php\/wp-json\/wp\/v2\/media\/121687"}],"wp:attachment":[{"href":"https:\/\/fuentesfidedignas.com.mx\/index.php\/wp-json\/wp\/v2\/media?parent=121688"}],"wp:term":[{"taxonomy":"category","embeddable":true,"href":"https:\/\/fuentesfidedignas.com.mx\/index.php\/wp-json\/wp\/v2\/categories?post=121688"},{"taxonomy":"post_tag","embeddable":true,"href":"https:\/\/fuentesfidedignas.com.mx\/index.php\/wp-json\/wp\/v2\/tags?post=121688"}],"curies":[{"name":"wp","href":"https:\/\/api.w.org\/{rel}","templated":true}]}}