{"id":121537,"date":"2025-11-13T03:05:00","date_gmt":"2025-11-13T10:05:00","guid":{"rendered":"https:\/\/fuentesfidedignas.com.mx\/?p=121537"},"modified":"2025-11-13T06:10:23","modified_gmt":"2025-11-13T13:10:23","slug":"cae-ladron-serial-de-brasieres-los-usaba-para-sus-noches-de-soledad","status":"publish","type":"post","link":"https:\/\/fuentesfidedignas.com.mx\/index.php\/2025\/11\/13\/cae-ladron-serial-de-brasieres-los-usaba-para-sus-noches-de-soledad\/","title":{"rendered":"Cae ladr\u00f3n serial de brasieres; los usaba para sus \u2018noches de soledad\u2019"},"content":{"rendered":"\n<p><\/p>\n\n\n\n<p><strong><em>\u201cYa muchas mujeres se quejaban de que les desaparec\u00eda la ropa interior\u201d, coment\u00f3 una vecina veracruzana<\/em><\/strong><\/p>\n\n\n\n<p>Un inusual hecho gener\u00f3 sorpresa e indignaci\u00f3n entre los habitantes de la comunidad La Tina, en el municipio de Oteapan, al sur de Veracruz. Vecinos, en su mayor\u00eda mujeres, detuvieron y amarraron a un hombre acusado de robar ropa interior femenina de los tendederos, luego de sorprenderlo con varias prendas colgadas en el cuello mientras intentaba escapar.<\/p>\n\n\n\n<p>El incidente ocurri\u00f3 el pasado 6 de noviembre, cuando un grupo de habitantes not\u00f3 que el sujeto sustra\u00eda brasieres y ropa \u00edntima de una vivienda ubicada en el predio San Rom\u00e1n. La reacci\u00f3n fue inmediata: varias mujeres salieron al paso, lo sometieron y entregaron posteriormente a las autoridades locales.<\/p>\n\n\n\n<p>En redes sociales, el individuo ha sido apodado como el&nbsp;<strong>\u201cladr\u00f3n de brasieres\u201d<\/strong>, y su caso ha despertado una ola de comentarios entre usuarios de la<strong>&nbsp;regi\u00f3n sur de Veracruz<\/strong>, quienes aseguran que ya hab\u00eda sido visto merodeando en otras colonias.<\/p>\n\n\n\n<p>null<\/p>\n\n\n\n<blockquote class=\"wp-block-quote is-layout-flow wp-block-quote-is-layout-flow\">\n<p>Ya muchas mujeres se quejaban de que les desaparec\u00eda la ropa interior. Nadie imagin\u00f3 que ser\u00eda alguien del mismo pueblo\u201d, coment\u00f3 una vecina en redes sociales.<\/p>\n<\/blockquote>\n\n\n\n<h2 class=\"wp-block-heading\">Confes\u00f3 tener una colecci\u00f3n de prendas<\/h2>\n\n\n\n<p>De acuerdo con el reporte de la Polic\u00eda Municipal de Oteapan,&nbsp;<strong>el sujeto confes\u00f3 que guardaba una gran cantidad de prendas \u00edntimas en su habitaci\u00f3n<\/strong>, las cuales \u2014seg\u00fan su testimonio\u2014 usaba para&nbsp;<strong>\u201cacompa\u00f1arse en sus noches de soledad\u201d<\/strong>.<\/p>\n\n\n\n<p>La noticia, difundida por medios locales como Sin Censura Regional, ha generado debate entre los pobladores, quienes&nbsp;<strong>pidieron mayor vigilancia y atenci\u00f3n psicol\u00f3gica para el detenido<\/strong>, debido al car\u00e1cter reiterativo y perturbador del delito.<\/p>\n","protected":false},"excerpt":{"rendered":"<p>\u201cYa muchas mujeres se quejaban de que les desaparec\u00eda la ropa interior\u201d, coment\u00f3 una vecina veracruzana Un inusual hecho gener\u00f3 sorpresa e indignaci\u00f3n entre los habitantes de la comunidad La Tina, en el municipio de Oteapan, al sur de Veracruz. Vecinos, en su mayor\u00eda mujeres, detuvieron y amarraron a un hombre acusado de robar ropa [&hellip;]<\/p>\n","protected":false},"author":7,"featured_media":121536,"comment_status":"closed","ping_status":"open","sticky":false,"template":"","format":"standard","meta":{"tdm_status":"","tdm_grid_status":"","footnotes":""},"categories":[40],"tags":[],"class_list":{"0":"post-121537","1":"post","2":"type-post","3":"status-publish","4":"format-standard","5":"has-post-thumbnail","7":"category-las-asombrosas"},"yoast_head":"<!-- This site is optimized with the Yoast SEO plugin v27.5 - https:\/\/yoast.com\/product\/yoast-seo-wordpress\/ -->\n<title>Cae ladr\u00f3n serial de brasieres; los usaba para sus \u2018noches de soledad\u2019 - Fuentes Fidedignas<\/title>\n<meta name=\"robots\" content=\"index, follow, max-snippet:-1, max-image-preview:large, max-video-preview:-1\" \/>\n<link rel=\"canonical\" href=\"https:\/\/fuentesfidedignas.com.mx\/index.php\/2025\/11\/13\/cae-ladron-serial-de-brasieres-los-usaba-para-sus-noches-de-soledad\/\" \/>\n<meta property=\"og:locale\" content=\"es_MX\" \/>\n<meta property=\"og:type\" content=\"article\" \/>\n<meta property=\"og:title\" content=\"Cae ladr\u00f3n serial de brasieres; los usaba para sus \u2018noches de soledad\u2019 - Fuentes Fidedignas\" \/>\n<meta property=\"og:description\" content=\"\u201cYa muchas mujeres se quejaban de que les desaparec\u00eda la ropa interior\u201d, coment\u00f3 una vecina veracruzana Un inusual hecho gener\u00f3 sorpresa e indignaci\u00f3n entre los habitantes de la comunidad La Tina, en el municipio de Oteapan, al sur de Veracruz. Vecinos, en su mayor\u00eda mujeres, detuvieron y amarraron a un hombre acusado de robar ropa [&hellip;]\" \/>\n<meta property=\"og:url\" content=\"https:\/\/fuentesfidedignas.com.mx\/index.php\/2025\/11\/13\/cae-ladron-serial-de-brasieres-los-usaba-para-sus-noches-de-soledad\/\" \/>\n<meta property=\"og:site_name\" content=\"Fuentes Fidedignas\" \/>\n<meta property=\"article:publisher\" content=\"https:\/\/www.facebook.com\/Fuentes-Fidedignas-368234489921644\" \/>\n<meta property=\"article:published_time\" content=\"2025-11-13T10:05:00+00:00\" \/>\n<meta property=\"article:modified_time\" content=\"2025-11-13T13:10:23+00:00\" \/>\n<meta property=\"og:image\" content=\"https:\/\/fuentesfidedignas.com.mx\/wp-content\/uploads\/2025\/11\/img_5728.jpg\" \/>\n\t<meta property=\"og:image:width\" content=\"380\" \/>\n\t<meta property=\"og:image:height\" content=\"308\" \/>\n\t<meta property=\"og:image:type\" content=\"image\/jpeg\" \/>\n<meta name=\"author\" content=\"Exc\u00e9lsior\" \/>\n<meta name=\"twitter:card\" content=\"summary_large_image\" \/>\n<meta name=\"twitter:creator\" content=\"@fidedignas\" \/>\n<meta name=\"twitter:site\" content=\"@fidedignas\" \/>\n<meta name=\"twitter:label1\" content=\"Escrito por\" \/>\n\t<meta name=\"twitter:data1\" content=\"Exc\u00e9lsior\" \/>\n\t<meta name=\"twitter:label2\" content=\"Tiempo de lectura\" \/>\n\t<meta name=\"twitter:data2\" content=\"1 minuto\" \/>\n<script type=\"application\/ld+json\" class=\"yoast-schema-graph\">{\"@context\":\"https:\\\/\\\/schema.org\",\"@graph\":[{\"@type\":\"Article\",\"@id\":\"https:\\\/\\\/fuentesfidedignas.com.mx\\\/index.php\\\/2025\\\/11\\\/13\\\/cae-ladron-serial-de-brasieres-los-usaba-para-sus-noches-de-soledad\\\/#article\",\"isPartOf\":{\"@id\":\"https:\\\/\\\/fuentesfidedignas.com.mx\\\/index.php\\\/2025\\\/11\\\/13\\\/cae-ladron-serial-de-brasieres-los-usaba-para-sus-noches-de-soledad\\\/\"},\"author\":{\"name\":\"Exc\u00e9lsior\",\"@id\":\"https:\\\/\\\/fuentesfidedignas.com.mx\\\/#\\\/schema\\\/person\\\/ec4edd1fbf5efa3e44fce34fe2787780\"},\"headline\":\"Cae ladr\u00f3n serial de brasieres; los usaba para sus \u2018noches de soledad\u2019\",\"datePublished\":\"2025-11-13T10:05:00+00:00\",\"dateModified\":\"2025-11-13T13:10:23+00:00\",\"mainEntityOfPage\":{\"@id\":\"https:\\\/\\\/fuentesfidedignas.com.mx\\\/index.php\\\/2025\\\/11\\\/13\\\/cae-ladron-serial-de-brasieres-los-usaba-para-sus-noches-de-soledad\\\/\"},\"wordCount\":304,\"publisher\":{\"@id\":\"https:\\\/\\\/fuentesfidedignas.com.mx\\\/#organization\"},\"image\":{\"@id\":\"https:\\\/\\\/fuentesfidedignas.com.mx\\\/index.php\\\/2025\\\/11\\\/13\\\/cae-ladron-serial-de-brasieres-los-usaba-para-sus-noches-de-soledad\\\/#primaryimage\"},\"thumbnailUrl\":\"https:\\\/\\\/fuentesfidedignas.com.mx\\\/wp-content\\\/uploads\\\/2025\\\/11\\\/img_5728.jpg\",\"articleSection\":[\"LAS ASOMBROSAS\"],\"inLanguage\":\"es\"},{\"@type\":\"WebPage\",\"@id\":\"https:\\\/\\\/fuentesfidedignas.com.mx\\\/index.php\\\/2025\\\/11\\\/13\\\/cae-ladron-serial-de-brasieres-los-usaba-para-sus-noches-de-soledad\\\/\",\"url\":\"https:\\\/\\\/fuentesfidedignas.com.mx\\\/index.php\\\/2025\\\/11\\\/13\\\/cae-ladron-serial-de-brasieres-los-usaba-para-sus-noches-de-soledad\\\/\",\"name\":\"Cae ladr\u00f3n serial de brasieres; los usaba para sus \u2018noches de soledad\u2019 - Fuentes Fidedignas\",\"isPartOf\":{\"@id\":\"https:\\\/\\\/fuentesfidedignas.com.mx\\\/#website\"},\"primaryImageOfPage\":{\"@id\":\"https:\\\/\\\/fuentesfidedignas.com.mx\\\/index.php\\\/2025\\\/11\\\/13\\\/cae-ladron-serial-de-brasieres-los-usaba-para-sus-noches-de-soledad\\\/#primaryimage\"},\"image\":{\"@id\":\"https:\\\/\\\/fuentesfidedignas.com.mx\\\/index.php\\\/2025\\\/11\\\/13\\\/cae-ladron-serial-de-brasieres-los-usaba-para-sus-noches-de-soledad\\\/#primaryimage\"},\"thumbnailUrl\":\"https:\\\/\\\/fuentesfidedignas.com.mx\\\/wp-content\\\/uploads\\\/2025\\\/11\\\/img_5728.jpg\",\"datePublished\":\"2025-11-13T10:05:00+00:00\",\"dateModified\":\"2025-11-13T13:10:23+00:00\",\"breadcrumb\":{\"@id\":\"https:\\\/\\\/fuentesfidedignas.com.mx\\\/index.php\\\/2025\\\/11\\\/13\\\/cae-ladron-serial-de-brasieres-los-usaba-para-sus-noches-de-soledad\\\/#breadcrumb\"},\"inLanguage\":\"es\",\"potentialAction\":[{\"@type\":\"ReadAction\",\"target\":[\"https:\\\/\\\/fuentesfidedignas.com.mx\\\/index.php\\\/2025\\\/11\\\/13\\\/cae-ladron-serial-de-brasieres-los-usaba-para-sus-noches-de-soledad\\\/\"]}]},{\"@type\":\"ImageObject\",\"inLanguage\":\"es\",\"@id\":\"https:\\\/\\\/fuentesfidedignas.com.mx\\\/index.php\\\/2025\\\/11\\\/13\\\/cae-ladron-serial-de-brasieres-los-usaba-para-sus-noches-de-soledad\\\/#primaryimage\",\"url\":\"https:\\\/\\\/fuentesfidedignas.com.mx\\\/wp-content\\\/uploads\\\/2025\\\/11\\\/img_5728.jpg\",\"contentUrl\":\"https:\\\/\\\/fuentesfidedignas.com.mx\\\/wp-content\\\/uploads\\\/2025\\\/11\\\/img_5728.jpg\",\"width\":380,\"height\":308},{\"@type\":\"BreadcrumbList\",\"@id\":\"https:\\\/\\\/fuentesfidedignas.com.mx\\\/index.php\\\/2025\\\/11\\\/13\\\/cae-ladron-serial-de-brasieres-los-usaba-para-sus-noches-de-soledad\\\/#breadcrumb\",\"itemListElement\":[{\"@type\":\"ListItem\",\"position\":1,\"name\":\"Inicio\",\"item\":\"https:\\\/\\\/fuentesfidedignas.com.mx\\\/\"},{\"@type\":\"ListItem\",\"position\":2,\"name\":\"Cae ladr\u00f3n serial de brasieres; los usaba para sus \u2018noches de soledad\u2019\"}]},{\"@type\":\"WebSite\",\"@id\":\"https:\\\/\\\/fuentesfidedignas.com.mx\\\/#website\",\"url\":\"https:\\\/\\\/fuentesfidedignas.com.mx\\\/\",\"name\":\"Fuentes Fidedignas\",\"description\":\"Otro sitio realizado con WordPress\",\"publisher\":{\"@id\":\"https:\\\/\\\/fuentesfidedignas.com.mx\\\/#organization\"},\"potentialAction\":[{\"@type\":\"SearchAction\",\"target\":{\"@type\":\"EntryPoint\",\"urlTemplate\":\"https:\\\/\\\/fuentesfidedignas.com.mx\\\/?s={search_term_string}\"},\"query-input\":{\"@type\":\"PropertyValueSpecification\",\"valueRequired\":true,\"valueName\":\"search_term_string\"}}],\"inLanguage\":\"es\"},{\"@type\":\"Organization\",\"@id\":\"https:\\\/\\\/fuentesfidedignas.com.mx\\\/#organization\",\"name\":\"Fuentes Fidedignas\",\"url\":\"https:\\\/\\\/fuentesfidedignas.com.mx\\\/\",\"logo\":{\"@type\":\"ImageObject\",\"inLanguage\":\"es\",\"@id\":\"https:\\\/\\\/fuentesfidedignas.com.mx\\\/#\\\/schema\\\/logo\\\/image\\\/\",\"url\":\"https:\\\/\\\/fuentesfidedignas.com.mx\\\/wp-content\\\/uploads\\\/2021\\\/04\\\/logo-retina.png\",\"contentUrl\":\"https:\\\/\\\/fuentesfidedignas.com.mx\\\/wp-content\\\/uploads\\\/2021\\\/04\\\/logo-retina.png\",\"width\":280,\"height\":51,\"caption\":\"Fuentes Fidedignas\"},\"image\":{\"@id\":\"https:\\\/\\\/fuentesfidedignas.com.mx\\\/#\\\/schema\\\/logo\\\/image\\\/\"},\"sameAs\":[\"https:\\\/\\\/www.facebook.com\\\/Fuentes-Fidedignas-368234489921644\",\"https:\\\/\\\/x.com\\\/fidedignas\"]},{\"@type\":\"Person\",\"@id\":\"https:\\\/\\\/fuentesfidedignas.com.mx\\\/#\\\/schema\\\/person\\\/ec4edd1fbf5efa3e44fce34fe2787780\",\"name\":\"Exc\u00e9lsior\",\"image\":{\"@type\":\"ImageObject\",\"inLanguage\":\"es\",\"@id\":\"https:\\\/\\\/secure.gravatar.com\\\/avatar\\\/4b7ee9206b48be08447852b3f0814dbc7c0f3b51541b164f1464a2725614020b?s=96&d=mm&r=g\",\"url\":\"https:\\\/\\\/secure.gravatar.com\\\/avatar\\\/4b7ee9206b48be08447852b3f0814dbc7c0f3b51541b164f1464a2725614020b?s=96&d=mm&r=g\",\"contentUrl\":\"https:\\\/\\\/secure.gravatar.com\\\/avatar\\\/4b7ee9206b48be08447852b3f0814dbc7c0f3b51541b164f1464a2725614020b?s=96&d=mm&r=g\",\"caption\":\"Exc\u00e9lsior\"},\"url\":\"https:\\\/\\\/fuentesfidedignas.com.mx\\\/index.php\\\/author\\\/excelsior\\\/\"}]}<\/script>\n<!-- \/ Yoast SEO plugin. -->","yoast_head_json":{"title":"Cae ladr\u00f3n serial de brasieres; los usaba para sus \u2018noches de soledad\u2019 - Fuentes Fidedignas","robots":{"index":"index","follow":"follow","max-snippet":"max-snippet:-1","max-image-preview":"max-image-preview:large","max-video-preview":"max-video-preview:-1"},"canonical":"https:\/\/fuentesfidedignas.com.mx\/index.php\/2025\/11\/13\/cae-ladron-serial-de-brasieres-los-usaba-para-sus-noches-de-soledad\/","og_locale":"es_MX","og_type":"article","og_title":"Cae ladr\u00f3n serial de brasieres; los usaba para sus \u2018noches de soledad\u2019 - Fuentes Fidedignas","og_description":"\u201cYa muchas mujeres se quejaban de que les desaparec\u00eda la ropa interior\u201d, coment\u00f3 una vecina veracruzana Un inusual hecho gener\u00f3 sorpresa e indignaci\u00f3n entre los habitantes de la comunidad La Tina, en el municipio de Oteapan, al sur de Veracruz. Vecinos, en su mayor\u00eda mujeres, detuvieron y amarraron a un hombre acusado de robar ropa [&hellip;]","og_url":"https:\/\/fuentesfidedignas.com.mx\/index.php\/2025\/11\/13\/cae-ladron-serial-de-brasieres-los-usaba-para-sus-noches-de-soledad\/","og_site_name":"Fuentes Fidedignas","article_publisher":"https:\/\/www.facebook.com\/Fuentes-Fidedignas-368234489921644","article_published_time":"2025-11-13T10:05:00+00:00","article_modified_time":"2025-11-13T13:10:23+00:00","og_image":[{"width":380,"height":308,"url":"https:\/\/fuentesfidedignas.com.mx\/wp-content\/uploads\/2025\/11\/img_5728.jpg","type":"image\/jpeg"}],"author":"Exc\u00e9lsior","twitter_card":"summary_large_image","twitter_creator":"@fidedignas","twitter_site":"@fidedignas","twitter_misc":{"Escrito por":"Exc\u00e9lsior","Tiempo de lectura":"1 minuto"},"schema":{"@context":"https:\/\/schema.org","@graph":[{"@type":"Article","@id":"https:\/\/fuentesfidedignas.com.mx\/index.php\/2025\/11\/13\/cae-ladron-serial-de-brasieres-los-usaba-para-sus-noches-de-soledad\/#article","isPartOf":{"@id":"https:\/\/fuentesfidedignas.com.mx\/index.php\/2025\/11\/13\/cae-ladron-serial-de-brasieres-los-usaba-para-sus-noches-de-soledad\/"},"author":{"name":"Exc\u00e9lsior","@id":"https:\/\/fuentesfidedignas.com.mx\/#\/schema\/person\/ec4edd1fbf5efa3e44fce34fe2787780"},"headline":"Cae ladr\u00f3n serial de brasieres; los usaba para sus \u2018noches de soledad\u2019","datePublished":"2025-11-13T10:05:00+00:00","dateModified":"2025-11-13T13:10:23+00:00","mainEntityOfPage":{"@id":"https:\/\/fuentesfidedignas.com.mx\/index.php\/2025\/11\/13\/cae-ladron-serial-de-brasieres-los-usaba-para-sus-noches-de-soledad\/"},"wordCount":304,"publisher":{"@id":"https:\/\/fuentesfidedignas.com.mx\/#organization"},"image":{"@id":"https:\/\/fuentesfidedignas.com.mx\/index.php\/2025\/11\/13\/cae-ladron-serial-de-brasieres-los-usaba-para-sus-noches-de-soledad\/#primaryimage"},"thumbnailUrl":"https:\/\/fuentesfidedignas.com.mx\/wp-content\/uploads\/2025\/11\/img_5728.jpg","articleSection":["LAS ASOMBROSAS"],"inLanguage":"es"},{"@type":"WebPage","@id":"https:\/\/fuentesfidedignas.com.mx\/index.php\/2025\/11\/13\/cae-ladron-serial-de-brasieres-los-usaba-para-sus-noches-de-soledad\/","url":"https:\/\/fuentesfidedignas.com.mx\/index.php\/2025\/11\/13\/cae-ladron-serial-de-brasieres-los-usaba-para-sus-noches-de-soledad\/","name":"Cae ladr\u00f3n serial de brasieres; los usaba para sus \u2018noches de soledad\u2019 - Fuentes Fidedignas","isPartOf":{"@id":"https:\/\/fuentesfidedignas.com.mx\/#website"},"primaryImageOfPage":{"@id":"https:\/\/fuentesfidedignas.com.mx\/index.php\/2025\/11\/13\/cae-ladron-serial-de-brasieres-los-usaba-para-sus-noches-de-soledad\/#primaryimage"},"image":{"@id":"https:\/\/fuentesfidedignas.com.mx\/index.php\/2025\/11\/13\/cae-ladron-serial-de-brasieres-los-usaba-para-sus-noches-de-soledad\/#primaryimage"},"thumbnailUrl":"https:\/\/fuentesfidedignas.com.mx\/wp-content\/uploads\/2025\/11\/img_5728.jpg","datePublished":"2025-11-13T10:05:00+00:00","dateModified":"2025-11-13T13:10:23+00:00","breadcrumb":{"@id":"https:\/\/fuentesfidedignas.com.mx\/index.php\/2025\/11\/13\/cae-ladron-serial-de-brasieres-los-usaba-para-sus-noches-de-soledad\/#breadcrumb"},"inLanguage":"es","potentialAction":[{"@type":"ReadAction","target":["https:\/\/fuentesfidedignas.com.mx\/index.php\/2025\/11\/13\/cae-ladron-serial-de-brasieres-los-usaba-para-sus-noches-de-soledad\/"]}]},{"@type":"ImageObject","inLanguage":"es","@id":"https:\/\/fuentesfidedignas.com.mx\/index.php\/2025\/11\/13\/cae-ladron-serial-de-brasieres-los-usaba-para-sus-noches-de-soledad\/#primaryimage","url":"https:\/\/fuentesfidedignas.com.mx\/wp-content\/uploads\/2025\/11\/img_5728.jpg","contentUrl":"https:\/\/fuentesfidedignas.com.mx\/wp-content\/uploads\/2025\/11\/img_5728.jpg","width":380,"height":308},{"@type":"BreadcrumbList","@id":"https:\/\/fuentesfidedignas.com.mx\/index.php\/2025\/11\/13\/cae-ladron-serial-de-brasieres-los-usaba-para-sus-noches-de-soledad\/#breadcrumb","itemListElement":[{"@type":"ListItem","position":1,"name":"Inicio","item":"https:\/\/fuentesfidedignas.com.mx\/"},{"@type":"ListItem","position":2,"name":"Cae ladr\u00f3n serial de brasieres; los usaba para sus \u2018noches de soledad\u2019"}]},{"@type":"WebSite","@id":"https:\/\/fuentesfidedignas.com.mx\/#website","url":"https:\/\/fuentesfidedignas.com.mx\/","name":"Fuentes Fidedignas","description":"Otro sitio realizado con WordPress","publisher":{"@id":"https:\/\/fuentesfidedignas.com.mx\/#organization"},"potentialAction":[{"@type":"SearchAction","target":{"@type":"EntryPoint","urlTemplate":"https:\/\/fuentesfidedignas.com.mx\/?s={search_term_string}"},"query-input":{"@type":"PropertyValueSpecification","valueRequired":true,"valueName":"search_term_string"}}],"inLanguage":"es"},{"@type":"Organization","@id":"https:\/\/fuentesfidedignas.com.mx\/#organization","name":"Fuentes Fidedignas","url":"https:\/\/fuentesfidedignas.com.mx\/","logo":{"@type":"ImageObject","inLanguage":"es","@id":"https:\/\/fuentesfidedignas.com.mx\/#\/schema\/logo\/image\/","url":"https:\/\/fuentesfidedignas.com.mx\/wp-content\/uploads\/2021\/04\/logo-retina.png","contentUrl":"https:\/\/fuentesfidedignas.com.mx\/wp-content\/uploads\/2021\/04\/logo-retina.png","width":280,"height":51,"caption":"Fuentes Fidedignas"},"image":{"@id":"https:\/\/fuentesfidedignas.com.mx\/#\/schema\/logo\/image\/"},"sameAs":["https:\/\/www.facebook.com\/Fuentes-Fidedignas-368234489921644","https:\/\/x.com\/fidedignas"]},{"@type":"Person","@id":"https:\/\/fuentesfidedignas.com.mx\/#\/schema\/person\/ec4edd1fbf5efa3e44fce34fe2787780","name":"Exc\u00e9lsior","image":{"@type":"ImageObject","inLanguage":"es","@id":"https:\/\/secure.gravatar.com\/avatar\/4b7ee9206b48be08447852b3f0814dbc7c0f3b51541b164f1464a2725614020b?s=96&d=mm&r=g","url":"https:\/\/secure.gravatar.com\/avatar\/4b7ee9206b48be08447852b3f0814dbc7c0f3b51541b164f1464a2725614020b?s=96&d=mm&r=g","contentUrl":"https:\/\/secure.gravatar.com\/avatar\/4b7ee9206b48be08447852b3f0814dbc7c0f3b51541b164f1464a2725614020b?s=96&d=mm&r=g","caption":"Exc\u00e9lsior"},"url":"https:\/\/fuentesfidedignas.com.mx\/index.php\/author\/excelsior\/"}]}},"_links":{"self":[{"href":"https:\/\/fuentesfidedignas.com.mx\/index.php\/wp-json\/wp\/v2\/posts\/121537","targetHints":{"allow":["GET"]}}],"collection":[{"href":"https:\/\/fuentesfidedignas.com.mx\/index.php\/wp-json\/wp\/v2\/posts"}],"about":[{"href":"https:\/\/fuentesfidedignas.com.mx\/index.php\/wp-json\/wp\/v2\/types\/post"}],"author":[{"embeddable":true,"href":"https:\/\/fuentesfidedignas.com.mx\/index.php\/wp-json\/wp\/v2\/users\/7"}],"replies":[{"embeddable":true,"href":"https:\/\/fuentesfidedignas.com.mx\/index.php\/wp-json\/wp\/v2\/comments?post=121537"}],"version-history":[{"count":1,"href":"https:\/\/fuentesfidedignas.com.mx\/index.php\/wp-json\/wp\/v2\/posts\/121537\/revisions"}],"predecessor-version":[{"id":121538,"href":"https:\/\/fuentesfidedignas.com.mx\/index.php\/wp-json\/wp\/v2\/posts\/121537\/revisions\/121538"}],"wp:featuredmedia":[{"embeddable":true,"href":"https:\/\/fuentesfidedignas.com.mx\/index.php\/wp-json\/wp\/v2\/media\/121536"}],"wp:attachment":[{"href":"https:\/\/fuentesfidedignas.com.mx\/index.php\/wp-json\/wp\/v2\/media?parent=121537"}],"wp:term":[{"taxonomy":"category","embeddable":true,"href":"https:\/\/fuentesfidedignas.com.mx\/index.php\/wp-json\/wp\/v2\/categories?post=121537"},{"taxonomy":"post_tag","embeddable":true,"href":"https:\/\/fuentesfidedignas.com.mx\/index.php\/wp-json\/wp\/v2\/tags?post=121537"}],"curies":[{"name":"wp","href":"https:\/\/api.w.org\/{rel}","templated":true}]}}