{"id":121460,"date":"2025-11-12T07:49:00","date_gmt":"2025-11-12T14:49:00","guid":{"rendered":"https:\/\/fuentesfidedignas.com.mx\/?p=121460"},"modified":"2025-11-12T08:52:21","modified_gmt":"2025-11-12T15:52:21","slug":"video-mueren-37-personas-tras-caer-autobus-al-abismo-en-peru","status":"publish","type":"post","link":"https:\/\/fuentesfidedignas.com.mx\/index.php\/2025\/11\/12\/video-mueren-37-personas-tras-caer-autobus-al-abismo-en-peru\/","title":{"rendered":"Video: Mueren 37 personas tras caer autob\u00fas al abismo en Per\u00fa"},"content":{"rendered":"\n<p><strong><em>Un autob\u00fas que se dirig\u00eda hacia Arequipa se accident\u00f3 en la carretera Panamericana Sur, lo que caus\u00f3 la muerte de 37 personas<\/em><\/strong><\/p>\n\n\n\n<p>Al menos 37 personas murieron tras la ca\u00edda de un autob\u00fas de transporte de pasajeros por un abismo en una zona rural de la regi\u00f3n de Arequipa, en el sur de Per\u00fa.<\/p>\n\n\n\n<figure class=\"wp-block-embed is-type-rich is-provider-twitter wp-block-embed-twitter\"><div class=\"wp-block-embed__wrapper\">\n<blockquote class=\"twitter-tweet\" data-width=\"550\" data-dnt=\"true\"><p lang=\"en\" dir=\"ltr\">WATCH: At least 37 killed, 18 injured after bus plunges into ravine in Arequipa region, southern Peru <a href=\"https:\/\/t.co\/k8x1kVG5Hv\">pic.twitter.com\/k8x1kVG5Hv<\/a><\/p>&mdash; Rapid Report (@RapidReport2025) <a href=\"https:\/\/twitter.com\/RapidReport2025\/status\/1988587929812512824?ref_src=twsrc%5Etfw\">November 12, 2025<\/a><\/blockquote><script async src=\"https:\/\/platform.twitter.com\/widgets.js\" charset=\"utf-8\"><\/script>\n<\/div><\/figure>\n\n\n\n<p>El autob\u00fas sufri\u00f3 el accidente durante la madrugada de este 12 de noviembre a la altura del kil\u00f3metro 780 de la carretera Panamericana Sur, en el distrito de Oco\u00f1a, tras aparentemente chocar contra una camioneta, seg\u00fan se\u00f1al\u00f3 la emisora RPP.<\/p>\n\n\n\n<p>Al respecto, el gerente regional de Salud de Arequipa, Walther Oporto, declar\u00f3 a la emisora que las autoridades informaron inicialmente que las v\u00edctimas mortales eran 17, pero con el paso de las horas esa cifra se ha elevado a 37.<\/p>\n\n\n\n<p>Lamentablemente, hasta el momento, se han confirmado 36 fallecidos en el lugar (del accidente) y un fallecido en el centro de salud Oco\u00f1a. Es probable que ya sea la cifra definitiva, porque el personal de bomberos ha llegado hasta el lugar\u201d, sostuvo Oporto.<\/p>\n\n\n\n<p>El funcionario reiter\u00f3 que las autoridades regionales creen que \u201cesa es lamentablemente la cifra definitiva\u201d y que \u201cigualmente 14 heridos son atendidos en el hospital de Caman\u00e1 y cuatro ya est\u00e1n siendo derivados hacia Arequipa\u201d.<\/p>\n\n\n\n<p>Sin embargo, la Gerencia Regional de Salud de Arequipa public\u00f3 en sus redes sociales una lista con los nombres de 24 personas heridas, que permanecen en el hospital de la ciudad de Caman\u00e1.<\/p>\n\n\n\n<p>El organismo sanitario tambi\u00e9n mantuvo una cifra de 16 personas fallecidas que, seg\u00fan dijo, se basa en informaciones preliminares brindadas por la Polic\u00eda de Carreteras.<\/p>\n\n\n\n<p>Seg\u00fan la informaci\u00f3n difundida hasta el momento, el veh\u00edculo pertenec\u00eda a la empresa Llamosas y hab\u00eda partido desde el distrito de Chala, en la provincia de Caravel\u00ed, hacia la ciudad de Arequipa, la capital regional.<\/p>\n\n\n\n<p>El Gobierno Regional de Arequipa agreg\u00f3 en sus redes sociales que el accidente se produjo en una zona conocida como la bajada del Puente de Oco\u00f1a y que 14 de los heridos fueron trasladados al hospital de la ciudad de Caman\u00e1 y otros 12 permanecen en el Centro de Salud de Oco\u00f1a.<\/p>\n\n\n\n<p>A\u00f1adi\u00f3 que se ha dispuesto la movilizaci\u00f3n de ambulancias y el refuerzo del personal asistencial \u201cpara garantizar una respuesta oportuna ante este lamentable suceso\u201d y que debido a su \u201cdelicado estado de salud\u201d, tres personas ser\u00e1n trasladadas al Hospital Regional de Arequipa.<\/p>\n\n\n\n<p>Los accidentes de este tipo son habituales en carreteras de Per\u00fa, causados en su mayor\u00eda por la imprudencia de los conductores, el mal estado de las v\u00edas y del parque automotor, as\u00ed como por las condiciones agrestes de la geograf\u00eda.<\/p>\n\n\n\n<p>Al a\u00f1o mueren en el pa\u00eds alrededor de 3 mil personas en accidentes de tr\u00e1fico, la mayor\u00eda por atropellos, y unos 55 mil quedan heridos, seg\u00fan cifras del Consejo Nacional de Seguridad Vial.<\/p>\n","protected":false},"excerpt":{"rendered":"<p>Un autob\u00fas que se dirig\u00eda hacia Arequipa se accident\u00f3 en la carretera Panamericana Sur, lo que caus\u00f3 la muerte de 37 personas Al menos 37 personas murieron tras la ca\u00edda de un autob\u00fas de transporte de pasajeros por un abismo en una zona rural de la regi\u00f3n de Arequipa, en el sur de Per\u00fa. El [&hellip;]<\/p>\n","protected":false},"author":22,"featured_media":121461,"comment_status":"open","ping_status":"open","sticky":false,"template":"","format":"standard","meta":{"tdm_status":"","tdm_grid_status":"","footnotes":""},"categories":[39],"tags":[],"class_list":{"0":"post-121460","1":"post","2":"type-post","3":"status-publish","4":"format-standard","5":"has-post-thumbnail","7":"category-noticias-nacionales"},"yoast_head":"<!-- This site is optimized with the Yoast SEO plugin v27.5 - https:\/\/yoast.com\/product\/yoast-seo-wordpress\/ -->\n<title>Video: Mueren 37 personas tras caer autob\u00fas al abismo en Per\u00fa - Fuentes Fidedignas<\/title>\n<meta name=\"robots\" content=\"index, follow, max-snippet:-1, max-image-preview:large, max-video-preview:-1\" \/>\n<link rel=\"canonical\" href=\"https:\/\/fuentesfidedignas.com.mx\/index.php\/2025\/11\/12\/video-mueren-37-personas-tras-caer-autobus-al-abismo-en-peru\/\" \/>\n<meta property=\"og:locale\" content=\"es_MX\" \/>\n<meta property=\"og:type\" content=\"article\" \/>\n<meta property=\"og:title\" content=\"Video: Mueren 37 personas tras caer autob\u00fas al abismo en Per\u00fa - Fuentes Fidedignas\" \/>\n<meta property=\"og:description\" content=\"Un autob\u00fas que se dirig\u00eda hacia Arequipa se accident\u00f3 en la carretera Panamericana Sur, lo que caus\u00f3 la muerte de 37 personas Al menos 37 personas murieron tras la ca\u00edda de un autob\u00fas de transporte de pasajeros por un abismo en una zona rural de la regi\u00f3n de Arequipa, en el sur de Per\u00fa. El [&hellip;]\" \/>\n<meta property=\"og:url\" content=\"https:\/\/fuentesfidedignas.com.mx\/index.php\/2025\/11\/12\/video-mueren-37-personas-tras-caer-autobus-al-abismo-en-peru\/\" \/>\n<meta property=\"og:site_name\" content=\"Fuentes Fidedignas\" \/>\n<meta property=\"article:publisher\" content=\"https:\/\/www.facebook.com\/Fuentes-Fidedignas-368234489921644\" \/>\n<meta property=\"article:published_time\" content=\"2025-11-12T14:49:00+00:00\" \/>\n<meta property=\"article:modified_time\" content=\"2025-11-12T15:52:21+00:00\" \/>\n<meta property=\"og:image\" content=\"https:\/\/fuentesfidedignas.com.mx\/wp-content\/uploads\/2025\/11\/caida-de-autobus-al-sur-de-peru.jpg\" \/>\n\t<meta property=\"og:image:width\" content=\"500\" \/>\n\t<meta property=\"og:image:height\" content=\"308\" \/>\n\t<meta property=\"og:image:type\" content=\"image\/jpeg\" \/>\n<meta name=\"author\" content=\"EFE\" \/>\n<meta name=\"twitter:card\" content=\"summary_large_image\" \/>\n<meta name=\"twitter:creator\" content=\"@fidedignas\" \/>\n<meta name=\"twitter:site\" content=\"@fidedignas\" \/>\n<meta name=\"twitter:label1\" content=\"Escrito por\" \/>\n\t<meta name=\"twitter:data1\" content=\"EFE\" \/>\n\t<meta name=\"twitter:label2\" content=\"Tiempo de lectura\" \/>\n\t<meta name=\"twitter:data2\" content=\"3 minutos\" \/>\n<script type=\"application\/ld+json\" class=\"yoast-schema-graph\">{\"@context\":\"https:\\\/\\\/schema.org\",\"@graph\":[{\"@type\":\"Article\",\"@id\":\"https:\\\/\\\/fuentesfidedignas.com.mx\\\/index.php\\\/2025\\\/11\\\/12\\\/video-mueren-37-personas-tras-caer-autobus-al-abismo-en-peru\\\/#article\",\"isPartOf\":{\"@id\":\"https:\\\/\\\/fuentesfidedignas.com.mx\\\/index.php\\\/2025\\\/11\\\/12\\\/video-mueren-37-personas-tras-caer-autobus-al-abismo-en-peru\\\/\"},\"author\":{\"name\":\"EFE\",\"@id\":\"https:\\\/\\\/fuentesfidedignas.com.mx\\\/#\\\/schema\\\/person\\\/0d44615087b5a626d5d3f13afe31ac41\"},\"headline\":\"Video: Mueren 37 personas tras caer autob\u00fas al abismo en Per\u00fa\",\"datePublished\":\"2025-11-12T14:49:00+00:00\",\"dateModified\":\"2025-11-12T15:52:21+00:00\",\"mainEntityOfPage\":{\"@id\":\"https:\\\/\\\/fuentesfidedignas.com.mx\\\/index.php\\\/2025\\\/11\\\/12\\\/video-mueren-37-personas-tras-caer-autobus-al-abismo-en-peru\\\/\"},\"wordCount\":508,\"commentCount\":0,\"publisher\":{\"@id\":\"https:\\\/\\\/fuentesfidedignas.com.mx\\\/#organization\"},\"image\":{\"@id\":\"https:\\\/\\\/fuentesfidedignas.com.mx\\\/index.php\\\/2025\\\/11\\\/12\\\/video-mueren-37-personas-tras-caer-autobus-al-abismo-en-peru\\\/#primaryimage\"},\"thumbnailUrl\":\"https:\\\/\\\/fuentesfidedignas.com.mx\\\/wp-content\\\/uploads\\\/2025\\\/11\\\/caida-de-autobus-al-sur-de-peru.jpg\",\"articleSection\":[\"NOTICIAS NACIONALES\"],\"inLanguage\":\"es\",\"potentialAction\":[{\"@type\":\"CommentAction\",\"name\":\"Comment\",\"target\":[\"https:\\\/\\\/fuentesfidedignas.com.mx\\\/index.php\\\/2025\\\/11\\\/12\\\/video-mueren-37-personas-tras-caer-autobus-al-abismo-en-peru\\\/#respond\"]}]},{\"@type\":\"WebPage\",\"@id\":\"https:\\\/\\\/fuentesfidedignas.com.mx\\\/index.php\\\/2025\\\/11\\\/12\\\/video-mueren-37-personas-tras-caer-autobus-al-abismo-en-peru\\\/\",\"url\":\"https:\\\/\\\/fuentesfidedignas.com.mx\\\/index.php\\\/2025\\\/11\\\/12\\\/video-mueren-37-personas-tras-caer-autobus-al-abismo-en-peru\\\/\",\"name\":\"Video: Mueren 37 personas tras caer autob\u00fas al abismo en Per\u00fa - Fuentes Fidedignas\",\"isPartOf\":{\"@id\":\"https:\\\/\\\/fuentesfidedignas.com.mx\\\/#website\"},\"primaryImageOfPage\":{\"@id\":\"https:\\\/\\\/fuentesfidedignas.com.mx\\\/index.php\\\/2025\\\/11\\\/12\\\/video-mueren-37-personas-tras-caer-autobus-al-abismo-en-peru\\\/#primaryimage\"},\"image\":{\"@id\":\"https:\\\/\\\/fuentesfidedignas.com.mx\\\/index.php\\\/2025\\\/11\\\/12\\\/video-mueren-37-personas-tras-caer-autobus-al-abismo-en-peru\\\/#primaryimage\"},\"thumbnailUrl\":\"https:\\\/\\\/fuentesfidedignas.com.mx\\\/wp-content\\\/uploads\\\/2025\\\/11\\\/caida-de-autobus-al-sur-de-peru.jpg\",\"datePublished\":\"2025-11-12T14:49:00+00:00\",\"dateModified\":\"2025-11-12T15:52:21+00:00\",\"breadcrumb\":{\"@id\":\"https:\\\/\\\/fuentesfidedignas.com.mx\\\/index.php\\\/2025\\\/11\\\/12\\\/video-mueren-37-personas-tras-caer-autobus-al-abismo-en-peru\\\/#breadcrumb\"},\"inLanguage\":\"es\",\"potentialAction\":[{\"@type\":\"ReadAction\",\"target\":[\"https:\\\/\\\/fuentesfidedignas.com.mx\\\/index.php\\\/2025\\\/11\\\/12\\\/video-mueren-37-personas-tras-caer-autobus-al-abismo-en-peru\\\/\"]}]},{\"@type\":\"ImageObject\",\"inLanguage\":\"es\",\"@id\":\"https:\\\/\\\/fuentesfidedignas.com.mx\\\/index.php\\\/2025\\\/11\\\/12\\\/video-mueren-37-personas-tras-caer-autobus-al-abismo-en-peru\\\/#primaryimage\",\"url\":\"https:\\\/\\\/fuentesfidedignas.com.mx\\\/wp-content\\\/uploads\\\/2025\\\/11\\\/caida-de-autobus-al-sur-de-peru.jpg\",\"contentUrl\":\"https:\\\/\\\/fuentesfidedignas.com.mx\\\/wp-content\\\/uploads\\\/2025\\\/11\\\/caida-de-autobus-al-sur-de-peru.jpg\",\"width\":500,\"height\":308},{\"@type\":\"BreadcrumbList\",\"@id\":\"https:\\\/\\\/fuentesfidedignas.com.mx\\\/index.php\\\/2025\\\/11\\\/12\\\/video-mueren-37-personas-tras-caer-autobus-al-abismo-en-peru\\\/#breadcrumb\",\"itemListElement\":[{\"@type\":\"ListItem\",\"position\":1,\"name\":\"Inicio\",\"item\":\"https:\\\/\\\/fuentesfidedignas.com.mx\\\/\"},{\"@type\":\"ListItem\",\"position\":2,\"name\":\"Video: Mueren 37 personas tras caer autob\u00fas al abismo en Per\u00fa\"}]},{\"@type\":\"WebSite\",\"@id\":\"https:\\\/\\\/fuentesfidedignas.com.mx\\\/#website\",\"url\":\"https:\\\/\\\/fuentesfidedignas.com.mx\\\/\",\"name\":\"Fuentes Fidedignas\",\"description\":\"Otro sitio realizado con WordPress\",\"publisher\":{\"@id\":\"https:\\\/\\\/fuentesfidedignas.com.mx\\\/#organization\"},\"potentialAction\":[{\"@type\":\"SearchAction\",\"target\":{\"@type\":\"EntryPoint\",\"urlTemplate\":\"https:\\\/\\\/fuentesfidedignas.com.mx\\\/?s={search_term_string}\"},\"query-input\":{\"@type\":\"PropertyValueSpecification\",\"valueRequired\":true,\"valueName\":\"search_term_string\"}}],\"inLanguage\":\"es\"},{\"@type\":\"Organization\",\"@id\":\"https:\\\/\\\/fuentesfidedignas.com.mx\\\/#organization\",\"name\":\"Fuentes Fidedignas\",\"url\":\"https:\\\/\\\/fuentesfidedignas.com.mx\\\/\",\"logo\":{\"@type\":\"ImageObject\",\"inLanguage\":\"es\",\"@id\":\"https:\\\/\\\/fuentesfidedignas.com.mx\\\/#\\\/schema\\\/logo\\\/image\\\/\",\"url\":\"https:\\\/\\\/fuentesfidedignas.com.mx\\\/wp-content\\\/uploads\\\/2021\\\/04\\\/logo-retina.png\",\"contentUrl\":\"https:\\\/\\\/fuentesfidedignas.com.mx\\\/wp-content\\\/uploads\\\/2021\\\/04\\\/logo-retina.png\",\"width\":280,\"height\":51,\"caption\":\"Fuentes Fidedignas\"},\"image\":{\"@id\":\"https:\\\/\\\/fuentesfidedignas.com.mx\\\/#\\\/schema\\\/logo\\\/image\\\/\"},\"sameAs\":[\"https:\\\/\\\/www.facebook.com\\\/Fuentes-Fidedignas-368234489921644\",\"https:\\\/\\\/x.com\\\/fidedignas\"]},{\"@type\":\"Person\",\"@id\":\"https:\\\/\\\/fuentesfidedignas.com.mx\\\/#\\\/schema\\\/person\\\/0d44615087b5a626d5d3f13afe31ac41\",\"name\":\"EFE\",\"image\":{\"@type\":\"ImageObject\",\"inLanguage\":\"es\",\"@id\":\"https:\\\/\\\/secure.gravatar.com\\\/avatar\\\/7048c2d9b569d9bed55bb53ad23821e6e047aa66338fb6ea9868627bbb9f54e8?s=96&d=mm&r=g\",\"url\":\"https:\\\/\\\/secure.gravatar.com\\\/avatar\\\/7048c2d9b569d9bed55bb53ad23821e6e047aa66338fb6ea9868627bbb9f54e8?s=96&d=mm&r=g\",\"contentUrl\":\"https:\\\/\\\/secure.gravatar.com\\\/avatar\\\/7048c2d9b569d9bed55bb53ad23821e6e047aa66338fb6ea9868627bbb9f54e8?s=96&d=mm&r=g\",\"caption\":\"EFE\"},\"url\":\"https:\\\/\\\/fuentesfidedignas.com.mx\\\/index.php\\\/author\\\/efe\\\/\"}]}<\/script>\n<!-- \/ Yoast SEO plugin. -->","yoast_head_json":{"title":"Video: Mueren 37 personas tras caer autob\u00fas al abismo en Per\u00fa - Fuentes Fidedignas","robots":{"index":"index","follow":"follow","max-snippet":"max-snippet:-1","max-image-preview":"max-image-preview:large","max-video-preview":"max-video-preview:-1"},"canonical":"https:\/\/fuentesfidedignas.com.mx\/index.php\/2025\/11\/12\/video-mueren-37-personas-tras-caer-autobus-al-abismo-en-peru\/","og_locale":"es_MX","og_type":"article","og_title":"Video: Mueren 37 personas tras caer autob\u00fas al abismo en Per\u00fa - Fuentes Fidedignas","og_description":"Un autob\u00fas que se dirig\u00eda hacia Arequipa se accident\u00f3 en la carretera Panamericana Sur, lo que caus\u00f3 la muerte de 37 personas Al menos 37 personas murieron tras la ca\u00edda de un autob\u00fas de transporte de pasajeros por un abismo en una zona rural de la regi\u00f3n de Arequipa, en el sur de Per\u00fa. El [&hellip;]","og_url":"https:\/\/fuentesfidedignas.com.mx\/index.php\/2025\/11\/12\/video-mueren-37-personas-tras-caer-autobus-al-abismo-en-peru\/","og_site_name":"Fuentes Fidedignas","article_publisher":"https:\/\/www.facebook.com\/Fuentes-Fidedignas-368234489921644","article_published_time":"2025-11-12T14:49:00+00:00","article_modified_time":"2025-11-12T15:52:21+00:00","og_image":[{"width":500,"height":308,"url":"https:\/\/fuentesfidedignas.com.mx\/wp-content\/uploads\/2025\/11\/caida-de-autobus-al-sur-de-peru.jpg","type":"image\/jpeg"}],"author":"EFE","twitter_card":"summary_large_image","twitter_creator":"@fidedignas","twitter_site":"@fidedignas","twitter_misc":{"Escrito por":"EFE","Tiempo de lectura":"3 minutos"},"schema":{"@context":"https:\/\/schema.org","@graph":[{"@type":"Article","@id":"https:\/\/fuentesfidedignas.com.mx\/index.php\/2025\/11\/12\/video-mueren-37-personas-tras-caer-autobus-al-abismo-en-peru\/#article","isPartOf":{"@id":"https:\/\/fuentesfidedignas.com.mx\/index.php\/2025\/11\/12\/video-mueren-37-personas-tras-caer-autobus-al-abismo-en-peru\/"},"author":{"name":"EFE","@id":"https:\/\/fuentesfidedignas.com.mx\/#\/schema\/person\/0d44615087b5a626d5d3f13afe31ac41"},"headline":"Video: Mueren 37 personas tras caer autob\u00fas al abismo en Per\u00fa","datePublished":"2025-11-12T14:49:00+00:00","dateModified":"2025-11-12T15:52:21+00:00","mainEntityOfPage":{"@id":"https:\/\/fuentesfidedignas.com.mx\/index.php\/2025\/11\/12\/video-mueren-37-personas-tras-caer-autobus-al-abismo-en-peru\/"},"wordCount":508,"commentCount":0,"publisher":{"@id":"https:\/\/fuentesfidedignas.com.mx\/#organization"},"image":{"@id":"https:\/\/fuentesfidedignas.com.mx\/index.php\/2025\/11\/12\/video-mueren-37-personas-tras-caer-autobus-al-abismo-en-peru\/#primaryimage"},"thumbnailUrl":"https:\/\/fuentesfidedignas.com.mx\/wp-content\/uploads\/2025\/11\/caida-de-autobus-al-sur-de-peru.jpg","articleSection":["NOTICIAS NACIONALES"],"inLanguage":"es","potentialAction":[{"@type":"CommentAction","name":"Comment","target":["https:\/\/fuentesfidedignas.com.mx\/index.php\/2025\/11\/12\/video-mueren-37-personas-tras-caer-autobus-al-abismo-en-peru\/#respond"]}]},{"@type":"WebPage","@id":"https:\/\/fuentesfidedignas.com.mx\/index.php\/2025\/11\/12\/video-mueren-37-personas-tras-caer-autobus-al-abismo-en-peru\/","url":"https:\/\/fuentesfidedignas.com.mx\/index.php\/2025\/11\/12\/video-mueren-37-personas-tras-caer-autobus-al-abismo-en-peru\/","name":"Video: Mueren 37 personas tras caer autob\u00fas al abismo en Per\u00fa - Fuentes Fidedignas","isPartOf":{"@id":"https:\/\/fuentesfidedignas.com.mx\/#website"},"primaryImageOfPage":{"@id":"https:\/\/fuentesfidedignas.com.mx\/index.php\/2025\/11\/12\/video-mueren-37-personas-tras-caer-autobus-al-abismo-en-peru\/#primaryimage"},"image":{"@id":"https:\/\/fuentesfidedignas.com.mx\/index.php\/2025\/11\/12\/video-mueren-37-personas-tras-caer-autobus-al-abismo-en-peru\/#primaryimage"},"thumbnailUrl":"https:\/\/fuentesfidedignas.com.mx\/wp-content\/uploads\/2025\/11\/caida-de-autobus-al-sur-de-peru.jpg","datePublished":"2025-11-12T14:49:00+00:00","dateModified":"2025-11-12T15:52:21+00:00","breadcrumb":{"@id":"https:\/\/fuentesfidedignas.com.mx\/index.php\/2025\/11\/12\/video-mueren-37-personas-tras-caer-autobus-al-abismo-en-peru\/#breadcrumb"},"inLanguage":"es","potentialAction":[{"@type":"ReadAction","target":["https:\/\/fuentesfidedignas.com.mx\/index.php\/2025\/11\/12\/video-mueren-37-personas-tras-caer-autobus-al-abismo-en-peru\/"]}]},{"@type":"ImageObject","inLanguage":"es","@id":"https:\/\/fuentesfidedignas.com.mx\/index.php\/2025\/11\/12\/video-mueren-37-personas-tras-caer-autobus-al-abismo-en-peru\/#primaryimage","url":"https:\/\/fuentesfidedignas.com.mx\/wp-content\/uploads\/2025\/11\/caida-de-autobus-al-sur-de-peru.jpg","contentUrl":"https:\/\/fuentesfidedignas.com.mx\/wp-content\/uploads\/2025\/11\/caida-de-autobus-al-sur-de-peru.jpg","width":500,"height":308},{"@type":"BreadcrumbList","@id":"https:\/\/fuentesfidedignas.com.mx\/index.php\/2025\/11\/12\/video-mueren-37-personas-tras-caer-autobus-al-abismo-en-peru\/#breadcrumb","itemListElement":[{"@type":"ListItem","position":1,"name":"Inicio","item":"https:\/\/fuentesfidedignas.com.mx\/"},{"@type":"ListItem","position":2,"name":"Video: Mueren 37 personas tras caer autob\u00fas al abismo en Per\u00fa"}]},{"@type":"WebSite","@id":"https:\/\/fuentesfidedignas.com.mx\/#website","url":"https:\/\/fuentesfidedignas.com.mx\/","name":"Fuentes Fidedignas","description":"Otro sitio realizado con WordPress","publisher":{"@id":"https:\/\/fuentesfidedignas.com.mx\/#organization"},"potentialAction":[{"@type":"SearchAction","target":{"@type":"EntryPoint","urlTemplate":"https:\/\/fuentesfidedignas.com.mx\/?s={search_term_string}"},"query-input":{"@type":"PropertyValueSpecification","valueRequired":true,"valueName":"search_term_string"}}],"inLanguage":"es"},{"@type":"Organization","@id":"https:\/\/fuentesfidedignas.com.mx\/#organization","name":"Fuentes Fidedignas","url":"https:\/\/fuentesfidedignas.com.mx\/","logo":{"@type":"ImageObject","inLanguage":"es","@id":"https:\/\/fuentesfidedignas.com.mx\/#\/schema\/logo\/image\/","url":"https:\/\/fuentesfidedignas.com.mx\/wp-content\/uploads\/2021\/04\/logo-retina.png","contentUrl":"https:\/\/fuentesfidedignas.com.mx\/wp-content\/uploads\/2021\/04\/logo-retina.png","width":280,"height":51,"caption":"Fuentes Fidedignas"},"image":{"@id":"https:\/\/fuentesfidedignas.com.mx\/#\/schema\/logo\/image\/"},"sameAs":["https:\/\/www.facebook.com\/Fuentes-Fidedignas-368234489921644","https:\/\/x.com\/fidedignas"]},{"@type":"Person","@id":"https:\/\/fuentesfidedignas.com.mx\/#\/schema\/person\/0d44615087b5a626d5d3f13afe31ac41","name":"EFE","image":{"@type":"ImageObject","inLanguage":"es","@id":"https:\/\/secure.gravatar.com\/avatar\/7048c2d9b569d9bed55bb53ad23821e6e047aa66338fb6ea9868627bbb9f54e8?s=96&d=mm&r=g","url":"https:\/\/secure.gravatar.com\/avatar\/7048c2d9b569d9bed55bb53ad23821e6e047aa66338fb6ea9868627bbb9f54e8?s=96&d=mm&r=g","contentUrl":"https:\/\/secure.gravatar.com\/avatar\/7048c2d9b569d9bed55bb53ad23821e6e047aa66338fb6ea9868627bbb9f54e8?s=96&d=mm&r=g","caption":"EFE"},"url":"https:\/\/fuentesfidedignas.com.mx\/index.php\/author\/efe\/"}]}},"_links":{"self":[{"href":"https:\/\/fuentesfidedignas.com.mx\/index.php\/wp-json\/wp\/v2\/posts\/121460","targetHints":{"allow":["GET"]}}],"collection":[{"href":"https:\/\/fuentesfidedignas.com.mx\/index.php\/wp-json\/wp\/v2\/posts"}],"about":[{"href":"https:\/\/fuentesfidedignas.com.mx\/index.php\/wp-json\/wp\/v2\/types\/post"}],"author":[{"embeddable":true,"href":"https:\/\/fuentesfidedignas.com.mx\/index.php\/wp-json\/wp\/v2\/users\/22"}],"replies":[{"embeddable":true,"href":"https:\/\/fuentesfidedignas.com.mx\/index.php\/wp-json\/wp\/v2\/comments?post=121460"}],"version-history":[{"count":1,"href":"https:\/\/fuentesfidedignas.com.mx\/index.php\/wp-json\/wp\/v2\/posts\/121460\/revisions"}],"predecessor-version":[{"id":121462,"href":"https:\/\/fuentesfidedignas.com.mx\/index.php\/wp-json\/wp\/v2\/posts\/121460\/revisions\/121462"}],"wp:featuredmedia":[{"embeddable":true,"href":"https:\/\/fuentesfidedignas.com.mx\/index.php\/wp-json\/wp\/v2\/media\/121461"}],"wp:attachment":[{"href":"https:\/\/fuentesfidedignas.com.mx\/index.php\/wp-json\/wp\/v2\/media?parent=121460"}],"wp:term":[{"taxonomy":"category","embeddable":true,"href":"https:\/\/fuentesfidedignas.com.mx\/index.php\/wp-json\/wp\/v2\/categories?post=121460"},{"taxonomy":"post_tag","embeddable":true,"href":"https:\/\/fuentesfidedignas.com.mx\/index.php\/wp-json\/wp\/v2\/tags?post=121460"}],"curies":[{"name":"wp","href":"https:\/\/api.w.org\/{rel}","templated":true}]}}