{"id":121372,"date":"2025-11-11T09:53:45","date_gmt":"2025-11-11T16:53:45","guid":{"rendered":"https:\/\/fuentesfidedignas.com.mx\/?p=121372"},"modified":"2025-11-11T09:54:03","modified_gmt":"2025-11-11T16:54:03","slug":"asesinan-a-dos-mujeres-oficiales-de-la-policia-vial-en-jalisco","status":"publish","type":"post","link":"https:\/\/fuentesfidedignas.com.mx\/index.php\/2025\/11\/11\/asesinan-a-dos-mujeres-oficiales-de-la-policia-vial-en-jalisco\/","title":{"rendered":"Asesinan a dos mujeres oficiales de la Polic\u00eda Vial en Jalisco"},"content":{"rendered":"\n<p><strong><em>Hasta ahora se sabe que se trat\u00f3 de un ataque directo contra las uniformadas.<\/em><\/strong><\/p>\n\n\n\n<p>Dos mujeres de la Polic\u00eda Vial de Jalisco fueron asesinadas a balazos y sus cuerpos encontrados dentro de una veh\u00edculo en Lomas de San Juan, en El Salto.<\/p>\n\n\n\n<p>El violento hecho ocurri\u00f3 en la calle Jos\u00e9 de Jes\u00fas Torres Garc\u00eda, en el cruce de las calles San Pablo y Santo Ni\u00f1o, generando una intensa movilizaci\u00f3n policiaca en la zona con elementos municipales de Tlaquepaque y uniformados estatales.<\/p>\n\n\n\n<p>De acuerdo con los primeros reportes, las agentes fueron localizadas sin vida en la parte trasera de una camioneta oficial. La camioneta se qued\u00f3 sobre la calle de San Pablo.<\/p>\n\n\n\n<p>Los servicios m\u00e9dicos municipales confirmaron que ambas presentaban al menos un impacto de proyectil de arma de fuego en el cr\u00e1neo, lo que les provoc\u00f3 la muerte de manera inmediata en un ataque directo.<\/p>\n\n\n\n<p>Diversos elementos se encuentran en la zona a la espera de acuden el Instituto Jalisciense de Ciencias Forenses as\u00ed como la Fiscal\u00eda.<\/p>\n\n\n\n<p>De los responsables se sabe que huyeron a bordo de la una camioneta marca Ford de color blanco.<\/p>\n\n\n\n<p>El gobernador de Jalisco, Pablo Lemus,&nbsp;confirm\u00f3 el hecho e hizo un llamado a localizar a los responsables. &#8220;Debido a esto convoqu\u00e9 al Gabinete de Seguridad en Casa Jalisco, para coordinar un operativo de b\u00fasqueda por tierra y aire de los responsables&#8221;<\/p>\n\n\n\n<p>El mandatario ofreci\u00f3 el p\u00e9same, y se\u00f1al\u00f3 que su administraci\u00f3n estar\u00e1 apoyando y acompa\u00f1ando en todo momento.<\/p>\n\n\n\n<p><\/p>\n","protected":false},"excerpt":{"rendered":"<p>Hasta ahora se sabe que se trat\u00f3 de un ataque directo contra las uniformadas. Dos mujeres de la Polic\u00eda Vial de Jalisco fueron asesinadas a balazos y sus cuerpos encontrados dentro de una veh\u00edculo en Lomas de San Juan, en El Salto. El violento hecho ocurri\u00f3 en la calle Jos\u00e9 de Jes\u00fas Torres Garc\u00eda, en [&hellip;]<\/p>\n","protected":false},"author":9,"featured_media":121373,"comment_status":"open","ping_status":"open","sticky":false,"template":"","format":"standard","meta":{"tdm_status":"","tdm_grid_status":"","footnotes":""},"categories":[39],"tags":[],"class_list":{"0":"post-121372","1":"post","2":"type-post","3":"status-publish","4":"format-standard","5":"has-post-thumbnail","7":"category-noticias-nacionales"},"yoast_head":"<!-- This site is optimized with the Yoast SEO plugin v27.5 - https:\/\/yoast.com\/product\/yoast-seo-wordpress\/ -->\n<title>Asesinan a dos mujeres oficiales de la Polic\u00eda Vial en Jalisco - Fuentes Fidedignas<\/title>\n<meta name=\"robots\" content=\"index, follow, max-snippet:-1, max-image-preview:large, max-video-preview:-1\" \/>\n<link rel=\"canonical\" href=\"https:\/\/fuentesfidedignas.com.mx\/index.php\/2025\/11\/11\/asesinan-a-dos-mujeres-oficiales-de-la-policia-vial-en-jalisco\/\" \/>\n<meta property=\"og:locale\" content=\"es_MX\" \/>\n<meta property=\"og:type\" content=\"article\" \/>\n<meta property=\"og:title\" content=\"Asesinan a dos mujeres oficiales de la Polic\u00eda Vial en Jalisco - Fuentes Fidedignas\" \/>\n<meta property=\"og:description\" content=\"Hasta ahora se sabe que se trat\u00f3 de un ataque directo contra las uniformadas. Dos mujeres de la Polic\u00eda Vial de Jalisco fueron asesinadas a balazos y sus cuerpos encontrados dentro de una veh\u00edculo en Lomas de San Juan, en El Salto. El violento hecho ocurri\u00f3 en la calle Jos\u00e9 de Jes\u00fas Torres Garc\u00eda, en [&hellip;]\" \/>\n<meta property=\"og:url\" content=\"https:\/\/fuentesfidedignas.com.mx\/index.php\/2025\/11\/11\/asesinan-a-dos-mujeres-oficiales-de-la-policia-vial-en-jalisco\/\" \/>\n<meta property=\"og:site_name\" content=\"Fuentes Fidedignas\" \/>\n<meta property=\"article:publisher\" content=\"https:\/\/www.facebook.com\/Fuentes-Fidedignas-368234489921644\" \/>\n<meta property=\"article:published_time\" content=\"2025-11-11T16:53:45+00:00\" \/>\n<meta property=\"article:modified_time\" content=\"2025-11-11T16:54:03+00:00\" \/>\n<meta property=\"og:image\" content=\"https:\/\/fuentesfidedignas.com.mx\/wp-content\/uploads\/2025\/11\/policias-viales-atacadas-balazos-salto.jpg\" \/>\n\t<meta property=\"og:image:width\" content=\"500\" \/>\n\t<meta property=\"og:image:height\" content=\"282\" \/>\n\t<meta property=\"og:image:type\" content=\"image\/jpeg\" \/>\n<meta name=\"author\" content=\"Milenio\" \/>\n<meta name=\"twitter:card\" content=\"summary_large_image\" \/>\n<meta name=\"twitter:creator\" content=\"@fidedignas\" \/>\n<meta name=\"twitter:site\" content=\"@fidedignas\" \/>\n<meta name=\"twitter:label1\" content=\"Escrito por\" \/>\n\t<meta name=\"twitter:data1\" content=\"Milenio\" \/>\n\t<meta name=\"twitter:label2\" content=\"Tiempo de lectura\" \/>\n\t<meta name=\"twitter:data2\" content=\"2 minutos\" \/>\n<script type=\"application\/ld+json\" class=\"yoast-schema-graph\">{\"@context\":\"https:\\\/\\\/schema.org\",\"@graph\":[{\"@type\":\"Article\",\"@id\":\"https:\\\/\\\/fuentesfidedignas.com.mx\\\/index.php\\\/2025\\\/11\\\/11\\\/asesinan-a-dos-mujeres-oficiales-de-la-policia-vial-en-jalisco\\\/#article\",\"isPartOf\":{\"@id\":\"https:\\\/\\\/fuentesfidedignas.com.mx\\\/index.php\\\/2025\\\/11\\\/11\\\/asesinan-a-dos-mujeres-oficiales-de-la-policia-vial-en-jalisco\\\/\"},\"author\":{\"name\":\"Milenio\",\"@id\":\"https:\\\/\\\/fuentesfidedignas.com.mx\\\/#\\\/schema\\\/person\\\/47ec0135738f4b0c7495f06a77a2c976\"},\"headline\":\"Asesinan a dos mujeres oficiales de la Polic\u00eda Vial en Jalisco\",\"datePublished\":\"2025-11-11T16:53:45+00:00\",\"dateModified\":\"2025-11-11T16:54:03+00:00\",\"mainEntityOfPage\":{\"@id\":\"https:\\\/\\\/fuentesfidedignas.com.mx\\\/index.php\\\/2025\\\/11\\\/11\\\/asesinan-a-dos-mujeres-oficiales-de-la-policia-vial-en-jalisco\\\/\"},\"wordCount\":271,\"commentCount\":0,\"publisher\":{\"@id\":\"https:\\\/\\\/fuentesfidedignas.com.mx\\\/#organization\"},\"image\":{\"@id\":\"https:\\\/\\\/fuentesfidedignas.com.mx\\\/index.php\\\/2025\\\/11\\\/11\\\/asesinan-a-dos-mujeres-oficiales-de-la-policia-vial-en-jalisco\\\/#primaryimage\"},\"thumbnailUrl\":\"https:\\\/\\\/fuentesfidedignas.com.mx\\\/wp-content\\\/uploads\\\/2025\\\/11\\\/policias-viales-atacadas-balazos-salto.jpg\",\"articleSection\":[\"NOTICIAS NACIONALES\"],\"inLanguage\":\"es\",\"potentialAction\":[{\"@type\":\"CommentAction\",\"name\":\"Comment\",\"target\":[\"https:\\\/\\\/fuentesfidedignas.com.mx\\\/index.php\\\/2025\\\/11\\\/11\\\/asesinan-a-dos-mujeres-oficiales-de-la-policia-vial-en-jalisco\\\/#respond\"]}]},{\"@type\":\"WebPage\",\"@id\":\"https:\\\/\\\/fuentesfidedignas.com.mx\\\/index.php\\\/2025\\\/11\\\/11\\\/asesinan-a-dos-mujeres-oficiales-de-la-policia-vial-en-jalisco\\\/\",\"url\":\"https:\\\/\\\/fuentesfidedignas.com.mx\\\/index.php\\\/2025\\\/11\\\/11\\\/asesinan-a-dos-mujeres-oficiales-de-la-policia-vial-en-jalisco\\\/\",\"name\":\"Asesinan a dos mujeres oficiales de la Polic\u00eda Vial en Jalisco - Fuentes Fidedignas\",\"isPartOf\":{\"@id\":\"https:\\\/\\\/fuentesfidedignas.com.mx\\\/#website\"},\"primaryImageOfPage\":{\"@id\":\"https:\\\/\\\/fuentesfidedignas.com.mx\\\/index.php\\\/2025\\\/11\\\/11\\\/asesinan-a-dos-mujeres-oficiales-de-la-policia-vial-en-jalisco\\\/#primaryimage\"},\"image\":{\"@id\":\"https:\\\/\\\/fuentesfidedignas.com.mx\\\/index.php\\\/2025\\\/11\\\/11\\\/asesinan-a-dos-mujeres-oficiales-de-la-policia-vial-en-jalisco\\\/#primaryimage\"},\"thumbnailUrl\":\"https:\\\/\\\/fuentesfidedignas.com.mx\\\/wp-content\\\/uploads\\\/2025\\\/11\\\/policias-viales-atacadas-balazos-salto.jpg\",\"datePublished\":\"2025-11-11T16:53:45+00:00\",\"dateModified\":\"2025-11-11T16:54:03+00:00\",\"breadcrumb\":{\"@id\":\"https:\\\/\\\/fuentesfidedignas.com.mx\\\/index.php\\\/2025\\\/11\\\/11\\\/asesinan-a-dos-mujeres-oficiales-de-la-policia-vial-en-jalisco\\\/#breadcrumb\"},\"inLanguage\":\"es\",\"potentialAction\":[{\"@type\":\"ReadAction\",\"target\":[\"https:\\\/\\\/fuentesfidedignas.com.mx\\\/index.php\\\/2025\\\/11\\\/11\\\/asesinan-a-dos-mujeres-oficiales-de-la-policia-vial-en-jalisco\\\/\"]}]},{\"@type\":\"ImageObject\",\"inLanguage\":\"es\",\"@id\":\"https:\\\/\\\/fuentesfidedignas.com.mx\\\/index.php\\\/2025\\\/11\\\/11\\\/asesinan-a-dos-mujeres-oficiales-de-la-policia-vial-en-jalisco\\\/#primaryimage\",\"url\":\"https:\\\/\\\/fuentesfidedignas.com.mx\\\/wp-content\\\/uploads\\\/2025\\\/11\\\/policias-viales-atacadas-balazos-salto.jpg\",\"contentUrl\":\"https:\\\/\\\/fuentesfidedignas.com.mx\\\/wp-content\\\/uploads\\\/2025\\\/11\\\/policias-viales-atacadas-balazos-salto.jpg\",\"width\":500,\"height\":282},{\"@type\":\"BreadcrumbList\",\"@id\":\"https:\\\/\\\/fuentesfidedignas.com.mx\\\/index.php\\\/2025\\\/11\\\/11\\\/asesinan-a-dos-mujeres-oficiales-de-la-policia-vial-en-jalisco\\\/#breadcrumb\",\"itemListElement\":[{\"@type\":\"ListItem\",\"position\":1,\"name\":\"Inicio\",\"item\":\"https:\\\/\\\/fuentesfidedignas.com.mx\\\/\"},{\"@type\":\"ListItem\",\"position\":2,\"name\":\"Asesinan a dos mujeres oficiales de la Polic\u00eda Vial en Jalisco\"}]},{\"@type\":\"WebSite\",\"@id\":\"https:\\\/\\\/fuentesfidedignas.com.mx\\\/#website\",\"url\":\"https:\\\/\\\/fuentesfidedignas.com.mx\\\/\",\"name\":\"Fuentes Fidedignas\",\"description\":\"Otro sitio realizado con WordPress\",\"publisher\":{\"@id\":\"https:\\\/\\\/fuentesfidedignas.com.mx\\\/#organization\"},\"potentialAction\":[{\"@type\":\"SearchAction\",\"target\":{\"@type\":\"EntryPoint\",\"urlTemplate\":\"https:\\\/\\\/fuentesfidedignas.com.mx\\\/?s={search_term_string}\"},\"query-input\":{\"@type\":\"PropertyValueSpecification\",\"valueRequired\":true,\"valueName\":\"search_term_string\"}}],\"inLanguage\":\"es\"},{\"@type\":\"Organization\",\"@id\":\"https:\\\/\\\/fuentesfidedignas.com.mx\\\/#organization\",\"name\":\"Fuentes Fidedignas\",\"url\":\"https:\\\/\\\/fuentesfidedignas.com.mx\\\/\",\"logo\":{\"@type\":\"ImageObject\",\"inLanguage\":\"es\",\"@id\":\"https:\\\/\\\/fuentesfidedignas.com.mx\\\/#\\\/schema\\\/logo\\\/image\\\/\",\"url\":\"https:\\\/\\\/fuentesfidedignas.com.mx\\\/wp-content\\\/uploads\\\/2021\\\/04\\\/logo-retina.png\",\"contentUrl\":\"https:\\\/\\\/fuentesfidedignas.com.mx\\\/wp-content\\\/uploads\\\/2021\\\/04\\\/logo-retina.png\",\"width\":280,\"height\":51,\"caption\":\"Fuentes Fidedignas\"},\"image\":{\"@id\":\"https:\\\/\\\/fuentesfidedignas.com.mx\\\/#\\\/schema\\\/logo\\\/image\\\/\"},\"sameAs\":[\"https:\\\/\\\/www.facebook.com\\\/Fuentes-Fidedignas-368234489921644\",\"https:\\\/\\\/x.com\\\/fidedignas\"]},{\"@type\":\"Person\",\"@id\":\"https:\\\/\\\/fuentesfidedignas.com.mx\\\/#\\\/schema\\\/person\\\/47ec0135738f4b0c7495f06a77a2c976\",\"name\":\"Milenio\",\"image\":{\"@type\":\"ImageObject\",\"inLanguage\":\"es\",\"@id\":\"https:\\\/\\\/secure.gravatar.com\\\/avatar\\\/acabf7b54753e51c2c76457954577c236b3b764789b19879565769739d1e4a75?s=96&d=mm&r=g\",\"url\":\"https:\\\/\\\/secure.gravatar.com\\\/avatar\\\/acabf7b54753e51c2c76457954577c236b3b764789b19879565769739d1e4a75?s=96&d=mm&r=g\",\"contentUrl\":\"https:\\\/\\\/secure.gravatar.com\\\/avatar\\\/acabf7b54753e51c2c76457954577c236b3b764789b19879565769739d1e4a75?s=96&d=mm&r=g\",\"caption\":\"Milenio\"},\"url\":\"https:\\\/\\\/fuentesfidedignas.com.mx\\\/index.php\\\/author\\\/milenio\\\/\"}]}<\/script>\n<!-- \/ Yoast SEO plugin. -->","yoast_head_json":{"title":"Asesinan a dos mujeres oficiales de la Polic\u00eda Vial en Jalisco - Fuentes Fidedignas","robots":{"index":"index","follow":"follow","max-snippet":"max-snippet:-1","max-image-preview":"max-image-preview:large","max-video-preview":"max-video-preview:-1"},"canonical":"https:\/\/fuentesfidedignas.com.mx\/index.php\/2025\/11\/11\/asesinan-a-dos-mujeres-oficiales-de-la-policia-vial-en-jalisco\/","og_locale":"es_MX","og_type":"article","og_title":"Asesinan a dos mujeres oficiales de la Polic\u00eda Vial en Jalisco - Fuentes Fidedignas","og_description":"Hasta ahora se sabe que se trat\u00f3 de un ataque directo contra las uniformadas. Dos mujeres de la Polic\u00eda Vial de Jalisco fueron asesinadas a balazos y sus cuerpos encontrados dentro de una veh\u00edculo en Lomas de San Juan, en El Salto. El violento hecho ocurri\u00f3 en la calle Jos\u00e9 de Jes\u00fas Torres Garc\u00eda, en [&hellip;]","og_url":"https:\/\/fuentesfidedignas.com.mx\/index.php\/2025\/11\/11\/asesinan-a-dos-mujeres-oficiales-de-la-policia-vial-en-jalisco\/","og_site_name":"Fuentes Fidedignas","article_publisher":"https:\/\/www.facebook.com\/Fuentes-Fidedignas-368234489921644","article_published_time":"2025-11-11T16:53:45+00:00","article_modified_time":"2025-11-11T16:54:03+00:00","og_image":[{"width":500,"height":282,"url":"https:\/\/fuentesfidedignas.com.mx\/wp-content\/uploads\/2025\/11\/policias-viales-atacadas-balazos-salto.jpg","type":"image\/jpeg"}],"author":"Milenio","twitter_card":"summary_large_image","twitter_creator":"@fidedignas","twitter_site":"@fidedignas","twitter_misc":{"Escrito por":"Milenio","Tiempo de lectura":"2 minutos"},"schema":{"@context":"https:\/\/schema.org","@graph":[{"@type":"Article","@id":"https:\/\/fuentesfidedignas.com.mx\/index.php\/2025\/11\/11\/asesinan-a-dos-mujeres-oficiales-de-la-policia-vial-en-jalisco\/#article","isPartOf":{"@id":"https:\/\/fuentesfidedignas.com.mx\/index.php\/2025\/11\/11\/asesinan-a-dos-mujeres-oficiales-de-la-policia-vial-en-jalisco\/"},"author":{"name":"Milenio","@id":"https:\/\/fuentesfidedignas.com.mx\/#\/schema\/person\/47ec0135738f4b0c7495f06a77a2c976"},"headline":"Asesinan a dos mujeres oficiales de la Polic\u00eda Vial en Jalisco","datePublished":"2025-11-11T16:53:45+00:00","dateModified":"2025-11-11T16:54:03+00:00","mainEntityOfPage":{"@id":"https:\/\/fuentesfidedignas.com.mx\/index.php\/2025\/11\/11\/asesinan-a-dos-mujeres-oficiales-de-la-policia-vial-en-jalisco\/"},"wordCount":271,"commentCount":0,"publisher":{"@id":"https:\/\/fuentesfidedignas.com.mx\/#organization"},"image":{"@id":"https:\/\/fuentesfidedignas.com.mx\/index.php\/2025\/11\/11\/asesinan-a-dos-mujeres-oficiales-de-la-policia-vial-en-jalisco\/#primaryimage"},"thumbnailUrl":"https:\/\/fuentesfidedignas.com.mx\/wp-content\/uploads\/2025\/11\/policias-viales-atacadas-balazos-salto.jpg","articleSection":["NOTICIAS NACIONALES"],"inLanguage":"es","potentialAction":[{"@type":"CommentAction","name":"Comment","target":["https:\/\/fuentesfidedignas.com.mx\/index.php\/2025\/11\/11\/asesinan-a-dos-mujeres-oficiales-de-la-policia-vial-en-jalisco\/#respond"]}]},{"@type":"WebPage","@id":"https:\/\/fuentesfidedignas.com.mx\/index.php\/2025\/11\/11\/asesinan-a-dos-mujeres-oficiales-de-la-policia-vial-en-jalisco\/","url":"https:\/\/fuentesfidedignas.com.mx\/index.php\/2025\/11\/11\/asesinan-a-dos-mujeres-oficiales-de-la-policia-vial-en-jalisco\/","name":"Asesinan a dos mujeres oficiales de la Polic\u00eda Vial en Jalisco - Fuentes Fidedignas","isPartOf":{"@id":"https:\/\/fuentesfidedignas.com.mx\/#website"},"primaryImageOfPage":{"@id":"https:\/\/fuentesfidedignas.com.mx\/index.php\/2025\/11\/11\/asesinan-a-dos-mujeres-oficiales-de-la-policia-vial-en-jalisco\/#primaryimage"},"image":{"@id":"https:\/\/fuentesfidedignas.com.mx\/index.php\/2025\/11\/11\/asesinan-a-dos-mujeres-oficiales-de-la-policia-vial-en-jalisco\/#primaryimage"},"thumbnailUrl":"https:\/\/fuentesfidedignas.com.mx\/wp-content\/uploads\/2025\/11\/policias-viales-atacadas-balazos-salto.jpg","datePublished":"2025-11-11T16:53:45+00:00","dateModified":"2025-11-11T16:54:03+00:00","breadcrumb":{"@id":"https:\/\/fuentesfidedignas.com.mx\/index.php\/2025\/11\/11\/asesinan-a-dos-mujeres-oficiales-de-la-policia-vial-en-jalisco\/#breadcrumb"},"inLanguage":"es","potentialAction":[{"@type":"ReadAction","target":["https:\/\/fuentesfidedignas.com.mx\/index.php\/2025\/11\/11\/asesinan-a-dos-mujeres-oficiales-de-la-policia-vial-en-jalisco\/"]}]},{"@type":"ImageObject","inLanguage":"es","@id":"https:\/\/fuentesfidedignas.com.mx\/index.php\/2025\/11\/11\/asesinan-a-dos-mujeres-oficiales-de-la-policia-vial-en-jalisco\/#primaryimage","url":"https:\/\/fuentesfidedignas.com.mx\/wp-content\/uploads\/2025\/11\/policias-viales-atacadas-balazos-salto.jpg","contentUrl":"https:\/\/fuentesfidedignas.com.mx\/wp-content\/uploads\/2025\/11\/policias-viales-atacadas-balazos-salto.jpg","width":500,"height":282},{"@type":"BreadcrumbList","@id":"https:\/\/fuentesfidedignas.com.mx\/index.php\/2025\/11\/11\/asesinan-a-dos-mujeres-oficiales-de-la-policia-vial-en-jalisco\/#breadcrumb","itemListElement":[{"@type":"ListItem","position":1,"name":"Inicio","item":"https:\/\/fuentesfidedignas.com.mx\/"},{"@type":"ListItem","position":2,"name":"Asesinan a dos mujeres oficiales de la Polic\u00eda Vial en Jalisco"}]},{"@type":"WebSite","@id":"https:\/\/fuentesfidedignas.com.mx\/#website","url":"https:\/\/fuentesfidedignas.com.mx\/","name":"Fuentes Fidedignas","description":"Otro sitio realizado con WordPress","publisher":{"@id":"https:\/\/fuentesfidedignas.com.mx\/#organization"},"potentialAction":[{"@type":"SearchAction","target":{"@type":"EntryPoint","urlTemplate":"https:\/\/fuentesfidedignas.com.mx\/?s={search_term_string}"},"query-input":{"@type":"PropertyValueSpecification","valueRequired":true,"valueName":"search_term_string"}}],"inLanguage":"es"},{"@type":"Organization","@id":"https:\/\/fuentesfidedignas.com.mx\/#organization","name":"Fuentes Fidedignas","url":"https:\/\/fuentesfidedignas.com.mx\/","logo":{"@type":"ImageObject","inLanguage":"es","@id":"https:\/\/fuentesfidedignas.com.mx\/#\/schema\/logo\/image\/","url":"https:\/\/fuentesfidedignas.com.mx\/wp-content\/uploads\/2021\/04\/logo-retina.png","contentUrl":"https:\/\/fuentesfidedignas.com.mx\/wp-content\/uploads\/2021\/04\/logo-retina.png","width":280,"height":51,"caption":"Fuentes Fidedignas"},"image":{"@id":"https:\/\/fuentesfidedignas.com.mx\/#\/schema\/logo\/image\/"},"sameAs":["https:\/\/www.facebook.com\/Fuentes-Fidedignas-368234489921644","https:\/\/x.com\/fidedignas"]},{"@type":"Person","@id":"https:\/\/fuentesfidedignas.com.mx\/#\/schema\/person\/47ec0135738f4b0c7495f06a77a2c976","name":"Milenio","image":{"@type":"ImageObject","inLanguage":"es","@id":"https:\/\/secure.gravatar.com\/avatar\/acabf7b54753e51c2c76457954577c236b3b764789b19879565769739d1e4a75?s=96&d=mm&r=g","url":"https:\/\/secure.gravatar.com\/avatar\/acabf7b54753e51c2c76457954577c236b3b764789b19879565769739d1e4a75?s=96&d=mm&r=g","contentUrl":"https:\/\/secure.gravatar.com\/avatar\/acabf7b54753e51c2c76457954577c236b3b764789b19879565769739d1e4a75?s=96&d=mm&r=g","caption":"Milenio"},"url":"https:\/\/fuentesfidedignas.com.mx\/index.php\/author\/milenio\/"}]}},"_links":{"self":[{"href":"https:\/\/fuentesfidedignas.com.mx\/index.php\/wp-json\/wp\/v2\/posts\/121372","targetHints":{"allow":["GET"]}}],"collection":[{"href":"https:\/\/fuentesfidedignas.com.mx\/index.php\/wp-json\/wp\/v2\/posts"}],"about":[{"href":"https:\/\/fuentesfidedignas.com.mx\/index.php\/wp-json\/wp\/v2\/types\/post"}],"author":[{"embeddable":true,"href":"https:\/\/fuentesfidedignas.com.mx\/index.php\/wp-json\/wp\/v2\/users\/9"}],"replies":[{"embeddable":true,"href":"https:\/\/fuentesfidedignas.com.mx\/index.php\/wp-json\/wp\/v2\/comments?post=121372"}],"version-history":[{"count":1,"href":"https:\/\/fuentesfidedignas.com.mx\/index.php\/wp-json\/wp\/v2\/posts\/121372\/revisions"}],"predecessor-version":[{"id":121374,"href":"https:\/\/fuentesfidedignas.com.mx\/index.php\/wp-json\/wp\/v2\/posts\/121372\/revisions\/121374"}],"wp:featuredmedia":[{"embeddable":true,"href":"https:\/\/fuentesfidedignas.com.mx\/index.php\/wp-json\/wp\/v2\/media\/121373"}],"wp:attachment":[{"href":"https:\/\/fuentesfidedignas.com.mx\/index.php\/wp-json\/wp\/v2\/media?parent=121372"}],"wp:term":[{"taxonomy":"category","embeddable":true,"href":"https:\/\/fuentesfidedignas.com.mx\/index.php\/wp-json\/wp\/v2\/categories?post=121372"},{"taxonomy":"post_tag","embeddable":true,"href":"https:\/\/fuentesfidedignas.com.mx\/index.php\/wp-json\/wp\/v2\/tags?post=121372"}],"curies":[{"name":"wp","href":"https:\/\/api.w.org\/{rel}","templated":true}]}}