{"id":121302,"date":"2025-11-10T12:15:45","date_gmt":"2025-11-10T19:15:45","guid":{"rendered":"https:\/\/fuentesfidedignas.com.mx\/?p=121302"},"modified":"2025-11-10T12:15:50","modified_gmt":"2025-11-10T19:15:50","slug":"otra-vez-posponen-en-estados-unidos-la-audiencia-de-joaquin-guzman-lopez","status":"publish","type":"post","link":"https:\/\/fuentesfidedignas.com.mx\/index.php\/2025\/11\/10\/otra-vez-posponen-en-estados-unidos-la-audiencia-de-joaquin-guzman-lopez\/","title":{"rendered":"\u00a1Otra vez! Posponen en Estados Unidos la audiencia de Joaqu\u00edn Guzm\u00e1n L\u00f3pez"},"content":{"rendered":"\n<p><strong><em>Por tercera vez una jueza de EE.UU. aplaz\u00f3 la audiencia de Joaqu\u00edn Guzm\u00e1n L\u00f3pez, hijo de \u2018el Chapo\u2019 Guzm\u00e1n.<\/em><\/strong><\/p>\n\n\n\n<p>La audiencia del narcotraficante Joaqu\u00edn Guzm\u00e1n L\u00f3pez, l\u00edder de Los Chapitos e hijo de Joaqu\u00edn \u2018el Chapo\u2019 Guzm\u00e1n, fue aplazada.<\/p>\n\n\n\n<p>La juez que supervisa el caso, Sharon Johnson Coleman, indic\u00f3 en un documento que vuelve a posponer la vista para Guzm\u00e1n, prevista para el 13 de noviembre en un tribunal federal de Chicago.<\/p>\n\n\n\n<p>Esta es la tercera vez que se pospone esta audiencia, que ya se aplaz\u00f3 del 15 de julio al 15 de septiembre y del 15 de septiembre al 13 de noviembre.<\/p>\n\n\n\n<p>La nueva fecha de la audiencia es el 1 de diciembre.<\/p>\n\n\n\n<p>El pasado julio, Ovidio Guzm\u00e1n L\u00f3pez, otro de los hijos de \u2018el Chapo\u2019 y hermano de Joaqu\u00edn, se declar\u00f3 culpable de cuatro cargos relacionados con el narcotr\u00e1fico ante un tribunal de Chicago como parte de un acuerdo con las autoridades estadounidenses cuyos t\u00e9rminos no fueron divulgados.<\/p>\n\n\n\n<p>Del mismo modo, en agosto el narcotraficante mexicano Ismael \u2018el Mayo\u2019 Zambada, cofundador y l\u00edder hist\u00f3rico del C\u00e1rtel de Sinaloa, se declar\u00f3 formalmente culpable de dos cargos de narcotr\u00e1fico, lavado de dinero y uso de armas que pesaban en su contra en un tribunal federal de Nueva York.<\/p>\n","protected":false},"excerpt":{"rendered":"<p>Por tercera vez una jueza de EE.UU. aplaz\u00f3 la audiencia de Joaqu\u00edn Guzm\u00e1n L\u00f3pez, hijo de \u2018el Chapo\u2019 Guzm\u00e1n. La audiencia del narcotraficante Joaqu\u00edn Guzm\u00e1n L\u00f3pez, l\u00edder de Los Chapitos e hijo de Joaqu\u00edn \u2018el Chapo\u2019 Guzm\u00e1n, fue aplazada. La juez que supervisa el caso, Sharon Johnson Coleman, indic\u00f3 en un documento que vuelve a [&hellip;]<\/p>\n","protected":false},"author":22,"featured_media":103479,"comment_status":"open","ping_status":"open","sticky":false,"template":"","format":"standard","meta":{"tdm_status":"","tdm_grid_status":"","footnotes":""},"categories":[39],"tags":[],"class_list":{"0":"post-121302","1":"post","2":"type-post","3":"status-publish","4":"format-standard","5":"has-post-thumbnail","7":"category-noticias-nacionales"},"yoast_head":"<!-- This site is optimized with the Yoast SEO plugin v27.5 - https:\/\/yoast.com\/product\/yoast-seo-wordpress\/ -->\n<title>\u00a1Otra vez! Posponen en Estados Unidos la audiencia de Joaqu\u00edn Guzm\u00e1n L\u00f3pez - Fuentes Fidedignas<\/title>\n<meta name=\"robots\" content=\"index, follow, max-snippet:-1, max-image-preview:large, max-video-preview:-1\" \/>\n<link rel=\"canonical\" href=\"https:\/\/fuentesfidedignas.com.mx\/index.php\/2025\/11\/10\/otra-vez-posponen-en-estados-unidos-la-audiencia-de-joaquin-guzman-lopez\/\" \/>\n<meta property=\"og:locale\" content=\"es_MX\" \/>\n<meta property=\"og:type\" content=\"article\" \/>\n<meta property=\"og:title\" content=\"\u00a1Otra vez! Posponen en Estados Unidos la audiencia de Joaqu\u00edn Guzm\u00e1n L\u00f3pez - Fuentes Fidedignas\" \/>\n<meta property=\"og:description\" content=\"Por tercera vez una jueza de EE.UU. aplaz\u00f3 la audiencia de Joaqu\u00edn Guzm\u00e1n L\u00f3pez, hijo de \u2018el Chapo\u2019 Guzm\u00e1n. La audiencia del narcotraficante Joaqu\u00edn Guzm\u00e1n L\u00f3pez, l\u00edder de Los Chapitos e hijo de Joaqu\u00edn \u2018el Chapo\u2019 Guzm\u00e1n, fue aplazada. La juez que supervisa el caso, Sharon Johnson Coleman, indic\u00f3 en un documento que vuelve a [&hellip;]\" \/>\n<meta property=\"og:url\" content=\"https:\/\/fuentesfidedignas.com.mx\/index.php\/2025\/11\/10\/otra-vez-posponen-en-estados-unidos-la-audiencia-de-joaquin-guzman-lopez\/\" \/>\n<meta property=\"og:site_name\" content=\"Fuentes Fidedignas\" \/>\n<meta property=\"article:publisher\" content=\"https:\/\/www.facebook.com\/Fuentes-Fidedignas-368234489921644\" \/>\n<meta property=\"article:published_time\" content=\"2025-11-10T19:15:45+00:00\" \/>\n<meta property=\"article:modified_time\" content=\"2025-11-10T19:15:50+00:00\" \/>\n<meta property=\"og:image\" content=\"https:\/\/fuentesfidedignas.com.mx\/wp-content\/uploads\/2025\/03\/Joaquin-Guzman-Lopez.jpg\" \/>\n\t<meta property=\"og:image:width\" content=\"600\" \/>\n\t<meta property=\"og:image:height\" content=\"378\" \/>\n\t<meta property=\"og:image:type\" content=\"image\/jpeg\" \/>\n<meta name=\"author\" content=\"EFE\" \/>\n<meta name=\"twitter:card\" content=\"summary_large_image\" \/>\n<meta name=\"twitter:creator\" content=\"@fidedignas\" \/>\n<meta name=\"twitter:site\" content=\"@fidedignas\" \/>\n<meta name=\"twitter:label1\" content=\"Escrito por\" \/>\n\t<meta name=\"twitter:data1\" content=\"EFE\" \/>\n\t<meta name=\"twitter:label2\" content=\"Tiempo de lectura\" \/>\n\t<meta name=\"twitter:data2\" content=\"2 minutos\" \/>\n<script type=\"application\/ld+json\" class=\"yoast-schema-graph\">{\"@context\":\"https:\\\/\\\/schema.org\",\"@graph\":[{\"@type\":\"Article\",\"@id\":\"https:\\\/\\\/fuentesfidedignas.com.mx\\\/index.php\\\/2025\\\/11\\\/10\\\/otra-vez-posponen-en-estados-unidos-la-audiencia-de-joaquin-guzman-lopez\\\/#article\",\"isPartOf\":{\"@id\":\"https:\\\/\\\/fuentesfidedignas.com.mx\\\/index.php\\\/2025\\\/11\\\/10\\\/otra-vez-posponen-en-estados-unidos-la-audiencia-de-joaquin-guzman-lopez\\\/\"},\"author\":{\"name\":\"EFE\",\"@id\":\"https:\\\/\\\/fuentesfidedignas.com.mx\\\/#\\\/schema\\\/person\\\/0d44615087b5a626d5d3f13afe31ac41\"},\"headline\":\"\u00a1Otra vez! Posponen en Estados Unidos la audiencia de Joaqu\u00edn Guzm\u00e1n L\u00f3pez\",\"datePublished\":\"2025-11-10T19:15:45+00:00\",\"dateModified\":\"2025-11-10T19:15:50+00:00\",\"mainEntityOfPage\":{\"@id\":\"https:\\\/\\\/fuentesfidedignas.com.mx\\\/index.php\\\/2025\\\/11\\\/10\\\/otra-vez-posponen-en-estados-unidos-la-audiencia-de-joaquin-guzman-lopez\\\/\"},\"wordCount\":238,\"commentCount\":0,\"publisher\":{\"@id\":\"https:\\\/\\\/fuentesfidedignas.com.mx\\\/#organization\"},\"image\":{\"@id\":\"https:\\\/\\\/fuentesfidedignas.com.mx\\\/index.php\\\/2025\\\/11\\\/10\\\/otra-vez-posponen-en-estados-unidos-la-audiencia-de-joaquin-guzman-lopez\\\/#primaryimage\"},\"thumbnailUrl\":\"https:\\\/\\\/fuentesfidedignas.com.mx\\\/wp-content\\\/uploads\\\/2025\\\/03\\\/Joaquin-Guzman-Lopez.jpg\",\"articleSection\":[\"NOTICIAS NACIONALES\"],\"inLanguage\":\"es\",\"potentialAction\":[{\"@type\":\"CommentAction\",\"name\":\"Comment\",\"target\":[\"https:\\\/\\\/fuentesfidedignas.com.mx\\\/index.php\\\/2025\\\/11\\\/10\\\/otra-vez-posponen-en-estados-unidos-la-audiencia-de-joaquin-guzman-lopez\\\/#respond\"]}]},{\"@type\":\"WebPage\",\"@id\":\"https:\\\/\\\/fuentesfidedignas.com.mx\\\/index.php\\\/2025\\\/11\\\/10\\\/otra-vez-posponen-en-estados-unidos-la-audiencia-de-joaquin-guzman-lopez\\\/\",\"url\":\"https:\\\/\\\/fuentesfidedignas.com.mx\\\/index.php\\\/2025\\\/11\\\/10\\\/otra-vez-posponen-en-estados-unidos-la-audiencia-de-joaquin-guzman-lopez\\\/\",\"name\":\"\u00a1Otra vez! Posponen en Estados Unidos la audiencia de Joaqu\u00edn Guzm\u00e1n L\u00f3pez - Fuentes Fidedignas\",\"isPartOf\":{\"@id\":\"https:\\\/\\\/fuentesfidedignas.com.mx\\\/#website\"},\"primaryImageOfPage\":{\"@id\":\"https:\\\/\\\/fuentesfidedignas.com.mx\\\/index.php\\\/2025\\\/11\\\/10\\\/otra-vez-posponen-en-estados-unidos-la-audiencia-de-joaquin-guzman-lopez\\\/#primaryimage\"},\"image\":{\"@id\":\"https:\\\/\\\/fuentesfidedignas.com.mx\\\/index.php\\\/2025\\\/11\\\/10\\\/otra-vez-posponen-en-estados-unidos-la-audiencia-de-joaquin-guzman-lopez\\\/#primaryimage\"},\"thumbnailUrl\":\"https:\\\/\\\/fuentesfidedignas.com.mx\\\/wp-content\\\/uploads\\\/2025\\\/03\\\/Joaquin-Guzman-Lopez.jpg\",\"datePublished\":\"2025-11-10T19:15:45+00:00\",\"dateModified\":\"2025-11-10T19:15:50+00:00\",\"breadcrumb\":{\"@id\":\"https:\\\/\\\/fuentesfidedignas.com.mx\\\/index.php\\\/2025\\\/11\\\/10\\\/otra-vez-posponen-en-estados-unidos-la-audiencia-de-joaquin-guzman-lopez\\\/#breadcrumb\"},\"inLanguage\":\"es\",\"potentialAction\":[{\"@type\":\"ReadAction\",\"target\":[\"https:\\\/\\\/fuentesfidedignas.com.mx\\\/index.php\\\/2025\\\/11\\\/10\\\/otra-vez-posponen-en-estados-unidos-la-audiencia-de-joaquin-guzman-lopez\\\/\"]}]},{\"@type\":\"ImageObject\",\"inLanguage\":\"es\",\"@id\":\"https:\\\/\\\/fuentesfidedignas.com.mx\\\/index.php\\\/2025\\\/11\\\/10\\\/otra-vez-posponen-en-estados-unidos-la-audiencia-de-joaquin-guzman-lopez\\\/#primaryimage\",\"url\":\"https:\\\/\\\/fuentesfidedignas.com.mx\\\/wp-content\\\/uploads\\\/2025\\\/03\\\/Joaquin-Guzman-Lopez.jpg\",\"contentUrl\":\"https:\\\/\\\/fuentesfidedignas.com.mx\\\/wp-content\\\/uploads\\\/2025\\\/03\\\/Joaquin-Guzman-Lopez.jpg\",\"width\":600,\"height\":378},{\"@type\":\"BreadcrumbList\",\"@id\":\"https:\\\/\\\/fuentesfidedignas.com.mx\\\/index.php\\\/2025\\\/11\\\/10\\\/otra-vez-posponen-en-estados-unidos-la-audiencia-de-joaquin-guzman-lopez\\\/#breadcrumb\",\"itemListElement\":[{\"@type\":\"ListItem\",\"position\":1,\"name\":\"Inicio\",\"item\":\"https:\\\/\\\/fuentesfidedignas.com.mx\\\/\"},{\"@type\":\"ListItem\",\"position\":2,\"name\":\"\u00a1Otra vez! Posponen en Estados Unidos la audiencia de Joaqu\u00edn Guzm\u00e1n L\u00f3pez\"}]},{\"@type\":\"WebSite\",\"@id\":\"https:\\\/\\\/fuentesfidedignas.com.mx\\\/#website\",\"url\":\"https:\\\/\\\/fuentesfidedignas.com.mx\\\/\",\"name\":\"Fuentes Fidedignas\",\"description\":\"Otro sitio realizado con WordPress\",\"publisher\":{\"@id\":\"https:\\\/\\\/fuentesfidedignas.com.mx\\\/#organization\"},\"potentialAction\":[{\"@type\":\"SearchAction\",\"target\":{\"@type\":\"EntryPoint\",\"urlTemplate\":\"https:\\\/\\\/fuentesfidedignas.com.mx\\\/?s={search_term_string}\"},\"query-input\":{\"@type\":\"PropertyValueSpecification\",\"valueRequired\":true,\"valueName\":\"search_term_string\"}}],\"inLanguage\":\"es\"},{\"@type\":\"Organization\",\"@id\":\"https:\\\/\\\/fuentesfidedignas.com.mx\\\/#organization\",\"name\":\"Fuentes Fidedignas\",\"url\":\"https:\\\/\\\/fuentesfidedignas.com.mx\\\/\",\"logo\":{\"@type\":\"ImageObject\",\"inLanguage\":\"es\",\"@id\":\"https:\\\/\\\/fuentesfidedignas.com.mx\\\/#\\\/schema\\\/logo\\\/image\\\/\",\"url\":\"https:\\\/\\\/fuentesfidedignas.com.mx\\\/wp-content\\\/uploads\\\/2021\\\/04\\\/logo-retina.png\",\"contentUrl\":\"https:\\\/\\\/fuentesfidedignas.com.mx\\\/wp-content\\\/uploads\\\/2021\\\/04\\\/logo-retina.png\",\"width\":280,\"height\":51,\"caption\":\"Fuentes Fidedignas\"},\"image\":{\"@id\":\"https:\\\/\\\/fuentesfidedignas.com.mx\\\/#\\\/schema\\\/logo\\\/image\\\/\"},\"sameAs\":[\"https:\\\/\\\/www.facebook.com\\\/Fuentes-Fidedignas-368234489921644\",\"https:\\\/\\\/x.com\\\/fidedignas\"]},{\"@type\":\"Person\",\"@id\":\"https:\\\/\\\/fuentesfidedignas.com.mx\\\/#\\\/schema\\\/person\\\/0d44615087b5a626d5d3f13afe31ac41\",\"name\":\"EFE\",\"image\":{\"@type\":\"ImageObject\",\"inLanguage\":\"es\",\"@id\":\"https:\\\/\\\/secure.gravatar.com\\\/avatar\\\/7048c2d9b569d9bed55bb53ad23821e6e047aa66338fb6ea9868627bbb9f54e8?s=96&d=mm&r=g\",\"url\":\"https:\\\/\\\/secure.gravatar.com\\\/avatar\\\/7048c2d9b569d9bed55bb53ad23821e6e047aa66338fb6ea9868627bbb9f54e8?s=96&d=mm&r=g\",\"contentUrl\":\"https:\\\/\\\/secure.gravatar.com\\\/avatar\\\/7048c2d9b569d9bed55bb53ad23821e6e047aa66338fb6ea9868627bbb9f54e8?s=96&d=mm&r=g\",\"caption\":\"EFE\"},\"url\":\"https:\\\/\\\/fuentesfidedignas.com.mx\\\/index.php\\\/author\\\/efe\\\/\"}]}<\/script>\n<!-- \/ Yoast SEO plugin. -->","yoast_head_json":{"title":"\u00a1Otra vez! Posponen en Estados Unidos la audiencia de Joaqu\u00edn Guzm\u00e1n L\u00f3pez - Fuentes Fidedignas","robots":{"index":"index","follow":"follow","max-snippet":"max-snippet:-1","max-image-preview":"max-image-preview:large","max-video-preview":"max-video-preview:-1"},"canonical":"https:\/\/fuentesfidedignas.com.mx\/index.php\/2025\/11\/10\/otra-vez-posponen-en-estados-unidos-la-audiencia-de-joaquin-guzman-lopez\/","og_locale":"es_MX","og_type":"article","og_title":"\u00a1Otra vez! Posponen en Estados Unidos la audiencia de Joaqu\u00edn Guzm\u00e1n L\u00f3pez - Fuentes Fidedignas","og_description":"Por tercera vez una jueza de EE.UU. aplaz\u00f3 la audiencia de Joaqu\u00edn Guzm\u00e1n L\u00f3pez, hijo de \u2018el Chapo\u2019 Guzm\u00e1n. La audiencia del narcotraficante Joaqu\u00edn Guzm\u00e1n L\u00f3pez, l\u00edder de Los Chapitos e hijo de Joaqu\u00edn \u2018el Chapo\u2019 Guzm\u00e1n, fue aplazada. La juez que supervisa el caso, Sharon Johnson Coleman, indic\u00f3 en un documento que vuelve a [&hellip;]","og_url":"https:\/\/fuentesfidedignas.com.mx\/index.php\/2025\/11\/10\/otra-vez-posponen-en-estados-unidos-la-audiencia-de-joaquin-guzman-lopez\/","og_site_name":"Fuentes Fidedignas","article_publisher":"https:\/\/www.facebook.com\/Fuentes-Fidedignas-368234489921644","article_published_time":"2025-11-10T19:15:45+00:00","article_modified_time":"2025-11-10T19:15:50+00:00","og_image":[{"width":600,"height":378,"url":"https:\/\/fuentesfidedignas.com.mx\/wp-content\/uploads\/2025\/03\/Joaquin-Guzman-Lopez.jpg","type":"image\/jpeg"}],"author":"EFE","twitter_card":"summary_large_image","twitter_creator":"@fidedignas","twitter_site":"@fidedignas","twitter_misc":{"Escrito por":"EFE","Tiempo de lectura":"2 minutos"},"schema":{"@context":"https:\/\/schema.org","@graph":[{"@type":"Article","@id":"https:\/\/fuentesfidedignas.com.mx\/index.php\/2025\/11\/10\/otra-vez-posponen-en-estados-unidos-la-audiencia-de-joaquin-guzman-lopez\/#article","isPartOf":{"@id":"https:\/\/fuentesfidedignas.com.mx\/index.php\/2025\/11\/10\/otra-vez-posponen-en-estados-unidos-la-audiencia-de-joaquin-guzman-lopez\/"},"author":{"name":"EFE","@id":"https:\/\/fuentesfidedignas.com.mx\/#\/schema\/person\/0d44615087b5a626d5d3f13afe31ac41"},"headline":"\u00a1Otra vez! Posponen en Estados Unidos la audiencia de Joaqu\u00edn Guzm\u00e1n L\u00f3pez","datePublished":"2025-11-10T19:15:45+00:00","dateModified":"2025-11-10T19:15:50+00:00","mainEntityOfPage":{"@id":"https:\/\/fuentesfidedignas.com.mx\/index.php\/2025\/11\/10\/otra-vez-posponen-en-estados-unidos-la-audiencia-de-joaquin-guzman-lopez\/"},"wordCount":238,"commentCount":0,"publisher":{"@id":"https:\/\/fuentesfidedignas.com.mx\/#organization"},"image":{"@id":"https:\/\/fuentesfidedignas.com.mx\/index.php\/2025\/11\/10\/otra-vez-posponen-en-estados-unidos-la-audiencia-de-joaquin-guzman-lopez\/#primaryimage"},"thumbnailUrl":"https:\/\/fuentesfidedignas.com.mx\/wp-content\/uploads\/2025\/03\/Joaquin-Guzman-Lopez.jpg","articleSection":["NOTICIAS NACIONALES"],"inLanguage":"es","potentialAction":[{"@type":"CommentAction","name":"Comment","target":["https:\/\/fuentesfidedignas.com.mx\/index.php\/2025\/11\/10\/otra-vez-posponen-en-estados-unidos-la-audiencia-de-joaquin-guzman-lopez\/#respond"]}]},{"@type":"WebPage","@id":"https:\/\/fuentesfidedignas.com.mx\/index.php\/2025\/11\/10\/otra-vez-posponen-en-estados-unidos-la-audiencia-de-joaquin-guzman-lopez\/","url":"https:\/\/fuentesfidedignas.com.mx\/index.php\/2025\/11\/10\/otra-vez-posponen-en-estados-unidos-la-audiencia-de-joaquin-guzman-lopez\/","name":"\u00a1Otra vez! Posponen en Estados Unidos la audiencia de Joaqu\u00edn Guzm\u00e1n L\u00f3pez - Fuentes Fidedignas","isPartOf":{"@id":"https:\/\/fuentesfidedignas.com.mx\/#website"},"primaryImageOfPage":{"@id":"https:\/\/fuentesfidedignas.com.mx\/index.php\/2025\/11\/10\/otra-vez-posponen-en-estados-unidos-la-audiencia-de-joaquin-guzman-lopez\/#primaryimage"},"image":{"@id":"https:\/\/fuentesfidedignas.com.mx\/index.php\/2025\/11\/10\/otra-vez-posponen-en-estados-unidos-la-audiencia-de-joaquin-guzman-lopez\/#primaryimage"},"thumbnailUrl":"https:\/\/fuentesfidedignas.com.mx\/wp-content\/uploads\/2025\/03\/Joaquin-Guzman-Lopez.jpg","datePublished":"2025-11-10T19:15:45+00:00","dateModified":"2025-11-10T19:15:50+00:00","breadcrumb":{"@id":"https:\/\/fuentesfidedignas.com.mx\/index.php\/2025\/11\/10\/otra-vez-posponen-en-estados-unidos-la-audiencia-de-joaquin-guzman-lopez\/#breadcrumb"},"inLanguage":"es","potentialAction":[{"@type":"ReadAction","target":["https:\/\/fuentesfidedignas.com.mx\/index.php\/2025\/11\/10\/otra-vez-posponen-en-estados-unidos-la-audiencia-de-joaquin-guzman-lopez\/"]}]},{"@type":"ImageObject","inLanguage":"es","@id":"https:\/\/fuentesfidedignas.com.mx\/index.php\/2025\/11\/10\/otra-vez-posponen-en-estados-unidos-la-audiencia-de-joaquin-guzman-lopez\/#primaryimage","url":"https:\/\/fuentesfidedignas.com.mx\/wp-content\/uploads\/2025\/03\/Joaquin-Guzman-Lopez.jpg","contentUrl":"https:\/\/fuentesfidedignas.com.mx\/wp-content\/uploads\/2025\/03\/Joaquin-Guzman-Lopez.jpg","width":600,"height":378},{"@type":"BreadcrumbList","@id":"https:\/\/fuentesfidedignas.com.mx\/index.php\/2025\/11\/10\/otra-vez-posponen-en-estados-unidos-la-audiencia-de-joaquin-guzman-lopez\/#breadcrumb","itemListElement":[{"@type":"ListItem","position":1,"name":"Inicio","item":"https:\/\/fuentesfidedignas.com.mx\/"},{"@type":"ListItem","position":2,"name":"\u00a1Otra vez! Posponen en Estados Unidos la audiencia de Joaqu\u00edn Guzm\u00e1n L\u00f3pez"}]},{"@type":"WebSite","@id":"https:\/\/fuentesfidedignas.com.mx\/#website","url":"https:\/\/fuentesfidedignas.com.mx\/","name":"Fuentes Fidedignas","description":"Otro sitio realizado con WordPress","publisher":{"@id":"https:\/\/fuentesfidedignas.com.mx\/#organization"},"potentialAction":[{"@type":"SearchAction","target":{"@type":"EntryPoint","urlTemplate":"https:\/\/fuentesfidedignas.com.mx\/?s={search_term_string}"},"query-input":{"@type":"PropertyValueSpecification","valueRequired":true,"valueName":"search_term_string"}}],"inLanguage":"es"},{"@type":"Organization","@id":"https:\/\/fuentesfidedignas.com.mx\/#organization","name":"Fuentes Fidedignas","url":"https:\/\/fuentesfidedignas.com.mx\/","logo":{"@type":"ImageObject","inLanguage":"es","@id":"https:\/\/fuentesfidedignas.com.mx\/#\/schema\/logo\/image\/","url":"https:\/\/fuentesfidedignas.com.mx\/wp-content\/uploads\/2021\/04\/logo-retina.png","contentUrl":"https:\/\/fuentesfidedignas.com.mx\/wp-content\/uploads\/2021\/04\/logo-retina.png","width":280,"height":51,"caption":"Fuentes Fidedignas"},"image":{"@id":"https:\/\/fuentesfidedignas.com.mx\/#\/schema\/logo\/image\/"},"sameAs":["https:\/\/www.facebook.com\/Fuentes-Fidedignas-368234489921644","https:\/\/x.com\/fidedignas"]},{"@type":"Person","@id":"https:\/\/fuentesfidedignas.com.mx\/#\/schema\/person\/0d44615087b5a626d5d3f13afe31ac41","name":"EFE","image":{"@type":"ImageObject","inLanguage":"es","@id":"https:\/\/secure.gravatar.com\/avatar\/7048c2d9b569d9bed55bb53ad23821e6e047aa66338fb6ea9868627bbb9f54e8?s=96&d=mm&r=g","url":"https:\/\/secure.gravatar.com\/avatar\/7048c2d9b569d9bed55bb53ad23821e6e047aa66338fb6ea9868627bbb9f54e8?s=96&d=mm&r=g","contentUrl":"https:\/\/secure.gravatar.com\/avatar\/7048c2d9b569d9bed55bb53ad23821e6e047aa66338fb6ea9868627bbb9f54e8?s=96&d=mm&r=g","caption":"EFE"},"url":"https:\/\/fuentesfidedignas.com.mx\/index.php\/author\/efe\/"}]}},"_links":{"self":[{"href":"https:\/\/fuentesfidedignas.com.mx\/index.php\/wp-json\/wp\/v2\/posts\/121302","targetHints":{"allow":["GET"]}}],"collection":[{"href":"https:\/\/fuentesfidedignas.com.mx\/index.php\/wp-json\/wp\/v2\/posts"}],"about":[{"href":"https:\/\/fuentesfidedignas.com.mx\/index.php\/wp-json\/wp\/v2\/types\/post"}],"author":[{"embeddable":true,"href":"https:\/\/fuentesfidedignas.com.mx\/index.php\/wp-json\/wp\/v2\/users\/22"}],"replies":[{"embeddable":true,"href":"https:\/\/fuentesfidedignas.com.mx\/index.php\/wp-json\/wp\/v2\/comments?post=121302"}],"version-history":[{"count":1,"href":"https:\/\/fuentesfidedignas.com.mx\/index.php\/wp-json\/wp\/v2\/posts\/121302\/revisions"}],"predecessor-version":[{"id":121303,"href":"https:\/\/fuentesfidedignas.com.mx\/index.php\/wp-json\/wp\/v2\/posts\/121302\/revisions\/121303"}],"wp:featuredmedia":[{"embeddable":true,"href":"https:\/\/fuentesfidedignas.com.mx\/index.php\/wp-json\/wp\/v2\/media\/103479"}],"wp:attachment":[{"href":"https:\/\/fuentesfidedignas.com.mx\/index.php\/wp-json\/wp\/v2\/media?parent=121302"}],"wp:term":[{"taxonomy":"category","embeddable":true,"href":"https:\/\/fuentesfidedignas.com.mx\/index.php\/wp-json\/wp\/v2\/categories?post=121302"},{"taxonomy":"post_tag","embeddable":true,"href":"https:\/\/fuentesfidedignas.com.mx\/index.php\/wp-json\/wp\/v2\/tags?post=121302"}],"curies":[{"name":"wp","href":"https:\/\/api.w.org\/{rel}","templated":true}]}}