{"id":121221,"date":"2025-11-09T13:12:40","date_gmt":"2025-11-09T20:12:40","guid":{"rendered":"https:\/\/fuentesfidedignas.com.mx\/?p=121221"},"modified":"2025-11-09T13:12:43","modified_gmt":"2025-11-09T20:12:43","slug":"julio-verne-logocomic-y-la-imaginacion-que-nos-sostiene","status":"publish","type":"post","link":"https:\/\/fuentesfidedignas.com.mx\/index.php\/2025\/11\/09\/julio-verne-logocomic-y-la-imaginacion-que-nos-sostiene\/","title":{"rendered":"Julio Verne, LogoC\u00f3mic y la imaginaci\u00f3n que nos sostiene"},"content":{"rendered":"\n<p>A veces vale la pena volver atr\u00e1s. No para quedarse all\u00ed, sino para recordar de qu\u00e9 est\u00e1 hecha la ra\u00edz. Recientemente encontr\u00e9 uno de los primeros videos que sub\u00ed a LogoC\u00f3mic: una pieza sencilla, grabada en 2017, donde hablo de Julio Verne y de su legado para la ciencia ficci\u00f3n moderna. Apenas 73 visualizaciones. Una c\u00e1mara modesta. Un ni\u00f1o explicando con emoci\u00f3n lo que amaba.<br>Y, sin embargo, ah\u00ed est\u00e1 todo.<br>Verne fue el escritor que entendi\u00f3 que el futuro no se predice: se imagina. Fue el hombre que dise\u00f1\u00f3 submarinos antes de que existieran, que so\u00f1\u00f3 viajes a la luna un siglo antes de que fueran posibles, que convirti\u00f3 la literatura en ingenier\u00eda de mundos.<br>Pero tambi\u00e9n fue un hombre que, como algunos de nosotros, estudi\u00f3 matem\u00e1ticas.<br>Esa coincidencia, que podr\u00eda parecer anecd\u00f3tica, termin\u00f3 siendo un puente personal: descubr\u00ed que la imaginaci\u00f3n tambi\u00e9n es estructura, proporci\u00f3n, l\u00f3gica y salto al vac\u00edo. Que so\u00f1ar no es una huida, sino una construcci\u00f3n.<br>Cuando grab\u00e9 aquel video, yo no sab\u00eda todav\u00eda que LogoC\u00f3mic se convertir\u00eda en una especie de trinchera cultural, un espacio para leer, conversar, explicar, acercar la cultura a quien quisiera acompa\u00f1arla. No sab\u00eda que ese peque\u00f1o gesto \u2014hablar de Verne frente a una c\u00e1mara\u2014 era tambi\u00e9n una declaraci\u00f3n de sentido: creer que la cultura puede ser compartida, que puede tocar, que puede cambiar.<br>Porque lo que sigue sosteniendo a LogoC\u00f3mic no es la producci\u00f3n, la edici\u00f3n o la t\u00e9cnica.<br>Es la convicci\u00f3n de que la palabra tiene todav\u00eda el poder de abrir ventanas.<br>Y eso importa a\u00fan m\u00e1s en un pa\u00eds \u2014en una ciudad\u2014 donde muchas veces la realidad se cierra sobre nosotros como un cielo bajo.<br>Donde pareciera que lo urgente devora lo importante.<br>Donde hablar de libros, arte, ciencia o historia puede sonar \u201cinnecesario\u201d para quienes confunden sobrevivir con vivir.<br>Por eso revisitar ese video no es un ejercicio de nostalgia: es un recordatorio de misi\u00f3n.<br>Julio Verne imagin\u00f3 lo que a\u00fan no exist\u00eda.<br>LogoC\u00f3mic intenta algo parecido: imaginar una conversaci\u00f3n p\u00fablica donde la cultura sea puente y no adorno, donde el conocimiento sea abrazo y no \u00e9lite.<br>En tiempos donde la velocidad todo lo arrasa, detenerse a pensar, a leer, a conversar, es casi un acto pol\u00edtico.<br>No un acto partidista, sino profundamente humano.<br>Verne escribi\u00f3 una vez: \u201cTodo lo que una persona puede imaginar, otra lo puede hacer realidad.\u201d<br>Ah\u00ed est\u00e1 el centro de todo.<br>Ah\u00ed est\u00e1 la raz\u00f3n por la que seguimos.<br>Por eso comparto ese video antiguo, imperfecto, honesto.<br>Porque recordarnos de d\u00f3nde venimos nos ayuda a decidir hacia d\u00f3nde vamos.<br>Porque no hay proyecto cultural que no tenga una chispa inicial.<br>Porque la imaginaci\u00f3n, cuando es verdadera, no se extingue: solo cambia de forma.<br>Y porque a\u00fan quedan viajes por hacer.<\/p>\n\n\n\n<figure class=\"wp-block-embed is-type-video is-provider-youtube wp-block-embed-youtube wp-embed-aspect-16-9 wp-has-aspect-ratio\"><div class=\"wp-block-embed__wrapper\">\n<iframe loading=\"lazy\" title=\"Logo Comic Habla Sobre Julio Verne Y Su Legado A La Ciencia Ficcion Moderna.\" width=\"696\" height=\"392\" src=\"https:\/\/www.youtube.com\/embed\/JANsmkG4taE?feature=oembed\" frameborder=\"0\" allow=\"accelerometer; autoplay; clipboard-write; encrypted-media; gyroscope; picture-in-picture; web-share\" referrerpolicy=\"strict-origin-when-cross-origin\" allowfullscreen><\/iframe>\n<\/div><\/figure>\n","protected":false},"excerpt":{"rendered":"<p>A veces vale la pena volver atr\u00e1s. No para quedarse all\u00ed, sino para recordar de qu\u00e9 est\u00e1 hecha la ra\u00edz. Recientemente encontr\u00e9 uno de los primeros videos que sub\u00ed a LogoC\u00f3mic: una pieza sencilla, grabada en 2017, donde hablo de Julio Verne y de su legado para la ciencia ficci\u00f3n moderna. Apenas 73 visualizaciones. Una [&hellip;]<\/p>\n","protected":false},"author":139,"featured_media":121222,"comment_status":"open","ping_status":"open","sticky":false,"template":"","format":"standard","meta":{"tdm_status":"","tdm_grid_status":"","footnotes":""},"categories":[307],"tags":[],"class_list":{"0":"post-121221","1":"post","2":"type-post","3":"status-publish","4":"format-standard","5":"has-post-thumbnail","7":"category-ruleteando"},"yoast_head":"<!-- This site is optimized with the Yoast SEO plugin v27.5 - https:\/\/yoast.com\/product\/yoast-seo-wordpress\/ -->\n<title>Julio Verne, LogoC\u00f3mic y la imaginaci\u00f3n que nos sostiene - Fuentes Fidedignas<\/title>\n<meta name=\"robots\" content=\"index, follow, max-snippet:-1, max-image-preview:large, max-video-preview:-1\" \/>\n<link rel=\"canonical\" href=\"https:\/\/fuentesfidedignas.com.mx\/index.php\/2025\/11\/09\/julio-verne-logocomic-y-la-imaginacion-que-nos-sostiene\/\" \/>\n<meta property=\"og:locale\" content=\"es_MX\" \/>\n<meta property=\"og:type\" content=\"article\" \/>\n<meta property=\"og:title\" content=\"Julio Verne, LogoC\u00f3mic y la imaginaci\u00f3n que nos sostiene - Fuentes Fidedignas\" \/>\n<meta property=\"og:description\" content=\"A veces vale la pena volver atr\u00e1s. No para quedarse all\u00ed, sino para recordar de qu\u00e9 est\u00e1 hecha la ra\u00edz. Recientemente encontr\u00e9 uno de los primeros videos que sub\u00ed a LogoC\u00f3mic: una pieza sencilla, grabada en 2017, donde hablo de Julio Verne y de su legado para la ciencia ficci\u00f3n moderna. Apenas 73 visualizaciones. Una [&hellip;]\" \/>\n<meta property=\"og:url\" content=\"https:\/\/fuentesfidedignas.com.mx\/index.php\/2025\/11\/09\/julio-verne-logocomic-y-la-imaginacion-que-nos-sostiene\/\" \/>\n<meta property=\"og:site_name\" content=\"Fuentes Fidedignas\" \/>\n<meta property=\"article:publisher\" content=\"https:\/\/www.facebook.com\/Fuentes-Fidedignas-368234489921644\" \/>\n<meta property=\"article:published_time\" content=\"2025-11-09T20:12:40+00:00\" \/>\n<meta property=\"article:modified_time\" content=\"2025-11-09T20:12:43+00:00\" \/>\n<meta property=\"og:image\" content=\"https:\/\/fuentesfidedignas.com.mx\/wp-content\/uploads\/2025\/11\/logo_0911.jpg\" \/>\n\t<meta property=\"og:image:width\" content=\"690\" \/>\n\t<meta property=\"og:image:height\" content=\"385\" \/>\n\t<meta property=\"og:image:type\" content=\"image\/jpeg\" \/>\n<meta name=\"author\" content=\"Luis \u00c1ngel Rivera Ayala\" \/>\n<meta name=\"twitter:card\" content=\"summary_large_image\" \/>\n<meta name=\"twitter:creator\" content=\"@fidedignas\" \/>\n<meta name=\"twitter:site\" content=\"@fidedignas\" \/>\n<meta name=\"twitter:label1\" content=\"Escrito por\" \/>\n\t<meta name=\"twitter:data1\" content=\"Luis \u00c1ngel Rivera Ayala\" \/>\n\t<meta name=\"twitter:label2\" content=\"Tiempo de lectura\" \/>\n\t<meta name=\"twitter:data2\" content=\"3 minutos\" \/>\n<script type=\"application\/ld+json\" class=\"yoast-schema-graph\">{\"@context\":\"https:\\\/\\\/schema.org\",\"@graph\":[{\"@type\":\"Article\",\"@id\":\"https:\\\/\\\/fuentesfidedignas.com.mx\\\/index.php\\\/2025\\\/11\\\/09\\\/julio-verne-logocomic-y-la-imaginacion-que-nos-sostiene\\\/#article\",\"isPartOf\":{\"@id\":\"https:\\\/\\\/fuentesfidedignas.com.mx\\\/index.php\\\/2025\\\/11\\\/09\\\/julio-verne-logocomic-y-la-imaginacion-que-nos-sostiene\\\/\"},\"author\":{\"name\":\"Luis \u00c1ngel Rivera Ayala\",\"@id\":\"https:\\\/\\\/fuentesfidedignas.com.mx\\\/#\\\/schema\\\/person\\\/a4e2898d4dca7bbeb0a2f77bb90f4817\"},\"headline\":\"Julio Verne, LogoC\u00f3mic y la imaginaci\u00f3n que nos sostiene\",\"datePublished\":\"2025-11-09T20:12:40+00:00\",\"dateModified\":\"2025-11-09T20:12:43+00:00\",\"mainEntityOfPage\":{\"@id\":\"https:\\\/\\\/fuentesfidedignas.com.mx\\\/index.php\\\/2025\\\/11\\\/09\\\/julio-verne-logocomic-y-la-imaginacion-que-nos-sostiene\\\/\"},\"wordCount\":523,\"commentCount\":0,\"publisher\":{\"@id\":\"https:\\\/\\\/fuentesfidedignas.com.mx\\\/#organization\"},\"image\":{\"@id\":\"https:\\\/\\\/fuentesfidedignas.com.mx\\\/index.php\\\/2025\\\/11\\\/09\\\/julio-verne-logocomic-y-la-imaginacion-que-nos-sostiene\\\/#primaryimage\"},\"thumbnailUrl\":\"https:\\\/\\\/fuentesfidedignas.com.mx\\\/wp-content\\\/uploads\\\/2025\\\/11\\\/logo_0911.jpg\",\"articleSection\":[\"RULETEANDO\"],\"inLanguage\":\"es\",\"potentialAction\":[{\"@type\":\"CommentAction\",\"name\":\"Comment\",\"target\":[\"https:\\\/\\\/fuentesfidedignas.com.mx\\\/index.php\\\/2025\\\/11\\\/09\\\/julio-verne-logocomic-y-la-imaginacion-que-nos-sostiene\\\/#respond\"]}]},{\"@type\":\"WebPage\",\"@id\":\"https:\\\/\\\/fuentesfidedignas.com.mx\\\/index.php\\\/2025\\\/11\\\/09\\\/julio-verne-logocomic-y-la-imaginacion-que-nos-sostiene\\\/\",\"url\":\"https:\\\/\\\/fuentesfidedignas.com.mx\\\/index.php\\\/2025\\\/11\\\/09\\\/julio-verne-logocomic-y-la-imaginacion-que-nos-sostiene\\\/\",\"name\":\"Julio Verne, LogoC\u00f3mic y la imaginaci\u00f3n que nos sostiene - Fuentes Fidedignas\",\"isPartOf\":{\"@id\":\"https:\\\/\\\/fuentesfidedignas.com.mx\\\/#website\"},\"primaryImageOfPage\":{\"@id\":\"https:\\\/\\\/fuentesfidedignas.com.mx\\\/index.php\\\/2025\\\/11\\\/09\\\/julio-verne-logocomic-y-la-imaginacion-que-nos-sostiene\\\/#primaryimage\"},\"image\":{\"@id\":\"https:\\\/\\\/fuentesfidedignas.com.mx\\\/index.php\\\/2025\\\/11\\\/09\\\/julio-verne-logocomic-y-la-imaginacion-que-nos-sostiene\\\/#primaryimage\"},\"thumbnailUrl\":\"https:\\\/\\\/fuentesfidedignas.com.mx\\\/wp-content\\\/uploads\\\/2025\\\/11\\\/logo_0911.jpg\",\"datePublished\":\"2025-11-09T20:12:40+00:00\",\"dateModified\":\"2025-11-09T20:12:43+00:00\",\"breadcrumb\":{\"@id\":\"https:\\\/\\\/fuentesfidedignas.com.mx\\\/index.php\\\/2025\\\/11\\\/09\\\/julio-verne-logocomic-y-la-imaginacion-que-nos-sostiene\\\/#breadcrumb\"},\"inLanguage\":\"es\",\"potentialAction\":[{\"@type\":\"ReadAction\",\"target\":[\"https:\\\/\\\/fuentesfidedignas.com.mx\\\/index.php\\\/2025\\\/11\\\/09\\\/julio-verne-logocomic-y-la-imaginacion-que-nos-sostiene\\\/\"]}]},{\"@type\":\"ImageObject\",\"inLanguage\":\"es\",\"@id\":\"https:\\\/\\\/fuentesfidedignas.com.mx\\\/index.php\\\/2025\\\/11\\\/09\\\/julio-verne-logocomic-y-la-imaginacion-que-nos-sostiene\\\/#primaryimage\",\"url\":\"https:\\\/\\\/fuentesfidedignas.com.mx\\\/wp-content\\\/uploads\\\/2025\\\/11\\\/logo_0911.jpg\",\"contentUrl\":\"https:\\\/\\\/fuentesfidedignas.com.mx\\\/wp-content\\\/uploads\\\/2025\\\/11\\\/logo_0911.jpg\",\"width\":690,\"height\":385},{\"@type\":\"BreadcrumbList\",\"@id\":\"https:\\\/\\\/fuentesfidedignas.com.mx\\\/index.php\\\/2025\\\/11\\\/09\\\/julio-verne-logocomic-y-la-imaginacion-que-nos-sostiene\\\/#breadcrumb\",\"itemListElement\":[{\"@type\":\"ListItem\",\"position\":1,\"name\":\"Inicio\",\"item\":\"https:\\\/\\\/fuentesfidedignas.com.mx\\\/\"},{\"@type\":\"ListItem\",\"position\":2,\"name\":\"Julio Verne, LogoC\u00f3mic y la imaginaci\u00f3n que nos sostiene\"}]},{\"@type\":\"WebSite\",\"@id\":\"https:\\\/\\\/fuentesfidedignas.com.mx\\\/#website\",\"url\":\"https:\\\/\\\/fuentesfidedignas.com.mx\\\/\",\"name\":\"Fuentes Fidedignas\",\"description\":\"Otro sitio realizado con WordPress\",\"publisher\":{\"@id\":\"https:\\\/\\\/fuentesfidedignas.com.mx\\\/#organization\"},\"potentialAction\":[{\"@type\":\"SearchAction\",\"target\":{\"@type\":\"EntryPoint\",\"urlTemplate\":\"https:\\\/\\\/fuentesfidedignas.com.mx\\\/?s={search_term_string}\"},\"query-input\":{\"@type\":\"PropertyValueSpecification\",\"valueRequired\":true,\"valueName\":\"search_term_string\"}}],\"inLanguage\":\"es\"},{\"@type\":\"Organization\",\"@id\":\"https:\\\/\\\/fuentesfidedignas.com.mx\\\/#organization\",\"name\":\"Fuentes Fidedignas\",\"url\":\"https:\\\/\\\/fuentesfidedignas.com.mx\\\/\",\"logo\":{\"@type\":\"ImageObject\",\"inLanguage\":\"es\",\"@id\":\"https:\\\/\\\/fuentesfidedignas.com.mx\\\/#\\\/schema\\\/logo\\\/image\\\/\",\"url\":\"https:\\\/\\\/fuentesfidedignas.com.mx\\\/wp-content\\\/uploads\\\/2021\\\/04\\\/logo-retina.png\",\"contentUrl\":\"https:\\\/\\\/fuentesfidedignas.com.mx\\\/wp-content\\\/uploads\\\/2021\\\/04\\\/logo-retina.png\",\"width\":280,\"height\":51,\"caption\":\"Fuentes Fidedignas\"},\"image\":{\"@id\":\"https:\\\/\\\/fuentesfidedignas.com.mx\\\/#\\\/schema\\\/logo\\\/image\\\/\"},\"sameAs\":[\"https:\\\/\\\/www.facebook.com\\\/Fuentes-Fidedignas-368234489921644\",\"https:\\\/\\\/x.com\\\/fidedignas\"]},{\"@type\":\"Person\",\"@id\":\"https:\\\/\\\/fuentesfidedignas.com.mx\\\/#\\\/schema\\\/person\\\/a4e2898d4dca7bbeb0a2f77bb90f4817\",\"name\":\"Luis \u00c1ngel Rivera Ayala\",\"image\":{\"@type\":\"ImageObject\",\"inLanguage\":\"es\",\"@id\":\"https:\\\/\\\/fuentesfidedignas.com.mx\\\/wp-content\\\/uploads\\\/2025\\\/02\\\/Luis_Angel-2025-removebg-preview-150x150.png\",\"url\":\"https:\\\/\\\/fuentesfidedignas.com.mx\\\/wp-content\\\/uploads\\\/2025\\\/02\\\/Luis_Angel-2025-removebg-preview-150x150.png\",\"contentUrl\":\"https:\\\/\\\/fuentesfidedignas.com.mx\\\/wp-content\\\/uploads\\\/2025\\\/02\\\/Luis_Angel-2025-removebg-preview-150x150.png\",\"caption\":\"Luis \u00c1ngel Rivera Ayala\"},\"url\":\"https:\\\/\\\/fuentesfidedignas.com.mx\\\/index.php\\\/author\\\/luisar\\\/\"}]}<\/script>\n<!-- \/ Yoast SEO plugin. -->","yoast_head_json":{"title":"Julio Verne, LogoC\u00f3mic y la imaginaci\u00f3n que nos sostiene - Fuentes Fidedignas","robots":{"index":"index","follow":"follow","max-snippet":"max-snippet:-1","max-image-preview":"max-image-preview:large","max-video-preview":"max-video-preview:-1"},"canonical":"https:\/\/fuentesfidedignas.com.mx\/index.php\/2025\/11\/09\/julio-verne-logocomic-y-la-imaginacion-que-nos-sostiene\/","og_locale":"es_MX","og_type":"article","og_title":"Julio Verne, LogoC\u00f3mic y la imaginaci\u00f3n que nos sostiene - Fuentes Fidedignas","og_description":"A veces vale la pena volver atr\u00e1s. No para quedarse all\u00ed, sino para recordar de qu\u00e9 est\u00e1 hecha la ra\u00edz. Recientemente encontr\u00e9 uno de los primeros videos que sub\u00ed a LogoC\u00f3mic: una pieza sencilla, grabada en 2017, donde hablo de Julio Verne y de su legado para la ciencia ficci\u00f3n moderna. Apenas 73 visualizaciones. Una [&hellip;]","og_url":"https:\/\/fuentesfidedignas.com.mx\/index.php\/2025\/11\/09\/julio-verne-logocomic-y-la-imaginacion-que-nos-sostiene\/","og_site_name":"Fuentes Fidedignas","article_publisher":"https:\/\/www.facebook.com\/Fuentes-Fidedignas-368234489921644","article_published_time":"2025-11-09T20:12:40+00:00","article_modified_time":"2025-11-09T20:12:43+00:00","og_image":[{"width":690,"height":385,"url":"https:\/\/fuentesfidedignas.com.mx\/wp-content\/uploads\/2025\/11\/logo_0911.jpg","type":"image\/jpeg"}],"author":"Luis \u00c1ngel Rivera Ayala","twitter_card":"summary_large_image","twitter_creator":"@fidedignas","twitter_site":"@fidedignas","twitter_misc":{"Escrito por":"Luis \u00c1ngel Rivera Ayala","Tiempo de lectura":"3 minutos"},"schema":{"@context":"https:\/\/schema.org","@graph":[{"@type":"Article","@id":"https:\/\/fuentesfidedignas.com.mx\/index.php\/2025\/11\/09\/julio-verne-logocomic-y-la-imaginacion-que-nos-sostiene\/#article","isPartOf":{"@id":"https:\/\/fuentesfidedignas.com.mx\/index.php\/2025\/11\/09\/julio-verne-logocomic-y-la-imaginacion-que-nos-sostiene\/"},"author":{"name":"Luis \u00c1ngel Rivera Ayala","@id":"https:\/\/fuentesfidedignas.com.mx\/#\/schema\/person\/a4e2898d4dca7bbeb0a2f77bb90f4817"},"headline":"Julio Verne, LogoC\u00f3mic y la imaginaci\u00f3n que nos sostiene","datePublished":"2025-11-09T20:12:40+00:00","dateModified":"2025-11-09T20:12:43+00:00","mainEntityOfPage":{"@id":"https:\/\/fuentesfidedignas.com.mx\/index.php\/2025\/11\/09\/julio-verne-logocomic-y-la-imaginacion-que-nos-sostiene\/"},"wordCount":523,"commentCount":0,"publisher":{"@id":"https:\/\/fuentesfidedignas.com.mx\/#organization"},"image":{"@id":"https:\/\/fuentesfidedignas.com.mx\/index.php\/2025\/11\/09\/julio-verne-logocomic-y-la-imaginacion-que-nos-sostiene\/#primaryimage"},"thumbnailUrl":"https:\/\/fuentesfidedignas.com.mx\/wp-content\/uploads\/2025\/11\/logo_0911.jpg","articleSection":["RULETEANDO"],"inLanguage":"es","potentialAction":[{"@type":"CommentAction","name":"Comment","target":["https:\/\/fuentesfidedignas.com.mx\/index.php\/2025\/11\/09\/julio-verne-logocomic-y-la-imaginacion-que-nos-sostiene\/#respond"]}]},{"@type":"WebPage","@id":"https:\/\/fuentesfidedignas.com.mx\/index.php\/2025\/11\/09\/julio-verne-logocomic-y-la-imaginacion-que-nos-sostiene\/","url":"https:\/\/fuentesfidedignas.com.mx\/index.php\/2025\/11\/09\/julio-verne-logocomic-y-la-imaginacion-que-nos-sostiene\/","name":"Julio Verne, LogoC\u00f3mic y la imaginaci\u00f3n que nos sostiene - Fuentes Fidedignas","isPartOf":{"@id":"https:\/\/fuentesfidedignas.com.mx\/#website"},"primaryImageOfPage":{"@id":"https:\/\/fuentesfidedignas.com.mx\/index.php\/2025\/11\/09\/julio-verne-logocomic-y-la-imaginacion-que-nos-sostiene\/#primaryimage"},"image":{"@id":"https:\/\/fuentesfidedignas.com.mx\/index.php\/2025\/11\/09\/julio-verne-logocomic-y-la-imaginacion-que-nos-sostiene\/#primaryimage"},"thumbnailUrl":"https:\/\/fuentesfidedignas.com.mx\/wp-content\/uploads\/2025\/11\/logo_0911.jpg","datePublished":"2025-11-09T20:12:40+00:00","dateModified":"2025-11-09T20:12:43+00:00","breadcrumb":{"@id":"https:\/\/fuentesfidedignas.com.mx\/index.php\/2025\/11\/09\/julio-verne-logocomic-y-la-imaginacion-que-nos-sostiene\/#breadcrumb"},"inLanguage":"es","potentialAction":[{"@type":"ReadAction","target":["https:\/\/fuentesfidedignas.com.mx\/index.php\/2025\/11\/09\/julio-verne-logocomic-y-la-imaginacion-que-nos-sostiene\/"]}]},{"@type":"ImageObject","inLanguage":"es","@id":"https:\/\/fuentesfidedignas.com.mx\/index.php\/2025\/11\/09\/julio-verne-logocomic-y-la-imaginacion-que-nos-sostiene\/#primaryimage","url":"https:\/\/fuentesfidedignas.com.mx\/wp-content\/uploads\/2025\/11\/logo_0911.jpg","contentUrl":"https:\/\/fuentesfidedignas.com.mx\/wp-content\/uploads\/2025\/11\/logo_0911.jpg","width":690,"height":385},{"@type":"BreadcrumbList","@id":"https:\/\/fuentesfidedignas.com.mx\/index.php\/2025\/11\/09\/julio-verne-logocomic-y-la-imaginacion-que-nos-sostiene\/#breadcrumb","itemListElement":[{"@type":"ListItem","position":1,"name":"Inicio","item":"https:\/\/fuentesfidedignas.com.mx\/"},{"@type":"ListItem","position":2,"name":"Julio Verne, LogoC\u00f3mic y la imaginaci\u00f3n que nos sostiene"}]},{"@type":"WebSite","@id":"https:\/\/fuentesfidedignas.com.mx\/#website","url":"https:\/\/fuentesfidedignas.com.mx\/","name":"Fuentes Fidedignas","description":"Otro sitio realizado con WordPress","publisher":{"@id":"https:\/\/fuentesfidedignas.com.mx\/#organization"},"potentialAction":[{"@type":"SearchAction","target":{"@type":"EntryPoint","urlTemplate":"https:\/\/fuentesfidedignas.com.mx\/?s={search_term_string}"},"query-input":{"@type":"PropertyValueSpecification","valueRequired":true,"valueName":"search_term_string"}}],"inLanguage":"es"},{"@type":"Organization","@id":"https:\/\/fuentesfidedignas.com.mx\/#organization","name":"Fuentes Fidedignas","url":"https:\/\/fuentesfidedignas.com.mx\/","logo":{"@type":"ImageObject","inLanguage":"es","@id":"https:\/\/fuentesfidedignas.com.mx\/#\/schema\/logo\/image\/","url":"https:\/\/fuentesfidedignas.com.mx\/wp-content\/uploads\/2021\/04\/logo-retina.png","contentUrl":"https:\/\/fuentesfidedignas.com.mx\/wp-content\/uploads\/2021\/04\/logo-retina.png","width":280,"height":51,"caption":"Fuentes Fidedignas"},"image":{"@id":"https:\/\/fuentesfidedignas.com.mx\/#\/schema\/logo\/image\/"},"sameAs":["https:\/\/www.facebook.com\/Fuentes-Fidedignas-368234489921644","https:\/\/x.com\/fidedignas"]},{"@type":"Person","@id":"https:\/\/fuentesfidedignas.com.mx\/#\/schema\/person\/a4e2898d4dca7bbeb0a2f77bb90f4817","name":"Luis \u00c1ngel Rivera Ayala","image":{"@type":"ImageObject","inLanguage":"es","@id":"https:\/\/fuentesfidedignas.com.mx\/wp-content\/uploads\/2025\/02\/Luis_Angel-2025-removebg-preview-150x150.png","url":"https:\/\/fuentesfidedignas.com.mx\/wp-content\/uploads\/2025\/02\/Luis_Angel-2025-removebg-preview-150x150.png","contentUrl":"https:\/\/fuentesfidedignas.com.mx\/wp-content\/uploads\/2025\/02\/Luis_Angel-2025-removebg-preview-150x150.png","caption":"Luis \u00c1ngel Rivera Ayala"},"url":"https:\/\/fuentesfidedignas.com.mx\/index.php\/author\/luisar\/"}]}},"_links":{"self":[{"href":"https:\/\/fuentesfidedignas.com.mx\/index.php\/wp-json\/wp\/v2\/posts\/121221","targetHints":{"allow":["GET"]}}],"collection":[{"href":"https:\/\/fuentesfidedignas.com.mx\/index.php\/wp-json\/wp\/v2\/posts"}],"about":[{"href":"https:\/\/fuentesfidedignas.com.mx\/index.php\/wp-json\/wp\/v2\/types\/post"}],"author":[{"embeddable":true,"href":"https:\/\/fuentesfidedignas.com.mx\/index.php\/wp-json\/wp\/v2\/users\/139"}],"replies":[{"embeddable":true,"href":"https:\/\/fuentesfidedignas.com.mx\/index.php\/wp-json\/wp\/v2\/comments?post=121221"}],"version-history":[{"count":1,"href":"https:\/\/fuentesfidedignas.com.mx\/index.php\/wp-json\/wp\/v2\/posts\/121221\/revisions"}],"predecessor-version":[{"id":121223,"href":"https:\/\/fuentesfidedignas.com.mx\/index.php\/wp-json\/wp\/v2\/posts\/121221\/revisions\/121223"}],"wp:featuredmedia":[{"embeddable":true,"href":"https:\/\/fuentesfidedignas.com.mx\/index.php\/wp-json\/wp\/v2\/media\/121222"}],"wp:attachment":[{"href":"https:\/\/fuentesfidedignas.com.mx\/index.php\/wp-json\/wp\/v2\/media?parent=121221"}],"wp:term":[{"taxonomy":"category","embeddable":true,"href":"https:\/\/fuentesfidedignas.com.mx\/index.php\/wp-json\/wp\/v2\/categories?post=121221"},{"taxonomy":"post_tag","embeddable":true,"href":"https:\/\/fuentesfidedignas.com.mx\/index.php\/wp-json\/wp\/v2\/tags?post=121221"}],"curies":[{"name":"wp","href":"https:\/\/api.w.org\/{rel}","templated":true}]}}