{"id":12113,"date":"2021-09-09T11:53:20","date_gmt":"2021-09-09T18:53:20","guid":{"rendered":"https:\/\/fuentesfidedignas.com.mx\/?p=12113"},"modified":"2021-09-09T11:53:22","modified_gmt":"2021-09-09T18:53:22","slug":"en-octubre-inicia-el-proceso-de-entrega-recepcion-vargas-landeros","status":"publish","type":"post","link":"https:\/\/fuentesfidedignas.com.mx\/index.php\/2021\/09\/09\/en-octubre-inicia-el-proceso-de-entrega-recepcion-vargas-landeros\/","title":{"rendered":"En octubre inicia el proceso de entrega-recepci\u00f3n: Vargas Landeros"},"content":{"rendered":"\n<p><strong><em>Se reuni\u00f3 con el presidente municipal Juan Francisco Fierro Gaxiola<\/em><\/strong><\/p>\n\n\n\n<p>Los Mochis, Ahome, Sin.- Gerardo Vargas Landeros, presidente municipal electo de Ahome, se reuni\u00f3 hoy con el presidente municipal, Juan Francisco Fierro Gaxiola, a efecto de empezar este 01 de octubre, el proceso de entrega-recepci\u00f3n de la administraci\u00f3n municipal.<\/p>\n\n\n\n<p>En su mensaje, Gerardo Vargas Landeros agradeci\u00f3 al presidente municipal Juan Francisco Fierro Gaxiola, por tan nutrida conversaci\u00f3n, sin duda continuaremos trabajando en la consolidaci\u00f3n de la transformaci\u00f3n de nuestro municipio.<\/p>\n\n\n\n<p>Asegur\u00f3 que fue un acercamiento positivo, porque abri\u00f3 las puertas para que a partir del pr\u00f3ximo mes inicie el proceso de entrega recepci\u00f3n, \u201ccoincidimos en que este 01 de octubre haremos la transici\u00f3n limpia y transparente, como lo establece la Ley\u201d.<br>Posteriormente, Gerardo Vargas Landeros sostuvo una reuni\u00f3n de trabajo con los regidores electos, que conformar\u00e1n el pr\u00f3ximo Cabildo de Ahome.<\/p>\n\n\n\n<p>Posteriormente, Gerardo Vargas Landeros sostuvo una reuni\u00f3n de trabajo con los regidores electos, que conformar\u00e1n el pr\u00f3ximo Cabildo de Ahome.<\/p>\n\n\n\n<p>Asistieron al encuentro los presentantes de la oposici\u00f3n Julio Valdez, por el PT; Laura Valdez, por el PRI; Angelina Valenzuela, de Fuerza por M\u00e9xico, y Miguel Camacho, por Movimiento Ciudadano, as\u00ed como tambi\u00e9n, Pedro Ceballos, Judith Luna y Antonio Menendez, de Morena.<\/p>\n\n\n\n<p>Ah\u00ed, el presidente municipal electo resalt\u00f3 la disponibilidad de los pr\u00f3ximos regidores, para acordar algunos lineamientos para la conducci\u00f3n de la pr\u00f3xima administraci\u00f3n municipal.<\/p>\n","protected":false},"excerpt":{"rendered":"<p>Se reuni\u00f3 con el presidente municipal Juan Francisco Fierro Gaxiola Los Mochis, Ahome, Sin.- Gerardo Vargas Landeros, presidente municipal electo de Ahome, se reuni\u00f3 hoy con el presidente municipal, Juan Francisco Fierro Gaxiola, a efecto de empezar este 01 de octubre, el proceso de entrega-recepci\u00f3n de la administraci\u00f3n municipal. En su mensaje, Gerardo Vargas Landeros [&hellip;]<\/p>\n","protected":false},"author":4,"featured_media":12114,"comment_status":"open","ping_status":"open","sticky":false,"template":"","format":"standard","meta":{"tdm_status":"","tdm_grid_status":"","footnotes":""},"categories":[38],"tags":[278,1654],"class_list":{"0":"post-12113","1":"post","2":"type-post","3":"status-publish","4":"format-standard","5":"has-post-thumbnail","7":"category-noticias-locales","8":"tag-ahome","9":"tag-gerardo-vargas-landeros"},"yoast_head":"<!-- This site is optimized with the Yoast SEO plugin v27.5 - https:\/\/yoast.com\/product\/yoast-seo-wordpress\/ -->\n<title>En octubre inicia el proceso de entrega-recepci\u00f3n: Vargas Landeros - Fuentes Fidedignas<\/title>\n<meta name=\"robots\" content=\"index, follow, max-snippet:-1, max-image-preview:large, max-video-preview:-1\" \/>\n<link rel=\"canonical\" href=\"https:\/\/fuentesfidedignas.com.mx\/index.php\/2021\/09\/09\/en-octubre-inicia-el-proceso-de-entrega-recepcion-vargas-landeros\/\" \/>\n<meta property=\"og:locale\" content=\"es_MX\" \/>\n<meta property=\"og:type\" content=\"article\" \/>\n<meta property=\"og:title\" content=\"En octubre inicia el proceso de entrega-recepci\u00f3n: Vargas Landeros - Fuentes Fidedignas\" \/>\n<meta property=\"og:description\" content=\"Se reuni\u00f3 con el presidente municipal Juan Francisco Fierro Gaxiola Los Mochis, Ahome, Sin.- Gerardo Vargas Landeros, presidente municipal electo de Ahome, se reuni\u00f3 hoy con el presidente municipal, Juan Francisco Fierro Gaxiola, a efecto de empezar este 01 de octubre, el proceso de entrega-recepci\u00f3n de la administraci\u00f3n municipal. En su mensaje, Gerardo Vargas Landeros [&hellip;]\" \/>\n<meta property=\"og:url\" content=\"https:\/\/fuentesfidedignas.com.mx\/index.php\/2021\/09\/09\/en-octubre-inicia-el-proceso-de-entrega-recepcion-vargas-landeros\/\" \/>\n<meta property=\"og:site_name\" content=\"Fuentes Fidedignas\" \/>\n<meta property=\"article:publisher\" content=\"https:\/\/www.facebook.com\/Fuentes-Fidedignas-368234489921644\" \/>\n<meta property=\"article:published_time\" content=\"2021-09-09T18:53:20+00:00\" \/>\n<meta property=\"article:modified_time\" content=\"2021-09-09T18:53:22+00:00\" \/>\n<meta property=\"og:image\" content=\"https:\/\/fuentesfidedignas.com.mx\/wp-content\/uploads\/2021\/09\/GVL_REGIDORES.jpg\" \/>\n\t<meta property=\"og:image:width\" content=\"1562\" \/>\n\t<meta property=\"og:image:height\" content=\"798\" \/>\n\t<meta property=\"og:image:type\" content=\"image\/jpeg\" \/>\n<meta name=\"author\" content=\"Redacci\u00f3n\" \/>\n<meta name=\"twitter:card\" content=\"summary_large_image\" \/>\n<meta name=\"twitter:creator\" content=\"@fidedignas\" \/>\n<meta name=\"twitter:site\" content=\"@fidedignas\" \/>\n<meta name=\"twitter:label1\" content=\"Escrito por\" \/>\n\t<meta name=\"twitter:data1\" content=\"Redacci\u00f3n\" \/>\n\t<meta name=\"twitter:label2\" content=\"Tiempo de lectura\" \/>\n\t<meta name=\"twitter:data2\" content=\"1 minuto\" \/>\n<script type=\"application\/ld+json\" class=\"yoast-schema-graph\">{\"@context\":\"https:\\\/\\\/schema.org\",\"@graph\":[{\"@type\":\"Article\",\"@id\":\"https:\\\/\\\/fuentesfidedignas.com.mx\\\/index.php\\\/2021\\\/09\\\/09\\\/en-octubre-inicia-el-proceso-de-entrega-recepcion-vargas-landeros\\\/#article\",\"isPartOf\":{\"@id\":\"https:\\\/\\\/fuentesfidedignas.com.mx\\\/index.php\\\/2021\\\/09\\\/09\\\/en-octubre-inicia-el-proceso-de-entrega-recepcion-vargas-landeros\\\/\"},\"author\":{\"name\":\"Redacci\u00f3n\",\"@id\":\"https:\\\/\\\/fuentesfidedignas.com.mx\\\/#\\\/schema\\\/person\\\/331be9283d37198e2acd5750279085b0\"},\"headline\":\"En octubre inicia el proceso de entrega-recepci\u00f3n: Vargas Landeros\",\"datePublished\":\"2021-09-09T18:53:20+00:00\",\"dateModified\":\"2021-09-09T18:53:22+00:00\",\"mainEntityOfPage\":{\"@id\":\"https:\\\/\\\/fuentesfidedignas.com.mx\\\/index.php\\\/2021\\\/09\\\/09\\\/en-octubre-inicia-el-proceso-de-entrega-recepcion-vargas-landeros\\\/\"},\"wordCount\":257,\"commentCount\":0,\"publisher\":{\"@id\":\"https:\\\/\\\/fuentesfidedignas.com.mx\\\/#organization\"},\"image\":{\"@id\":\"https:\\\/\\\/fuentesfidedignas.com.mx\\\/index.php\\\/2021\\\/09\\\/09\\\/en-octubre-inicia-el-proceso-de-entrega-recepcion-vargas-landeros\\\/#primaryimage\"},\"thumbnailUrl\":\"https:\\\/\\\/fuentesfidedignas.com.mx\\\/wp-content\\\/uploads\\\/2021\\\/09\\\/GVL_REGIDORES.jpg\",\"keywords\":[\"Ahome\",\"Gerardo Vargas Landeros\"],\"articleSection\":[\"NOTICIAS LOCALES\"],\"inLanguage\":\"es\",\"potentialAction\":[{\"@type\":\"CommentAction\",\"name\":\"Comment\",\"target\":[\"https:\\\/\\\/fuentesfidedignas.com.mx\\\/index.php\\\/2021\\\/09\\\/09\\\/en-octubre-inicia-el-proceso-de-entrega-recepcion-vargas-landeros\\\/#respond\"]}]},{\"@type\":\"WebPage\",\"@id\":\"https:\\\/\\\/fuentesfidedignas.com.mx\\\/index.php\\\/2021\\\/09\\\/09\\\/en-octubre-inicia-el-proceso-de-entrega-recepcion-vargas-landeros\\\/\",\"url\":\"https:\\\/\\\/fuentesfidedignas.com.mx\\\/index.php\\\/2021\\\/09\\\/09\\\/en-octubre-inicia-el-proceso-de-entrega-recepcion-vargas-landeros\\\/\",\"name\":\"En octubre inicia el proceso de entrega-recepci\u00f3n: Vargas Landeros - Fuentes Fidedignas\",\"isPartOf\":{\"@id\":\"https:\\\/\\\/fuentesfidedignas.com.mx\\\/#website\"},\"primaryImageOfPage\":{\"@id\":\"https:\\\/\\\/fuentesfidedignas.com.mx\\\/index.php\\\/2021\\\/09\\\/09\\\/en-octubre-inicia-el-proceso-de-entrega-recepcion-vargas-landeros\\\/#primaryimage\"},\"image\":{\"@id\":\"https:\\\/\\\/fuentesfidedignas.com.mx\\\/index.php\\\/2021\\\/09\\\/09\\\/en-octubre-inicia-el-proceso-de-entrega-recepcion-vargas-landeros\\\/#primaryimage\"},\"thumbnailUrl\":\"https:\\\/\\\/fuentesfidedignas.com.mx\\\/wp-content\\\/uploads\\\/2021\\\/09\\\/GVL_REGIDORES.jpg\",\"datePublished\":\"2021-09-09T18:53:20+00:00\",\"dateModified\":\"2021-09-09T18:53:22+00:00\",\"breadcrumb\":{\"@id\":\"https:\\\/\\\/fuentesfidedignas.com.mx\\\/index.php\\\/2021\\\/09\\\/09\\\/en-octubre-inicia-el-proceso-de-entrega-recepcion-vargas-landeros\\\/#breadcrumb\"},\"inLanguage\":\"es\",\"potentialAction\":[{\"@type\":\"ReadAction\",\"target\":[\"https:\\\/\\\/fuentesfidedignas.com.mx\\\/index.php\\\/2021\\\/09\\\/09\\\/en-octubre-inicia-el-proceso-de-entrega-recepcion-vargas-landeros\\\/\"]}]},{\"@type\":\"ImageObject\",\"inLanguage\":\"es\",\"@id\":\"https:\\\/\\\/fuentesfidedignas.com.mx\\\/index.php\\\/2021\\\/09\\\/09\\\/en-octubre-inicia-el-proceso-de-entrega-recepcion-vargas-landeros\\\/#primaryimage\",\"url\":\"https:\\\/\\\/fuentesfidedignas.com.mx\\\/wp-content\\\/uploads\\\/2021\\\/09\\\/GVL_REGIDORES.jpg\",\"contentUrl\":\"https:\\\/\\\/fuentesfidedignas.com.mx\\\/wp-content\\\/uploads\\\/2021\\\/09\\\/GVL_REGIDORES.jpg\",\"width\":1562,\"height\":798},{\"@type\":\"BreadcrumbList\",\"@id\":\"https:\\\/\\\/fuentesfidedignas.com.mx\\\/index.php\\\/2021\\\/09\\\/09\\\/en-octubre-inicia-el-proceso-de-entrega-recepcion-vargas-landeros\\\/#breadcrumb\",\"itemListElement\":[{\"@type\":\"ListItem\",\"position\":1,\"name\":\"Inicio\",\"item\":\"https:\\\/\\\/fuentesfidedignas.com.mx\\\/\"},{\"@type\":\"ListItem\",\"position\":2,\"name\":\"En octubre inicia el proceso de entrega-recepci\u00f3n: Vargas Landeros\"}]},{\"@type\":\"WebSite\",\"@id\":\"https:\\\/\\\/fuentesfidedignas.com.mx\\\/#website\",\"url\":\"https:\\\/\\\/fuentesfidedignas.com.mx\\\/\",\"name\":\"Fuentes Fidedignas\",\"description\":\"Otro sitio realizado con WordPress\",\"publisher\":{\"@id\":\"https:\\\/\\\/fuentesfidedignas.com.mx\\\/#organization\"},\"potentialAction\":[{\"@type\":\"SearchAction\",\"target\":{\"@type\":\"EntryPoint\",\"urlTemplate\":\"https:\\\/\\\/fuentesfidedignas.com.mx\\\/?s={search_term_string}\"},\"query-input\":{\"@type\":\"PropertyValueSpecification\",\"valueRequired\":true,\"valueName\":\"search_term_string\"}}],\"inLanguage\":\"es\"},{\"@type\":\"Organization\",\"@id\":\"https:\\\/\\\/fuentesfidedignas.com.mx\\\/#organization\",\"name\":\"Fuentes Fidedignas\",\"url\":\"https:\\\/\\\/fuentesfidedignas.com.mx\\\/\",\"logo\":{\"@type\":\"ImageObject\",\"inLanguage\":\"es\",\"@id\":\"https:\\\/\\\/fuentesfidedignas.com.mx\\\/#\\\/schema\\\/logo\\\/image\\\/\",\"url\":\"https:\\\/\\\/fuentesfidedignas.com.mx\\\/wp-content\\\/uploads\\\/2021\\\/04\\\/logo-retina.png\",\"contentUrl\":\"https:\\\/\\\/fuentesfidedignas.com.mx\\\/wp-content\\\/uploads\\\/2021\\\/04\\\/logo-retina.png\",\"width\":280,\"height\":51,\"caption\":\"Fuentes Fidedignas\"},\"image\":{\"@id\":\"https:\\\/\\\/fuentesfidedignas.com.mx\\\/#\\\/schema\\\/logo\\\/image\\\/\"},\"sameAs\":[\"https:\\\/\\\/www.facebook.com\\\/Fuentes-Fidedignas-368234489921644\",\"https:\\\/\\\/x.com\\\/fidedignas\"]},{\"@type\":\"Person\",\"@id\":\"https:\\\/\\\/fuentesfidedignas.com.mx\\\/#\\\/schema\\\/person\\\/331be9283d37198e2acd5750279085b0\",\"name\":\"Redacci\u00f3n\",\"image\":{\"@type\":\"ImageObject\",\"inLanguage\":\"es\",\"@id\":\"https:\\\/\\\/secure.gravatar.com\\\/avatar\\\/f6d8782c11d12b2d4ad3fbb6931aeab5309937a4d6cd2fc9cfaa28a6396a5aec?s=96&d=mm&r=g\",\"url\":\"https:\\\/\\\/secure.gravatar.com\\\/avatar\\\/f6d8782c11d12b2d4ad3fbb6931aeab5309937a4d6cd2fc9cfaa28a6396a5aec?s=96&d=mm&r=g\",\"contentUrl\":\"https:\\\/\\\/secure.gravatar.com\\\/avatar\\\/f6d8782c11d12b2d4ad3fbb6931aeab5309937a4d6cd2fc9cfaa28a6396a5aec?s=96&d=mm&r=g\",\"caption\":\"Redacci\u00f3n\"},\"url\":\"https:\\\/\\\/fuentesfidedignas.com.mx\\\/index.php\\\/author\\\/redaccion\\\/\"}]}<\/script>\n<!-- \/ Yoast SEO plugin. -->","yoast_head_json":{"title":"En octubre inicia el proceso de entrega-recepci\u00f3n: Vargas Landeros - Fuentes Fidedignas","robots":{"index":"index","follow":"follow","max-snippet":"max-snippet:-1","max-image-preview":"max-image-preview:large","max-video-preview":"max-video-preview:-1"},"canonical":"https:\/\/fuentesfidedignas.com.mx\/index.php\/2021\/09\/09\/en-octubre-inicia-el-proceso-de-entrega-recepcion-vargas-landeros\/","og_locale":"es_MX","og_type":"article","og_title":"En octubre inicia el proceso de entrega-recepci\u00f3n: Vargas Landeros - Fuentes Fidedignas","og_description":"Se reuni\u00f3 con el presidente municipal Juan Francisco Fierro Gaxiola Los Mochis, Ahome, Sin.- Gerardo Vargas Landeros, presidente municipal electo de Ahome, se reuni\u00f3 hoy con el presidente municipal, Juan Francisco Fierro Gaxiola, a efecto de empezar este 01 de octubre, el proceso de entrega-recepci\u00f3n de la administraci\u00f3n municipal. En su mensaje, Gerardo Vargas Landeros [&hellip;]","og_url":"https:\/\/fuentesfidedignas.com.mx\/index.php\/2021\/09\/09\/en-octubre-inicia-el-proceso-de-entrega-recepcion-vargas-landeros\/","og_site_name":"Fuentes Fidedignas","article_publisher":"https:\/\/www.facebook.com\/Fuentes-Fidedignas-368234489921644","article_published_time":"2021-09-09T18:53:20+00:00","article_modified_time":"2021-09-09T18:53:22+00:00","og_image":[{"width":1562,"height":798,"url":"https:\/\/fuentesfidedignas.com.mx\/wp-content\/uploads\/2021\/09\/GVL_REGIDORES.jpg","type":"image\/jpeg"}],"author":"Redacci\u00f3n","twitter_card":"summary_large_image","twitter_creator":"@fidedignas","twitter_site":"@fidedignas","twitter_misc":{"Escrito por":"Redacci\u00f3n","Tiempo de lectura":"1 minuto"},"schema":{"@context":"https:\/\/schema.org","@graph":[{"@type":"Article","@id":"https:\/\/fuentesfidedignas.com.mx\/index.php\/2021\/09\/09\/en-octubre-inicia-el-proceso-de-entrega-recepcion-vargas-landeros\/#article","isPartOf":{"@id":"https:\/\/fuentesfidedignas.com.mx\/index.php\/2021\/09\/09\/en-octubre-inicia-el-proceso-de-entrega-recepcion-vargas-landeros\/"},"author":{"name":"Redacci\u00f3n","@id":"https:\/\/fuentesfidedignas.com.mx\/#\/schema\/person\/331be9283d37198e2acd5750279085b0"},"headline":"En octubre inicia el proceso de entrega-recepci\u00f3n: Vargas Landeros","datePublished":"2021-09-09T18:53:20+00:00","dateModified":"2021-09-09T18:53:22+00:00","mainEntityOfPage":{"@id":"https:\/\/fuentesfidedignas.com.mx\/index.php\/2021\/09\/09\/en-octubre-inicia-el-proceso-de-entrega-recepcion-vargas-landeros\/"},"wordCount":257,"commentCount":0,"publisher":{"@id":"https:\/\/fuentesfidedignas.com.mx\/#organization"},"image":{"@id":"https:\/\/fuentesfidedignas.com.mx\/index.php\/2021\/09\/09\/en-octubre-inicia-el-proceso-de-entrega-recepcion-vargas-landeros\/#primaryimage"},"thumbnailUrl":"https:\/\/fuentesfidedignas.com.mx\/wp-content\/uploads\/2021\/09\/GVL_REGIDORES.jpg","keywords":["Ahome","Gerardo Vargas Landeros"],"articleSection":["NOTICIAS LOCALES"],"inLanguage":"es","potentialAction":[{"@type":"CommentAction","name":"Comment","target":["https:\/\/fuentesfidedignas.com.mx\/index.php\/2021\/09\/09\/en-octubre-inicia-el-proceso-de-entrega-recepcion-vargas-landeros\/#respond"]}]},{"@type":"WebPage","@id":"https:\/\/fuentesfidedignas.com.mx\/index.php\/2021\/09\/09\/en-octubre-inicia-el-proceso-de-entrega-recepcion-vargas-landeros\/","url":"https:\/\/fuentesfidedignas.com.mx\/index.php\/2021\/09\/09\/en-octubre-inicia-el-proceso-de-entrega-recepcion-vargas-landeros\/","name":"En octubre inicia el proceso de entrega-recepci\u00f3n: Vargas Landeros - Fuentes Fidedignas","isPartOf":{"@id":"https:\/\/fuentesfidedignas.com.mx\/#website"},"primaryImageOfPage":{"@id":"https:\/\/fuentesfidedignas.com.mx\/index.php\/2021\/09\/09\/en-octubre-inicia-el-proceso-de-entrega-recepcion-vargas-landeros\/#primaryimage"},"image":{"@id":"https:\/\/fuentesfidedignas.com.mx\/index.php\/2021\/09\/09\/en-octubre-inicia-el-proceso-de-entrega-recepcion-vargas-landeros\/#primaryimage"},"thumbnailUrl":"https:\/\/fuentesfidedignas.com.mx\/wp-content\/uploads\/2021\/09\/GVL_REGIDORES.jpg","datePublished":"2021-09-09T18:53:20+00:00","dateModified":"2021-09-09T18:53:22+00:00","breadcrumb":{"@id":"https:\/\/fuentesfidedignas.com.mx\/index.php\/2021\/09\/09\/en-octubre-inicia-el-proceso-de-entrega-recepcion-vargas-landeros\/#breadcrumb"},"inLanguage":"es","potentialAction":[{"@type":"ReadAction","target":["https:\/\/fuentesfidedignas.com.mx\/index.php\/2021\/09\/09\/en-octubre-inicia-el-proceso-de-entrega-recepcion-vargas-landeros\/"]}]},{"@type":"ImageObject","inLanguage":"es","@id":"https:\/\/fuentesfidedignas.com.mx\/index.php\/2021\/09\/09\/en-octubre-inicia-el-proceso-de-entrega-recepcion-vargas-landeros\/#primaryimage","url":"https:\/\/fuentesfidedignas.com.mx\/wp-content\/uploads\/2021\/09\/GVL_REGIDORES.jpg","contentUrl":"https:\/\/fuentesfidedignas.com.mx\/wp-content\/uploads\/2021\/09\/GVL_REGIDORES.jpg","width":1562,"height":798},{"@type":"BreadcrumbList","@id":"https:\/\/fuentesfidedignas.com.mx\/index.php\/2021\/09\/09\/en-octubre-inicia-el-proceso-de-entrega-recepcion-vargas-landeros\/#breadcrumb","itemListElement":[{"@type":"ListItem","position":1,"name":"Inicio","item":"https:\/\/fuentesfidedignas.com.mx\/"},{"@type":"ListItem","position":2,"name":"En octubre inicia el proceso de entrega-recepci\u00f3n: Vargas Landeros"}]},{"@type":"WebSite","@id":"https:\/\/fuentesfidedignas.com.mx\/#website","url":"https:\/\/fuentesfidedignas.com.mx\/","name":"Fuentes Fidedignas","description":"Otro sitio realizado con WordPress","publisher":{"@id":"https:\/\/fuentesfidedignas.com.mx\/#organization"},"potentialAction":[{"@type":"SearchAction","target":{"@type":"EntryPoint","urlTemplate":"https:\/\/fuentesfidedignas.com.mx\/?s={search_term_string}"},"query-input":{"@type":"PropertyValueSpecification","valueRequired":true,"valueName":"search_term_string"}}],"inLanguage":"es"},{"@type":"Organization","@id":"https:\/\/fuentesfidedignas.com.mx\/#organization","name":"Fuentes Fidedignas","url":"https:\/\/fuentesfidedignas.com.mx\/","logo":{"@type":"ImageObject","inLanguage":"es","@id":"https:\/\/fuentesfidedignas.com.mx\/#\/schema\/logo\/image\/","url":"https:\/\/fuentesfidedignas.com.mx\/wp-content\/uploads\/2021\/04\/logo-retina.png","contentUrl":"https:\/\/fuentesfidedignas.com.mx\/wp-content\/uploads\/2021\/04\/logo-retina.png","width":280,"height":51,"caption":"Fuentes Fidedignas"},"image":{"@id":"https:\/\/fuentesfidedignas.com.mx\/#\/schema\/logo\/image\/"},"sameAs":["https:\/\/www.facebook.com\/Fuentes-Fidedignas-368234489921644","https:\/\/x.com\/fidedignas"]},{"@type":"Person","@id":"https:\/\/fuentesfidedignas.com.mx\/#\/schema\/person\/331be9283d37198e2acd5750279085b0","name":"Redacci\u00f3n","image":{"@type":"ImageObject","inLanguage":"es","@id":"https:\/\/secure.gravatar.com\/avatar\/f6d8782c11d12b2d4ad3fbb6931aeab5309937a4d6cd2fc9cfaa28a6396a5aec?s=96&d=mm&r=g","url":"https:\/\/secure.gravatar.com\/avatar\/f6d8782c11d12b2d4ad3fbb6931aeab5309937a4d6cd2fc9cfaa28a6396a5aec?s=96&d=mm&r=g","contentUrl":"https:\/\/secure.gravatar.com\/avatar\/f6d8782c11d12b2d4ad3fbb6931aeab5309937a4d6cd2fc9cfaa28a6396a5aec?s=96&d=mm&r=g","caption":"Redacci\u00f3n"},"url":"https:\/\/fuentesfidedignas.com.mx\/index.php\/author\/redaccion\/"}]}},"_links":{"self":[{"href":"https:\/\/fuentesfidedignas.com.mx\/index.php\/wp-json\/wp\/v2\/posts\/12113","targetHints":{"allow":["GET"]}}],"collection":[{"href":"https:\/\/fuentesfidedignas.com.mx\/index.php\/wp-json\/wp\/v2\/posts"}],"about":[{"href":"https:\/\/fuentesfidedignas.com.mx\/index.php\/wp-json\/wp\/v2\/types\/post"}],"author":[{"embeddable":true,"href":"https:\/\/fuentesfidedignas.com.mx\/index.php\/wp-json\/wp\/v2\/users\/4"}],"replies":[{"embeddable":true,"href":"https:\/\/fuentesfidedignas.com.mx\/index.php\/wp-json\/wp\/v2\/comments?post=12113"}],"version-history":[{"count":1,"href":"https:\/\/fuentesfidedignas.com.mx\/index.php\/wp-json\/wp\/v2\/posts\/12113\/revisions"}],"predecessor-version":[{"id":12115,"href":"https:\/\/fuentesfidedignas.com.mx\/index.php\/wp-json\/wp\/v2\/posts\/12113\/revisions\/12115"}],"wp:featuredmedia":[{"embeddable":true,"href":"https:\/\/fuentesfidedignas.com.mx\/index.php\/wp-json\/wp\/v2\/media\/12114"}],"wp:attachment":[{"href":"https:\/\/fuentesfidedignas.com.mx\/index.php\/wp-json\/wp\/v2\/media?parent=12113"}],"wp:term":[{"taxonomy":"category","embeddable":true,"href":"https:\/\/fuentesfidedignas.com.mx\/index.php\/wp-json\/wp\/v2\/categories?post=12113"},{"taxonomy":"post_tag","embeddable":true,"href":"https:\/\/fuentesfidedignas.com.mx\/index.php\/wp-json\/wp\/v2\/tags?post=12113"}],"curies":[{"name":"wp","href":"https:\/\/api.w.org\/{rel}","templated":true}]}}