{"id":121080,"date":"2025-11-07T08:01:55","date_gmt":"2025-11-07T15:01:55","guid":{"rendered":"https:\/\/fuentesfidedignas.com.mx\/?p=121080"},"modified":"2025-11-07T08:02:00","modified_gmt":"2025-11-07T15:02:00","slug":"la-facultad-de-arquitectura-de-la-uas-conmemora-el-dia-mundial-del-urbanismo","status":"publish","type":"post","link":"https:\/\/fuentesfidedignas.com.mx\/index.php\/2025\/11\/07\/la-facultad-de-arquitectura-de-la-uas-conmemora-el-dia-mundial-del-urbanismo\/","title":{"rendered":"La Facultad de Arquitectura de la UAS conmemora el D\u00eda Mundial del Urbanismo."},"content":{"rendered":"\n<p>Con el prop\u00f3sito de reconocer el papel&nbsp;de quienes imaginan, planean y construyen las ciudades del ma\u00f1ana y c\u00f3mo a trav\u00e9s de esta se contribuye a mejorar la calidad de vida, la Facultad de Arquitectura de la Universidad Aut\u00f3noma de Sinaloa (UAS) conmemor\u00f3 con una serie de actividades acad\u00e9micas y el tradicional pastel el D\u00eda Mundial del Urbanismo.<\/p>\n\n\n\n<p>Al poner en marcha los trabajos, la directora de la Facultad, la doctora Armida Llamas Estrada, se\u00f1al\u00f3 que este tipo de eventos est\u00e1n enfocados a generar conciencia en las y los ciudadanos, en las autoridades p\u00fablicas y privadas y en los urbanistas acerca del impacto ambiental que se produce en el desarrollo de las ciudades territoriales. De igual manera, agradeci\u00f3 el esfuerzo de los especialistas que participan en las diferentes actividades programadas para dignificar la disciplina del urbanismo.<\/p>\n\n\n\n<p>\u201cEl d\u00eda de hoy celebramos a los urbanistas, pero tambi\u00e9n cada una de las creaciones y las obras generadas en nuestras ciudades y nuestros territorios donde nos desplazamos, nos movemos y donde habitamos y trabajamos con esfuerzos de planeaci\u00f3n, ordenamiento y generaci\u00f3n de usos para que tengan estos destinos que nos permitan una mejor calidad de vida\u201d, expres\u00f3.<\/p>\n\n\n\n<p>A su vez, la coordinadora de la Licenciatura en Dise\u00f1o Urbano y del Paisaje, la maestra Aurora Hurtado Rivera,&nbsp;felicit\u00f3 a los futuros dise\u00f1adores urbanos a quienes conmin\u00f3 a aprovechar esta jornada planeada con el prop\u00f3sito de aportar a la formaci\u00f3n acad\u00e9mica y fortalecer tambi\u00e9n la vida profesional de los estudiantes.<\/p>\n\n\n\n<p>\u201cEl D\u00eda Mundial del Urbanismo es una oportunidad para reflexionar sobre el papel que tenemos en la transformaci\u00f3n de los espacios que habitamos y para seguir impulsando ideas que hagan de nuestras ciudades lugares m\u00e1s sostenibles, incluyentes y llenos de vida\u201d, indic\u00f3.<\/p>\n\n\n\n<p>Como parte de las actividades por el D\u00eda Mundial del Urbanismo se llevaron a cabo los talleres D5 Render y el de Urbanismo T\u00e1ctico, este \u00faltimo realizado en uno de los cruces peatonales principales dentro de Ciudad Universitaria, donde los alumnos plasmaron sobre el pavimento un dise\u00f1o en pintura para transformar y mejorar el espacio, fomentando tambi\u00e9n la apropiaci\u00f3n y el sentido de comunidad.<\/p>\n\n\n\n<p>As\u00ed mismo, la especialista en Urbanismo, Melissa Villal\u00f3n Guerrero, egresada del Instituto Tecnol\u00f3gico de Monterrey,&nbsp;imparti\u00f3 la conferencia&nbsp;&#8220;Urbanismo para una ciudad en llamas&#8221;, quien comparti\u00f3 su experiencia y el c\u00f3mo se puede entender el urbanismo de acuerdo a cada regi\u00f3n.<\/p>\n\n\n\n<p>\u201cComo urbanistas tenemos una responsabilidad de escuchar a la ciudadan\u00eda para crear ciudades m\u00e1s inclusivas, desde la planeaci\u00f3n a peque\u00f1a escala hasta la gran escala, tenemos esa responsabilidad que se combina con otras profesiones y nos podemos complementar para crear ciudades seguras, crear ciudades que escuchan a diferentes grupos que forman parte de la ciudad\u201d, expuso.<\/p>\n","protected":false},"excerpt":{"rendered":"<p>Con el prop\u00f3sito de reconocer el papel&nbsp;de quienes imaginan, planean y construyen las ciudades del ma\u00f1ana y c\u00f3mo a trav\u00e9s de esta se contribuye a mejorar la calidad de vida, la Facultad de Arquitectura de la Universidad Aut\u00f3noma de Sinaloa (UAS) conmemor\u00f3 con una serie de actividades acad\u00e9micas y el tradicional pastel el D\u00eda Mundial [&hellip;]<\/p>\n","protected":false},"author":4,"featured_media":121081,"comment_status":"open","ping_status":"open","sticky":false,"template":"","format":"standard","meta":{"tdm_status":"","tdm_grid_status":"","footnotes":""},"categories":[38],"tags":[],"class_list":{"0":"post-121080","1":"post","2":"type-post","3":"status-publish","4":"format-standard","5":"has-post-thumbnail","7":"category-noticias-locales"},"yoast_head":"<!-- This site is optimized with the Yoast SEO plugin v27.5 - https:\/\/yoast.com\/product\/yoast-seo-wordpress\/ -->\n<title>La Facultad de Arquitectura de la UAS conmemora el D\u00eda Mundial del Urbanismo. - Fuentes Fidedignas<\/title>\n<meta name=\"robots\" content=\"index, follow, max-snippet:-1, max-image-preview:large, max-video-preview:-1\" \/>\n<link rel=\"canonical\" href=\"https:\/\/fuentesfidedignas.com.mx\/index.php\/2025\/11\/07\/la-facultad-de-arquitectura-de-la-uas-conmemora-el-dia-mundial-del-urbanismo\/\" \/>\n<meta property=\"og:locale\" content=\"es_MX\" \/>\n<meta property=\"og:type\" content=\"article\" \/>\n<meta property=\"og:title\" content=\"La Facultad de Arquitectura de la UAS conmemora el D\u00eda Mundial del Urbanismo. - Fuentes Fidedignas\" \/>\n<meta property=\"og:description\" content=\"Con el prop\u00f3sito de reconocer el papel&nbsp;de quienes imaginan, planean y construyen las ciudades del ma\u00f1ana y c\u00f3mo a trav\u00e9s de esta se contribuye a mejorar la calidad de vida, la Facultad de Arquitectura de la Universidad Aut\u00f3noma de Sinaloa (UAS) conmemor\u00f3 con una serie de actividades acad\u00e9micas y el tradicional pastel el D\u00eda Mundial [&hellip;]\" \/>\n<meta property=\"og:url\" content=\"https:\/\/fuentesfidedignas.com.mx\/index.php\/2025\/11\/07\/la-facultad-de-arquitectura-de-la-uas-conmemora-el-dia-mundial-del-urbanismo\/\" \/>\n<meta property=\"og:site_name\" content=\"Fuentes Fidedignas\" \/>\n<meta property=\"article:publisher\" content=\"https:\/\/www.facebook.com\/Fuentes-Fidedignas-368234489921644\" \/>\n<meta property=\"article:published_time\" content=\"2025-11-07T15:01:55+00:00\" \/>\n<meta property=\"article:modified_time\" content=\"2025-11-07T15:02:00+00:00\" \/>\n<meta property=\"og:image\" content=\"https:\/\/fuentesfidedignas.com.mx\/wp-content\/uploads\/2025\/11\/URBANISMO-3.jpg\" \/>\n\t<meta property=\"og:image:width\" content=\"2000\" \/>\n\t<meta property=\"og:image:height\" content=\"1333\" \/>\n\t<meta property=\"og:image:type\" content=\"image\/jpeg\" \/>\n<meta name=\"author\" content=\"Redacci\u00f3n\" \/>\n<meta name=\"twitter:card\" content=\"summary_large_image\" \/>\n<meta name=\"twitter:creator\" content=\"@fidedignas\" \/>\n<meta name=\"twitter:site\" content=\"@fidedignas\" \/>\n<meta name=\"twitter:label1\" content=\"Escrito por\" \/>\n\t<meta name=\"twitter:data1\" content=\"Redacci\u00f3n\" \/>\n\t<meta name=\"twitter:label2\" content=\"Tiempo de lectura\" \/>\n\t<meta name=\"twitter:data2\" content=\"3 minutos\" \/>\n<script type=\"application\/ld+json\" class=\"yoast-schema-graph\">{\"@context\":\"https:\\\/\\\/schema.org\",\"@graph\":[{\"@type\":\"Article\",\"@id\":\"https:\\\/\\\/fuentesfidedignas.com.mx\\\/index.php\\\/2025\\\/11\\\/07\\\/la-facultad-de-arquitectura-de-la-uas-conmemora-el-dia-mundial-del-urbanismo\\\/#article\",\"isPartOf\":{\"@id\":\"https:\\\/\\\/fuentesfidedignas.com.mx\\\/index.php\\\/2025\\\/11\\\/07\\\/la-facultad-de-arquitectura-de-la-uas-conmemora-el-dia-mundial-del-urbanismo\\\/\"},\"author\":{\"name\":\"Redacci\u00f3n\",\"@id\":\"https:\\\/\\\/fuentesfidedignas.com.mx\\\/#\\\/schema\\\/person\\\/331be9283d37198e2acd5750279085b0\"},\"headline\":\"La Facultad de Arquitectura de la UAS conmemora el D\u00eda Mundial del Urbanismo.\",\"datePublished\":\"2025-11-07T15:01:55+00:00\",\"dateModified\":\"2025-11-07T15:02:00+00:00\",\"mainEntityOfPage\":{\"@id\":\"https:\\\/\\\/fuentesfidedignas.com.mx\\\/index.php\\\/2025\\\/11\\\/07\\\/la-facultad-de-arquitectura-de-la-uas-conmemora-el-dia-mundial-del-urbanismo\\\/\"},\"wordCount\":502,\"commentCount\":0,\"publisher\":{\"@id\":\"https:\\\/\\\/fuentesfidedignas.com.mx\\\/#organization\"},\"image\":{\"@id\":\"https:\\\/\\\/fuentesfidedignas.com.mx\\\/index.php\\\/2025\\\/11\\\/07\\\/la-facultad-de-arquitectura-de-la-uas-conmemora-el-dia-mundial-del-urbanismo\\\/#primaryimage\"},\"thumbnailUrl\":\"https:\\\/\\\/fuentesfidedignas.com.mx\\\/wp-content\\\/uploads\\\/2025\\\/11\\\/URBANISMO-3.jpg\",\"articleSection\":[\"NOTICIAS LOCALES\"],\"inLanguage\":\"es\",\"potentialAction\":[{\"@type\":\"CommentAction\",\"name\":\"Comment\",\"target\":[\"https:\\\/\\\/fuentesfidedignas.com.mx\\\/index.php\\\/2025\\\/11\\\/07\\\/la-facultad-de-arquitectura-de-la-uas-conmemora-el-dia-mundial-del-urbanismo\\\/#respond\"]}]},{\"@type\":\"WebPage\",\"@id\":\"https:\\\/\\\/fuentesfidedignas.com.mx\\\/index.php\\\/2025\\\/11\\\/07\\\/la-facultad-de-arquitectura-de-la-uas-conmemora-el-dia-mundial-del-urbanismo\\\/\",\"url\":\"https:\\\/\\\/fuentesfidedignas.com.mx\\\/index.php\\\/2025\\\/11\\\/07\\\/la-facultad-de-arquitectura-de-la-uas-conmemora-el-dia-mundial-del-urbanismo\\\/\",\"name\":\"La Facultad de Arquitectura de la UAS conmemora el D\u00eda Mundial del Urbanismo. - Fuentes Fidedignas\",\"isPartOf\":{\"@id\":\"https:\\\/\\\/fuentesfidedignas.com.mx\\\/#website\"},\"primaryImageOfPage\":{\"@id\":\"https:\\\/\\\/fuentesfidedignas.com.mx\\\/index.php\\\/2025\\\/11\\\/07\\\/la-facultad-de-arquitectura-de-la-uas-conmemora-el-dia-mundial-del-urbanismo\\\/#primaryimage\"},\"image\":{\"@id\":\"https:\\\/\\\/fuentesfidedignas.com.mx\\\/index.php\\\/2025\\\/11\\\/07\\\/la-facultad-de-arquitectura-de-la-uas-conmemora-el-dia-mundial-del-urbanismo\\\/#primaryimage\"},\"thumbnailUrl\":\"https:\\\/\\\/fuentesfidedignas.com.mx\\\/wp-content\\\/uploads\\\/2025\\\/11\\\/URBANISMO-3.jpg\",\"datePublished\":\"2025-11-07T15:01:55+00:00\",\"dateModified\":\"2025-11-07T15:02:00+00:00\",\"breadcrumb\":{\"@id\":\"https:\\\/\\\/fuentesfidedignas.com.mx\\\/index.php\\\/2025\\\/11\\\/07\\\/la-facultad-de-arquitectura-de-la-uas-conmemora-el-dia-mundial-del-urbanismo\\\/#breadcrumb\"},\"inLanguage\":\"es\",\"potentialAction\":[{\"@type\":\"ReadAction\",\"target\":[\"https:\\\/\\\/fuentesfidedignas.com.mx\\\/index.php\\\/2025\\\/11\\\/07\\\/la-facultad-de-arquitectura-de-la-uas-conmemora-el-dia-mundial-del-urbanismo\\\/\"]}]},{\"@type\":\"ImageObject\",\"inLanguage\":\"es\",\"@id\":\"https:\\\/\\\/fuentesfidedignas.com.mx\\\/index.php\\\/2025\\\/11\\\/07\\\/la-facultad-de-arquitectura-de-la-uas-conmemora-el-dia-mundial-del-urbanismo\\\/#primaryimage\",\"url\":\"https:\\\/\\\/fuentesfidedignas.com.mx\\\/wp-content\\\/uploads\\\/2025\\\/11\\\/URBANISMO-3.jpg\",\"contentUrl\":\"https:\\\/\\\/fuentesfidedignas.com.mx\\\/wp-content\\\/uploads\\\/2025\\\/11\\\/URBANISMO-3.jpg\",\"width\":2000,\"height\":1333},{\"@type\":\"BreadcrumbList\",\"@id\":\"https:\\\/\\\/fuentesfidedignas.com.mx\\\/index.php\\\/2025\\\/11\\\/07\\\/la-facultad-de-arquitectura-de-la-uas-conmemora-el-dia-mundial-del-urbanismo\\\/#breadcrumb\",\"itemListElement\":[{\"@type\":\"ListItem\",\"position\":1,\"name\":\"Inicio\",\"item\":\"https:\\\/\\\/fuentesfidedignas.com.mx\\\/\"},{\"@type\":\"ListItem\",\"position\":2,\"name\":\"La Facultad de Arquitectura de la UAS conmemora el D\u00eda Mundial del Urbanismo.\"}]},{\"@type\":\"WebSite\",\"@id\":\"https:\\\/\\\/fuentesfidedignas.com.mx\\\/#website\",\"url\":\"https:\\\/\\\/fuentesfidedignas.com.mx\\\/\",\"name\":\"Fuentes Fidedignas\",\"description\":\"Otro sitio realizado con WordPress\",\"publisher\":{\"@id\":\"https:\\\/\\\/fuentesfidedignas.com.mx\\\/#organization\"},\"potentialAction\":[{\"@type\":\"SearchAction\",\"target\":{\"@type\":\"EntryPoint\",\"urlTemplate\":\"https:\\\/\\\/fuentesfidedignas.com.mx\\\/?s={search_term_string}\"},\"query-input\":{\"@type\":\"PropertyValueSpecification\",\"valueRequired\":true,\"valueName\":\"search_term_string\"}}],\"inLanguage\":\"es\"},{\"@type\":\"Organization\",\"@id\":\"https:\\\/\\\/fuentesfidedignas.com.mx\\\/#organization\",\"name\":\"Fuentes Fidedignas\",\"url\":\"https:\\\/\\\/fuentesfidedignas.com.mx\\\/\",\"logo\":{\"@type\":\"ImageObject\",\"inLanguage\":\"es\",\"@id\":\"https:\\\/\\\/fuentesfidedignas.com.mx\\\/#\\\/schema\\\/logo\\\/image\\\/\",\"url\":\"https:\\\/\\\/fuentesfidedignas.com.mx\\\/wp-content\\\/uploads\\\/2021\\\/04\\\/logo-retina.png\",\"contentUrl\":\"https:\\\/\\\/fuentesfidedignas.com.mx\\\/wp-content\\\/uploads\\\/2021\\\/04\\\/logo-retina.png\",\"width\":280,\"height\":51,\"caption\":\"Fuentes Fidedignas\"},\"image\":{\"@id\":\"https:\\\/\\\/fuentesfidedignas.com.mx\\\/#\\\/schema\\\/logo\\\/image\\\/\"},\"sameAs\":[\"https:\\\/\\\/www.facebook.com\\\/Fuentes-Fidedignas-368234489921644\",\"https:\\\/\\\/x.com\\\/fidedignas\"]},{\"@type\":\"Person\",\"@id\":\"https:\\\/\\\/fuentesfidedignas.com.mx\\\/#\\\/schema\\\/person\\\/331be9283d37198e2acd5750279085b0\",\"name\":\"Redacci\u00f3n\",\"image\":{\"@type\":\"ImageObject\",\"inLanguage\":\"es\",\"@id\":\"https:\\\/\\\/secure.gravatar.com\\\/avatar\\\/f6d8782c11d12b2d4ad3fbb6931aeab5309937a4d6cd2fc9cfaa28a6396a5aec?s=96&d=mm&r=g\",\"url\":\"https:\\\/\\\/secure.gravatar.com\\\/avatar\\\/f6d8782c11d12b2d4ad3fbb6931aeab5309937a4d6cd2fc9cfaa28a6396a5aec?s=96&d=mm&r=g\",\"contentUrl\":\"https:\\\/\\\/secure.gravatar.com\\\/avatar\\\/f6d8782c11d12b2d4ad3fbb6931aeab5309937a4d6cd2fc9cfaa28a6396a5aec?s=96&d=mm&r=g\",\"caption\":\"Redacci\u00f3n\"},\"url\":\"https:\\\/\\\/fuentesfidedignas.com.mx\\\/index.php\\\/author\\\/redaccion\\\/\"}]}<\/script>\n<!-- \/ Yoast SEO plugin. -->","yoast_head_json":{"title":"La Facultad de Arquitectura de la UAS conmemora el D\u00eda Mundial del Urbanismo. - Fuentes Fidedignas","robots":{"index":"index","follow":"follow","max-snippet":"max-snippet:-1","max-image-preview":"max-image-preview:large","max-video-preview":"max-video-preview:-1"},"canonical":"https:\/\/fuentesfidedignas.com.mx\/index.php\/2025\/11\/07\/la-facultad-de-arquitectura-de-la-uas-conmemora-el-dia-mundial-del-urbanismo\/","og_locale":"es_MX","og_type":"article","og_title":"La Facultad de Arquitectura de la UAS conmemora el D\u00eda Mundial del Urbanismo. - Fuentes Fidedignas","og_description":"Con el prop\u00f3sito de reconocer el papel&nbsp;de quienes imaginan, planean y construyen las ciudades del ma\u00f1ana y c\u00f3mo a trav\u00e9s de esta se contribuye a mejorar la calidad de vida, la Facultad de Arquitectura de la Universidad Aut\u00f3noma de Sinaloa (UAS) conmemor\u00f3 con una serie de actividades acad\u00e9micas y el tradicional pastel el D\u00eda Mundial [&hellip;]","og_url":"https:\/\/fuentesfidedignas.com.mx\/index.php\/2025\/11\/07\/la-facultad-de-arquitectura-de-la-uas-conmemora-el-dia-mundial-del-urbanismo\/","og_site_name":"Fuentes Fidedignas","article_publisher":"https:\/\/www.facebook.com\/Fuentes-Fidedignas-368234489921644","article_published_time":"2025-11-07T15:01:55+00:00","article_modified_time":"2025-11-07T15:02:00+00:00","og_image":[{"width":2000,"height":1333,"url":"https:\/\/fuentesfidedignas.com.mx\/wp-content\/uploads\/2025\/11\/URBANISMO-3.jpg","type":"image\/jpeg"}],"author":"Redacci\u00f3n","twitter_card":"summary_large_image","twitter_creator":"@fidedignas","twitter_site":"@fidedignas","twitter_misc":{"Escrito por":"Redacci\u00f3n","Tiempo de lectura":"3 minutos"},"schema":{"@context":"https:\/\/schema.org","@graph":[{"@type":"Article","@id":"https:\/\/fuentesfidedignas.com.mx\/index.php\/2025\/11\/07\/la-facultad-de-arquitectura-de-la-uas-conmemora-el-dia-mundial-del-urbanismo\/#article","isPartOf":{"@id":"https:\/\/fuentesfidedignas.com.mx\/index.php\/2025\/11\/07\/la-facultad-de-arquitectura-de-la-uas-conmemora-el-dia-mundial-del-urbanismo\/"},"author":{"name":"Redacci\u00f3n","@id":"https:\/\/fuentesfidedignas.com.mx\/#\/schema\/person\/331be9283d37198e2acd5750279085b0"},"headline":"La Facultad de Arquitectura de la UAS conmemora el D\u00eda Mundial del Urbanismo.","datePublished":"2025-11-07T15:01:55+00:00","dateModified":"2025-11-07T15:02:00+00:00","mainEntityOfPage":{"@id":"https:\/\/fuentesfidedignas.com.mx\/index.php\/2025\/11\/07\/la-facultad-de-arquitectura-de-la-uas-conmemora-el-dia-mundial-del-urbanismo\/"},"wordCount":502,"commentCount":0,"publisher":{"@id":"https:\/\/fuentesfidedignas.com.mx\/#organization"},"image":{"@id":"https:\/\/fuentesfidedignas.com.mx\/index.php\/2025\/11\/07\/la-facultad-de-arquitectura-de-la-uas-conmemora-el-dia-mundial-del-urbanismo\/#primaryimage"},"thumbnailUrl":"https:\/\/fuentesfidedignas.com.mx\/wp-content\/uploads\/2025\/11\/URBANISMO-3.jpg","articleSection":["NOTICIAS LOCALES"],"inLanguage":"es","potentialAction":[{"@type":"CommentAction","name":"Comment","target":["https:\/\/fuentesfidedignas.com.mx\/index.php\/2025\/11\/07\/la-facultad-de-arquitectura-de-la-uas-conmemora-el-dia-mundial-del-urbanismo\/#respond"]}]},{"@type":"WebPage","@id":"https:\/\/fuentesfidedignas.com.mx\/index.php\/2025\/11\/07\/la-facultad-de-arquitectura-de-la-uas-conmemora-el-dia-mundial-del-urbanismo\/","url":"https:\/\/fuentesfidedignas.com.mx\/index.php\/2025\/11\/07\/la-facultad-de-arquitectura-de-la-uas-conmemora-el-dia-mundial-del-urbanismo\/","name":"La Facultad de Arquitectura de la UAS conmemora el D\u00eda Mundial del Urbanismo. - Fuentes Fidedignas","isPartOf":{"@id":"https:\/\/fuentesfidedignas.com.mx\/#website"},"primaryImageOfPage":{"@id":"https:\/\/fuentesfidedignas.com.mx\/index.php\/2025\/11\/07\/la-facultad-de-arquitectura-de-la-uas-conmemora-el-dia-mundial-del-urbanismo\/#primaryimage"},"image":{"@id":"https:\/\/fuentesfidedignas.com.mx\/index.php\/2025\/11\/07\/la-facultad-de-arquitectura-de-la-uas-conmemora-el-dia-mundial-del-urbanismo\/#primaryimage"},"thumbnailUrl":"https:\/\/fuentesfidedignas.com.mx\/wp-content\/uploads\/2025\/11\/URBANISMO-3.jpg","datePublished":"2025-11-07T15:01:55+00:00","dateModified":"2025-11-07T15:02:00+00:00","breadcrumb":{"@id":"https:\/\/fuentesfidedignas.com.mx\/index.php\/2025\/11\/07\/la-facultad-de-arquitectura-de-la-uas-conmemora-el-dia-mundial-del-urbanismo\/#breadcrumb"},"inLanguage":"es","potentialAction":[{"@type":"ReadAction","target":["https:\/\/fuentesfidedignas.com.mx\/index.php\/2025\/11\/07\/la-facultad-de-arquitectura-de-la-uas-conmemora-el-dia-mundial-del-urbanismo\/"]}]},{"@type":"ImageObject","inLanguage":"es","@id":"https:\/\/fuentesfidedignas.com.mx\/index.php\/2025\/11\/07\/la-facultad-de-arquitectura-de-la-uas-conmemora-el-dia-mundial-del-urbanismo\/#primaryimage","url":"https:\/\/fuentesfidedignas.com.mx\/wp-content\/uploads\/2025\/11\/URBANISMO-3.jpg","contentUrl":"https:\/\/fuentesfidedignas.com.mx\/wp-content\/uploads\/2025\/11\/URBANISMO-3.jpg","width":2000,"height":1333},{"@type":"BreadcrumbList","@id":"https:\/\/fuentesfidedignas.com.mx\/index.php\/2025\/11\/07\/la-facultad-de-arquitectura-de-la-uas-conmemora-el-dia-mundial-del-urbanismo\/#breadcrumb","itemListElement":[{"@type":"ListItem","position":1,"name":"Inicio","item":"https:\/\/fuentesfidedignas.com.mx\/"},{"@type":"ListItem","position":2,"name":"La Facultad de Arquitectura de la UAS conmemora el D\u00eda Mundial del Urbanismo."}]},{"@type":"WebSite","@id":"https:\/\/fuentesfidedignas.com.mx\/#website","url":"https:\/\/fuentesfidedignas.com.mx\/","name":"Fuentes Fidedignas","description":"Otro sitio realizado con WordPress","publisher":{"@id":"https:\/\/fuentesfidedignas.com.mx\/#organization"},"potentialAction":[{"@type":"SearchAction","target":{"@type":"EntryPoint","urlTemplate":"https:\/\/fuentesfidedignas.com.mx\/?s={search_term_string}"},"query-input":{"@type":"PropertyValueSpecification","valueRequired":true,"valueName":"search_term_string"}}],"inLanguage":"es"},{"@type":"Organization","@id":"https:\/\/fuentesfidedignas.com.mx\/#organization","name":"Fuentes Fidedignas","url":"https:\/\/fuentesfidedignas.com.mx\/","logo":{"@type":"ImageObject","inLanguage":"es","@id":"https:\/\/fuentesfidedignas.com.mx\/#\/schema\/logo\/image\/","url":"https:\/\/fuentesfidedignas.com.mx\/wp-content\/uploads\/2021\/04\/logo-retina.png","contentUrl":"https:\/\/fuentesfidedignas.com.mx\/wp-content\/uploads\/2021\/04\/logo-retina.png","width":280,"height":51,"caption":"Fuentes Fidedignas"},"image":{"@id":"https:\/\/fuentesfidedignas.com.mx\/#\/schema\/logo\/image\/"},"sameAs":["https:\/\/www.facebook.com\/Fuentes-Fidedignas-368234489921644","https:\/\/x.com\/fidedignas"]},{"@type":"Person","@id":"https:\/\/fuentesfidedignas.com.mx\/#\/schema\/person\/331be9283d37198e2acd5750279085b0","name":"Redacci\u00f3n","image":{"@type":"ImageObject","inLanguage":"es","@id":"https:\/\/secure.gravatar.com\/avatar\/f6d8782c11d12b2d4ad3fbb6931aeab5309937a4d6cd2fc9cfaa28a6396a5aec?s=96&d=mm&r=g","url":"https:\/\/secure.gravatar.com\/avatar\/f6d8782c11d12b2d4ad3fbb6931aeab5309937a4d6cd2fc9cfaa28a6396a5aec?s=96&d=mm&r=g","contentUrl":"https:\/\/secure.gravatar.com\/avatar\/f6d8782c11d12b2d4ad3fbb6931aeab5309937a4d6cd2fc9cfaa28a6396a5aec?s=96&d=mm&r=g","caption":"Redacci\u00f3n"},"url":"https:\/\/fuentesfidedignas.com.mx\/index.php\/author\/redaccion\/"}]}},"_links":{"self":[{"href":"https:\/\/fuentesfidedignas.com.mx\/index.php\/wp-json\/wp\/v2\/posts\/121080","targetHints":{"allow":["GET"]}}],"collection":[{"href":"https:\/\/fuentesfidedignas.com.mx\/index.php\/wp-json\/wp\/v2\/posts"}],"about":[{"href":"https:\/\/fuentesfidedignas.com.mx\/index.php\/wp-json\/wp\/v2\/types\/post"}],"author":[{"embeddable":true,"href":"https:\/\/fuentesfidedignas.com.mx\/index.php\/wp-json\/wp\/v2\/users\/4"}],"replies":[{"embeddable":true,"href":"https:\/\/fuentesfidedignas.com.mx\/index.php\/wp-json\/wp\/v2\/comments?post=121080"}],"version-history":[{"count":1,"href":"https:\/\/fuentesfidedignas.com.mx\/index.php\/wp-json\/wp\/v2\/posts\/121080\/revisions"}],"predecessor-version":[{"id":121082,"href":"https:\/\/fuentesfidedignas.com.mx\/index.php\/wp-json\/wp\/v2\/posts\/121080\/revisions\/121082"}],"wp:featuredmedia":[{"embeddable":true,"href":"https:\/\/fuentesfidedignas.com.mx\/index.php\/wp-json\/wp\/v2\/media\/121081"}],"wp:attachment":[{"href":"https:\/\/fuentesfidedignas.com.mx\/index.php\/wp-json\/wp\/v2\/media?parent=121080"}],"wp:term":[{"taxonomy":"category","embeddable":true,"href":"https:\/\/fuentesfidedignas.com.mx\/index.php\/wp-json\/wp\/v2\/categories?post=121080"},{"taxonomy":"post_tag","embeddable":true,"href":"https:\/\/fuentesfidedignas.com.mx\/index.php\/wp-json\/wp\/v2\/tags?post=121080"}],"curies":[{"name":"wp","href":"https:\/\/api.w.org\/{rel}","templated":true}]}}