{"id":121077,"date":"2025-11-07T07:58:50","date_gmt":"2025-11-07T14:58:50","guid":{"rendered":"https:\/\/fuentesfidedignas.com.mx\/?p=121077"},"modified":"2025-11-07T07:58:53","modified_gmt":"2025-11-07T14:58:53","slug":"el-expresionismo-cuando-el-arte-aprende-a-gritar","status":"publish","type":"post","link":"https:\/\/fuentesfidedignas.com.mx\/index.php\/2025\/11\/07\/el-expresionismo-cuando-el-arte-aprende-a-gritar\/","title":{"rendered":"El Expresionismo: cuando el arte aprende a gritar"},"content":{"rendered":"\n<figure class=\"wp-block-embed is-type-video is-provider-youtube wp-block-embed-youtube wp-embed-aspect-16-9 wp-has-aspect-ratio\"><div class=\"wp-block-embed__wrapper\">\n<div class=\"youtube-embed\" data-video_id=\"GwPetp1erEE\"><iframe loading=\"lazy\" title=\"\ud83c\udfa8 El Expresionismo: El arte de las emociones \ud83c\udfad\" width=\"696\" height=\"392\" src=\"https:\/\/www.youtube.com\/embed\/GwPetp1erEE?feature=oembed&#038;enablejsapi=1\" frameborder=\"0\" allow=\"accelerometer; autoplay; clipboard-write; encrypted-media; gyroscope; picture-in-picture; web-share\" referrerpolicy=\"strict-origin-when-cross-origin\" allowfullscreen><\/iframe><\/div>\n<\/div><\/figure>\n\n\n\n<p>Hay momentos en la historia donde la realidad no basta. Donde el mundo parece tan convulso, tan impredecible, tan lleno de sombras, que el arte deja de conformarse con describir lo que ve y comienza, mejor, a gritar lo que siente. A ese grito lo llamaron Expresionismo.<br>Este movimiento naci\u00f3 en una Europa que se sacud\u00eda entre guerras, crisis y rupturas sociales. Pero m\u00e1s que un estilo, fue un desahogo. Los artistas expresionistas quer\u00edan pintar no lo que sus ojos ve\u00edan, sino lo que su alma no pod\u00eda callar. Colores violentos, trazos tensos, figuras que se retuercen como quien intenta encontrar sentido a un mundo roto.<br>Ah\u00ed est\u00e1 Edvard Munch, cuyo Grito se convirti\u00f3 en s\u00edmbolo universal de la angustia moderna.<br>Ah\u00ed est\u00e1 Egon Schiele, dibujando cuerpos que parecen confesiones.<br>Ah\u00ed est\u00e1n Kirchner, Kandinsky y tantos otros, transformando el lienzo en una habitaci\u00f3n interior donde cada trazo es un pensamiento y cada color, una emoci\u00f3n a punto de estallar.<br>Lo fascinante del Expresionismo es que no busca ser bonito ni correcto. Busca ser verdadero. Y por eso su eco llega hasta hoy: lo vemos en el cine, en la literatura, en la pintura contempor\u00e1nea, en cada intento por decir lo que sentimos cuando las palabras no alcanzan.<br>Si te interesa el arte, la historia o simplemente comprender por qu\u00e9 seguimos siendo criaturas que necesitan expresar lo que les arde por dentro, te invito a ver este nuevo video en nuestro canal:<br>\ud83d\udc49 \u201cEl Expresionismo: El arte de las emociones\u201d<br>Un recorrido por la tormenta y la belleza de lo humano.<br>Porque a veces, el arte no se mira: se escucha, como un coraz\u00f3n que late demasiado fuerte.<\/p>\n\n\n\n<p>Enlace del video:<br>https:\/\/www.youtube.com\/watch?v=GwPetp1erEE<\/p>\n","protected":false},"excerpt":{"rendered":"<p>Hay momentos en la historia donde la realidad no basta. Donde el mundo parece tan convulso, tan impredecible, tan lleno de sombras, que el arte deja de conformarse con describir lo que ve y comienza, mejor, a gritar lo que siente. A ese grito lo llamaron Expresionismo.Este movimiento naci\u00f3 en una Europa que se sacud\u00eda [&hellip;]<\/p>\n","protected":false},"author":139,"featured_media":121078,"comment_status":"open","ping_status":"open","sticky":false,"template":"","format":"video","meta":{"tdm_status":"","tdm_grid_status":"","footnotes":""},"categories":[307],"tags":[],"class_list":{"0":"post-121077","1":"post","2":"type-post","3":"status-publish","4":"format-video","5":"has-post-thumbnail","7":"category-ruleteando","8":"post_format-post-format-video"},"yoast_head":"<!-- This site is optimized with the Yoast SEO plugin v27.5 - https:\/\/yoast.com\/product\/yoast-seo-wordpress\/ -->\n<title>El Expresionismo: cuando el arte aprende a gritar - Fuentes Fidedignas<\/title>\n<meta name=\"robots\" content=\"index, follow, max-snippet:-1, max-image-preview:large, max-video-preview:-1\" \/>\n<link rel=\"canonical\" href=\"https:\/\/fuentesfidedignas.com.mx\/index.php\/2025\/11\/07\/el-expresionismo-cuando-el-arte-aprende-a-gritar\/\" \/>\n<meta property=\"og:locale\" content=\"es_MX\" \/>\n<meta property=\"og:type\" content=\"article\" \/>\n<meta property=\"og:title\" content=\"El Expresionismo: cuando el arte aprende a gritar - Fuentes Fidedignas\" \/>\n<meta property=\"og:description\" content=\"Hay momentos en la historia donde la realidad no basta. Donde el mundo parece tan convulso, tan impredecible, tan lleno de sombras, que el arte deja de conformarse con describir lo que ve y comienza, mejor, a gritar lo que siente. A ese grito lo llamaron Expresionismo.Este movimiento naci\u00f3 en una Europa que se sacud\u00eda [&hellip;]\" \/>\n<meta property=\"og:url\" content=\"https:\/\/fuentesfidedignas.com.mx\/index.php\/2025\/11\/07\/el-expresionismo-cuando-el-arte-aprende-a-gritar\/\" \/>\n<meta property=\"og:site_name\" content=\"Fuentes Fidedignas\" \/>\n<meta property=\"article:publisher\" content=\"https:\/\/www.facebook.com\/Fuentes-Fidedignas-368234489921644\" \/>\n<meta property=\"article:published_time\" content=\"2025-11-07T14:58:50+00:00\" \/>\n<meta property=\"article:modified_time\" content=\"2025-11-07T14:58:53+00:00\" \/>\n<meta property=\"og:image\" content=\"https:\/\/fuentesfidedignas.com.mx\/wp-content\/uploads\/2025\/11\/Captura-de-Pantalla-2025-11-07-a-las-7.58.00.jpg\" \/>\n\t<meta property=\"og:image:width\" content=\"924\" \/>\n\t<meta property=\"og:image:height\" content=\"518\" \/>\n\t<meta property=\"og:image:type\" content=\"image\/jpeg\" \/>\n<meta name=\"author\" content=\"Luis \u00c1ngel Rivera Ayala\" \/>\n<meta name=\"twitter:card\" content=\"summary_large_image\" \/>\n<meta name=\"twitter:creator\" content=\"@fidedignas\" \/>\n<meta name=\"twitter:site\" content=\"@fidedignas\" \/>\n<meta name=\"twitter:label1\" content=\"Escrito por\" \/>\n\t<meta name=\"twitter:data1\" content=\"Luis \u00c1ngel Rivera Ayala\" \/>\n\t<meta name=\"twitter:label2\" content=\"Tiempo de lectura\" \/>\n\t<meta name=\"twitter:data2\" content=\"2 minutos\" \/>\n<script type=\"application\/ld+json\" class=\"yoast-schema-graph\">{\"@context\":\"https:\\\/\\\/schema.org\",\"@graph\":[{\"@type\":\"Article\",\"@id\":\"https:\\\/\\\/fuentesfidedignas.com.mx\\\/index.php\\\/2025\\\/11\\\/07\\\/el-expresionismo-cuando-el-arte-aprende-a-gritar\\\/#article\",\"isPartOf\":{\"@id\":\"https:\\\/\\\/fuentesfidedignas.com.mx\\\/index.php\\\/2025\\\/11\\\/07\\\/el-expresionismo-cuando-el-arte-aprende-a-gritar\\\/\"},\"author\":{\"name\":\"Luis \u00c1ngel Rivera Ayala\",\"@id\":\"https:\\\/\\\/fuentesfidedignas.com.mx\\\/#\\\/schema\\\/person\\\/a4e2898d4dca7bbeb0a2f77bb90f4817\"},\"headline\":\"El Expresionismo: cuando el arte aprende a gritar\",\"datePublished\":\"2025-11-07T14:58:50+00:00\",\"dateModified\":\"2025-11-07T14:58:53+00:00\",\"mainEntityOfPage\":{\"@id\":\"https:\\\/\\\/fuentesfidedignas.com.mx\\\/index.php\\\/2025\\\/11\\\/07\\\/el-expresionismo-cuando-el-arte-aprende-a-gritar\\\/\"},\"wordCount\":314,\"commentCount\":0,\"publisher\":{\"@id\":\"https:\\\/\\\/fuentesfidedignas.com.mx\\\/#organization\"},\"image\":{\"@id\":\"https:\\\/\\\/fuentesfidedignas.com.mx\\\/index.php\\\/2025\\\/11\\\/07\\\/el-expresionismo-cuando-el-arte-aprende-a-gritar\\\/#primaryimage\"},\"thumbnailUrl\":\"https:\\\/\\\/fuentesfidedignas.com.mx\\\/wp-content\\\/uploads\\\/2025\\\/11\\\/Captura-de-Pantalla-2025-11-07-a-las-7.58.00.jpg\",\"articleSection\":[\"RULETEANDO\"],\"inLanguage\":\"es\",\"potentialAction\":[{\"@type\":\"CommentAction\",\"name\":\"Comment\",\"target\":[\"https:\\\/\\\/fuentesfidedignas.com.mx\\\/index.php\\\/2025\\\/11\\\/07\\\/el-expresionismo-cuando-el-arte-aprende-a-gritar\\\/#respond\"]}]},{\"@type\":\"WebPage\",\"@id\":\"https:\\\/\\\/fuentesfidedignas.com.mx\\\/index.php\\\/2025\\\/11\\\/07\\\/el-expresionismo-cuando-el-arte-aprende-a-gritar\\\/\",\"url\":\"https:\\\/\\\/fuentesfidedignas.com.mx\\\/index.php\\\/2025\\\/11\\\/07\\\/el-expresionismo-cuando-el-arte-aprende-a-gritar\\\/\",\"name\":\"El Expresionismo: cuando el arte aprende a gritar - Fuentes Fidedignas\",\"isPartOf\":{\"@id\":\"https:\\\/\\\/fuentesfidedignas.com.mx\\\/#website\"},\"primaryImageOfPage\":{\"@id\":\"https:\\\/\\\/fuentesfidedignas.com.mx\\\/index.php\\\/2025\\\/11\\\/07\\\/el-expresionismo-cuando-el-arte-aprende-a-gritar\\\/#primaryimage\"},\"image\":{\"@id\":\"https:\\\/\\\/fuentesfidedignas.com.mx\\\/index.php\\\/2025\\\/11\\\/07\\\/el-expresionismo-cuando-el-arte-aprende-a-gritar\\\/#primaryimage\"},\"thumbnailUrl\":\"https:\\\/\\\/fuentesfidedignas.com.mx\\\/wp-content\\\/uploads\\\/2025\\\/11\\\/Captura-de-Pantalla-2025-11-07-a-las-7.58.00.jpg\",\"datePublished\":\"2025-11-07T14:58:50+00:00\",\"dateModified\":\"2025-11-07T14:58:53+00:00\",\"breadcrumb\":{\"@id\":\"https:\\\/\\\/fuentesfidedignas.com.mx\\\/index.php\\\/2025\\\/11\\\/07\\\/el-expresionismo-cuando-el-arte-aprende-a-gritar\\\/#breadcrumb\"},\"inLanguage\":\"es\",\"potentialAction\":[{\"@type\":\"ReadAction\",\"target\":[\"https:\\\/\\\/fuentesfidedignas.com.mx\\\/index.php\\\/2025\\\/11\\\/07\\\/el-expresionismo-cuando-el-arte-aprende-a-gritar\\\/\"]}]},{\"@type\":\"ImageObject\",\"inLanguage\":\"es\",\"@id\":\"https:\\\/\\\/fuentesfidedignas.com.mx\\\/index.php\\\/2025\\\/11\\\/07\\\/el-expresionismo-cuando-el-arte-aprende-a-gritar\\\/#primaryimage\",\"url\":\"https:\\\/\\\/fuentesfidedignas.com.mx\\\/wp-content\\\/uploads\\\/2025\\\/11\\\/Captura-de-Pantalla-2025-11-07-a-las-7.58.00.jpg\",\"contentUrl\":\"https:\\\/\\\/fuentesfidedignas.com.mx\\\/wp-content\\\/uploads\\\/2025\\\/11\\\/Captura-de-Pantalla-2025-11-07-a-las-7.58.00.jpg\",\"width\":924,\"height\":518},{\"@type\":\"BreadcrumbList\",\"@id\":\"https:\\\/\\\/fuentesfidedignas.com.mx\\\/index.php\\\/2025\\\/11\\\/07\\\/el-expresionismo-cuando-el-arte-aprende-a-gritar\\\/#breadcrumb\",\"itemListElement\":[{\"@type\":\"ListItem\",\"position\":1,\"name\":\"Inicio\",\"item\":\"https:\\\/\\\/fuentesfidedignas.com.mx\\\/\"},{\"@type\":\"ListItem\",\"position\":2,\"name\":\"El Expresionismo: cuando el arte aprende a gritar\"}]},{\"@type\":\"WebSite\",\"@id\":\"https:\\\/\\\/fuentesfidedignas.com.mx\\\/#website\",\"url\":\"https:\\\/\\\/fuentesfidedignas.com.mx\\\/\",\"name\":\"Fuentes Fidedignas\",\"description\":\"Otro sitio realizado con WordPress\",\"publisher\":{\"@id\":\"https:\\\/\\\/fuentesfidedignas.com.mx\\\/#organization\"},\"potentialAction\":[{\"@type\":\"SearchAction\",\"target\":{\"@type\":\"EntryPoint\",\"urlTemplate\":\"https:\\\/\\\/fuentesfidedignas.com.mx\\\/?s={search_term_string}\"},\"query-input\":{\"@type\":\"PropertyValueSpecification\",\"valueRequired\":true,\"valueName\":\"search_term_string\"}}],\"inLanguage\":\"es\"},{\"@type\":\"Organization\",\"@id\":\"https:\\\/\\\/fuentesfidedignas.com.mx\\\/#organization\",\"name\":\"Fuentes Fidedignas\",\"url\":\"https:\\\/\\\/fuentesfidedignas.com.mx\\\/\",\"logo\":{\"@type\":\"ImageObject\",\"inLanguage\":\"es\",\"@id\":\"https:\\\/\\\/fuentesfidedignas.com.mx\\\/#\\\/schema\\\/logo\\\/image\\\/\",\"url\":\"https:\\\/\\\/fuentesfidedignas.com.mx\\\/wp-content\\\/uploads\\\/2021\\\/04\\\/logo-retina.png\",\"contentUrl\":\"https:\\\/\\\/fuentesfidedignas.com.mx\\\/wp-content\\\/uploads\\\/2021\\\/04\\\/logo-retina.png\",\"width\":280,\"height\":51,\"caption\":\"Fuentes Fidedignas\"},\"image\":{\"@id\":\"https:\\\/\\\/fuentesfidedignas.com.mx\\\/#\\\/schema\\\/logo\\\/image\\\/\"},\"sameAs\":[\"https:\\\/\\\/www.facebook.com\\\/Fuentes-Fidedignas-368234489921644\",\"https:\\\/\\\/x.com\\\/fidedignas\"]},{\"@type\":\"Person\",\"@id\":\"https:\\\/\\\/fuentesfidedignas.com.mx\\\/#\\\/schema\\\/person\\\/a4e2898d4dca7bbeb0a2f77bb90f4817\",\"name\":\"Luis \u00c1ngel Rivera Ayala\",\"image\":{\"@type\":\"ImageObject\",\"inLanguage\":\"es\",\"@id\":\"https:\\\/\\\/fuentesfidedignas.com.mx\\\/wp-content\\\/uploads\\\/2025\\\/02\\\/Luis_Angel-2025-removebg-preview-150x150.png\",\"url\":\"https:\\\/\\\/fuentesfidedignas.com.mx\\\/wp-content\\\/uploads\\\/2025\\\/02\\\/Luis_Angel-2025-removebg-preview-150x150.png\",\"contentUrl\":\"https:\\\/\\\/fuentesfidedignas.com.mx\\\/wp-content\\\/uploads\\\/2025\\\/02\\\/Luis_Angel-2025-removebg-preview-150x150.png\",\"caption\":\"Luis \u00c1ngel Rivera Ayala\"},\"url\":\"https:\\\/\\\/fuentesfidedignas.com.mx\\\/index.php\\\/author\\\/luisar\\\/\"}]}<\/script>\n<!-- \/ Yoast SEO plugin. -->","yoast_head_json":{"title":"El Expresionismo: cuando el arte aprende a gritar - Fuentes Fidedignas","robots":{"index":"index","follow":"follow","max-snippet":"max-snippet:-1","max-image-preview":"max-image-preview:large","max-video-preview":"max-video-preview:-1"},"canonical":"https:\/\/fuentesfidedignas.com.mx\/index.php\/2025\/11\/07\/el-expresionismo-cuando-el-arte-aprende-a-gritar\/","og_locale":"es_MX","og_type":"article","og_title":"El Expresionismo: cuando el arte aprende a gritar - Fuentes Fidedignas","og_description":"Hay momentos en la historia donde la realidad no basta. Donde el mundo parece tan convulso, tan impredecible, tan lleno de sombras, que el arte deja de conformarse con describir lo que ve y comienza, mejor, a gritar lo que siente. A ese grito lo llamaron Expresionismo.Este movimiento naci\u00f3 en una Europa que se sacud\u00eda [&hellip;]","og_url":"https:\/\/fuentesfidedignas.com.mx\/index.php\/2025\/11\/07\/el-expresionismo-cuando-el-arte-aprende-a-gritar\/","og_site_name":"Fuentes Fidedignas","article_publisher":"https:\/\/www.facebook.com\/Fuentes-Fidedignas-368234489921644","article_published_time":"2025-11-07T14:58:50+00:00","article_modified_time":"2025-11-07T14:58:53+00:00","og_image":[{"width":924,"height":518,"url":"https:\/\/fuentesfidedignas.com.mx\/wp-content\/uploads\/2025\/11\/Captura-de-Pantalla-2025-11-07-a-las-7.58.00.jpg","type":"image\/jpeg"}],"author":"Luis \u00c1ngel Rivera Ayala","twitter_card":"summary_large_image","twitter_creator":"@fidedignas","twitter_site":"@fidedignas","twitter_misc":{"Escrito por":"Luis \u00c1ngel Rivera Ayala","Tiempo de lectura":"2 minutos"},"schema":{"@context":"https:\/\/schema.org","@graph":[{"@type":"Article","@id":"https:\/\/fuentesfidedignas.com.mx\/index.php\/2025\/11\/07\/el-expresionismo-cuando-el-arte-aprende-a-gritar\/#article","isPartOf":{"@id":"https:\/\/fuentesfidedignas.com.mx\/index.php\/2025\/11\/07\/el-expresionismo-cuando-el-arte-aprende-a-gritar\/"},"author":{"name":"Luis \u00c1ngel Rivera Ayala","@id":"https:\/\/fuentesfidedignas.com.mx\/#\/schema\/person\/a4e2898d4dca7bbeb0a2f77bb90f4817"},"headline":"El Expresionismo: cuando el arte aprende a gritar","datePublished":"2025-11-07T14:58:50+00:00","dateModified":"2025-11-07T14:58:53+00:00","mainEntityOfPage":{"@id":"https:\/\/fuentesfidedignas.com.mx\/index.php\/2025\/11\/07\/el-expresionismo-cuando-el-arte-aprende-a-gritar\/"},"wordCount":314,"commentCount":0,"publisher":{"@id":"https:\/\/fuentesfidedignas.com.mx\/#organization"},"image":{"@id":"https:\/\/fuentesfidedignas.com.mx\/index.php\/2025\/11\/07\/el-expresionismo-cuando-el-arte-aprende-a-gritar\/#primaryimage"},"thumbnailUrl":"https:\/\/fuentesfidedignas.com.mx\/wp-content\/uploads\/2025\/11\/Captura-de-Pantalla-2025-11-07-a-las-7.58.00.jpg","articleSection":["RULETEANDO"],"inLanguage":"es","potentialAction":[{"@type":"CommentAction","name":"Comment","target":["https:\/\/fuentesfidedignas.com.mx\/index.php\/2025\/11\/07\/el-expresionismo-cuando-el-arte-aprende-a-gritar\/#respond"]}]},{"@type":"WebPage","@id":"https:\/\/fuentesfidedignas.com.mx\/index.php\/2025\/11\/07\/el-expresionismo-cuando-el-arte-aprende-a-gritar\/","url":"https:\/\/fuentesfidedignas.com.mx\/index.php\/2025\/11\/07\/el-expresionismo-cuando-el-arte-aprende-a-gritar\/","name":"El Expresionismo: cuando el arte aprende a gritar - Fuentes Fidedignas","isPartOf":{"@id":"https:\/\/fuentesfidedignas.com.mx\/#website"},"primaryImageOfPage":{"@id":"https:\/\/fuentesfidedignas.com.mx\/index.php\/2025\/11\/07\/el-expresionismo-cuando-el-arte-aprende-a-gritar\/#primaryimage"},"image":{"@id":"https:\/\/fuentesfidedignas.com.mx\/index.php\/2025\/11\/07\/el-expresionismo-cuando-el-arte-aprende-a-gritar\/#primaryimage"},"thumbnailUrl":"https:\/\/fuentesfidedignas.com.mx\/wp-content\/uploads\/2025\/11\/Captura-de-Pantalla-2025-11-07-a-las-7.58.00.jpg","datePublished":"2025-11-07T14:58:50+00:00","dateModified":"2025-11-07T14:58:53+00:00","breadcrumb":{"@id":"https:\/\/fuentesfidedignas.com.mx\/index.php\/2025\/11\/07\/el-expresionismo-cuando-el-arte-aprende-a-gritar\/#breadcrumb"},"inLanguage":"es","potentialAction":[{"@type":"ReadAction","target":["https:\/\/fuentesfidedignas.com.mx\/index.php\/2025\/11\/07\/el-expresionismo-cuando-el-arte-aprende-a-gritar\/"]}]},{"@type":"ImageObject","inLanguage":"es","@id":"https:\/\/fuentesfidedignas.com.mx\/index.php\/2025\/11\/07\/el-expresionismo-cuando-el-arte-aprende-a-gritar\/#primaryimage","url":"https:\/\/fuentesfidedignas.com.mx\/wp-content\/uploads\/2025\/11\/Captura-de-Pantalla-2025-11-07-a-las-7.58.00.jpg","contentUrl":"https:\/\/fuentesfidedignas.com.mx\/wp-content\/uploads\/2025\/11\/Captura-de-Pantalla-2025-11-07-a-las-7.58.00.jpg","width":924,"height":518},{"@type":"BreadcrumbList","@id":"https:\/\/fuentesfidedignas.com.mx\/index.php\/2025\/11\/07\/el-expresionismo-cuando-el-arte-aprende-a-gritar\/#breadcrumb","itemListElement":[{"@type":"ListItem","position":1,"name":"Inicio","item":"https:\/\/fuentesfidedignas.com.mx\/"},{"@type":"ListItem","position":2,"name":"El Expresionismo: cuando el arte aprende a gritar"}]},{"@type":"WebSite","@id":"https:\/\/fuentesfidedignas.com.mx\/#website","url":"https:\/\/fuentesfidedignas.com.mx\/","name":"Fuentes Fidedignas","description":"Otro sitio realizado con WordPress","publisher":{"@id":"https:\/\/fuentesfidedignas.com.mx\/#organization"},"potentialAction":[{"@type":"SearchAction","target":{"@type":"EntryPoint","urlTemplate":"https:\/\/fuentesfidedignas.com.mx\/?s={search_term_string}"},"query-input":{"@type":"PropertyValueSpecification","valueRequired":true,"valueName":"search_term_string"}}],"inLanguage":"es"},{"@type":"Organization","@id":"https:\/\/fuentesfidedignas.com.mx\/#organization","name":"Fuentes Fidedignas","url":"https:\/\/fuentesfidedignas.com.mx\/","logo":{"@type":"ImageObject","inLanguage":"es","@id":"https:\/\/fuentesfidedignas.com.mx\/#\/schema\/logo\/image\/","url":"https:\/\/fuentesfidedignas.com.mx\/wp-content\/uploads\/2021\/04\/logo-retina.png","contentUrl":"https:\/\/fuentesfidedignas.com.mx\/wp-content\/uploads\/2021\/04\/logo-retina.png","width":280,"height":51,"caption":"Fuentes Fidedignas"},"image":{"@id":"https:\/\/fuentesfidedignas.com.mx\/#\/schema\/logo\/image\/"},"sameAs":["https:\/\/www.facebook.com\/Fuentes-Fidedignas-368234489921644","https:\/\/x.com\/fidedignas"]},{"@type":"Person","@id":"https:\/\/fuentesfidedignas.com.mx\/#\/schema\/person\/a4e2898d4dca7bbeb0a2f77bb90f4817","name":"Luis \u00c1ngel Rivera Ayala","image":{"@type":"ImageObject","inLanguage":"es","@id":"https:\/\/fuentesfidedignas.com.mx\/wp-content\/uploads\/2025\/02\/Luis_Angel-2025-removebg-preview-150x150.png","url":"https:\/\/fuentesfidedignas.com.mx\/wp-content\/uploads\/2025\/02\/Luis_Angel-2025-removebg-preview-150x150.png","contentUrl":"https:\/\/fuentesfidedignas.com.mx\/wp-content\/uploads\/2025\/02\/Luis_Angel-2025-removebg-preview-150x150.png","caption":"Luis \u00c1ngel Rivera Ayala"},"url":"https:\/\/fuentesfidedignas.com.mx\/index.php\/author\/luisar\/"}]}},"_links":{"self":[{"href":"https:\/\/fuentesfidedignas.com.mx\/index.php\/wp-json\/wp\/v2\/posts\/121077","targetHints":{"allow":["GET"]}}],"collection":[{"href":"https:\/\/fuentesfidedignas.com.mx\/index.php\/wp-json\/wp\/v2\/posts"}],"about":[{"href":"https:\/\/fuentesfidedignas.com.mx\/index.php\/wp-json\/wp\/v2\/types\/post"}],"author":[{"embeddable":true,"href":"https:\/\/fuentesfidedignas.com.mx\/index.php\/wp-json\/wp\/v2\/users\/139"}],"replies":[{"embeddable":true,"href":"https:\/\/fuentesfidedignas.com.mx\/index.php\/wp-json\/wp\/v2\/comments?post=121077"}],"version-history":[{"count":1,"href":"https:\/\/fuentesfidedignas.com.mx\/index.php\/wp-json\/wp\/v2\/posts\/121077\/revisions"}],"predecessor-version":[{"id":121079,"href":"https:\/\/fuentesfidedignas.com.mx\/index.php\/wp-json\/wp\/v2\/posts\/121077\/revisions\/121079"}],"wp:featuredmedia":[{"embeddable":true,"href":"https:\/\/fuentesfidedignas.com.mx\/index.php\/wp-json\/wp\/v2\/media\/121078"}],"wp:attachment":[{"href":"https:\/\/fuentesfidedignas.com.mx\/index.php\/wp-json\/wp\/v2\/media?parent=121077"}],"wp:term":[{"taxonomy":"category","embeddable":true,"href":"https:\/\/fuentesfidedignas.com.mx\/index.php\/wp-json\/wp\/v2\/categories?post=121077"},{"taxonomy":"post_tag","embeddable":true,"href":"https:\/\/fuentesfidedignas.com.mx\/index.php\/wp-json\/wp\/v2\/tags?post=121077"}],"curies":[{"name":"wp","href":"https:\/\/api.w.org\/{rel}","templated":true}]}}