{"id":121069,"date":"2025-11-06T17:15:46","date_gmt":"2025-11-07T00:15:46","guid":{"rendered":"https:\/\/fuentesfidedignas.com.mx\/?p=121069"},"modified":"2025-11-06T17:15:46","modified_gmt":"2025-11-07T00:15:46","slug":"concluye-comision-de-fiscalizacion-revision-de-cuentas-publicas-aprueba-las-del-ejecutivo-legislativo-y-judicial","status":"publish","type":"post","link":"https:\/\/fuentesfidedignas.com.mx\/index.php\/2025\/11\/06\/concluye-comision-de-fiscalizacion-revision-de-cuentas-publicas-aprueba-las-del-ejecutivo-legislativo-y-judicial\/","title":{"rendered":"Concluye Comisi\u00f3n de Fiscalizaci\u00f3n revisi\u00f3n de Cuentas P\u00fablicas; aprueba las del Ejecutivo, Legislativo y Judicial"},"content":{"rendered":"\n<p><\/p>\n\n\n\n<p>Culiac\u00e1n, Sinaloa.- La Comisi\u00f3n de Fiscalizaci\u00f3n del Congreso del Estado continu\u00f3 este jueves con la revisi\u00f3n y dictaminaci\u00f3n de Cuentas P\u00fablicas, tocando el turno ahora a los Poderes Ejecutivo, Legislativo y Judicial, correspondientes al ejercicio fiscal 2024, mismas que fueron aprobados por unanimidad de las diputadas y diputados presentes.<\/p>\n\n\n\n<p>Asimismo, se aprobaron por unanimidad las Cuentas P\u00fablicas de tres Organismos Aut\u00f3nomos y de los entes estatales, y en el caso de las Cuentas P\u00fablicas de los Organismos Paramunicipales, hubo aprobaciones y desaprobaciones.<br>ORGANISMOS PARAESTATALES<br>Las Cuentas P\u00fablicas aprobadas corresponden a:<br>Centro de Conciliaci\u00f3n Laboral de Sinaloa.<br>COBAES.<br>CONALEP.<br>Comisi\u00f3n Estatal de Agua Potable y Alcantarillado de Sinaloa.<br>Escuela Normal de Especializaci\u00f3n del Estado de Sinaloa.<br>Hospital Civil de Culiac\u00e1n.<br>Instituto Sinaloense de la Infraestructura F\u00edsica Educativa.<br>Preesforzados, Concretos y Agregados de Sinaloa.<br>Servicios de Salud en Sinaloa.<br>Universidad Polit\u00e9cnica de Sinaloa.<br>ORGANISMOS PARAMUNCIPALES<br>En este caso la Comisi\u00f3n de Fiscalizaci\u00f3n someti\u00f3 a votaci\u00f3n las Cuentas P\u00fablicas en dos bloques.<br>En un bloque se aprobaron por unanimidad las Cuentas P\u00fablicas del Instituto Municipal del Deporte de Mazatl\u00e1n, las Juntas de Agua Potable y Alcantarillado de los municipios de Culiac\u00e1n y El Fuerte, Rastro de Mazatl\u00e1n y los Sistemas DIF de Ahome y Culiac\u00e1n.<br>En otro bloque se desaprobaron las Cuentas P\u00fablicas de:<br>Instituto Municipal de Cultura de Culiac\u00e1n y las Juntas de Agua Potable y Alcantarillado de los municipios de Ahome, Guasave, Mazatl\u00e1n y Navolato.<br>ORGANISMOS AUT\u00d3NOMOS<br>En este caso se aprobaron por unanimidad las Cuentas P\u00fablicas de:<br>Comisi\u00f3n Estatal para el Acceso a la Informaci\u00f3n P\u00fablica.<br>Fiscal\u00eda General del Estado de Sinaloa.<br>Instituto Electoral del Estado de Sinaloa.<br>En la parte final se aprob\u00f3 el Informe General Ejecutivo presentado por la Auditor\u00eda Superior del Estado, que contempla los resultados de todos los informes individuales que fueron analizados y dictaminados durante la reuni\u00f3n de trabajo.<br>La Comisi\u00f3n de Fiscalizaci\u00f3n acord\u00f3 enviar los correspondientes dict\u00e1menes a la Junta de Coordinaci\u00f3n Pol\u00edtica del Congreso del Estado para que los agende en pr\u00f3ximas Sesiones Ordinarias.<br>Participaron en la reuni\u00f3n de la Comisi\u00f3n los diputados y diputadas Eligio L\u00f3pez Portillo, Roxana Rubio Valdez, Sergio Torres F\u00e9lix, Manuel de Jes\u00fas Guerrero Verdugo, Karla Daniela Ulloa Rodr\u00edguez y Luz Ver\u00f3nica Avil\u00e9s Roch\u00edn, presidente secretaria y vocales, respectivamente.<\/p>\n","protected":false},"excerpt":{"rendered":"<p>Culiac\u00e1n, Sinaloa.- La Comisi\u00f3n de Fiscalizaci\u00f3n del Congreso del Estado continu\u00f3 este jueves con la revisi\u00f3n y dictaminaci\u00f3n de Cuentas P\u00fablicas, tocando el turno ahora a los Poderes Ejecutivo, Legislativo y Judicial, correspondientes al ejercicio fiscal 2024, mismas que fueron aprobados por unanimidad de las diputadas y diputados presentes. Asimismo, se aprobaron por unanimidad las [&hellip;]<\/p>\n","protected":false},"author":4,"featured_media":121068,"comment_status":"closed","ping_status":"open","sticky":false,"template":"","format":"standard","meta":{"tdm_status":"","tdm_grid_status":"","footnotes":""},"categories":[38],"tags":[],"class_list":{"0":"post-121069","1":"post","2":"type-post","3":"status-publish","4":"format-standard","5":"has-post-thumbnail","7":"category-noticias-locales"},"yoast_head":"<!-- This site is optimized with the Yoast SEO plugin v27.5 - https:\/\/yoast.com\/product\/yoast-seo-wordpress\/ -->\n<title>Concluye Comisi\u00f3n de Fiscalizaci\u00f3n revisi\u00f3n de Cuentas P\u00fablicas; aprueba las del Ejecutivo, Legislativo y Judicial - Fuentes Fidedignas<\/title>\n<meta name=\"robots\" content=\"index, follow, max-snippet:-1, max-image-preview:large, max-video-preview:-1\" \/>\n<link rel=\"canonical\" href=\"https:\/\/fuentesfidedignas.com.mx\/index.php\/2025\/11\/06\/concluye-comision-de-fiscalizacion-revision-de-cuentas-publicas-aprueba-las-del-ejecutivo-legislativo-y-judicial\/\" \/>\n<meta property=\"og:locale\" content=\"es_MX\" \/>\n<meta property=\"og:type\" content=\"article\" \/>\n<meta property=\"og:title\" content=\"Concluye Comisi\u00f3n de Fiscalizaci\u00f3n revisi\u00f3n de Cuentas P\u00fablicas; aprueba las del Ejecutivo, Legislativo y Judicial - Fuentes Fidedignas\" \/>\n<meta property=\"og:description\" content=\"Culiac\u00e1n, Sinaloa.- La Comisi\u00f3n de Fiscalizaci\u00f3n del Congreso del Estado continu\u00f3 este jueves con la revisi\u00f3n y dictaminaci\u00f3n de Cuentas P\u00fablicas, tocando el turno ahora a los Poderes Ejecutivo, Legislativo y Judicial, correspondientes al ejercicio fiscal 2024, mismas que fueron aprobados por unanimidad de las diputadas y diputados presentes. Asimismo, se aprobaron por unanimidad las [&hellip;]\" \/>\n<meta property=\"og:url\" content=\"https:\/\/fuentesfidedignas.com.mx\/index.php\/2025\/11\/06\/concluye-comision-de-fiscalizacion-revision-de-cuentas-publicas-aprueba-las-del-ejecutivo-legislativo-y-judicial\/\" \/>\n<meta property=\"og:site_name\" content=\"Fuentes Fidedignas\" \/>\n<meta property=\"article:publisher\" content=\"https:\/\/www.facebook.com\/Fuentes-Fidedignas-368234489921644\" \/>\n<meta property=\"article:published_time\" content=\"2025-11-07T00:15:46+00:00\" \/>\n<meta property=\"og:image\" content=\"https:\/\/fuentesfidedignas.com.mx\/wp-content\/uploads\/2025\/11\/8084f2b9-d52d-46c3-919c-e3aa3e791d18-1.jpg\" \/>\n\t<meta property=\"og:image:width\" content=\"1600\" \/>\n\t<meta property=\"og:image:height\" content=\"1080\" \/>\n\t<meta property=\"og:image:type\" content=\"image\/jpeg\" \/>\n<meta name=\"author\" content=\"Redacci\u00f3n\" \/>\n<meta name=\"twitter:card\" content=\"summary_large_image\" \/>\n<meta name=\"twitter:creator\" content=\"@fidedignas\" \/>\n<meta name=\"twitter:site\" content=\"@fidedignas\" \/>\n<meta name=\"twitter:label1\" content=\"Escrito por\" \/>\n\t<meta name=\"twitter:data1\" content=\"Redacci\u00f3n\" \/>\n\t<meta name=\"twitter:label2\" content=\"Tiempo de lectura\" \/>\n\t<meta name=\"twitter:data2\" content=\"2 minutos\" \/>\n<script type=\"application\/ld+json\" class=\"yoast-schema-graph\">{\"@context\":\"https:\\\/\\\/schema.org\",\"@graph\":[{\"@type\":\"Article\",\"@id\":\"https:\\\/\\\/fuentesfidedignas.com.mx\\\/index.php\\\/2025\\\/11\\\/06\\\/concluye-comision-de-fiscalizacion-revision-de-cuentas-publicas-aprueba-las-del-ejecutivo-legislativo-y-judicial\\\/#article\",\"isPartOf\":{\"@id\":\"https:\\\/\\\/fuentesfidedignas.com.mx\\\/index.php\\\/2025\\\/11\\\/06\\\/concluye-comision-de-fiscalizacion-revision-de-cuentas-publicas-aprueba-las-del-ejecutivo-legislativo-y-judicial\\\/\"},\"author\":{\"name\":\"Redacci\u00f3n\",\"@id\":\"https:\\\/\\\/fuentesfidedignas.com.mx\\\/#\\\/schema\\\/person\\\/331be9283d37198e2acd5750279085b0\"},\"headline\":\"Concluye Comisi\u00f3n de Fiscalizaci\u00f3n revisi\u00f3n de Cuentas P\u00fablicas; aprueba las del Ejecutivo, Legislativo y Judicial\",\"datePublished\":\"2025-11-07T00:15:46+00:00\",\"mainEntityOfPage\":{\"@id\":\"https:\\\/\\\/fuentesfidedignas.com.mx\\\/index.php\\\/2025\\\/11\\\/06\\\/concluye-comision-de-fiscalizacion-revision-de-cuentas-publicas-aprueba-las-del-ejecutivo-legislativo-y-judicial\\\/\"},\"wordCount\":437,\"publisher\":{\"@id\":\"https:\\\/\\\/fuentesfidedignas.com.mx\\\/#organization\"},\"image\":{\"@id\":\"https:\\\/\\\/fuentesfidedignas.com.mx\\\/index.php\\\/2025\\\/11\\\/06\\\/concluye-comision-de-fiscalizacion-revision-de-cuentas-publicas-aprueba-las-del-ejecutivo-legislativo-y-judicial\\\/#primaryimage\"},\"thumbnailUrl\":\"https:\\\/\\\/fuentesfidedignas.com.mx\\\/wp-content\\\/uploads\\\/2025\\\/11\\\/8084f2b9-d52d-46c3-919c-e3aa3e791d18-1.jpg\",\"articleSection\":[\"NOTICIAS LOCALES\"],\"inLanguage\":\"es\"},{\"@type\":\"WebPage\",\"@id\":\"https:\\\/\\\/fuentesfidedignas.com.mx\\\/index.php\\\/2025\\\/11\\\/06\\\/concluye-comision-de-fiscalizacion-revision-de-cuentas-publicas-aprueba-las-del-ejecutivo-legislativo-y-judicial\\\/\",\"url\":\"https:\\\/\\\/fuentesfidedignas.com.mx\\\/index.php\\\/2025\\\/11\\\/06\\\/concluye-comision-de-fiscalizacion-revision-de-cuentas-publicas-aprueba-las-del-ejecutivo-legislativo-y-judicial\\\/\",\"name\":\"Concluye Comisi\u00f3n de Fiscalizaci\u00f3n revisi\u00f3n de Cuentas P\u00fablicas; aprueba las del Ejecutivo, Legislativo y Judicial - Fuentes Fidedignas\",\"isPartOf\":{\"@id\":\"https:\\\/\\\/fuentesfidedignas.com.mx\\\/#website\"},\"primaryImageOfPage\":{\"@id\":\"https:\\\/\\\/fuentesfidedignas.com.mx\\\/index.php\\\/2025\\\/11\\\/06\\\/concluye-comision-de-fiscalizacion-revision-de-cuentas-publicas-aprueba-las-del-ejecutivo-legislativo-y-judicial\\\/#primaryimage\"},\"image\":{\"@id\":\"https:\\\/\\\/fuentesfidedignas.com.mx\\\/index.php\\\/2025\\\/11\\\/06\\\/concluye-comision-de-fiscalizacion-revision-de-cuentas-publicas-aprueba-las-del-ejecutivo-legislativo-y-judicial\\\/#primaryimage\"},\"thumbnailUrl\":\"https:\\\/\\\/fuentesfidedignas.com.mx\\\/wp-content\\\/uploads\\\/2025\\\/11\\\/8084f2b9-d52d-46c3-919c-e3aa3e791d18-1.jpg\",\"datePublished\":\"2025-11-07T00:15:46+00:00\",\"breadcrumb\":{\"@id\":\"https:\\\/\\\/fuentesfidedignas.com.mx\\\/index.php\\\/2025\\\/11\\\/06\\\/concluye-comision-de-fiscalizacion-revision-de-cuentas-publicas-aprueba-las-del-ejecutivo-legislativo-y-judicial\\\/#breadcrumb\"},\"inLanguage\":\"es\",\"potentialAction\":[{\"@type\":\"ReadAction\",\"target\":[\"https:\\\/\\\/fuentesfidedignas.com.mx\\\/index.php\\\/2025\\\/11\\\/06\\\/concluye-comision-de-fiscalizacion-revision-de-cuentas-publicas-aprueba-las-del-ejecutivo-legislativo-y-judicial\\\/\"]}]},{\"@type\":\"ImageObject\",\"inLanguage\":\"es\",\"@id\":\"https:\\\/\\\/fuentesfidedignas.com.mx\\\/index.php\\\/2025\\\/11\\\/06\\\/concluye-comision-de-fiscalizacion-revision-de-cuentas-publicas-aprueba-las-del-ejecutivo-legislativo-y-judicial\\\/#primaryimage\",\"url\":\"https:\\\/\\\/fuentesfidedignas.com.mx\\\/wp-content\\\/uploads\\\/2025\\\/11\\\/8084f2b9-d52d-46c3-919c-e3aa3e791d18-1.jpg\",\"contentUrl\":\"https:\\\/\\\/fuentesfidedignas.com.mx\\\/wp-content\\\/uploads\\\/2025\\\/11\\\/8084f2b9-d52d-46c3-919c-e3aa3e791d18-1.jpg\",\"width\":1600,\"height\":1080},{\"@type\":\"BreadcrumbList\",\"@id\":\"https:\\\/\\\/fuentesfidedignas.com.mx\\\/index.php\\\/2025\\\/11\\\/06\\\/concluye-comision-de-fiscalizacion-revision-de-cuentas-publicas-aprueba-las-del-ejecutivo-legislativo-y-judicial\\\/#breadcrumb\",\"itemListElement\":[{\"@type\":\"ListItem\",\"position\":1,\"name\":\"Inicio\",\"item\":\"https:\\\/\\\/fuentesfidedignas.com.mx\\\/\"},{\"@type\":\"ListItem\",\"position\":2,\"name\":\"Concluye Comisi\u00f3n de Fiscalizaci\u00f3n revisi\u00f3n de Cuentas P\u00fablicas; aprueba las del Ejecutivo, Legislativo y Judicial\"}]},{\"@type\":\"WebSite\",\"@id\":\"https:\\\/\\\/fuentesfidedignas.com.mx\\\/#website\",\"url\":\"https:\\\/\\\/fuentesfidedignas.com.mx\\\/\",\"name\":\"Fuentes Fidedignas\",\"description\":\"Otro sitio realizado con WordPress\",\"publisher\":{\"@id\":\"https:\\\/\\\/fuentesfidedignas.com.mx\\\/#organization\"},\"potentialAction\":[{\"@type\":\"SearchAction\",\"target\":{\"@type\":\"EntryPoint\",\"urlTemplate\":\"https:\\\/\\\/fuentesfidedignas.com.mx\\\/?s={search_term_string}\"},\"query-input\":{\"@type\":\"PropertyValueSpecification\",\"valueRequired\":true,\"valueName\":\"search_term_string\"}}],\"inLanguage\":\"es\"},{\"@type\":\"Organization\",\"@id\":\"https:\\\/\\\/fuentesfidedignas.com.mx\\\/#organization\",\"name\":\"Fuentes Fidedignas\",\"url\":\"https:\\\/\\\/fuentesfidedignas.com.mx\\\/\",\"logo\":{\"@type\":\"ImageObject\",\"inLanguage\":\"es\",\"@id\":\"https:\\\/\\\/fuentesfidedignas.com.mx\\\/#\\\/schema\\\/logo\\\/image\\\/\",\"url\":\"https:\\\/\\\/fuentesfidedignas.com.mx\\\/wp-content\\\/uploads\\\/2021\\\/04\\\/logo-retina.png\",\"contentUrl\":\"https:\\\/\\\/fuentesfidedignas.com.mx\\\/wp-content\\\/uploads\\\/2021\\\/04\\\/logo-retina.png\",\"width\":280,\"height\":51,\"caption\":\"Fuentes Fidedignas\"},\"image\":{\"@id\":\"https:\\\/\\\/fuentesfidedignas.com.mx\\\/#\\\/schema\\\/logo\\\/image\\\/\"},\"sameAs\":[\"https:\\\/\\\/www.facebook.com\\\/Fuentes-Fidedignas-368234489921644\",\"https:\\\/\\\/x.com\\\/fidedignas\"]},{\"@type\":\"Person\",\"@id\":\"https:\\\/\\\/fuentesfidedignas.com.mx\\\/#\\\/schema\\\/person\\\/331be9283d37198e2acd5750279085b0\",\"name\":\"Redacci\u00f3n\",\"image\":{\"@type\":\"ImageObject\",\"inLanguage\":\"es\",\"@id\":\"https:\\\/\\\/secure.gravatar.com\\\/avatar\\\/f6d8782c11d12b2d4ad3fbb6931aeab5309937a4d6cd2fc9cfaa28a6396a5aec?s=96&d=mm&r=g\",\"url\":\"https:\\\/\\\/secure.gravatar.com\\\/avatar\\\/f6d8782c11d12b2d4ad3fbb6931aeab5309937a4d6cd2fc9cfaa28a6396a5aec?s=96&d=mm&r=g\",\"contentUrl\":\"https:\\\/\\\/secure.gravatar.com\\\/avatar\\\/f6d8782c11d12b2d4ad3fbb6931aeab5309937a4d6cd2fc9cfaa28a6396a5aec?s=96&d=mm&r=g\",\"caption\":\"Redacci\u00f3n\"},\"url\":\"https:\\\/\\\/fuentesfidedignas.com.mx\\\/index.php\\\/author\\\/redaccion\\\/\"}]}<\/script>\n<!-- \/ Yoast SEO plugin. -->","yoast_head_json":{"title":"Concluye Comisi\u00f3n de Fiscalizaci\u00f3n revisi\u00f3n de Cuentas P\u00fablicas; aprueba las del Ejecutivo, Legislativo y Judicial - Fuentes Fidedignas","robots":{"index":"index","follow":"follow","max-snippet":"max-snippet:-1","max-image-preview":"max-image-preview:large","max-video-preview":"max-video-preview:-1"},"canonical":"https:\/\/fuentesfidedignas.com.mx\/index.php\/2025\/11\/06\/concluye-comision-de-fiscalizacion-revision-de-cuentas-publicas-aprueba-las-del-ejecutivo-legislativo-y-judicial\/","og_locale":"es_MX","og_type":"article","og_title":"Concluye Comisi\u00f3n de Fiscalizaci\u00f3n revisi\u00f3n de Cuentas P\u00fablicas; aprueba las del Ejecutivo, Legislativo y Judicial - Fuentes Fidedignas","og_description":"Culiac\u00e1n, Sinaloa.- La Comisi\u00f3n de Fiscalizaci\u00f3n del Congreso del Estado continu\u00f3 este jueves con la revisi\u00f3n y dictaminaci\u00f3n de Cuentas P\u00fablicas, tocando el turno ahora a los Poderes Ejecutivo, Legislativo y Judicial, correspondientes al ejercicio fiscal 2024, mismas que fueron aprobados por unanimidad de las diputadas y diputados presentes. Asimismo, se aprobaron por unanimidad las [&hellip;]","og_url":"https:\/\/fuentesfidedignas.com.mx\/index.php\/2025\/11\/06\/concluye-comision-de-fiscalizacion-revision-de-cuentas-publicas-aprueba-las-del-ejecutivo-legislativo-y-judicial\/","og_site_name":"Fuentes Fidedignas","article_publisher":"https:\/\/www.facebook.com\/Fuentes-Fidedignas-368234489921644","article_published_time":"2025-11-07T00:15:46+00:00","og_image":[{"width":1600,"height":1080,"url":"https:\/\/fuentesfidedignas.com.mx\/wp-content\/uploads\/2025\/11\/8084f2b9-d52d-46c3-919c-e3aa3e791d18-1.jpg","type":"image\/jpeg"}],"author":"Redacci\u00f3n","twitter_card":"summary_large_image","twitter_creator":"@fidedignas","twitter_site":"@fidedignas","twitter_misc":{"Escrito por":"Redacci\u00f3n","Tiempo de lectura":"2 minutos"},"schema":{"@context":"https:\/\/schema.org","@graph":[{"@type":"Article","@id":"https:\/\/fuentesfidedignas.com.mx\/index.php\/2025\/11\/06\/concluye-comision-de-fiscalizacion-revision-de-cuentas-publicas-aprueba-las-del-ejecutivo-legislativo-y-judicial\/#article","isPartOf":{"@id":"https:\/\/fuentesfidedignas.com.mx\/index.php\/2025\/11\/06\/concluye-comision-de-fiscalizacion-revision-de-cuentas-publicas-aprueba-las-del-ejecutivo-legislativo-y-judicial\/"},"author":{"name":"Redacci\u00f3n","@id":"https:\/\/fuentesfidedignas.com.mx\/#\/schema\/person\/331be9283d37198e2acd5750279085b0"},"headline":"Concluye Comisi\u00f3n de Fiscalizaci\u00f3n revisi\u00f3n de Cuentas P\u00fablicas; aprueba las del Ejecutivo, Legislativo y Judicial","datePublished":"2025-11-07T00:15:46+00:00","mainEntityOfPage":{"@id":"https:\/\/fuentesfidedignas.com.mx\/index.php\/2025\/11\/06\/concluye-comision-de-fiscalizacion-revision-de-cuentas-publicas-aprueba-las-del-ejecutivo-legislativo-y-judicial\/"},"wordCount":437,"publisher":{"@id":"https:\/\/fuentesfidedignas.com.mx\/#organization"},"image":{"@id":"https:\/\/fuentesfidedignas.com.mx\/index.php\/2025\/11\/06\/concluye-comision-de-fiscalizacion-revision-de-cuentas-publicas-aprueba-las-del-ejecutivo-legislativo-y-judicial\/#primaryimage"},"thumbnailUrl":"https:\/\/fuentesfidedignas.com.mx\/wp-content\/uploads\/2025\/11\/8084f2b9-d52d-46c3-919c-e3aa3e791d18-1.jpg","articleSection":["NOTICIAS LOCALES"],"inLanguage":"es"},{"@type":"WebPage","@id":"https:\/\/fuentesfidedignas.com.mx\/index.php\/2025\/11\/06\/concluye-comision-de-fiscalizacion-revision-de-cuentas-publicas-aprueba-las-del-ejecutivo-legislativo-y-judicial\/","url":"https:\/\/fuentesfidedignas.com.mx\/index.php\/2025\/11\/06\/concluye-comision-de-fiscalizacion-revision-de-cuentas-publicas-aprueba-las-del-ejecutivo-legislativo-y-judicial\/","name":"Concluye Comisi\u00f3n de Fiscalizaci\u00f3n revisi\u00f3n de Cuentas P\u00fablicas; aprueba las del Ejecutivo, Legislativo y Judicial - Fuentes Fidedignas","isPartOf":{"@id":"https:\/\/fuentesfidedignas.com.mx\/#website"},"primaryImageOfPage":{"@id":"https:\/\/fuentesfidedignas.com.mx\/index.php\/2025\/11\/06\/concluye-comision-de-fiscalizacion-revision-de-cuentas-publicas-aprueba-las-del-ejecutivo-legislativo-y-judicial\/#primaryimage"},"image":{"@id":"https:\/\/fuentesfidedignas.com.mx\/index.php\/2025\/11\/06\/concluye-comision-de-fiscalizacion-revision-de-cuentas-publicas-aprueba-las-del-ejecutivo-legislativo-y-judicial\/#primaryimage"},"thumbnailUrl":"https:\/\/fuentesfidedignas.com.mx\/wp-content\/uploads\/2025\/11\/8084f2b9-d52d-46c3-919c-e3aa3e791d18-1.jpg","datePublished":"2025-11-07T00:15:46+00:00","breadcrumb":{"@id":"https:\/\/fuentesfidedignas.com.mx\/index.php\/2025\/11\/06\/concluye-comision-de-fiscalizacion-revision-de-cuentas-publicas-aprueba-las-del-ejecutivo-legislativo-y-judicial\/#breadcrumb"},"inLanguage":"es","potentialAction":[{"@type":"ReadAction","target":["https:\/\/fuentesfidedignas.com.mx\/index.php\/2025\/11\/06\/concluye-comision-de-fiscalizacion-revision-de-cuentas-publicas-aprueba-las-del-ejecutivo-legislativo-y-judicial\/"]}]},{"@type":"ImageObject","inLanguage":"es","@id":"https:\/\/fuentesfidedignas.com.mx\/index.php\/2025\/11\/06\/concluye-comision-de-fiscalizacion-revision-de-cuentas-publicas-aprueba-las-del-ejecutivo-legislativo-y-judicial\/#primaryimage","url":"https:\/\/fuentesfidedignas.com.mx\/wp-content\/uploads\/2025\/11\/8084f2b9-d52d-46c3-919c-e3aa3e791d18-1.jpg","contentUrl":"https:\/\/fuentesfidedignas.com.mx\/wp-content\/uploads\/2025\/11\/8084f2b9-d52d-46c3-919c-e3aa3e791d18-1.jpg","width":1600,"height":1080},{"@type":"BreadcrumbList","@id":"https:\/\/fuentesfidedignas.com.mx\/index.php\/2025\/11\/06\/concluye-comision-de-fiscalizacion-revision-de-cuentas-publicas-aprueba-las-del-ejecutivo-legislativo-y-judicial\/#breadcrumb","itemListElement":[{"@type":"ListItem","position":1,"name":"Inicio","item":"https:\/\/fuentesfidedignas.com.mx\/"},{"@type":"ListItem","position":2,"name":"Concluye Comisi\u00f3n de Fiscalizaci\u00f3n revisi\u00f3n de Cuentas P\u00fablicas; aprueba las del Ejecutivo, Legislativo y Judicial"}]},{"@type":"WebSite","@id":"https:\/\/fuentesfidedignas.com.mx\/#website","url":"https:\/\/fuentesfidedignas.com.mx\/","name":"Fuentes Fidedignas","description":"Otro sitio realizado con WordPress","publisher":{"@id":"https:\/\/fuentesfidedignas.com.mx\/#organization"},"potentialAction":[{"@type":"SearchAction","target":{"@type":"EntryPoint","urlTemplate":"https:\/\/fuentesfidedignas.com.mx\/?s={search_term_string}"},"query-input":{"@type":"PropertyValueSpecification","valueRequired":true,"valueName":"search_term_string"}}],"inLanguage":"es"},{"@type":"Organization","@id":"https:\/\/fuentesfidedignas.com.mx\/#organization","name":"Fuentes Fidedignas","url":"https:\/\/fuentesfidedignas.com.mx\/","logo":{"@type":"ImageObject","inLanguage":"es","@id":"https:\/\/fuentesfidedignas.com.mx\/#\/schema\/logo\/image\/","url":"https:\/\/fuentesfidedignas.com.mx\/wp-content\/uploads\/2021\/04\/logo-retina.png","contentUrl":"https:\/\/fuentesfidedignas.com.mx\/wp-content\/uploads\/2021\/04\/logo-retina.png","width":280,"height":51,"caption":"Fuentes Fidedignas"},"image":{"@id":"https:\/\/fuentesfidedignas.com.mx\/#\/schema\/logo\/image\/"},"sameAs":["https:\/\/www.facebook.com\/Fuentes-Fidedignas-368234489921644","https:\/\/x.com\/fidedignas"]},{"@type":"Person","@id":"https:\/\/fuentesfidedignas.com.mx\/#\/schema\/person\/331be9283d37198e2acd5750279085b0","name":"Redacci\u00f3n","image":{"@type":"ImageObject","inLanguage":"es","@id":"https:\/\/secure.gravatar.com\/avatar\/f6d8782c11d12b2d4ad3fbb6931aeab5309937a4d6cd2fc9cfaa28a6396a5aec?s=96&d=mm&r=g","url":"https:\/\/secure.gravatar.com\/avatar\/f6d8782c11d12b2d4ad3fbb6931aeab5309937a4d6cd2fc9cfaa28a6396a5aec?s=96&d=mm&r=g","contentUrl":"https:\/\/secure.gravatar.com\/avatar\/f6d8782c11d12b2d4ad3fbb6931aeab5309937a4d6cd2fc9cfaa28a6396a5aec?s=96&d=mm&r=g","caption":"Redacci\u00f3n"},"url":"https:\/\/fuentesfidedignas.com.mx\/index.php\/author\/redaccion\/"}]}},"_links":{"self":[{"href":"https:\/\/fuentesfidedignas.com.mx\/index.php\/wp-json\/wp\/v2\/posts\/121069","targetHints":{"allow":["GET"]}}],"collection":[{"href":"https:\/\/fuentesfidedignas.com.mx\/index.php\/wp-json\/wp\/v2\/posts"}],"about":[{"href":"https:\/\/fuentesfidedignas.com.mx\/index.php\/wp-json\/wp\/v2\/types\/post"}],"author":[{"embeddable":true,"href":"https:\/\/fuentesfidedignas.com.mx\/index.php\/wp-json\/wp\/v2\/users\/4"}],"replies":[{"embeddable":true,"href":"https:\/\/fuentesfidedignas.com.mx\/index.php\/wp-json\/wp\/v2\/comments?post=121069"}],"version-history":[{"count":1,"href":"https:\/\/fuentesfidedignas.com.mx\/index.php\/wp-json\/wp\/v2\/posts\/121069\/revisions"}],"predecessor-version":[{"id":121070,"href":"https:\/\/fuentesfidedignas.com.mx\/index.php\/wp-json\/wp\/v2\/posts\/121069\/revisions\/121070"}],"wp:featuredmedia":[{"embeddable":true,"href":"https:\/\/fuentesfidedignas.com.mx\/index.php\/wp-json\/wp\/v2\/media\/121068"}],"wp:attachment":[{"href":"https:\/\/fuentesfidedignas.com.mx\/index.php\/wp-json\/wp\/v2\/media?parent=121069"}],"wp:term":[{"taxonomy":"category","embeddable":true,"href":"https:\/\/fuentesfidedignas.com.mx\/index.php\/wp-json\/wp\/v2\/categories?post=121069"},{"taxonomy":"post_tag","embeddable":true,"href":"https:\/\/fuentesfidedignas.com.mx\/index.php\/wp-json\/wp\/v2\/tags?post=121069"}],"curies":[{"name":"wp","href":"https:\/\/api.w.org\/{rel}","templated":true}]}}