{"id":121003,"date":"2025-11-07T04:38:00","date_gmt":"2025-11-07T11:38:00","guid":{"rendered":"https:\/\/fuentesfidedignas.com.mx\/?p=121003"},"modified":"2025-11-05T18:50:05","modified_gmt":"2025-11-06T01:50:05","slug":"hijo-de-empresario-tequilero-insulta-a-productores-de-maiz-en-jalisco","status":"publish","type":"post","link":"https:\/\/fuentesfidedignas.com.mx\/index.php\/2025\/11\/07\/hijo-de-empresario-tequilero-insulta-a-productores-de-maiz-en-jalisco\/","title":{"rendered":"Hijo de empresario tequilero insulta a productores de ma\u00edz en Jalisco"},"content":{"rendered":"\n<p><br><em><strong>El hijo de un empresario tequilero insult\u00f3 a productores de ma\u00edz en Jalisco; tras la pol\u00e9mica, su padre ofreci\u00f3 disculpas p\u00fablicas al campesinado mexicano.<\/strong><\/em><\/p>\n\n\n\n<p>La tensi\u00f3n por los\u00a0bloqueos realizados por productores de ma\u00edz en\u00a0<strong>Jalisco<\/strong>\u00a0aument\u00f3 luego de que un video se hiciera viral en redes sociales, mostrando al hijo de un empresario tequilero lanzando\u00a0insultos y comentarios clasistas\u00a0hacia los manifestantes que<strong>\u00a0exig\u00edan precios justos para su cosecha.<\/strong><\/p>\n\n\n\n<figure class=\"wp-block-embed is-type-video is-provider-tiktok wp-block-embed-tiktok\"><div class=\"wp-block-embed__wrapper\">\n<blockquote class=\"tiktok-embed\" cite=\"https:\/\/www.tiktok.com\/@candresperedo\/video\/7567828976719252744\" data-video-id=\"7567828976719252744\" data-embed-from=\"oembed\" style=\"max-width:605px; min-width:325px;\"> <section> <a target=\"_blank\" title=\"@candresperedo\" href=\"https:\/\/www.tiktok.com\/@candresperedo?refer=embed\">@candresperedo<\/a> <p>Empresario funado por v\u00eddeo viral! \u2018Pobres morir\u00e1n\u2019! Hijo del propietario de Tequila Tres Mujeres, haciendo comentarios clasistas hacia agricultores durante bloqueos! La marca emiti\u00f3 un comunicado firmado por su padre, Jes\u00fas Partida Mel\u00e9ndrez, en el que ofrece disculpas p\u00fablicas! La pol\u00e9mica ha generado llamados al boicot contra Tequila Tres Mujeres! <a title=\"empresario\" target=\"_blank\" href=\"https:\/\/www.tiktok.com\/tag\/empresario?refer=embed\">#Empresario<\/a> <a title=\"tequila3mujeres\" target=\"_blank\" href=\"https:\/\/www.tiktok.com\/tag\/tequila3mujeres?refer=embed\">#Tequila3Mujeres<\/a> <a title=\"noticias\" target=\"_blank\" href=\"https:\/\/www.tiktok.com\/tag\/noticias?refer=embed\">#Noticias<\/a><\/p> <a target=\"_blank\" title=\"\u266c sonido original - Candr\u00e9s Peredo\" href=\"https:\/\/www.tiktok.com\/music\/sonido-original-7567829089374980872?refer=embed\">\u266c sonido original &#8211; Candr\u00e9s Peredo<\/a> <\/section> <\/blockquote> <script async src=\"https:\/\/www.tiktok.com\/embed.js\"><\/script>\n<\/div><\/figure>\n\n\n\n<p>El clip fue publicado por&nbsp;Pablo Partida, identificado como hijo de&nbsp;<strong>Jes\u00fas Partida Mel\u00e9ndrez,<\/strong>&nbsp;due\u00f1o de la reconocida&nbsp;<strong>marca&nbsp;Tequila Tres Mujeres.<\/strong>&nbsp;En la grabaci\u00f3n, el joven critica duramente las protestas de los agricultores que bloquearon diversas carreteras federales como forma de presi\u00f3n para exigir apoyo gubernamental.<\/p>\n\n\n\n<blockquote class=\"wp-block-quote is-layout-flow wp-block-quote-is-layout-flow\">\n<p>\u201cEs inaceptable verdaderamente la situaci\u00f3n del paro de los agricultores&#8230;&nbsp;si no les funciona ese rubro, c\u00e1mbienle. Me da coraje tanta pobreza, pero no la monetaria, esa va y viene, la pobreza mental\u201d, dijo el joven, mientras justificaba que las manifestaciones podr\u00edan obstaculizar el paso de ambulancias o veh\u00edculos de emergencia.<\/p>\n<\/blockquote>\n\n\n\n<p>Su mensaje culmina con una frase que gener\u00f3 a\u00fan m\u00e1s indignaci\u00f3n:<\/p>\n\n\n\n<blockquote class=\"wp-block-quote is-layout-flow wp-block-quote-is-layout-flow\">\n<p>\u201cNo, no, qu\u00e9 b\u00e1rbaros, pobres, nacieron y pobres morir\u00e1n\u201d.<\/p>\n<\/blockquote>\n\n\n\n<h2 class=\"wp-block-heading\"><strong>Indignaci\u00f3n y cr\u00edticas en redes sociales<\/strong><\/h2>\n\n\n\n<p>El video desat\u00f3 una&nbsp;ola de cr\u00edticas en redes, donde usuarios acusaron al&nbsp;<strong>joven de exhibir&nbsp;clasismo e insensibilidad frente&nbsp;<\/strong>a las condiciones del campo mexicano. Diversos comentarios se\u00f1alaron la<strong>&nbsp;\u201cdesconexi\u00f3n de la \u00e9lite empresarial\u201d&nbsp;<\/strong>respecto a la realidad de los agricultores, quienes trabajan bajo condiciones precarias y enfrentan aumentos constantes en los costos de producci\u00f3n sin recibir una retribuci\u00f3n justa.<\/p>\n","protected":false},"excerpt":{"rendered":"<p>El hijo de un empresario tequilero insult\u00f3 a productores de ma\u00edz en Jalisco; tras la pol\u00e9mica, su padre ofreci\u00f3 disculpas p\u00fablicas al campesinado mexicano. La tensi\u00f3n por los\u00a0bloqueos realizados por productores de ma\u00edz en\u00a0Jalisco\u00a0aument\u00f3 luego de que un video se hiciera viral en redes sociales, mostrando al hijo de un empresario tequilero lanzando\u00a0insultos y comentarios [&hellip;]<\/p>\n","protected":false},"author":7,"featured_media":121004,"comment_status":"open","ping_status":"open","sticky":false,"template":"","format":"standard","meta":{"tdm_status":"","tdm_grid_status":"","footnotes":""},"categories":[40],"tags":[],"class_list":{"0":"post-121003","1":"post","2":"type-post","3":"status-publish","4":"format-standard","5":"has-post-thumbnail","7":"category-las-asombrosas"},"yoast_head":"<!-- This site is optimized with the Yoast SEO plugin v27.5 - https:\/\/yoast.com\/product\/yoast-seo-wordpress\/ -->\n<title>Hijo de empresario tequilero insulta a productores de ma\u00edz en Jalisco - Fuentes Fidedignas<\/title>\n<meta name=\"robots\" content=\"index, follow, max-snippet:-1, max-image-preview:large, max-video-preview:-1\" \/>\n<link rel=\"canonical\" href=\"https:\/\/fuentesfidedignas.com.mx\/index.php\/2025\/11\/07\/hijo-de-empresario-tequilero-insulta-a-productores-de-maiz-en-jalisco\/\" \/>\n<meta property=\"og:locale\" content=\"es_MX\" \/>\n<meta property=\"og:type\" content=\"article\" \/>\n<meta property=\"og:title\" content=\"Hijo de empresario tequilero insulta a productores de ma\u00edz en Jalisco - Fuentes Fidedignas\" \/>\n<meta property=\"og:description\" content=\"El hijo de un empresario tequilero insult\u00f3 a productores de ma\u00edz en Jalisco; tras la pol\u00e9mica, su padre ofreci\u00f3 disculpas p\u00fablicas al campesinado mexicano. La tensi\u00f3n por los\u00a0bloqueos realizados por productores de ma\u00edz en\u00a0Jalisco\u00a0aument\u00f3 luego de que un video se hiciera viral en redes sociales, mostrando al hijo de un empresario tequilero lanzando\u00a0insultos y comentarios [&hellip;]\" \/>\n<meta property=\"og:url\" content=\"https:\/\/fuentesfidedignas.com.mx\/index.php\/2025\/11\/07\/hijo-de-empresario-tequilero-insulta-a-productores-de-maiz-en-jalisco\/\" \/>\n<meta property=\"og:site_name\" content=\"Fuentes Fidedignas\" \/>\n<meta property=\"article:publisher\" content=\"https:\/\/www.facebook.com\/Fuentes-Fidedignas-368234489921644\" \/>\n<meta property=\"article:published_time\" content=\"2025-11-07T11:38:00+00:00\" \/>\n<meta property=\"og:image\" content=\"https:\/\/fuentesfidedignas.com.mx\/wp-content\/uploads\/2025\/11\/video-pobres-nacieron-y-pobres-moriran-hijo-de-tequilero-en-bloqueo-en-jalisco.jpg\" \/>\n\t<meta property=\"og:image:width\" content=\"1200\" \/>\n\t<meta property=\"og:image:height\" content=\"633\" \/>\n\t<meta property=\"og:image:type\" content=\"image\/jpeg\" \/>\n<meta name=\"author\" content=\"Exc\u00e9lsior\" \/>\n<meta name=\"twitter:card\" content=\"summary_large_image\" \/>\n<meta name=\"twitter:creator\" content=\"@fidedignas\" \/>\n<meta name=\"twitter:site\" content=\"@fidedignas\" \/>\n<meta name=\"twitter:label1\" content=\"Escrito por\" \/>\n\t<meta name=\"twitter:data1\" content=\"Exc\u00e9lsior\" \/>\n\t<meta name=\"twitter:label2\" content=\"Tiempo de lectura\" \/>\n\t<meta name=\"twitter:data2\" content=\"2 minutos\" \/>\n<script type=\"application\/ld+json\" class=\"yoast-schema-graph\">{\"@context\":\"https:\\\/\\\/schema.org\",\"@graph\":[{\"@type\":\"Article\",\"@id\":\"https:\\\/\\\/fuentesfidedignas.com.mx\\\/index.php\\\/2025\\\/11\\\/07\\\/hijo-de-empresario-tequilero-insulta-a-productores-de-maiz-en-jalisco\\\/#article\",\"isPartOf\":{\"@id\":\"https:\\\/\\\/fuentesfidedignas.com.mx\\\/index.php\\\/2025\\\/11\\\/07\\\/hijo-de-empresario-tequilero-insulta-a-productores-de-maiz-en-jalisco\\\/\"},\"author\":{\"name\":\"Exc\u00e9lsior\",\"@id\":\"https:\\\/\\\/fuentesfidedignas.com.mx\\\/#\\\/schema\\\/person\\\/ec4edd1fbf5efa3e44fce34fe2787780\"},\"headline\":\"Hijo de empresario tequilero insulta a productores de ma\u00edz en Jalisco\",\"datePublished\":\"2025-11-07T11:38:00+00:00\",\"mainEntityOfPage\":{\"@id\":\"https:\\\/\\\/fuentesfidedignas.com.mx\\\/index.php\\\/2025\\\/11\\\/07\\\/hijo-de-empresario-tequilero-insulta-a-productores-de-maiz-en-jalisco\\\/\"},\"wordCount\":313,\"commentCount\":0,\"publisher\":{\"@id\":\"https:\\\/\\\/fuentesfidedignas.com.mx\\\/#organization\"},\"image\":{\"@id\":\"https:\\\/\\\/fuentesfidedignas.com.mx\\\/index.php\\\/2025\\\/11\\\/07\\\/hijo-de-empresario-tequilero-insulta-a-productores-de-maiz-en-jalisco\\\/#primaryimage\"},\"thumbnailUrl\":\"https:\\\/\\\/fuentesfidedignas.com.mx\\\/wp-content\\\/uploads\\\/2025\\\/11\\\/video-pobres-nacieron-y-pobres-moriran-hijo-de-tequilero-en-bloqueo-en-jalisco.jpg\",\"articleSection\":[\"LAS ASOMBROSAS\"],\"inLanguage\":\"es\",\"potentialAction\":[{\"@type\":\"CommentAction\",\"name\":\"Comment\",\"target\":[\"https:\\\/\\\/fuentesfidedignas.com.mx\\\/index.php\\\/2025\\\/11\\\/07\\\/hijo-de-empresario-tequilero-insulta-a-productores-de-maiz-en-jalisco\\\/#respond\"]}]},{\"@type\":\"WebPage\",\"@id\":\"https:\\\/\\\/fuentesfidedignas.com.mx\\\/index.php\\\/2025\\\/11\\\/07\\\/hijo-de-empresario-tequilero-insulta-a-productores-de-maiz-en-jalisco\\\/\",\"url\":\"https:\\\/\\\/fuentesfidedignas.com.mx\\\/index.php\\\/2025\\\/11\\\/07\\\/hijo-de-empresario-tequilero-insulta-a-productores-de-maiz-en-jalisco\\\/\",\"name\":\"Hijo de empresario tequilero insulta a productores de ma\u00edz en Jalisco - Fuentes Fidedignas\",\"isPartOf\":{\"@id\":\"https:\\\/\\\/fuentesfidedignas.com.mx\\\/#website\"},\"primaryImageOfPage\":{\"@id\":\"https:\\\/\\\/fuentesfidedignas.com.mx\\\/index.php\\\/2025\\\/11\\\/07\\\/hijo-de-empresario-tequilero-insulta-a-productores-de-maiz-en-jalisco\\\/#primaryimage\"},\"image\":{\"@id\":\"https:\\\/\\\/fuentesfidedignas.com.mx\\\/index.php\\\/2025\\\/11\\\/07\\\/hijo-de-empresario-tequilero-insulta-a-productores-de-maiz-en-jalisco\\\/#primaryimage\"},\"thumbnailUrl\":\"https:\\\/\\\/fuentesfidedignas.com.mx\\\/wp-content\\\/uploads\\\/2025\\\/11\\\/video-pobres-nacieron-y-pobres-moriran-hijo-de-tequilero-en-bloqueo-en-jalisco.jpg\",\"datePublished\":\"2025-11-07T11:38:00+00:00\",\"breadcrumb\":{\"@id\":\"https:\\\/\\\/fuentesfidedignas.com.mx\\\/index.php\\\/2025\\\/11\\\/07\\\/hijo-de-empresario-tequilero-insulta-a-productores-de-maiz-en-jalisco\\\/#breadcrumb\"},\"inLanguage\":\"es\",\"potentialAction\":[{\"@type\":\"ReadAction\",\"target\":[\"https:\\\/\\\/fuentesfidedignas.com.mx\\\/index.php\\\/2025\\\/11\\\/07\\\/hijo-de-empresario-tequilero-insulta-a-productores-de-maiz-en-jalisco\\\/\"]}]},{\"@type\":\"ImageObject\",\"inLanguage\":\"es\",\"@id\":\"https:\\\/\\\/fuentesfidedignas.com.mx\\\/index.php\\\/2025\\\/11\\\/07\\\/hijo-de-empresario-tequilero-insulta-a-productores-de-maiz-en-jalisco\\\/#primaryimage\",\"url\":\"https:\\\/\\\/fuentesfidedignas.com.mx\\\/wp-content\\\/uploads\\\/2025\\\/11\\\/video-pobres-nacieron-y-pobres-moriran-hijo-de-tequilero-en-bloqueo-en-jalisco.jpg\",\"contentUrl\":\"https:\\\/\\\/fuentesfidedignas.com.mx\\\/wp-content\\\/uploads\\\/2025\\\/11\\\/video-pobres-nacieron-y-pobres-moriran-hijo-de-tequilero-en-bloqueo-en-jalisco.jpg\",\"width\":1200,\"height\":633},{\"@type\":\"BreadcrumbList\",\"@id\":\"https:\\\/\\\/fuentesfidedignas.com.mx\\\/index.php\\\/2025\\\/11\\\/07\\\/hijo-de-empresario-tequilero-insulta-a-productores-de-maiz-en-jalisco\\\/#breadcrumb\",\"itemListElement\":[{\"@type\":\"ListItem\",\"position\":1,\"name\":\"Inicio\",\"item\":\"https:\\\/\\\/fuentesfidedignas.com.mx\\\/\"},{\"@type\":\"ListItem\",\"position\":2,\"name\":\"Hijo de empresario tequilero insulta a productores de ma\u00edz en Jalisco\"}]},{\"@type\":\"WebSite\",\"@id\":\"https:\\\/\\\/fuentesfidedignas.com.mx\\\/#website\",\"url\":\"https:\\\/\\\/fuentesfidedignas.com.mx\\\/\",\"name\":\"Fuentes Fidedignas\",\"description\":\"Otro sitio realizado con WordPress\",\"publisher\":{\"@id\":\"https:\\\/\\\/fuentesfidedignas.com.mx\\\/#organization\"},\"potentialAction\":[{\"@type\":\"SearchAction\",\"target\":{\"@type\":\"EntryPoint\",\"urlTemplate\":\"https:\\\/\\\/fuentesfidedignas.com.mx\\\/?s={search_term_string}\"},\"query-input\":{\"@type\":\"PropertyValueSpecification\",\"valueRequired\":true,\"valueName\":\"search_term_string\"}}],\"inLanguage\":\"es\"},{\"@type\":\"Organization\",\"@id\":\"https:\\\/\\\/fuentesfidedignas.com.mx\\\/#organization\",\"name\":\"Fuentes Fidedignas\",\"url\":\"https:\\\/\\\/fuentesfidedignas.com.mx\\\/\",\"logo\":{\"@type\":\"ImageObject\",\"inLanguage\":\"es\",\"@id\":\"https:\\\/\\\/fuentesfidedignas.com.mx\\\/#\\\/schema\\\/logo\\\/image\\\/\",\"url\":\"https:\\\/\\\/fuentesfidedignas.com.mx\\\/wp-content\\\/uploads\\\/2021\\\/04\\\/logo-retina.png\",\"contentUrl\":\"https:\\\/\\\/fuentesfidedignas.com.mx\\\/wp-content\\\/uploads\\\/2021\\\/04\\\/logo-retina.png\",\"width\":280,\"height\":51,\"caption\":\"Fuentes Fidedignas\"},\"image\":{\"@id\":\"https:\\\/\\\/fuentesfidedignas.com.mx\\\/#\\\/schema\\\/logo\\\/image\\\/\"},\"sameAs\":[\"https:\\\/\\\/www.facebook.com\\\/Fuentes-Fidedignas-368234489921644\",\"https:\\\/\\\/x.com\\\/fidedignas\"]},{\"@type\":\"Person\",\"@id\":\"https:\\\/\\\/fuentesfidedignas.com.mx\\\/#\\\/schema\\\/person\\\/ec4edd1fbf5efa3e44fce34fe2787780\",\"name\":\"Exc\u00e9lsior\",\"image\":{\"@type\":\"ImageObject\",\"inLanguage\":\"es\",\"@id\":\"https:\\\/\\\/secure.gravatar.com\\\/avatar\\\/4b7ee9206b48be08447852b3f0814dbc7c0f3b51541b164f1464a2725614020b?s=96&d=mm&r=g\",\"url\":\"https:\\\/\\\/secure.gravatar.com\\\/avatar\\\/4b7ee9206b48be08447852b3f0814dbc7c0f3b51541b164f1464a2725614020b?s=96&d=mm&r=g\",\"contentUrl\":\"https:\\\/\\\/secure.gravatar.com\\\/avatar\\\/4b7ee9206b48be08447852b3f0814dbc7c0f3b51541b164f1464a2725614020b?s=96&d=mm&r=g\",\"caption\":\"Exc\u00e9lsior\"},\"url\":\"https:\\\/\\\/fuentesfidedignas.com.mx\\\/index.php\\\/author\\\/excelsior\\\/\"}]}<\/script>\n<!-- \/ Yoast SEO plugin. -->","yoast_head_json":{"title":"Hijo de empresario tequilero insulta a productores de ma\u00edz en Jalisco - Fuentes Fidedignas","robots":{"index":"index","follow":"follow","max-snippet":"max-snippet:-1","max-image-preview":"max-image-preview:large","max-video-preview":"max-video-preview:-1"},"canonical":"https:\/\/fuentesfidedignas.com.mx\/index.php\/2025\/11\/07\/hijo-de-empresario-tequilero-insulta-a-productores-de-maiz-en-jalisco\/","og_locale":"es_MX","og_type":"article","og_title":"Hijo de empresario tequilero insulta a productores de ma\u00edz en Jalisco - Fuentes Fidedignas","og_description":"El hijo de un empresario tequilero insult\u00f3 a productores de ma\u00edz en Jalisco; tras la pol\u00e9mica, su padre ofreci\u00f3 disculpas p\u00fablicas al campesinado mexicano. La tensi\u00f3n por los\u00a0bloqueos realizados por productores de ma\u00edz en\u00a0Jalisco\u00a0aument\u00f3 luego de que un video se hiciera viral en redes sociales, mostrando al hijo de un empresario tequilero lanzando\u00a0insultos y comentarios [&hellip;]","og_url":"https:\/\/fuentesfidedignas.com.mx\/index.php\/2025\/11\/07\/hijo-de-empresario-tequilero-insulta-a-productores-de-maiz-en-jalisco\/","og_site_name":"Fuentes Fidedignas","article_publisher":"https:\/\/www.facebook.com\/Fuentes-Fidedignas-368234489921644","article_published_time":"2025-11-07T11:38:00+00:00","og_image":[{"width":1200,"height":633,"url":"https:\/\/fuentesfidedignas.com.mx\/wp-content\/uploads\/2025\/11\/video-pobres-nacieron-y-pobres-moriran-hijo-de-tequilero-en-bloqueo-en-jalisco.jpg","type":"image\/jpeg"}],"author":"Exc\u00e9lsior","twitter_card":"summary_large_image","twitter_creator":"@fidedignas","twitter_site":"@fidedignas","twitter_misc":{"Escrito por":"Exc\u00e9lsior","Tiempo de lectura":"2 minutos"},"schema":{"@context":"https:\/\/schema.org","@graph":[{"@type":"Article","@id":"https:\/\/fuentesfidedignas.com.mx\/index.php\/2025\/11\/07\/hijo-de-empresario-tequilero-insulta-a-productores-de-maiz-en-jalisco\/#article","isPartOf":{"@id":"https:\/\/fuentesfidedignas.com.mx\/index.php\/2025\/11\/07\/hijo-de-empresario-tequilero-insulta-a-productores-de-maiz-en-jalisco\/"},"author":{"name":"Exc\u00e9lsior","@id":"https:\/\/fuentesfidedignas.com.mx\/#\/schema\/person\/ec4edd1fbf5efa3e44fce34fe2787780"},"headline":"Hijo de empresario tequilero insulta a productores de ma\u00edz en Jalisco","datePublished":"2025-11-07T11:38:00+00:00","mainEntityOfPage":{"@id":"https:\/\/fuentesfidedignas.com.mx\/index.php\/2025\/11\/07\/hijo-de-empresario-tequilero-insulta-a-productores-de-maiz-en-jalisco\/"},"wordCount":313,"commentCount":0,"publisher":{"@id":"https:\/\/fuentesfidedignas.com.mx\/#organization"},"image":{"@id":"https:\/\/fuentesfidedignas.com.mx\/index.php\/2025\/11\/07\/hijo-de-empresario-tequilero-insulta-a-productores-de-maiz-en-jalisco\/#primaryimage"},"thumbnailUrl":"https:\/\/fuentesfidedignas.com.mx\/wp-content\/uploads\/2025\/11\/video-pobres-nacieron-y-pobres-moriran-hijo-de-tequilero-en-bloqueo-en-jalisco.jpg","articleSection":["LAS ASOMBROSAS"],"inLanguage":"es","potentialAction":[{"@type":"CommentAction","name":"Comment","target":["https:\/\/fuentesfidedignas.com.mx\/index.php\/2025\/11\/07\/hijo-de-empresario-tequilero-insulta-a-productores-de-maiz-en-jalisco\/#respond"]}]},{"@type":"WebPage","@id":"https:\/\/fuentesfidedignas.com.mx\/index.php\/2025\/11\/07\/hijo-de-empresario-tequilero-insulta-a-productores-de-maiz-en-jalisco\/","url":"https:\/\/fuentesfidedignas.com.mx\/index.php\/2025\/11\/07\/hijo-de-empresario-tequilero-insulta-a-productores-de-maiz-en-jalisco\/","name":"Hijo de empresario tequilero insulta a productores de ma\u00edz en Jalisco - Fuentes Fidedignas","isPartOf":{"@id":"https:\/\/fuentesfidedignas.com.mx\/#website"},"primaryImageOfPage":{"@id":"https:\/\/fuentesfidedignas.com.mx\/index.php\/2025\/11\/07\/hijo-de-empresario-tequilero-insulta-a-productores-de-maiz-en-jalisco\/#primaryimage"},"image":{"@id":"https:\/\/fuentesfidedignas.com.mx\/index.php\/2025\/11\/07\/hijo-de-empresario-tequilero-insulta-a-productores-de-maiz-en-jalisco\/#primaryimage"},"thumbnailUrl":"https:\/\/fuentesfidedignas.com.mx\/wp-content\/uploads\/2025\/11\/video-pobres-nacieron-y-pobres-moriran-hijo-de-tequilero-en-bloqueo-en-jalisco.jpg","datePublished":"2025-11-07T11:38:00+00:00","breadcrumb":{"@id":"https:\/\/fuentesfidedignas.com.mx\/index.php\/2025\/11\/07\/hijo-de-empresario-tequilero-insulta-a-productores-de-maiz-en-jalisco\/#breadcrumb"},"inLanguage":"es","potentialAction":[{"@type":"ReadAction","target":["https:\/\/fuentesfidedignas.com.mx\/index.php\/2025\/11\/07\/hijo-de-empresario-tequilero-insulta-a-productores-de-maiz-en-jalisco\/"]}]},{"@type":"ImageObject","inLanguage":"es","@id":"https:\/\/fuentesfidedignas.com.mx\/index.php\/2025\/11\/07\/hijo-de-empresario-tequilero-insulta-a-productores-de-maiz-en-jalisco\/#primaryimage","url":"https:\/\/fuentesfidedignas.com.mx\/wp-content\/uploads\/2025\/11\/video-pobres-nacieron-y-pobres-moriran-hijo-de-tequilero-en-bloqueo-en-jalisco.jpg","contentUrl":"https:\/\/fuentesfidedignas.com.mx\/wp-content\/uploads\/2025\/11\/video-pobres-nacieron-y-pobres-moriran-hijo-de-tequilero-en-bloqueo-en-jalisco.jpg","width":1200,"height":633},{"@type":"BreadcrumbList","@id":"https:\/\/fuentesfidedignas.com.mx\/index.php\/2025\/11\/07\/hijo-de-empresario-tequilero-insulta-a-productores-de-maiz-en-jalisco\/#breadcrumb","itemListElement":[{"@type":"ListItem","position":1,"name":"Inicio","item":"https:\/\/fuentesfidedignas.com.mx\/"},{"@type":"ListItem","position":2,"name":"Hijo de empresario tequilero insulta a productores de ma\u00edz en Jalisco"}]},{"@type":"WebSite","@id":"https:\/\/fuentesfidedignas.com.mx\/#website","url":"https:\/\/fuentesfidedignas.com.mx\/","name":"Fuentes Fidedignas","description":"Otro sitio realizado con WordPress","publisher":{"@id":"https:\/\/fuentesfidedignas.com.mx\/#organization"},"potentialAction":[{"@type":"SearchAction","target":{"@type":"EntryPoint","urlTemplate":"https:\/\/fuentesfidedignas.com.mx\/?s={search_term_string}"},"query-input":{"@type":"PropertyValueSpecification","valueRequired":true,"valueName":"search_term_string"}}],"inLanguage":"es"},{"@type":"Organization","@id":"https:\/\/fuentesfidedignas.com.mx\/#organization","name":"Fuentes Fidedignas","url":"https:\/\/fuentesfidedignas.com.mx\/","logo":{"@type":"ImageObject","inLanguage":"es","@id":"https:\/\/fuentesfidedignas.com.mx\/#\/schema\/logo\/image\/","url":"https:\/\/fuentesfidedignas.com.mx\/wp-content\/uploads\/2021\/04\/logo-retina.png","contentUrl":"https:\/\/fuentesfidedignas.com.mx\/wp-content\/uploads\/2021\/04\/logo-retina.png","width":280,"height":51,"caption":"Fuentes Fidedignas"},"image":{"@id":"https:\/\/fuentesfidedignas.com.mx\/#\/schema\/logo\/image\/"},"sameAs":["https:\/\/www.facebook.com\/Fuentes-Fidedignas-368234489921644","https:\/\/x.com\/fidedignas"]},{"@type":"Person","@id":"https:\/\/fuentesfidedignas.com.mx\/#\/schema\/person\/ec4edd1fbf5efa3e44fce34fe2787780","name":"Exc\u00e9lsior","image":{"@type":"ImageObject","inLanguage":"es","@id":"https:\/\/secure.gravatar.com\/avatar\/4b7ee9206b48be08447852b3f0814dbc7c0f3b51541b164f1464a2725614020b?s=96&d=mm&r=g","url":"https:\/\/secure.gravatar.com\/avatar\/4b7ee9206b48be08447852b3f0814dbc7c0f3b51541b164f1464a2725614020b?s=96&d=mm&r=g","contentUrl":"https:\/\/secure.gravatar.com\/avatar\/4b7ee9206b48be08447852b3f0814dbc7c0f3b51541b164f1464a2725614020b?s=96&d=mm&r=g","caption":"Exc\u00e9lsior"},"url":"https:\/\/fuentesfidedignas.com.mx\/index.php\/author\/excelsior\/"}]}},"_links":{"self":[{"href":"https:\/\/fuentesfidedignas.com.mx\/index.php\/wp-json\/wp\/v2\/posts\/121003","targetHints":{"allow":["GET"]}}],"collection":[{"href":"https:\/\/fuentesfidedignas.com.mx\/index.php\/wp-json\/wp\/v2\/posts"}],"about":[{"href":"https:\/\/fuentesfidedignas.com.mx\/index.php\/wp-json\/wp\/v2\/types\/post"}],"author":[{"embeddable":true,"href":"https:\/\/fuentesfidedignas.com.mx\/index.php\/wp-json\/wp\/v2\/users\/7"}],"replies":[{"embeddable":true,"href":"https:\/\/fuentesfidedignas.com.mx\/index.php\/wp-json\/wp\/v2\/comments?post=121003"}],"version-history":[{"count":1,"href":"https:\/\/fuentesfidedignas.com.mx\/index.php\/wp-json\/wp\/v2\/posts\/121003\/revisions"}],"predecessor-version":[{"id":121005,"href":"https:\/\/fuentesfidedignas.com.mx\/index.php\/wp-json\/wp\/v2\/posts\/121003\/revisions\/121005"}],"wp:featuredmedia":[{"embeddable":true,"href":"https:\/\/fuentesfidedignas.com.mx\/index.php\/wp-json\/wp\/v2\/media\/121004"}],"wp:attachment":[{"href":"https:\/\/fuentesfidedignas.com.mx\/index.php\/wp-json\/wp\/v2\/media?parent=121003"}],"wp:term":[{"taxonomy":"category","embeddable":true,"href":"https:\/\/fuentesfidedignas.com.mx\/index.php\/wp-json\/wp\/v2\/categories?post=121003"},{"taxonomy":"post_tag","embeddable":true,"href":"https:\/\/fuentesfidedignas.com.mx\/index.php\/wp-json\/wp\/v2\/tags?post=121003"}],"curies":[{"name":"wp","href":"https:\/\/api.w.org\/{rel}","templated":true}]}}