{"id":120999,"date":"2025-11-06T02:25:00","date_gmt":"2025-11-06T09:25:00","guid":{"rendered":"https:\/\/fuentesfidedignas.com.mx\/?p=120999"},"modified":"2025-11-05T18:37:05","modified_gmt":"2025-11-06T01:37:05","slug":"se-derrumba-parte-de-una-torre-medieval-en-roma-video","status":"publish","type":"post","link":"https:\/\/fuentesfidedignas.com.mx\/index.php\/2025\/11\/06\/se-derrumba-parte-de-una-torre-medieval-en-roma-video\/","title":{"rendered":"Se derrumba parte de una torre medieval en Roma (VIDEO)"},"content":{"rendered":"\n<p><br><strong><em>Desde 2006, la torre no hab\u00eda sido utilizada ni mantenida, lo que llev\u00f3 a su degradaci\u00f3n interior y exterior, motivo por el cual se impuls\u00f3 un proyecto de restauraci\u00f3n<\/em><\/strong><\/p>\n\n\n\n<p>Una parte de la Torre dei Conti, construcci\u00f3n hist\u00f3rica medieval situada en el centro de Roma que se encontraba en obras para su restauraci\u00f3n, se derrumb\u00f3 este lunes.<\/p>\n\n\n\n<p>Tras el hecho, bomberos rescataron a cuatro de los operarios que quedaron atrapados, uno de ellos en estado grave, por lo que fue trasladado a un hospital de la capital. Otros tres, ilesos, fueron auxiliados tras quedar bloqueados en los andamios de apoyo de la torre, seg\u00fan los medios locales.<\/p>\n\n\n\n<p>Hasta el lugar se desplazaron tres equipos de bomberos con dos escaleras mec\u00e1nicas y unidades especiales.<\/p>\n\n\n\n<figure class=\"wp-block-embed is-type-rich is-provider-twitter wp-block-embed-twitter\"><div class=\"wp-block-embed__wrapper\">\n<blockquote class=\"twitter-tweet\" data-width=\"550\" data-dnt=\"true\"><p lang=\"es\" dir=\"ltr\">\ud83c\uddee\ud83c\uddf9 | Conmoci\u00f3n en Roma tras el derrumbe de una secci\u00f3n del emblem\u00e1tico monumento medieval Torre di Conti.<a href=\"https:\/\/t.co\/AYPqDOx4Ps\">pic.twitter.com\/AYPqDOx4Ps<\/a><\/p>&mdash; Alerta Mundial (@AlertaMundoNews) <a href=\"https:\/\/twitter.com\/AlertaMundoNews\/status\/1985369570362667311?ref_src=twsrc%5Etfw\">November 3, 2025<\/a><\/blockquote><script async src=\"https:\/\/platform.twitter.com\/widgets.js\" charset=\"utf-8\"><\/script>\n<\/div><\/figure>\n\n\n","protected":false},"excerpt":{"rendered":"<p>Desde 2006, la torre no hab\u00eda sido utilizada ni mantenida, lo que llev\u00f3 a su degradaci\u00f3n interior y exterior, motivo por el cual se impuls\u00f3 un proyecto de restauraci\u00f3n Una parte de la Torre dei Conti, construcci\u00f3n hist\u00f3rica medieval situada en el centro de Roma que se encontraba en obras para su restauraci\u00f3n, se derrumb\u00f3 [&hellip;]<\/p>\n","protected":false},"author":57,"featured_media":121000,"comment_status":"open","ping_status":"open","sticky":false,"template":"","format":"standard","meta":{"tdm_status":"","tdm_grid_status":"","footnotes":""},"categories":[40],"tags":[],"class_list":{"0":"post-120999","1":"post","2":"type-post","3":"status-publish","4":"format-standard","5":"has-post-thumbnail","7":"category-las-asombrosas"},"yoast_head":"<!-- This site is optimized with the Yoast SEO plugin v27.5 - https:\/\/yoast.com\/product\/yoast-seo-wordpress\/ -->\n<title>Se derrumba parte de una torre medieval en Roma (VIDEO) - Fuentes Fidedignas<\/title>\n<meta name=\"robots\" content=\"index, follow, max-snippet:-1, max-image-preview:large, max-video-preview:-1\" \/>\n<link rel=\"canonical\" href=\"https:\/\/fuentesfidedignas.com.mx\/index.php\/2025\/11\/06\/se-derrumba-parte-de-una-torre-medieval-en-roma-video\/\" \/>\n<meta property=\"og:locale\" content=\"es_MX\" \/>\n<meta property=\"og:type\" content=\"article\" \/>\n<meta property=\"og:title\" content=\"Se derrumba parte de una torre medieval en Roma (VIDEO) - Fuentes Fidedignas\" \/>\n<meta property=\"og:description\" content=\"Desde 2006, la torre no hab\u00eda sido utilizada ni mantenida, lo que llev\u00f3 a su degradaci\u00f3n interior y exterior, motivo por el cual se impuls\u00f3 un proyecto de restauraci\u00f3n Una parte de la Torre dei Conti, construcci\u00f3n hist\u00f3rica medieval situada en el centro de Roma que se encontraba en obras para su restauraci\u00f3n, se derrumb\u00f3 [&hellip;]\" \/>\n<meta property=\"og:url\" content=\"https:\/\/fuentesfidedignas.com.mx\/index.php\/2025\/11\/06\/se-derrumba-parte-de-una-torre-medieval-en-roma-video\/\" \/>\n<meta property=\"og:site_name\" content=\"Fuentes Fidedignas\" \/>\n<meta property=\"article:publisher\" content=\"https:\/\/www.facebook.com\/Fuentes-Fidedignas-368234489921644\" \/>\n<meta property=\"article:published_time\" content=\"2025-11-06T09:25:00+00:00\" \/>\n<meta property=\"og:image\" content=\"https:\/\/fuentesfidedignas.com.mx\/wp-content\/uploads\/2025\/11\/Captura-de-pantalla-46.jpg\" \/>\n\t<meta property=\"og:image:width\" content=\"750\" \/>\n\t<meta property=\"og:image:height\" content=\"466\" \/>\n\t<meta property=\"og:image:type\" content=\"image\/jpeg\" \/>\n<meta name=\"author\" content=\"Informador\" \/>\n<meta name=\"twitter:card\" content=\"summary_large_image\" \/>\n<meta name=\"twitter:creator\" content=\"@fidedignas\" \/>\n<meta name=\"twitter:site\" content=\"@fidedignas\" \/>\n<meta name=\"twitter:label1\" content=\"Escrito por\" \/>\n\t<meta name=\"twitter:data1\" content=\"Informador\" \/>\n\t<meta name=\"twitter:label2\" content=\"Tiempo de lectura\" \/>\n\t<meta name=\"twitter:data2\" content=\"1 minuto\" \/>\n<script type=\"application\/ld+json\" class=\"yoast-schema-graph\">{\"@context\":\"https:\\\/\\\/schema.org\",\"@graph\":[{\"@type\":\"Article\",\"@id\":\"https:\\\/\\\/fuentesfidedignas.com.mx\\\/index.php\\\/2025\\\/11\\\/06\\\/se-derrumba-parte-de-una-torre-medieval-en-roma-video\\\/#article\",\"isPartOf\":{\"@id\":\"https:\\\/\\\/fuentesfidedignas.com.mx\\\/index.php\\\/2025\\\/11\\\/06\\\/se-derrumba-parte-de-una-torre-medieval-en-roma-video\\\/\"},\"author\":{\"name\":\"Informador\",\"@id\":\"https:\\\/\\\/fuentesfidedignas.com.mx\\\/#\\\/schema\\\/person\\\/e8086b60a53aa35cbcec560401d45e4f\"},\"headline\":\"Se derrumba parte de una torre medieval en Roma (VIDEO)\",\"datePublished\":\"2025-11-06T09:25:00+00:00\",\"mainEntityOfPage\":{\"@id\":\"https:\\\/\\\/fuentesfidedignas.com.mx\\\/index.php\\\/2025\\\/11\\\/06\\\/se-derrumba-parte-de-una-torre-medieval-en-roma-video\\\/\"},\"wordCount\":179,\"commentCount\":0,\"publisher\":{\"@id\":\"https:\\\/\\\/fuentesfidedignas.com.mx\\\/#organization\"},\"image\":{\"@id\":\"https:\\\/\\\/fuentesfidedignas.com.mx\\\/index.php\\\/2025\\\/11\\\/06\\\/se-derrumba-parte-de-una-torre-medieval-en-roma-video\\\/#primaryimage\"},\"thumbnailUrl\":\"https:\\\/\\\/fuentesfidedignas.com.mx\\\/wp-content\\\/uploads\\\/2025\\\/11\\\/Captura-de-pantalla-46.jpg\",\"articleSection\":[\"LAS ASOMBROSAS\"],\"inLanguage\":\"es\",\"potentialAction\":[{\"@type\":\"CommentAction\",\"name\":\"Comment\",\"target\":[\"https:\\\/\\\/fuentesfidedignas.com.mx\\\/index.php\\\/2025\\\/11\\\/06\\\/se-derrumba-parte-de-una-torre-medieval-en-roma-video\\\/#respond\"]}]},{\"@type\":\"WebPage\",\"@id\":\"https:\\\/\\\/fuentesfidedignas.com.mx\\\/index.php\\\/2025\\\/11\\\/06\\\/se-derrumba-parte-de-una-torre-medieval-en-roma-video\\\/\",\"url\":\"https:\\\/\\\/fuentesfidedignas.com.mx\\\/index.php\\\/2025\\\/11\\\/06\\\/se-derrumba-parte-de-una-torre-medieval-en-roma-video\\\/\",\"name\":\"Se derrumba parte de una torre medieval en Roma (VIDEO) - Fuentes Fidedignas\",\"isPartOf\":{\"@id\":\"https:\\\/\\\/fuentesfidedignas.com.mx\\\/#website\"},\"primaryImageOfPage\":{\"@id\":\"https:\\\/\\\/fuentesfidedignas.com.mx\\\/index.php\\\/2025\\\/11\\\/06\\\/se-derrumba-parte-de-una-torre-medieval-en-roma-video\\\/#primaryimage\"},\"image\":{\"@id\":\"https:\\\/\\\/fuentesfidedignas.com.mx\\\/index.php\\\/2025\\\/11\\\/06\\\/se-derrumba-parte-de-una-torre-medieval-en-roma-video\\\/#primaryimage\"},\"thumbnailUrl\":\"https:\\\/\\\/fuentesfidedignas.com.mx\\\/wp-content\\\/uploads\\\/2025\\\/11\\\/Captura-de-pantalla-46.jpg\",\"datePublished\":\"2025-11-06T09:25:00+00:00\",\"breadcrumb\":{\"@id\":\"https:\\\/\\\/fuentesfidedignas.com.mx\\\/index.php\\\/2025\\\/11\\\/06\\\/se-derrumba-parte-de-una-torre-medieval-en-roma-video\\\/#breadcrumb\"},\"inLanguage\":\"es\",\"potentialAction\":[{\"@type\":\"ReadAction\",\"target\":[\"https:\\\/\\\/fuentesfidedignas.com.mx\\\/index.php\\\/2025\\\/11\\\/06\\\/se-derrumba-parte-de-una-torre-medieval-en-roma-video\\\/\"]}]},{\"@type\":\"ImageObject\",\"inLanguage\":\"es\",\"@id\":\"https:\\\/\\\/fuentesfidedignas.com.mx\\\/index.php\\\/2025\\\/11\\\/06\\\/se-derrumba-parte-de-una-torre-medieval-en-roma-video\\\/#primaryimage\",\"url\":\"https:\\\/\\\/fuentesfidedignas.com.mx\\\/wp-content\\\/uploads\\\/2025\\\/11\\\/Captura-de-pantalla-46.jpg\",\"contentUrl\":\"https:\\\/\\\/fuentesfidedignas.com.mx\\\/wp-content\\\/uploads\\\/2025\\\/11\\\/Captura-de-pantalla-46.jpg\",\"width\":750,\"height\":466},{\"@type\":\"BreadcrumbList\",\"@id\":\"https:\\\/\\\/fuentesfidedignas.com.mx\\\/index.php\\\/2025\\\/11\\\/06\\\/se-derrumba-parte-de-una-torre-medieval-en-roma-video\\\/#breadcrumb\",\"itemListElement\":[{\"@type\":\"ListItem\",\"position\":1,\"name\":\"Inicio\",\"item\":\"https:\\\/\\\/fuentesfidedignas.com.mx\\\/\"},{\"@type\":\"ListItem\",\"position\":2,\"name\":\"Se derrumba parte de una torre medieval en Roma (VIDEO)\"}]},{\"@type\":\"WebSite\",\"@id\":\"https:\\\/\\\/fuentesfidedignas.com.mx\\\/#website\",\"url\":\"https:\\\/\\\/fuentesfidedignas.com.mx\\\/\",\"name\":\"Fuentes Fidedignas\",\"description\":\"Otro sitio realizado con WordPress\",\"publisher\":{\"@id\":\"https:\\\/\\\/fuentesfidedignas.com.mx\\\/#organization\"},\"potentialAction\":[{\"@type\":\"SearchAction\",\"target\":{\"@type\":\"EntryPoint\",\"urlTemplate\":\"https:\\\/\\\/fuentesfidedignas.com.mx\\\/?s={search_term_string}\"},\"query-input\":{\"@type\":\"PropertyValueSpecification\",\"valueRequired\":true,\"valueName\":\"search_term_string\"}}],\"inLanguage\":\"es\"},{\"@type\":\"Organization\",\"@id\":\"https:\\\/\\\/fuentesfidedignas.com.mx\\\/#organization\",\"name\":\"Fuentes Fidedignas\",\"url\":\"https:\\\/\\\/fuentesfidedignas.com.mx\\\/\",\"logo\":{\"@type\":\"ImageObject\",\"inLanguage\":\"es\",\"@id\":\"https:\\\/\\\/fuentesfidedignas.com.mx\\\/#\\\/schema\\\/logo\\\/image\\\/\",\"url\":\"https:\\\/\\\/fuentesfidedignas.com.mx\\\/wp-content\\\/uploads\\\/2021\\\/04\\\/logo-retina.png\",\"contentUrl\":\"https:\\\/\\\/fuentesfidedignas.com.mx\\\/wp-content\\\/uploads\\\/2021\\\/04\\\/logo-retina.png\",\"width\":280,\"height\":51,\"caption\":\"Fuentes Fidedignas\"},\"image\":{\"@id\":\"https:\\\/\\\/fuentesfidedignas.com.mx\\\/#\\\/schema\\\/logo\\\/image\\\/\"},\"sameAs\":[\"https:\\\/\\\/www.facebook.com\\\/Fuentes-Fidedignas-368234489921644\",\"https:\\\/\\\/x.com\\\/fidedignas\"]},{\"@type\":\"Person\",\"@id\":\"https:\\\/\\\/fuentesfidedignas.com.mx\\\/#\\\/schema\\\/person\\\/e8086b60a53aa35cbcec560401d45e4f\",\"name\":\"Informador\",\"image\":{\"@type\":\"ImageObject\",\"inLanguage\":\"es\",\"@id\":\"https:\\\/\\\/secure.gravatar.com\\\/avatar\\\/5edeacb7d70fb8525dce3f53a2fb61c6e731826a7db7ae0fe142f08846968b35?s=96&d=mm&r=g\",\"url\":\"https:\\\/\\\/secure.gravatar.com\\\/avatar\\\/5edeacb7d70fb8525dce3f53a2fb61c6e731826a7db7ae0fe142f08846968b35?s=96&d=mm&r=g\",\"contentUrl\":\"https:\\\/\\\/secure.gravatar.com\\\/avatar\\\/5edeacb7d70fb8525dce3f53a2fb61c6e731826a7db7ae0fe142f08846968b35?s=96&d=mm&r=g\",\"caption\":\"Informador\"},\"url\":\"https:\\\/\\\/fuentesfidedignas.com.mx\\\/index.php\\\/author\\\/informador\\\/\"}]}<\/script>\n<!-- \/ Yoast SEO plugin. -->","yoast_head_json":{"title":"Se derrumba parte de una torre medieval en Roma (VIDEO) - Fuentes Fidedignas","robots":{"index":"index","follow":"follow","max-snippet":"max-snippet:-1","max-image-preview":"max-image-preview:large","max-video-preview":"max-video-preview:-1"},"canonical":"https:\/\/fuentesfidedignas.com.mx\/index.php\/2025\/11\/06\/se-derrumba-parte-de-una-torre-medieval-en-roma-video\/","og_locale":"es_MX","og_type":"article","og_title":"Se derrumba parte de una torre medieval en Roma (VIDEO) - Fuentes Fidedignas","og_description":"Desde 2006, la torre no hab\u00eda sido utilizada ni mantenida, lo que llev\u00f3 a su degradaci\u00f3n interior y exterior, motivo por el cual se impuls\u00f3 un proyecto de restauraci\u00f3n Una parte de la Torre dei Conti, construcci\u00f3n hist\u00f3rica medieval situada en el centro de Roma que se encontraba en obras para su restauraci\u00f3n, se derrumb\u00f3 [&hellip;]","og_url":"https:\/\/fuentesfidedignas.com.mx\/index.php\/2025\/11\/06\/se-derrumba-parte-de-una-torre-medieval-en-roma-video\/","og_site_name":"Fuentes Fidedignas","article_publisher":"https:\/\/www.facebook.com\/Fuentes-Fidedignas-368234489921644","article_published_time":"2025-11-06T09:25:00+00:00","og_image":[{"width":750,"height":466,"url":"https:\/\/fuentesfidedignas.com.mx\/wp-content\/uploads\/2025\/11\/Captura-de-pantalla-46.jpg","type":"image\/jpeg"}],"author":"Informador","twitter_card":"summary_large_image","twitter_creator":"@fidedignas","twitter_site":"@fidedignas","twitter_misc":{"Escrito por":"Informador","Tiempo de lectura":"1 minuto"},"schema":{"@context":"https:\/\/schema.org","@graph":[{"@type":"Article","@id":"https:\/\/fuentesfidedignas.com.mx\/index.php\/2025\/11\/06\/se-derrumba-parte-de-una-torre-medieval-en-roma-video\/#article","isPartOf":{"@id":"https:\/\/fuentesfidedignas.com.mx\/index.php\/2025\/11\/06\/se-derrumba-parte-de-una-torre-medieval-en-roma-video\/"},"author":{"name":"Informador","@id":"https:\/\/fuentesfidedignas.com.mx\/#\/schema\/person\/e8086b60a53aa35cbcec560401d45e4f"},"headline":"Se derrumba parte de una torre medieval en Roma (VIDEO)","datePublished":"2025-11-06T09:25:00+00:00","mainEntityOfPage":{"@id":"https:\/\/fuentesfidedignas.com.mx\/index.php\/2025\/11\/06\/se-derrumba-parte-de-una-torre-medieval-en-roma-video\/"},"wordCount":179,"commentCount":0,"publisher":{"@id":"https:\/\/fuentesfidedignas.com.mx\/#organization"},"image":{"@id":"https:\/\/fuentesfidedignas.com.mx\/index.php\/2025\/11\/06\/se-derrumba-parte-de-una-torre-medieval-en-roma-video\/#primaryimage"},"thumbnailUrl":"https:\/\/fuentesfidedignas.com.mx\/wp-content\/uploads\/2025\/11\/Captura-de-pantalla-46.jpg","articleSection":["LAS ASOMBROSAS"],"inLanguage":"es","potentialAction":[{"@type":"CommentAction","name":"Comment","target":["https:\/\/fuentesfidedignas.com.mx\/index.php\/2025\/11\/06\/se-derrumba-parte-de-una-torre-medieval-en-roma-video\/#respond"]}]},{"@type":"WebPage","@id":"https:\/\/fuentesfidedignas.com.mx\/index.php\/2025\/11\/06\/se-derrumba-parte-de-una-torre-medieval-en-roma-video\/","url":"https:\/\/fuentesfidedignas.com.mx\/index.php\/2025\/11\/06\/se-derrumba-parte-de-una-torre-medieval-en-roma-video\/","name":"Se derrumba parte de una torre medieval en Roma (VIDEO) - Fuentes Fidedignas","isPartOf":{"@id":"https:\/\/fuentesfidedignas.com.mx\/#website"},"primaryImageOfPage":{"@id":"https:\/\/fuentesfidedignas.com.mx\/index.php\/2025\/11\/06\/se-derrumba-parte-de-una-torre-medieval-en-roma-video\/#primaryimage"},"image":{"@id":"https:\/\/fuentesfidedignas.com.mx\/index.php\/2025\/11\/06\/se-derrumba-parte-de-una-torre-medieval-en-roma-video\/#primaryimage"},"thumbnailUrl":"https:\/\/fuentesfidedignas.com.mx\/wp-content\/uploads\/2025\/11\/Captura-de-pantalla-46.jpg","datePublished":"2025-11-06T09:25:00+00:00","breadcrumb":{"@id":"https:\/\/fuentesfidedignas.com.mx\/index.php\/2025\/11\/06\/se-derrumba-parte-de-una-torre-medieval-en-roma-video\/#breadcrumb"},"inLanguage":"es","potentialAction":[{"@type":"ReadAction","target":["https:\/\/fuentesfidedignas.com.mx\/index.php\/2025\/11\/06\/se-derrumba-parte-de-una-torre-medieval-en-roma-video\/"]}]},{"@type":"ImageObject","inLanguage":"es","@id":"https:\/\/fuentesfidedignas.com.mx\/index.php\/2025\/11\/06\/se-derrumba-parte-de-una-torre-medieval-en-roma-video\/#primaryimage","url":"https:\/\/fuentesfidedignas.com.mx\/wp-content\/uploads\/2025\/11\/Captura-de-pantalla-46.jpg","contentUrl":"https:\/\/fuentesfidedignas.com.mx\/wp-content\/uploads\/2025\/11\/Captura-de-pantalla-46.jpg","width":750,"height":466},{"@type":"BreadcrumbList","@id":"https:\/\/fuentesfidedignas.com.mx\/index.php\/2025\/11\/06\/se-derrumba-parte-de-una-torre-medieval-en-roma-video\/#breadcrumb","itemListElement":[{"@type":"ListItem","position":1,"name":"Inicio","item":"https:\/\/fuentesfidedignas.com.mx\/"},{"@type":"ListItem","position":2,"name":"Se derrumba parte de una torre medieval en Roma (VIDEO)"}]},{"@type":"WebSite","@id":"https:\/\/fuentesfidedignas.com.mx\/#website","url":"https:\/\/fuentesfidedignas.com.mx\/","name":"Fuentes Fidedignas","description":"Otro sitio realizado con WordPress","publisher":{"@id":"https:\/\/fuentesfidedignas.com.mx\/#organization"},"potentialAction":[{"@type":"SearchAction","target":{"@type":"EntryPoint","urlTemplate":"https:\/\/fuentesfidedignas.com.mx\/?s={search_term_string}"},"query-input":{"@type":"PropertyValueSpecification","valueRequired":true,"valueName":"search_term_string"}}],"inLanguage":"es"},{"@type":"Organization","@id":"https:\/\/fuentesfidedignas.com.mx\/#organization","name":"Fuentes Fidedignas","url":"https:\/\/fuentesfidedignas.com.mx\/","logo":{"@type":"ImageObject","inLanguage":"es","@id":"https:\/\/fuentesfidedignas.com.mx\/#\/schema\/logo\/image\/","url":"https:\/\/fuentesfidedignas.com.mx\/wp-content\/uploads\/2021\/04\/logo-retina.png","contentUrl":"https:\/\/fuentesfidedignas.com.mx\/wp-content\/uploads\/2021\/04\/logo-retina.png","width":280,"height":51,"caption":"Fuentes Fidedignas"},"image":{"@id":"https:\/\/fuentesfidedignas.com.mx\/#\/schema\/logo\/image\/"},"sameAs":["https:\/\/www.facebook.com\/Fuentes-Fidedignas-368234489921644","https:\/\/x.com\/fidedignas"]},{"@type":"Person","@id":"https:\/\/fuentesfidedignas.com.mx\/#\/schema\/person\/e8086b60a53aa35cbcec560401d45e4f","name":"Informador","image":{"@type":"ImageObject","inLanguage":"es","@id":"https:\/\/secure.gravatar.com\/avatar\/5edeacb7d70fb8525dce3f53a2fb61c6e731826a7db7ae0fe142f08846968b35?s=96&d=mm&r=g","url":"https:\/\/secure.gravatar.com\/avatar\/5edeacb7d70fb8525dce3f53a2fb61c6e731826a7db7ae0fe142f08846968b35?s=96&d=mm&r=g","contentUrl":"https:\/\/secure.gravatar.com\/avatar\/5edeacb7d70fb8525dce3f53a2fb61c6e731826a7db7ae0fe142f08846968b35?s=96&d=mm&r=g","caption":"Informador"},"url":"https:\/\/fuentesfidedignas.com.mx\/index.php\/author\/informador\/"}]}},"_links":{"self":[{"href":"https:\/\/fuentesfidedignas.com.mx\/index.php\/wp-json\/wp\/v2\/posts\/120999","targetHints":{"allow":["GET"]}}],"collection":[{"href":"https:\/\/fuentesfidedignas.com.mx\/index.php\/wp-json\/wp\/v2\/posts"}],"about":[{"href":"https:\/\/fuentesfidedignas.com.mx\/index.php\/wp-json\/wp\/v2\/types\/post"}],"author":[{"embeddable":true,"href":"https:\/\/fuentesfidedignas.com.mx\/index.php\/wp-json\/wp\/v2\/users\/57"}],"replies":[{"embeddable":true,"href":"https:\/\/fuentesfidedignas.com.mx\/index.php\/wp-json\/wp\/v2\/comments?post=120999"}],"version-history":[{"count":1,"href":"https:\/\/fuentesfidedignas.com.mx\/index.php\/wp-json\/wp\/v2\/posts\/120999\/revisions"}],"predecessor-version":[{"id":121001,"href":"https:\/\/fuentesfidedignas.com.mx\/index.php\/wp-json\/wp\/v2\/posts\/120999\/revisions\/121001"}],"wp:featuredmedia":[{"embeddable":true,"href":"https:\/\/fuentesfidedignas.com.mx\/index.php\/wp-json\/wp\/v2\/media\/121000"}],"wp:attachment":[{"href":"https:\/\/fuentesfidedignas.com.mx\/index.php\/wp-json\/wp\/v2\/media?parent=120999"}],"wp:term":[{"taxonomy":"category","embeddable":true,"href":"https:\/\/fuentesfidedignas.com.mx\/index.php\/wp-json\/wp\/v2\/categories?post=120999"},{"taxonomy":"post_tag","embeddable":true,"href":"https:\/\/fuentesfidedignas.com.mx\/index.php\/wp-json\/wp\/v2\/tags?post=120999"}],"curies":[{"name":"wp","href":"https:\/\/api.w.org\/{rel}","templated":true}]}}